{"id":4273,"date":"2021-06-13T15:54:23","date_gmt":"2021-06-13T15:54:23","guid":{"rendered":"https:\/\/la-presse-anarchiste.net\/index.php\/2021\/06\/13\/la-vitrine-du-libraire\/"},"modified":"2021-06-13T15:54:23","modified_gmt":"2021-06-13T15:54:23","slug":"la-vitrine-du-libraire","status":"publish","type":"post","link":"https:\/\/la-presse-anarchiste.net\/index.php\/2021\/06\/13\/la-vitrine-du-libraire\/","title":{"rendered":"La vitrine du libraire"},"content":{"rendered":"<div class=\"pdfprnt-buttons pdfprnt-buttons-post pdfprnt-top-right\"><a href=\"https:\/\/la-presse-anarchiste.net\/index.php\/wp-json\/wp\/v2\/posts\/4273?print=pdf\" class=\"pdfprnt-button pdfprnt-button-pdf\" target=\"_blank\"><img decoding=\"async\" src=\"https:\/\/la-presse-anarchiste.net\/wp-content\/plugins\/pdf-print\/images\/pdf.png\" alt=\"image_pdf\" title=\"Afficher le PDF\"><\/a><a href=\"https:\/\/la-presse-anarchiste.net\/index.php\/wp-json\/wp\/v2\/posts\/4273?print=print\" class=\"pdfprnt-button pdfprnt-button-print\" target=\"_blank\"><img decoding=\"async\" src=\"https:\/\/la-presse-anarchiste.net\/wp-content\/plugins\/pdf-print\/images\/print.png\" alt=\"image_print\" title=\"Contenu imprim\u00e9\"><\/a><\/div><div align=\"justify\">\n<p><sc>Le Petit Lion<\/sc> par <i>Jacques Pr\u00e9\u00advert<\/i> (pho\u00adtos d\u2019Yl\u00adla).\u200a\u2014\u200aNous avons tous consta\u00adt\u00e9, d\u2019une fa\u00e7on g\u00e9n\u00e9\u00adrale, que les livres \u00e9crits et illus\u00adtr\u00e9s \u00e0 l\u2019in\u00adten\u00adtion des petits se sp\u00e9\u00adcia\u00adlisent dans le genre affli\u00adgeant. Pour une fois, avec <i>Le petit Lion<\/i>, nous voi\u00adl\u00e0 loin du bla-bla-bla habi\u00adtuel et des le\u00e7ons de morale \u00e0 peine voi\u00adl\u00e9es. Le petit lion a quit\u00adt\u00e9 sa cage. Il s\u2019est \u00e9va\u00add\u00e9 pour conna\u00eetre la jungle. Il s\u2019\u00e9\u00adgare chez les hommes\u2026 et chez les b\u00eates, qui vivent avec. Voi\u00adl\u00e0 une aven\u00adture peu banale pour un petit lion. Tout rentre dans l\u2019ordre, d\u2019ailleurs, pour finir. Par la faute des hommes. Je vous recom\u00admande ce livre si vous avez un cadeau \u00e0 faire \u00e0 un enfant qui com\u00admence \u00e0 lire. Et ne soyez pas sur\u00adpris si vous-m\u00eame go\u00fb\u00adtez un plai\u00adsir r\u00e9el \u00e0 sa lec\u00adture. Un peu cher, peut-\u00eatre, mais au prix actuel de l\u2019im\u00adpres\u00adsion, com\u00adment un \u00e9di\u00adteur peut-il s\u2019en tirer s\u2019il ne veut pas l\u00e9si\u00adner sur la qua\u00adli\u00adt\u00e9 r\u00e9unie du texte, des pho\u00adto\u00adgra\u00adphies et du papier.<\/p>\n<p><sc>La faillite de la guerre<\/sc>, par <i>R. Fro\u00adger-Dou\u00adde\u00adment<\/i>.\u200a\u2014\u200aLes temps actuels ne sont pas favo\u00adrables \u00e0 la dif\u00adfu\u00adsion de la pen\u00ads\u00e9e ind\u00e9\u00adpen\u00addante. L\u2019i\u00adnexo\u00adrable hausse des prix, la poli\u00adtique gou\u00adver\u00adne\u00admen\u00adtale du papier cher ont r\u00e9duit \u00e0 une cen\u00adtaine de pages un ouvrage qui f\u00fbt plus copieux \u00e0 une \u00e9poque plus favo\u00adrable. Tel quel, il ne manque pas d\u2019in\u00adt\u00e9\u00adr\u00eat. \u00ab&nbsp;La guerre se dresse sur le men\u00adsonge&nbsp;\u00bb, \u00e9crit Le Foyer d\u00e8s la pre\u00admi\u00e8re ligne de sa pr\u00e9\u00adface. Le fait est d\u00e9mon\u00adtr\u00e9 tout au long du livre. Men\u00adsonge th\u00e9o\u00adlo\u00adgique, men\u00adsonge poli\u00adtique, men\u00adsonge \u00e9co\u00adno\u00admique, men\u00adsonge bio\u00adlo\u00adgique, men\u00adsonge patrio\u00adtique, men\u00adsonge moral, les hommes n\u2019ont rien omis pour jus\u00adti\u00adfier leur infer\u00adnal d\u00e9sir de faire la guerre ou leur l\u00e2che\u00adt\u00e9 de la subir. Paci\u00adfistes, pro\u00adcu\u00adrez-vous ce livre&nbsp;; il vous sera utile, vous ne le regret\u00adte\u00adrez&nbsp;pas.<\/p>\n<p><sc>Le fleuve<\/sc>, par <i>Hen\u00adri Fros\u00adsard<\/i>.\u200a\u2014\u200aL\u2019au\u00adteur est l\u2019un des ani\u00adma\u00adteurs du p\u00e9rio\u00addique lit\u00adt\u00e9\u00adraire et social <i>Fau\u00adbourgs 52<\/i>. C\u2019est d\u00e9j\u00e0, l\u00e0, indi\u00adquer ses ten\u00addances et son savoir-\u00e9crire. Dans le <i>Fleuve<\/i>, c\u2019est un gamin qui voit arri\u00adver dans le bourg o\u00f9 demeurent ses parents une tante un peu fan\u00adtasque qui lui r\u00e9v\u00e8le un \u00ab&nbsp;monde \u00e9trange&nbsp;\u00bb vivant \u00e0 Val\u00admort, vil\u00adlage proche d\u2019o\u00f9 elle vient. L\u2019i\u00adma\u00adgi\u00adna\u00adtion juv\u00e9\u00adnile aidant, il le d\u00e9couvre au cours de vacances mou\u00adve\u00admen\u00adt\u00e9es. Ce roman est atta\u00adchant autant que curieux. Ses per\u00adson\u00adnages bien cam\u00adp\u00e9s. Un drame rus\u00adtique en somme, trai\u00adt\u00e9 d\u2019une fa\u00e7on tr\u00e8s per\u00adson\u00adnelle, non confor\u00admiste. Signa\u00adlons, en outre, le recueil de po\u00e9\u00adsies que le m\u00eame auteur vient de publier sous le titre <i>La Route<\/i> dont <i>Contre-cou\u00adrant<\/i> don\u00adne\u00adra une pi\u00e8ce et une illus\u00adtra\u00adtion dans un tr\u00e8s pro\u00adchain num\u00e9ro.<\/p>\n<p><sc>Notre ami<\/sc> <i>Bur\u00adck\u00adl\u00e9<\/i>, de Stras\u00adbourg, nous signale qu\u2019il est sur le point de publier un roman social&nbsp;: <i>Le Pain et l\u2019a\u00admour<\/i>.<\/p>\n<p>[\/\u200b<sc>Peer-Lavir\u00adgule<\/sc>\/\u200b]<\/p>\n<\/div>\n","protected":false},"excerpt":{"rendered":"<p>Le Petit Lion par Jacques Pr\u00e9\u00advert (pho\u00adtos d\u2019Yl\u00adla).\u200a\u2014\u200aNous avons tous consta\u00adt\u00e9, d\u2019une fa\u00e7on g\u00e9n\u00e9\u00adrale, que les livres \u00e9crits et illus\u00adtr\u00e9s \u00e0 l\u2019in\u00adten\u00adtion des petits se sp\u00e9\u00adcia\u00adlisent dans le genre affli\u00adgeant. Pour une fois, avec Le petit Lion, nous voi\u00adl\u00e0 loin du bla-bla-bla habi\u00adtuel et des le\u00e7ons de morale \u00e0 peine voi\u00adl\u00e9es. Le petit lion&nbsp;a&nbsp;[\u2026]<\/p>\n","protected":false},"author":1,"featured_media":0,"comment_status":"closed","ping_status":"closed","sticky":false,"template":"","format":"standard","meta":{"wp_typography_post_enhancements_disabled":false,"footnotes":""},"categories":[520],"tags":[],"ppma_author":[540],"class_list":["post-4273","post","type-post","status-publish","format-standard","hentry","category-contre-courant-na2-mars-1952"],"authors":[{"term_id":540,"user_id":1,"is_guest":0,"slug":"admin_3gikpwyf","display_name":"Vincent Dubuc","avatar_url":"https:\/\/secure.gravatar.com\/avatar\/d015720652c25fd2ced191ade86430094e1f288a17483713e3b34d26dea52507?s=96&d=mm&r=g","author_category":"","user_url":"https:\/\/la-presse-anarchiste.net","last_name":"Dubuc","first_name":"Vincent","job_title":"","description":""}],"_links":{"self":[{"href":"https:\/\/la-presse-anarchiste.net\/index.php\/wp-json\/wp\/v2\/posts\/4273","targetHints":{"allow":["GET"]}}],"collection":[{"href":"https:\/\/la-presse-anarchiste.net\/index.php\/wp-json\/wp\/v2\/posts"}],"about":[{"href":"https:\/\/la-presse-anarchiste.net\/index.php\/wp-json\/wp\/v2\/types\/post"}],"author":[{"embeddable":true,"href":"https:\/\/la-presse-anarchiste.net\/index.php\/wp-json\/wp\/v2\/users\/1"}],"replies":[{"embeddable":true,"href":"https:\/\/la-presse-anarchiste.net\/index.php\/wp-json\/wp\/v2\/comments?post=4273"}],"version-history":[{"count":0,"href":"https:\/\/la-presse-anarchiste.net\/index.php\/wp-json\/wp\/v2\/posts\/4273\/revisions"}],"wp:attachment":[{"href":"https:\/\/la-presse-anarchiste.net\/index.php\/wp-json\/wp\/v2\/media?parent=4273"}],"wp:term":[{"taxonomy":"category","embeddable":true,"href":"https:\/\/la-presse-anarchiste.net\/index.php\/wp-json\/wp\/v2\/categories?post=4273"},{"taxonomy":"post_tag","embeddable":true,"href":"https:\/\/la-presse-anarchiste.net\/index.php\/wp-json\/wp\/v2\/tags?post=4273"},{"taxonomy":"author","embeddable":true,"href":"https:\/\/la-presse-anarchiste.net\/index.php\/wp-json\/wp\/v2\/ppma_author?post=4273"}],"curies":[{"name":"wp","href":"https:\/\/api.w.org\/{rel}","templated":true}]}}