{"id":430,"date":"2007-06-09T13:38:01","date_gmt":"2007-06-09T13:38:01","guid":{"rendered":"https:\/\/la-presse-anarchiste.net\/index.php\/2007\/06\/09\/une-organisation-de-travailleurs\/"},"modified":"2007-06-09T13:38:01","modified_gmt":"2007-06-09T13:38:01","slug":"une-organisation-de-travailleurs","status":"publish","type":"post","link":"https:\/\/la-presse-anarchiste.net\/index.php\/2007\/06\/09\/une-organisation-de-travailleurs\/","title":{"rendered":"Une organisation de travailleurs"},"content":{"rendered":"<div class=\"pdfprnt-buttons pdfprnt-buttons-post pdfprnt-top-right\"><a href=\"https:\/\/la-presse-anarchiste.net\/index.php\/wp-json\/wp\/v2\/posts\/430?print=pdf\" class=\"pdfprnt-button pdfprnt-button-pdf\" target=\"_blank\"><img decoding=\"async\" src=\"https:\/\/la-presse-anarchiste.net\/wp-content\/plugins\/pdf-print\/images\/pdf.png\" alt=\"image_pdf\" title=\"Afficher le PDF\"><\/a><a href=\"https:\/\/la-presse-anarchiste.net\/index.php\/wp-json\/wp\/v2\/posts\/430?print=print\" class=\"pdfprnt-button pdfprnt-button-print\" target=\"_blank\"><img decoding=\"async\" src=\"https:\/\/la-presse-anarchiste.net\/wp-content\/plugins\/pdf-print\/images\/print.png\" alt=\"image_print\" title=\"Contenu imprim\u00e9\"><\/a><\/div><div align=\"justify\">\n1. <em>Quelle est la situa\u00adtion actuelle de la C.N.T, \u00e0 Madrid en par\u00adti\u00adcu\u00adlier et en Espagne en g\u00e9n\u00e9ral&nbsp;?<\/em>\n<p>\tOn ne peut pas dire que la situa\u00adtion \u00e0 Madrid et dans la r\u00e9gion Centre soit la m\u00eame qu\u2019\u00e0 Valence, en Anda\u00adlou\u00adsie et en Cata\u00adlogne&nbsp;; dans chaque endroit il y a une situa\u00adtion dif\u00adf\u00e9\u00adrente qui vient de l\u2019his\u00adtoire concr\u00e8te de chaque r\u00e9gion, des dif\u00adf\u00e9\u00adrents \u00e9l\u00e9\u00adments exis\u00adtants et des forces poli\u00adtiques. Il en a \u00e9t\u00e9 de m\u00eame pour la nais\u00adsance de la C.N.T., qui a \u00e9t\u00e9 due prin\u00adci\u00adpa\u00adle\u00adment \u00e0 l\u2019im\u00adpul\u00adsion d\u00e9ci\u00adsive de jeunes mili\u00adtants liber\u00adtaires et sur\u00adtout anar\u00adchistes. Jus\u00adqu\u2019\u00e0 il y a 2 mois, la C.N.T. n\u2019exis\u00adtait que par un comi\u00adt\u00e9 natio\u00adnal qui ne l\u2019\u00e9\u00adtait que de nom. Avec l\u2019ap\u00adpa\u00adri\u00adtion du nou\u00advel anar\u00adchisme et l\u2019ob\u00adjec\u00adtif imm\u00e9\u00addiat de recons\u00adti\u00adtu\u00adtion de la C.N.T. com\u00admence \u00e0 se d\u00e9ve\u00adlop\u00adper dans toute l\u2019Es\u00adpagne des groupes anar\u00adcho-syn\u00addi\u00adca\u00adlistes qui donnent une pre\u00admi\u00e8re vie aux orga\u00adni\u00adsa\u00adtions locales, puis r\u00e9gio\u00adnales et fina\u00adle\u00adment natio\u00adnales. On peut dire que l\u2019i\u00adni\u00adtia\u00adtive prise \u00e0 Madrid en d\u00e9cembre 75&nbsp;: la pre\u00admi\u00e8re assem\u00adbl\u00e9e o\u00f9 par\u00adti\u00adci\u00adpaient 300 cama\u00adrades fut le d\u00e9but du d\u00e9ve\u00adlop\u00adpe\u00adment de la C.N.T. \u00e0 Madrid&nbsp;; des syn\u00addi\u00adcats com\u00admen\u00adc\u00e8rent \u00e0 se d\u00e9ve\u00adlop\u00adper. Le pre\u00admier fut celui de la construc\u00adtion for\u00adm\u00e9 par des jeunes, tr\u00e8s dyna\u00admiques et com\u00adba\u00adtifs&nbsp;; le pro\u00adces\u00adsus de recons\u00adti\u00adtu\u00adtion a \u00e9t\u00e9 le m\u00eame dans toutes les r\u00e9gions, en Anda\u00adlou\u00adsie, au Pays basque, en Can\u00adta\u00adbrie, en Astu\u00adrie, en Extr\u00e9\u00adma\u00addoure. Il est en train de se faire en Gali\u00adcie et en Ara\u00adgon o\u00f9 n\u2019ont pas encore \u00e9t\u00e9 for\u00adm\u00e9s de comi\u00adt\u00e9s r\u00e9gio\u00adnaux mais o\u00f9 existent une quan\u00adti\u00adt\u00e9 de groupes. En effet, le sou\u00adve\u00adnir de la col\u00adlec\u00adti\u00advi\u00adt\u00e9 datant de la guerre civile est tou\u00adjours pr\u00e9\u00adsent&nbsp;; les jeunes connaissent l\u2019his\u00adtoire et les vieux la rap\u00adpellent. Au cours de 1977 toutes les r\u00e9gions seront orga\u00adni\u00ads\u00e9es&nbsp;; le point culmi\u00adnant du pro\u00adces\u00adsus de r\u00e9or\u00adga\u00adni\u00adsa\u00adtion de la C.N.T. a \u00e9t\u00e9 la nomi\u00adna\u00adtion du comi\u00adt\u00e9 natio\u00adnal sur\u00adve\u00adnue en sep\u00adtembre der\u00adnier. Le pl\u00e9\u00adnum natio\u00adnal de la r\u00e9gion a char\u00adg\u00e9 les f\u00e9d\u00e9\u00adra\u00adtions de la r\u00e9gion centre d\u2019\u00e9\u00adlire un comi\u00adt\u00e9 natio\u00adnal com\u00adpo\u00ads\u00e9 par un d\u00e9l\u00e9\u00adgu\u00e9 de chaque r\u00e9gion et un comi\u00adt\u00e9 per\u00adma\u00adnent com\u00adpo\u00ads\u00e9 de 5 membres (secr\u00e9\u00adta\u00adriat permanent).<\/p>\n<p>2. <em>Quels sont les pro\u00adbl\u00e8mes que vous avez rencontr\u00e9s&nbsp;?<\/em><\/p>\n<p>Je dirai que ce sont les pro\u00adbl\u00e8mes d\u2019une orga\u00adni\u00adsa\u00adtion extr\u00ea\u00adme\u00adment jeune&nbsp;; en fait nous pou\u00advons dire que 90&nbsp;% des membres de la C.N.T. sont jeunes et que ceci est une grande chance&nbsp;; mais ces jeunes manquent d\u2019ex\u00adp\u00e9\u00adrience, ils ne savent pas ce qu\u2019est r\u00e9el\u00adle\u00adment l\u2019a\u00adnar\u00adcho-syn\u00addi\u00adca\u00adlisme, puis\u00adqu\u2019ils ne l\u2019ont pas v\u00e9cu, et cela cr\u00e9e des pro\u00adbl\u00e8mes, qui par ailleurs sont faci\u00adle\u00adment r\u00e9so\u00adlus&nbsp;; un des pro\u00adbl\u00e8mes majeurs que nous avons d\u00fb affron\u00adter a \u00e9t\u00e9 avec des jeunes qui venaient des groupes anar\u00adchistes et qui entraient dans la C.N.T. avec une men\u00adta\u00adli\u00adt\u00e9 anar\u00adchiste en pen\u00adsant pou\u00advoir appli\u00adquer au syn\u00addi\u00adca\u00adlisme les pro\u00adc\u00e9\u00add\u00e9s et les fonc\u00adtion\u00adne\u00adments de leurs petits groupes. Or dans la mesure o\u00f9 la C.N.T. est une orga\u00adni\u00adsa\u00adtion qui com\u00adporte de nom\u00adbreux tra\u00advailleurs, elle ne peut fonc\u00adtion\u00adner comme un groupe anar\u00adchiste. Mais cette exp\u00e9\u00adrience devait \u00eatre faite par des jeunes, et elle l\u2019a \u00e9t\u00e9, puis d\u00e9pas\u00ads\u00e9 posi\u00adti\u00adve\u00adment. Il existe en outre une sorte de r\u00e9pul\u00adsion envers toute forme de repr\u00e9\u00adsen\u00adta\u00adtion&nbsp;; ain\u00adsi le comi\u00adt\u00e9 r\u00e9gio\u00adnal ou natio\u00adnal \u00e9tait v\u00e9cu comme une sorte de bureau\u00adcra\u00adtie&nbsp;; mais ceux qui avaient ces doutes ont consta\u00adt\u00e9 que le comi\u00adt\u00e9 ne d\u00e9ci\u00addait pas, mais seule\u00adment repr\u00e9\u00adsen\u00adtait, et fonc\u00adtion\u00adnait selon les d\u00e9ci\u00adsions prises par les dif\u00adf\u00e9\u00adrents syn\u00addi\u00adcats. Il y a le pro\u00adbl\u00e8me des g\u00e9n\u00e9\u00adra\u00adtions entre les vieux et les jeunes&nbsp;; mais aujourd\u2019\u00adhui se pro\u00adduit un pro\u00adces\u00adsus de cla\u00adri\u00adfi\u00adca\u00adtion, de dis\u00adcus\u00adsion, de confron\u00adta\u00adtion. De cette mani\u00e8re les dif\u00adfi\u00adcul\u00adt\u00e9s se d\u00e9placent peu \u00e0 peu. La C.N.T. actuelle est ain\u00adsi beau\u00adcoup plus radi\u00adcale dans ses conte\u00adnus qu\u2019elle n\u2019a jamais \u00e9t\u00e9 gr\u00e2ce \u00e0 l\u2019\u00e9\u00adnorme quan\u00adti\u00adt\u00e9 d\u2019a\u00adnar\u00adchistes qui sont \u00e0 l\u2019in\u00adt\u00e9\u00adrieur. Cela consti\u00adtue la garan\u00adtie que la C.N.T. d\u2019au\u00adjourd\u2019\u00adhui est en train de deve\u00adnir ce qu\u2019\u00e9\u00adtait la C.N.T. clas\u00adsique, mais adap\u00adt\u00e9e \u00e0 la situa\u00adtion actuelle de l\u2019his\u00adtoire et donc tr\u00e8s dif\u00adf\u00e9\u00adrente de celle de 36, mais avec ses conte\u00adnus, sa phi\u00adlo\u00adso\u00adphie anti\u00ad\u00e9ta\u00adtique, antiparlementaires.&nbsp;<\/p>\n<p>\tEn d\u00e9fi\u00adni\u00adtive, vous pou\u00advez dire que la C.N.T. est une C.N.T. nou\u00advelle, jeune, de 1977, mais qui est en connexion directe avec toute l\u2019his\u00adtoire pas\u00ads\u00e9e. Actuel\u00adle\u00adment, dans ce pro\u00adces\u00adsus de cla\u00adri\u00adfi\u00adca\u00adtion qui implique \u00e0 la fois des confu\u00adsions et des ten\u00adsions nous avons une orga\u00adni\u00adsa\u00adtion dif\u00adfi\u00adcile et com\u00adplexe o\u00f9 tout ne va pas faci\u00adle\u00adment mais qui est tr\u00e8s vive et tr\u00e8s dynamique.<\/p>\n<p>\t3. <em>Quel est le pano\u00adra\u00adma des forces poli\u00adtiques&nbsp;? Quelle place occupe la C.N.T. au sein de ce pano\u00adra\u00adma&nbsp;? Quels pro\u00adbl\u00e8mes existent dans les rap\u00adports avec les autres formes politiques&nbsp;?<\/em><\/p>\n<p>Nous avons \u00e9t\u00e9 d\u00e9sor\u00adga\u00adni\u00ads\u00e9s et dis\u00adper\u00ads\u00e9s \u00e0 cause de la r\u00e9pres\u00adsion de ces 40 der\u00adni\u00e8res ann\u00e9es, et nous sommes par\u00adtis en posi\u00adtion de d\u00e9sa\u00advan\u00adtage, avec un retard notable. En outre nous n\u2019a\u00advons jamais eu un appa\u00adreil pro\u00adfes\u00adsion\u00adnel, au contraire des autres forces poli\u00adtiques. Actuel\u00adle\u00adment, la C.N.T. n\u2019a pas de per\u00adma\u00adnents pay\u00e9s par l\u2019or\u00adga\u00adni\u00adsa\u00adtion&nbsp;; tous ceux qui occupent des fonc\u00adtions repr\u00e9\u00adsen\u00adta\u00adtives vivent de leur tra\u00advail&nbsp;; nous n\u2019a\u00advons donc pas l\u2019ef\u00adfi\u00adca\u00adci\u00adt\u00e9 de l\u2019ap\u00adpa\u00adreil pro\u00adfes\u00adsion\u00adnel des Com\u00admis\u00adsions Ouvri\u00e8res, ou du P.C. dans lequel tra\u00advaillent 50 ou 100 per\u00adsonnes \u00e0 temps plein. Mais cela nous donne une posi\u00adtion de sup\u00e9\u00adrio\u00adri\u00adt\u00e9 morale parce que nous ne vivons pas de l\u2019or\u00adga\u00adni\u00adsa\u00adtion. Il ne faut pas oublier que les autres forces ont pu comp\u00adter sur une conti\u00adnui\u00adt\u00e9 aus\u00adsi dans la clan\u00addes\u00adti\u00adni\u00adt\u00e9&nbsp;; conti\u00adnui\u00adt\u00e9 consti\u00adtu\u00e9e par leurs appa\u00adreils pro\u00adfes\u00adsion\u00adnels qui ont pu comp\u00adter sur une dis\u00adpo\u00adni\u00adbi\u00adli\u00adt\u00e9 \u00e9co\u00adno\u00admique d\u00e9ri\u00advant de l\u2019aide des grandes puis\u00adsances&nbsp;: U.R.S.S., Social-D\u00e9mo\u00adcra\u00adtie Alle\u00admande, etc\u2026 il existe de l\u00e0 une expres\u00adsion du d\u00e9sa\u00advan\u00adtage de la C.N.T. par rap\u00adport aux autres forces, m\u00eame s\u2019il va en dimi\u00adnuant&nbsp;; par exemple les Com\u00admis\u00adsions Ouvri\u00e8res, avec ce qui a \u00e9t\u00e9 dit avant, ont eu un avan\u00adtage ini\u00adtial sur nous, mais le fait que les C.O. soient repr\u00e9\u00adsen\u00adt\u00e9es \u00e0 l\u2019ex\u00adt\u00e9\u00adrieur comme l\u2019u\u00adnique orga\u00adni\u00adsa\u00adtion des tra\u00advailleurs est un mythe, parce que l\u2019U.G.T. existe, seconde orga\u00adni\u00adsa\u00adtion du pro\u00adl\u00e9\u00adta\u00adriat espa\u00adgnol, et la C.N.T. existe aus\u00adsi&nbsp;; le Par\u00adti Com\u00admu\u00adniste a vou\u00adlu aus\u00adsi, en Espagne, \u00e0 tra\u00advers les Com\u00admis\u00adsions Ouvri\u00e8res, faire pas\u00adser le concept d\u2019u\u00adni\u00adt\u00e9 syn\u00addi\u00adcale qui vou\u00adlait dire, comme au Por\u00adtu\u00adgal, l\u2019exis\u00adtence d\u2019une unique cen\u00adtrale syn\u00addi\u00adcale. Mais son pro\u00adjet n\u2019est pas pas\u00ads\u00e9 gr\u00e2ce \u00e0 l\u2019op\u00adpo\u00adsi\u00adtion de l\u2019U.G.T. et de la C.N.T. Nous, par\u00adti\u00adcu\u00adli\u00e8\u00adre\u00adment, nous nous sommes bat\u00adtus pour la plu\u00adra\u00adli\u00adt\u00e9 des ten\u00addances et des orga\u00adni\u00adsa\u00adtions, bas\u00e9e sur les r\u00e9elles dif\u00adf\u00e9\u00adrences exis\u00adtantes&nbsp;; cette bataille a \u00e9t\u00e9 vic\u00adto\u00adrieuse et main\u00adte\u00adnant les Com\u00admis\u00adsions Ouvri\u00e8res ont d\u00fb renon\u00adcer \u00e0 leur pro\u00adjet et se rendre compte qu\u2019il exis\u00adtait d\u2019autres forces qu\u2019elles ne pou\u00advaient pas sou\u00admettre&nbsp;: l\u2019U.G.T. et la C.N.T. Pour le moment les C.O. occupent encore une posi\u00adtion majo\u00adri\u00adtaire m\u00eame si en Cata\u00adlogne, par exemple, la C.N.T. com\u00admence \u00e0 avoir une influence&nbsp;; mais nous croyons que dans quelques temps les rap\u00adports de force vont chan\u00adger. D\u2019autre part, nous avons un gros avan\u00adtage sur les autres forces&nbsp;: les autres affirment \u00eatre auto\u00adnomes, ind\u00e9\u00adpen\u00addants des par\u00adtis poli\u00adtiques, et ceci est faux&nbsp;; l\u2019U.G.T. d\u00e9pend direc\u00adte\u00adment du Par\u00adti Socia\u00adliste, les C.O. du Par\u00adti Com\u00admu\u00adniste, l\u2019U.S.O. d\u00e9pend de quelques groupes socia\u00adlistes d\u00e9pen\u00addant du P.S.O.E. et l\u2019u\u00adnique orga\u00adni\u00adsa\u00adtion qui ne d\u00e9pend d\u2019au\u00adcun est la C.N.T.&nbsp;; ceci nous donne un grand avan\u00adtage th\u00e9o\u00adrique, puisque nous vou\u00adlons d\u00e9mon\u00adtrer que per\u00adsonne ne nous donne de ligne, et ceci les tra\u00advailleurs le com\u00adprennent faci\u00adle\u00adment. Quand nous disons que nous n\u2019a\u00advons pas de diri\u00adgeants mais que des mili\u00adtants, que l\u2019as\u00adsem\u00adbl\u00e9e est sou\u00adve\u00adraine, que tous ont le pou\u00advoir d\u00e9ci\u00adsion\u00adnel, ceux-ci le com\u00adprennent faci\u00adle\u00adment. Aujourd\u2019\u00adhui en Espagne, apr\u00e8s 40 ans de dic\u00adta\u00adture, il y a une red\u00e9\u00adcou\u00adverte des concepts prou\u00addhon\u00adniens de f\u00e9d\u00e9\u00adra\u00adlisme, de r\u00e9gio\u00adna\u00adlisme et d\u2019au\u00adto\u00adno\u00admie. Il existe une v\u00e9ri\u00adtable fureur r\u00e9vo\u00adlu\u00adtion\u00adnaire, tous les groupes poli\u00adtiques parlent d\u2019au\u00adto\u00adges\u00adtion y com\u00adpris le P.C.E.<\/p>\n<p>\t\u00c9vi\u00addem\u00adment tout ceci nous pose dans une posi\u00adtion d\u2019a\u00advan\u00adtage, vu que nous sommes les uniques porte-voix coh\u00e9\u00adrents d\u2019un pro\u00adjet auto\u00adges\u00adtion\u00adnaire&nbsp;; et nous pou\u00advons le d\u00e9mon\u00adtrer dans les faits&nbsp;; tous les groupes ou par\u00adtis qui parlent de l\u2019au\u00adto\u00adges\u00adtion ont une struc\u00adture hi\u00e9\u00adrar\u00adchique, tous veulent s\u2019in\u00adt\u00e9\u00adgrer dans l\u2019\u00c9\u00adtat et dans le par\u00adle\u00adment, ce qui n\u2019a rien \u00e0 voir avec l\u2019au\u00adto\u00adges\u00adtion&nbsp;; auto\u00adges\u00adtion veut dire auto-gou\u00adver\u00adne\u00adment et veut dire anar\u00adchie&nbsp;; et ceci les gens le com\u00adprennent tr\u00e8s bien&nbsp;; m\u00eame les reven\u00addi\u00adca\u00adtions auto\u00adno\u00admistes des r\u00e9gions de l\u2019Es\u00adpagne et pas seule\u00adment de la Cata\u00adlogne et du Pays basque mais des r\u00e9gions qui n\u2019ont jamais avan\u00adc\u00e9 ce genre de concepts, comme les pays valen\u00adciens, l\u2019An\u00adda\u00adlou\u00adsie, la Gali\u00adcie, sont pour nous favo\u00adrables puisque cela veut dire qu\u2019on va vers une d\u00e9cen\u00adtra\u00adli\u00adsa\u00adtion, vers le f\u00e9d\u00e9\u00adra\u00adlisme prou\u00addho\u00adnien&nbsp;; \u00e9videm\u00adment notre devoir est de pous\u00adser encore plus avant ces reven\u00addi\u00adca\u00adtions avec un conte\u00adnu&nbsp;: le socia\u00adlisme liber\u00adtaire. Il est \u00e9vident que l\u2019on ne peut \u00eatre int\u00e9\u00adres\u00ads\u00e9 \u00e0 avoir 6 ou 7 gou\u00adver\u00adne\u00adments \u00e0 la place d\u2019un seul&nbsp;; mais nous devons d\u00e9fendre le concept d\u2019au\u00adto\u00adno\u00admie et de r\u00e9gio\u00adna\u00adli\u00adsa\u00adtion du point de vue du f\u00e9d\u00e9\u00adra\u00adlisme liber\u00adtaire&nbsp;; tout ce qui a \u00e9t\u00e9 dit avant signi\u00adfie que mal\u00adgr\u00e9 les mille dif\u00adfi\u00adcul\u00adt\u00e9s, nous nous trou\u00advons dans une condi\u00adtion favo\u00adrable, dans laquelle il est pos\u00adsible de d\u00e9voi\u00adler tou\u00adjours plus, devant les tra\u00advailleurs, les contra\u00addic\u00adtions et les mys\u00adti\u00adfi\u00adca\u00adtions des autres par\u00adtis, gr\u00e2ce \u00e0 notre coh\u00e9rence.<\/p>\n<p>\t8. <em>Existe-t-il des groupes anar\u00adchistes sp\u00e9\u00adci\u00adfiques, et quels sont les rap\u00adports qui existent entre la C.N.T. et ces groupes&nbsp;?<\/em><\/p>\n<p>Je peux com\u00admen\u00adcer par dire que nous ne recon\u00adnais\u00adsons pas l\u2019exis\u00adtence offi\u00adcielle de la F.A.I. en ce moment&nbsp;; nous savons qu\u2019il existe une mul\u00adti\u00adtude de groupes sp\u00e9\u00adci\u00adfiques un peu par\u00adtout, et qu\u2019il existe quelques groupes sp\u00e9\u00adci\u00adfiques de la F.A.I., mais il n\u2019existe pas la F.A.I. orga\u00adni\u00ads\u00e9e natio\u00adna\u00adle\u00adment et donc nous n\u2019a\u00advons aucun contact avec la F.A.I. orga\u00adni\u00ads\u00e9e natio\u00adna\u00adle\u00adment. Dans le pays existent une quan\u00adti\u00adt\u00e9 d\u2019a\u00adnar\u00adchismes, mul\u00adti\u00adformes, col\u00adlec\u00adtifs, groupes cultu\u00adrels, d\u2019\u00e9\u00adtu\u00addiants, groupes de jeunes&nbsp;; tout cet anar\u00adchisme ne peut \u00eatre r\u00e9in\u00adt\u00e9\u00adgr\u00e9 dans aucun sigle&nbsp;; m\u00eame pas dans celui de la F.A.I. Je viens de ter\u00admi\u00adner un livre qui sera publi\u00e9 le mois pro\u00adchain qui rap\u00adporte l\u2019his\u00adtoire de la F.A.I. et les conclu\u00adsions finales sont que les anar\u00adchistes, ce qui les int\u00e9\u00adresse, ce n\u2019est pas la F.A.I., mais c\u2019est l\u2019anarchisme.<\/p>\n<p>Dans les quar\u00adtiers, par exemple, il y a de nom\u00adbreux anar\u00adchistes&nbsp;; ici, ils sont une cen\u00adtaine&nbsp;; cer\u00adtains tra\u00advaillent avec nous, d\u2019autres pas, car il existe une ten\u00addance anti\u00adsyn\u00addi\u00adcale, ceci pour dire que l\u2019a\u00adnar\u00adchisme en Espagne a de mul\u00adtiples faces. Il faut dire que le d\u00e9ve\u00adlop\u00adpe\u00adment de l\u2019a\u00adnar\u00adchisme dans le pays est tr\u00e8s li\u00e9 au d\u00e9ve\u00adlop\u00adpe\u00adment de la C.N.T. La C.N.T. est une esp\u00e8ce de bar\u00adrage et nous ne devons, ni ne vou\u00adlons perdre de l\u2019in\u00adfluence sur le mou\u00adve\u00adment ouvrier&nbsp;; si nous devions perdre notre bataille dans le mou\u00adve\u00adment ouvrier, pour de nom\u00adbreuses ann\u00e9es, nous subi\u00adrions l\u2019h\u00e9\u00adg\u00e9\u00admo\u00adnie des mar\u00adxistes et des com\u00admu\u00adnistes. Le mou\u00adve\u00adment est extr\u00ea\u00adme\u00adment impor\u00adtant en ce moment parce qu\u2019en font par\u00adtie, non seule\u00adment des tra\u00advailleurs manuels, mais tous ceux qui occupent un poste dans les rela\u00adtions g\u00e9n\u00e9\u00adrales de pro\u00adduc\u00adtion&nbsp;: des pro\u00adfes\u00adseurs uni\u00adver\u00adsi\u00adtaires aux tech\u00adni\u00adciens plus ou moins qua\u00adli\u00adfi\u00e9s, aux ouvriers&nbsp;; tous ces gens qui ne sont pas para\u00adsites et qui occupent une fonc\u00adtion plus ou moins pro\u00adduc\u00adtive. Et si nous devions perdre l\u2019in\u00adfluence sur ce mou\u00adve\u00adment, dans le sens \u00e9troit, m\u00eame l\u2019a\u00adnar\u00adchisme, sous toutes ses faces, subi\u00adrait une d\u00e9faite&nbsp;; parce que l\u2019exis\u00adtence d\u2019une C.N.T. forte et num\u00e9\u00adri\u00adque\u00adment nom\u00adbreuse est n\u00e9ces\u00adsaire au d\u00e9ve\u00adlop\u00adpe\u00adment du mou\u00adve\u00adment anar\u00adchiste sp\u00e9\u00adci\u00adfique. Si nous per\u00addons notre bataille, en tant que C.N.T. dans le monde du tra\u00advail, nous pour\u00adrons seule\u00adment nous retrou\u00adver entre anar\u00adchistes dans des bars, \u00e0 boire une bi\u00e8re et \u00e0 par\u00adler anar\u00adchisme&nbsp;; quelle serait notre inci\u00addence sur la r\u00e9alit\u00e9&nbsp;?<\/p>\n<p>\t9. <em>Je vou\u00addrais savoir si dans le pro\u00adces\u00adsus de recons\u00adtruc\u00adtion de la C.N.T. il y a eu des ten\u00adta\u00adtives d\u2019in\u00adfil\u00adtra\u00adtions de com\u00admu\u00adnistes ou pire, de membres des syn\u00addi\u00adcats verticalistes&nbsp;?<\/em><\/p>\n<p>\tLa C.N.T. a \u00e9t\u00e9 cr\u00e9\u00e9e par des anar\u00adchistes et des anar\u00adcho-syn\u00addi\u00adca\u00adlistes&nbsp;; main\u00adte\u00adnant viennent vers nous de nom\u00adbreuses per\u00adsonnes issues des groupes mar\u00adxistes, d\u00e9gout\u00adt\u00e9es par les chefs poli\u00adtiques des Com\u00admis\u00adsions Ouvri\u00e8res&nbsp;; beau\u00adcoup de nos meilleurs mili\u00adtants viennent du P.C.E., et main\u00adte\u00adnant ce sont des anar\u00adchistes convain\u00adcus. Donc, jus\u00adqu\u2019\u00e0 pr\u00e9\u00adsent, il n\u2019y a pas eu d\u2019in\u00adfil\u00adtra\u00adtions com\u00admu\u00adnistes, aus\u00adsi parce que notre orga\u00adni\u00adsa\u00adtion actuelle ne le per\u00admet\u00adtait pas&nbsp;; pour ce qui concerne l\u2019in\u00adfil\u00adtra\u00adtion d\u2019\u00e9l\u00e9\u00adments ver\u00adti\u00adca\u00adlistes, moins&nbsp;; il y a eu en Cata\u00adlogne des \u00e9l\u00e9\u00adments qui ont \u00e9t\u00e9 dans le syn\u00addi\u00adcat ver\u00adti\u00adcal, dans la mesure o\u00f9 ils \u00e9taient \u00e9lus par les tra\u00advailleurs, comme leurs repr\u00e9\u00adsen\u00adtants, mais sans jamais avoir la ligne poli\u00adtique du syn\u00addi\u00adcat ver\u00adti\u00adcal. Il existe beau\u00adcoup de com\u00admu\u00adnistes qui \u00e9taient et sont encore au syn\u00addi\u00adcat ver\u00adti\u00adcal parce qu\u2019ils ont la pos\u00adsi\u00adbi\u00adli\u00adt\u00e9 poli\u00adtique de l\u2019in\u00adfil\u00adtrer&nbsp;; mais il n\u2019existe aucune influence ver\u00adti\u00adca\u00adliste, \u00e0 l\u2019in\u00adt\u00e9\u00adrieur de la C.N.T. Ce que nous d\u00e9fen\u00addons aujourd\u2019\u00adhui est la liber\u00adt\u00e9 syn\u00addi\u00adcale, qui per\u00admet\u00adtra d\u2019a\u00adgir ouver\u00adte\u00adment tan\u00addis qu\u2019au\u00adjourd\u2019\u00adhui nous sommes encore ill\u00e9\u00adgaux m\u00eame si tol\u00e9\u00adr\u00e9s. La police et le gou\u00adver\u00adne\u00adment savent que nous exis\u00adtons, tant il est vrai que le ministre des rela\u00adtions sociales a invi\u00adt\u00e9 la C.N.T. \u00e0 un col\u00adloque&nbsp;; ce qui a \u00e9vi\u00addem\u00adment \u00e9t\u00e9 refus\u00e9.<\/p>\n<p>\t10. <em>Quels sont les sec\u00adteurs syn\u00addi\u00adcaux les plus forts dans la C.N.T.&nbsp;?<\/em><\/p>\n<p>\tEn ce moment \u00e0 Madrid, le syn\u00addi\u00adcat le plus fort est celui des ensei\u00adgnants, qui compte 200 adh\u00e9\u00adrents, et qui regroupe des ensei\u00adgnants, des \u00e9tu\u00addiants, des tra\u00advailleurs de l\u2019\u00e9\u00adcole en g\u00e9n\u00e9\u00adral&nbsp;; un autre sec\u00adteur tr\u00e8s fort est celui des arts gra\u00adphiques, avec de nom\u00adbreux jour\u00adna\u00adlistes et \u00e9cri\u00advains&nbsp;; le syn\u00addi\u00adcat de la m\u00e9tal\u00adlur\u00adgie et celui de la construc\u00adtion&nbsp;; le syn\u00addi\u00adcat des banques et du&nbsp;bois.<\/p>\n<p>\t11. <em>Quelle est la stra\u00adt\u00e9\u00adgie d\u2019in\u00adter\u00adven\u00adtion de la C.N.T.&nbsp;; quelles sont les pos\u00adsibles initiatives&nbsp;?<\/em><\/p>\n<p>Je dirai d\u2019a\u00adbord que nous devons affir\u00admer l\u2019au\u00adto\u00adno\u00admie et l\u2019in\u00add\u00e9\u00adpen\u00addance de notre mou\u00adve\u00adment, et nos carac\u00adt\u00e9\u00adris\u00adtiques his\u00adto\u00adriques&nbsp;: anti-capi\u00adta\u00adlisme, anti-\u00e9ta\u00adtisme et anti-par\u00adle\u00admen\u00adta\u00adrisme&nbsp;; action directe, auto\u00adges\u00adtion, lutte impla\u00adcable contre le pou\u00advoir en place, et puis, exploi\u00adter au maxi\u00admum un ph\u00e9\u00adno\u00adm\u00e8ne irr\u00e9\u00adver\u00adsible qui est en train de se pro\u00adduire&nbsp;: l\u2019in\u00adt\u00e9\u00adgra\u00adtion dans le sys\u00adt\u00e8me d\u00e9mo\u00adcra\u00adtique et bour\u00adgeois de tous les groupes poli\u00adtiques sans excep\u00adtion et qui jus\u00adqu\u2019\u00e0 pr\u00e9\u00adsent sont consi\u00add\u00e9\u00adr\u00e9s comme des oppo\u00adsi\u00adtions poli\u00adtiques. Tous attendent le signal des \u00e9lec\u00adtions g\u00e9n\u00e9\u00adrales pour entrer dans la bagarre, soit au niveau natio\u00adnal soit au niveau muni\u00adci\u00adpal, et leur com\u00adpor\u00adte\u00adment ne fera rien d\u2019autre que de d\u00e9mon\u00adtrer que nous sommes l\u2019u\u00adnique force r\u00e9vo\u00adlu\u00adtion\u00adnaire et auto\u00adnome du pays, et que nous sommes l\u2019op\u00adpo\u00adsi\u00adtion de l\u2019op\u00adpo\u00adsi\u00adtion. Pour ce qui est des ini\u00adtia\u00adtives, nous avons fait le n\u00b00 du jour\u00adnal <em>C.N.T.<\/em>&nbsp;; un num\u00e9\u00adro d\u2019es\u00adsai. <em>C.N.T.<\/em> sera l\u2019or\u00adgane de lutte de la conf\u00e9\u00add\u00e9\u00adra\u00adtion. Ce fut la d\u00e9ci\u00adsion du pl\u00e9\u00adnum des r\u00e9gions de juin der\u00adnier. Il sera bimen\u00adsuel et aura dans un pre\u00admier temps 12 pages, puis 16. Une autre ini\u00adtia\u00adtive que nous avons en chan\u00adtier est un opus\u00adcule de 20 pages \u00ab&nbsp;Qu\u2019est-ce que la C.N.T.&nbsp;?&nbsp;\u00bb, et une bro\u00adchure de 100 pages avec les m\u00eames titres qui sera publi\u00e9e en jan\u00advier et mise en vente dans les librai\u00adries&nbsp;; sign\u00e9e par un col\u00adlec\u00adtif de la conf\u00e9\u00add\u00e9\u00adra\u00adtion. Tou\u00adjours cou\u00adrant 77 nous comp\u00adtons publier une revue, sem\u00adblable \u00e0 \u00ab&nbsp;A rivis\u00adta anar\u00adchi\u00adca&nbsp;\u00bb, qui affronte les pro\u00adbl\u00e8mes cultu\u00adrels et th\u00e9o\u00adriques&nbsp;; nous pen\u00adsons r\u00e9us\u00adsir \u00e0 \u00e9di\u00adter cette revue, en pre\u00adnant des fonds par\u00admi des actions de 1000 pese\u00adtas que chaque cama\u00adrade devrait sous\u00adcrire&nbsp;; je vou\u00addrais sou\u00adli\u00adgner que notre mou\u00adve\u00adment publie plus de num\u00e9\u00adros de p\u00e9rio\u00addiques que les autres forces, tout en \u00e9tant loin de leurs moyens finan\u00adciers. En Cata\u00adlogne, sont d\u00e9j\u00e0 sor\u00adtis 7 num\u00e9\u00adros de <em>Soli\u00adda\u00adri\u00addad obre\u00adra<\/em>&nbsp;; en Anda\u00adlou\u00adsie&nbsp;: <em>Anda\u00adlou\u00adsie liber\u00adtaire<\/em>&nbsp;; \u00e0 Valence&nbsp;: <em>La lutte sociale<\/em>&nbsp;; \u00e0 Madrid et r\u00e9gion centre&nbsp;: <em>La Cas\u00adtille libre<\/em>, et main\u00adte\u00adnant <em>C.N.T.<\/em> qui est l\u2019or\u00adgane natio\u00adnal. On peut dire que presque toutes les r\u00e9gions ont un p\u00e9rio\u00addique. L\u2019ob\u00adjec\u00adtif le plus impor\u00adtant est le d\u00e9ve\u00adlop\u00adpe\u00adment qua\u00adli\u00adta\u00adtif et quan\u00adti\u00adta\u00adtif de la C.N.T., puisque main\u00adte\u00adnant l\u2019or\u00adga\u00adni\u00adsa\u00adtion est struc\u00adtu\u00adr\u00e9e et pr\u00eate \u00e0 rece\u00advoir une grande quan\u00adti\u00adt\u00e9 de tra\u00advailleurs&nbsp;; ce sera pos\u00adsible quand entre\u00adra en vigueur la liber\u00adt\u00e9 syn\u00addi\u00adcale. Aujourd\u2019\u00adhui, la C.N.T. compte de 15000 \u00e0 20000 adh\u00e9\u00adrents, qui sont presque exclu\u00adsi\u00adve\u00adment militants.<\/p>\n<p>\t12. <em>Quand je t\u2019ai deman\u00add\u00e9 quelle sera la stra\u00adt\u00e9\u00adgie de la C.N.T. dans les pro\u00adchains mois, tu m\u2019as r\u00e9pon\u00addu par des prin\u00adcipes tr\u00e8s clairs&nbsp;; mais je vou\u00adlais savoir autre chose. L\u2019Es\u00adpagne de 1977 n\u2019est pas celle de 1936, elle est deve\u00adnue un pays indus\u00adtria\u00adli\u00ads\u00e9, avan\u00adc\u00e9, avec une struc\u00adture qui repr\u00e9\u00adsente un nou\u00advel aspect social, li\u00e9 au d\u00e9ve\u00adlop\u00adpe\u00adment du capi\u00adta\u00adlisme tech\u00adno\u00adcra\u00adtique&nbsp;; cette \u00e9vo\u00adlu\u00adtion se refl\u00e8te dans la confor\u00adma\u00adtion du mou\u00adve\u00adment ouvrier. Face \u00e0 tous ces pro\u00adbl\u00e8mes quelle est la stra\u00adt\u00e9\u00adgie de la C.N.T.&nbsp;?<\/em><\/p>\n<p>Je dirai que la situa\u00adtion \u00e9co\u00adno\u00admique et sociale de l\u2019Es\u00adpagne est chan\u00adg\u00e9e&nbsp;; il est vrai que la situa\u00adtion des classes tra\u00advailleuses n\u2019est pas la m\u00eame qu\u2019en 36&nbsp;; mais dans les pro\u00adchains mois les condi\u00adtions de la classe tra\u00advailleuse devien\u00addront tr\u00e8s dif\u00adfi\u00adciles en fonc\u00adtion de la crise \u00e9co\u00adno\u00admique&nbsp;; les condi\u00adtions de vie des tra\u00advailleurs sont tr\u00e8s mau\u00advaises et elles ten\u00addront \u00e0 empi\u00adrer vers un conflit social&nbsp;; je ne crois pas qu\u2019il existe la pos\u00adsi\u00adbi\u00adli\u00adt\u00e9 que la classe ouvri\u00e8re s\u2019en\u00addorme \u00e0 cause d\u2019un bien-\u00eatre trop fort, vu que ce bien-\u00eatre n\u2019existe pas et n\u2019exis\u00adte\u00adra pas dans le futur&nbsp;; les tra\u00advailleurs devront lut\u00adter dure\u00adment pour sur\u00advivre, et de l\u00e0 la pos\u00adsi\u00adbi\u00adli\u00adt\u00e9 de contac\u00adter les tra\u00advailleurs et donc de leur pro\u00adpo\u00adser nos id\u00e9es&nbsp;; notre alter\u00adna\u00adtive existe r\u00e9el\u00adle\u00adment, par exemple quand le pro\u00adces\u00adsus de d\u00e9mo\u00adcra\u00adti\u00adsa\u00adtion sera accom\u00adpli, les forces poli\u00adtiques se bat\u00adtront pour que les sec\u00adteurs d\u00e9fi\u00adci\u00adtaires de l\u2019\u00e9\u00adco\u00adno\u00admie espa\u00adgnole, comme le char\u00adbon, soient natio\u00adna\u00adli\u00ads\u00e9s, tan\u00addis que notre devoir \u00e0 mon sens sera de se battre contre l\u2019\u00e9\u00adta\u00adti\u00adsa\u00adtion et pour l\u2019au\u00adto\u00adges\u00adtion de ce sec\u00adteur, et com\u00admen\u00adcer \u00e0 cr\u00e9er des struc\u00adtures de base d\u00e9j\u00e0 main\u00adte\u00adnant, dans cette soci\u00e9\u00adt\u00e9, car nous ne pou\u00advons attendre l\u2019a\u00adv\u00e8\u00adne\u00adment du com\u00admu\u00adnisme liber\u00adtaire&nbsp;; nous devons d\u00e9j\u00e0 d\u00e8s main\u00adte\u00adnant en don\u00adner des indi\u00adca\u00adtions bien pr\u00e9\u00adcises, par exemple&nbsp;: le m\u00e9tro de Madrid a un fort d\u00e9fi\u00adcit et on parle de natio\u00adna\u00adli\u00adsa\u00adtion&nbsp;; notre indi\u00adca\u00adtion pra\u00adtique au contraire devrait \u00eatre que le m\u00e9tro doit \u00eatre g\u00e9r\u00e9 par les tra\u00advailleurs et les uti\u00adli\u00adsa\u00adteurs, en cr\u00e9ant un nou\u00adveau type d\u2019ad\u00admi\u00adnis\u00adtra\u00adtion auto\u00adg\u00e9\u00adr\u00e9e. Nous savons bien que la v\u00e9ri\u00adtable auto\u00adges\u00adtion pour\u00adra exis\u00adter seule\u00adment dans une soci\u00e9\u00adt\u00e9 liber\u00adtaire, mais cette soci\u00e9\u00adt\u00e9 ne peut certes pas na\u00eetre par une ver\u00adtu thau\u00adma\u00adtur\u00adgique du jour au len\u00adde\u00admain&nbsp;; jus\u00adte\u00adment c\u2019est avec ces impor\u00adtantes indi\u00adca\u00adtions que d\u00e8s main\u00adte\u00adnant on peut avan\u00adcer dans cette direc\u00adtion. En d\u00e9fi\u00adni\u00adtive je crois que notre stra\u00adt\u00e9\u00adgie doit \u00eatre d\u2019af\u00adfai\u00adblir conti\u00adnuel\u00adle\u00adment l\u2019\u00c9\u00adtat, en lui arra\u00adchant tout ce que nous pou\u00advons lui arra\u00adcher, par des inter\u00adven\u00adtions, jus\u00adqu\u2019\u00e0 arri\u00adver \u00e0 l\u2019af\u00adfron\u00adte\u00adment&nbsp;; ceci nous dif\u00adf\u00e9\u00adren\u00adcie de toutes les autres forces poli\u00adtiques qui, au contraire, tendent \u00e0 le ren\u00adfor\u00adcer en lui don\u00adnant de nou\u00advelles attri\u00adbu\u00adtions, comme la natio\u00adna\u00adli\u00adsa\u00adtion des entre\u00adprises priv\u00e9es.<\/p>\n<p><em>Quels sont les rap\u00adports entre la C.N.T. de l\u2019in\u00adt\u00e9\u00adrieur et l\u2019exil&nbsp;?<\/em><\/p>\n<p>\tNous avons r\u00e9so\u00adlu ce pro\u00adbl\u00e8me de mani\u00e8re prag\u00adma\u00adtique, et assez intel\u00adli\u00adgem\u00adment je crois&nbsp;; l\u2019un a recon\u00adnu l\u2019exis\u00adtence de l\u2019autre, avec un res\u00adpect r\u00e9ci\u00adproque&nbsp;; ils ont recon\u00adnu que la C.N.T. exis\u00adtait tou\u00adjours en Espagne, qu\u2019elle est par\u00adfai\u00adte\u00adment auto\u00adnome et que les d\u00e9ci\u00adsions doivent se prendre en Espagne&nbsp;; de l\u00e0 une recon\u00adnais\u00adsance mutuelle face \u00e0 une com\u00adpl\u00e8te auto\u00adno\u00admie. Nous avons recon\u00adnu tous les groupes exis\u00adtant en exil ind\u00e9\u00adpen\u00addam\u00adment du fait qu\u2019ils soient ou non l\u2019or\u00adga\u00adni\u00adsa\u00adtion appe\u00adl\u00e9e offi\u00adcielle. Nous avons donc de bonnes rela\u00adtions, mais nous ne vou\u00adlons pas que les pro\u00adbl\u00e8mes de l\u2019exil soient repor\u00adt\u00e9s ici en Espagne, ce serait une v\u00e9ri\u00adtable cala\u00admi\u00adt\u00e9 pour notre mouvement.<\/p>\n<\/div>\n<p>Madrid, 5 Janvier.<\/p>\n","protected":false},"excerpt":{"rendered":"<p>1. Quelle est la situa\u00adtion actuelle de la C.N.T, \u00e0 Madrid en par\u00adti\u00adcu\u00adlier et en Espagne en g\u00e9n\u00e9\u00adral&nbsp;? On ne peut pas dire que la situa\u00adtion \u00e0 Madrid et dans la r\u00e9gion Centre soit la m\u00eame qu\u2019\u00e0 Valence, en Anda\u00adlou\u00adsie et en Cata\u00adlogne&nbsp;; dans chaque endroit il y a une situa\u00adtion dif\u00adf\u00e9\u00adrente qui vient&nbsp;de&nbsp;[\u2026]<\/p>\n","protected":false},"author":1,"featured_media":0,"comment_status":"closed","ping_status":"closed","sticky":false,"template":"","format":"standard","meta":{"wp_typography_post_enhancements_disabled":false,"footnotes":""},"categories":[41],"tags":[],"ppma_author":[540],"class_list":["post-430","post","type-post","status-publish","format-standard","hentry","category-la-lanterne-noire-na8-avril-1977"],"authors":[{"term_id":540,"user_id":1,"is_guest":0,"slug":"admin_3gikpwyf","display_name":"Vincent Dubuc","avatar_url":"https:\/\/secure.gravatar.com\/avatar\/d015720652c25fd2ced191ade86430094e1f288a17483713e3b34d26dea52507?s=96&d=mm&r=g","author_category":"","user_url":"https:\/\/la-presse-anarchiste.net","last_name":"Dubuc","first_name":"Vincent","job_title":"","description":""}],"_links":{"self":[{"href":"https:\/\/la-presse-anarchiste.net\/index.php\/wp-json\/wp\/v2\/posts\/430","targetHints":{"allow":["GET"]}}],"collection":[{"href":"https:\/\/la-presse-anarchiste.net\/index.php\/wp-json\/wp\/v2\/posts"}],"about":[{"href":"https:\/\/la-presse-anarchiste.net\/index.php\/wp-json\/wp\/v2\/types\/post"}],"author":[{"embeddable":true,"href":"https:\/\/la-presse-anarchiste.net\/index.php\/wp-json\/wp\/v2\/users\/1"}],"replies":[{"embeddable":true,"href":"https:\/\/la-presse-anarchiste.net\/index.php\/wp-json\/wp\/v2\/comments?post=430"}],"version-history":[{"count":0,"href":"https:\/\/la-presse-anarchiste.net\/index.php\/wp-json\/wp\/v2\/posts\/430\/revisions"}],"wp:attachment":[{"href":"https:\/\/la-presse-anarchiste.net\/index.php\/wp-json\/wp\/v2\/media?parent=430"}],"wp:term":[{"taxonomy":"category","embeddable":true,"href":"https:\/\/la-presse-anarchiste.net\/index.php\/wp-json\/wp\/v2\/categories?post=430"},{"taxonomy":"post_tag","embeddable":true,"href":"https:\/\/la-presse-anarchiste.net\/index.php\/wp-json\/wp\/v2\/tags?post=430"},{"taxonomy":"author","embeddable":true,"href":"https:\/\/la-presse-anarchiste.net\/index.php\/wp-json\/wp\/v2\/ppma_author?post=430"}],"curies":[{"name":"wp","href":"https:\/\/api.w.org\/{rel}","templated":true}]}}