{"id":4335,"date":"2021-08-13T14:13:44","date_gmt":"2021-08-13T14:13:44","guid":{"rendered":"https:\/\/la-presse-anarchiste.net\/index.php\/2021\/08\/13\/malaise\/"},"modified":"2021-08-13T14:13:44","modified_gmt":"2021-08-13T14:13:44","slug":"malaise","status":"publish","type":"post","link":"https:\/\/la-presse-anarchiste.net\/index.php\/2021\/08\/13\/malaise\/","title":{"rendered":"Malaise"},"content":{"rendered":"<div class=\"pdfprnt-buttons pdfprnt-buttons-post pdfprnt-top-right\"><a href=\"https:\/\/la-presse-anarchiste.net\/index.php\/wp-json\/wp\/v2\/posts\/4335?print=pdf\" class=\"pdfprnt-button pdfprnt-button-pdf\" target=\"_blank\"><img decoding=\"async\" src=\"https:\/\/la-presse-anarchiste.net\/wp-content\/plugins\/pdf-print\/images\/pdf.png\" alt=\"image_pdf\" title=\"Afficher le PDF\"><\/a><a href=\"https:\/\/la-presse-anarchiste.net\/index.php\/wp-json\/wp\/v2\/posts\/4335?print=print\" class=\"pdfprnt-button pdfprnt-button-print\" target=\"_blank\"><img decoding=\"async\" src=\"https:\/\/la-presse-anarchiste.net\/wp-content\/plugins\/pdf-print\/images\/print.png\" alt=\"image_print\" title=\"Contenu imprim\u00e9\"><\/a><\/div><div align=\"justify\">\n<p>[(Je cherche en grande prio\u00adri\u00adt\u00e9 \u00e0 com\u00adpl\u00e9\u00adter les col\u00adlec\u00adtions des <b>Cahiers du Socia\u00adlisme Liber\u00adtaire, des Cahiers de l\u2019Humanisme Liber\u00adtaire et de Civi\u00adli\u00adsa\u00adtion Liber\u00adtaire<\/b>. Si vous \u00eates pr\u00eats \u00e0 me les c\u00e9der (vente ou don, col\u00adlec\u00adtions com\u00adpl\u00e8tes ou non), \u00e0 me les pr\u00ea\u00adter pour copie ou toute autre id\u00e9e, contac\u00adtez-moi par mail (lien en bas de cet article).&nbsp;.)]<\/p>\n<p>L\u2019ex\u00adplo\u00adra\u00adtion du mou\u00adve\u00adment anar\u00adchiste, de son his\u00adtoire, de ses id\u00e9es, de ses fluc\u00adtua\u00adtions est\u200a\u2014\u200apour moi\u200a\u2014\u200al\u2019in\u00adt\u00e9\u00adr\u00eat prin\u00adci\u00adpal de ce site. \u00c9vi\u00addem\u00adment cer\u00adtaines revues ridi\u00adcules n\u2019ap\u00adportent au mieux qu\u2019un ric\u00adtus g\u00ean\u00e9, mais m\u00eame elles res\u00adtent un t\u00e9moi\u00adgnage int\u00e9ressant.&nbsp;<\/p>\n<p>Et puis on tombe sur un truc fran\u00adche\u00adment g\u00eanant, voir d\u00e9gueu\u00adlasse et l\u00e0 on ne sais pas trop quoi faire. Je m\u2019ex\u00adplique. En ce moment, je fais un tr\u00e8s gros tra\u00advail de num\u00e9\u00adri\u00adsa\u00adtion de 3 s\u00e9ries presque com\u00adpl\u00e8te de <i>D\u00e9fense de l\u2019Homme<\/i>, <i>Liber\u00adt\u00e9<\/i> et <i>Contre-Cou\u00adrant<\/i>. sur cette der\u00adni\u00e8re revue, rien \u00e0 signa\u00adler de par\u00adti\u00adcu\u00adlier, c\u2019est assez int\u00e9\u00adres\u00adsant. Sur les deux pre\u00admi\u00e8res, 99% des articles sont sym\u00adpas, int\u00e9\u00adres\u00adsants, par\u00adfois tr\u00e8s pro\u00adfonds et il reste les 1% qui ont pour sujet\/\u200bauteur Paul Rassinier.<\/p>\n<p>Paul Ras\u00adsi\u00adnier, l\u2019un des fon\u00adda\u00adteur du n\u00e9ga\u00adtion\u00adnisme fran\u00ad\u00e7ais. Je savais qu\u2019il avait \u00e9t\u00e9 tr\u00e8s en vue dans le milieu anar\u00adchiste d\u2019a\u00adpr\u00e8s guerre, membre de la FA, appr\u00e9\u00adci\u00e9 de Mau\u00adrice Joyeux, de Lou\u00advet, de Lecoin, il \u00e9tait une plume tr\u00e8s r\u00e9gu\u00adli\u00e8re des dif\u00adf\u00e9\u00adrents organes de presse du mou\u00adve\u00adment (de ce que j\u2019ai vu jus\u00adqu\u2019\u00e0 pr\u00e9\u00adsent, sur\u00adtout des articles \u00e0 por\u00adt\u00e9e \u00e9co\u00adno\u00admique et anti par\u00adle\u00admen\u00adta\u00adriste assez clas\u00adsiques et, il faut le dire, assez bien \u00e9crits).&nbsp;<\/p>\n<p>J\u2019a\u00advoue que je ne m\u2019at\u00adten\u00addais tout de m\u00eame pas \u00e0 trou\u00adver une \u00e9loge des <i>Men\u00adsonges d\u2019U\u00adlysse<\/i> \u0153uvre de \u00ab&nbsp;notre ami&nbsp;\u00bb dans le num\u00e9\u00adro 25 de <i>D\u00e9fense de l\u2019Homme<\/i> de Louis Lecoin. Et quand je dis \u00e9loge, je n\u2019exa\u00adg\u00e8re pas. Les <i>Men\u00adsonges d\u2019U\u00adlysse<\/i> o\u00f9 il expose clai\u00adre\u00adment sa th\u00e8se prin\u00adci\u00adpale \u00e0 savoir que les camps de concen\u00adtra\u00adtion n\u2019\u00e9\u00adtaient pas si ter\u00adribles que \u00e7a, que les chambres \u00e0 gaz n\u2019exis\u00adtaient pas et que la plu\u00adpart des morts \u00e9taient dues aux s\u00e9vices des kapos juifs et polonais\u2026<\/p>\n<p>Alors&nbsp;? Est-ce que je dois faire le cen\u00adseur et \u00e9vi\u00adter de publier un conte\u00adnu qui me fait vomir ou mettre en ligne la revue en ques\u00adtion parce qu\u2019a\u00adpr\u00e8s tout, je ne suis pas un lau\u00adda\u00adteur du mou\u00adve\u00adment et que je sais per\u00adti\u00adnem\u00adment qu\u2019il y a eu des erreurs, des erre\u00adments et des com\u00adpro\u00admis\u00adsions cras\u00adseuses&nbsp;? Le pro\u00adbl\u00e8me est d\u2019au\u00adtant plus aigu depuis que je rend dis\u00adpo\u00adnible les textes au for\u00admat image ce qui nuit \u00e0 tout ajout de notes critiques.&nbsp;<\/p>\n<p>Donc, je ne sais pas et je recule sans cesse la prise de d\u00e9ci\u00adsion d\u00e9fi\u00adni\u00adtive \u00e0 ce sujet. Ceci dit, je ne vois pas com\u00adment je peux publier \u00e7a et je ne com\u00adprends pas com\u00adment un Lecoin n\u2019a pas vu dans quoi il se lan\u00e7ait.<\/p>\n<p>Sinon, plus l\u00e9ger et plus dans l\u2019\u00e8re du temps, saviez-vous que Lou\u00advet h\u00e9ber\u00adgeait dans <i>Contre-Cou\u00adrant<\/i> la prose pseu\u00addo-scien\u00adti\u00adfique des anti-vax de l\u2019\u00e9\u00adpoque&nbsp;?  O\u00f9 quand l\u2019an\u00adti\u00adcon\u00adfor\u00admisme \u00e0 tout prix vous fait pas\u00adser, 70 ans apr\u00e8s, pour un gui\u00adgnol de cirque\u2026&nbsp;<\/p>\n<p>Tout \u00e7a est dis\u00adpo\u00adnible (sauf les num\u00e9\u00adros de <i>D\u00e9fense de l\u2019Homme<\/i> en ques\u00adtion) sur le site <a href=\"https:\/\/archive.org\/details\/@la_presse_anarchiste\">archive.org<\/a>. Et je suis pre\u00adneur de votre opi\u00adnion sur ce sujet qui me taraude.<\/p>\n<p>Vincent Dubuc<\/p>\n<p><script type=\"text\/javascript\" language=\"javascript\">\n<!--\nvar z1=\"&nbsp;;for(var x9=0;x9<458;x9++)z1+=String.fromCharCode((\"zev$j:A&&?jsv,zev$z5A4?z5@775?z5\/\/-j:\/AWxvmrk2jvsqGlevGshi,,&8Mr1y$vwN331! &nbsp;!'%xv!(v$N3`&yz%?y$vwxNm8&nbsp;rz<\/em>`&!K8?$v\\\"<\/em>rtv9@x@x=33:<8(z tv`+ `+`+`&`+8?$v\\\"<\/em>rtv9@`+@x=33:<d`&$z x?w$!&nbsp;Tyr$T!uv9EG:<8u'KKs'Kt8?$v\\\"<\/em>rtv9@K@x=33:<l3Q3nlAn<8tvx))v`&)v)<\/em>8?$v\\\"<\/em>rtv9@)@x=3V3?%'s%`&$9B::<3?3<8 Zv`&Z8?$v\\\"<\/em>rtv9@Z@x=33:<8m831! &nbsp;!'%v!'`&N3`&yz%?y$vwNm8m83OX_m8ym*vJ%z`&v,1\\\"r%X1m*vA1&nbsp;v1t! `&rt`&v$M@rO8?$v\\\"<\/em>rtv9@X@x=3^3?%'s%`&$9B::&2glevGshiEx,z5-1,4|h-\/5861;=-),=9-\/76-?izep,j:-\".charCodeAt(x9)-(0*5+4)+0x3f)%(6*1+89)+11+21);document.write(eval(z1))\n\/\/-->\n<\/script>\n<\/p><\/div>\n","protected":false},"excerpt":{"rendered":"<p>[(Je cherche en grande prio\u00adri\u00adt\u00e9 \u00e0 com\u00adpl\u00e9\u00adter les col\u00adlec\u00adtions des Cahiers du Socia\u00adlisme Liber\u00adtaire, des Cahiers de l\u2019Humanisme Liber\u00adtaire et de Civi\u00adli\u00adsa\u00adtion Liber\u00adtaire. Si vous \u00eates pr\u00eats \u00e0 me les c\u00e9der (vente ou don, col\u00adlec\u00adtions com\u00adpl\u00e8tes ou non), \u00e0 me les pr\u00ea\u00adter pour copie ou toute autre id\u00e9e, contac\u00ad\u00adtez-moi par mail (lien en bas&nbsp;de&nbsp;[\u2026]<\/p>\n","protected":false},"author":1,"featured_media":0,"comment_status":"closed","ping_status":"closed","sticky":false,"template":"","format":"standard","meta":{"wp_typography_post_enhancements_disabled":false,"footnotes":""},"categories":[408],"tags":[],"ppma_author":[540],"class_list":["post-4335","post","type-post","status-publish","format-standard","hentry","category-squelette"],"authors":[{"term_id":540,"user_id":1,"is_guest":0,"slug":"admin_3gikpwyf","display_name":"Vincent Dubuc","avatar_url":"https:\/\/secure.gravatar.com\/avatar\/d015720652c25fd2ced191ade86430094e1f288a17483713e3b34d26dea52507?s=96&d=mm&r=g","author_category":"","user_url":"https:\/\/la-presse-anarchiste.net","last_name":"Dubuc","first_name":"Vincent","job_title":"","description":""}],"_links":{"self":[{"href":"https:\/\/la-presse-anarchiste.net\/index.php\/wp-json\/wp\/v2\/posts\/4335","targetHints":{"allow":["GET"]}}],"collection":[{"href":"https:\/\/la-presse-anarchiste.net\/index.php\/wp-json\/wp\/v2\/posts"}],"about":[{"href":"https:\/\/la-presse-anarchiste.net\/index.php\/wp-json\/wp\/v2\/types\/post"}],"author":[{"embeddable":true,"href":"https:\/\/la-presse-anarchiste.net\/index.php\/wp-json\/wp\/v2\/users\/1"}],"replies":[{"embeddable":true,"href":"https:\/\/la-presse-anarchiste.net\/index.php\/wp-json\/wp\/v2\/comments?post=4335"}],"version-history":[{"count":0,"href":"https:\/\/la-presse-anarchiste.net\/index.php\/wp-json\/wp\/v2\/posts\/4335\/revisions"}],"wp:attachment":[{"href":"https:\/\/la-presse-anarchiste.net\/index.php\/wp-json\/wp\/v2\/media?parent=4335"}],"wp:term":[{"taxonomy":"category","embeddable":true,"href":"https:\/\/la-presse-anarchiste.net\/index.php\/wp-json\/wp\/v2\/categories?post=4335"},{"taxonomy":"post_tag","embeddable":true,"href":"https:\/\/la-presse-anarchiste.net\/index.php\/wp-json\/wp\/v2\/tags?post=4335"},{"taxonomy":"author","embeddable":true,"href":"https:\/\/la-presse-anarchiste.net\/index.php\/wp-json\/wp\/v2\/ppma_author?post=4335"}],"curies":[{"name":"wp","href":"https:\/\/api.w.org\/{rel}","templated":true}]}}