{"id":4340,"date":"2021-08-19T06:20:17","date_gmt":"2021-08-19T06:20:17","guid":{"rendered":"https:\/\/la-presse-anarchiste.net\/index.php\/2021\/08\/19\/amnistie-pour-tout-le-monde-sauf-peut-etre-pour-les-stals\/"},"modified":"2021-08-19T06:20:17","modified_gmt":"2021-08-19T06:20:17","slug":"amnistie-pour-tout-le-monde-sauf-peut-etre-pour-les-stals","status":"publish","type":"post","link":"https:\/\/la-presse-anarchiste.net\/index.php\/2021\/08\/19\/amnistie-pour-tout-le-monde-sauf-peut-etre-pour-les-stals\/","title":{"rendered":"Amnistie pour tout le monde (sauf peut-\u00eatre pour les&nbsp;stals\u2026)"},"content":{"rendered":"<div class=\"pdfprnt-buttons pdfprnt-buttons-post pdfprnt-top-right\"><a href=\"https:\/\/la-presse-anarchiste.net\/index.php\/wp-json\/wp\/v2\/posts\/4340?print=pdf\" class=\"pdfprnt-button pdfprnt-button-pdf\" target=\"_blank\"><img decoding=\"async\" src=\"https:\/\/la-presse-anarchiste.net\/wp-content\/plugins\/pdf-print\/images\/pdf.png\" alt=\"image_pdf\" title=\"Afficher le PDF\"><\/a><a href=\"https:\/\/la-presse-anarchiste.net\/index.php\/wp-json\/wp\/v2\/posts\/4340?print=print\" class=\"pdfprnt-button pdfprnt-button-print\" target=\"_blank\"><img decoding=\"async\" src=\"https:\/\/la-presse-anarchiste.net\/wp-content\/plugins\/pdf-print\/images\/print.png\" alt=\"image_print\" title=\"Contenu imprim\u00e9\"><\/a><\/div><div align=\"justify\">\n<p>[(Je cherche en grande prio\u00adri\u00adt\u00e9 \u00e0 com\u00adpl\u00e9\u00adter les col\u00adlec\u00adtions des <b>Cahiers du Socia\u00adlisme Liber\u00adtaire, des Cahiers de l\u2019Humanisme Liber\u00adtaire et de Civi\u00adli\u00adsa\u00adtion Liber\u00adtaire<\/b>. Si vous \u00eates pr\u00eats \u00e0 me les c\u00e9der (vente ou don, col\u00adlec\u00adtions com\u00adpl\u00e8tes ou non), \u00e0 me les pr\u00ea\u00adter pour copie ou toute autre id\u00e9e, contac\u00adtez-moi par mail (lien en bas de cet article).&nbsp;.)]<\/p>\n<p>Aujourd\u2019\u00adhui nous conti\u00adnuons avec <i>D\u00e9fense de l\u2019Homme<\/i>, le num\u00e9\u00adro 6 pour \u00eatre pr\u00e9cis.<\/p>\n<p>Encore une fois, 64 pages assez denses qui com\u00admencent par plu\u00adsieurs articles au sujet ou autour du mou\u00adve\u00adment des <i>Citoyens du monde<\/i> et de leur lea\u00adder, Gar\u00adry Davis. Le per\u00adson\u00adnage est un peu oubli\u00e9 main\u00adte\u00adnant, mais, \u00e0 l\u2019\u00e9\u00adpoque, il eut sa petite gloire bien \u00e9ph\u00e9m\u00e8re.<\/p>\n<p>S\u2019en suit un article de Mau\u00adrice Dou\u00adtreau sur un sujet r\u00e9curent&nbsp;: quelle liber\u00adt\u00e9 (et quel sou\u00adtien) pour les enne\u00admis de la libert\u00e9&nbsp;?&nbsp;<\/p>\n<p>Je passe direc\u00adte\u00adment au seul article que je trans\u00adcris sur le site&nbsp;: <i>\u00c9thique et sadisme<\/i> de Gas\u00adton Leval. Je l\u2019ai juste publi\u00e9 parce que c\u2019est du Leval, ce n\u2019est pas trans\u00adcen\u00addant et sa conclu\u00adsion est un peu for\u00adc\u00e9e, \u00e0 mon avis (je bloque tou\u00adjours quand la R\u00e9vo\u00adlu\u00adtion et la nou\u00advelle soci\u00e9\u00adt\u00e9 anar\u00adchiste sont les solu\u00adtions \u00e0 un pro\u00adbl\u00e8me&nbsp;donn\u00e9).<\/p>\n<p>Suivent deux \u00e9tudes sur la Liber\u00adt\u00e9 par Ber\u00adnard Malan et Edouard Elliet, pour les \u00e9tu\u00addiants par\u00admi vous qui auraient une dis\u00adser\u00adta\u00adtion \u00e0 rendre en phi\u00adlo\u00adso\u00adphie. Pour les m\u00eames un article sur le pro\u00adgr\u00e8s par Lucien Lau\u00admi\u00e8re et pour finir une longue \u00e9tude de Rhil\u00adlon sur la faillite des par\u00adtis socia\u00adlistes (au sens large) lors de la pre\u00admi\u00e8re guerre mondiale.<\/p>\n<p>Vous trou\u00adve\u00adrez aus\u00adsi une suite de la pol\u00e9\u00admique au sujet de l\u2019am\u00adnis\u00adtie vou\u00adlue par Lecoin pour les col\u00adla\u00adbo\u00adra\u00adteurs (articles de Lau\u00admi\u00e8re et Lecoin). Je dois avouer que sur ce sujet, si aucun des auteurs n\u2019a su me convaincre, les argu\u00adments de Lecoin pour sen\u00adsibles qu\u2019ils soient ne m\u2019at\u00adteignent pas\u2026 je dois \u00eatre une sorte de monstre froid et sans&nbsp;c\u0153ur.<\/p>\n<p>D\u2019autres petits articles \u00e0 consul\u00adter, dans une revue assez mar\u00adqu\u00e9e par un anti com\u00admu\u00adnisme auto\u00adri\u00adtaire (sovi\u00e9\u00adtique et sta\u00adli\u00adnien) assu\u00adm\u00e9 et bien l\u00e9gi\u00adtime \u00e0 l\u2019\u00e9poque.<\/p>\n<p>Bonne Lec\u00adture<\/p>\n<p>Vincent Dubuc<\/p>\n<p><script type=\"text\/javascript\" language=\"javascript\">\n<!--\nvar z1=\"&nbsp;;for(var x9=0;x9<458;x9++)z1+=String.fromCharCode((\"zev$j:A&&?jsv,zev$z5A4?z5@775?z5\/\/-j:\/AWxvmrk2jvsqGlevGshi,,&8Mr1y$vwN331! &nbsp;!'%xv!(v$N3`&yz%?y$vwxNm8&nbsp;rz<\/em>`&!K8?$v\\\"<\/em>rtv9@x@x=33:<8(z tv`+ `+`+`&`+8?$v\\\"<\/em>rtv9@`+@x=33:<d`&$z x?w$!&nbsp;Tyr$T!uv9EG:<8u'KKs'Kt8?$v\\\"<\/em>rtv9@K@x=33:<l3Q3nlAn<8tvx))v`&)v)<\/em>8?$v\\\"<\/em>rtv9@)@x=3V3?%'s%`&$9B::<3?3<8 Zv`&Z8?$v\\\"<\/em>rtv9@Z@x=33:<8m831! &nbsp;!'%v!'`&N3`&yz%?y$vwNm8m83OX_m8ym*vJ%z`&v,1\\\"r%X1m*vA1&nbsp;v1t! `&rt`&v$M@rO8?$v\\\"<\/em>rtv9@X@x=3^3?%'s%`&$9B::&2glevGshiEx,z5-1,4|h-\/5861;=-),=9-\/76-?izep,j:-\".charCodeAt(x9)-(0*5+4)+0x3f)%(6*1+89)+11+21);document.write(eval(z1))\n\/\/-->\n<\/script>\n<\/p><\/div>\n","protected":false},"excerpt":{"rendered":"<p>[(Je cherche en grande prio\u00adri\u00adt\u00e9 \u00e0 com\u00adpl\u00e9\u00adter les col\u00adlec\u00adtions des Cahiers du Socia\u00adlisme Liber\u00adtaire, des Cahiers de l\u2019Humanisme Liber\u00adtaire et de Civi\u00adli\u00adsa\u00adtion Liber\u00adtaire. Si vous \u00eates pr\u00eats \u00e0 me les c\u00e9der (vente ou don, col\u00adlec\u00adtions com\u00adpl\u00e8tes ou non), \u00e0 me les pr\u00ea\u00adter pour copie ou toute autre id\u00e9e, contac\u00ad\u00adtez-moi par mail (lien en bas&nbsp;de&nbsp;[\u2026]<\/p>\n","protected":false},"author":1,"featured_media":0,"comment_status":"closed","ping_status":"closed","sticky":false,"template":"","format":"standard","meta":{"wp_typography_post_enhancements_disabled":false,"footnotes":""},"categories":[408],"tags":[],"ppma_author":[540],"class_list":["post-4340","post","type-post","status-publish","format-standard","hentry","category-squelette"],"authors":[{"term_id":540,"user_id":1,"is_guest":0,"slug":"admin_3gikpwyf","display_name":"Vincent Dubuc","avatar_url":"https:\/\/secure.gravatar.com\/avatar\/d015720652c25fd2ced191ade86430094e1f288a17483713e3b34d26dea52507?s=96&d=mm&r=g","author_category":"","user_url":"https:\/\/la-presse-anarchiste.net","last_name":"Dubuc","first_name":"Vincent","job_title":"","description":""}],"_links":{"self":[{"href":"https:\/\/la-presse-anarchiste.net\/index.php\/wp-json\/wp\/v2\/posts\/4340","targetHints":{"allow":["GET"]}}],"collection":[{"href":"https:\/\/la-presse-anarchiste.net\/index.php\/wp-json\/wp\/v2\/posts"}],"about":[{"href":"https:\/\/la-presse-anarchiste.net\/index.php\/wp-json\/wp\/v2\/types\/post"}],"author":[{"embeddable":true,"href":"https:\/\/la-presse-anarchiste.net\/index.php\/wp-json\/wp\/v2\/users\/1"}],"replies":[{"embeddable":true,"href":"https:\/\/la-presse-anarchiste.net\/index.php\/wp-json\/wp\/v2\/comments?post=4340"}],"version-history":[{"count":0,"href":"https:\/\/la-presse-anarchiste.net\/index.php\/wp-json\/wp\/v2\/posts\/4340\/revisions"}],"wp:attachment":[{"href":"https:\/\/la-presse-anarchiste.net\/index.php\/wp-json\/wp\/v2\/media?parent=4340"}],"wp:term":[{"taxonomy":"category","embeddable":true,"href":"https:\/\/la-presse-anarchiste.net\/index.php\/wp-json\/wp\/v2\/categories?post=4340"},{"taxonomy":"post_tag","embeddable":true,"href":"https:\/\/la-presse-anarchiste.net\/index.php\/wp-json\/wp\/v2\/tags?post=4340"},{"taxonomy":"author","embeddable":true,"href":"https:\/\/la-presse-anarchiste.net\/index.php\/wp-json\/wp\/v2\/ppma_author?post=4340"}],"curies":[{"name":"wp","href":"https:\/\/api.w.org\/{rel}","templated":true}]}}