{"id":438,"date":"2007-06-17T09:47:26","date_gmt":"2007-06-17T09:47:26","guid":{"rendered":"https:\/\/la-presse-anarchiste.net\/index.php\/2007\/06\/17\/creation-dun-comite-espagne-revolutionnaire\/"},"modified":"2007-06-17T09:47:26","modified_gmt":"2007-06-17T09:47:26","slug":"creation-dun-comite-espagne-revolutionnaire","status":"publish","type":"post","link":"https:\/\/la-presse-anarchiste.net\/index.php\/2007\/06\/17\/creation-dun-comite-espagne-revolutionnaire\/","title":{"rendered":"Cr\u00e9ation d\u2019un comit\u00e9 Espagne r\u00e9volutionnaire"},"content":{"rendered":"<div class=\"pdfprnt-buttons pdfprnt-buttons-post pdfprnt-top-right\"><a href=\"https:\/\/la-presse-anarchiste.net\/index.php\/wp-json\/wp\/v2\/posts\/438?print=pdf\" class=\"pdfprnt-button pdfprnt-button-pdf\" target=\"_blank\"><img decoding=\"async\" src=\"https:\/\/la-presse-anarchiste.net\/wp-content\/plugins\/pdf-print\/images\/pdf.png\" alt=\"image_pdf\" title=\"Afficher le PDF\"><\/a><a href=\"https:\/\/la-presse-anarchiste.net\/index.php\/wp-json\/wp\/v2\/posts\/438?print=print\" class=\"pdfprnt-button pdfprnt-button-print\" target=\"_blank\"><img decoding=\"async\" src=\"https:\/\/la-presse-anarchiste.net\/wp-content\/plugins\/pdf-print\/images\/print.png\" alt=\"image_print\" title=\"Contenu imprim\u00e9\"><\/a><\/div><p class=\"post_excerpt\">Pour la pre\u00admi\u00e8re fois depuis pas mal de temps, une ten\u00adta\u00adtive uni\u00adtaire a vu le jour dans le mou\u00adve\u00adment anar\u00adchiste fran\u00ad\u00e7ais&nbsp;; il s\u2019a\u00adgit de la cr\u00e9a\u00adtion d\u2019un Comi\u00adt\u00e9 Espagne R\u00e9vo\u00adlu\u00adtion\u00adnaire dont nous publions la pr\u00e9\u00adsen\u00adta\u00adtion officielle.<\/p>\n<p><!--more--><\/p>\n<div align=\"justify\">\n<h2>Espagne r\u00e9volutionnaire<\/h2>\n<p><strong> <em>Bul\u00adle\u00adtin d\u2019in\u00adfor\u00adma\u00adtions du Col\u00adlec\u00adtif Espagne R\u00e9vo\u00adlu\u00adtion\u00adnaire<\/em> <\/strong><\/p>\n<p>\tLe pr\u00e9\u00adsent bul\u00adle\u00adtin est la pre\u00admi\u00e8re expres\u00adsion publique du Col\u00adlec\u00adtif Espagne R\u00e9volutionnaire.<\/p>\n<p>\tCe Col\u00adlec\u00adtif s\u2019est fix\u00e9 pour t\u00e2che l\u2019in\u00adfor\u00adma\u00adtion et le sou\u00adtien aux luttes ouvri\u00e8res et popu\u00adlaires anti\u00adca\u00adpi\u00adta\u00adlistes, \u00e0 la Conf\u00e9\u00add\u00e9\u00adra\u00adtion Natio\u00adnale du Tra\u00advail, aux orga\u00adni\u00adsa\u00adtions, groupes et mili\u00adtants qui luttent dans le sens de l\u2019au\u00adto\u00adno\u00admie et de l\u2019u\u00adni\u00adt\u00e9 ouvri\u00e8re, d\u2019une pra\u00adtique r\u00e9vo\u00adlu\u00adtion\u00adnaire de masse et de classe.<\/p>\n<p>\tLe Col\u00adlec\u00adtif s\u2019est cr\u00e9\u00e9 \u00e0 l\u2019i\u00adni\u00adtia\u00adtive des groupes sui\u00advants&nbsp;: Alliance Syn\u00addi\u00adca\u00adliste, Groupe Com\u00admu\u00adniste Liber\u00adtaire Archives, \u00ab&nbsp;Lan\u00adterne Noire&nbsp;\u00bb, Orga\u00adni\u00adsa\u00adtion Com\u00adbat Anar\u00adchiste, Orga\u00adni\u00adsa\u00adtion Com\u00admu\u00adniste Liber\u00adtaire, \u00ab&nbsp;Poing Noir&nbsp;\u00bb, \u00ab&nbsp;Tri\u00adbune Anar\u00adchiste Com\u00admu\u00adniste&nbsp;\u00bb, Union des Tra\u00advailleurs Com\u00admu\u00adnistes Libertaires.<\/p>\n<p>Une r\u00e9union heb\u00addo\u00adma\u00addaire de tra\u00advail est orga\u00adni\u00ads\u00e9e tous les mar\u00addis, \u00e0 19&nbsp;h&nbsp;30 au si\u00e8ge de Front Liber\u00adtaire, 33 rue des Vignoles, 75020 Paris, t\u00e9l&nbsp;: 370&nbsp;46&nbsp;86. Le Col\u00adlec\u00adtif est ouvert \u00e0 d\u2019autres orga\u00adni\u00adsa\u00adtions et groupes que ceux pr\u00e9\u00adci\u00adt\u00e9s&nbsp;: groupes de tra\u00advailleurs, groupes de femmes, groupes de quar\u00adtiers, etc\u2026 et aux indi\u00advi\u00addus qui s\u2019in\u00adt\u00e9\u00adgre\u00adront dans un tra\u00advail pr\u00e9\u00adcis ou \u00e0 une commission.<\/p>\n<p>\tLe Col\u00adlec\u00adtif se donne pour t\u00e2che \u00e0 court terme de publier par l\u2019in\u00adter\u00adm\u00e9\u00addiaire du pr\u00e9\u00adsent bul\u00adle\u00adtin d\u2019in\u00adfor\u00adma\u00adtion \u00e0 paru\u00adtion d\u2019a\u00adbord quin\u00adzo\u00adma\u00addaire puis heb\u00addo, et d\u2019un pro\u00adchain jour\u00adnal \u00e0 paru\u00adtion men\u00adsuelle (nous l\u2019es\u00adp\u00e9\u00adrons)&nbsp;: tous les textes pro\u00adve\u00adnant de nos cama\u00adrades espa\u00adgnols et s\u2019ins\u00adcri\u00advant dans le cadre de la plate-forme, ain\u00adsi que des infor\u00adma\u00adtions rapides.<\/p>\n<p>\tLe Col\u00adlec\u00adtif se veut un outil d\u2019in\u00adfor\u00adma\u00adtion le plus large et le plus objec\u00adtif pos\u00adsible sur la situa\u00adtion et les luttes du mou\u00adve\u00adment ouvrier auto\u00adnome en Espagne afin de sus\u00adci\u00adter un mou\u00adve\u00adment de sou\u00adtien effectif.<\/p>\n<p>\tOn pour\u00adra se pro\u00adcu\u00adrer le pr\u00e9\u00adsent bul\u00adle\u00adtin et prendre contact avec le collec\u00adtif en \u00e9cri\u00advant \u00e0&nbsp;: C.E.R. c\/\u200bo Alliance Syn\u00addi\u00adca\u00adliste, 3 rue Berthe, 75018&nbsp;Paris.<\/p>\n<h2>Notes de la Lanterne Noire a propos de ce comit\u00e9&nbsp;:<\/h2>\n<p>\tIl va sans dire que cha\u00adcun des par\u00adti\u00adci\u00adpants a \u00e9t\u00e9 obli\u00adg\u00e9 de faire quelques conces\u00adsions pour faire exis\u00adter ce comi\u00adt\u00e9&nbsp;; nous regret\u00adtons \u00e0 ce pro\u00adpos que la FA n\u2019ait pas par\u00adti\u00adci\u00adp\u00e9 aux r\u00e9unions de dis\u00adcus\u00adsion pour la consti\u00adtu\u00adtion du comi\u00adt\u00e9, quitte \u00e0 ne pas y par\u00adti\u00adci\u00adper ensuite \u00e0 cause de telle ou telle diver\u00adgence. Nous sommes per\u00adsua\u00add\u00e9s que cette atti\u00adtude ne repr\u00e9\u00adsente pas l\u2019en\u00adsemble des mili\u00adtants de la FA dont un grand nombre ne furent mis au cou\u00adrant ni des pro\u00adpo\u00adsi\u00adtions de r\u00e9union, ni du refus fait \u00ab&nbsp;au nom de l\u2019organisation&nbsp;\u00bb.<\/p>\n<p>\tUn obs\u00adtacle a \u00e9t\u00e9 lev\u00e9&nbsp;: tous sont tom\u00adb\u00e9s d\u2019ac\u00adcord pour que ce comi\u00adt\u00e9 ne soit pas seule\u00adment de sou\u00adtient \u00e0 la CNT mais \u00e0 toutes les luttes r\u00e9vo\u00adlu\u00adtion\u00adnaires et anti\u00adau\u00adto\u00adri\u00adtaires men\u00e9es ou non par des mili\u00adtants de la CNT. Les textes publi\u00e9s dans le bul\u00adle\u00adtin ou dans le jour\u00adnal peuvent pro\u00adve\u00adnir donc de tontes les ten\u00addances dans et hors la CNT, si elles viennent de cama\u00adrades espa\u00adgnols. Nous rap\u00adpe\u00adlons que le comi\u00adt\u00e9 est par ailleurs ouvert \u00e0 tous les groupes ou orga\u00adni\u00adsa\u00adtions qui acceptent la pr\u00e9\u00adsen\u00adta\u00adtion et le fonc\u00adtion\u00adne\u00adment qu\u2019ils soient stric\u00adte\u00adment anar\u00adchistes ou&nbsp;pas.<\/p>\n<p>\tPour nous, ce comi\u00adt\u00e9 repr\u00e9\u00adsente bien autre chose que les tris\u00adte\u00adment c\u00e9l\u00e8bres \u00ab&nbsp;Comi\u00adt\u00e9 Viet\u00adnam&nbsp;\u00bb ou \u00ab&nbsp;Comi\u00adt\u00e9 Pales\u00adtine&nbsp;\u00bb et pour trois rai\u00adsons principales&nbsp;:<\/p>\n<p>\u2014 il n\u2019y est d\u00e9fen\u00addu aucune posi\u00adtion fron\u00adtiste, c\u2019est-\u00e0-dire d\u2019al\u00adliance avec une bour\u00adgeoi\u00adsie natio\u00adnale ou sup\u00adpor\u00adtant un quel\u00adconque gou\u00adver\u00adne\u00adment de tran\u00adsi\u00adtion. Il n\u2019y est sou\u00adte\u00adnu que des luttes d\u2019ex\u00adploi\u00adt\u00e9s ou des luttes de groupes ou d\u2019or\u00adga\u00adni\u00adsa\u00adtions qui pr\u00f4nent clai\u00adre\u00adment le com\u00admu\u00adnisme liber\u00adtaire, une soci\u00e9\u00adt\u00e9 sans&nbsp;\u00c9tat.<\/p>\n<p>\u200a\u2014\u200ace comi\u00adt\u00e9 ne doit pas repr\u00e9\u00adsen\u00adter un \u00ab&nbsp;espace&nbsp;\u00bb pour mili\u00adtant d\u00e9soeu\u00advr\u00e9 tou\u00adjours pr\u00eat \u00e0 d\u00e9fendre une cause loin\u00adtaine par exo\u00adtisme, et \u00e0 accep\u00adter la situa\u00adtion proche. C\u2019est pour\u00adquoi ce sont des groupes exis\u00adtant dans les luttes actuelles en France (poli\u00adtiques, de quar\u00adtiers, de femmes, d\u2019en\u00adtre\u00adprises, etc) qui peuvent adh\u00e9\u00adrer \u00e0 ce comi\u00adt\u00e9&nbsp;; il ne doit pas \u00eatre dans nos objec\u00adtifs de consti\u00adtuer des comi\u00adt\u00e9s E.R. com\u00adpo\u00ads\u00e9s de gens ne mili\u00adtant que l\u00e0, pour consti\u00adtuer une struc\u00adture, un groupe, qui ne s\u2019oc\u00adcu\u00adpe\u00adrait que de l\u2019Es\u00adpagne, outre que cela consti\u00adtue\u00adrait un mili\u00adtan\u00adtisme sub\u00adsti\u00adtu\u00adtif, cela entra\u00ee\u00adne\u00adrait une p\u00eache \u00e0 la ligne de la part des groupes et orga\u00adni\u00adsa\u00adtions qui les vivraient de fait comme une \u00ab&nbsp;orga\u00adni\u00adsa\u00adtion de&nbsp;masse&nbsp;\u00bb.<\/p>\n<p>\u200a\u2014\u200ales luttes en Espagne ne nous sont pas plus \u00e9loi\u00adgn\u00e9es que cer\u00adtaines luttes en France&nbsp;; le capi\u00adtal abo\u00adlit lui m\u00eame les fron\u00adti\u00e8res, et il n\u2019est pas dans notre atten\u00adtion de les r\u00e9ta\u00adblir au niveau poli\u00adtique. Un ouvrier fran\u00ad\u00e7ais et un ouvrier espa\u00adgnol ont r\u00e9el\u00adle\u00adment des choses \u00e0 dis\u00adcu\u00adter, \u00e0 \u00e9chan\u00adger, \u00e0 pra\u00adti\u00adquer. Ce n\u2019est pas le cas d\u2019un ouvrier fran\u00ad\u00e7ais et d\u2019un pay\u00adsan viet\u00adna\u00admien ou pales\u00adti\u00adnien car alors le dia\u00adlogue se fait par diri\u00adgeant inter\u00adpo\u00ads\u00e9 et fina\u00adle\u00adment donc ren\u00adforce les dif\u00adf\u00e9\u00adrences au lieu de les diminuer.<\/p>\n<hr>\n<h2>Mise au&nbsp;point<\/h2>\n<p>\tLa situa\u00adtion en Espagne \u00e9vo\u00adlue rapi\u00adde\u00adment. Le d\u00e9ve\u00adlop\u00adpe\u00adment de la C.N.T. s\u2019ac\u00adcro\u00eet et elle est en train de deve\u00adnir une des orga\u00adni\u00adsa\u00adtions les plus impor\u00adtantes d\u2019Es\u00adpagne, aus\u00adsi bien en nombre d\u2019adh\u00e9\u00adrents que par l\u2019\u00e9\u00adcho qu\u2019elle \u00e9veille par\u00admi les travailleurs.<\/p>\n<p>\tDans ce pro\u00adces\u00adsus il y a eu deux moments fon\u00adda\u00admen\u00adtaux&nbsp;: l\u2019un c\u2019est la gr\u00e8ve de la Roca en Cata\u00adlogne, l\u2019autre c\u2019est le mee\u00adting de la Pla\u00adza de Toros de San S\u00e9bas\u00adtian de los Reyes, \u00e0 14 km de Madrid.<\/p>\n<p>\tL\u2019ap\u00adpui incon\u00addi\u00adtion\u00adnel de la C.N.T. \u00e0 la gr\u00e8ve de Roca signi\u00adfia un v\u00e9ri\u00adtable triomphe moral par\u00admi les tra\u00advailleurs dans un sec\u00adteur de Bar\u00adce\u00adlone qui \u00e9tait le fief des CC.OO. jus\u00adqu\u2019\u00e0 ce moment.<\/p>\n<p>\tLes 30&nbsp;000 per\u00adsonnes qui par\u00adti\u00adci\u00adp\u00e8rent au mee\u00adting conf\u00e9\u00add\u00e9\u00adral, mal\u00adgr\u00e9 les dif\u00adfi\u00adcul\u00adt\u00e9s du trans\u00adport, tr\u00e8s jeunes pour la plu\u00adpart et repr\u00e9\u00adsen\u00adtant toutes les nuances de l\u2019a\u00adnar\u00adchisme mili\u00adtant, furent une grande sur\u00adprise pour tous, amis et ennemis.<\/p>\n<p>\tDe ce point de vue, les chiffres que nous don\u00adnons dans la pre\u00admi\u00e8re par\u00adtie de ce dos\u00adsier ne sont plus actuels, mais nous croyons qu\u2019il est utile de les pr\u00e9\u00adsen\u00adter car ils per\u00admettent d\u2019\u00e9\u00adva\u00adluer, dans le temps qui passe, l\u2019\u00e9\u00advo\u00adlu\u00adtion d\u2019un mou\u00adve\u00adment qui rena\u00eet char\u00adg\u00e9 d\u2019es\u00adpoir, en m\u00eame temps que le cli\u00admat plein de menaces et d\u2019o\u00adrages qu\u2019il fau\u00addra dissiper.<\/p>\n<p>\tAu len\u00adde\u00admain du 1<sup>er<\/sup> Mai il y a plus de 50 mili\u00adtants anar\u00adchistes dans les pri\u00adsons de Fran\u00adco\u2026 par\u00addon, de Juan Carlos.<\/p><\/div>\n","protected":false},"excerpt":{"rendered":"<p>Pour la pre\u00admi\u00e8re fois depuis pas mal de temps, une ten\u00adta\u00adtive uni\u00adtaire a vu le jour dans le mou\u00adve\u00adment anar\u00adchiste fran\u00ad\u00e7ais&nbsp;; il s\u2019a\u00adgit de la cr\u00e9a\u00adtion d\u2019un Comi\u00adt\u00e9 Espagne R\u00e9vo\u00adlu\u00adtion\u00adnaire dont nous publions la pr\u00e9\u00adsen\u00adta\u00adtion officielle.<\/p>\n","protected":false},"author":1,"featured_media":0,"comment_status":"closed","ping_status":"closed","sticky":false,"template":"","format":"standard","meta":{"wp_typography_post_enhancements_disabled":false,"footnotes":""},"categories":[41],"tags":[],"ppma_author":[540],"class_list":["post-438","post","type-post","status-publish","format-standard","hentry","category-la-lanterne-noire-na8-avril-1977"],"authors":[{"term_id":540,"user_id":1,"is_guest":0,"slug":"admin_3gikpwyf","display_name":"Vincent Dubuc","avatar_url":"https:\/\/secure.gravatar.com\/avatar\/d015720652c25fd2ced191ade86430094e1f288a17483713e3b34d26dea52507?s=96&d=mm&r=g","author_category":"","user_url":"https:\/\/la-presse-anarchiste.net","last_name":"Dubuc","first_name":"Vincent","job_title":"","description":""}],"_links":{"self":[{"href":"https:\/\/la-presse-anarchiste.net\/index.php\/wp-json\/wp\/v2\/posts\/438","targetHints":{"allow":["GET"]}}],"collection":[{"href":"https:\/\/la-presse-anarchiste.net\/index.php\/wp-json\/wp\/v2\/posts"}],"about":[{"href":"https:\/\/la-presse-anarchiste.net\/index.php\/wp-json\/wp\/v2\/types\/post"}],"author":[{"embeddable":true,"href":"https:\/\/la-presse-anarchiste.net\/index.php\/wp-json\/wp\/v2\/users\/1"}],"replies":[{"embeddable":true,"href":"https:\/\/la-presse-anarchiste.net\/index.php\/wp-json\/wp\/v2\/comments?post=438"}],"version-history":[{"count":0,"href":"https:\/\/la-presse-anarchiste.net\/index.php\/wp-json\/wp\/v2\/posts\/438\/revisions"}],"wp:attachment":[{"href":"https:\/\/la-presse-anarchiste.net\/index.php\/wp-json\/wp\/v2\/media?parent=438"}],"wp:term":[{"taxonomy":"category","embeddable":true,"href":"https:\/\/la-presse-anarchiste.net\/index.php\/wp-json\/wp\/v2\/categories?post=438"},{"taxonomy":"post_tag","embeddable":true,"href":"https:\/\/la-presse-anarchiste.net\/index.php\/wp-json\/wp\/v2\/tags?post=438"},{"taxonomy":"author","embeddable":true,"href":"https:\/\/la-presse-anarchiste.net\/index.php\/wp-json\/wp\/v2\/ppma_author?post=438"}],"curies":[{"name":"wp","href":"https:\/\/api.w.org\/{rel}","templated":true}]}}