{"id":445,"date":"2007-06-18T17:57:50","date_gmt":"2007-06-18T17:57:50","guid":{"rendered":"https:\/\/la-presse-anarchiste.net\/index.php\/2007\/06\/18\/allemagne-les-cellules-revolutionnaires-et-la-raf\/"},"modified":"2007-06-18T17:57:50","modified_gmt":"2007-06-18T17:57:50","slug":"allemagne-les-cellules-revolutionnaires-et-la-raf","status":"publish","type":"post","link":"https:\/\/la-presse-anarchiste.net\/index.php\/2007\/06\/18\/allemagne-les-cellules-revolutionnaires-et-la-raf\/","title":{"rendered":"Allemagne&nbsp;: les cellules r\u00e9volutionnaires et la&nbsp;RAF"},"content":{"rendered":"<div class=\"pdfprnt-buttons pdfprnt-buttons-post pdfprnt-top-right\"><a href=\"https:\/\/la-presse-anarchiste.net\/index.php\/wp-json\/wp\/v2\/posts\/445?print=pdf\" class=\"pdfprnt-button pdfprnt-button-pdf\" target=\"_blank\"><img decoding=\"async\" src=\"https:\/\/la-presse-anarchiste.net\/wp-content\/plugins\/pdf-print\/images\/pdf.png\" alt=\"image_pdf\" title=\"Afficher le PDF\"><\/a><a href=\"https:\/\/la-presse-anarchiste.net\/index.php\/wp-json\/wp\/v2\/posts\/445?print=print\" class=\"pdfprnt-button pdfprnt-button-print\" target=\"_blank\"><img decoding=\"async\" src=\"https:\/\/la-presse-anarchiste.net\/wp-content\/plugins\/pdf-print\/images\/print.png\" alt=\"image_print\" title=\"Contenu imprim\u00e9\"><\/a><\/div><p class=\"post_excerpt\">\t\u00c0 l\u2019heure actuelle, ce texte cir\u00adcule dans les milieux de gauche en Alle\u00admagne. D\u2019a\u00adpr\u00e8s les der\u00adni\u00e8res infor\u00adma\u00adtions re\u00e7ues d\u2019a\u00admis alle\u00admands, il y a actuel\u00adle\u00adment deux autres \u00ab&nbsp;lettres ouvertes&nbsp;\u00bb en cir\u00adcu\u00adla\u00adtion qui, elles aus\u00adsi, sont sign\u00e9es par les \u00ab&nbsp;Cel\u00adlules R\u00e9vo\u00adlu\u00adtion\u00adnaires&nbsp;\u00bb d\u00e9non\u00ad\u00e7ant d\u2019a\u00adbord la pre\u00admi\u00e8re lettre, puis la seconde comme \u00e9tant une \u00ab&nbsp;action men\u00e9e par les ser\u00advices pour la s\u00e9cu\u00adri\u00adt\u00e9 d\u2019\u00c9\u00adtat&nbsp;\u00bb (\u00e9qui\u00advalent des \u00ab&nbsp;Ren\u00adsei\u00adgne\u00adments g\u00e9n\u00e9\u00adraux&nbsp;\u00bb). En prin\u00adcipe nous devons les rece\u00advoir sous peu de&nbsp;temps\u2026<\/p>\n<p>\tQuant aux \u00ab&nbsp;Cel\u00adlules R\u00e9vo\u00adlu\u00adtion\u00adnaires&nbsp;\u00bb, per\u00adsonne dans la gauche alle\u00admande ne sait qui (per\u00adsonnes ou groupes) se cache l\u00e0 der\u00adri\u00e8re&nbsp;! \u00c0 ce pro\u00adpos, il n\u2019y a que de vagues hypo\u00adth\u00e8ses. Or depuis quelque temps, nombre d\u2019ac\u00adtions en Alle\u00admagne (fal\u00adsi\u00adfi\u00adca\u00adtion de tickets de trans\u00adport, atten\u00adtats \u00e0 la bombe contre les cen\u00adtrales nucl\u00e9aires et autres, etc.) \u00e9taient reven\u00addi\u00adqu\u00e9es par eux (les \u00ab&nbsp;Cel\u00adlules R\u00e9volutionnaires&nbsp;\u00bb\u2026).<\/p>\n<p>\tDepuis la mise en cir\u00adcu\u00adla\u00adtion de ce texte, Buback (le pro\u00adcu\u00adreur g\u00e9n\u00e9\u00adral) a \u00e9t\u00e9 assas\u00adsi\u00adn\u00e9 il y a quelques jours, ce qui actua\u00adlise peut-\u00eatre encore davan\u00adtage la dis\u00adcus\u00adsion pro\u00adpo\u00ads\u00e9e par, et dans, ce&nbsp;texte.<\/p>\n<p>\tDe toute mani\u00e8re, son int\u00e9\u00adr\u00eat en tant que tel consiste en ce qu\u2019il refl\u00e8te les posi\u00adtions (jus\u00adqu\u2019\u00e0 main\u00adte\u00adnant culpa\u00adbi\u00adli\u00ads\u00e9es) de la gauche alle\u00admande par rap\u00adport \u00e0 la RAF&nbsp;; il nous inter\u00adroge aus\u00adsi sur notre impli\u00adca\u00adtion dans ces actions ter\u00adro\u00adristes en g\u00e9n\u00e9ral&nbsp;<html><\/html><\/p><p>\tNous le publions de fa\u00e7on \u00e0 pour\u00adsuivre le d\u00e9bat com\u00admen\u00adc\u00e9 sur la vio\u00adlence dans le <a href=\"rub35\">n\u00b0&nbsp;3<\/a> et sur l\u2019Al\u00adle\u00admagne dans le <a href=\"rub36\">n\u00b0&nbsp;4 de \u00ab&nbsp;La Lan\u00adterne Noire&nbsp;\u00bb<\/a>.<\/p>\n<p><!--more--><\/p>\n<div align=\"justify\">\tCette lettre s\u2019a\u00addresse \u00e0 tous les cama\u00adrades de la&nbsp;RAF&nbsp;!\n<p>\tC\u2019est une lettre ouverte&nbsp;!<\/p>\n<p>\tNous appar\u00adte\u00adnons aux Cel\u00adlules R\u00e9vo\u00adlu\u00adtion\u00adnaires. Mais dans cette lettre inter\u00adviennent pas mal d\u2019ar\u00adgu\u00adments qui ont \u00e9t\u00e9 \u00e9la\u00adbo\u00adr\u00e9s au sein du mou\u00adve\u00adment non-dog\u00adma\u00adtique. Parce que nous les tenons pour justes, et aus\u00adsi parce que nous nous sen\u00adtons li\u00e9s \u00e0 ce mouvement.<\/p>\n<p>\tNous deman\u00addons \u00e0 tous les groupes et \u00e0 tous les cama\u00adrades (par exemple aux mai\u00adsons d\u2019\u00e9\u00addi\u00adtion, aux groupes non-dog\u00adma\u00adtiques de tous les sec\u00adteurs, aux pro\u00adduc\u00adteurs de jour\u00adnaux, aux cama\u00adrades inor\u00adga\u00adni\u00ads\u00e9s, au Mou\u00adve\u00adment du 2 juin, etc.) de dis\u00adcu\u00adter cette lettre.<\/p>\n<p>\tEn fait, il y a d\u00e9j\u00e0 long\u00adtemps que nous vou\u00adlions vous poser des ques\u00adtions\u200a\u2014\u200a\u00e0 vous, les cama\u00adrades de la RAF. Et nous sai\u00adsis\u00adsons l\u2019oc\u00adca\u00adsion du bruit qui court, selon lequel les pri\u00adson\u00adniers de la RAF envi\u00adsa\u00adge\u00adraient d\u2019en\u00adta\u00admer une qua\u00adtri\u00e8me gr\u00e8ve de la faim, pour reven\u00addi\u00adquer l\u2019ap\u00adpli\u00adca\u00adtion de la Conven\u00adtion de Gen\u00e8ve, c\u2019est-\u00e0-dire pour \u00eatre recon\u00adnus comme pri\u00adson\u00adniers de guerre.<\/p>\n<p>\tPeut-\u00eatre allez-vous vous deman\u00adder pour\u00adquoi il nous faut un \u00e9v\u00e9\u00adne\u00adment \u00ab&nbsp;digne de dis\u00adcus\u00adsion&nbsp;\u00bb pour vous \u00e9crire. Cama\u00adrades, c\u2019est tout sim\u00adple\u00adment parce que nous avions peur que vous nous r\u00e9pon\u00addiez avec une s\u00e9v\u00e9\u00adri\u00adt\u00e9 exces\u00adsive et inad\u00e9\u00adquate&nbsp;; en disant, par exemple, et dans le meilleur des cas, que nous \u00e9tions objec\u00adti\u00adve\u00adment des flics, ou que notre lettre \u00e9tait une op\u00e9\u00adra\u00adtion com\u00adman\u00add\u00e9e par le \u00ab&nbsp;Ver\u00adfas\u00adsung\u00adschutz&nbsp;\u00bb [[Le Ver\u00adfas\u00adsung\u00adsschutz, \u00ab&nbsp;ser\u00advice de pro\u00adtec\u00adtion de la Consti\u00adtu\u00adtion&nbsp;\u00bb, est \u00e0 peu pr\u00e8s l\u2019\u00e9\u00adqui\u00advalent de la D.S.T. en France (N.D.T., comme les sui\u00advantes).]]. Entre-temps nous avons com\u00adpris que la crainte d\u2019un tel reproche ne devait pas nous faire recu\u00adler devant la confron\u00adta\u00adtion avec vous. Il est pour nous essen\u00adtiel de nous expli\u00adquer maintenant&nbsp;<html><\/html><\/p><p>Les actions de la RAF en 1971\u200a\u2013\u200a72 [[Il s\u2019a\u00adgit d\u2019at\u00adten\u00adtats comme ceux qui vis\u00e8rent le quar\u00adtier g\u00e9n\u00e9\u00adral des forces am\u00e9\u00adri\u00adcaines en Alle\u00admagne, \u00e0 Franc\u00adfort et \u00e0 Hei\u00addel\u00adberg, l\u2019im\u00admeuble du groupe de presse Sprin\u00adger, le juge Bud\u00adden\u00adberg, etc.]] ont eu une impor\u00adtance consi\u00add\u00e9\u00adrable pour beau\u00adcoup de cama\u00adrades. Elles ont secou\u00e9 et r\u00e9veill\u00e9 un tas de gens, nous y com\u00adpris. Quand \u00e7a p\u00e9tait \u00e0 tous les coins de rue, nous jubi\u00adlions devant l\u2019im\u00adpuis\u00adsance de l\u2019ap\u00adpa\u00adreil d\u2019\u00c9\u00adtat tout entier, et devant la capa\u00adci\u00adt\u00e9 de la gu\u00e9\u00adrilla \u00e0 op\u00e9\u00adrer m\u00eame en R.F.A. \u00c0 l\u2019\u00e9\u00adpoque, ces actions \u00e9taient arti\u00adcu\u00adl\u00e9es sur le vaste mou\u00adve\u00adment anti-imp\u00e9\u00adria\u00adliste, elles r\u00e9a\u00adli\u00adsaient ce qui avait mijo\u00adt\u00e9 dans la t\u00eate de mil\u00adliers de gens. Nous avons vu qu\u2019il \u00e9tait pos\u00adsible de concr\u00e9\u00adti\u00adser ce \u00e0 quoi on pen\u00adsait depuis tr\u00e8s long\u00adtemps. Sans la RAF, il n\u2019y aurait pas aujourd\u2019\u00adhui de Cel\u00adlules R\u00e9vo\u00adlu\u00adtion\u00adnaires, ni de groupes qui ont com\u00adpris que la r\u00e9sis\u00adtance ne s\u2019ar\u00adr\u00eate pas l\u00e0 o\u00f9 com\u00admence le Code Civil. Le texte que vous avez publi\u00e9 [[Cf. <em>\u00ab&nbsp;La bande \u00e0 Baa\u00adder&nbsp;\u00bb ou la vio\u00adlence r\u00e9vo\u00adlu\u00adtion\u00adnaire<\/em>, Ed. Champ Libre, 1972.]] montre bien ce que cela veut dire&nbsp;: n\u2019ac\u00adcep\u00adter aucun com\u00adpro\u00admis&nbsp;; tra\u00adcer une claire d\u00e9mar\u00adca\u00adtion entre l\u2019en\u00adne\u00admi et soi-m\u00eame&nbsp;; la seule liber\u00adt\u00e9 contre cet appa\u00adreil d\u2019\u00c9\u00adtat consiste dans sa n\u00e9ga\u00adtion totale, c\u2019est-\u00e0-dire \u00e0 s\u2019en prendre \u00e0 lui dans un col\u00adlec\u00adtif de lutte&nbsp;; et pour rede\u00adve\u00adnir des hommes, il faut l\u2019at\u00adta\u00adquer de la fa\u00e7on la plus r\u00e9solue.<\/p>\n<p>Mais ce que nous avons besoin de savoir main\u00adte\u00adnant, c\u2019est ceci&nbsp;: est-ce que vous \u00eates sur les posi\u00adtions que d\u00e9fen\u00addait la RAF en 1971\u200a\u2013\u200a72&nbsp;? Com\u00adment vous situez-vous par rap\u00adport \u00e0 l\u2019ac\u00adtion de lib\u00e9\u00adra\u00adtion de Stock\u00adholm&nbsp;? [[Cf. <a href=\"rub36\">\u00ab&nbsp;La Lan\u00adterne Noire&nbsp;\u00bb, n\u00b0&nbsp;4<\/a>, \u00ab&nbsp;Le si\u00e8ge de Stock\u00adholm&nbsp;\u00bb, par J. Olday.]] Quelles erreurs pen\u00adsez-vous avoir com\u00admises depuis lors&nbsp;? Quels sont vos objec\u00adtifs en ce qui concerne vos proc\u00e8s&nbsp;?<\/p>\n<p>\tSi nous vous posons ces ques\u00adtions, c\u2019est parce que nous ne voyons plus quelle est votre poli\u00adtique. Nous ne recon\u00adnais\u00adsons plus grand-chose des objec\u00adtifs ini\u00adtiaux de la RAF. M\u00eame lors\u00adqu\u2019il s\u2019a\u00adgit d\u2019une ques\u00adtion impor\u00adtante&nbsp;: celle du chan\u00adge\u00adment d\u2019ob\u00adjec\u00adtifs. D\u2019au\u00adtant que vous don\u00adnez l\u2019im\u00adpres\u00adsion que tout ce qui est infor\u00adma\u00adtions, d\u00e9cla\u00adra\u00adtions, mobi\u00adli\u00adsa\u00adtion, est exclu\u00adsi\u00adve\u00adment d\u00e9ter\u00admi\u00adn\u00e9 par une seule valeur d\u2019u\u00adsage, \u00ab&nbsp;la mise en valeur du pro\u00adc\u00e8s&nbsp;\u00bb. Au point que quand Bri\u00adgitte Mohn\u00adhaupt s\u2019est mise \u00e0 don\u00adner des pr\u00e9\u00adci\u00adsions sur vos struc\u00adtures au juge Prin\u00adzing, ce rat, c\u2019\u00e9\u00adtait pour d\u00e9mas\u00adquer les men\u00adsonges du faux t\u00e9moin M\u00fcl\u00adler\u200a\u2014\u200aet prin\u00adci\u00adpa\u00adle\u00adment pour \u00e7a. Pour\u00adquoi faut-il des M\u00fcl\u00adler, des Prin\u00adzing, des Buback et Cie [[Le juge Prin\u00adzing qui dirige le Pro\u00adc\u00e8s de Stutt\u00adgart, est res\u00adpon\u00adsable du trai\u00adte\u00adment infli\u00adg\u00e9 \u00e0 Hol\u00adger Meins&nbsp;; le pro\u00adcu\u00adreur Buback vient d\u2019\u00eatre assas\u00adsi\u00adn\u00e9, le 7 avril 1977 \u00e0 Karls\u00adruhe, par le \u00ab&nbsp;Groupe d\u2019ac\u00adtion Ulrike Mein\u00adhof&nbsp;\u00bb, il diri\u00adgeait les recherches contre les membres de la R.A.F., et avait inten\u00adsi\u00adfi\u00e9 la cam\u00adpagne contre leurs avo\u00adcats (Crois\u00adsant, Haag, Schil\u00adly, etc.). M\u00fcl\u00adler, membre de la R.A.F. empri\u00adson\u00adn\u00e9 et t\u00e9moin prin\u00adci\u00adpal, est accu\u00ads\u00e9 par la R.A.F. d\u2019a\u00advoir d\u00e9non\u00adc\u00e9 ses cama\u00adrades&nbsp;; Bri\u00adgitte Mohn\u00adhaupt a t\u00e9moi\u00adgn\u00e9 en faveur de la R.A.F. au pro\u00adc\u00e8s de Stamm\u00adheim, en r\u00e9cu\u00adsant la th\u00e8se d\u2019une struc\u00adtu\u00adra\u00adtion hi\u00e9\u00adrar\u00adchique et auto\u00adri\u00adta\u00adriste de la R.A.F.]] pour que vous pre\u00adniez enfin la peine de vous expli\u00adquer sur vos struc\u00adtures&nbsp;? Alors que c\u2019est jus\u00adte\u00adment ce type d\u2019in\u00adfor\u00adma\u00adtion, et bien davan\u00adtage, que nous atten\u00addions de vous apr\u00e8s 1972, nous et bien d\u2019autres&nbsp;?<\/p>\n<p>Cama\u00adrades, notre pro\u00adbl\u00e8me avec vous est d\u2019ordre tout \u00e0 fait pra\u00adtique&nbsp;: nous avons pen\u00ads\u00e9 pen\u00addant long\u00adtemps que vous \u00e9tiez pour nous des cama\u00adrades. Mais beau\u00adcoup de cama\u00adrades qui sont dehors n\u2019ont pas le sen\u00adti\u00adment d\u2019\u00eatre pour vous aus\u00adsi des cama\u00adrades. Nous et d\u2019autres, nous avons \u00e9t\u00e9 et nous sommes uti\u00adli\u00ads\u00e9s, subor\u00addon\u00adn\u00e9s, par exemple par votre stra\u00adt\u00e9\u00adgie dans les pro\u00adc\u00e8s, ain\u00adsi que dans vos autres cam\u00adpagnes de mobi\u00adli\u00adsa\u00adtion. Car il est impos\u00adsible d\u2019\u00e9\u00adla\u00adbo\u00adrer et de dis\u00adcu\u00adter une stra\u00adt\u00e9\u00adgie avec vous. Certes il est tr\u00e8s dif\u00adfi\u00adcile de faire quelque chose de ce genre \u00e0 tra\u00advers les murs de la pri\u00adson, mais \u00e0 notre avis, ce n\u2019est pas la seule rai\u00adson. Ce qu\u2019il y a eu, c\u2019est plu\u00adt\u00f4t que vous avez \u00e9t\u00e9 beau\u00adcoup trop rapides dans les juge\u00adments que vous avez por\u00adt\u00e9s sur nous. Vous avez trop sou\u00advent mani\u00adfes\u00adt\u00e9 que vous n\u2019a\u00adviez aucune confiance en notre force, ni en celle des autres, \u00e0 nous qui sommes dehors&nbsp;; qui vou\u00adlons et devons lut\u00adter&nbsp;! Mais qui avons la pr\u00e9\u00adten\u00adtion de for\u00admer nos d\u00e9ci\u00adsions en fonc\u00adtion de notre propre \u00e9vo\u00adlu\u00adtion. Et qui nous refu\u00adsons \u00e0 vous rendre le mau\u00advais ser\u00advice de vous suivre aveu\u00adgl\u00e9\u00adment dans votre refus de tout com\u00adpro\u00admis. Ce refus, nous vou\u00adlons d\u2019a\u00adbord le mettre \u00e0 l\u2019\u00e9\u00adpreuve pour notre propre compte&nbsp;; et cela vaut aus\u00adsi pour une part impor\u00adtante du mou\u00adve\u00adment non-dogmatique.<\/p>\n<p>Oui, cama\u00adrades, nous avions et nous avons encore l\u2019im\u00adpres\u00adsion d\u2019\u00eatre pour vous un ins\u00adtru\u00adment qu\u2019on jette lors\u00adqu\u2019il ne peut plus ser\u00advir. Et vous ne vous deman\u00addez m\u00eame pas pour\u00adquoi il ne peut plus ser\u00advir. Vous vous conten\u00adtez de sup\u00adpo\u00adser que nous sommes des faibles, des oppor\u00adtu\u00adnistes par rap\u00adport \u00e0. la masse, et tout compte fait vous pen\u00adsez aus\u00adsi que dans ce sys\u00adt\u00e8me cor\u00adrom\u00adpu et d\u00e9vo\u00adreur d\u2019hommes, nous nous sen\u00adtons assez bien. Tout cela est tr\u00e8s d\u00e9pri\u00admant. Finis\u00adsons-en avec l\u2019al\u00adter\u00adna\u00adtive&nbsp;: ou cama\u00adrade, ou&nbsp;flic&nbsp;!<\/p>\n<p>\tEt main\u00adte\u00adnant, \u00e9cou\u00adtez-nous bien&nbsp;: s\u2019i\u00adma\u00adgi\u00adner que la gauche [[Le terme de \u00ab&nbsp;gauche&nbsp;\u00bb, dans ce texte, a une signi\u00adfi\u00adca\u00adtion dif\u00adf\u00e9\u00adrente de ce que l\u2019on entend par l\u00e0 en France habi\u00adtuel\u00adle\u00adment (PC, PS, etc.)&nbsp;; il d\u00e9signe les grou\u00adpus\u00adcules m.l. (KPD\/\u200bDKP), les groupes gau\u00adchistes conti\u00adnua\u00adteurs de l\u2019ex-APO (oppo\u00adsi\u00adtion extra\u00adpar\u00adle\u00admen\u00adtaire), mar\u00adxistes non-l\u00e9ni\u00adnistes, etc.]], dans son ensemble, est sur la d\u00e9fen\u00adsive, c\u2019est une absur\u00addi\u00adt\u00e9 fla\u00adgrante, et d\u00e9fai\u00adtiste de sur\u00adcro\u00eet. La d\u00e9fen\u00adsive, elle est plu\u00adt\u00f4t dans les id\u00e9es d\u00e9gueu\u00adlasses que vous vous faites de nous et de notre force\u2026 Et d\u2019a\u00adbord, com\u00adment se fait-il que vous ayez inter\u00adrom\u00adpu votre der\u00adni\u00e8re gr\u00e8ve de la faim parce que quelques cin\u00adgl\u00e9s avaient affir\u00adm\u00e9 que nous \u00e9tions sur la d\u00e9fen\u00adsive (nous, les RZ, le mou\u00adve\u00adment du 2 juin, les groupes non-dog\u00adma\u00adtiques, etc. etc.)&nbsp;?&nbsp;?&nbsp;? Peut-\u00eatre n\u2019a\u00advez-vous pas su du tout, pen\u00addant cette gr\u00e8ve, que par exemple vos avo\u00adcats et les comi\u00adt\u00e9s contre la tor\u00adture ont mis en oeuvre toute leur \u00e9ner\u00adgie pour que vos reven\u00addi\u00adca\u00adtions abou\u00adtissent, que des pro\u00adfes\u00adseurs, des m\u00e9de\u00adcins, des \u00e9cri\u00advains (Sartre), des pr\u00eatres (Schraf), Amnes\u00adty Inter\u00adna\u00adtio\u00adnal (Autriche), beau\u00adcoup de groupes non-dog\u00adma\u00adtiques et m\u00eame des groupes dog\u00adma\u00adtiques (KPD\/\u200bML) vous ont sou\u00adte\u00adnus dans votre gr\u00e8ve. La r\u00e9ponse imm\u00e9\u00addiate \u00e0 l\u2019as\u00adsas\u00adsi\u00adnat de Hol\u00adger Meins, ce fut la fusillade contre Von Drenkmann<br>\n[[G. Von Drenk\u00adman, pr\u00e9\u00adsident du Tri\u00adbu\u00adnal de grande ins\u00adtance de Ber\u00adlin Ouest, assas\u00adsi\u00adn\u00e9 le 10 novembre 1974.]]. Beau\u00adcoup de gens ont r\u00e9a\u00adli\u00ads\u00e9 qu\u2019on tor\u00adtu\u00adrait aus\u00adsi dans les pri\u00adsons alle\u00admandes. Tout cela n\u2019est-il donc rien&nbsp;? Est-ce que cela vous para\u00eet indi\u00adquer une atti\u00adtude d\u00e9fen\u00adsive o\u00f9 aurait som\u00adbr\u00e9 toute la gauche&nbsp;?<\/p>\n<p>\tEn dehors de ce large mou\u00adve\u00adment de soli\u00adda\u00adri\u00adt\u00e9 par rap\u00adport \u00e0 la gr\u00e8ve de la faim, il s\u2019est pas\u00ads\u00e9 des choses et il s\u2019en passe encore, ce qui n\u2019est donc pas aus\u00adsi d\u00e9cou\u00adra\u00adgeant que cer\u00adtains le pensent chez vous&nbsp;! L\u2019his\u00adtoire des der\u00adni\u00e8res ann\u00e9es a mon\u00adtr\u00e9 que les masses n\u2019\u00e9\u00adtaient pas du tout cor\u00adrom\u00adpues, et qu\u2019i\u00adci le ter\u00adrain \u00e9tait encore f\u00e9cond&nbsp;: Nord\u00adhorn Range, les gr\u00e8ves de sep\u00adtembre 73, les attaques des RZ contre les filiales d\u2019ITT, Whyl, Bro\u00adck\u00addorf, les groupes de femmes de la RZ contre le Tri\u00adbu\u00adnal F\u00e9d\u00e9\u00adral (BGH) pour l\u2019ar\u00adticle 218, les faux tickets de trans\u00adport, le ren\u00adfor\u00adce\u00adment des luttes et la poli\u00adti\u00adsa\u00adtion dans les taules, les comi\u00adt\u00e9s et groupes \u00e0 l\u2019\u00e9\u00adtran\u00adger, Lorenz et son petit \u00ab&nbsp;cong\u00e9&nbsp;\u00bb, les com\u00adbats de rue \u00e0 Franc\u00adfort \u00e0 pro\u00adpos de l\u2019aug\u00admen\u00adta\u00adtion des trans\u00adports et des occu\u00adpa\u00adtions de mai\u00adsons, etc. Tout cela est aus\u00adsi en par\u00adtie le r\u00e9sul\u00adtat de votre pra\u00adtique. Cama\u00adrades, est-ce que pour vous, le mou\u00adve\u00adment existe tou\u00adjours&nbsp;? Ou bien ne signi\u00adfie-t-il plus rien&nbsp;? Est-ce qu\u2019il n\u2019est plus assez impor\u00adtant dans le cadre inter\u00adna\u00adtio\u00adnal&nbsp;? Ou bien le trou\u00advez-vous insi\u00adgni\u00adfiant dans la mesure o\u00f9 il ne suit pas exac\u00adte\u00adment la poli\u00adtique de la&nbsp;RAF&nbsp;?<\/p>\n<p>\tMais reve\u00adnons aux d\u00e9tails&nbsp;: nous n\u2019ac\u00adcep\u00adtons pas que vous trai\u00adtiez cer\u00adtains cama\u00adrades du mou\u00adve\u00adment de fa\u00e7on \u00e0 ce point contraire \u00e0 la solidarit\u00e9&nbsp;:<\/p>\n<p>\u2014 par exemple le rap\u00adpor\u00adteur sur votre pro\u00adc\u00e8s pour I.D. (Infor\u00adma\u00adtions Dienst) [[<em>Infor\u00adma\u00adtions\u00addienst<\/em>, jour\u00adnal bimen\u00adsuel publi\u00e9 \u00e0 Franc\u00adfort, est l\u2019\u00e9\u00adqui\u00advalent de l\u2019ex-APL.]]. Vous lui repro\u00adchez d\u2019\u00eatre objec\u00adti\u00adve\u00adment un flic, pour la rai\u00adson qu\u2019il n\u2019a pas repro\u00adduit, mot pour mot, les d\u00e9cla\u00adra\u00adtions d\u2019An\u00addreas Baa\u00adder. Lorsque ce \u00ab&nbsp;flic objec\u00adtif&nbsp;\u00bb vous r\u00e9pond dans un esprit de soli\u00adda\u00adri\u00adt\u00e9, chez vous, silence de mort. Cela veut-il dire que vous trou\u00advez juste sa cri\u00adtique, ou bien qu\u2019\u00e0 par\u00adtir de ce moment-l\u00e0 il est deve\u00adnu encore plus objec\u00adti\u00adve\u00adment un flic&nbsp;? Apr\u00e8s \u00e7a, il a arr\u00ea\u00adt\u00e9 ses articles sur votre proc\u00e8s\u2026<\/p>\n<p>\u200a\u2014\u200anous ne sommes pas non plus d\u2019ac\u00adcord avec la d\u00e9non\u00adcia\u00adtion de cer\u00adtains avo\u00adcats. Vous voyez s\u00fbre\u00adment ce que nous vou\u00adlons dire&nbsp;! Parce que les avo\u00adcats sont des CAMARADES&nbsp;!<\/p>\n<p>\u2014 et com\u00adment se peut-il que ce soit l\u2019a\u00advo\u00adcat Crois\u00adsant qui admi\u00adnistre les \u00ab&nbsp;archives&nbsp;\u00bb d\u2019Ul\u00adrike Mein\u00adhof&nbsp;? Ulrike n\u2019est pas un dos\u00adsier, c\u2019est quel\u00adqu\u2019un qui a com\u00adbat\u00adtu avec vous. Comme vous le savez, Klaus Crois\u00adsant est all\u00e9 jus\u00adqu\u2019\u00e0 repro\u00adcher \u00e0 l\u2019\u00e9\u00addi\u00adteur Klaus Wagen\u00adbach de tra\u00advailler main dans la main avec le \u00ab&nbsp;Ver\u00adfas\u00adsung\u00adschutz&nbsp;\u00bb, et Crois\u00adsant a r\u00e9us\u00adsi \u00e0 obte\u00adnir de la jus\u00adtice, celle-l\u00e0 m\u00eame que vous vou\u00adlez d\u00e9truire, la sai\u00adsie du livre de Peter Bru\u00adck\u00adner sur Ulrike Mein\u00adhof. Ain\u00adsi donc, gr\u00e2ce \u00e0 Klaus Crois\u00adsant, c\u2019est la gauche qui tra\u00advaille \u00e0 l\u2019ap\u00adpli\u00adca\u00adtion de l\u2019ar\u00adticle 88a&nbsp;! [[L\u2019ar\u00adticle 88a de la loi adop\u00adt\u00e9e en jan\u00advier 1976 par le Bun\u00addes\u00adtag auto\u00adrise les pour\u00adsuites contre les auteurs, \u00e9di\u00adteurs, impri\u00admeurs d\u2019ou\u00advrages inci\u00adtant \u00e0 la vio\u00adlence contre \u00ab&nbsp;l\u2019exis\u00adtence de la RFA ou contre ses prin\u00adcipes consti\u00adtu\u00adtion\u00adnels&nbsp;\u00bb&nbsp;; cette \u00ab&nbsp;loi muse\u00adli\u00e8re&nbsp;\u00bb a per\u00admis \u00e0 la police alle\u00admande de per\u00adqui\u00adsi\u00adtion\u00adner chez des libraires et \u00e9di\u00adteurs, de faire inter\u00addire le livre de Bom\u00admi Bau\u00adman <em>Com\u00adment tout a com\u00admen\u00adc\u00e9<\/em> chez l\u2019\u00e9\u00addi\u00adteur Tri\u00adkont (paru en fran\u00ad\u00e7ais sous le titre <em>Tupa\u00adma\u00adros Ber\u00adlin Ouest<\/em>, \u00e9d. Gal\u00adli\u00admard, La France Sau\u00advage, 1977) et d\u2019in\u00adcul\u00adper l\u2019\u00e9\u00addi\u00adteur lui-m\u00eame&nbsp;; celui-ci a \u00e9t\u00e9 acquit\u00adt\u00e9 le 27 octobre 1976. \u00c0 noter que d\u2019a\u00adpr\u00e8s Crois\u00adsant jus\u00adte\u00adment, le livre de B.&nbsp;Bau\u00adman, deve\u00adnu d\u2019a\u00adpr\u00e8s lui \u00ab&nbsp;ins\u00adtru\u00adment de la police poli\u00adtique&nbsp;\u00bb, est une \u00ab&nbsp;manoeuvre raf\u00adfi\u00adn\u00e9e de guerre psy\u00adcho\u00adlo\u00adgique ten\u00addant \u00e0 an\u00e9an\u00adtir toute forme de r\u00e9sis\u00adtance valable contre l\u2019im\u00adp\u00e9\u00adria\u00adlisme&nbsp;\u00bb (cf. la lettre de Crois\u00adsant dans <em>Lib\u00e9\u00adra\u00adtion<\/em> du 7 avril 1976).]] Voi\u00adl\u00e0 quelque chose qu\u2019on n\u2019a\u00advait pas encore vu&nbsp;! Pour\u00adquoi ne dis\u00adcu\u00adtez-vous pas vous-m\u00eames avec Klaus Wagen\u00adbach\u200a\u2014\u200aqui est un cama\u00adrade&nbsp;? Que pen\u00adsez-vous du nou\u00advel article 88a&nbsp;?<\/p>\n<p>\u2014 quant \u00e0 l\u2019ar\u00adticle tr\u00e8s impor\u00adtant de la Rote Hilfe (Secours Rouge) (Col\u00adlec\u00adtif de pri\u00adson\u00adniers de Ber\u00adlin Ouest), publi\u00e9 dans le bul\u00adle\u00adtin d\u2019in\u00adfor\u00adma\u00adtion III, sur le pro\u00adbl\u00e8me des pri\u00adson\u00adniers de guerre, vous vous en tenez \u00e0 un silence total. Pour nous, c\u2019est tr\u00e8s emmerdant.<\/p>\n<p>\u200a\u2014\u200ail faut que vous sor\u00adtiez enfin de votre mutisme \u00e0 pro\u00adpos des comi\u00adt\u00e9s contre la tor\u00adture (c\u2019est essen\u00adtiel\u00adle\u00adment des pri\u00adson\u00adniers de la RAF qu\u2019ils sou\u00adte\u00adnaient), tant en ce qui concerne leurs acti\u00advi\u00adt\u00e9s que leur incul\u00adpa\u00adtion, en pas\u00adsant par les per\u00adqui\u00adsi\u00adtions et les incar\u00adc\u00e9\u00adra\u00adtions. Est-ce qu\u2019on vous a tenus au cou\u00adrant de ce qui se pas\u00adsait&nbsp;? Ou bien est-ce qu\u2019ils ont \u00e9t\u00e9 rem\u00adpla\u00adc\u00e9s vite fait par un comi\u00adt\u00e9 de d\u00e9fense et un fond d\u2019aide&nbsp;?<\/p>\n<p>Ce ne sont l\u00e0 que quelques exemples. Et nous vou\u00adlons seule\u00adment vous aver\u00adtir que dor\u00e9\u00adna\u00advant vous ne pour\u00adrez plus trai\u00adter ain\u00adsi des cama\u00adrades\u200a\u2014\u200aqui comptent pour le mou\u00adve\u00adment. Ni les d\u00e9non\u00adcer comme \u00ab&nbsp;objec\u00adti\u00adve\u00adment des flics&nbsp;\u00bb, \u00ab&nbsp;agents du Ver\u00adfas\u00adsung\u00adsschutz&nbsp;\u00bb ou du BKA [[BKA, Bun\u00addes\u00adkri\u00admi\u00adna\u00adlamt, Ser\u00advice Cri\u00admi\u00adnel F\u00e9d\u00e9\u00adral, l\u2019\u00e9\u00adqui\u00advalent des Ren\u00adsei\u00adgne\u00adments G\u00e9n\u00e9\u00adraux.]]. Car non seule\u00adment c\u2019est une salo\u00adpe\u00adrie, mais en plus c\u2019est tr\u00e8s dan\u00adge\u00adreux. \u00c7a non plus, nous ne le per\u00admet\u00adtrons plus \u00e0 l\u2019a\u00adve\u00adnir. Point, \u00e0 la&nbsp;ligne.<\/p>\n<p>Chez vous, des cama\u00adrades de la RAF ont atti\u00adr\u00e9 l\u2019at\u00adten\u00adtion sur des points essen\u00adtiels, et \u00e0 plu\u00adsieurs reprises&nbsp;; en par\u00adti\u00adcu\u00adlier sur le pro\u00adbl\u00e8me de la guerre psy\u00adcho\u00adlo\u00adgique. \u00c0 par\u00adtir du moment o\u00f9 vous l\u2019a\u00adviez si net\u00adte\u00adment sou\u00adli\u00adgn\u00e9, nous avons nous aus\u00adsi com\u00admen\u00adc\u00e9 \u00e0 r\u00e9fl\u00e9\u00adchir plus pr\u00e9\u00adci\u00ads\u00e9\u00adment sur la presse, sur les inter\u00adviews et leur fonc\u00adtion, ain\u00adsi que sur les manoeuvres de Buback. Nous com\u00adpre\u00adnons d\u2019au\u00adtant moins pour\u00adquoi vous lais\u00adsez main\u00adte\u00adnant le champ rela\u00adti\u00adve\u00adment libre aux m\u00e9dias, qui reviennent exac\u00adte\u00adment au m\u00eame. Ce point avait d\u00e9j\u00e0 \u00e9t\u00e9 mar\u00adqu\u00e9 dans l\u2019in\u00adter\u00adview des RZ. Vos d\u00e9cla\u00adra\u00adtions ne nous par\u00adviennent donc qu\u2019\u00e0 tra\u00advers des jour\u00adnaux comme la <em>Frank\u00adfur\u00adter Rund\u00adschau<\/em>, la <em>Stid\u00addeut\u00adsche\u00adzei\u00adtung<\/em>, la <em>Bild\u00adzei\u00adtung<\/em>, etc.&nbsp;; et seuls les cama\u00adrades \u00ab&nbsp;ini\u00adti\u00e9s&nbsp;\u00bb peuvent en com\u00adprendre le sens&nbsp;! Idem pour ce qui concerne la Conven\u00adtion de Gen\u00e8ve. D\u2019une mani\u00e8re g\u00e9n\u00e9\u00adrale, c\u2019est par des jour\u00adnaux ou par les infor\u00adma\u00adtions que nous sommes ren\u00adsei\u00adgn\u00e9s sur vous. Aus\u00adsi est-il \u00e9vident qu\u2019on met en cir\u00adcu\u00adla\u00adtion un tas de rumeurs et de fausses nou\u00advelles vous concer\u00adnant. Il est excep\u00adtion\u00adnel que nous rece\u00advions des infor\u00adma\u00adtions de vous-m\u00eames, et les rec\u00adti\u00adfi\u00adca\u00adtions des infor\u00adma\u00adtions fausses nous arrivent tou\u00adjours trop tard&nbsp;; de sorte que beau\u00adcoup de cama\u00adrades peuvent \u00eatre embri\u00adga\u00add\u00e9s pour toutes sortes de cam\u00adpagnes sans qu\u2019ils sachent vrai\u00adment de quoi il s\u2019a\u00adgit. Si vous vous fou\u00adtez de l\u2019i\u00admage qui est don\u00adn\u00e9e de vous en g\u00e9n\u00e9\u00adral, et si vous ne faites aucun effort de rec\u00adti\u00adfi\u00adca\u00adtion, que ce soit dehors ou de la taule\u200a\u2014\u200ac\u2019est que vous vous sen\u00adtez plus forts que vous ne l\u2019\u00eates. Et d\u2019autre part, cela nous fait com\u00adprendre que vous nous m\u00e9pri\u00adsez d\u2019une cer\u00adtaine mani\u00e8re, nous et les autres.<\/p>\n<p>Et main\u00adte\u00adnant, quelques autres ques\u00adtions de&nbsp;fond&nbsp;:<\/p>\n<p>\u200a\u2014\u200aCom\u00adment vous d\u00e9fi\u00adnis\u00adsez-vous par rap\u00adport \u00e0 la poli\u00adtique des Cel\u00adlules R\u00e9vo\u00adlu\u00adtion\u00adnaires et du Mou\u00adve\u00adment du 2 juin&nbsp;? C\u2019est-\u00e0-dire, par rap\u00adport \u00e0 l\u2019en\u00adl\u00e8\u00adve\u00adment de Lorenz, aux faux tickets de trans\u00adport, \u00e0 l\u2019at\u00adtaque des femmes des RZ contre le Tri\u00adbu\u00adnal F\u00e9d\u00e9\u00adral (BGH), aux faux car\u00adnets d\u2019a\u00adchats pour les sans-abri de Ber\u00adlin (comme un petit cadeau de P\u00e2ques)&nbsp;? Que pen\u00adsez-vous du com\u00adpor\u00adte\u00adment \u00e9man\u00adci\u00adp\u00e9 des quatre femmes de la Lers\u00adters\u00adtrasse&nbsp;? Du refus oppo\u00ads\u00e9 par Fritz, Ralf, etc., aux achats au pro\u00adfit du mou\u00adve\u00adment pales\u00adti\u00adnien, du pro\u00adc\u00e8s de Rolf devant l\u2019A\u00adr\u00e9o\u00adpage, de l\u2019in\u00adter\u00adview des RZ en Autriche, des attaques des RZ contre ITT&nbsp;?<\/p>\n<p>\u2014 Quelle est votre atti\u00adtude par rap\u00adport \u00e0 vos avo\u00adcats qui sont direc\u00adte\u00adment ou indi\u00adrec\u00adte\u00adment vic\u00adtimes de l\u2019in\u00adter\u00addic\u00adtion pro\u00adfes\u00adsion\u00adnelle&nbsp;? Et qui sont l\u2019ob\u00adjet de pour\u00adsuites inces\u00adsantes&nbsp;? Que faites-vous pour les encou\u00adra\u00adger, en dehors des injures que vous dis\u00adtri\u00adbuez aux Buback et Cie&nbsp;? Nous vous posons cette ques\u00adtion parce qu\u2019en atten\u00addant, il n\u2019y a plus tel\u00adle\u00adment d\u2019a\u00advo\u00adcats \u00ab&nbsp;gau\u00adchistes&nbsp;\u00bb dispos\u00e9s<br>\n\u00e0 prendre la d\u00e9fense des pri\u00adson\u00adniers politiques&nbsp;!<\/p>\n<p>\u200a\u2014\u200aPour\u00adquoi, depuis pas mal de temps, cher\u00adchez-vous du sou\u00adtien exclu\u00adsi\u00adve\u00adment du c\u00f4t\u00e9 de per\u00adson\u00adna\u00adli\u00adt\u00e9s en vue&nbsp;? Est-ce parce qu\u2019elles seraient l\u2019a\u00advant-garde du mou\u00adve\u00adment l\u00e9gal&nbsp;? Pour nous c\u2019est une erreur monumentale.<\/p>\n<p>\u2014 Qu\u2019est-ce que vous pen\u00adsez de la dis\u00adcus\u00adsion entre tous les pri\u00adson\u00adniers poli\u00adtiques et les pri\u00adson\u00adniers qui se sont poli\u00adti\u00ads\u00e9s en taule&nbsp;? Nous ne vou\u00adlons pas dire que vous devriez exi\u00adger le regrou\u00adpe\u00adment de tous les pri\u00adson\u00adniers dans le m\u00eame camp de concen\u00adtra\u00adtion&nbsp;; \u00e7a, c\u2019est l\u2019i\u00add\u00e9e de Buback&nbsp;; et \u00e7a n\u2019au\u00adrait aucun sens. Nous pen\u00adsons plu\u00adt\u00f4t au sou\u00adtien r\u00e9ci\u00adproque de tous les pri\u00adson\u00adniers qui se d\u00e9fendent contre la&nbsp;taule.<\/p>\n<p>\u200a\u2014\u200aNe pen\u00adsez-vous pas qu\u2019il fau\u00addrait cri\u00adti\u00adquer l\u2019ac\u00adtion de Stock\u00adholm&nbsp;? Non pas certes parce que cette action n\u2019a pas atteint la satis\u00adfac\u00adtion des exi\u00adgences qui \u00e9taient pr\u00e9\u00adsen\u00adt\u00e9es&nbsp;; le point n\u2019est pas l\u00e0. Mais parce que toute cette action consti\u00adtue la p\u00e9nible exp\u00e9\u00adrience de ce que cer\u00adtains cama\u00adrades s\u2019illu\u00adsion\u00adnaient com\u00adpl\u00e8\u00adte\u00adment sur les cir\u00adcons\u00adtances et sur leurs capa\u00adci\u00adt\u00e9s. Elle n\u2019a ouvert aucune pers\u00adpec\u00adtive \u00e0 long terme. Les exi\u00adgences elles-m\u00eames \u00e9taient sans rap\u00adport avec l\u2019ac\u00adtion. Deux cama\u00adrades l\u2019ont pay\u00e9e de leur vie. Le d\u00e9lai accor\u00add\u00e9 pour la satis\u00adfac\u00adtion des reven\u00addi\u00adca\u00adtions \u00e9tait beau\u00adcoup trop court. Il y a donc eu des erreurs qui la pro\u00adchaine fois doivent abso\u00adlu\u00adment \u00eatre \u00e9vi\u00adt\u00e9es. Trans\u00adfor\u00admer chaque d\u00e9faite en victoire&nbsp;!\u2026<\/p>\n<p>\u2014 Quelle est votre posi\u00adtion par rap\u00adport aux puis\u00adsants mou\u00adve\u00adments de Brok\u00addorf, de Whyl, etc.&nbsp;? Par rap\u00adport \u00e0 cet extra\u00ador\u00addi\u00adnaire mou\u00adve\u00adment de refus des cen\u00adtrales nucl\u00e9aires&nbsp;?<\/p>\n<p>\u200a\u2014\u200a\u00c0 notre avis, vous avez vous-m\u00eames contri\u00adbu\u00e9 \u00e0 ren\u00adfor\u00adcer l\u2019i\u00adso\u00adle\u00adment que vous a impo\u00ads\u00e9 le Ver\u00adfas\u00adsung\u00adsschutz. Vous vous \u00eates par trop iso\u00adl\u00e9s de l\u2019en\u00adsemble du mou\u00adve\u00adment de gauche. En vous citant, pour une fois, \u00ab&nbsp;un pois\u00adson sans eau meurt de soif&nbsp;\u00bb&nbsp;! M\u00eame si vous croyez pou\u00advoir nager sans eau. Nous pen\u00adsons que ni vos modes d\u2019ac\u00adtion ni les n\u00f4tres ne consistent essen\u00adtiel\u00adle\u00adment \u00e0 s\u2019en prendre aux biens mat\u00e9\u00adriels pour com\u00admen\u00adcer. Il faut aus\u00adsi pr\u00e9\u00adsen\u00adter des expli\u00adca\u00adtions en termes clairs et que cha\u00adcun puisse com\u00adprendre. Vos expli\u00adca\u00adtions actuelles ne sont plus com\u00adpr\u00e9\u00adhen\u00adsibles par tout le monde, mais uni\u00adque\u00adment par les ini\u00adti\u00e9s. D\u2019o\u00f9 la mise en place d\u2019un type de mobi\u00adli\u00adsa\u00adtion qui repose uni\u00adque\u00adment sur de la ten\u00adsion psy\u00adcho\u00adlo\u00adgique, et pas sur la com\u00adpr\u00e9\u00adhen\u00adsion d\u2019une n\u00e9ces\u00adsi\u00adt\u00e9 objective.<\/p>\n<p>\tEt main\u00adte\u00adnant, cama\u00adrades de la RAF, reve\u00adnons \u00e0 votre \u00e9ven\u00adtuelle qua\u00adtri\u00e8me gr\u00e8ve de la&nbsp;faim.<\/p>\n<p>Nous pen\u00adsons qu\u2019entre vous autres et ceux qui peuvent et doivent appor\u00adter leur sou\u00adtien \u00e0 cette gr\u00e8ve, il y a encore trop d\u2019obs\u00adcu\u00adri\u00adt\u00e9s, d\u2019\u00e9\u00adqui\u00advoques, et de contra\u00addic\u00adtions. Nous avons essay\u00e9 d\u2019en for\u00admu\u00adler quelques-unes. C\u2019est pour\u00adquoi cette lettre ne doit \u00eatre prise que comme le point de d\u00e9part d\u2019une longue dis\u00adcus\u00adsion. Mais il vous faut main\u00adte\u00adnant mettre cartes sur table. Autre\u00adment rien n\u2019est plus pos\u00adsible, et si vous ne le faites pas c\u2019est alors que vous comp\u00adtez sur une soli\u00adda\u00adri\u00adt\u00e9 aveugle. Vous ne pou\u00advez plus vous dis\u00adpen\u00adser de dire net\u00adte\u00adment si vous nous consi\u00add\u00e9\u00adrez, nous et les autres types de la gauche, comme vos cama\u00adrades. Si vous avez renon\u00adc\u00e9 \u00e0 nous trai\u00adter comme des ins\u00adtru\u00adments que vous taxe\u00adrez ensuite de \u00ab&nbsp;gau\u00adchistes sur la d\u00e9fen\u00adsive&nbsp;\u00bb. Si vous choi\u00adsis\u00adsez la Conven\u00adtion de Gen\u00e8ve, une sorte de ghet\u00adto par cons\u00e9\u00adquent\u200a\u2014\u200aet alors vous \u00eates contre nous&nbsp;; ou si vous r\u00e9cla\u00admez d\u2019\u00eatre assi\u00admi\u00adl\u00e9s aux autres pri\u00adson\u00adniers, de ne plus \u00eatre iso\u00adl\u00e9s\u200a\u2014\u200aet dans ce cas vous \u00eates avec nous. Aupa\u00adra\u00advant vous deman\u00addiez la fin du trai\u00adte\u00adment sp\u00e9\u00adcial, l\u2019as\u00adsi\u00admi\u00adla\u00adtion aux autres pri\u00adson\u00adniers. Aujourd\u2019\u00adhui vous vous ent\u00ea\u00adtez \u00e0 vou\u00adloir \u00eatre recon\u00adnu par un tor\u00adchon de papier, la Conven\u00adtion de Gen\u00e8ve. Or le sta\u00adtut de pri\u00adson\u00adnier de guerre cela veut dire un trai\u00adte\u00adment sp\u00e9\u00adcial. Et cette reven\u00addi\u00adca\u00adtion ne tient pas compte non plus des int\u00e9\u00adr\u00eats des autres pri\u00adson\u00adniers&nbsp;!\u2026 Vous devez vous pr\u00e9\u00adpa\u00adrer \u00e0 reve\u00adnir imm\u00e9\u00addia\u00adte\u00adment sur vos d\u00e9non\u00adcia\u00adtions&nbsp;!\u2026 Est-ce pour une reven\u00addi\u00adca\u00adtion aber\u00adrante que vous allez r\u00e9el\u00adle\u00adment mettre votre vie en jeu&nbsp;? Parce qu\u2019il vous semble qu\u2019on n\u2019a plus besoin de vous&nbsp;? Parce que vous ne pou\u00advez plus avoir confiance dans le mouvement&nbsp;?<\/p>\n<p>\tSi vous pre\u00adniez le par\u00adti d\u2019i\u00adgno\u00adrer pure\u00adment et sim\u00adple\u00adment cette lettre et de vous dra\u00adper dans le silence\u200a\u2014\u200acomme cela s\u2019est d\u00e9j\u00e0 pro\u00adduit\u200a\u2014\u200aet si vous d\u00e9ci\u00addiez de ris\u00adquer votre vie pour obte\u00adnir l\u2019ap\u00adpli\u00adca\u00adtion de la Conven\u00adtion de Gen\u00e8ve, alors notre soli\u00adda\u00adri\u00adt\u00e9, au lieu d\u2019\u00eatre quelque chose qui va de soi, nous sera une v\u00e9ri\u00adtable torture.<\/p>\n<p><em>Une Cel\u00adlule R\u00e9vo\u00adlu\u00adtion\u00adnaire. Cr\u00e9ez un, deux\u2026 vous savez&nbsp;quoi.<\/em><br>\n<br><em>Repro\u00addui\u00adsez ce texte, dif\u00adfu\u00adsez-le, \u00e9cri\u00advez-en d\u2019autres.<\/em><\/p>\n<p>\tAndreas Baa\u00adder, Gudrun Ess\u00adlin et Jan Cari Raspe viennent d\u2019\u00eatre condam\u00adn\u00e9s par le tri\u00adbu\u00adnal de Stutt\u00adgart \u00e0 la pri\u00adson \u00e0 vie&nbsp;; condam\u00adna\u00adtion maxi\u00admale (la peine de mort n\u2019exis\u00adtant plus), atten\u00addue, et dont la bar\u00adba\u00adrie est dans la logique du r\u00e9gime de la R.F.A. (et de son tota\u00adli\u00adta\u00adrisme avan\u00adc\u00e9). Compte tenu des condi\u00adtions connues du d\u00e9rou\u00adle\u00adment du pro\u00adc\u00e8s, les avo\u00adcats com\u00admis d\u2019of\u00adfice et qui ont refu\u00ads\u00e9 de plai\u00adder ont intro\u00adduit un recours en cassation.<\/p>\n<p>\tCer\u00adtains diront peut-\u00eatre que devant cette condam\u00adna\u00adtion, la dif\u00adfu\u00adsion de la \u00ab&nbsp;lettre ouverte&nbsp;\u00bb ci-des\u00adsus est plu\u00adt\u00f4t mal\u00adve\u00adnue\u2026 Nous pen\u00adsons exac\u00adte\u00adment le contraire. Pour ceux qui n\u2019au\u00adraient pas encore com\u00adpris, r\u00e9af\u00adfir\u00admons que le sou\u00adtien et la soli\u00adda\u00adri\u00adt\u00e9 n\u2019ex\u00adcluent pas l\u2019in\u00adter\u00adro\u00adga\u00adtion et la cri\u00adtique&nbsp;: elles en sont ins\u00e9parables.<\/p>\n<p>\tNous sommes loin de par\u00adta\u00adger les id\u00e9es de la RAF et plus encore de trou\u00adver jus\u00adti\u00adfi\u00e9es cer\u00adtaines de leurs actions. Mais ils luttent contre l\u2019\u00c9\u00adtat alle\u00admand, ils subissent la r\u00e9pres\u00adsion et ils montrent avec leurs souf\u00adfrances les contra\u00addic\u00adtions de la \u00ab&nbsp;d\u00e9mo\u00adcra\u00adtie lib\u00e9\u00adrale&nbsp;\u00bb qui cache der\u00adri\u00e8re les liber\u00adt\u00e9s et les droits, la seule jus\u00adti\u00adfi\u00adca\u00adtion \u00e0 l\u2019op\u00adpres\u00adsion et \u00e0 l\u2019ex\u00adploi\u00adta\u00adtion&nbsp;: la rai\u00adson d\u2019\u00c9tat.<\/p><\/div>\n","protected":false},"excerpt":{"rendered":"<p>\u00c0 l\u2019heure actuelle, ce texte cir\u00adcule dans les milieux de gauche en Alle\u00admagne. D\u2019a\u00adpr\u00e8s les der\u00adni\u00e8res infor\u00adma\u00adtions re\u00e7ues d\u2019a\u00admis alle\u00admands, il y a actuel\u00adle\u00adment deux autres \u00ab&nbsp;lettres ouvertes&nbsp;\u00bb en cir\u00adcu\u00adla\u00adtion qui, elles aus\u00adsi, sont sign\u00e9es par les \u00ab&nbsp;Cel\u00adlules R\u00e9vo\u00adlu\u00adtion\u00adnaires&nbsp;\u00bb d\u00e9non\u00ad\u00e7ant d\u2019a\u00adbord la pre\u00admi\u00e8re lettre, puis la seconde comme \u00e9tant une \u00ab&nbsp;action men\u00e9e par les services&nbsp;[\u2026]<\/p>\n","protected":false},"author":1,"featured_media":0,"comment_status":"closed","ping_status":"closed","sticky":false,"template":"","format":"standard","meta":{"wp_typography_post_enhancements_disabled":false,"footnotes":""},"categories":[41],"tags":[],"ppma_author":[540],"class_list":["post-445","post","type-post","status-publish","format-standard","hentry","category-la-lanterne-noire-na8-avril-1977"],"authors":[{"term_id":540,"user_id":1,"is_guest":0,"slug":"admin_3gikpwyf","display_name":"Vincent Dubuc","avatar_url":"https:\/\/secure.gravatar.com\/avatar\/d015720652c25fd2ced191ade86430094e1f288a17483713e3b34d26dea52507?s=96&d=mm&r=g","author_category":"","user_url":"https:\/\/la-presse-anarchiste.net","last_name":"Dubuc","first_name":"Vincent","job_title":"","description":""}],"_links":{"self":[{"href":"https:\/\/la-presse-anarchiste.net\/index.php\/wp-json\/wp\/v2\/posts\/445","targetHints":{"allow":["GET"]}}],"collection":[{"href":"https:\/\/la-presse-anarchiste.net\/index.php\/wp-json\/wp\/v2\/posts"}],"about":[{"href":"https:\/\/la-presse-anarchiste.net\/index.php\/wp-json\/wp\/v2\/types\/post"}],"author":[{"embeddable":true,"href":"https:\/\/la-presse-anarchiste.net\/index.php\/wp-json\/wp\/v2\/users\/1"}],"replies":[{"embeddable":true,"href":"https:\/\/la-presse-anarchiste.net\/index.php\/wp-json\/wp\/v2\/comments?post=445"}],"version-history":[{"count":0,"href":"https:\/\/la-presse-anarchiste.net\/index.php\/wp-json\/wp\/v2\/posts\/445\/revisions"}],"wp:attachment":[{"href":"https:\/\/la-presse-anarchiste.net\/index.php\/wp-json\/wp\/v2\/media?parent=445"}],"wp:term":[{"taxonomy":"category","embeddable":true,"href":"https:\/\/la-presse-anarchiste.net\/index.php\/wp-json\/wp\/v2\/categories?post=445"},{"taxonomy":"post_tag","embeddable":true,"href":"https:\/\/la-presse-anarchiste.net\/index.php\/wp-json\/wp\/v2\/tags?post=445"},{"taxonomy":"author","embeddable":true,"href":"https:\/\/la-presse-anarchiste.net\/index.php\/wp-json\/wp\/v2\/ppma_author?post=445"}],"curies":[{"name":"wp","href":"https:\/\/api.w.org\/{rel}","templated":true}]}}