{"id":451,"date":"2007-06-20T08:40:02","date_gmt":"2007-06-20T08:40:02","guid":{"rendered":"https:\/\/la-presse-anarchiste.net\/index.php\/2007\/06\/20\/reponse-ii\/"},"modified":"2007-06-20T08:40:02","modified_gmt":"2007-06-20T08:40:02","slug":"reponse-ii","status":"publish","type":"post","link":"https:\/\/la-presse-anarchiste.net\/index.php\/2007\/06\/20\/reponse-ii\/","title":{"rendered":"R\u00e9ponse II"},"content":{"rendered":"<div class=\"pdfprnt-buttons pdfprnt-buttons-post pdfprnt-top-right\"><a href=\"https:\/\/la-presse-anarchiste.net\/index.php\/wp-json\/wp\/v2\/posts\/451?print=pdf\" class=\"pdfprnt-button pdfprnt-button-pdf\" target=\"_blank\"><img decoding=\"async\" src=\"https:\/\/la-presse-anarchiste.net\/wp-content\/plugins\/pdf-print\/images\/pdf.png\" alt=\"image_pdf\" title=\"Afficher le PDF\"><\/a><a href=\"https:\/\/la-presse-anarchiste.net\/index.php\/wp-json\/wp\/v2\/posts\/451?print=print\" class=\"pdfprnt-button pdfprnt-button-print\" target=\"_blank\"><img decoding=\"async\" src=\"https:\/\/la-presse-anarchiste.net\/wp-content\/plugins\/pdf-print\/images\/print.png\" alt=\"image_print\" title=\"Contenu imprim\u00e9\"><\/a><\/div><div align=\"justify\">\tTu com\u00admences par induire que les copains se seraient tir\u00e9s sur le pro\u00adbl\u00e8me de l\u2019or\u00adga\u00adni\u00adsa\u00adtion&nbsp;: ce n\u2019est pas exact&nbsp;; il y a eu (et il y a encore) des pro\u00adbl\u00e8mes de fonc\u00adtion\u00adne\u00adment, des pro\u00adbl\u00e8mes id\u00e9o\u00adlo\u00adgiques, orga\u00adni\u00adsa\u00adtion\u00adnels aus\u00adsi, mais c\u2019est beau\u00adcoup plus large. Par ailleurs tu sous-entends la mal\u00adhon\u00adn\u00ea\u00adte\u00adt\u00e9 de notre part (notre silence sur les d\u00e9parts)&nbsp;; mais que faire dans ce cas, puisque tu es le pre\u00admier \u00e0 \u00e9crire, sinon par\u00adler \u00e0 la place des gens et pour eux&nbsp;? Expli\u00adquer leur d\u00e9part de notre point de vue, c\u2019est cela qui serait, me semble-t-il, de la mal\u00adhon\u00adn\u00ea\u00adte\u00adt\u00e9&nbsp;! Il aurait \u00e9t\u00e9 plus int\u00e9\u00adres\u00adsant d\u2019a\u00adna\u00adly\u00adser pour\u00adquoi les copains se sont tir\u00e9s sans rien dire&nbsp;!\u2026 et cela est d\u00fb au fonc\u00adtion\u00adne\u00adment du groupe affi\u00adni\u00adtaire que nous sommes&nbsp;!\n<p>\tJe crois que tu enfourches un mau\u00advais che\u00adval de bataille au sens o\u00f9 tu ratio\u00adna\u00adlises&nbsp;; il aurait pu y avoir un d\u00e9bat sur l\u2019or\u00adga\u00adni\u00adsa\u00adtion qui aurait entra\u00ee\u00adn\u00e9 le d\u00e9part d\u2019une ten\u00addance, sur les d\u00e9sac\u00adcords tant id\u00e9o\u00adlo\u00adgiques que d\u2019or\u00adga\u00adni\u00adsa\u00adtion, mais ce ph\u00e9\u00adno\u00adm\u00e8ne n\u2019a pas exis\u00adt\u00e9 comme cela, sauf dans tes ratio\u00adna\u00adli\u00adsa\u00adtions a pos\u00adte\u00adrio\u00adri. Ceci dit, j\u2019ai l\u2019im\u00adpres\u00adsion que tu passes \u00e0 c\u00f4t\u00e9 d\u2019autres choses int\u00e9\u00adres\u00adsantes que tu aurais pu dire, pour tom\u00adber dans une pol\u00e9\u00admique de sp\u00e9\u00adcia\u00adliste avec Nicolas.<\/p>\n<p>\tQuand tu dis \u00ab&nbsp;<em>La Lan\u00adterne<\/em> par les textes de Nico\u00adlas\u2026 est orga\u00adni\u00adsa\u00adtrice&nbsp;\u00bb tu d\u00e9formes sin\u00adgu\u00adli\u00e8\u00adre\u00adment le conte\u00adnu de cet article, et par ailleurs tu as l\u2019air d\u2019ou\u00adblier que le texte d\u2019une per\u00adsonne du groupe ne refl\u00e8te pas n\u00e9ces\u00adsai\u00adre\u00adment une opi\u00adnion majo\u00adri\u00adtaire, ni le point de vue homo\u00adg\u00e8ne de tous, puis\u00adqu\u2019il est d\u00e9j\u00e0 arri\u00adv\u00e9 que des articles don\u00adnant des points de vue dif\u00adf\u00e9\u00adrents sur un m\u00eame th\u00e8me soient publi\u00e9s&nbsp;; c\u2019est d\u2019ailleurs ce qui s\u2019est pro\u00adduit sur le pro\u00adbl\u00e8me de l\u2019or\u00adga\u00adni\u00adsa\u00adtion, o\u00f9 d\u2019autres textes ont \u00e9t\u00e9 publi\u00e9s, expri\u00admant un autre point de vue que celui de Nico\u00adlas, point de vue dif\u00adf\u00e9\u00adrent mais pas contra\u00addic\u00adtoire&nbsp;; que ces textes pro\u00adviennent de copains ext\u00e9\u00adrieurs au groupe, et non du groupe lui-m\u00eame, est-ce vrai\u00adment un pro\u00adbl\u00e8me, puisque des copains de la <em>Lan\u00adterne<\/em> se recon\u00adnais\u00adsaient dans les points de vue expri\u00adm\u00e9s dans ceux-ci&nbsp;? Je crois que l\u00e0 c\u2019est toi qui plaques sur la <em>Lan\u00adterne<\/em> une vision tr\u00e8s orga\u00adni\u00adsa\u00adtion\u00adnelle, o\u00f9 il y aurait un point de vue de groupe, une \u00ab&nbsp;ligne&nbsp;\u00bb qui serait sui\u00advie par tous les membres du groupe&nbsp;!<\/p>\n<p>Tu reproches \u00e0 la Lan\u00adterne d\u2019\u00eatre une orga\u00adni\u00adsa\u00adtion poli\u00adti\u00adcarde, mais les cri\u00adtiques que tu nous fais rel\u00e8vent du m\u00eame com\u00adpor\u00adte\u00adment poli\u00adti\u00adcard&nbsp;! Tu tombes, toi aus\u00adsi, dans l\u2019op\u00adpo\u00adsi\u00adtion tra\u00addi\u00adtion\u00adnelle, dans le mou\u00adve\u00adment anar, entre indi\u00advi\u00addua\u00adlistes et orga\u00adni\u00adsa\u00adteurs&nbsp;; et l\u00e0 je sens une que\u00adrelle \u00ab&nbsp;d\u2019ap\u00adpro\u00adpria\u00adtion&nbsp;\u00bb de l\u2019a\u00adnar\u00adchisme, \u00e9ton\u00adnante quand on essaie comme toi de sor\u00adtir de la \u00ab&nbsp;cri\u00adtique id\u00e9o\u00adlo\u00adgique des id\u00e9o\u00adlo\u00adgies&nbsp;\u00bb. Tu en veux \u00e0 Nico\u00adlas d\u2019\u00eatre \u00ab&nbsp;orga\u00adni\u00adsa\u00adteur&nbsp;\u00bb comme tu dis, d\u2019\u00eatre dans le clan oppo\u00ads\u00e9 au tien, celui des indi\u00advi\u00addua\u00adlistes&nbsp;; est-ce cette cas\u00adsure en deux de la famille anar\u00adchiste qui te g\u00eane, ou le fait que ton clan \u00ab&nbsp;celui authen\u00adti\u00adque\u00adment r\u00e9vo\u00adlu\u00adtion\u00adnaire&nbsp;\u00bb, ne soit pas h\u00e9g\u00e9\u00admo\u00adnique&nbsp;? Cette que\u00adrelle de famille me g\u00eane moi, sur\u00adtout quand tu dis ensuite qu\u2019il ne te reste qu\u2019\u00e0 dis\u00adpa\u00adra\u00eetre dans la nuit des sans-parti.<\/p>\n<p>\tEnfin, sur le \u00ab&nbsp;mou\u00adve\u00adment r\u00e9el&nbsp;\u00bb qui nous serait res\u00adt\u00e9 en tra\u00advers de la gorge, je crois que c\u2019est l\u00e0 une que\u00adrelle d\u2019in\u00adten\u00adtion ou un pro\u00adbl\u00e8me \u00e0 toi, ce qui est tout \u00e0 fait res\u00adpec\u00adtable, mais n\u2019en pro\u00adfite pas pour nous pr\u00ea\u00adter\u200a\u2014\u200apla\u00adquer des inten\u00adtions. Nous ne sommes pas un embryon d\u2019or\u00adga\u00adni\u00adsa\u00adtion \u00e0 voca\u00adtion diri\u00adgiste ou avant-gar\u00addiste, comme tu as l\u2019air de nous pr\u00e9\u00adsen\u00adter \u00e0 la fin de ta lettre&nbsp;; nous nous don\u00adnons sim\u00adple\u00adment le droit d\u2019ex\u00adpri\u00admer ce que nous pen\u00adsons sur la soci\u00e9\u00adt\u00e9, et cela dans une pers\u00adpec\u00adtive liber\u00adtaire, et en cela je ne pense pas que nous soyons dans ce qui est une fausse alter\u00adna\u00adtive en l\u2019oc\u00adcur\u00adrence&nbsp;: par\u00adti dirigeant\/\u200bmouvement r\u00e9el.<\/p>\n<p>Agathe<\/p><\/div>\n","protected":false},"excerpt":{"rendered":"<p>Tu com\u00admences par induire que les copains se seraient tir\u00e9s sur le pro\u00adbl\u00e8me de l\u2019or\u00adga\u00adni\u00adsa\u00adtion&nbsp;: ce n\u2019est pas exact&nbsp;; il y a eu (et il y a encore) des pro\u00adbl\u00e8mes de fonc\u00adtion\u00adne\u00adment, des pro\u00adbl\u00e8mes id\u00e9o\u00adlo\u00adgiques, orga\u00adni\u00adsa\u00adtion\u00adnels aus\u00adsi, mais c\u2019est beau\u00adcoup plus large. Par ailleurs tu sous-entends la mal\u00adhon\u00adn\u00ea\u00adte\u00adt\u00e9 de notre part (notre silence sur&nbsp;les&nbsp;[\u2026]<\/p>\n","protected":false},"author":1,"featured_media":0,"comment_status":"closed","ping_status":"closed","sticky":false,"template":"","format":"standard","meta":{"wp_typography_post_enhancements_disabled":false,"footnotes":""},"categories":[41],"tags":[],"ppma_author":[540],"class_list":["post-451","post","type-post","status-publish","format-standard","hentry","category-la-lanterne-noire-na8-avril-1977"],"authors":[{"term_id":540,"user_id":1,"is_guest":0,"slug":"admin_3gikpwyf","display_name":"Vincent Dubuc","avatar_url":"https:\/\/secure.gravatar.com\/avatar\/d015720652c25fd2ced191ade86430094e1f288a17483713e3b34d26dea52507?s=96&d=mm&r=g","author_category":"","user_url":"https:\/\/la-presse-anarchiste.net","last_name":"Dubuc","first_name":"Vincent","job_title":"","description":""}],"_links":{"self":[{"href":"https:\/\/la-presse-anarchiste.net\/index.php\/wp-json\/wp\/v2\/posts\/451","targetHints":{"allow":["GET"]}}],"collection":[{"href":"https:\/\/la-presse-anarchiste.net\/index.php\/wp-json\/wp\/v2\/posts"}],"about":[{"href":"https:\/\/la-presse-anarchiste.net\/index.php\/wp-json\/wp\/v2\/types\/post"}],"author":[{"embeddable":true,"href":"https:\/\/la-presse-anarchiste.net\/index.php\/wp-json\/wp\/v2\/users\/1"}],"replies":[{"embeddable":true,"href":"https:\/\/la-presse-anarchiste.net\/index.php\/wp-json\/wp\/v2\/comments?post=451"}],"version-history":[{"count":0,"href":"https:\/\/la-presse-anarchiste.net\/index.php\/wp-json\/wp\/v2\/posts\/451\/revisions"}],"wp:attachment":[{"href":"https:\/\/la-presse-anarchiste.net\/index.php\/wp-json\/wp\/v2\/media?parent=451"}],"wp:term":[{"taxonomy":"category","embeddable":true,"href":"https:\/\/la-presse-anarchiste.net\/index.php\/wp-json\/wp\/v2\/categories?post=451"},{"taxonomy":"post_tag","embeddable":true,"href":"https:\/\/la-presse-anarchiste.net\/index.php\/wp-json\/wp\/v2\/tags?post=451"},{"taxonomy":"author","embeddable":true,"href":"https:\/\/la-presse-anarchiste.net\/index.php\/wp-json\/wp\/v2\/ppma_author?post=451"}],"curies":[{"name":"wp","href":"https:\/\/api.w.org\/{rel}","templated":true}]}}