{"id":457,"date":"2007-06-21T18:07:25","date_gmt":"2007-06-21T18:07:25","guid":{"rendered":"https:\/\/la-presse-anarchiste.net\/index.php\/2007\/06\/21\/la-lanterne-noire-et-le-mouvement-libertaire-francais\/"},"modified":"2007-06-21T18:07:25","modified_gmt":"2007-06-21T18:07:25","slug":"la-lanterne-noire-et-le-mouvement-libertaire-francais","status":"publish","type":"post","link":"https:\/\/la-presse-anarchiste.net\/index.php\/2007\/06\/21\/la-lanterne-noire-et-le-mouvement-libertaire-francais\/","title":{"rendered":"<i>La Lanterne Noire<\/i> et le mouvement libertaire fran\u00e7ais"},"content":{"rendered":"<div class=\"pdfprnt-buttons pdfprnt-buttons-post pdfprnt-top-right\"><a href=\"https:\/\/la-presse-anarchiste.net\/index.php\/wp-json\/wp\/v2\/posts\/457?print=pdf\" class=\"pdfprnt-button pdfprnt-button-pdf\" target=\"_blank\"><img decoding=\"async\" src=\"https:\/\/la-presse-anarchiste.net\/wp-content\/plugins\/pdf-print\/images\/pdf.png\" alt=\"image_pdf\" title=\"Afficher le PDF\"><\/a><a href=\"https:\/\/la-presse-anarchiste.net\/index.php\/wp-json\/wp\/v2\/posts\/457?print=print\" class=\"pdfprnt-button pdfprnt-button-print\" target=\"_blank\"><img decoding=\"async\" src=\"https:\/\/la-presse-anarchiste.net\/wp-content\/plugins\/pdf-print\/images\/print.png\" alt=\"image_print\" title=\"Contenu imprim\u00e9\"><\/a><\/div><div align=\"justify\">\n<p>Depuis le d\u00e9but de la p\u00e9riode com\u00adprise entre les deux guerres, le mou\u00adve\u00adment anar\u00adchiste fran\u00ad\u00e7ais se d\u00e9fi\u00adni, en grande par\u00adtie comme \u00ab&nbsp;syn\u00adth\u00e8\u00adsiste&nbsp;\u00bb ou \u00ab&nbsp;archi\u00adno\u00adviste&nbsp;\u00bb (du nom de la plate-forme d\u2019Archinof).<\/p>\n<p>La pre\u00admi\u00e8re posi\u00adtion, mise en forme par S\u00e9bas\u00adtien Faure, consi\u00add\u00e8re qu\u2019il est pos\u00adsible d\u2019or\u00adga\u00adni\u00adser avec des prin\u00adcipes tr\u00e8s souples et f\u00e9d\u00e9\u00adra\u00adlistes, les trois ten\u00addances tra\u00addi\u00adtion\u00adnelles de l\u2019a\u00adnar\u00adchisme fran\u00ad\u00e7ais&nbsp;: les anar\u00adchistes-com\u00admu\u00adnistes, les anar\u00adchistes syn\u00addi\u00adca\u00adlistes, et les anar\u00adchistes individualistes.<\/p>\n<p>Le point com\u00admun de ces deux posi\u00adtions est d\u2019a\u00advoir \u00e9t\u00e9 \u00e9la\u00adbo\u00adr\u00e9es entre les deux guerres, c\u2019est-\u00e0-dire \u00e0 un moment de recul g\u00e9n\u00e9\u00adra\u00adli\u00ads\u00e9, au niveau mon\u00addial, de la classe ouvri\u00e8re, du mou\u00adve\u00adment r\u00e9vo\u00adlu\u00adtion\u00adnaire et anarchiste.<\/p>\n<p>La plate-forme est \u00e9la\u00adbo\u00adr\u00e9e par des anar\u00adchistes russes exi\u00adl\u00e9s en France, et qui expliquent la d\u00e9faite subie en Rus\u00adsie, par une inor\u00adga\u00adni\u00adsa\u00adtion des anar\u00adchistes face a celle, sup\u00e9\u00adrieure, des bolcheviks.<\/p>\n<p>La syn\u00adth\u00e8se, \u00e9la\u00adbo\u00adr\u00e9e quelques ann\u00e9es plus tard, tente de r\u00e9unir, de recol\u00adler les diverses variantes de l\u2019a\u00adnar\u00adchisme pour ten\u00adter de le faire exis\u00adter de nou\u00adveau, chaque ten\u00addance \u00e0 elle seule n\u2019\u00e9\u00adtant rien \u00e0 cette \u00e9poque de reflux g\u00e9n\u00e9ralis\u00e9.<\/p>\n<p><em>Ce sont donc deux solu\u00adtions orga\u00adni\u00adsa\u00adtion\u00adnelles, b\u00e2ties sur une consta\u00adta\u00adtion de d\u00e9faite, de reflux.<\/em> <\/p>\n<p>Elles repr\u00e9\u00adsentent toutes les deux un d\u00e9sir d\u2019exis\u00adter, un refus de mou\u00adrir, mais, mar\u00adqu\u00e9es par la d\u00e9faite, c\u2019est-\u00e0-dire par l\u2019ab\u00adsence en pers\u00adpec\u00adtive, en fili\u00adgrane, d\u2019un <em>mou\u00adve\u00adment auto\u00adnome des masses<\/em>. <\/p>\n<p>Sur les deux, ce qui d\u00e9teint, c\u2019est in\u00e9vi\u00adta\u00adble\u00adment des traces de l\u2019i\u00add\u00e9o\u00adlo\u00adgie des vainqueurs&nbsp;:<br>\nLe bol\u00adche\u00advisme l\u00e9ni\u00adniste (vain\u00adqueur en Rus\u00adsie) sur la plate-forme, avec ses principes&nbsp;:<\/p>\n<ul>\n<li>majo\u00adri\u00adt\u00e9-mino\u00adri\u00adt\u00e9 <\/li>\n<li>res\u00adpon\u00adsa\u00adbi\u00adli\u00adt\u00e9 collective&nbsp;<\/li>\n<li>orga\u00adni\u00adsa\u00adtion centralis\u00e9e.<\/li>\n<\/ul>\n<p>Le lib\u00e9\u00adra\u00adlisme franc-ma\u00e7on (vain\u00adqueurs en Europe occi\u00adden\u00adtale) sur la syn\u00adth\u00e8se, avec ses principes&nbsp;:&nbsp;<\/p>\n<ul>\n<li>homme abs\u00adtrait au-des\u00adsus des classes.<\/li>\n<li>liber\u00adt\u00e9 abstraite<\/li>\n<li>inter\u00adclas\u00adsisme <\/li>\n<li>huma\u00adnisme<\/li>\n<\/ul>\n<p>Outre le fait que ces deux ten\u00addances portent les traces de l\u2019id\u00e9ologie du vain\u00adqueur sui\u00advant le prin\u00adcipe contre-r\u00e9vo\u00adlu\u00adtion\u00adnaire qui pr\u00e9\u00adtend qu\u2019il faut adop\u00adter les prin\u00adcipes de l\u2019ennemi pour le vaincre, elles n\u2019ont eu comme r\u00e9sul\u00adtat pra\u00adtique que de cris\u00adtal\u00adli\u00adser l\u2019activisme des uns et l\u2019inaction des autres, que de se d\u00e9fi\u00adnir les unes par rap\u00adport aux autres, sui\u00advant des sch\u00e9\u00admas trop st\u00e9\u00adr\u00e9o\u00adty\u00adp\u00e9s et donc en par\u00adtie faux&nbsp;: les orga\u00adni\u00adsa\u00adtion\u00adnels contre les anti-orga\u00adni\u00adsa\u00adtion\u00adnels, les purs et durs contre les lib\u00e9\u00adraux, etc.,&nbsp;etc.<\/p>\n<p>Il nous semble quant \u00e0 nous, que par\u00adfois, les pla\u00adte\u00adfor\u00admistes sont entr\u00e9s en juste r\u00e9ac\u00adtion contre le lib\u00e9\u00adra\u00adlisme bour\u00adgeois, l\u2019id\u00e9alisme qui peut carac\u00adt\u00e9\u00adri\u00adser les syn\u00adth\u00e8\u00adsistes, mais que ces der\u00adniers entrent fort jus\u00adte\u00adment en lutte contre les carac\u00adt\u00e9\u00adris\u00adtiques bol\u00adche\u00advi\u00adsantes des premiers.<\/p>\n<p><em>Quoi qu\u2019il en soit, nous pen\u00adsons que la plate-forme et la syn\u00adth\u00e8se ne sont plus (si elles l\u2019ont jamais \u00e9t\u00e9) d\u2019actualit\u00e9. En effet, les id\u00e9o\u00adlo\u00adgies domi\u00adnantes qui ont d\u00e9teint sur l\u2019une et l\u2019autre sont en crise et en voie de d\u00e9p\u00e9\u00adris\u00adse\u00adment&nbsp;: le lib\u00e9\u00adra\u00adlisme et le marxisme-l\u00e9ninisme.<\/em><\/p>\n<p>Ce qu\u2019il faut savoir en outre, c\u2019est que cette pola\u00adri\u00adsa\u00adtion entre ces deux ten\u00addances, est tr\u00e8s sp\u00e9\u00adci\u00adfique du mou\u00adve\u00adment fran\u00ad\u00e7ais, et tr\u00e8s pro\u00adba\u00adble\u00adment li\u00e9e \u00e0 la double tra\u00addi\u00adtion lib\u00e9\u00adrale et blan\u00adquiste du mou\u00adve\u00adment socia\u00adliste en France ain\u00adsi ensuite que de l\u2019importance du syn\u00addi\u00adca\u00adlisme r\u00e9volutionnaire.<\/p>\n<p>Il n\u2019en fut pas de m\u00eame dans d\u2019autres pays riches en tra\u00addi\u00adtions r\u00e9vo\u00adlu\u00adtion\u00adnaires et anar\u00adchistes&nbsp;: l\u2019Espagne, l\u2019Italie, l\u2019Argentine ou les \u00c9tats-Unis. Dans ces pays, le mou\u00adve\u00adment anar\u00adchiste, li\u00e9 plus direc\u00adte\u00adment \u00e0 la lutte des exploi\u00adt\u00e9s, s\u2019est tou\u00adjours situ\u00e9 en dehors de cette pro\u00adbl\u00e9\u00adma\u00adtique pour se retrou\u00adver plus direc\u00adte\u00adment sur une posi\u00adtion de classe&nbsp;; les pro\u00adbl\u00e8mes qui se posaient \u00e9taient alors davan\u00adtage entre l\u2019or\u00adga\u00adni\u00adsa\u00adtion sp\u00e9\u00adci\u00adfique et le syn\u00addi\u00adca\u00adlisme (ou l\u2019or\u00adga\u00adni\u00adsa\u00adtion des exploi\u00adt\u00e9s) avec les diverses r\u00e9ponses apport\u00e9es.&nbsp;<\/p>\n<p>C\u2019est donc plu\u00adt\u00f4t dans cette tra\u00addi\u00adtion que nous nous situons (Mala\u00adtes\u00adta, la FORA, la frac\u00adtion anti\u00admi\u00adnis\u00adt\u00e9\u00adrielle de la CNT et de la FAI, les IWW etc.) sans que pour cela nous ne nous pri\u00advions pas de cri\u00adti\u00adquer telle ou telle connerie.<\/p>\n<p>Dans la p\u00e9riode actuelle, cette \u00ab&nbsp;ligne&nbsp;\u00bb s\u2019ac\u00adtua\u00adlise par nos adden\u00adda aux points com\u00admuns, que nous publions dans ce num\u00e9\u00adro, et qui d\u00e9ter\u00admi\u00adne\u00adront en par\u00adtie, nos rap\u00adports avec les dif\u00adf\u00e9\u00adrentes com\u00adpo\u00adsantes du mou\u00adve\u00adment anar\u00adchiste et libertaire.<br>\nNous nous pro\u00adpo\u00adsons main\u00adte\u00adnant de pr\u00e9\u00adsen\u00adter au lec\u00adteur ces dif\u00adf\u00e9\u00adrentes com\u00adpo\u00adsantes en les situant par rap\u00adport \u00e0 nos propres options.<\/p>\n<h2>Le mouvement libertaire fran\u00e7ais<\/h2>\n<p><strong>LA F\u00c9D\u00c9RATION ANARCHISTE (F.A) (3 rue Ter\u00adnaux 75011&nbsp;Paris)<\/strong><\/p>\n<p>Cr\u00e9\u00e9e en 1954 ce fut long\u00adtemps l\u2019une des seules orga\u00adni\u00adsa\u00adtions exis\u00adtante. C\u2019est encore aujourd\u2019\u00adhui la plus impor\u00adtante&nbsp;; elle publie un heb\u00addo\u00adma\u00addaire&nbsp;: <em>Le Monde liber\u00adtaire<\/em>. <\/p>\n<p>La F.A. fonc\u00adtionne sur l\u2019i\u00add\u00e9e que l\u2019on peut ras\u00adsem\u00adbler au sein d\u2019une m\u00eame f\u00e9d\u00e9\u00adra\u00adtion toute la famille anar&nbsp;: indi\u00advi\u00addua\u00adlistes, syn\u00addi\u00adca\u00adlistes, anar\u00adchistes com\u00admu\u00adnistes, sans comp\u00adter les variantes modernes. Le groupe y est auto\u00adnome, et l\u2019or\u00adga\u00adni\u00adsa\u00adtion n\u2019a en com\u00admun que les prin\u00adcipes de base, le jour\u00adnal, et bien s\u00fbr les d\u00e9bats qui tra\u00adversent l\u2019or\u00adga\u00adni\u00adsa\u00adtion. C\u2019est donc la syn\u00adth\u00e8se telle que nous l\u2019a\u00advons cri\u00adti\u00adqu\u00e9e plus haut. Mais outre cette diver\u00adgence que nous avons sur le fond avec les cama\u00adrades de la F.A., il y a quelque chose que nous cri\u00adti\u00adquons \u00e9ga\u00adle\u00adment&nbsp;: il existe des pro\u00adpri\u00e9\u00adtaires l\u00e9gaux de la f\u00e9d\u00e9\u00adra\u00adtion anar\u00adchiste&nbsp;: l\u2019As\u00adso\u00adcia\u00adtion pour la dif\u00adfu\u00adsion des id\u00e9es ratio\u00adna\u00adlistes. \u00c0 l\u2019o\u00adri\u00adgine cr\u00e9\u00e9e pour d\u00e9fendre l\u2019or\u00adga\u00adni\u00adsa\u00adtion contre de pos\u00adsibles infil\u00adtra\u00adtions, ou com\u00adplots de type l\u00e9ni\u00adniste comme il s\u2019en \u00e9tait pro\u00adduit dans un pas\u00ads\u00e9 r\u00e9cent (voir pour ceux que \u00e7a int\u00e9\u00adresse l\u2019his\u00adtoire du mou\u00adve\u00adment anar\u00adchiste de Roland Biard, p.&nbsp;117, aux \u00e9di\u00adtions Gal\u00adli\u00adl\u00e9es), cette asso\u00adcia\u00adtion a elle-m\u00eame jou\u00e9 le r\u00f4le de ceux qu\u2019elle vou\u00adlait pourchasser.<\/p>\n<p>Il nous para\u00eet incom\u00adpa\u00adtible avec notre concep\u00adtion de l\u2019a\u00adnar\u00adchisme et de l\u2019or\u00adga\u00adni\u00adsa\u00adtion, que le garant d\u2019une ligne quel\u00adconque puisse \u00eatre une ins\u00adti\u00adtu\u00adtion l\u00e9gale, et non la coh\u00e9\u00adrence et le bon vou\u00adloir des militants.<\/p>\n<p>De plus, cette asso\u00adcia\u00adtion est lar\u00adge\u00adment com\u00adpo\u00ads\u00e9e de franc-ma\u00e7ons ce qui a pour r\u00e9sul\u00adtat une ten\u00addance a rame\u00adner per\u00adp\u00e9\u00adtuel\u00adle\u00adment la F.A. sur une posi\u00adtion lib\u00e9\u00adrale et huma\u00adniste (propre a la pen\u00ads\u00e9e franc-ma\u00e7onne), et contra\u00addic\u00adtoire avec notre propre concep\u00adtion de l\u2019a\u00adnar\u00adchisme o\u00f9 la lutte des classes tient une place fondamentale.<\/p>\n<p>Pour\u00adtant, lors de son der\u00adnier congr\u00e8s, la F.A a affir\u00adm\u00e9 son atta\u00adche\u00adment \u00e0 la lutte des classes dans le m\u00eame temps qu\u2019elle ten\u00adtait de s\u2019ac\u00adtua\u00adli\u00adser en se plon\u00adgeant dans les luttes qui sont celles de notre temps&nbsp;; signe selon nous que la F.A n\u2019est pas sans contra\u00addic\u00adtions, signe d\u2019une cer\u00adtaine bonne san\u00adt\u00e9 comme l\u2019est aus\u00adsi l\u2019a\u00adm\u00e9\u00adlio\u00adra\u00adtion du <em>Monde liber\u00adtaire<\/em> hebdo.&nbsp;<\/p>\n<p>Mais nous savons aus\u00adsi que l\u2019his\u00adtoire de la F.A, c\u2019est aus\u00adsi celle des d\u00e9parts suc\u00adces\u00adsifs de ceux qui ten\u00adt\u00e8rent de don\u00adner un conte\u00adnu r\u00e9vo\u00adlu\u00adtion\u00adnaire, et s\u2019y cas\u00ads\u00e8rent les&nbsp;dents.<br>\nCe fut l\u2019u\u00adnion des groupes anar\u00adchistes com\u00admu\u00adnistes, cr\u00e9\u00e9s en 1961, comme ten\u00addance dans la FA, et qui d\u00fbt la quit\u00adter \u00e0 par\u00adtir de 1964, et dont beau\u00adcoup de mili\u00adtants se retrouvent aujourd\u2019\u00adhui dans le groupe qui \u00e9dite <em>Tri\u00adbune Anar\u00adchiste Com\u00admu\u00adniste<\/em> (TAC). <\/p>\n<p>Ce fut ensuite la scis\u00adsion du congr\u00e8s de Bor\u00addeaux, en 1967, puis la cr\u00e9a\u00adtion de l\u2019O\u00adRA, qui don\u00adna nais\u00adsance \u00e0 la r\u00e9cente OCL (nous pr\u00e9\u00adsen\u00adte\u00adrons ensuite la TAC et&nbsp;L\u2019OCL).<\/p>\n<p>La situa\u00adtion \u00e0 l\u2019heure actuelle&nbsp;:<br>\n<br>beau\u00adcoup de mili\u00adtants et de groupes qui sont sur des posi\u00adtions anar\u00adchistes com\u00admu\u00adnistes ou com\u00admu\u00adnistes liber\u00adtaires et qui impulsent une dyna\u00admique posi\u00adtive comme celle du <em>ML<\/em> hebdo.<\/p>\n<p>Nous ver\u00adrons bien ce qui se pas\u00adse\u00adra avec l\u2019as\u00adso\u00adcia\u00adtion. Mais qu\u2019il y ait de nou\u00advelles scis\u00adsions, ou que la FA se trans\u00adforme r\u00e9el\u00adle\u00adment, cela ne sera pas sans effet sur la recom\u00adpo\u00adsi\u00adtion n\u00e9ces\u00adsaire d\u2019un nou\u00adveau mou\u00adve\u00adment anarchiste.<\/p>\n<p><strong>LA TRIBUNE ANARCHISTE COMMUNISTE (TAC) (Paul Denais 22 bis rue de la R\u00e9union Paris&nbsp;20)<\/strong><\/p>\n<p>Il ne s\u2019a\u00adgit pas \u00e0 pro\u00adpre\u00adment par\u00adler d\u2019une orga\u00adni\u00adsa\u00adtion, mais d\u2019un lieu de regrou\u00adpe\u00adment et d\u2019ex\u00adpres\u00adsion de cama\u00adrades ayant une cer\u00adtaine sp\u00e9\u00adci\u00adfi\u00adci\u00adt\u00e9, une cer\u00adtaine his\u00adtoire, qui les a conduits \u00e0 lut\u00adter contre l\u2019im\u00admo\u00adbi\u00adlisme et la scl\u00e9\u00adrose, pour ne pas s\u2019i\u00adso\u00adler de la pen\u00ads\u00e9e poli\u00adtique moderne et pour lut\u00adter par\u00adtout ou des th\u00e8mes qui sont les n\u00f4tres sont abor\u00add\u00e9s, en par\u00adti\u00adcu\u00adlier celui d\u2019autogestion.<\/p>\n<p>Cela a ame\u00adn\u00e9 les cama\u00adrades de la TAC (avant, de l\u2019U\u00adGAC) \u00e0 se faire beau\u00adcoup d\u2019illu\u00adsions, jadis sur l\u2019au\u00adto\u00adges\u00adtion en You\u00adgo\u00adsla\u00advie et en Alg\u00e9\u00adrie, puis sur les pos\u00adsi\u00adbi\u00adli\u00adt\u00e9s de tra\u00advail avec une gauche mar\u00adxiste qui se vou\u00adlait en rup\u00adture de l\u00e9ni\u00adnisme (PSU,&nbsp;CIC).&nbsp;<\/p>\n<p>Il est cer\u00adtain que mal\u00adgr\u00e9 cela cette pra\u00adtique a per\u00admis \u00e7a et l\u00e0 de d\u00e9cloi\u00adson\u00adner la pen\u00ads\u00e9e liber\u00adtaire et de la sor\u00adtir d\u2019un superbe iso\u00adle\u00adment&nbsp;; mais en m\u00eame temps elle la can\u00adton\u00adnait \u00e0 un monde quelque peu poli\u00adti\u00adcien, proche du fron\u00adtisme que nous avons sou\u00advent cri\u00adti\u00adqu\u00e9. \u00c0 l\u2019heure actuelle, la revue, (qui a peut-\u00eatre eu rai\u00adson de choi\u00adsir une forme plus modeste que la <em>Lan\u00adterne Noire<\/em>, et qui a donc plus de faci\u00adli\u00adt\u00e9 \u00e0 sur\u00advivre), nous four\u00adnit des infor\u00adma\u00adtions sur dif\u00adf\u00e9\u00adrents lieux o\u00f9 l\u2019au\u00adto\u00adges\u00adtion appa\u00adra\u00eet et se dis\u00adcute. De plus elle s\u2019ef\u00adforce d\u2019a\u00adna\u00adly\u00adser les situa\u00adtions poli\u00adtiques actuelles avec une cer\u00adtaine rigueur.&nbsp;<\/p>\n<p>Pour ce qui concerne l\u2019or\u00adga\u00adni\u00adsa\u00adtion, la Tac est bien s\u00fbr favo\u00adrable \u00e0 l\u2019or\u00adga\u00adni\u00adsa\u00adtion sp\u00e9\u00adci\u00adfique des anar\u00adchistes r\u00e9vo\u00adlu\u00adtion\u00adnaires, mais nous ne savons pas si c\u2019est tou\u00adjours sui\u00advant le prin\u00adcipe de la plate-forme d\u2019Ar\u00adchi\u00adnof, comme jadis l\u2019UGAC.<br>\nPour ce qui concerne les syn\u00addi\u00adcats, la TAC est loin de par\u00adta\u00adger les \u00ab&nbsp;ana\u00adlyses anti\u00adsyn\u00addi\u00adcales&nbsp;\u00bb qui pointent leur nez \u00e0 notre \u00e9poque. T\u00e9moins la dis\u00adcus\u00adsion publi\u00e9e dans la revue, entre eux et \u00ab&nbsp;a\u2011narchismo&nbsp;\u00bb, revue ita\u00adlienne, et plus proche de nous, la cri\u00adtique faite aux cama\u00adrades d\u2019ar\u00adchives qui ont quit\u00adt\u00e9 la CFDT (voir <em>TAC<\/em> N\u00b0&nbsp;21 de juillet 1977 et <em>Front liber\u00adtaire<\/em> N\u00b0&nbsp;68 de mai&nbsp;1977).&nbsp;<\/p>\n<p><strong>L\u2019ORGANISATION COMMUNISTE LIBERTAIRE (OCL&nbsp;; 33 rue des vignoles Paris&nbsp;75020)<\/strong><\/p>\n<p>C\u2019est la deuxi\u00e8me orga\u00adni\u00adsa\u00adtion anar\u00adchiste fran\u00ad\u00e7aise [[Nous disons \u00ab&nbsp;anar\u00adchiste&nbsp;\u00bb, bien que les cama\u00adrades de l\u2019O\u00adCL, par sou\u00adcis d\u2019 effi\u00adca\u00adci\u00adt\u00e9, et pour se d\u00e9mar\u00adquer des ana\u00adnars et des ploums (ces m\u00eames qui sont d\u2019ailleurs en par\u00adtie dans le mou\u00adve\u00adment auto\u00adnome en ce moment) aient aban\u00addon\u00adn\u00e9 l\u2019\u00e9\u00adti\u00adquette. Il n\u2019en demeure pas moins que mal\u00adgr\u00e9 eux ils le sont, et qu\u2019ils sont v\u00e9cus par les autres comme tels. Il ne faut pas se cacher der\u00adri\u00e8re des boites d\u2019al\u00adlu\u00admettes. Par ailleurs, le terme liber\u00adtaire n\u2019est pas moins enta\u00adch\u00e9 de d\u00e9via\u00adtion et de r\u00e9cu\u00adp\u00e9\u00adra\u00adtion que celui d\u2019a\u00adnar\u00adchisme&nbsp;; t\u00e9moins les r\u00e9centes d\u00e9cla\u00adra\u00adtions de J\u00e9rome Monod, de Ber\u00adnard Hen\u00adry L\u00e9vy, ou de bonzes de la CFDT, qui c\u2019est bien connu, sont tous aus\u00adsi liber\u00adtaires que Jean Paul Sartre, ou des bonzes anar\u00adcho-syn\u00addi\u00adca\u00adlistes sont anar\u00adchistes.]] apr\u00e8s la FA, de par le nombre (tr\u00e8s faible cepen\u00addant) de ses militants.&nbsp;<\/p>\n<p>Elle est issue de l\u2019or\u00adga\u00adni\u00adsa\u00adtion r\u00e9vo\u00adlu\u00adtion\u00adnaire anar\u00adchiste (ORA), elle-m\u00eame scis\u00adsion de la&nbsp;FA.&nbsp;<\/p>\n<p>L\u2019ORA n\u2019a\u00advait r\u00e9us\u00adsi \u00e0 scis\u00adsion\u00adner de la FA, qu\u2019en \u00e9tant son contraire, c\u2019est \u00e0 dire en sin\u00adgeant le gau\u00adchisme triom\u00adphant dans l\u2019ex\u00adtr\u00eame gauche, apr\u00e8s 1968. Pour cela, l\u2019O\u00adRA avait r\u00e9cu\u00adp\u00e9\u00adr\u00e9, dans la tra\u00addi\u00adtion anar\u00adchiste, la tou\u00adjours m\u00eame pous\u00adsi\u00e9\u00adreuse plate-forme, (oui tou\u00adjours celle d\u2019Ar\u00adchi\u00adnof) en pen\u00adsant que cela suf\u00adfi\u00adrait \u00e0 redon\u00adner une cr\u00e9\u00addi\u00adbi\u00adli\u00adt\u00e9 r\u00e9vo\u00adlu\u00adtion\u00adnaire \u00e0 l\u2019a\u00adnar\u00adchisme fran\u00ad\u00e7ais, englu\u00e9 dans le r\u00e9for\u00admisme. Le sou\u00adci \u00e9tait louable, mais la m\u00e9thode mau\u00advaise. L\u2019ORA ne r\u00e9us\u00adsit \u00e0 deve\u00adnir qu\u2019un appen\u00addice des gau\u00adchistes apr\u00e8s avoir \u00e9t\u00e9 celui des francs-ma\u00e7ons.<\/p>\n<p>Pour\u00adtant, la scis\u00adsion ne se fit pas seule\u00adment sur des points id\u00e9o\u00adlo\u00adgiques mais sur des pra\u00adtiques concr\u00e8tes dans dif\u00adf\u00e9\u00adrents lieux de luttes.<\/p>\n<p>C\u2019est sur cette base que de nou\u00adveaux mili\u00adtants entr\u00e8rent a l\u2019O\u00adRA, qui fut de ce fait m\u00eame ren\u00addue tr\u00e8s per\u00admis\u00adsive aux crises et aux d\u00e9bats du gau\u00adchisme apr\u00e8s 68. Une \u00e9vo\u00adlu\u00adtion se fit donc, mais tou\u00adjours en fonc\u00adtion de deux axes&nbsp;: la crise du gau\u00adchisme et sa cons\u00e9\u00adquence, la mon\u00adt\u00e9e des id\u00e9o\u00adlo\u00adgies ultra gauche (qui sont au gau\u00adchisme ce que ce der\u00adnier est au l\u00e9ni\u00adnisme), et la confron\u00adta\u00adtion sur des pra\u00adtiques concr\u00e8tes avec des gens ext\u00e9\u00adrieurs au mou\u00adve\u00adment sp\u00e9\u00adci\u00adfi\u00adque\u00adment libertaire.<\/p>\n<p>Pro\u00adgres\u00adsi\u00adve\u00adment, les prin\u00adcipes d\u00e9fi\u00adnis dans la plate-forme vol\u00e8rent en \u00e9clat (au grand dam de cer\u00adtains), au pro\u00adfit du d\u00e9bat et de la pra\u00adtique col\u00adlec\u00adtive. Ceci se pro\u00adduit, ph\u00e9\u00adno\u00adm\u00e8ne curieux et unique, sans r\u00e9el \u00e9cla\u00adte\u00adment ni aucune d\u00e9com\u00adpo\u00adsi\u00adtion vers des id\u00e9o\u00adlo\u00adgies indi\u00advi\u00addua\u00adlistes et anti-militantes.<\/p>\n<p>L\u2019ORA devint OCL&nbsp;; en ce moment, l\u2019O\u00adCL est un corps vivant tra\u00adver\u00ads\u00e9 par de vives contra\u00addic\u00adtions, mais qui sont celles du mou\u00adve\u00adment r\u00e9vo\u00adlu\u00adtion\u00adnaire (com\u00adment ne pas \u00eatre une avant-garde, en \u00e9tant orga\u00adni\u00ads\u00e9, homme femmes, Paris-Pro\u00advince, acti\u00advisme \u2013 r\u00e9flexion, \u00e9tudiants-travailleurs\u2026).&nbsp;<\/p>\n<p>L\u2019in\u00adt\u00e9\u00adr\u00eat, c\u2019est que ces contra\u00addic\u00adtions ne se posent pas trop en rap\u00adport de force, mais en d\u00e9bat, sans qu\u2019une cer\u00adtaine coh\u00e9\u00adsion ne dis\u00adpa\u00adraisse, sans aus\u00adsi que le d\u00e9bat ne devienne qu\u2019un pur d\u00e9bat d\u2019id\u00e9es.<\/p>\n<p>L\u2019OCL a su recon\u00adna\u00eetre et faire recon\u00adna\u00eetre aux autres l\u2019exis\u00adtence d\u2019un nou\u00adveau mou\u00adve\u00adment liber\u00adtaire, il lui reste encore vrai\u00adsem\u00adbla\u00adble\u00adment \u00e0 se d\u00e9faire d\u2019un cer\u00adtain triom\u00adpha\u00adlisme (issu du gau\u00adchisme) et \u00e0 red\u00e9\u00adfi\u00adnir (avec d\u2019autres) le r\u00f4le d\u2019une orga\u00adni\u00adsa\u00adtion sp\u00e9\u00adci\u00adfique dont les mili\u00adtants sont par\u00adties pre\u00adnantes d\u2019un mou\u00adve\u00adment plus&nbsp;large.<\/p>\n<p>Il est \u00e0 signa\u00adler mal\u00adgr\u00e9 tout, que bien que la pra\u00adtique de l\u2019O\u00adCL n\u2019ait plus rien \u00e0 voir avec elle, la plate-forme n\u2019est pas aban\u00addon\u00adn\u00e9e comme r\u00e9f\u00e9\u00adrence organisationnelle.<\/p>\n<p>Deux aspects de cette pra\u00adtique, nous paraissent impor\u00adtants en ce moment&nbsp;; d\u2019une part ten\u00adter de regrou\u00adper et de coor\u00addon\u00adner les liber\u00adtaires par sec\u00adteur de tra\u00advail, d\u2019en\u00adtre\u00adprise, pour don\u00adner une consis\u00adtance a la zone de l\u2019au\u00adto\u00adno\u00admie ouvri\u00e8re qui com\u00admence d\u2019exis\u00adter (moins peut \u00eatre que les cama\u00adrades le pensent cepen\u00addant)&nbsp;; et d\u2019autre part s\u2019in\u00adves\u00adtir dans des jour\u00adnaux de contre infor\u00adma\u00adtion, dans les\u00adquels il est clair que c\u2019est la que s\u2019ex\u00adpriment d\u2019autres aspects du nou\u00adveau mou\u00adve\u00adment, de l\u2019au\u00adto\u00adno\u00admie si l\u2019on veut, ceux qui ne sont pas direc\u00adte\u00adment pris dans les rap\u00adports de pro\u00adduc\u00adtion, mais dans tous les aspects de la&nbsp;vie.<\/p>\n<p>Publie <em>Front liber\u00adtaire des luttes de classes<\/em>, m\u00eame adresse.<\/p>\n<p><strong>Tout le pou\u00advoir aux travailleurs<\/strong><\/p>\n<p>(\u00e9di\u00adtions L BP 51902, 75067 Paris), publie&nbsp;: <em>Tout le pou\u00advoir aux tra\u00advailleurs<\/em>.<\/p>\n<p>Il s\u2019a\u00adgis\u00adsait d\u2019une frac\u00adtion de l\u2019O\u00adCL qui en a \u00e9t\u00e9 exclue r\u00e9cemment.<\/p>\n<p>Si l\u2019UT\u00adCL fait de gros efforts pour d\u00e9ve\u00adlop\u00adper la pra\u00adtique et l\u2019or\u00adga\u00adni\u00adsa\u00adtion liber\u00adtaire par\u00admi les tra\u00advailleurs, elle n\u2019en tombe pas moins, selon nous dans un double tra\u00advers&nbsp;: celui du triom\u00adpha\u00adlisme, et celui de l\u2019avant-gardisme.<\/p>\n<p>Elle aus\u00adsi a cri\u00adti\u00adqu\u00e9 (encore plus ver\u00adte\u00adment que la TAC) le d\u00e9part des cama\u00adrades d\u2019ar\u00adchive de la&nbsp;CFDT.<\/p>\n<p>L\u2019UTCL pense que c\u2019est encore dans les syn\u00addi\u00adcats que se trouve la par\u00adtie la plus consciente de la classe.<\/p>\n<p>Par ailleurs, l\u2019UT\u00adCL rem\u00adplit l\u2019es\u00adpace lais\u00ads\u00e9 vide par l\u2019O\u00adRA, de cau\u00adtion liber\u00adtaire aux ges\u00adti\u00adcu\u00adla\u00adtions gau\u00adchistes et fron\u00adtistes (appels communs\u2026).&nbsp;<\/p>\n<p>Mais ce qui nous s\u00e9pare le plus de ces cama\u00adrades, c\u2019est l\u2019i\u00add\u00e9e de pro\u00adgramme reven\u00addi\u00adca\u00adtif pro\u00adpo\u00ads\u00e9 aux tra\u00advailleurs dans le cadre de la soci\u00e9\u00adt\u00e9 capi\u00adta\u00adliste. La logique est la m\u00eame que celle de la ligue com\u00admu\u00adniste qui demande un peu plus que le PC pour bien mon\u00adtrer qu\u2019elle est plus \u00e0 gauche&nbsp;; et bien l\u2019UT\u00adCL en rajoute encore un peu pour bien faire voir qu\u2019elle est encore plus r\u00e9volutionnaire.<\/p>\n<p><strong>L\u2019ORGANISATION DE COMBAT ANARCHISTE (OCA)<\/strong><\/p>\n<p>(116 rue mont\u00admartre 75002 Paris) Publie une revue&nbsp;: <em>Lut\u00adter<\/em> (BP 1902 45009 Orl\u00e9ans Cedex).<\/p>\n<p>De cr\u00e9a\u00adtion r\u00e9cente, cette orga\u00adni\u00adsa\u00adtion ras\u00adsemble par\u00admi les anciens cama\u00adrades de coor\u00addi\u00adna\u00adtion anar\u00adchiste, ceux qui \u00e9taient le plus \u00ab&nbsp;organisationnels&nbsp;\u00bb.&nbsp;<\/p>\n<p>Nous ne connais\u00adsons pas la pra\u00adtique concr\u00e8te, locale, de ces cama\u00adrades, mais ce qui est cer\u00adtain, c\u2019est que la revue, outre un gros effort de pr\u00e9\u00adsen\u00adta\u00adtion, est bien docu\u00admen\u00adt\u00e9e et pr\u00e9\u00adsente clai\u00adre\u00adment cer\u00adtains probl\u00e8mes.<\/p>\n<p>Mais selon nous, l\u2019O\u00adCA sacri\u00adfie trop au triom\u00adpha\u00adlisme, et ne se d\u00e9marque pas de la vielle concep\u00adtion de la r\u00e9vo\u00adlu\u00adtion selon laquelle c\u2019est de la crise du capi\u00adta\u00adlisme que vient le&nbsp;salut.<\/p>\n<p>Cette crise qui n\u2019a jamais \u00e9t\u00e9 aus\u00adsi forte, cette crise qui est la der\u00adni\u00e8re\u2026 comme r\u00e9vo\u00adlu\u00adtion inter\u00adna\u00adtio\u00adnale, l\u2019O\u00adCA nous demande d\u2019\u00eatre \u00e0 la hau\u00adteur de la p\u00e9riode, d\u2019ac\u00adcom\u00adplir notre tache his\u00adto\u00adrique\u2026 dans la&nbsp;crise.&nbsp;<\/p>\n<p>Cette mys\u00adtique de la crise am\u00e8ne en g\u00e9n\u00e9\u00adral \u00e0 des posi\u00adtions peu cri\u00adtiques, peu d\u00e9bat\u00adtues, et cela aus\u00adsi se res\u00adsent dans la revue \u00ab&nbsp;lutter&nbsp;\u00bb.&nbsp;<\/p>\n<p>L\u2019OCA estime (comme nous) qu\u2019il est impor\u00adtant en ce moment de cr\u00e9er et de faire vivre des struc\u00adtures uni\u00adtaires, de base, entre les libertaires&nbsp;;<br>\n<br>elle consi\u00add\u00e8re enfin les syn\u00addi\u00adcats comme des cour\u00adroies de trans\u00admis\u00adsion et d\u2019in\u00adt\u00e9\u00adgra\u00adtion des tra\u00advailleurs au sys\u00adt\u00e8me (comme la lan\u00adterne noire et&nbsp;l\u2019OCL).<\/p>\n<h2>\u2013 O \u2013<\/h2>\n<p>Nous allons main\u00adte\u00adnant pas\u00adser \u00e0 un autre aspect du mou\u00adve\u00adment liber\u00adtaire orga\u00adni\u00ads\u00e9, ceux que l\u2019on peut appe\u00adler les SYNDICALISTES.<\/p>\n<p>Jus\u00adqu\u2019en 1968, et un peu apr\u00e8s, les anar\u00adcho-syn\u00addi\u00adca\u00adlistes qui mili\u00adtaient dans les syn\u00addi\u00adcats r\u00e9for\u00admistes, se regrou\u00adpaient et se coor\u00addon\u00adnaient au sein de l\u2019UAS, Union Anar\u00adcho Syndicaliste.&nbsp;<\/p>\n<p>Puis, sous l\u2019in\u00adfluence des \u00e9v\u00e8\u00adne\u00adments de 68 et des gr\u00e8ves qui les sui\u00advirent, une large par\u00adtie des cama\u00adrades aban\u00addon\u00adn\u00e8rent l\u2019\u00e9\u00adti\u00adquette syn\u00addi\u00adca\u00adliste et le jour\u00adnal devint <em>l\u2019anarcho<\/em> tout court au lieu de <em>l\u2019anarcho-syndicaliste<\/em>. (Nous repar\u00adle\u00adrons de <em>l\u2019anarcho<\/em>, un peu plus&nbsp;loin.)<\/p>\n<p>D\u2019autres fon\u00add\u00e8rent l\u2019AS\u00adRAS, puis Alliance Syn\u00addi\u00adca\u00adliste (AS), \u00e0 Bor\u00addeaux et \u00e0 Paris prin\u00adci\u00adpa\u00adle\u00adment. L\u2019ac\u00adcent fut mis sur le tra\u00advail dans la CFDT, un peu \u00e0 la CGT, mais pas du tout \u00e0&nbsp;FO.<\/p>\n<p>D\u2019autres, enfin, r\u00e9cem\u00adment, refon\u00add\u00e8rent l\u2019UAS, en fai\u00adsant comme cri\u00adtique \u00e0 l\u2019AS que la CFDT n\u2019est pas une orga\u00adni\u00adsa\u00adtion ouvri\u00e8re. Ces anar\u00adcho-syn\u00addi\u00adca\u00adlistes pri\u00advi\u00adl\u00e9\u00adgient F.O et des alliances avec l\u2019or\u00adga\u00adni\u00adsa\u00adtion trots\u00adkyste, l\u2019OCI.&nbsp;<\/p>\n<p>Pour ter\u00admi\u00adner, la CNT, Conf\u00e9\u00add\u00e9\u00adra\u00adtion Natio\u00adnale du Tra\u00advail, existe depuis 1945, et regroupe ceux qui pensent que les anar\u00adchistes doivent s\u2019organiser syn\u00addi\u00adca\u00adle\u00adment entre eux, d\u00e8s maintenant.<\/p>\n<p>Nos lec\u00adteurs savent que nous ne sommes pas syn\u00addi\u00adca\u00adlistes, voir \u00e0 ce sujet nos <a href=\"article200.html\">\u00ab&nbsp;points com\u00admuns&nbsp;\u00bb<\/a> o\u00f9 il est dit que tous les syn\u00addi\u00adcats sont des \u00e9l\u00e9\u00adments de sta\u00adbi\u00adli\u00adsa\u00adtion du r\u00e9gime.&nbsp;<\/p>\n<p>Nous pen\u00adsons que m\u00eame une orga\u00adni\u00adsa\u00adtion syn\u00addi\u00adcale r\u00e9vo\u00adlu\u00adtion\u00adnaire, porte en elle-m\u00eame ses limites r\u00e9for\u00admistes, et qu\u2019en cons\u00e9\u00adquence elle ne peut pas \u00eatre l\u2019\u00e9l\u00e9\u00adment unique ou cen\u00adtral du chan\u00adge\u00adment social (Voir \u00e0 ce sujet la pol\u00e9\u00admique du d\u00e9but du si\u00e8cle entre Monatte et Malatesta).<\/p>\n<p>Pour la cri\u00adtique du syn\u00addi\u00adca\u00adlisme on lira avec pro\u00adfit une bro\u00adchure \u00e9di\u00adt\u00e9e par Spar\u00adta\u00adcus&nbsp;: \u00ab&nbsp;<em>capi\u00adta\u00adlisme, syn\u00addi\u00adca\u00adlisme m\u00eame com\u00adbat<\/em>&nbsp;\u00bb. Pour\u00adtant, il nous semble que toutes ces cri\u00adtiques, aus\u00adsi justes soient-elles, laissent de c\u00f4t\u00e9 le pro\u00adbl\u00e8me de l\u2019or\u00adga\u00adni\u00adsa\u00adtion ouvri\u00e8re, et ceci est l\u2019un des aspects que nous devons dis\u00adcu\u00adter avec les cama\u00adrades syndicalistes.<\/p>\n<p>Nous ne revien\u00addrons pas sur ces dif\u00adf\u00e9\u00adrences de fond dans la pr\u00e9\u00adsen\u00adta\u00adtion de ces organisations.<\/p>\n<p><strong>L\u2019UNION ANARCHO-SYNDICALISTE (UAS)<\/strong><\/p>\n<p>Elle est cer\u00adtai\u00adne\u00adment celle de qui nous sommes le plus \u00e9loi\u00adgn\u00e9s. En effet, si la CFDT ne nous para\u00eet pas \u00eatre une orga\u00adni\u00adsa\u00adtion ouvri\u00e8re, FO l\u2019est encore moins, qui est un rep\u00e8re de lib\u00e9\u00adraux de la pire esp\u00e8ce, de francs-ma\u00e7ons, de pro-am\u00e9\u00adri\u00adcains. Les r\u00e9vo\u00adlu\u00adtion\u00adnaires qui sont \u00e0 FO servent de cau\u00adtion de gauche \u00e0 l\u2019an\u00adti\u00adcom\u00admu\u00adnisme pri\u00admaire de Ber\u00adge\u00adron et de sa clique. En outre, l\u2019UAS pousse tr\u00e8s loin l\u2019ac\u00adcep\u00adta\u00adtion de l\u2019in\u00adt\u00e9\u00adgra\u00adtion dans le syn\u00addi\u00adcat, puis\u00adqu\u2019elle accepte que ses membres deviennent de hauts res\u00adpon\u00adsables locaux ou r\u00e9gio\u00adnaux de FO ou de la FEN, et m\u00eame des per\u00adma\u00adnents (une bonne par\u00adtie des adh\u00e9\u00adrents sont d\u2019ailleurs des per\u00adma\u00adnents de longue date.)&nbsp;<\/p>\n<p>Enfin l\u2019al\u00adliance pri\u00advi\u00adl\u00e9\u00adgi\u00e9e avec l\u2019O\u00adCI nous fait un peu d\u00e9gueu\u00adler car, nous consi\u00add\u00e9\u00adrons cette frac\u00adtion comme la plus cari\u00adca\u00adtu\u00adrale et odieuse des orga\u00adni\u00adsa\u00adtions gauchistes.<\/p>\n<p><strong>LA CONF\u00c9D\u00c9RATION NATIONALE DU TRAVAIL (CNT)<\/strong><\/p>\n<p>La CNT fran\u00ad\u00e7aise vit nous semble-t-il, sur un mythe.On n\u2019est pas un synd\u00adcat avec quelques dizaines d\u2019adh\u00e9\u00adrents&nbsp;; la CNT n\u2019est qu\u2019un groupe qui fait du syn\u00addi\u00adca\u00adlisme. L\u2019ar\u00adgu\u00adment avan\u00adc\u00e9 par les cama\u00adrades de la CNT que tout pour\u00adrait chan\u00adger si tous les anars entraient \u00e0 la CNT est peu convain\u00adquant pour trois raisons&nbsp;:&nbsp;<\/p>\n<ul>\n<li>Cela fait appel \u00e0 la grande famille anar ce qui est tr\u00e8s ambi\u00adgu, vu les grandes dif\u00adf\u00e9\u00adrences qui existent.&nbsp;<\/li>\n<\/ul>\n<ul>\n<li>C\u2019est oublier que de nom\u00adbreux anar\u00adchistes sont contre tout syndicat.&nbsp;<\/li>\n<\/ul>\n<ul>\n<li>M\u00eame si un grand nombre se r\u00e9si\u00adgnaient \u00e0 y entrer, cela ferait une orga\u00adni\u00adsa\u00adtion de quelques cen\u00adtaines de membres, c\u2019est-\u00e0-dire, tou\u00adjours pas un syndicat.<\/li>\n<\/ul>\n<p><strong>L\u2019ALLIANCE SYNDICALISTE (AS)<\/strong><\/p>\n<p>Per\u00adma\u00adnence r\u00e9gion pari\u00adsienne&nbsp;: 21 rue Jean Robert, Paris 18<sup>e<\/sup>.<\/p>\n<p>La grosse dif\u00adf\u00e9\u00adrence avec les deux autres, c\u2019est qu\u2019elle est com\u00adpo\u00ads\u00e9e de cama\u00adrades qui font un tra\u00advail \u00e0 la base mais sans s\u2019illu\u00adsion\u00adner sur la pos\u00adsi\u00adbi\u00adli\u00adt\u00e9 de cr\u00e9er un syn\u00addi\u00adcat anar\u00adcho-syn\u00addi\u00adca\u00adliste. Cela n\u2019a pas emp\u00ea\u00adch\u00e9 que forts de cer\u00adtains suc\u00adc\u00e8s, la ten\u00adta\u00adtion bureau\u00adcra\u00adtique s\u2019est fait sen\u00adtir&nbsp;: accep\u00adta\u00adtions de postes, d\u00e9fense de l\u2019ap\u00adpa\u00adreil, perte de temps dans des bagarres d\u2019ap\u00adpa\u00adreil&nbsp;etc.<\/p>\n<p>En outre, l\u2019AS ne peut sor\u00adtir d\u2019une contra\u00addic\u00adtion&nbsp;: vou\u00adloir deve\u00adnir un mou\u00adve\u00adment de masse, c\u2019est-\u00e0-dire atti\u00adrer en son sein des non-anars, tout en vou\u00adlant res\u00adter anar\u00adchistes et r\u00e9vo\u00adlu\u00adtion\u00adnaires. Quand des non-anars recru\u00adt\u00e9s dans des luttes, adh\u00e8rent, ils finissent soit par se bar\u00adrer soit par le deve\u00adnir eux-m\u00eames.<\/p>\n<p>\u00c0 l\u2019heure actuelle, l\u2019AS et l\u2019UT\u00adCL (voir plus haut) ont approxi\u00adma\u00adti\u00adve\u00adment les m\u00eames stra\u00adt\u00e9\u00adgies dans les syndicats.<\/p>\n<h2>Conclusions<\/h2>\n<p>Voi\u00adl\u00e0, nous en avons ter\u00admi\u00adn\u00e9 pour nos grandes et belles orga\u00adni\u00adsa\u00adtions natio\u00adnales. Nous en avons cer\u00adtai\u00adne\u00adment oubli\u00e9, qu\u2019on nous excuse et qu\u2019on nous \u00e9crive et l\u2019on rec\u00adti\u00adfie\u00adra la pro\u00adchaine fois.<\/p>\n<p>Mais de toutes les mani\u00e8res, ce qu\u2019il faut dire main\u00adte\u00adnant, c\u2019est que le mou\u00adve\u00adment liber\u00adtaire ou anar\u00adchiste sp\u00e9\u00adci\u00adfique, ce n\u2019est pas seule\u00adment ces orga\u00adni\u00adsa\u00adtions, tant s\u2019en&nbsp;faut.<\/p>\n<p>C\u2019est aus\u00adsi par exemple les cama\u00adrades regrou\u00adp\u00e9s autour de l\u2019A\u00adNAR\u00adCHO (M.&nbsp;Bos\u00adsard, 8 rue de Ber\u00adlin. 72190 Cou\u00adlaines) dont nous avons situ\u00e9 tout \u00e0 l\u2019heure l\u2019o\u00adri\u00adgine. Il s\u2019a\u00adgit d\u2019un bul\u00adle\u00adtin men\u00adsuel \ud810\udccc et depuis un bon bout de temps, ce qui est rare \ud810\udccc qui sert de liai\u00adsons, d\u2019in\u00adfor\u00adma\u00adtion, et de dis\u00adcus\u00adsion, entre des cama\u00adrades qui se trouvent sur\u00adtout dans l\u2019ouest et le centre ouest, c\u2019est-\u00e0-dire dans une r\u00e9gion o\u00f9 jus\u00adte\u00adment les orga\u00adni\u00adsa\u00adtions pr\u00e9\u00adci\u00adt\u00e9es sont dans l\u2019en\u00adsemble absentes.&nbsp;<\/p>\n<p>Dans la m\u00eame veine, il faut citer, <em>Infor\u00adma\u00adtions ras\u00adsem\u00adbl\u00e9es a Lyon<\/em> (IRL) qui de simple jour\u00adnal de conte-infor\u00adma\u00adtion (simple, n\u2019est pas p\u00e9jo\u00adra\u00adtif), est deve\u00adnu un jour\u00adnal d\u2019ex\u00adpres\u00adsion liber\u00adtaire, qui par\u00adti\u00adcipe et anime les d\u00e9bats qui le tra\u00adverse, tout en conti\u00adnuant a \u00eatre \u00ab&nbsp;local&nbsp;\u00bb.<\/p>\n<p>Enfin, mais dans un m\u00eame genre, BASTA pour la r\u00e9gion tou\u00adlou\u00adsaine, est certes local, mais exprime d\u2019a\u00adbord les posi\u00adtions poli\u00adtiques d\u2019un groupe essen\u00adtiel\u00adle\u00adment atta\u00adch\u00e9 \u00e0 com\u00adbattre les formes quo\u00adti\u00addiennes de la domi\u00adna\u00adtion. Nous avons publi\u00e9 les posi\u00adtions de ce groupe dans notre <a href=\"rub38\">num\u00e9\u00adro <sup class=\"numerator\">6<\/sup>\u2044<sub class=\"denominator\">7<\/sub><\/a> sur \u00ab&nbsp;l\u2019or\u00adga\u00adni\u00adsa\u00adtion comme cons\u00e9\u00adquence de la pratique.&nbsp;\u00bb&nbsp;<\/p>\n<p>Il est \u00e0 noter que l\u00e0 encore, Lyon ou Tou\u00adlouse, les orga\u00adni\u00adsa\u00adtions natio\u00adnales, comme dans l\u2019Ouest, sont peu pr\u00e9\u00adsentes&nbsp;; y a\u2011t-il un rap\u00adport de cause \u00e0 effet&nbsp;? Si oui, quel est-il&nbsp;?&nbsp;<\/p>\n<p>Nous remar\u00adquons aus\u00adsi, que l\u00e0 o\u00f9 une orga\u00adni\u00adsa\u00adtion est bien pr\u00e9\u00adsente, les autres ne le sont pas, sauf si elles se meuvent dans des milieux, ou avec des pr\u00e9\u00adoc\u00adcu\u00adpa\u00adtions tr\u00e8s dif\u00adf\u00e9\u00adrentes. Il est cer\u00adtain, qu\u2019outre des dif\u00adf\u00e9\u00adrences poli\u00adtiques r\u00e9elles, IL EXISTE BEL ET BIEN DES RAPPORTS DE CONCURRENCE, DE CHAPELLES ENTRE EUX. Mais qu\u2019on se ras\u00adsure, les groupes auto\u00adnomes liber\u00adtaires n\u2019\u00e9\u00adchappent pas non plus \u00e0 ce ph\u00e9\u00adno\u00adm\u00e8ne et ont eux aus\u00adsi ten\u00addance \u00e0 se concur\u00adren\u00adcer, quand par exemple ils sont dans la m\u00eame ville. Ce sont des ph\u00e9\u00adno\u00adm\u00e8nes de pou\u00advoir contre les\u00adquels on ne lutte pas en \u00e9tant contre l\u2019or\u00adga\u00adni\u00adsa\u00adtion (voir notre num\u00e9\u00adro sur ce&nbsp;sujet).<\/p>\n<p>Ce qui est sou\u00adhai\u00adtable, \u00e0 notre avis, c\u2019est que se mettent sur pied, loca\u00adle\u00adment, des col\u00adlec\u00adtifs liber\u00adtaires sur une pra\u00adtique large, sans que cela puisse g\u00eaner des regrou\u00adpe\u00adments ou des liai\u00adsons plus sp\u00e9\u00adci\u00adfiques. Mais il est clair que pour que cela puisse se faire (et il y a des exemples ou cela fonc\u00adtionne, sur\u00adtout en pro\u00advince), il ne faut pas que les orga\u00adni\u00adsa\u00adtions s\u2019y conduisent en avant-garde chiantes, et que les anars \u00ab&nbsp;auto\u00adnomes&nbsp;\u00bb cessent d\u2019\u00eatre \u00e0 tout vent contre les orga\u00adni\u00adsa\u00adtions m\u00eame s\u2019ils sont contre l\u2019organisation.<\/p>\n<\/div>\n","protected":false},"excerpt":{"rendered":"<p>Depuis le d\u00e9but de la p\u00e9riode com\u00adprise entre les deux guerres, le mou\u00adve\u00adment anar\u00adchiste fran\u00ad\u00e7ais se d\u00e9fi\u00adni, en grande par\u00adtie comme \u00ab&nbsp;syn\u00adth\u00e8\u00adsiste&nbsp;\u00bb ou \u00ab&nbsp;archi\u00adno\u00adviste&nbsp;\u00bb (du nom de la plate-forme d\u2019Archinof). La pre\u00admi\u00e8re posi\u00adtion, mise en forme par S\u00e9bas\u00adtien Faure, consi\u00add\u00e8re qu\u2019il est pos\u00adsible d\u2019or\u00adga\u00adni\u00adser avec des prin\u00adcipes tr\u00e8s souples et f\u00e9d\u00e9\u00adra\u00adlistes, les trois ten\u00addances traditionnelles&nbsp;[\u2026]<\/p>\n","protected":false},"author":1,"featured_media":0,"comment_status":"closed","ping_status":"closed","sticky":false,"template":"","format":"standard","meta":{"wp_typography_post_enhancements_disabled":false,"footnotes":""},"categories":[42],"tags":[],"ppma_author":[540],"class_list":["post-457","post","type-post","status-publish","format-standard","hentry","category-la-lanterne-noire-n9-decembre-1977"],"authors":[{"term_id":540,"user_id":1,"is_guest":0,"slug":"admin_3gikpwyf","display_name":"Vincent Dubuc","avatar_url":"https:\/\/secure.gravatar.com\/avatar\/d015720652c25fd2ced191ade86430094e1f288a17483713e3b34d26dea52507?s=96&d=mm&r=g","author_category":"","user_url":"https:\/\/la-presse-anarchiste.net","last_name":"Dubuc","first_name":"Vincent","job_title":"","description":""}],"_links":{"self":[{"href":"https:\/\/la-presse-anarchiste.net\/index.php\/wp-json\/wp\/v2\/posts\/457","targetHints":{"allow":["GET"]}}],"collection":[{"href":"https:\/\/la-presse-anarchiste.net\/index.php\/wp-json\/wp\/v2\/posts"}],"about":[{"href":"https:\/\/la-presse-anarchiste.net\/index.php\/wp-json\/wp\/v2\/types\/post"}],"author":[{"embeddable":true,"href":"https:\/\/la-presse-anarchiste.net\/index.php\/wp-json\/wp\/v2\/users\/1"}],"replies":[{"embeddable":true,"href":"https:\/\/la-presse-anarchiste.net\/index.php\/wp-json\/wp\/v2\/comments?post=457"}],"version-history":[{"count":0,"href":"https:\/\/la-presse-anarchiste.net\/index.php\/wp-json\/wp\/v2\/posts\/457\/revisions"}],"wp:attachment":[{"href":"https:\/\/la-presse-anarchiste.net\/index.php\/wp-json\/wp\/v2\/media?parent=457"}],"wp:term":[{"taxonomy":"category","embeddable":true,"href":"https:\/\/la-presse-anarchiste.net\/index.php\/wp-json\/wp\/v2\/categories?post=457"},{"taxonomy":"post_tag","embeddable":true,"href":"https:\/\/la-presse-anarchiste.net\/index.php\/wp-json\/wp\/v2\/tags?post=457"},{"taxonomy":"author","embeddable":true,"href":"https:\/\/la-presse-anarchiste.net\/index.php\/wp-json\/wp\/v2\/ppma_author?post=457"}],"curies":[{"name":"wp","href":"https:\/\/api.w.org\/{rel}","templated":true}]}}