{"id":459,"date":"2007-06-20T11:37:00","date_gmt":"2007-06-20T11:37:00","guid":{"rendered":"https:\/\/la-presse-anarchiste.net\/index.php\/2007\/06\/20\/politique-economique-de-la-france\/"},"modified":"2007-06-20T11:37:00","modified_gmt":"2007-06-20T11:37:00","slug":"politique-economique-de-la-france","status":"publish","type":"post","link":"https:\/\/la-presse-anarchiste.net\/index.php\/2007\/06\/20\/politique-economique-de-la-france\/","title":{"rendered":"Politique \u00e9conomique de la France"},"content":{"rendered":"<div class=\"pdfprnt-buttons pdfprnt-buttons-post pdfprnt-top-right\"><a href=\"https:\/\/la-presse-anarchiste.net\/index.php\/wp-json\/wp\/v2\/posts\/459?print=pdf\" class=\"pdfprnt-button pdfprnt-button-pdf\" target=\"_blank\"><img decoding=\"async\" src=\"https:\/\/la-presse-anarchiste.net\/wp-content\/plugins\/pdf-print\/images\/pdf.png\" alt=\"image_pdf\" title=\"Afficher le PDF\"><\/a><a href=\"https:\/\/la-presse-anarchiste.net\/index.php\/wp-json\/wp\/v2\/posts\/459?print=print\" class=\"pdfprnt-button pdfprnt-button-print\" target=\"_blank\"><img decoding=\"async\" src=\"https:\/\/la-presse-anarchiste.net\/wp-content\/plugins\/pdf-print\/images\/print.png\" alt=\"image_print\" title=\"Contenu imprim\u00e9\"><\/a><\/div><p class=\"post_excerpt\">Fin des extraits du cours public de M.&nbsp;Delou\u00advrier \u00e0 l\u2019\u00e9\u00adcole des sciences poli\u00adtiques d\u2019a\u00adpr\u00e8s l\u2019\u00e9\u00addi\u00adtion de 1951 et le sup\u00adpl\u00e9\u00adment de 1953\u200a\u2013\u200a54.<\/p>\n<p><!--more--><\/p>\n<div align=\"justify\">\n<h2>Programme du comit\u00e9 national de la r\u00e9sistance<\/h2>\n<p>L\u2019ins\u00adtau\u00adra\u00adtion d\u2019une v\u00e9ri\u00adtable d\u00e9mo\u00adcra\u00adtie \u00e9co\u00adno\u00admique et sociale, impli\u00adquant <em>l\u2019\u00e9\u00advic\u00adtion des grandes f\u00e9o\u00adda\u00adli\u00adt\u00e9s \u00e9co\u00adno\u00admiques et finan\u00adci\u00e8res de la direc\u00adtion \u00e9co\u00adno\u00admique<\/em>. <\/p>\n<p>\u2026 Le retour a la nation des grands moyens de pro\u00adduc\u00adtion mono\u00adpo\u00adli\u00ads\u00e9s, fruits du tra\u00advail com\u00admun, des sources d\u2019\u00e9ner\u00adgie, des richesses du sous-sol, des com\u00adpa\u00adgnies d\u2019as\u00adsu\u00adrances, et des grandes banques.&nbsp;<\/p>\n<p>\u2026 Le droit d\u2019ac\u00adc\u00e8s dans le cadre de l\u2019en\u00adtre\u00adprise aux fonc\u00adtions de direc\u00adtion et d\u2019ad\u00admi\u00adnis\u00adtra\u00adtion, pour les ouvriers pos\u00ads\u00e9\u00addant les qua\u00adli\u00adfi\u00adca\u00adtions n\u00e9ces\u00adsaires et <em>la par\u00adti\u00adci\u00adpa\u00adtion des tra\u00advailleurs \u00e0 la direc\u00adtion de l\u2019\u00e9\u00adco\u00adno\u00admie<\/em>. <\/p>\n<p><strong>Retrous\u00adsons nos manches<\/strong><\/p>\n<p>Quinze mois apr\u00e8s la lib\u00e9\u00adra\u00adtion, huit mois apr\u00e8s la capi\u00adtu\u00adla\u00adtion alle\u00admande, la pro\u00adduc\u00adtion indus\u00adtrielle avait dou\u00adbl\u00e9 par rap\u00adport au mois d\u2019ao\u00fbt 1944 et avait atteint 67&nbsp;% d\u2019avant-guerre.&nbsp;<\/p>\n<p>Quinze mois apr\u00e8s l\u2019ar\u00admis\u00adtice de novembre 1918, la pro\u00adduc\u00adtion indus\u00adtrielle ne s\u2019\u00e9\u00adle\u00advait qu\u2019\u00e0 59&nbsp;% de&nbsp;1913.&nbsp;<\/p>\n<p>Ce r\u00e9sul\u00adtat n\u2019au\u00adrait pas \u00e9t\u00e9 obte\u00adnu sans l\u2019aide am\u00e9\u00adri\u00adcaine, mais il est juste de dire <em>qu\u2019il n\u2019au\u00adrait pas m\u00eame avec cette aide \u00e9t\u00e9 obte\u00adnu si de grandes gr\u00e8ves avaient para\u00adly\u00ads\u00e9 la marche des usines comme ce fut le cas en 1919. Sur ce point, la reprise \u00e9co\u00adno\u00admique a \u00e9t\u00e9 faci\u00adli\u00adt\u00e9e par la par\u00adti\u00adci\u00adpa\u00adtion des com\u00admu\u00adnistes au gou\u00adver\u00adne\u00adment, les ministres com\u00admu\u00adnistes pr\u00ea\u00adchant \u00e0 toute occa\u00adsion la n\u00e9ces\u00adsi\u00adt\u00e9 de pous\u00adser la pro\u00adduc\u00adtion<\/em>. <\/p>\n<p><em>Le gou\u00adver\u00adne\u00adment a conser\u00adv\u00e9 tous les m\u00e9ca\u00adnismes mis en place ou cr\u00e9es par le gou\u00adver\u00adne\u00adment de <sc>Vichy<\/sc><\/em> et tout au plus chan\u00adgea-t-il le nom de cer\u00adtains de ces orga\u00adnismes par\u00adti\u00adcu\u00adli\u00e8\u00adre\u00adment d\u00e9cri\u00e9s&nbsp;: ain\u00adsi les Comi\u00adt\u00e9s d\u2019Or\u00adga\u00adni\u00adsa\u00adtion se mu\u00e8rent en Offices professionnels.<\/p>\n<h2>Quelques nationalisations<\/h2>\n<p>En fait, sous la pres\u00adsion de l\u2019o\u00adpi\u00adnion com\u00admu\u00adniste, socia\u00adliste et r\u00e9sis\u00adtante, le mou\u00adve\u00adment nationn\u00adli\u00adsa\u00adteur allait, d\u00e8s sep\u00adtembre 1944 et pen\u00addant toute l\u2019an\u00adn\u00e9e 1945 se d\u00e9ve\u00adlop\u00adper rapidement.&nbsp;<\/p>\n<p>Le g\u00e9n\u00e9\u00adral de Gaulle avait affir\u00adm\u00e9 \u00e0 plu\u00adsieurs reprises qu\u2019il accep\u00adtait le voeu du CNR sur le retour \u00e0 la nation des grands moyens de pro\u00adduc\u00adtion. Il conseillait la prudence\u2026<\/p>\n<p><strong>Les houill\u00e8res<\/strong><\/p>\n<p>En dehors des motifs doc\u00adtri\u00adnaux, il est cer\u00adtain que la h\u00e2te avec laquelle les houill\u00e8res du Nord et du Pas-de-Calais furent pla\u00adc\u00e9es, d\u00e8s sep\u00adtembre 1944, sous admi\u00adnis\u00adtra\u00adtion pro\u00advi\u00adsoire de la puis\u00adsance publique, trou\u00advait sa jus\u00adti\u00adfi\u00adca\u00adtion dans l\u2019es\u00adpoir que l\u2019\u00e9\u00advic\u00adtion des anciens conseils d\u2019ad\u00admi\u00adnis\u00adtra\u00adtion contri\u00adbue\u00adrait \u00e0 r\u00e9gler la crise de com\u00adman\u00adde\u00adment qui <em>frei\u00adnait le ren\u00adde\u00adment des mineurs<\/em>. <\/p>\n<p>\u2026 Si ces mesures sont\tprises avec cette rapi\u00addi\u00adt\u00e9, \u2015 le Nord venait \u00e0 peine d\u2019\u00eatre lib\u00e9\u00adr\u00e9, \u2015 c\u2019\u00e9\u00adtait  dans le but de remettre en marche imm\u00e9\u00addia\u00adte\u00adment la pro\u00adduc\u00adtion des houill\u00e8res, alors que <em>le cli\u00admat poli\u00adtique ren\u00addait dif\u00adfi\u00adcile la col\u00adla\u00adbo\u00adra\u00adtion entre les mineurs et les diri\u00adgeants des anciennes com\u00adpa\u00adgnies mini\u00e8res<\/em>.<\/p>\n<p><strong>Les banques&nbsp;?<\/strong><\/p>\n<p>Dans sa d\u00e9cla\u00adra\u00adtion minis\u00adt\u00e9\u00adrielle du 23.XI.1945 le g\u00e9n\u00e9\u00adral de Gaulle pro\u00admet la natio\u00adna\u00adli\u00adsa\u00adtion du cr\u00e9\u00addit, de l\u2019\u00e9lec\u00adtri\u00adci\u00adt\u00e9 et des assu\u00adrances&nbsp;; il n\u2019eut le temps avant sa d\u00e9mis\u00adsion de jan\u00advier 1946 que de r\u00e9a\u00adli\u00adser la natio\u00adna\u00adli\u00adsa\u00adtion du cr\u00e9\u00addit qui fut accom\u00adplie par la loi du 2.XII. 1945 (qui natio\u00adna\u00adlise la Banque de France, natio\u00adna\u00adlise les 4 grandes banques de d\u00e9p\u00f4t, sou\u00admet \u00e0 un contr\u00f4le \u00e9troit les banques d\u2019af\u00adfaires, cr\u00e9e le Conseil natio\u00adnal du cr\u00e9dit).&nbsp;<\/p>\n<p>En fait la plu\u00adpart des diri\u00adgeants des quatre grandes banques <em>furent main\u00adte\u00adnus \u00e0 leur poste, et l\u2019in\u00adtru\u00adsion syn\u00addi\u00adca\u00adliste dans les Conseils d\u2019Ad\u00admi\u00adnis\u00adtra\u00adtion n\u2019a pas chan\u00adg\u00e9 le com\u00adpor\u00adte\u00adment de ces banques<\/em>. <\/p>\n<p>L\u2019As\u00adsem\u00adbl\u00e9e trou\u00advait que le Ministre des Finances n\u2019a\u00advait pas \u00e9t\u00e9 assez loin en ne natio\u00adna\u00adli\u00adsant que quatre banques de d\u00e9p\u00f4t et aucune banque d\u2019af\u00adfaires\u2026 le g\u00e9n\u00e9\u00adral de Gaulle dut mettre toute son auto\u00adri\u00adt\u00e9 en jeu pour que <em>les deux grandes banques d\u2019af\u00adfaires<\/em> (la banque de Paris et des Pays Bas, la Banque de l\u2019U\u00adnion Pari\u00adsienne) ne fussent pas natio\u00adna\u00adli\u00ads\u00e9es. Le pro\u00adjet de natio\u00adna\u00adli\u00adsa\u00adtion du cr\u00e9\u00addit fut adop\u00adt\u00e9 par 517 voix contre 35.&nbsp;<\/p>\n<p>Le gou\u00adver\u00adne\u00adment Gouin avec M.&nbsp;Phi\u00adlip \u00e0 l\u2019\u00c9\u00adco\u00adno\u00admie Natio\u00adnale et aux finances ins\u00adcri\u00advit dans sa d\u00e9cla\u00adra\u00adtion minis\u00adt\u00e9\u00adrielle <em>la natio\u00adna\u00adli\u00adsa\u00adtion de la Banque de Paris et des Pays Bas et de la Banque de l\u2019U\u00adnion Pari\u00adsienne. Le ministre deman\u00adda l\u2019a\u00advis du Conseil Natio\u00adnal du Cr\u00e9\u00addit qui, apr\u00e8s des \u00e9tudes s\u00e9rieuses et longues, don\u00adna un avis d\u00e9favorable\u2026&nbsp;<\/em><\/p>\n<p>Pas\u00adsant outre\tcet avis, M.&nbsp;Phi\u00adlip d\u00e9po\u00adsa le 2. IV. 1946 un pro\u00adjet de loi de natio\u00adna\u00adli\u00adsa\u00adtion en arguant du fait que <em>la puis\u00adsance finan\u00adci\u00e8re des deux banques en cause fai\u00adsait obs\u00adtacle \u00e0 l\u2019in\u00adt\u00e9\u00adr\u00eat g\u00e9n\u00e9\u00adral<\/em> de la nation. L\u2019As\u00adsem\u00adbl\u00e9e ne se pres\u00adsa pas d\u2019exa\u00admi\u00adner ce pro\u00adjet et elle se s\u00e9pa\u00adra sans l\u2019a\u00advoir&nbsp;vot\u00e9\u2026&nbsp;<\/p>\n<p><strong>L\u2019\u00e9lec\u00adtri\u00adci\u00adt\u00e9 et le&nbsp;gaz<\/strong><\/p>\n<p>La natio\u00adna\u00adli\u00adsa\u00adtion de l\u2019\u00e9lec\u00adtri\u00adci\u00adt\u00e9 et du gaz fut vot\u00e9e par la loi du 8.IV-1946. La jus\u00adti\u00adfi\u00adca\u00adtion de cette natio\u00adna\u00adli\u00adsa\u00adtion \u00e9tait essen\u00adtiel\u00adle\u00adment que <em>la pro\u00adduc\u00adtion \u00e9tait insuf\u00adfi\u00adsante<\/em> et que le retour \u00e0 la Nation des sources d\u2019\u00e9ner\u00adgie \u00e9lec\u00adtrique ten\u00addait prin\u00adci\u00adpa\u00adle\u00adment \u00e0 rendre enfin pos\u00adsible l\u2019\u00e9\u00adqui\u00adpe\u00adment du pays en consi\u00add\u00e9\u00adra\u00adtion de ses besoins.&nbsp;<\/p>\n<p><strong>Les assu\u00adrances<\/strong><\/p>\n<p>La deuxi\u00e8me grande natio\u00adna\u00adli\u00adsa\u00adtion de cette \u00e9poque fut celle des assu\u00adrances r\u00e9a\u00adli\u00ads\u00e9e par une loi du 25.IV.1946. La jus\u00adti\u00adfi\u00adca\u00adtion qui fut don\u00adn\u00e9e \u00e0 cette natio\u00adna\u00adli\u00adsa\u00adtion r\u00e9si\u00addait dans le fait que les com\u00adpa\u00adgnies d\u2019as\u00adsu\u00adrance mal\u00adgr\u00e9 le grand nombre des petites soci\u00e9\u00adt\u00e9s \u00e9taient <em>concen\u00adtr\u00e9es en r\u00e9a\u00adli\u00adt\u00e9 en quelques groupes domi\u00adnants les\u00adquels dis\u00adpo\u00adsaient de capi\u00adtaux consi\u00add\u00e9\u00adrables<\/em>, n\u00e9ces\u00adsaires pour la garan\u00adtie m\u00eame des risques des assu\u00adr\u00e9s. M.&nbsp;Phi\u00adlip dans l\u2019ex\u00adpo\u00ads\u00e9 des motifs d\u00e9cla\u00adrait&nbsp;: \u00ab&nbsp;<em>Par le moyen de la concen\u00adtra\u00adtion, l\u2019in\u00add\u00e9\u00adpen\u00addance de l\u2019\u00c9\u00adtat lui-m\u00eame finit par se trou\u00adver mena\u00adc\u00e9e par les com\u00adpa\u00adgnies d\u2019as\u00adsu\u00adrances<\/em>.&nbsp;\u00bb<\/p>\n<p><strong>Les Comi\u00adt\u00e9s d\u2019entreprise<\/strong><\/p>\n<p>Une ordon\u00adnance du 22.X1.1945 ins\u00adti\u00adtue <em>les Comi\u00adt\u00e9s d\u2019en\u00adtre\u00adprise<\/em>. Le prin\u00adcipe en avait \u00e9t\u00e9 admis d\u00e8s le 29.IX.1944 par d\u00e9li\u00adb\u00e9\u00adra\u00adtion du conseil des ministres. Si cette d\u00e9ci\u00adsion avait \u00e9t\u00e9 prise si rapi\u00adde\u00adment c\u2019est qu\u2019elle se pr\u00e9\u00adsen\u00adtait comme une contre\u00adpar\u00adtie \u00e0 <em>l\u2019op\u00adpo\u00adsi\u00adtion du gou\u00adver\u00adne\u00adment \u00e0 cer\u00adtaines ten\u00adta\u00adtives ouvri\u00e8res de s\u2019emparer de la ges\u00adtion des entre\u00adprises dont les diri\u00adgeants \u00e9taient on fuite ou pr\u00e9\u00adve\u00adnus de col\u00adla\u00adbo\u00adra\u00adtion<\/em>. Le cas le plus c\u00e9l\u00e8bre fut celui des usines Ber\u00adliet dans la r\u00e9gion lyon\u00adnaise, dont le sort n\u2019a \u00e9t\u00e9 r\u00e9gl\u00e9 qu\u2019en&nbsp;1950.&nbsp;<\/p>\n<p>\u2026 Le comi\u00adt\u00e9 ne doit pas \u00eatre un organe reven\u00addi\u00adca\u00adtif&nbsp;; cette tache est d\u00e9vo\u00adlue aux d\u00e9l\u00e9\u00adgu\u00e9s d\u2019u\u00adsines cr\u00e9\u00e9s en&nbsp;1936.&nbsp;<\/p>\n<p><strong>Les 40 heures&nbsp;?<\/strong><\/p>\n<p>La loi du 25. XI. 1946 r\u00e9ta\u00adblit la loi des 40 h. en fixant \u00e0 25&nbsp;% la majo\u00adra\u00adtion de salaire pour chaque heure accom\u00adplie au del\u00e0 de la 40<sup>e<\/sup> et \u00e050&nbsp;% au del\u00e0 de la 48<sup>e<\/sup> heure\u2026 M.&nbsp;Croi\u00adzat du par\u00adti com\u00admu\u00adniste, ministre du Tra\u00advail de l\u2019\u00e9\u00adpoque dans l\u2019ex\u00adpo\u00ads\u00e9 des motifs s\u2019\u00e9\u00adle\u00advait par avance contre tout patron qui r\u00e9dui\u00adrait la dur\u00e9e du tra\u00advail dans son usine. <em>Il enjoi\u00adgnait aux ouvriers de deman\u00adder \u00e0 faire des heures sup\u00adpl\u00e9\u00admen\u00adtaires<\/em>. <\/p>\n<p>M.&nbsp;L\u00e9on Blum, Pr\u00e9\u00adsident du Conseil au d\u00e9but de 1947, l\u2019au\u00adteur de la loi de 1936 sur les 40 h, pro\u00adcla\u00adma dans un grand dis\u00adcours que si la dur\u00e9e res\u00adtait 40 h, <em>la dur\u00e9e nor\u00admale devait \u00eatre de 48 h<\/em>. <\/p>\n<h2>La conf\u00e9rence du Palais royal<\/h2>\n<p>Pour les pro\u00adduits indus\u00adtriels de consom\u00adma\u00adtion cou\u00adrante, on fit, fin 1945 milieu 1946, un essai de pro\u00adduc\u00adtion d\u2019ar\u00adticles d\u2019u\u00adti\u00adli\u00adt\u00e9 sociale \u00e0 l\u2019i\u00admi\u00adta\u00adtion de ce que les Anglais avaient ins\u00adti\u00adtu\u00e9 pen\u00addant la guerre. Mal\u00adheu\u00adreu\u00adse\u00adment cette ini\u00adtia\u00adtive, ne r\u00e9us\u00adsis gu\u00e8re&nbsp;: <em>les indus\u00adtriels et com\u00admer\u00ad\u00e7ants n\u2019\u00e9\u00adtaient pas ten\u00adt\u00e9s par l\u2019ex\u00adp\u00e9\u00adrience, leurs pro\u00adfits \u00e9tant ais\u00e9s et consi\u00add\u00e9\u00adrables, puis les pre\u00admiers essais d\u00e9g\u00e9\u00adn\u00e9\u00adr\u00e8rent en scan\u00addales<\/em>, parce que cer\u00adtains cabi\u00adnets minis\u00adt\u00e9\u00adriels se ser\u00advirent de l\u2019o\u00adp\u00e9\u00adra\u00adtion \u00e0 des fins quel\u00adque\u00adfois poli\u00adtiques, quel\u00adque\u00adfois sim\u00adple\u00adment malhonn\u00eates.&nbsp;<\/p>\n<p><em>Les \u00e9lec\u00adtions pour la 2<sup>e<\/sup> Consti\u00adtuante<\/em> avaient lieu en juin 1946&nbsp;; les syn\u00addi\u00adcats pro\u00adfi\u00adt\u00e8rent de la cir\u00adcons\u00adtance pour deman\u00adder une aug\u00admen\u00adta\u00adtion g\u00e9n\u00e9\u00adrale des salaires\u2026 Quant au CNPF consti\u00adtu\u00e9 d\u00e9fi\u00adni\u00adti\u00adve\u00adment le 12.VI.1946., il demande au gou\u00adver\u00adne\u00adment la confron\u00adta\u00adtion de tous les int\u00e9\u00adr\u00eats autour d\u2019une m\u00eame&nbsp;table.&nbsp;<\/p>\n<p>\u2026 Le 4. VII. 1946 se r\u00e9unit la Conf\u00e9\u00adrence natio\u00adnale \u00e9co\u00adno\u00admique (du Palais Royal)\u2026 au bout de 15 jours les trois grandes syn\u00addi\u00adcales patro\u00adnale, ouvri\u00e8re et agri\u00adcole, se mirent fina\u00adle\u00adment <em>d\u2019ac\u00adcord pour sou\u00adte\u00adnir leurs reven\u00addi\u00adca\u00adtions res\u00adpec\u00adtives<\/em>.<\/p>\n<h2>Le tournant de&nbsp;1947<\/h2>\n<p><strong>\u00c9chec de l\u2019ex\u00adp\u00e9\u00adrience Blum<\/strong><\/p>\n<p>En avril, on peut dire que l\u2019ex\u00adp\u00e9\u00adrience Blum de d\u00e9fla\u00adtion et de baisse des prix auto\u00adri\u00adtaire est ter\u00admi\u00adn\u00e9e&nbsp;; et l\u2019\u00e9\u00adchec patent se pro\u00addui\u00adsit comme par hasard \u00e0 pro\u00adpos de la viande. Pen\u00addant 2 mois Paris man\u00adqua de viande fra\u00eeche&nbsp;; apr\u00e8s une r\u00e9union plu\u00adt\u00f4t dif\u00adfi\u00adcile avec les pr\u00e9\u00adfets de tous les d\u00e9par\u00adte\u00adments pro\u00adduc\u00adteurs de viande, M.&nbsp;Rama\u00addier consta\u00adtant son impuis\u00adsance dut fina\u00adle\u00adment c\u00e9der et pour ali\u00admen\u00adter la popu\u00adla\u00adtion pari\u00adsienne accep\u00adta une <em>hausse impor\u00adtante du prix de la viande<\/em>. D\u00e8s lors le choc psy\u00adcho\u00adlo\u00adgique est ter\u00admi\u00adn\u00e9 et il faut d\u00e8s le 6. IV. 1947 aug\u00admen\u00adter les salaires anor\u00adma\u00adle\u00adment bas, en attri\u00adbuant une indem\u00adni\u00adt\u00e9 tem\u00adpo\u00adraire excep\u00adtion\u00adnelle d\u2019exis\u00adtence \u00e0 un grand nombre de salari\u00e9s.<\/p>\n<p><strong>\u2026La gr\u00e8ve Renault<\/strong><\/p>\n<p>Inter\u00advint alors <em>une gr\u00e8ve impor\u00adtante chez Renault<\/em>. Non satis\u00adfaits de l\u2019aug\u00admen\u00adta\u00adtion des salaires qui leur avait \u00e9t\u00e9 accor\u00add\u00e9e, les ouvriers reposent une nou\u00advelle fois le pro\u00adbl\u00e8me d\u2019aug\u00admen\u00adta\u00adtion g\u00e9n\u00e9\u00adrale, le gou\u00adver\u00adne\u00adment Rama\u00addier en ren\u00advoie la solu\u00adtion au mois de juillet en s\u2019ef\u00adfor\u00ad\u00e7ant de faire tra\u00ee\u00adner les choses en lon\u00adgueur par l\u2019\u00e9\u00adtude du mini\u00admum&nbsp;vital\u2026<\/p>\n<p>\u2026 Devant ce que patrons et ouvriers appellent la carence gou\u00adver\u00adne\u00admen\u00adtale, les Conseils Conf\u00e9\u00add\u00e9\u00adraux du CNPF et de la CGT se ren\u00adcontrent et publient le Ier ao\u00fbt une d\u00e9cla\u00adra\u00adtion com\u00admune aux termes de laquelle le CNPF d\u00e9clare pou\u00advoir accor\u00adder aux ouvriers une aug\u00admen\u00adta\u00adtion g\u00e9n\u00e9\u00adrale et pro\u00adpor\u00adtion\u00adnelle des salaires d\u2019au moins 11&nbsp;%\u2026 et demande natu\u00adrel\u00adle\u00adment au gou\u00adver\u00adne\u00adment une r\u00e9vi\u00adsion des&nbsp;prix.&nbsp;<\/p>\n<p>Le 21 ao\u00fbt para\u00eet au Jour\u00adnal. Offi\u00adciel un arr\u00eat du Ministre du Tra\u00advail qui accorde 11&nbsp;% d\u2019aug\u00admen\u00adta\u00adtion de salaire\u2026&nbsp;<\/p>\n<p>La ques\u00adtion des salaires et des prix n\u2019\u00e9\u00adtait pas pour autant r\u00e9gl\u00e9e, les prix de d\u00e9tail et les prix de gros conti\u00adnuant \u00e0 mon\u00adter. Le 13.X1.1947 la CGT avait deman\u00add\u00e9 une aug\u00admen\u00adta\u00adtion nou\u00advelle et g\u00e9n\u00e9\u00adrale des salaires et le 19.XI le gou\u00adver\u00adne\u00adment Rama\u00addier \u00e9tait d\u00e9missionnaire\u2026<\/p>\n<p><strong>Le gou\u00adver\u00adne\u00adment Shu\u00adman-Mayer-Moch face \u00e0 la gr\u00e8ve g\u00e9n\u00e9rale<\/strong><\/p>\n<p>Le 22.XI. 1947 le gou\u00adver\u00adne\u00adment Shu\u00adman-Mayer est consti\u00adtu\u00e9, le 26.XI il accorde une indem\u00adni\u00adt\u00e9 excep\u00adtion\u00adnelle, une fois don\u00adn\u00e9e de 1500 FF. par salaire ceci pour <em>gagner du temps<\/em> mais il est trop tard et la gra\u00advi\u00adt\u00e9 de l\u2019in\u00adfla\u00adtion se mani\u00adfeste d\u2019une fa\u00e7on \u00e9cla\u00adtante par <em>une vague de gr\u00e8ves qui se trans\u00adforme le 28.XI en une gr\u00e8ve g\u00e9n\u00e9\u00adrale sur l\u2019en\u00adsemble du ter\u00adri\u00adtoire, vingt f\u00e9d\u00e9\u00adra\u00adtions ouvri\u00e8res consti\u00adtuant un Comi\u00adt\u00e9 Cen\u00adtral de gr\u00e8ve<\/em>. Les d\u00e9buts par\u00adle\u00admen\u00adtaires du gou\u00adver\u00adne\u00adment Schu\u00adman dont le Ministre des Finances \u00e9tait M.&nbsp;Ren\u00e9 Mayer et le ministre de l\u2019In\u00adt\u00e9\u00adrieur M.&nbsp;Jules Moch, furent mar\u00adqu\u00e9s par des d\u00e9bats d\u2019une vio\u00adlence ver\u00adbale et m\u00eame phy\u00adsique que le Palais Bour\u00adbon n\u2019a\u00advait jamais encore connus \u00e0 un tel degr\u00e9&nbsp;; le gou\u00adver\u00adne\u00adment deman\u00addait le vote de lois excep\u00adtion\u00adnelles sur le main\u00adtien de l\u2019ordre, les lois \u00ab&nbsp;sc\u00e9\u00adl\u00e9\u00adrates&nbsp;\u00bb des communistes.&nbsp;<\/p>\n<p>\u2026 Les mou\u00adve\u00adments de gr\u00e8ve dur\u00e8rent en tout plus de trois semaines et <em>prirent par endroits des allures r\u00e9vo\u00adlu\u00adtion\u00adnaires<\/em>&nbsp;; \u2026 apr\u00e8s de nom\u00adbreux inci\u00addents entre les forces de police et les gr\u00e9\u00advistes, la gr\u00e8ve g\u00e9n\u00e9\u00adrale devait prendre fin le 10. XII&nbsp;1947.&nbsp;<\/p>\n<p>La gr\u00e8ve s\u2019\u00e9\u00adtait ter\u00admi\u00adn\u00e9e par un suc\u00adc\u00e8s psy\u00adcho\u00adlo\u00adgique pour le gou\u00adver\u00adne\u00adment concr\u00e9\u00adti\u00ads\u00e9 par la scis\u00adsion de la CGT qui eut lieu le 19 XII 1947\u2026 <em>L\u2019u\u00adni\u00adt\u00e9 syn\u00addi\u00adcale rom\u00adpue, la poli\u00adti\u00adsa\u00adtion de la CGT qui gar\u00addait la masse r\u00e9el\u00adle\u00adment ouvri\u00e8re, bri\u00adsait la force reven\u00addi\u00adca\u00adtrice des syn\u00addi\u00adcats qui allait per\u00admettre aux gou\u00adver\u00adne\u00adments de \u00ab&nbsp;man\u0153u\u00advrer&nbsp;\u00bb<\/em>.<\/p>\n<p><strong>La bataille des salaires et des prix continue<\/strong><\/p>\n<p>Une fois toutes les mesures du pro\u00adgramme du gou\u00adver\u00adne\u00adment Schu\u00adman-Mayer adop\u00adt\u00e9es et mises en oeuvre, il res\u00adtait \u00e0 gagner du temps n\u00e9ces\u00adsaire pour que l\u2019en\u00adsemble des effets escomp\u00adt\u00e9s se r\u00e9a\u00adli\u00adsa. Gagner le temps n\u00e9ces\u00adsaire, c\u2019\u00e9\u00adtait \u00e0 tout prix \u00e9vi\u00adter une nou\u00advelle aug\u00admen\u00adta\u00adtion des salaires \u00e0 la date pr\u00e9\u00advue du mois de&nbsp;mars.&nbsp;<\/p>\n<p>D\u00e8s le 11 f\u00e9vrier la CGT demande au Conseil \u00c9co\u00adno\u00admique un rajus\u00adte\u00adment des salaires de 20&nbsp;% en se fon\u00addant sur l\u2019\u00e9\u00advo\u00adlu\u00adtion des&nbsp;prix.<\/p>\n<p>Le gou\u00adver\u00adne\u00adment tem\u00adpo\u00adraire le 30 III 1948 lance avec l\u2019ac\u00adcord du Patro\u00adnat une cam\u00adpagne de baisse des&nbsp;prix.&nbsp;<\/p>\n<p>L\u2019ef\u00adfort gou\u00adver\u00adne\u00admen\u00adtal a consis\u00adt\u00e9 \u00e9vi\u00addem\u00adment \u00e0 s\u2019op\u00adpo\u00adser \u00e0 la mon\u00adt\u00e9e des prix et des salaires. \u00c0 cet \u00e9gard, le deuxi\u00e8me semestre de l\u2019an\u00adn\u00e9e 1948 a \u00e9t\u00e9 encore tr\u00e8s dif\u00adfi\u00adcile&nbsp;: le gou\u00adver\u00adne\u00adment Marie-Rey\u00adnaud qui suc\u00adc\u00e9\u00adda en juillet 1948 au cabi\u00adnet Schu\u00adman-Meyer accep\u00adta en ao\u00fbt 1948 une hausse assez impor\u00adtante. du prix des pro\u00adduits agri\u00adcoles&nbsp;; apr\u00e8s l\u2019aug\u00admen\u00adta\u00adtion consi\u00add\u00e9\u00adrable des prix indus\u00adtriels et des salaires agri\u00adcoles fin 1947 d\u00e9but 1948, il \u00e9tait \u00e0 peu pr\u00e8s impos\u00adsible de ne pas reva\u00adlo\u00adri\u00adser les prix des pro\u00adduits agri\u00adcoles&nbsp;; mais cette hausse d\u00e9ter\u00admi\u00adna au mois de sep\u00adtembre une mon\u00adt\u00e9e des prix ali\u00admen\u00adtaires qui elle-m\u00eame d\u00e9clen\u00adcha aus\u00adsi\u00adt\u00f4t une demande g\u00e9n\u00e9\u00adrale d\u2019aug\u00admen\u00adta\u00adtion des salaires. Le gou\u00adver\u00adne\u00adment Queuille accep\u00adta une hausse g\u00e9n\u00e9\u00adrale des salaires de 15&nbsp;%\u2026 En fait ce fut la der\u00adni\u00e8re aug\u00admen\u00adta\u00adtion g\u00e9n\u00e9\u00adrale des salaires accor\u00add\u00e9 en ver\u00adtu des pou\u00advoirs que l\u2019\u00c9\u00adtat s\u2019\u00e9\u00adtait don\u00adn\u00e9s en 1939&nbsp;; la I\u00e8re fois depuis la Lib\u00e9\u00adra\u00adtion, la d\u00e9ci\u00adsion minis\u00adt\u00e9\u00adrielle ne d\u00e9ter\u00admi\u00adna qu\u2019une aug\u00admen\u00adta\u00adtion de salaires r\u00e9els conforme au pour\u00adcen\u00adtage fix\u00e9&nbsp;: c\u2019\u00e9\u00adtait vrai\u00adment le, signe que la pous\u00ads\u00e9e infla\u00adtion\u00adniste s\u2019a\u00admor\u00adtis\u00adsait rapidement.&nbsp;<\/p>\n<p>Cette aug\u00admen\u00adta\u00adtion des salaires ne satis\u00adfit natu\u00adrel\u00adle\u00adment pas les orga\u00adni\u00adsa\u00adtions ouvri\u00e8res et les com\u00admu\u00adnistes pro\u00adfi\u00adt\u00e8rent du moment pour d\u00e9clen\u00adcher \u2015 non pas une gr\u00e8ve g\u00e9n\u00e9\u00adrale dont il crai\u00adgnait l\u2019\u00e9\u00adchec \u2015 mais une gr\u00e8ve dans un sec\u00adteur n\u00e9vral\u00adgique et o\u00f9 les ouvriers \u00e9tait for\u00adte\u00adment orga\u00adni\u00ads\u00e9s syn\u00addi\u00adca\u00adle\u00adment&nbsp;: ils choi\u00adsirent les mines de charbon.<br>\n<em>La gr\u00e8ve dura pr\u00e8s d\u2019un mois, elle fut mar\u00adqu\u00e9e d\u2019in\u00adci\u00addents san\u00adglants entre les gr\u00e9\u00advistes et la troupe \u00e0  laquelle il avait fal\u00adlu faire appel.<\/em> Mais ser\u00advi par le carac\u00adt\u00e8re violent et poli\u00adtique de cette gr\u00e8ve, le gou\u00adver\u00adne\u00adment r\u00e9us\u00adsit \u00e0 obte\u00adnir le retour au tra\u00advail sans avoir accor\u00add\u00e9 une hausse de salaire.&nbsp;<\/p>\n<p><em>\u00c0 dater de cette \u00e9poque, les grandes gr\u00e8ves sont finies<\/em>&nbsp;; les gou\u00adver\u00adne\u00adments pen\u00addant l\u2019an\u00adn\u00e9e 1949 et le pre\u00admier semestre 1950 (Queuille ensuite Bidault avec puis sans les socia\u00adlistes) lou\u00advoient et s\u2019ef\u00adforcent d\u2019en\u00addor\u00admir leurs par\u00adte\u00adnaires. Les orga\u00adni\u00adsa\u00adtions syn\u00addi\u00adcales pro\u00adtestent contre le fait que les prix sont libres alors que les salaires ne le sont pas. On pro\u00admet de d\u00e9po\u00adser une loi sur les conven\u00adtions col\u00adlec\u00adtives. Son \u00e9la\u00adbo\u00adra\u00adtion est longue&nbsp;; ce n\u2019est que le 11 f\u00e9vrier 1950 qu\u2019elle sera vot\u00e9e par le par\u00adle\u00adment et qu\u2019en ao\u00fbt 1950 \u2015 apr\u00e8s le d\u00e9but de la guerre de Cor\u00e9e \u2015 qu\u2019elle sera appli\u00adqu\u00e9e pour la pre\u00admi\u00e8re&nbsp;fois.<\/p>\n<p>En atten\u00addant le gou\u00adver\u00adne\u00adment ter\u00adgi\u00adverse&nbsp;; il accorde quelques avan\u00adtages de d\u00e9tail\u2026&nbsp;; il peut le faire parce qu\u2019en r\u00e9a\u00adli\u00adt\u00e9, l\u2019a\u00adm\u00e9\u00adlio\u00adra\u00adtion r\u00e9elle du pou\u00advoir d\u2019a\u00adchat des ouvriers rend ceux-ci beau\u00adcoup moins ardents \u00e0 la lutte, <em>et sur\u00adtout parce que le d\u00e9but de r\u00e9ces\u00adsion \u00e9co\u00adno\u00admique d\u00e9ter\u00admine une l\u00e9g\u00e8re ten\u00addance au ch\u00f4\u00admage<\/em>. Les chefs syn\u00addi\u00adcaux savent que les \u00ab&nbsp;troupes&nbsp;\u00bb ne sui\u00advront pas s\u2019ils d\u00e9clen\u00adchaient la&nbsp;gr\u00e8ve.<\/p>\n<h2>Le plan Monnet<\/h2>\n<p>Le plan Mon\u00adnet (pre\u00admier plan de Moder\u00adni\u00adsa\u00adtion et d\u2019\u00c9\u00adqui\u00adpe\u00adment) est le r\u00e9sul\u00adtat de la col\u00adla\u00adbo\u00adra\u00adtion au sein d\u2019une ving\u00adtaine de com\u00admis\u00adsions de direc\u00adteurs d\u2019ad\u00admi\u00adnis\u00adtra\u00adtions, de patrons, d\u2019ou\u00advriers, <em>chefs syn\u00addi\u00adcaux<\/em> en g\u00e9n\u00e9\u00adral, et d\u2019ex\u00adperts ind\u00e9\u00adpen\u00addants tous repr\u00e9\u00adsen\u00adta\u00adtifs mais non repr\u00e9\u00adsen\u00adtants\u2026 C\u2019est pra\u00adti\u00adque\u00adment sans d\u00e9bats que le gou\u00adver\u00adne\u00adment de M.&nbsp;L\u00e9on Blum a adop\u00adt\u00e9 le pre\u00admier plan de Moder\u00adni\u00adsa\u00adtion et d\u2019\u00c9\u00adqui\u00adpe\u00adment en jan\u00advier&nbsp;1947.&nbsp;<\/p>\n<p>C\u2019est gr\u00e2ce, dans une large mesure, au tra\u00advail du Plan que <em>l\u2019al\u00adlon\u00adge\u00adment de la dur\u00e9e du tra\u00advail<\/em> au d\u00e9but de 1947 a \u00e9t\u00e9 faci\u00adle\u00adment accep\u00adt\u00e9 par les syn\u00addi\u00adcats ouvriers, \u00e0 la suite du rap\u00adport de la com\u00admis\u00adsion de la main d\u2019\u0153uvre <em>pr\u00e9\u00adsi\u00add\u00e9e par un syn\u00addi\u00adca\u00adliste CGT<\/em>. Il suf\u00adfit de rap\u00adpe\u00adler l\u2019im\u00adpos\u00adsi\u00adbi\u00adli\u00adt\u00e9 poli\u00adtique d\u2019\u00ab&nbsp;assou\u00adplir&nbsp;\u00bb la semaine de 40 h en 1937\u200a\u2013\u200a38, prin\u00adci\u00adpal obs\u00adtacle \u00e0 la reprise \u00e9co\u00adno\u00admique, pour mesu\u00adrer que ce chan\u00adge\u00adment d\u2019o\u00adpi\u00adnion des diri\u00adgeants syn\u00addi\u00adcaux ne fut pas un mince r\u00e9sul\u00adtat. En 1938 la dur\u00e9e moyenne du tra\u00advail \u00e9tait de 39 h&nbsp;; en 1948, elle a atteint 45 h. soit une aug\u00admen\u00adta\u00adtion de plus de. 15&nbsp;% du poten\u00adtiel de tra\u00advail de la France.&nbsp;<\/p>\n<p>Ce qui explique le <em>frei\u00adnage volon\u00adtaire<\/em> du d\u00e9mar\u00adrage de la recons\u00adtruc\u00adtion en France c\u2019est le choix poli\u00adti\u00adque\u00adment dif\u00adfi\u00adcile fait sur ce ter\u00adrain confor\u00adm\u00e9\u00adment aux don\u00adn\u00e9es \u00e9co\u00adno\u00admiques et aux objec\u00adtifs du&nbsp;Plan.&nbsp;<\/p>\n<h2>Inflation = concentration du capital<\/h2>\n<p>Enfin der\u00adnier r\u00e9sul\u00adtat de la com\u00adbi\u00adnai\u00adson de l\u2019in\u00adfla\u00adtion et du diri\u00adgisme pen\u00addant cette p\u00e9riode (ao\u00fbt 44\u2015D\u00e9cembre 1947), toutes les formes r\u00e9gres\u00adsives de la pro\u00adduc\u00adtion et du com\u00admerce ont \u00e9t\u00e9 favo\u00adri\u00ads\u00e9es au d\u00e9tri\u00adment des formes pro\u00adgres\u00adsives\u2026 Contrai\u00adre\u00adment \u00e0 la grande infla\u00adtion alle\u00admande d\u2019a\u00adpr\u00e8s la guerre de 1918, qui se d\u00e9rou\u00adlant en r\u00e9gime lib\u00e9\u00adral a per\u00admis un <em>d\u00e9ve\u00adlop\u00adpe\u00adment consi\u00add\u00e9\u00adrable des grandes entre\u00adprises concen\u00adtr\u00e9es<\/em>, l\u2019in\u00adfla\u00adtion fran\u00ad\u00e7aise en r\u00e9gime diri\u00adg\u00e9 a \u00e9t\u00e9 conser\u00adva\u00adtrice dans le mau\u00advais sens du terme cr\u00e9ant des rentes abu\u00adsives pour les petits et moyens entrepreneurs.&nbsp;<\/p>\n<h2>R\u00f4le actuel de l\u2019\u00c9tat (suppl\u00e9ment 1953\u200a\u2013\u200a54)<\/h2>\n<p>Aujourd\u2019\u00adhui, l\u2019\u00c9\u00adtat est deve\u00adnu le pre\u00admier \u00ab&nbsp;inves\u00adtis\u00adseur&nbsp;\u00bb, parce qu\u2019il est res\u00adpon\u00adsable des grands tra\u00advaux de ses entre\u00adprises natio\u00adna\u00adli\u00ads\u00e9es, de toute la recons\u00adtruc\u00adtion pour dom\u00admages de guerre, et pra\u00adti\u00adque\u00adment de toute la recons\u00adtruc\u00adtion des mai\u00adsons d\u2019ha\u00adbi\u00adta\u00adtion. Cela repr\u00e9\u00adsente plus de 65&nbsp;% des inves\u00adtis\u00adse\u00adments accom\u00adplis dans toute la nation, et les 35&nbsp;% qui d\u00e9pendent des d\u00e9ci\u00adsions des chefs d\u2019en\u00adtre\u00adprises sont en fait d\u00e9ter\u00admi\u00adn\u00e9s par les pr\u00e9c\u00e9dents.&nbsp;<\/p>\n<p>L\u2019\u00c9\u00adtat est deve\u00adnu le pre\u00admier \u00ab&nbsp;capi\u00adta\u00adliste&nbsp;\u00bb du pays, en ce sens qu\u2019il d\u00e9tient ou cana\u00adlise presque toutes les sources de finan\u00adce\u00adment. Il cr\u00e9e la source quand il finance par l\u2019im\u00adp\u00f4t la recons\u00adtruc\u00adtion, il les cana\u00adlise quand il lance lui-m\u00eame des emprunts ou auto\u00adrise les autres \u00e0 emprunter.&nbsp;<\/p>\n<p>L\u2019\u00c9\u00adtat est enfin le pre\u00admier \u00ab&nbsp;redis\u00adtri\u00adbu\u00adteur&nbsp;\u00bb&nbsp;: la masse des d\u00e9penses bud\u00adg\u00e9\u00adtaires et de s\u00e9cu\u00adri\u00adt\u00e9 sociale repr\u00e9\u00adsente 30&nbsp;% \u00e0 40&nbsp;% du reve\u00adnu natio\u00adnal, mais en fait les d\u00e9ci\u00adsions de l\u2019\u00c9\u00adtat couvrent une beau\u00adcoup plus large pro\u00adpor\u00adtion de l\u2019en\u00adsemble des reve\u00adnus&nbsp;: pro\u00adba\u00adble\u00adment pr\u00e8s de la moi\u00adti\u00e9 du reve\u00adnu agri\u00adcole (bl\u00e9, vin, bet\u00adte\u00adrave\u2026), la tota\u00adli\u00adt\u00e9 des reve\u00adnus salaires (par la d\u00e9ter\u00admi\u00adna\u00adtion du mini\u00admum vital garan\u00adti), une par\u00adtie des reve\u00adnus indus\u00adtriels (par le canal des salaires, des prix du char\u00adbon, de l\u2019\u00e9lec\u00adtri\u00adci\u00adt\u00e9, de l\u2019a\u00adcier,&nbsp;etc.).&nbsp;<\/p>\n<p><strong>Le gou\u00adver\u00adne\u00adment parlementaire<\/strong><\/p>\n<p><em>\u2026 Sur qui il doit s\u2019appuyer<\/em><\/p>\n<p>En 1926, M.&nbsp;Poin\u00adca\u00adr\u00e9 en cr\u00e9ant la Caisse Auto\u00adnome d\u2019A\u00admor\u00adtis\u00adse\u00adment et sur\u00adtout en r\u00e9a\u00adli\u00adsant des exc\u00e9\u00addents bud\u00adg\u00e9\u00adtaires avait d\u00e9li\u00advr\u00e9 les ministres des Finances du cau\u00adche\u00admar de la dette flot\u00adtante. Cette heu\u00adreuse p\u00e9riode ne dura pas 6 ans. \u00c0 par\u00adtir de 1932, aucun gou\u00adver\u00adne\u00adment <em>ne put gou\u00adver\u00adner sans la confiance des por\u00adteurs de bons<\/em>. (l\u2019en\u00addet\u00adte\u00adment de l\u2019\u00c9\u00adtat s\u2019est accru de 113 mil\u00adliards entre 1931 et 1938 \u2015 plus que le montent total de la cir\u00adcu\u00adla\u00adtion fidu\u00adciaire en 1939 \u2015 et pour plus de\tmoi\u00adti\u00e9 sous la forme de bons \u00e0 court terme dont le rem\u00adbour\u00adse\u00adment pou\u00advait \u00eatre exi\u00adg\u00e9 \u00e0 bref&nbsp;d\u00e9lai).&nbsp;<\/p>\n<p>Il a fal\u00adlu le raz de mar\u00e9e \u00e9lec\u00adto\u00adral de 1936 pour rompre le charme nu prix d\u2019ailleurs, comme on l\u2019a vu plus haut, d\u2019un recours constant aux avances de la Banque de France. Il est plus facile, en effet, de convaincre le Gou\u00adver\u00adneur de la Banque, au besoin en le rem\u00adpla\u00ad\u00e7ant que de convaincre des mil\u00adlions d\u2019\u00e9pargnants.&nbsp;<\/p>\n<p>Mais comme on l\u2019a vu \u00e9ga\u00adle\u00adment, la \u00ab&nbsp;fugue&nbsp;\u00bb hors des sen\u00adtiers de la confiance ne dura pas un an, et <em>L\u00e9on Blum lui-m\u00eame \u00e0 la t\u00eate du gou\u00adver\u00adne\u00adment le plus \u00e0 gauche que la France ait connu jus\u00adqu\u2019a\u00adlors et sou\u00adte\u00adnu par une chambre \u00ab&nbsp;rouge&nbsp;\u00bb dut plier<\/em> sous l\u2019o\u00adpi\u00adnion de droite.<\/p>\n<p><em>\u2026 Sur qui il&nbsp;p\u00e8se<\/em><\/p>\n<p>D\u2019a\u00adpr\u00e8s les accords Mati\u00adgnon la hausse moyenne des salaires ne devait pas d\u00e9pas\u00adser 12&nbsp;%. En fait elle a atteint 16&nbsp;% en pro\u00advince et 13,5&nbsp;% \u00e0 Paris. Au d\u00e9but de 1937, \u00e0 la suite de la d\u00e9va\u00adlua\u00adtion, les salaires d\u00e9j\u00e0 majo\u00adr\u00e9s sont encore aug\u00admen\u00adt\u00e9s de 10&nbsp;%. Or le gou\u00adver\u00adne\u00adment n\u2019a m\u00eame pas com\u00adpen\u00ads\u00e9 cet \u00e9norme accrois\u00adse\u00adment de pou\u00advoir d\u2019a\u00adchat par <em>un impor\u00adtant pr\u00e9\u00adl\u00e8\u00adve\u00adment fis\u00adcal sur les autres classes sociales<\/em>. La situa\u00adtion \u00e9tait donc la suivante&nbsp;:&nbsp;<\/p>\n<p>- impos\u00adsi\u00adbi\u00adli\u00adt\u00e9 ou presque d\u2019aug\u00admen\u00adter les quan\u00adti\u00adt\u00e9s produites&nbsp;;<br> \u2013 impos\u00adsi\u00adbi\u00adli\u00adt\u00e9 de r\u00e9duire rapi\u00adde\u00adment les \u00e9l\u00e9\u00adments du prix de revient autres que les salaires, accrois\u00adse\u00adment du pou\u00advoir d\u2019a\u00adchat de cer\u00adtaines classes sans pr\u00e9\u00adl\u00e8\u00adve\u00adment com\u00adpen\u00adsa\u00adtoire d\u2019autres.&nbsp;<\/p>\n<p>La hausse des prix \u00e9tait d\u00e8s lors fatale, non pas une hausse saine de pros\u00adp\u00e9\u00adri\u00adt\u00e9, mais une hausse acc\u00e9\u00adl\u00e9\u00adr\u00e9e d\u2019in\u00adfla\u00adtion&nbsp;; hausse des prix qui absorbe et redis\u00adtri\u00adbue le pou\u00advoir d\u2019a\u00adchat nou\u00advel\u00adle\u00adment cr\u00e9\u00e9, <em>au pro\u00adfit des pro\u00adduc\u00adteurs et com\u00admer\u00ad\u00e7ants et au d\u00e9tri\u00adment des ouvriers, fonc\u00adtion\u00adnaires, retrai\u00adt\u00e9s et ren\u00adtiers<\/em>. <\/p>\n<p>De 1931 \u00e0 1935 la p\u00e9riode fut belle pour les fonc\u00adtion\u00adnaires et pour tous ceux qui tirent leurs reve\u00adnus de la puis\u00adsance publique, c\u2019est-\u00e0-dire ren\u00adtiers, pen\u00adsion\u00adn\u00e9s, four\u00adnis\u00adseurs et entre\u00adpre\u00adneurs, et, au contraire, de 1935 \u00e0 1938 leur situa\u00adtion devint mau\u00advaise car le rajus\u00adte\u00adment de leurs reve\u00adnus est beau\u00adcoup moins rapide que la hausse des prix. Il est mal\u00adgr\u00e9 tout curieux de consta\u00adter que si l\u2019on tient compte du mou\u00adve\u00adment des prix et mal\u00adgr\u00e9 l\u2019ef\u00adfort consi\u00add\u00e9\u00adrable fait pour la d\u00e9fense natio\u00adnale, le poids r\u00e9el des charges publiques est plus faible en 1938 qu\u2019en 1935, ce qui tend \u00e0 prou\u00adver que <em>l\u2019ef\u00adfort de r\u00e9ar\u00adme\u00adment a pes\u00e9 sur\u00adtout sur les fonc\u00adtion\u00adnaires, retrai\u00adt\u00e9s et pen\u00adsion\u00adn\u00e9s<\/em>.<\/p>\n<p><em>\u2026 \u00c0 quoi sert-il&nbsp;?<\/em><\/p>\n<p>Pour les trois ans 1936\u200a\u2013\u200a1937-1938, les d\u00e9fi\u00adcits bud\u00adg\u00e9\u00adtaires cumu\u00adl\u00e9s donnent un mon\u00adtant \u00e9gal aux cr\u00e9\u00addits mili\u00adtaires soit 65,8 mil\u00adliards au&nbsp;total.<\/p>\n<p>Com\u00adment peut-on r\u00e9su\u00admer l\u2019emploi des deniers publics (recettes fis\u00adcales, emprunts et infla\u00adtion) pour l\u2019an\u00adn\u00e9e&nbsp;1938&nbsp;?&nbsp;<\/p>\n<p>- 18&nbsp;% \u00e9taient consa\u00adcr\u00e9s \u00e0 la marche des ser\u00advices civils c\u2019est ce que l\u2019on appelle le train de vie cou\u00adrant de l\u2019\u00c9\u00adtat, celui que tout le monde trouve tou\u00adjours trop impor\u00adtant. 18&nbsp;% = 24 mil\u00adliards pour assu\u00adrer la r\u00e9mu\u00adn\u00e9\u00adra\u00adtion de tous les fonc\u00adtion\u00adnaires civils et la marche de tous les ser\u00advices&nbsp;: jus\u00adtice, police, diplo\u00adma\u00adtie, finances, voie\u00adrie, hygi\u00e8ne et san\u00adt\u00e9 publique, etc.<br> \u2013 21&nbsp;% \u00e9taient consa\u00adcr\u00e9s \u00e0 l\u2019ex\u00e9\u00adcu\u00adtion de tra\u00advaux dont la moi\u00adti\u00e9 pour l\u2019en\u00adtre\u00adtien, la recons\u00adtruc\u00adtion et l\u2019\u00e9\u00adqui\u00adpe\u00adment neuf du domaine de l\u2019E\u00adtat (ports, routes, \u00e9coles, mai\u00adries, ter\u00adrains de sport, etc.) et l\u2019autre moi\u00adti\u00e9 pour le m\u00eame objet sur le domaine des col\u00adlec\u00adti\u00advi\u00adt\u00e9s locales ou des \u00e9ta\u00adblis\u00adse\u00adments publics et dans quelques cas des entre\u00adprises priv\u00e9es.<br> \u2013 10&nbsp;% \u00e9taient consa\u00adcr\u00e9s \u00e0 per\u00admettre aux Fran\u00ad\u00e7ais de voya\u00adger ou de trans\u00adpor\u00adter des mar\u00adchan\u00addises \u00e0 tr\u00e8s bon march\u00e9.<br> \u2013 45&nbsp;% \u00e9taient consa\u00adcr\u00e9s \u00e0 payer les d\u00e9penses r\u00e9sul\u00adtant de la pr\u00e9\u00adc\u00e9\u00addente guerre et de la pr\u00e9\u00adpa\u00adra\u00adtion \u00e0 la prochaine\u2026<\/p>\n<p>Fin des notes du cours de M.Delouvrier.<\/p>\n<p><strong>N.B. de la r\u00e9dac\u00adtion&nbsp;:<\/strong> <\/p>\n<p>\tLes extraits du cours de M.Delouvrier n\u2019en\u00adgagent pas notre opi\u00adnion. Nous les avons don\u00adn\u00e9s parce que nous les trou\u00advons int\u00e9\u00adres\u00adsantes au point de vue inter\u00adpr\u00e9\u00adta\u00adtion non anar\u00adchiste des \u00e9v\u00e8\u00adne\u00adments des der\u00adni\u00e8res d\u00e9cades en France sur\u00adtout pour leur struc\u00adture \u00e9conomique.&nbsp;<\/p>\n<p>\tLes cama\u00adrades qui se sont adres\u00ads\u00e9s \u00e0 nous en sous cri\u00adti\u00adquant sur les opi\u00adnions expri\u00adm\u00e9es par M.Delouvrier doivent prendre ce fait en consi\u00add\u00e9\u00adra\u00adtion. En m\u00eame temps, il serait int\u00e9\u00adres\u00adsant pour tous d\u2019\u00e9\u00adtu\u00addier ces opi\u00adnions d\u2019a\u00adpr\u00e8s nos concep\u00adtions et nous esp\u00e9\u00adrons le faire, avec votre aide, dans un des pro\u00adchains num\u00e9ros.&nbsp;<\/p>\n<p>\tComme pr\u00e9\u00adc\u00e9\u00addem\u00adment nous avons sous-titr\u00e9 et sou\u00adli\u00adgn\u00e9 de nous-m\u00eames.<\/p>\n<p>\tNous n\u2019a\u00advons pas indi\u00adqu\u00e9 dans ce cahier le num\u00e9\u00adro des pages du cours. Bien enten\u00addu nous tenons \u00e0 la dis\u00adpo\u00adsi\u00adtion de tous la r\u00e9f\u00e9\u00adrence tr\u00e8s pr\u00e9\u00adcise des cita\u00adtions choisies.&nbsp;<\/p><\/div>\n","protected":false},"excerpt":{"rendered":"<p>Fin des extraits du cours public de M.&nbsp;Delou\u00advrier \u00e0 l\u2019\u00e9\u00adcole des sciences poli\u00adtiques d\u2019a\u00adpr\u00e8s l\u2019\u00e9\u00addi\u00adtion de 1951 et le sup\u00adpl\u00e9\u00adment de 1953 \u2013&nbsp;54.<\/p>\n","protected":false},"author":1,"featured_media":0,"comment_status":"closed","ping_status":"closed","sticky":false,"template":"","format":"standard","meta":{"wp_typography_post_enhancements_disabled":false,"footnotes":""},"categories":[63],"tags":[],"ppma_author":[540],"class_list":["post-459","post","type-post","status-publish","format-standard","hentry","category-noir-rouge-na4-hiver-1956-1957"],"authors":[{"term_id":540,"user_id":1,"is_guest":0,"slug":"admin_3gikpwyf","display_name":"Vincent Dubuc","avatar_url":"https:\/\/secure.gravatar.com\/avatar\/d015720652c25fd2ced191ade86430094e1f288a17483713e3b34d26dea52507?s=96&d=mm&r=g","author_category":"","user_url":"https:\/\/la-presse-anarchiste.net","last_name":"Dubuc","first_name":"Vincent","job_title":"","description":""}],"_links":{"self":[{"href":"https:\/\/la-presse-anarchiste.net\/index.php\/wp-json\/wp\/v2\/posts\/459","targetHints":{"allow":["GET"]}}],"collection":[{"href":"https:\/\/la-presse-anarchiste.net\/index.php\/wp-json\/wp\/v2\/posts"}],"about":[{"href":"https:\/\/la-presse-anarchiste.net\/index.php\/wp-json\/wp\/v2\/types\/post"}],"author":[{"embeddable":true,"href":"https:\/\/la-presse-anarchiste.net\/index.php\/wp-json\/wp\/v2\/users\/1"}],"replies":[{"embeddable":true,"href":"https:\/\/la-presse-anarchiste.net\/index.php\/wp-json\/wp\/v2\/comments?post=459"}],"version-history":[{"count":0,"href":"https:\/\/la-presse-anarchiste.net\/index.php\/wp-json\/wp\/v2\/posts\/459\/revisions"}],"wp:attachment":[{"href":"https:\/\/la-presse-anarchiste.net\/index.php\/wp-json\/wp\/v2\/media?parent=459"}],"wp:term":[{"taxonomy":"category","embeddable":true,"href":"https:\/\/la-presse-anarchiste.net\/index.php\/wp-json\/wp\/v2\/categories?post=459"},{"taxonomy":"post_tag","embeddable":true,"href":"https:\/\/la-presse-anarchiste.net\/index.php\/wp-json\/wp\/v2\/tags?post=459"},{"taxonomy":"author","embeddable":true,"href":"https:\/\/la-presse-anarchiste.net\/index.php\/wp-json\/wp\/v2\/ppma_author?post=459"}],"curies":[{"name":"wp","href":"https:\/\/api.w.org\/{rel}","templated":true}]}}