{"id":463,"date":"2007-06-20T15:35:39","date_gmt":"2007-06-20T15:35:39","guid":{"rendered":"https:\/\/la-presse-anarchiste.net\/index.php\/2007\/06\/20\/lenseignement-libertaire-des-revolutions-hongroises\/"},"modified":"2007-06-20T15:35:39","modified_gmt":"2007-06-20T15:35:39","slug":"lenseignement-libertaire-des-revolutions-hongroises","status":"publish","type":"post","link":"https:\/\/la-presse-anarchiste.net\/index.php\/2007\/06\/20\/lenseignement-libertaire-des-revolutions-hongroises\/","title":{"rendered":"L\u2019enseignement libertaire des r\u00e9volutions hongroises"},"content":{"rendered":"<div class=\"pdfprnt-buttons pdfprnt-buttons-post pdfprnt-top-right\"><a href=\"https:\/\/la-presse-anarchiste.net\/index.php\/wp-json\/wp\/v2\/posts\/463?print=pdf\" class=\"pdfprnt-button pdfprnt-button-pdf\" target=\"_blank\"><img decoding=\"async\" src=\"https:\/\/la-presse-anarchiste.net\/wp-content\/plugins\/pdf-print\/images\/pdf.png\" alt=\"image_pdf\" title=\"Afficher le PDF\"><\/a><a href=\"https:\/\/la-presse-anarchiste.net\/index.php\/wp-json\/wp\/v2\/posts\/463?print=print\" class=\"pdfprnt-button pdfprnt-button-print\" target=\"_blank\"><img decoding=\"async\" src=\"https:\/\/la-presse-anarchiste.net\/wp-content\/plugins\/pdf-print\/images\/print.png\" alt=\"image_print\" title=\"Contenu imprim\u00e9\"><\/a><\/div><div align=\"justify\">\nIl a \u00e9t\u00e9 suf\u00adfi\u00adsam\u00adment par\u00adl\u00e9 des \u00e9v\u00e8\u00adne\u00adments de Hon\u00adgrie de ces der\u00adniers mois \u2015 si nous les repre\u00adnons ici, c\u2019est pare que dans l\u2019his\u00adtoire r\u00e9vo\u00adlu\u00adtion\u00adnaire hon\u00adgroise, il y a des faits assez mal connus qui peuvent nous aider \u00e0 mieux com\u00adprendre les der\u00adniers \u00e9v\u00e8\u00adne\u00adments. D\u2019autre part, la radio de Buda\u00adpest a, \u00e0 plu\u00adsieurs reprises, condam\u00adn\u00e9 cer\u00adtains aspects anar\u00adchistes de la r\u00e9vo\u00adlu\u00adtion, rele\u00adv\u00e9s \u00e9ga\u00adle\u00adment par la presse, qui men\u00adtionne aus\u00adsi la pr\u00e9\u00adsence du dra\u00adpeau noir sur les chars des insur\u00adg\u00e9s \u00e0 c\u00f4t\u00e9 du dra\u00adpeau national.&nbsp;\n<p>Chaque r\u00e9vo\u00adlu\u00adtion apporte une le\u00e7on, marque une \u00e9tape dans l\u2019\u00e9\u00advo\u00adlu\u00adtion de l\u2019hu\u00adma\u00adni\u00adt\u00e9. Nous essaie\u00adrons ici de d\u00e9ga\u00adger celle que nous donnent les insur\u00adg\u00e9s de Hon\u00adgrie, sans bien s\u00fbr par\u00adti\u00adci\u00adper \u00e0 cette \u00e9c\u0153u\u00adrante exploi\u00adta\u00adtion des mar\u00adtyrs dont nous sommes t\u00e9moins.&nbsp;<\/p>\n<p>La vio\u00adlence de la r\u00e9pres\u00adsion est un fait qui n\u2019est pas pour nous sur\u00adprendre. Nous n\u2019a\u00advons pas atten\u00addu 1956 pour savoir ce qu\u2019est une r\u00e9pres\u00adsion moderne, ce que sont l\u2019Ar\u00adm\u00e9e, l\u2019\u00c9\u00adtat, le tota\u00adli\u00adta\u00adrisme et l\u2019im\u00adp\u00e9\u00adria\u00adlisme en g\u00e9n\u00e9\u00adral, et en par\u00adti\u00adcu\u00adlier bol\u00adche\u00adviste. Le lan\u00adgage et l\u2019at\u00adti\u00adtude des Khroucht\u00adchev, Serov, Kadar, Fajon, etc. ne voyant dans tous ceux qui se dressent contre eux et leur sys\u00adt\u00e8me que fas\u00adcistes, espions am\u00e9\u00adri\u00adcains, offi\u00adciers hor\u00adthystes c\u2019est celui de L\u00e9nine ne voyant par\u00admi les ouvriers et marins de Krons\u00adtadt que gardes blancs, espions fran\u00ad\u00e7ais et offi\u00adciers tsa\u00adristes. C\u2019est celui de Trots\u00adky aux pro\u00adl\u00e9\u00adtaires de Krons\u00adtadt&nbsp;: \u00ab&nbsp;Je vous abat\u00adtrai comme des per\u00addrix&nbsp;\u00bb ou aux par\u00adti\u00adsans de Makh\u00adno \u00ab&nbsp;les ratis\u00adser avec un balai de fer&nbsp;\u00bb. Et c\u2019est \u00e0 juste titre que l\u2019<em>Huma\u00adni\u00adt\u00e9<\/em> du 7 novembre res\u00adsor\u00adtait un texte de L\u00e9nine avec les plus plats des men\u00adsonges sur Krons\u00adtadt. La Prav\u00adda du 18 d\u00e9cembre reprend contre Kar\u00addelj les th\u00e8mes de 1921, dans les\u00adquels la ges\u00adtion des usines par les ouvriers \u00e9tait trai\u00adt\u00e9e de d\u00e9via\u00adtion anar\u00adchiste syn\u00addi\u00adca\u00adliste. C\u2019est tou\u00adjours l\u2019emploi sur une \u00e9chelle d\u2019\u00c9\u00adtat des moyens de Marx employ\u00e9s dans la 1<sup>re<\/sup> Inter\u00adna\u00adtio\u00adnale contre Bakou\u00adnine&nbsp;: dupli\u00adci\u00adt\u00e9 et calom\u00adnies. D\u2019autres en font les frais aujourd\u2019hui&nbsp;:&nbsp;<\/p>\n<p>[(\u2026 \u00ab&nbsp;Le men\u00adsonge et la calom\u00adnie ont \u00e9t\u00e9 \u00e0 tra\u00advers toute l\u2019his\u00adtoire de l\u2019hu\u00adma\u00adni\u00adt\u00e9, les ins\u00adtru\u00adments d\u2019une poli\u00adtique injuste, d\u2019une poli\u00adtique dont le but est tou\u00adjours l\u2019as\u00adsu\u00adjet\u00adtis\u00adse\u00adment et l\u2019ex\u00adploi\u00adta\u00adtion des autres peuples, l\u2019\u00e9\u00adta\u00adblis\u00adse\u00adment sur eux d\u2019une domination.&nbsp;\u00bb)]<br>\n[\/(Djilas&nbsp;: \u00ab&nbsp;L\u00e9nine et les rap\u00adports entre \u00e9tats socia\u00adlistes&nbsp;\u00bb p.15)\/] <\/p>\n<p>Nous savons bien que tous ces intel\u00adlec\u00adtuels \u00e0 qui il faut du \u00ab&nbsp;sang \u00e0 la Une&nbsp;\u00bb pour r\u00e9agir \u00e0 l\u2019op\u00adpres\u00adsion qui frappe les autres ren\u00adtre\u00adront dans l\u2019eu\u00adpho\u00adrie des fronts popu\u00adlaires et oublie\u00adrons ces mas\u00adsacres d\u00e8s que l\u2019encre et le sang auront s\u00e9ch\u00e9.&nbsp;<\/p>\n<h2>Un prol\u00e9tariat exp\u00e9riment\u00e9&nbsp;?<\/h2>\n<p>Tant de com\u00admen\u00adta\u00adteurs mar\u00adxistes ont essay\u00e9 de repr\u00e9\u00adsen\u00adter la Hon\u00adgrie comme un pays sous-d\u00e9ve\u00adlop\u00adp\u00e9 avec un pro\u00adl\u00e9\u00adta\u00adriat qui en est encore \u00e0 ses pre\u00admiers vagis\u00adse\u00adments d\u00e9sor\u00addon\u00adn\u00e9s. La Hon\u00adgrie comp\u00adtait en 1956, 1&nbsp;600&nbsp;000 ouvriers syn\u00addi\u00adqu\u00e9s (dont 300&nbsp;000 ouvriers agri\u00adcoles) ce qui est quand m\u00eame beau\u00adcoup, sur\u00adtout pour un pays de 9 mil\u00adlions d\u2019ha\u00adbi\u00adtants. Et en 1919 d\u00e9j\u00e0 1&nbsp;421&nbsp;000 tra\u00advailleurs se trou\u00advaient dans les syn\u00addi\u00adcats. Avant m\u00eame la r\u00e9vo\u00adlu\u00adtion, en 1918, leur nombre \u00e9tait de 721&nbsp;000.<\/p>\n<p>Et non seule\u00adment le pro\u00adl\u00e9\u00adta\u00adriat hon\u00adgrois n\u2019est pas un ph\u00e9\u00adno\u00adm\u00e8ne nou\u00adveau en 1956, mais ce pro\u00adl\u00e9\u00adta\u00adriat est celui qui imm\u00e9\u00addia\u00adte\u00adment apr\u00e8s le pro\u00adl\u00e9\u00adta\u00adriat russe a v\u00e9cu le plus inten\u00ads\u00e9\u00adment l\u2019ex\u00adp\u00e9\u00adrience de la r\u00e9vo\u00adlu\u00adtion sociale. Car en 1919 quand les vieux pro\u00adl\u00e9\u00adta\u00adriats \u00ab&nbsp;exp\u00e9\u00adri\u00admen\u00adt\u00e9s&nbsp;\u00bb ne bou\u00adgeaient pas (Angle\u00adterre) ou peu (France) c\u2019est lui qui mon\u00adtrait la voie aux classes ouvri\u00e8res alle\u00admandes et ita\u00adliennes pour s\u2019emparer des usines et prendre en main toute l\u2019or\u00adga\u00adni\u00adsa\u00adtion \u00e9co\u00adno\u00admique et sociale.&nbsp;<\/p>\n<p>Ce n\u2019est pas la faute de cette classe ouvri\u00e8re hon\u00adgroise pr\u00e9\u00adten\u00addue arri\u00e9\u00adr\u00e9e si la r\u00e9vo\u00adlu\u00adtion de 1919 ne fut pas euro\u00adp\u00e9enne. Il est un autre pro\u00adl\u00e9\u00adta\u00adriat qui fut \u00e0 l\u2019a\u00advant-garde du com\u00adbat contre le capi\u00adta\u00adlisme, c\u2019est celui d\u2019Es\u00adpagne. Or, pour faire pas\u00adser ces deux pays pour arri\u00e9\u00adr\u00e9s, il faut d\u2019une part m\u00e9con\u00adna\u00eetre l\u2019im\u00adpor\u00adtante indus\u00adtrie hon\u00adgroise ou cata\u00adlane, et d\u2019autre part ne rien com\u00adprendre \u00e0 la r\u00e9vo\u00adlu\u00adtion paysanne.&nbsp;<\/p>\n<p>Bien s\u00fbr, aux sta\u00adtis\u00adti\u00adciens qui ne font que le d\u00e9compte des hauts four\u00adneaux, la Hon\u00adgrie ou l\u2019Es\u00adpagne peuvent para\u00eetre sans impor\u00adtance indus\u00adtrielle. Or le d\u00e9ve\u00adlop\u00adpe\u00adment de ces deux pays ne date pas plus de Sta\u00adline que de Fran\u00adco. D\u00e8s le d\u00e9but de ce si\u00e8cle, les usines tex\u00adtiles, m\u00e9tal\u00adlur\u00adgiques, ali\u00admen\u00adtaires, fer\u00adro\u00adviaires \u00e9taient dis\u00adper\u00ads\u00e9es dans de nom\u00adbreuses r\u00e9gions de Hon\u00adgrie par exemple et Buda\u00adpest \u00e9tait d\u00e9j\u00e0 une m\u00e9tro\u00adpole comme Bar\u00adce\u00adlone de plus de 1 mil\u00adlion d\u2019ha\u00adbi\u00adtants. L\u2019in\u00addus\u00adtrie hon\u00adgroie a subi des trans\u00adfor\u00adma\u00adtions qua\u00adli\u00adta\u00adtives depuis 1945, mais quan\u00adti\u00adta\u00adti\u00adve\u00adment la classe ouvri\u00e8re n\u2019a pas \u00e9t\u00e9 cr\u00e9\u00e9e, ni m\u00eame aug\u00admen\u00adt\u00e9e, dans des pro\u00adpor\u00adtions radi\u00adcales. Il n\u2019y a pas eu en 7 ou 8 ans trans\u00adplan\u00adta\u00adtion sou\u00addaine de pay\u00adsans vers un foi\u00adson\u00adne\u00adment de villes. La Hon\u00adgrie n\u2019\u00e9\u00adtait pas le labo\u00adra\u00adtoire sib\u00e9rien.&nbsp;<\/p>\n<h2>Paysans attard\u00e9s&nbsp;?<\/h2>\n<p>C\u2019est un tra\u00addi\u00adtion\u00adnel sch\u00e9\u00adma mar\u00adxiste que d\u2019op\u00adpo\u00adser aux vieux pro\u00adl\u00e9\u00adta\u00adriats indus\u00adtriels \u00e9du\u00adqu\u00e9s par l\u2019His\u00adtoire, les masses fra\u00ee\u00adche\u00adment d\u00e9bar\u00adqu\u00e9es de cam\u00adpa\u00adgnards sans matu\u00adri\u00adt\u00e9 ni esprit com\u00adba\u00adtif. Sch\u00e9\u00adma que d\u00e9montent fon\u00adci\u00e8\u00adre\u00adment les plus grandes r\u00e9vo\u00adlu\u00adtions de ce si\u00e8cle&nbsp;: Mexique, Ukraine, Espagne (pour ne pas par\u00adler de la Chine) o\u00f9 les masses pay\u00adsannes four\u00adnirent presque tou\u00adjours plus qu\u2019une avant-garde, la sub\u00adstance m\u00eame de la lutte. Ce n\u2019est pas parce que ces r\u00e9vo\u00adlu\u00adtions ont poli\u00adti\u00adque\u00adment \u00e9chou\u00e9 comme ont \u00e9chou\u00e9 d\u2019ailleurs toutes les r\u00e9vo\u00adlu\u00adtions urbaines que le pay\u00adsan doit \u00eatre consi\u00add\u00e9\u00adr\u00e9 comme inca\u00adpable de mener une r\u00e9vo\u00adlu\u00adtion. Encore moins les ouvriers d\u2019o\u00adri\u00adgine pay\u00adsanne doivent-ils \u00eatre consi\u00add\u00e9\u00adr\u00e9s comme un poids mort par rap\u00adport aux ouvriers cita\u00addins de vieille souche. L\u2019\u00e9\u00adtaient-ils dans les soviets de Rus\u00adsie de 1905 et 1917&nbsp;? Cette m\u00e9fiance pour les tra\u00advailleurs de la terre peut sans doute s\u2019ex\u00adpli\u00adquer, pour le mar\u00adxisme, ph\u00e9\u00adno\u00adm\u00e8ne urbain li\u00e9 \u00e0 la nais\u00adsance d\u2019une bureau\u00adcra\u00adtie indus\u00adtrielle et qui ensuite essaye \u00ab&nbsp;d\u2019en\u00adca\u00addrer&nbsp;\u00bb les cam\u00adpagnes, de les mili\u00adta\u00adri\u00adser (Trots\u00adky), de les trans\u00adfor\u00admer en usines (Kroucht\u00adchev). Mais elle n\u2019a rien \u00e0 voir avec l\u2019a\u00adnar\u00adchisme qui tient son ori\u00adgine autant des champs que des usines&nbsp;: en Anda\u00adlou\u00adsie comme en Ara\u00adgon, en Ukraine comme en Bul\u00adga\u00adrie et comme en Hon\u00adgrie, le mou\u00adve\u00adment anar\u00adchiste est li\u00e9 \u00e0 l\u2019\u00e9\u00adman\u00adci\u00adpa\u00adtion pay\u00adsanne. Et sou\u00advent les pay\u00adsans d\u00e9ra\u00adci\u00adn\u00e9s appor\u00adt\u00e8rent dans les fau\u00adbourgs de Bar\u00adce\u00adlone et de Buda\u00adpest non un alour\u00addis\u00adse\u00adment mais un ferment nou\u00adveau, plus radi\u00adcal, de notre com\u00adbat en&nbsp;ville.&nbsp;<\/p>\n<h2>L\u2019intelligentsia<\/h2>\n<p>Dans le sch\u00e9\u00adma mar\u00adxiste, une autre couche de la popu\u00adla\u00adtion est oubli\u00e9e et a un r\u00f4le subor\u00addon\u00adn\u00e9 et secon\u00addaire, ce sont les intel\u00adlec\u00adtuels, les \u00e9cri\u00advains, les \u00e9tu\u00addiants. Ils sont consi\u00add\u00e9\u00adr\u00e9s comme des employ\u00e9s et des fid\u00e8les ex\u00e9\u00adcu\u00adteurs des plans et des direc\u00adtives du par\u00adti, mais nul\u00adle\u00adment comme de vrais cr\u00e9a\u00adteurs. Cette opi\u00adnion n\u2019est pas abs\u00adtraite&nbsp;: on voit ce qu\u2019elle donne dans les \u00c9tats Sovi\u00e9\u00adtiques \u2015 \u00ab&nbsp;des \u00e2mes mortes&nbsp;\u00bb, d\u2019a\u00adpr\u00e8s la confes\u00adsion m\u00eame de Chob\u00adkhov \u2015 des car\u00adri\u00e9\u00adristes, des pan\u00adtins qui sont capables de chan\u00adger mille fois de rai\u00adson\u00adne\u00adment et d\u2019a\u00advoir tou\u00adjours raison\u2026&nbsp;<\/p>\n<p>Mal\u00adgr\u00e9 l\u2019in\u00adter\u00adpr\u00e9\u00adta\u00adtion mar\u00adxiste de l\u2019his\u00adtoire, on ne peut pas nier le r\u00f4le impor\u00adtant jou\u00e9 en Rus\u00adsie. tsa\u00adriste par l\u2019\u00ab&nbsp;intel\u00adli\u00adgent\u00adsia&nbsp;\u00bb, les \u00e9cri\u00advains, les po\u00e8tes, les critiques.<\/p>\n<p>On ne peut pas nier non plus le r\u00f4le jou\u00e9 par les \u00e9cri\u00advains hon\u00adgrois dans la pr\u00e9\u00adpa\u00adra\u00adtion de l\u2019es\u00adprit de r\u00e9volte. Nous n\u2019a\u00advons pas ici la pr\u00e9\u00adten\u00adtion d\u2019ex\u00adpli\u00adquer ce ph\u00e9\u00adno\u00adm\u00e8ne, mais c\u2019est un fait que les \u00e9cri\u00advains, non seule\u00adment comme indi\u00advi\u00addus, mais aus\u00adsi dans l\u2019U\u00adnion des \u00c9cri\u00advains ont acquis une juste r\u00e9pu\u00adta\u00adtion de combattants.&nbsp;<\/p>\n<p>\u2026 \u00ab&nbsp;Certes, on nous avait trom\u00adp\u00e9s, mais cela ne dimi\u00adnue pas le poids de notre res\u00adpon\u00adsa\u00adbi\u00adli\u00adt\u00e9 per\u00adson\u00adnelle\u2026 C\u2019est de cette crise-l\u00e0 qu\u2019est n\u00e9e l\u2019u\u00adni\u00adt\u00e9 morale des \u00e9cri\u00advains sur la base d\u2019un enga\u00adge\u00adment solen\u00adnel de ne jamais plus men\u00adtir, de ne jamais ser\u00advir l\u2019in\u00adhu\u00admain. De dire la v\u00e9ri\u00adt\u00e9\u2026 Brus\u00adque\u00adment nous avons pris conscience d\u2019a\u00advoir ser\u00advi des concep\u00adtions poli\u00adtiques cri\u00admi\u00adnelles, d\u2019a\u00advoir \u00e9t\u00e9 les ins\u00adtru\u00adments de la calom\u00adnie et du mensonge&nbsp;\u00bb\u2026&nbsp;<\/p>\n<p>[\/(Otto Major, dans Iro\u00addal\u00admi Ujs\u00e0g, 29 sep\u00adtembre 1956)\/]&nbsp;<\/p>\n<p>\u2026 \u00ab&nbsp;Oui, nous exi\u00adgeons la liber\u00adt\u00e9 totale de la lit\u00adt\u00e9\u00adra\u00adture, la liber\u00adt\u00e9 la plus com\u00adpl\u00e8te, la plus illi\u00admi\u00adt\u00e9e qui puisse se conce\u00advoir entre hommes vivant en soci\u00e9\u00adt\u00e9 civi\u00adli\u00ads\u00e9e\u2026 L\u2019\u00e9\u00adcri\u00advain doit \u00eatre libre (tout comme chaque citoyen d\u2019ailleurs) de dire la v\u00e9ri\u00adt\u00e9 sans res\u00adtric\u00adtions aucunes.&nbsp;\u00bb&nbsp;<\/p>\n<p>[\/(Idem, 8. IX.&nbsp;1956).\/]&nbsp;<\/p>\n<p>\u2026 \u00ab&nbsp;Nous- croyions \u00e9di\u00adfier le socia\u00adlisme, alors qu\u2019on nous enfer\u00admait der\u00adri\u00e8re des murs de pri\u00adson impr\u00e9\u00adgn\u00e9s de sang et de mensonge.<br>\n\u2026 La r\u00e9vo\u00adlu\u00adtion a vain\u00adcu mais si nous ne lui lais\u00adsons pas le temps de reprendre des forces, elle peut encore \u00eatre ter\u00adras\u00ads\u00e9e. Cer\u00adtains, dont c\u2019est l\u2019in\u00adt\u00e9\u00adr\u00eat, peuvent aus\u00adsi cher\u00adcher \u00e0 l\u2019escamoter&nbsp;\u00bb\u2026<br>\n[\/\u200b<br>\n(Idem, le 2 novembre, juste avant la 2<sup>e<\/sup> inter\u00adven\u00adtion sovi\u00e9\u00adtique, par Tibor&nbsp;D\u00e9ry).\/]&nbsp;<\/p>\n<p>Et voi\u00adl\u00e0 l\u2019o\u00adpi\u00adnion de F. Fejt\u00f6&nbsp;: \u00ab&nbsp;La plu\u00adpart d\u2019entre eux avaient une for\u00adma\u00adtion mar\u00adxiste impr\u00e9\u00adgn\u00e9e de culture occi\u00adden\u00adtale&nbsp;; si leur carte de par\u00adti et leurs convic\u00adtions \u00e9taient com\u00admu\u00adnistes, leur tem\u00adp\u00e9\u00adra\u00adment artis\u00adtique \u00e9tait per\u00adson\u00adna\u00adliste, anar\u00adchi\u00adsant, leur men\u00adta\u00adli\u00adt\u00e9 ana\u00adly\u00adtique et cri\u00adtique&nbsp;\u00bb. (La Tra\u00adg\u00e9\u00addie hon\u00adgroise, p.&nbsp;230)&nbsp;<\/p>\n<h2>La lutte mill\u00e9naire en Hongrie contre l\u2019\u00c9tat et son \u00c9glise<\/h2>\n<p>D\u00e8s l\u2019an 1000 l\u2019\u00c9\u00adtat hon\u00adgrois \u00e9tait en m\u00eame temps que le pro\u00adtec\u00adteur de la pro\u00adpri\u00e9\u00adt\u00e9 des f\u00e9o\u00addaux et du cler\u00adg\u00e9, le plus gros pro\u00adpri\u00e9\u00adtaire, par lui-m\u00eame, le prin\u00adci\u00adpal adver\u00adsaire des tra\u00advailleurs. Tout au long de l\u2019his\u00adtoire les sou\u00adl\u00e8\u00adve\u00adments se mul\u00adti\u00adpli\u00e8rent oppo\u00adsant les pay\u00adsans (1041,1437\u2026), les mineurs (1525), les gens des villes (1222) \u00e0 l\u2019\u00c9\u00adtat et \u00e0 ses deux ser\u00advi\u00adteurs&nbsp;: l\u2019\u00c9\u00adglise catho\u00adlique et la noblesse mili\u00adtaire, qui d\u2019ailleurs \u00e9taient en grande par\u00adtie impor\u00adt\u00e9 d\u2019Al\u00adle\u00admagne. Le peuple se r\u00e9vol\u00adta contre l\u2019en\u00adtre\u00adprise \u00e9ta\u00adtiste eccl\u00e9\u00adsias\u00adtique des croi\u00adsades (1514). Ces sou\u00adl\u00e8\u00adve\u00adments contre l\u2019ordre catho\u00adlique s\u2019ap\u00adpuy\u00e8rent sur une oppo\u00adsi\u00adtion latente s\u2019ex\u00adpri\u00admant par des mou\u00adve\u00adments r\u00e9for\u00adma\u00adteurs anti\u00adcl\u00e9\u00adri\u00adcaux d\u2019ins\u00adpi\u00adra\u00adtion pa\u00efenne (XIe s.), Bogou\u00admiles (XIIe), Hus\u00adsit (XVe), anti tri\u00adni\u00adtaire et achriste (XVIe) et Naza\u00adr\u00e9enne jus\u00adqu\u2019au XXe. Tou\u00adjours la puis\u00adsance poli\u00adtique et sociale re\u00e7ut sa jus\u00adti\u00adfi\u00adca\u00adtion de l\u2019\u00c9\u00adpis\u00adco\u00adpat et du cler\u00adg\u00e9. Cet \u00c9tat hon\u00adgrois n\u00e9ces\u00adsai\u00adre\u00adment imp\u00e9\u00adria\u00adliste comme tout \u00c9tat s\u2019op\u00adpo\u00adsa non seule\u00adment au peuple magyar, mais aux peuples voi\u00adsins slo\u00advaques, croates, serbes, rou\u00admains, ukrai\u00adniens (et la der\u00adni\u00e8re pous\u00ads\u00e9e imp\u00e9\u00adria\u00adliste n\u2019a recu\u00adl\u00e9 qu\u2019en 1945). Et pour\u00adtant chaque fois qu\u2019il fut mena\u00adc\u00e9 par un imp\u00e9\u00adria\u00adlisme plus puis\u00adsant la seule res\u00adsource fut de faire appel aux pay\u00adsans et de leur pro\u00admettre la terre et la liber\u00adt\u00e9&nbsp;: contre les Turcs au XVe comme contre les Autri\u00adchiens et la Contre R\u00e9forme Catho\u00adlique au XVII et XVIIIe. Sous tous les r\u00e9gimes, celui r\u00e9vo\u00adlu\u00adtion\u00adnaire et lib\u00e9\u00adral de 1848, celui du com\u00adpro\u00admis de 1867 avec l\u2019Au\u00adtriche, comme celui de Hor\u00adthy de 1919 \u00e0 1945, l\u2019\u00c9\u00adtat Hon\u00adgrois se d\u00e9fen\u00addit avec achar\u00adne\u00adment contre le par\u00adtage des terres et essaya de d\u00e9tour\u00adner l\u2019at\u00adten\u00adtion de l\u2019\u00c9\u00adglise et de la Noblesse en exci\u00adtant un natio\u00adna\u00adlisme magyar contre les peuples oppri\u00adm\u00e9s slaves et rou\u00admains. Et tou\u00adjours les \u00c9v\u00eaques et les Magnats conser\u00advaient leurs pro\u00adpri\u00e9\u00adt\u00e9s gigan\u00adtesques et leur toute-puis\u00adsance. C\u2019est avec les d\u00e9faites cons\u00e9\u00adcu\u00adtives aux 2 guerres mon\u00addiales que l\u2019\u00c9\u00adtat hon\u00adgrois d\u00fb, c\u00e9der. Deux fois r\u00e9p\u00e9\u00adtant et ampli\u00adfiant l\u2019ex\u00adp\u00e9\u00adrience de 1848, les pay\u00adsans d\u2019eux-m\u00eames s\u2019empar\u00e8rent des terres qu\u2019ils culti\u00advaient pour les autres. La r\u00e9pu\u00adblique des Conseils prit la t\u00eate du mou\u00adve\u00adment. La res\u00adtau\u00adra\u00adtion hor\u00adthyste \u00e0 la dif\u00adf\u00e9\u00adrence de 1848 ne put reprendre tout et les lois de 1920\u200a\u2013\u200a24 lais\u00ads\u00e8rent aux pay\u00adsans 570.000 ha pris. Et en 1945\u200a\u2013\u200a49 d\u2019autres lois aban\u00addon\u00adn\u00e8rent le reste&nbsp;: 1857900 ha. Pour les m\u00eames rai\u00adsons (parce que les pay\u00adsans s\u2019en empa\u00adraient) et dans le m\u00eame but (d\u00e9vier le mou\u00adve\u00adment en cr\u00e9ant une classe de petits pro\u00adpri\u00e9\u00adtaires \u00e0 courte vue, tri\u00adbu\u00adtaires de l\u2019\u00c9\u00adtat, inca\u00adpables de moder\u00adni\u00adser l\u2019a\u00adgri\u00adcul\u00adture et divi\u00adsant le paysannat).<\/p>\n<h2>L\u2019anarchisme en Hongrie et la tradition des conseils<\/h2>\n<p>Le mou\u00adve\u00adment agraire hon\u00adgrois fut gran\u00adde\u00adment mar\u00adqu\u00e9 par les id\u00e9es liber\u00adtaires. L\u2019a\u00adnar\u00adchisme trou\u00adva un ter\u00adrain favo\u00adrable par\u00admi cette masse pay\u00adsanne aux prises depuis des temps imm\u00e9\u00admo\u00adriaux avec les grands sei\u00adgneurs \u00e9pis\u00adco\u00adpaux et la\u00efcs (comme en Espagne) et sur\u00adtout par\u00admi les adver\u00adsaires les plus d\u00e9cla\u00adr\u00e9s de l\u2019op\u00adpres\u00adsion&nbsp;: les pay\u00adsans \u00e9ga\u00adli\u00adtaires et com\u00admu\u00adnau\u00adtaires de ces sectes anti\u00ad\u00e9ta\u00adtistes et anti\u00adcl\u00e9\u00adri\u00adcales sur\u00advi\u00advant \u00e0 tra\u00advers des si\u00e8cles de per\u00ads\u00e9\u00adcu\u00adtions. C\u2019\u00e9\u00adtaient en Hon\u00adgrie les Naza\u00adr\u00e9ens, h\u00e9ri\u00adtiers de la tra\u00addi\u00adtion liber\u00adtaire bogo\u00admile et parents des Dou\u00adkho\u00adbores orien\u00adtaux comme de cer\u00adtains ana\u00adbap\u00adtistes occi\u00adden\u00adtaux. Un souffle nou\u00adveau \u00e0 la fin du XIX<sup>e<\/sup> si\u00e8cle leur fut insuf\u00adfl\u00e9 par l\u2019a\u00adnar\u00adchisme de Tol\u00adsto\u00ef. Naza\u00adr\u00e9ens et tol\u00adsto\u00efens se retrou\u00adv\u00e8rent \u00e0 toutes les \u00e9tapes de l\u2019or\u00adga\u00adni\u00adsa\u00adtion pay\u00adsanne&nbsp;: syn\u00addi\u00adcats pay\u00adsans et gr\u00e8ves de mois\u00adson\u00adneurs, en 1897 comme en 1905. En 1918\u200a\u2013\u200a19 ils furent les plus d\u00e9ci\u00add\u00e9s pro\u00adpa\u00adga\u00adteurs de la r\u00e9vo\u00adlu\u00adtion dans les cam\u00adpagnes. Les cou\u00adrants occi\u00adden\u00adtaux de l\u2019a\u00adnar\u00adchisme-com\u00admu\u00adnisme (Csiz\u00adma\u00addia), l\u2019in\u00adfluence de Kro\u00adpot\u00adkine (E. Bat\u00adthya\u00adni), le syn\u00addi\u00adca\u00adlisme liber\u00adtaire (Ervin Sza\u00adbo) gagn\u00e8rent \u00e0 leur tour la Hon\u00adgrie. Les orga\u00adni\u00adsa\u00adtions de masse d\u2019ins\u00adpi\u00adra\u00adtion liber\u00adtaire et la presse anar\u00adchiste se mani\u00adfes\u00adt\u00e8rent dans la lutte de classe avec tant de vigueur et d\u2019ef\u00adfi\u00adca\u00adci\u00adt\u00e9 que l\u2019\u00c9\u00adtat hon\u00adgrois d\u00fbt voter lui aus\u00adsi ses \u00ab&nbsp;lois sc\u00e9\u00adl\u00e9\u00adrates&nbsp;\u00bb en 1898. (contre l\u2019Al\u00adliance Pay\u00adsanne de E. Var\u00adko\u00adnyi orga\u00adni\u00adsa\u00adteur des gr\u00e8ves de 1897 avec le tol\u00adsto\u00efen Schmidt). En 1907, l\u2019a\u00adnar\u00adchiste Csiz\u00adma\u00addia, auteur de cette Mar\u00adseillaise des tra\u00advailleurs, chant des r\u00e9vo\u00adlu\u00adtions de 1918\u200a\u2013\u200a19 et de 1956, se trou\u00advait \u00e0 la t\u00eate de syn\u00addi\u00adcats grou\u00adpant 75.000 sala\u00adri\u00e9s agri\u00adcoles (300.000 dans les syn\u00addi\u00adcats offi\u00adciels de 1955). Depuis 1900 les cercles gnos\u00adtiques orga\u00adni\u00ads\u00e9s par E. Schmidt s\u2019\u00e9\u00adtaient mul\u00adti\u00adpli\u00e9s par\u00admi les Naza\u00adr\u00e9ens et d\u00e9ve\u00adlop\u00adpaient une impla\u00adcable hos\u00adti\u00adli\u00adt\u00e9 \u00e0 l\u2019\u00c9\u00adglise et au r\u00e9gime social qu\u2019elle incarne. Et apr\u00e8s la d\u00e9faite de 1919 c\u2019est dans ces cercles que se regrou\u00adp\u00e8rent ill\u00e9\u00adga\u00adle\u00adment les libertaires.&nbsp;<\/p>\n<p>L\u2019ac\u00adtion anar\u00adchiste agraire s\u2019ac\u00adcom\u00adpa\u00adgna d\u2019une action ouvri\u00e8re&nbsp;; les deux se pro\u00adlon\u00adgeant par la lutte anti\u00admi\u00adli\u00adta\u00adriste dans l\u2019ar\u00adm\u00e9e, la marine et les arse\u00adnaux. Cette der\u00adni\u00e8re action culmi\u00adna avec les muti\u00adne\u00adries des marins dal\u00admates et des ouvriers des bares de Pula et de Koror, en 1918, contre les\u00adquelles Hor\u00adthy gagna ses plus hauts grades en f\u00e9vrier mais qui furent fina\u00adle\u00adment vic\u00adto\u00adrieuses en octobre et o\u00f9 s\u2019\u00e9\u00adtaient signa\u00adl\u00e9s les anar\u00adchistes hon\u00adgrois (Orvin, Cser\u00adny,&nbsp;etc.).<\/p>\n<p>Les anar\u00adchistes hon\u00adgrois avaient fon\u00add\u00e9, sur les conclu\u00adsions du Congr\u00e8s anar\u00adchiste inter\u00adna\u00adtio\u00adnal d\u2019Am\u00adster\u00addam, 1907, cette m\u00eame ann\u00e9e, l\u2019u\u00adnion des socia\u00adlistes r\u00e9volutionnaires.&nbsp;<\/p>\n<p>Leur influence fut d\u00e9ci\u00adsive dans le cercle Gali\u00adl\u00e9e (auquel F. Fej\u00adto, dans la Tra\u00adg\u00e9\u00addie hon\u00adgroise, ne fait qu\u2019une allu\u00adsion ambi\u00adgu\u00eb, p. 227) grou\u00adpant comme le cercle Pet\u00f6\u00adfi en 1956 les intel\u00adlec\u00adtuels et uni\u00adver\u00adsi\u00adtaires d\u2019a\u00advant-garde. C\u2019est par\u00admi les \u00ab&nbsp;Gali\u00adl\u00e9ens&nbsp;\u00bb que se for\u00adma le pre\u00admier embryon du Par\u00adti Com\u00admu\u00adniste hon\u00adgrois, com\u00adpo\u00ads\u00e9 \u00e0 l\u2019o\u00adri\u00adgine d\u2019a\u00adnar\u00adchistes plus que de mar\u00adxistes. L\u2019in\u00adfluence anar\u00adchiste sur le com\u00admu\u00adnisme hon\u00adgrois don\u00adna \u00e0 celui-ci en 1919 un aspect doc\u00adtri\u00adnal fort dif\u00adf\u00e9\u00adrent du bol\u00adche\u00advisme russe. Oppo\u00ads\u00e9s \u00e0 l\u2019\u00c9\u00adta\u00adti\u00adsa\u00adtion, les anar\u00adchistes firent pr\u00e9\u00adva\u00adloir dans la doc\u00adtrine et dans les faits une forme de socia\u00adli\u00adsa\u00adtion des moyens de pro\u00adduc\u00adtion plus liber\u00adtaire&nbsp;: la com\u00admu\u00adna\u00adli\u00adsa\u00adtion et une forme de d\u00e9mo\u00adcra\u00adtie ouvri\u00e8re plus pro\u00adfonde et plus construc\u00adtive&nbsp;; celle des Conseils (Soviets) et non celle du&nbsp;Parti.&nbsp;<\/p>\n<p>Le non-confor\u00admisme \u00e0 l\u2019\u00e9\u00adgard du l\u00e9ni\u00adnisme du com\u00admu\u00adnisme hon\u00adgrois mar\u00adqua, pour long\u00adtemps les futurs com\u00admu\u00adnistes qu\u2019al\u00adlaient \u00eatre une anar\u00adchiste comme l\u2019es\u00adth\u00e8te Lukacs et un mar\u00adxiste comme l\u2019\u00e9\u00adco\u00adno\u00admiste Var\u00adga par exemple. Le carac\u00adt\u00e8re anti-auto\u00adri\u00adtaire du mou\u00adve\u00adment ouvrier et pay\u00adsan ne fut pas d\u00e9fi\u00adgu\u00adr\u00e9 aus\u00adsi rapi\u00adde\u00adment et r\u00e9so\u00adlu\u00adment qu\u2019en Rus\u00adsie et les tra\u00advailleurs purent prou\u00adver au moins \u00e0 deux reprises en 1919 comme en 1956 que des formes d\u2019au\u00adto-orga\u00adni\u00adsa\u00adtion fon\u00add\u00e9es sur les Conseils \u00e9taient non seule\u00adment vivaces mais infi\u00adni\u00adment plus socia\u00adlistes que n\u2019im\u00adporte quel&nbsp;\u00c9tat.&nbsp;<\/p>\n<p>L\u2019of\u00adfen\u00adsive contre le r\u00e9gime capi\u00adta\u00adliste hon\u00adgrois com\u00admen\u00ad\u00e7ait d\u00e8s 1918 sur l\u2019ins\u00adti\u00adga\u00adtion des anar\u00adchistes par la gr\u00e8ve des loyers et \u00e0 la cam\u00adpagne par la des\u00adtruc\u00adtion des actes nota\u00adri\u00e9s. Les sociaux-d\u00e9mo\u00adcrates se firent les avo\u00adcats des pro\u00adpri\u00e9\u00adtaires sauf les n\u00e9o-com\u00admu\u00adnistes qui joints aux anars for\u00adm\u00e8rent le PC. Cette gr\u00e8ve ouvrait la voie \u00e0 l\u2019ex\u00adpro\u00adpria\u00adtion et \u00e0 la com\u00admu\u00adna\u00adli\u00adsa\u00adtion des habi\u00adta\u00adtions qui accom\u00adpa\u00adgna la gr\u00e8ve r\u00e9vo\u00adlu\u00adtion\u00adnaire o\u00f9 les ouvriers s\u2019empar\u00e8rent des usines et les pay\u00adsans des terres. Com\u00admu\u00adna\u00adli\u00adsa\u00adtion des habi\u00adta\u00adtions, des maga\u00adsins, des usines, des terres, g\u00e9r\u00e9es par des conseils (soviets) d\u2019ex\u00adploi\u00adta\u00adtion tel est le fon\u00adde\u00adment de cette r\u00e9vo\u00adlu\u00adtion qui de mars \u00e0 ao\u00fbt 1919 reste un exemple pour le&nbsp;monde.&nbsp;<\/p>\n<p>Les conseils et com\u00admunes r\u00e9vo\u00adlu\u00adtion\u00adnaires s\u2019\u00e9\u00adtaient reli\u00e9s les uns aux autres et par des Conseils locaux et r\u00e9gio\u00adnaux ayant abou\u00adti \u00e0 consti\u00adtuer un organe cen\u00adtral (le Congr\u00e8s Natio\u00adnal des Conseils et le Conseil Cen\u00adtral ex\u00e9\u00adcu\u00adtif, les com\u00admis\u00adsa\u00adriats, etc.) se pesa pour les anar\u00adchistes la ques\u00adtion de la par\u00adti\u00adci\u00adpa\u00adtion au nou\u00adveau pou\u00advoir. Comme au cours de la r\u00e9vo\u00adlu\u00adtion espa\u00adgnole la scis\u00adsion s\u2019en\u00adsui\u00advit entre par\u00adti\u00adci\u00adpa\u00adtion\u00adnistes et non-par\u00adti\u00adci\u00adpa\u00adtion\u00adnistes. Ces der\u00adniers quit\u00adt\u00e8rent le PC et fon\u00add\u00e8rent l\u2019U\u00adnion Anar\u00adchiste qui res\u00adta la seule orga\u00adni\u00adsa\u00adtion poli\u00adtique auto\u00adnome face au PC (deve\u00adnu Par\u00adti Socia\u00adliste Uni\u00adfi\u00e9 par l\u2019ad\u00adjonc\u00adtion des Socia\u00adlistes de gauche puis Union des Com\u00admu\u00adnistes par adh\u00e9\u00adsion \u00e0 l\u2019i\u00add\u00e9o\u00adlo\u00adgie des Conseils). Par\u00admi les par\u00adti\u00adci\u00adpa\u00adtion\u00adnistes, l\u2019a\u00adnar\u00adchiste Sza\u00admuel\u00adly secon\u00add\u00e9 par l\u2019a\u00adnar\u00adchiste Cor\u00advin, se vit pla\u00adc\u00e9 \u00e0 la t\u00eate de la r\u00e9pres\u00adsion des men\u00e9es contre-r\u00e9vo\u00adlu\u00adtion\u00adnaires et devint le Djerd\u00adjins\u00adky hon\u00adgrois, l\u2019a\u00adnar\u00adchiste et Gali\u00adl\u00e9en Lukacs res\u00adta \u00e0 l\u2019ins\u00adtruc\u00adtion publique et le tol\u00adsto\u00efen Hau\u00adbrich com\u00adman\u00addant des troupes de Buda\u00adpest&nbsp;; seul l\u2019a\u00adnar\u00adchiste Csiz\u00adma\u00addia finit par quit\u00adter le poste de com\u00admis\u00adsaire \u00e0 l\u2019a\u00adgri\u00adcul\u00adture apr\u00e8s tou\u00adte\u00adfois avoir fait adop\u00adter le point de vue liber\u00adtaire en ce qui concerne l\u2019or\u00adga\u00adni\u00adsa\u00adtion agraire.&nbsp;<\/p>\n<p>Contrai\u00adre\u00adment au l\u00e9ni\u00adnisme ins\u00adti\u00adga\u00adteur du par\u00adtage des terres et de toute pro\u00adpri\u00e9\u00adt\u00e9 et de l\u2019au\u00adto\u00adri\u00adsa\u00adtion du louer la main d\u2019\u0153uvre qui cr\u00e9e une moyenne pro\u00adpri\u00e9\u00adt\u00e9 (kou\u00adlaks) accom\u00adpa\u00adgn\u00e9e d\u2019une pro\u00adl\u00e9\u00adta\u00adri\u00adsa\u00adtion des pay\u00adsans pauvres, le com\u00admu\u00adnisme hon\u00adgrois fit pr\u00e9\u00adva\u00adloir une exploi\u00adta\u00adtion col\u00adlec\u00adtive dans le cadre com\u00admu\u00adnal g\u00e9r\u00e9 par les conseils syn\u00addi\u00adcaux pay\u00adsans. Aus\u00adsi \u00e9loi\u00adgn\u00e9e de la pro\u00adpri\u00e9\u00adt\u00e9 pri\u00adv\u00e9e que de l\u2019\u00e9\u00adta\u00adti\u00adsa\u00adtion, cette solu\u00adtion entra\u00ee\u00adna les pay\u00adsans sur une voie qui ne menait \u00e0 la cr\u00e9a\u00adtion ni d\u2019une bour\u00adgeoi\u00adsie fon\u00adci\u00e8re ni d\u2019une bureau\u00adcra\u00adtie d\u2019\u00e9\u00adtat, mais \u00e0 une auto orga\u00adni\u00adsa\u00adtion du pay\u00adsan\u00adnat capable de le mettre sur un pied d\u2019en\u00adtraide et de rap\u00adports \u00e9ga\u00adli\u00adtaires avec le pro\u00adl\u00e9\u00adta\u00adriat urbain lui-m\u00eame orga\u00adnise en&nbsp;corps.&nbsp;<\/p>\n<p>Par contre sur le plan indus\u00adtriel le mar\u00adxiste Var\u00adga cru devoir d\u00e9cla\u00adrer les ouvriers non encore m\u00fbrs pour \u00ab&nbsp;le v\u00e9ri\u00adtable com\u00admu\u00adnisme fra\u00adter\u00adnel et liber\u00adtaire&nbsp;\u00bb et se fit l\u2019ar\u00adti\u00adsan d\u2019un com\u00admu\u00adnisme auto\u00adri\u00adtaire fon\u00add\u00e9 sur le tra\u00advail aux pi\u00e8ces, les m\u00e9thodes coer\u00adci\u00adtives, et des com\u00admis\u00adsaires nomm\u00e9s.&nbsp;<\/p>\n<p>La lutte au sein de la Com\u00admune des Conseils Hon\u00adgrois entre les deux concep\u00adtions col\u00adlec\u00adti\u00advistes, l\u2019une liber\u00adtaire, anar\u00adcho-syn\u00addi\u00adca\u00adliste, coop\u00e9\u00adra\u00adtive, tol\u00adsto\u00efenne, etc., l\u2019autre auto\u00adri\u00adtaire \u00e9ta\u00adtiste, mar\u00adxiste, annon\u00ad\u00e7ait enti\u00e8\u00adre\u00adment les d\u00e9bats de la r\u00e9vo\u00adlu\u00adtion espa\u00adgnole. Et comme elle, la r\u00e9vo\u00adlu\u00adtion hon\u00adgroise fut \u00e9cra\u00ads\u00e9e par le capi\u00adta\u00adlisme inter\u00adna\u00adtio\u00adnal (en l\u2019es\u00adp\u00e8ce l\u2019ar\u00adm\u00e9e fran\u00ad\u00e7aise de Fran\u00adchet d\u2019Es\u00adpe\u00adrey) aid\u00e9 par les san\u00adglantes pitre\u00adries diplo\u00adma\u00adtiques et mili\u00adtaires des chefs \u00ab&nbsp;r\u00e9vo\u00adlu\u00adtion\u00adnaires&nbsp;\u00bb (Bela Kun, B\u00f6hm\u2026) et l\u2019i\u00adnac\u00adtion du pro\u00adl\u00e9\u00adta\u00adriat europ\u00e9en.&nbsp;<\/p>\n<p>Sur les ruines de la r\u00e9vo\u00adlu\u00adtion s\u2019ins\u00adtal\u00adla ain\u00adsi le r\u00e8gne de l\u2019\u00c9\u00adglise, des mili\u00adtaires, des gros pro\u00adpri\u00e9\u00adtaires et des indus\u00adtriels jus\u00adqu\u2019\u00e0 la m\u00eame royau\u00adt\u00e9 sans roi mais avec un sabre. Plus solide cepen\u00addant que le r\u00e9gime fran\u00adquiste celui de Hor\u00adthy put pen\u00addant 25 ans se payer le luxe d\u2019un sys\u00adt\u00e8me par\u00adle\u00admen\u00adtaire avec plu\u00adsieurs par\u00adtis, crises minis\u00adt\u00e9\u00adrielles et chefs de gou\u00adver\u00adne\u00adment dont beau\u00adcoup n\u2019\u00e9\u00adtaient gu\u00e8re plus auto\u00adri\u00adtaires qu\u2019un quel\u00adconque Mol\u00adlet. Ce n\u2019est qu\u2019en 1944, les troupes hit\u00adl\u00e9\u00adriennes ayant occu\u00adp\u00e9 le pays, que s\u2019ins\u00adtalle le fas\u00adcisme des croix fl\u00e9ch\u00e9es.&nbsp;<\/p>\n<h2>La lutte des classes en r\u00e9gime marxiste<\/h2>\n<p>1945&nbsp;: un imp\u00e9\u00adria\u00adlisme chas\u00adsa l\u2019autre, les Russes rem\u00adplacent les Alle\u00admands, ils ame\u00adn\u00e8rent leurs propres quis\u00adlings. La contre-r\u00e9vo\u00adlu\u00adtion sta\u00adli\u00adnienne a pour pre\u00admier but d\u2019an\u00adni\u00adhi\u00adler tout mou\u00adve\u00adment du pro\u00adl\u00e9\u00adta\u00adriat. Le col\u00adlec\u00adti\u00advisme agraire reste pros\u00adcrit, les indus\u00adtriels sont r\u00e9in\u00adt\u00e9\u00adgr\u00e9s dans leurs bureaux, les par\u00adtis bour\u00adgeois ins\u00adtal\u00adl\u00e9s au pouvoir.<\/p>\n<p>La lutte prin\u00adci\u00adpale se livre entre l\u2019\u00c9\u00adglise qui depuis 1000 ans opprime le pays et la nou\u00advelle \u00c9glise, le PC impor\u00adt\u00e9 de Rus\u00adsie. Bien qu\u2019in\u00adfi\u00adni\u00adment plus faible en nombre, celui-ci d\u00e9loge sa rivale de tous les postes d\u2019\u00c9\u00adtat. C\u2019est le type m\u00eame de ces r\u00e9vo\u00adlu\u00adtions par en haut. Bien\u00adt\u00f4t l\u2019\u00c9\u00adtat chr\u00e9\u00adtien fon\u00add\u00e9 sur l\u2019\u00c9\u00adglise, l\u2019Ar\u00adm\u00e9e, la Police, le Capi\u00adtal pri\u00adv\u00e9, la grande pro\u00adpri\u00e9\u00adt\u00e9 impro\u00adduc\u00adtive, le sala\u00adriat indus\u00adtriel et agri\u00adcole, la petite pro\u00adpri\u00e9\u00adt\u00e9 impro\u00adduc\u00adtive, le capi\u00adtal inter\u00adna\u00adtio\u00adnal, la faim et la peur ont fait place \u00e0 un \u00c9tat mar\u00adxiste fon\u00add\u00e9 sur le Par\u00adti, l\u2019Ar\u00adm\u00e9e, la Police, le Capi\u00adtal d\u2019\u00c9\u00adtat, les fermes d\u2019\u00c9\u00adtat, le sala\u00adriat indus\u00adtriel et agri\u00adcole, la petite pro\u00adpri\u00e9\u00adt\u00e9 impro\u00adduc\u00adtive, le Com\u00admu\u00adnisme inter\u00adna\u00adtio\u00adnal, la faim et la peur. Pour conso\u00adli\u00adder la com\u00admu\u00adnau\u00adt\u00e9 de grands pro\u00adc\u00e8s d\u2019exor\u00adcisme bien dans la tra\u00addi\u00adtion, frappent les h\u00e9r\u00e9\u00adtiques. Le monde s\u2019a\u00advance d\u2019un m\u00eame pas vers le Paradis.&nbsp;<\/p>\n<p>Le per\u00adson\u00adnel de l\u2019\u00c9\u00adtat s\u2019est l\u00e9g\u00e8\u00adre\u00adment renou\u00adve\u00adl\u00e9, \u00e9pu\u00adr\u00e9, les membres de la petite caste diri\u00adgeante ont chan\u00adg\u00e9 mais la caste est tou\u00adjours l\u00e0 \u00e0 la m\u00eame place, comme toute la hi\u00e9\u00adrar\u00adchie dans la m\u00eame dis\u00adci\u00adpline mili\u00adtaire de d\u00e9voue\u00adront \u00e0 l\u2019\u00c9\u00adtat. Les \u00ab&nbsp;\u00e9l\u00e9\u00adments fas\u00adcistes&nbsp;\u00bb sont dans l\u2019ap\u00adpa\u00adreil nour\u00adris d\u2019o\u00adb\u00e9is\u00adsance, de com\u00adman\u00adde\u00adment, d\u2019am\u00adbi\u00adtion, de domi\u00adna\u00adtion, d\u2019au\u00adto\u00adri\u00adt\u00e9, d\u2019or\u00adgueil, de patrio\u00adtisme, d\u2019in\u00adt\u00e9\u00adr\u00eats sup\u00e9\u00adrieurs, de rai\u00adson d\u2019\u00c9\u00adtat, de secret d\u2019\u00c9\u00adtat, d\u2019i\u00adgno\u00adrance d\u2019\u00c9tat.&nbsp;<\/p>\n<p>Leur fai\u00adblesse est qu\u2019ils sont trop peu \u00e0 man\u00adger le fro\u00admage d\u2019\u00c9\u00adtat, qu\u2019ils doivent en lais\u00adser le meilleur \u00e0 la puis\u00adsance tut\u00e9\u00adlaire russe et que \u00e7a se voit. Mal\u00adgr\u00e9 l\u2019es\u00adsor de la pro\u00adduc\u00adtion le gas\u00adpillage d\u00fb \u00e0 l\u2019i\u00adner\u00adtie bureau\u00adcra\u00adtique arrive \u00e0 d\u00e9pas\u00adser celui qui \u00e9tait d\u00fb \u00e0 la concur\u00adrence capi\u00adta\u00adliste. Le g\u00e2chis est encore plus criant, car il n\u2019y a pas corps, ces classes, ces forces inter\u00adm\u00e9\u00addiaires entre le pou\u00advoir et le peuple que la bour\u00adgeoi\u00adsie a mis tant de temps \u00e0 cr\u00e9er comme autant de cous\u00adsins, d\u2019a\u00admor\u00adtis\u00adseurs. Le r\u00e9gime est faible car il n\u2019a pas lais\u00ads\u00e9 place \u00e0 la cri\u00adtique et que sa savante hi\u00e9\u00adrar\u00adchie sociale ne cause pas une divi\u00adsion gran\u00addis\u00adsante entre les \u00ab&nbsp;diri\u00adgeants&nbsp;\u00bb (Kroucht\u00adchev a tou\u00adjours ce mot \u00e0 la bouche), cette classe qui se fond \u00e0 l\u2019\u00c9\u00adtat, et le peuple, le pay\u00adsan\u00adnat, la classe ouvri\u00e8re et l\u2019intelligentsia.&nbsp;<\/p>\n<p>La force r\u00e9vo\u00adlu\u00adtion\u00adnaire en 1956 a mon\u00adtr\u00e9 com\u00adment les tra\u00advailleurs pou\u00advaient recou\u00adrir contre l\u2019\u00c9\u00adtat \u00e0 des formes de lutte tota\u00adle\u00adment a\u2011\u00e9tatiques renou\u00adve\u00adl\u00e9es de 1919 et que face \u00e0 la gr\u00e8ve g\u00e9n\u00e9\u00adrale insur\u00adrec\u00adtion\u00adnelle le Pou\u00advoir est vid\u00e9 de toute sub\u00adstance et ne r\u00e9siste pas \u00e0 l\u2019at\u00adtaque. Avec la des\u00adtruc\u00adtion du Pou\u00advoir d\u2019\u00c9\u00adtat, les tra\u00advailleurs ont imm\u00e9\u00addia\u00adte\u00adment prou\u00adv\u00e9 leur conscience sociale et leur com\u00adp\u00e9\u00adtence \u00e9co\u00adno\u00admique en pre\u00adnant en main la pro\u00adduc\u00adtion. L\u2019i\u00adna\u00adni\u00adt\u00e9 tech\u00adnique, la noci\u00advi\u00adt\u00e9 en fait d\u2019or\u00adga\u00adni\u00adsa\u00adtion des par\u00adtis poli\u00adtiques est une fois de plus d\u00e9mon\u00adtr\u00e9e. Le r\u00e9gime des Conseils rem\u00adplace l\u2019\u00c9\u00adtat alors que tout par\u00adti poli\u00adtique vise n\u00e9ces\u00adsai\u00adre\u00adment \u00e0 d\u00e9fendre ou \u00e0 res\u00adtau\u00adrer l\u2019\u00c9tat.<\/p>\n<p>Le par\u00adti est cr\u00e9\u00e9 en fonc\u00adtion du pou\u00advoir et tend natu\u00adrel\u00adle\u00adment \u00e0 se l\u2019ap\u00adpro\u00adprier, \u00e0 le mono\u00adpo\u00adli\u00adser, \u00e0 le d\u00e9ve\u00adlop\u00adper&nbsp;: apr\u00e8s 1917 en Rus\u00adsie le par\u00adti s\u2019est pro\u00adgres\u00adsi\u00adve\u00adment appro\u00adpri\u00e9 l\u2019\u00c9\u00adtat et a d\u00e9pos\u00ads\u00e9\u00add\u00e9 les Soviets de toute action. En Espagne \u00e0 par\u00adtir de 1937, le m\u00eame pro\u00adces\u00adsus recom\u00admence, \u00c9tat et Soviet sont incom\u00adpa\u00adtibles et s\u2019ex\u00adcluent. Aujourd\u2019\u00adhui heu\u00adreu\u00adse\u00adment aucun par\u00adti n\u2019\u00e9\u00adtait du c\u00f4t\u00e9 de la r\u00e9vo\u00adlu\u00adtion. L\u2019\u00c9\u00adtat hon\u00adgrois dis\u00adpa\u00adrut, mais l\u2019\u00c9\u00adtat russe \u00e9tait l\u00e0. Cet \u00c9tat suze\u00adrain et sur\u00adtout l\u2019Ar\u00adm\u00e9e qui y joue un r\u00f4le poli\u00adtique de tout pre\u00admier plan ne pou\u00advait tol\u00e9\u00adrer une br\u00e8che dans le dis\u00adpo\u00adsi\u00adtif stra\u00adt\u00e9\u00adgique d\u00e9fen\u00adsif et offen\u00adsif du gla\u00adcis. Mais les imp\u00e9\u00adra\u00adtifs de l\u2019im\u00adp\u00e9\u00adria\u00adlisme russe ne sont pas seule\u00adment mili\u00adtaires mais aus\u00adsi \u00e9conomiques.&nbsp;<\/p>\n<h2>Le colonialisme \u00e9conomique et les rapports entre les \u00ab&nbsp;\u00c9tats socialistes&nbsp;\u00bb<\/h2>\n<p>On a par\u00adl\u00e9 de tout, aus\u00adsi bien dans la presse bour\u00adgeoise que \u00ab&nbsp;com\u00admu\u00adniste&nbsp;\u00bb, sauf du c\u00f4t\u00e9 \u00e9co\u00adno\u00admique de l\u2019\u00ab&nbsp;affaire hon\u00adgroise&nbsp;\u00bb (cer\u00adtaine presse \u00ab&nbsp;anar&nbsp;\u00bb n\u2019a pas fait mieux, le mot \u00e9co\u00adno\u00admie \u00e9tant comme tout le monde\u2026 liber\u00adtaire le sait, fort sus\u00adpect de d\u00e9via\u00adtions contre \u00ab&nbsp;la liber\u00adt\u00e9&nbsp;\u00bb). Pour\u00adtant, les rap\u00adports \u00e9co\u00adno\u00admiques entre les d\u00e9mo\u00adcra\u00adties popu\u00adlaires et l\u2019URSS ob\u00e9issent aux condi\u00adtions tout \u00e0 fait iden\u00adtiques \u00e0 celles du mar\u00adch\u00e9 capi\u00adta\u00adliste mon\u00addial. Les cons\u00e9\u00adquences de ces rap\u00adports sont donc les m\u00eames qu\u2019entre pays capi\u00adta\u00adlistes. Dans l\u2019\u00e9\u00adta\u00adblis\u00adse\u00adment du taux de pro\u00adfit mon\u00addial moyen, la loi de la valeur conduit \u00e0 l\u2019ex\u00adploi\u00adta\u00adtion des \u00e9tats sous-d\u00e9ve\u00adlop\u00adp\u00e9s par les \u00e9tats plus puis\u00adsants et plus \u00e9vo\u00adlu\u00e9s. Ce n\u2019est pas seule\u00adment le tra\u00advail qui est exploi\u00adt\u00e9 par le capi\u00adtal mais \u00e9ga\u00adle\u00adment cer\u00adtaines branches arri\u00e9\u00adr\u00e9es de la pro\u00adduc\u00adtion sont exploi\u00adt\u00e9es par cer\u00adtaines branches plus \u00e9vo\u00adlu\u00e9es. De m\u00eame dans l\u2019\u00e9\u00adco\u00adno\u00admie mon\u00addiale qui est capi\u00adta\u00adliste les \u00c9tats, exploi\u00adteurs en soi, sont divi\u00ads\u00e9s quand m\u00eame en deux groupes d\u2019\u00c9\u00adtats, ceux qui se placent au des\u00adsus de la moyenne gr\u00e2ce \u00e0 leur d\u00e9ve\u00adlop\u00adpe\u00adment \u00e9co\u00adno\u00admique et tech\u00adno\u00adlo\u00adgique, et ceux qui, plus arri\u00e9\u00adr\u00e9s, sont exploi\u00adt\u00e9s et main\u00adte\u00adnu fer\u00adme\u00adment dans cette situa\u00adtion inf\u00e9rieure.<\/p>\n<p>La Hon\u00adgrie, comme les autres \u00ab&nbsp;d\u00e9mo\u00adcra\u00adties popu\u00adlaires&nbsp;\u00bb est regar\u00add\u00e9e avant tout par l\u2019URSS comme un pays four\u00adnis\u00adseur de mati\u00e8res pre\u00admi\u00e8res. \u00c0 l\u2019in\u00adt\u00e9\u00adrieur du pr\u00e9\u00adten\u00addu bloc socia\u00adliste il y a donc un pays plus d\u00e9ve\u00adlop\u00adp\u00e9 et plus puis\u00adsant que les autres qui laisse \u00e0 ceux-ci le r\u00f4le que la France, les USA ou l\u2019An\u00adgle\u00adterre laissent aux autres pays de leurs propres zones franc, dol\u00adlar ou ster\u00adling, dans leurs Empires fon\u00add\u00e9s sur le vieux pacte colo\u00adnial. C\u2019est, pour ces der\u00adniers, une situa\u00adtion iden\u00adtique \u00e0 celle qu\u2019oc\u00adcupe \u00e0 l\u2019\u00e9\u00adgard de ses concur\u00adrents un indus\u00adtriel ne dis\u00adpo\u00adsant que des moyens de pro\u00adduc\u00adtion limi\u00adt\u00e9s ou arri\u00e9r\u00e9s.&nbsp;<\/p>\n<p>\u00ab&nbsp;Le pays favo\u00adri\u00ads\u00e9 re\u00e7oit plus de tra\u00advail, en \u00e9change de moins de tra\u00advail&nbsp;\u00bb (Marx, le Capital)<\/p>\n<p>La Hon\u00adgrie exporte prin\u00adci\u00adpa\u00adle\u00adment des pro\u00adduits agri\u00adcoles et semi-fabri\u00adqu\u00e9s \u00e9la\u00adbo\u00adr\u00e9s au stade inf\u00e9\u00adrieur et importe des pro\u00adduits d\u2019un stade sup\u00e9\u00adrieur de fabrication.&nbsp;<\/p>\n<p>En effet, on s\u2019a\u00adper\u00ad\u00e7oit que, comme le PC you\u00adgo\u00adslave s\u2019en aper\u00ad\u00e7ut avec Dji\u00adlas, \u00ab&nbsp;L\u00e9nine n\u2019a pas pu pr\u00e9\u00advoir jusque dans les petits d\u00e9tails toutes les formes concr\u00e8tes que pren\u00addraient les rap\u00adports entre \u00e9tats socia\u00adlistes.&nbsp;\u00bb Et le m\u00eame Dji\u00adlas notait qu\u2019\u00ab&nbsp;il tombe sous le sens que lorsque les com\u00admu\u00adnistes sont au pou\u00advoir dans divers pays, il est risible de pr\u00e9\u00adtendre que les \u00c9tats qu\u2019ils dirigent sont \u00e9gaux en droits si les par\u00adtis (ouvriers) gou\u00adver\u00adnants ne sont pas eux-m\u00eames \u00e9gaux en droits. L\u2019\u00c9\u00adga\u00adli\u00adt\u00e9 de droit des \u00c9tats et des peuples dans le socia\u00adlisme se tra\u00adduit pr\u00e9\u00adci\u00ads\u00e9\u00adment et peut se tra\u00adduire uni\u00adque\u00adment par le fait que les par\u00adtis au pou\u00advoir sont \u00e9gaux d\u2019un \u00c9tat \u00e0 l\u2019autre, que, par exemple, le par\u00adti gou\u00adver\u00adnant d\u2019un \u00c9tat \u2015 sur la base des int\u00e9\u00adr\u00eats du mou\u00adve\u00adment dans son ensemble \u2015 d\u00e9cide libre\u00adment et ind\u00e9\u00adpen\u00addam\u00adment, comme dit L\u00e9nine, sa posi\u00adtion quant aux rap\u00adports de son pays avec les autres pays&nbsp;\u00bb (L\u00e9nine et les rap\u00adports entre \u00c9tats socia\u00adlistes, p.60). <\/p>\n<p>Le mythe de cette \u00e9ga\u00adli\u00adt\u00e9 est suf\u00adfi\u00adsam\u00adment d\u00e9men\u00adti aujourd\u2019\u00adhui, entre Par\u00adtis et \u00c9tats hon\u00adgrois et russe. Il serait fal\u00adla\u00adcieux de croire que l\u2019Ar\u00adm\u00e9e dite rouge soit moins apte qu\u2019une autre \u00e0 effec\u00adtuer la r\u00e9pres\u00adsion comme toute arm\u00e9e elle est faite pour cela&nbsp;: tirer sur le peuple, que ce peuple soit \u00e9tran\u00adger est une rai\u00adson de plus. Les d\u00e9ser\u00adtions mas\u00adsives (sur\u00adtout par\u00admi les divi\u00adsions ukrai\u00adniennes issues d\u2019une r\u00e9gion limi\u00adtrophe de la Hon\u00adgrie et ayant l\u2019ex\u00adp\u00e9\u00adrience de la r\u00e9sis\u00adtance \u00e0 l\u2019op\u00adpres\u00adsion russe) ne dif\u00adf\u00e9\u00adren\u00adcient nul\u00adle\u00adment l\u2019Ar\u00adm\u00e9e inter\u00adven\u00adtion\u00adniste de celle de Fran\u00adchet d\u2019Es\u00adpe\u00adrey quand les d\u00e9ser\u00adtions de fran\u00ad\u00e7ais, s\u00e9n\u00e9\u00adga\u00adlais, rou\u00admains se mul\u00adti\u00adpliaient ain\u00adsi que les muti\u00adne\u00adries des You\u00adgo\u00adslaves. Attri\u00adbuer \u00e0 l\u2019Ar\u00adm\u00e9e russe une ver\u00adtu r\u00e9vo\u00adlu\u00adtion\u00adnaire ori\u00adgi\u00adnale, c\u2019est m\u00e9con\u00adna\u00eetre le ph\u00e9\u00adno\u00adm\u00e8ne g\u00e9n\u00e9\u00adral de l\u2019Ar\u00adm\u00e9e \u2015 corps r\u00e9pres\u00adsif par des\u00adti\u00adna\u00adtion, rem\u00adpart de l\u2019\u00c9\u00adtat et pr\u00e9\u00adfi\u00adgu\u00adra\u00adtion uni\u00adver\u00adselle du tota\u00adli\u00adta\u00adrisme \u2015 c\u2019est tom\u00adber dans le f\u00e9ti\u00adchisme de vieux sym\u00adboles d\u00e9mo\u00adn\u00e9\u00adti\u00ads\u00e9s depuis plus d\u2019un quart de si\u00e8cle. L\u2019Ar\u00adm\u00e9e russe en 1956, comme l\u2019Ar\u00adm\u00e9e fran\u00ad\u00e7aise en 1919, est une machine \u00e0 tuer et \u00e0 d\u00e9por\u00adter les Hon\u00adgrois. C\u2019est tou\u00adjours la Sainte-Alliance des \u00c9tats contre les peuples. En 1956 au nom d\u2019une clause secr\u00e8te du Pacte de Var\u00adso\u00advie entre l\u2019\u00c9\u00adtat hon\u00adgrois et l\u2019\u00c9\u00adtat russe, en 1919 au nom de l\u2019En\u00adtente, en 1848 au nom des accords de Var\u00adso\u00advie entre l\u2019\u00c9\u00adtat des Habs\u00adbourgs et l\u2019\u00c9\u00adtat russe. Les trois r\u00e9vo\u00adlu\u00adtions hon\u00adgroises ont \u00e9t\u00e9 \u00e9touf\u00adf\u00e9es dans leurs limites natio\u00adnales. Le 10 d\u00e9cembre 1956 une radio des tra\u00advailleurs insur\u00adg\u00e9s appe\u00adlait \u00e0 la gr\u00e8ve g\u00e9n\u00e9\u00adrale de soli\u00adda\u00adri\u00adt\u00e9 les tra\u00advailleurs du monde. Cet appel ne semble \u00e0 notre connais\u00adsance avoir \u00e9t\u00e9 enten\u00addu (outre les d\u00e9ma\u00adgogues des syn\u00addi\u00adcats dits libres) que par les ouvriers polo\u00adnais et en par\u00adti\u00adcu\u00adlier ceux des anciennes usines Sta\u00adline foyer de l\u2019in\u00adsur\u00adrec\u00adtion de Poz\u00adnan en juin 1956 \u00e0 qui le gou\u00adver\u00adne\u00adment Gomul\u00adka d\u00e9p\u00ea\u00adcha des \u00e9mis\u00adsaires sp\u00e9\u00adciaux pour les rai\u00adson\u00adner et les faire renon\u00adcer \u00e0 leur menace de&nbsp;gr\u00e8ve.&nbsp;<\/p>\n<p>\u00ab&nbsp;Le pro\u00adl\u00e9\u00adta\u00adriat fran\u00ad\u00e7ais et le pro\u00adl\u00e9\u00adta\u00adriat anglais ne feront rien en faveur du pro\u00adl\u00e9\u00adta\u00adriat espa\u00adgnol. Il est inutile de nous faire des illu\u00adsions. Il serait mal\u00adhon\u00adn\u00eate de nous en faire.&nbsp;\u00bb, \u00e9cri\u00advait Ber\u00adne\u00adri dans <em>Guerre de Classes<\/em> (p.23) avec rai\u00adson \u2015 mal\u00adheu\u00adreu\u00adse\u00adment. L\u2019\u00e9\u00adchec de la r\u00e9vo\u00adlu\u00adtion sociale n\u2019est pas dans la limite des capa\u00adci\u00adt\u00e9s cr\u00e9a\u00adtrices du pro\u00adl\u00e9\u00adta\u00adriat mais dans celle de sa soli\u00adda\u00adri\u00adt\u00e9 effec\u00adtive \u2015 para\u00adly\u00ads\u00e9e par les struc\u00adtures \u00e9ta\u00adtiques. Sur la force de l\u2019ar\u00adm\u00e9e russe, ce ne sont pas seule\u00adment Khroucht\u00adchev et Tito qui ont intro\u00adni\u00ads\u00e9 Kadar comme ils avaient intro\u00adni\u00ads\u00e9 Ger\u00f6 mais bien tous les gou\u00adver\u00adne\u00adments de l\u2019O\u00adNU qui pr\u00e9\u00adf\u00e8rent un gou\u00adver\u00adne\u00adment fan\u00adtoche que d\u2019a\u00advoir en face d\u2019eux \u00ab&nbsp;per\u00adsonne&nbsp;\u00bb. \u00ab&nbsp;Par qui pour\u00adrait-on rem\u00adpla\u00adcer les envoy\u00e9s de M.&nbsp;Kadar&nbsp;?&nbsp;\u00bb deman\u00addait l\u2019\u00e9\u00addi\u00adto\u00adria\u00adliste du <em>Monde<\/em> (7 d\u00e9cembre). \u00c9vi\u00addem\u00adment, on voit mal des envoy\u00e9s des \u00c9tats de l\u2019O\u00adNU adres\u00adser la parole aux conseils ouvriers.<\/p>\n<h2>O\u00f9 est l\u2019Internationale&nbsp;?<\/h2>\n<p>L\u2019\u00e9\u00adchec de la troi\u00adsi\u00e8me r\u00e9vo\u00adlu\u00adtion hon\u00adgroise est celui de toute r\u00e9vo\u00adlu\u00adtion iso\u00adl\u00e9e par son cadre natio\u00adnal. L\u2019Eu\u00adrope est par\u00adta\u00adg\u00e9e entre deux Sainte-Alliance des \u00c9tats, deux imp\u00e9\u00adria\u00adlismes ayant leurs \u00ab&nbsp;chasses gar\u00add\u00e9es&nbsp;\u00bb d\u00e9fi\u00adnies par l\u2019O\u00adTAN et le Pacte de Var\u00adso\u00advie o\u00f9 dans les deux cas les \u00ab&nbsp;classes secr\u00e8tes&nbsp;\u00bb anti\u00adr\u00e9\u00advo\u00adlu\u00adtion\u00adnaires et anti-ouvri\u00e8res sont les classes prin\u00adci\u00adpales. Cette orga\u00adni\u00adsa\u00adtion pr\u00e9\u00adven\u00adtive et r\u00e9pres\u00adsive rend auto\u00adma\u00adti\u00adque\u00adment caduc tout essai de r\u00e9vo\u00adlu\u00adtion dans un seul pays et pose la n\u00e9ces\u00adsi\u00adt\u00e9 d\u2019une r\u00e9vo\u00adlu\u00adtion inter\u00adna\u00adtio\u00adnale. Car, jus\u00adqu\u2019i\u00adci, seule la r\u00e9pres\u00adsion est inter\u00adna\u00adtio\u00adnale et imm\u00e9\u00addiate en face du manque total de coor\u00addi\u00adna\u00adtion des mou\u00adve\u00adments ouvriers. Les ouvriers hon\u00adgrois font aujourd\u2019\u00adhui les frais de cette d\u00e9s\u00adunion comme ils l\u2019a\u00advaient d\u00e9j\u00e0 fait en 1920 avec l\u2019\u00e9\u00adchec du boy\u00adcott inter\u00adna\u00adtio\u00adnal du r\u00e9gime Hor\u00adthy par les syn\u00addi\u00adcats des autres pays.<\/p>\n<p>Et pour\u00adtant d\u00e8s qui des cra\u00adque\u00adments ont paru \u00e9bran\u00adler les \u00c9tats \u2015 capi\u00adta\u00adlistes comme sta\u00adli\u00adniens \u2015 les fron\u00adti\u00e8res n\u2019ont pu emp\u00ea\u00adcher tout \u00e0 fait la soli\u00adda\u00adri\u00adt\u00e9 des peuples. Rap\u00adpe\u00adlons-nous 1848, 1918 et 1945. Mais rap\u00adpe\u00adlons-nous aussi&nbsp;:<\/p>\n<p>- 1953&nbsp;: mort de Sta\u00adline. P\u00e9riode de Beria. Insur\u00adrec\u00adtion du 17 juin \u00e0 Ber\u00adlin-Est gagnant toute l\u2019Al\u00adle\u00admagne orien\u00adtale puis la Tch\u00e9\u00adco\u00adslo\u00adva\u00adquie (Plsen, Brno\u2026 ) et au-del\u00e0. Coup de force de l\u2019ar\u00adm\u00e9e contre la police&nbsp;: Beria arr\u00ea\u00adt\u00e9 \u2015 r\u00e9volte des tra\u00advailleurs du Grand-Nord (Vokhouia, Igar\u00adka\u2026) Pre\u00admier gou\u00adver\u00adne\u00adment&nbsp;Nagy.<br> \u2013 1956&nbsp;: Rap\u00adport Khroucht\u00adchev. D\u00e9sta\u00adli\u00adni\u00adsa\u00adtion. Insur\u00adrec\u00adtion de Poz\u00adnan. \u00c9checs des coups de force sta\u00adli\u00adniens de Rako\u00adsi au d\u00e9but juillet en Hon\u00adgrie et du groupe de Nato\u00adlin en octobre en Pologne\u2015 gou\u00adver\u00adne\u00adment Gomul\u00adka \u2015 r\u00e9vo\u00adlu\u00adtion hongroise.&nbsp;<\/p>\n<p>Chaque fois que les cir\u00adcons\u00adtances les favo\u00adrisent les peuples mani\u00adfestent leur oppo\u00adsi\u00adtion au m\u00eame sys\u00adt\u00e8me oppres\u00adsif du capi\u00adta\u00adlisme d\u2019\u00c9tat.&nbsp;<\/p>\n<p>Chaque fois les tra\u00advailleurs se l\u00e8vent contre la classe bureau\u00adcra\u00adtique et tentent de s\u2019or\u00adga\u00adni\u00adser pour venir \u00e0 bout du nou\u00adveau sys\u00adt\u00e8me pla\u00adni\u00adfi\u00e9 d\u2019exploitation.<\/p>\n<h2>La planification base du socialisme<\/h2>\n<p>La m\u00e9thode cen\u00adtrale de lutte est la lutte contre le capi\u00adta\u00adlisme d\u2019\u00c9\u00adtat et le capi\u00adta\u00adlisme pri\u00adv\u00e9 c\u2019est celle des conseils des soviets de tra\u00advailleurs pre\u00adnant en main la d\u00e9fense arm\u00e9e comme la pro\u00adduc\u00adtion et la dis\u00adtri\u00adbu\u00adtion. Le sys\u00adt\u00e8me des conseils se f\u00e9d\u00e9\u00adrant est celui que d\u00e9crivent les th\u00e9o\u00adri\u00adciens anar\u00adchistes et que natu\u00adrel\u00adle\u00adment uti\u00adlisent les tra\u00advailleurs \u00e0 maintes reprises&nbsp;: citons \u00e0 nou\u00adveau la riche exp\u00e9\u00adrience d\u2019Es\u00adpagne o\u00f9 le pro\u00adl\u00e9\u00adta\u00adriat des usines et des champs a pous\u00ads\u00e9 le plus avant l\u2019ex\u00adp\u00e9\u00adrience d\u00e9j\u00e0 entre\u00adprise par les tra\u00advailleurs russes en 1905 et apr\u00e8s 1917I et 1918 et vers laquelle les tra\u00advailleurs hon\u00adgrois se sont d\u2019eux-m\u00eames diri\u00adg\u00e9s \u00e0 nou\u00adveau en 1956, comme y tendent \u00e9ga\u00adle\u00adment les tra\u00advailleurs polonais.&nbsp;<\/p>\n<p>Les bases du socia\u00adlisme ne sont pas plus dans une struc\u00adture \u00e9co\u00adno\u00admique mar\u00adxiste que bour\u00adgeoise, mais dans les classes ouvri\u00e8res et pay\u00adsannes elles m\u00eame. Le capi\u00adta\u00adlisme d\u2019\u00c9\u00adtat est-il plus proche du socia\u00adlisme que le capi\u00adta\u00adlisme pri\u00adv\u00e9&nbsp;? pas n\u00e9ces\u00adsai\u00adre\u00adment, et en tout cas, le tota\u00adli\u00adta\u00adrisme ne rap\u00adproche pas du com\u00admu\u00adnisme v\u00e9ri\u00adtable. Dans les \u00c9tats du type mar\u00adxiste, le grand capi\u00adtal pri\u00adv\u00e9 est d\u00e9truit, ce n\u2019est qu\u2019une condi\u00adtion n\u00e9ga\u00adtive du socia\u00adlisme. La condi\u00adtion posi\u00adtive essen\u00adtielle est que les tra\u00advailleurs g\u00e8rent la pro\u00adduc\u00adtion et pro\u00adc\u00e8dent \u00e0 une dis\u00adtri\u00adbu\u00adtion \u00e9ga\u00adli\u00adtaire. Cette condi\u00adtion les tra\u00advailleurs d\u2019eux-m\u00eames chaque fois l\u2019\u00e9\u00adta\u00adblissent et chaque fois l\u2019\u00c9\u00adtat les chasse de la ges\u00adtion pour s\u2019ap\u00adpro\u00adprier la plus-value, le pro\u00adfit, les b\u00e9n\u00e9\u00adfices d\u2019une r\u00e9par\u00adti\u00adtion et d\u2019une orien\u00adta\u00adtion des d\u00e9penses \u00e0 son avan\u00adtage. Il est bien enten\u00addu que tout r\u00e9gime socia\u00adliste sup\u00adpose l\u2019a\u00adbo\u00adli\u00adtion de l\u2019\u00e9\u00adco\u00adno\u00admie concur\u00adren\u00adtielle pri\u00adv\u00e9e et son rem\u00adpla\u00adce\u00adment par un sys\u00adt\u00e8me de pr\u00e9\u00advi\u00adsion de la consom\u00adma\u00adtion, de coor\u00addi\u00adna\u00adtion de la r\u00e9par\u00adti\u00adtion et de pla\u00adni\u00adfi\u00adca\u00adtion de la pro\u00adduc\u00adtion des biens. Ce qui ne veut pas dire que tout sys\u00adt\u00e8me de pla\u00adni\u00adfi\u00adca\u00adtion soit un pas vers le socia\u00adlisme. Ce qui est impor\u00adtant ce n\u2019est pas l\u2019exis\u00adtence d\u2019or\u00adga\u00adnismes pla\u00adni\u00adfi\u00adca\u00adteurs, c\u2019est de savoir pour qui ils tra\u00advaillent. Or, spon\u00adta\u00adn\u00e9\u00adment les tra\u00advailleurs insur\u00adg\u00e9s en r\u00e9gime capi\u00adta\u00adliste comme en r\u00e9gime sta\u00adli\u00adnien orga\u00adnisent une pro\u00adduc\u00adtion pla\u00adni\u00adfi\u00e9e selon les besoins&nbsp;: voi\u00adci la base du socia\u00adlisme. Alors qu\u2019un appa\u00adreil pla\u00adni\u00adfi\u00adca\u00adteur peut \u00eatre aus\u00adsi bien mis aus\u00adsi bien au ser\u00advice d\u2019une bureau\u00adcra\u00adtie que d\u2019une bour\u00adgeoi\u00adsie tra\u00addi\u00adtion\u00adnelle, par exemple en cas de grande crise, de guerre, on passe de l\u2019\u00e9\u00adco\u00adno\u00admie diri\u00adg\u00e9e \u00e0 une \u00e9co\u00adno\u00admie pla\u00adni\u00adfi\u00e9e de fait ou fas\u00adciste, et que de toute fa\u00e7on il tend tou\u00adjours \u00e0 ren\u00adfor\u00adcer les pri\u00advi\u00adl\u00e8ges et \u00e0 accro\u00eetre la part de la classe diri\u00adgeante par l\u2019en\u00adtre\u00admise de l\u2019\u00c9\u00adtat, ce qui est le contraire du socialisme.<\/p>\n<h2>\u00c9volution vers les Conseils ou vers l\u2019\u00c9tat&nbsp;?<\/h2>\n<p>La r\u00e9a\u00adli\u00adt\u00e9 est que toutes les r\u00e9formes entre\u00adprises tant en Rus\u00adsie depuis le XX<sup>e<\/sup> congr\u00e8s qu\u2019en You\u00adgo\u00adsla\u00advie titiste depuis des ann\u00e9es et qu\u2019en Pologne gomul\u00adkiste m\u00e8nent \u00e0 un effa\u00adce\u00adment pro\u00adgres\u00adsif et \u00e0 la dis\u00adso\u00adlu\u00adtion du par\u00adti dans l\u2019\u00c9\u00adtat. Et le bou\u00adkhan\u00adnien Nagy ne pou\u00advait sou\u00adhai\u00adter autre&nbsp;chose.<\/p>\n<p>Rap\u00adpe\u00adlons-nous que les ouvriers hon\u00adgrois de 1919 avaient pris le che\u00admin inverse celui de fondre le PC deve\u00adnu Union des Ouvriers Com\u00admu\u00adnistes dans l\u2019en\u00adsemble de leur classe orga\u00adni\u00ads\u00e9e en conseils. Ce qui est exac\u00adte\u00adment le contraire que de cr\u00e9er un corps social s\u00e9pa\u00adr\u00e9 du peuple et assi\u00admi\u00adl\u00e9 \u00e0 l\u2019\u00c9tat.&nbsp;<\/p>\n<p>En You\u00adgo\u00adsla\u00advie titiste un che\u00admin paral\u00adl\u00e8le fut pris mais en appa\u00adrence seule\u00adment pour mieux dis\u00adsi\u00admu\u00adler la r\u00e9a\u00adli\u00adt\u00e9 \u00e9ta\u00adtiste&nbsp;:\tLa Ligue des Com\u00admu\u00adnistes (ancien PC) a \u00e9t\u00e9 enve\u00adlop\u00adp\u00e9e dans l\u2019As\u00adso\u00adcia\u00adtion Socia\u00adliste du Peuple (ancien Front Popu\u00adlaire). Les conseils pro\u00adduc\u00adteurs ont \u00e9t\u00e9 res\u00adtau\u00adr\u00e9s d\u2019ans tous les \u00e9ta\u00adblis\u00adse\u00adments (sauf les \u00ab&nbsp;3 domaines r\u00e9ser\u00adv\u00e9s&nbsp;\u00bb&nbsp;: Affaires \u00e9tran\u00adg\u00e8res, arm\u00e9e, police) mais l\u2019\u00c9\u00adtat reste tout puissant.<br>\nQuant \u00e0 l\u2019\u00e9\u00advo\u00adlu\u00adtion annon\u00adc\u00e9e vers les conseils en Pologne, il est \u00e0 craindre qu\u2019elle ne soit pro\u00adgres\u00adsi\u00adve\u00adment frei\u00adn\u00e9e comme en Rus\u00adsie du temps de L\u00e9nine, comme dans toute l\u2019Eu\u00adrope occu\u00adp\u00e9e depuis 1945 par les Am\u00e9\u00adri\u00adcains ou les Russes.<\/p>\n<p>Les conseils ouvriers ne peuvent cro\u00eetre qu\u2019aux d\u00e9pens de l\u2019\u00c9\u00adtat., leur triomphe signi\u00adfie r\u00e9vo\u00adlu\u00adtion, r\u00e9gime <em>a\u2011\u00e9tatique<\/em>. Tout par\u00adti poli\u00adtique au contraire vise \u00e0 agir au des\u00adsus des conseils, \u00e0 se pas\u00adser d\u2019eux, \u00e0 consti\u00adtuer l\u2019\u00c9\u00adtat. Or la r\u00e9vo\u00adlu\u00adtion sup\u00adpose la libre expres\u00adsion des opi\u00adnions des tra\u00advailleurs, le plu\u00adra\u00adlisme de leurs ten\u00addances, donc la riva\u00adli\u00adt\u00e9 de leurs partis.<\/p>\n<h2>L\u2019organisation anarchiste<\/h2>\n<p>Quelle peut \u00eatre la fonc\u00adtion de l\u2019or\u00adga\u00adni\u00adsa\u00adtion anar\u00adchiste sp\u00e9\u00adci\u00adfique en ces circonstances&nbsp;?<\/p>\n<p>Elle ne peut tendre, comme les par\u00adtis, \u00e0 l\u2019exer\u00adcice du pou\u00advoir et au mono\u00adpole politique.<\/p>\n<p>Elle peut pr\u00e9\u00adpa\u00adrer la phase d\u2019as\u00adsaut r\u00e9vo\u00adlu\u00adtion\u00adnaire seule ou avec d\u2019autres mou\u00adve\u00adments d\u2019avant-garde.<\/p>\n<p>Elle doit par\u00adti\u00adci\u00adper en m\u00eame temps qu\u2019\u00e0 la des\u00adtruc\u00adtion de l\u2019ordre ancien \u00e0 l\u2019\u00e9\u00addi\u00adfi\u00adca\u00adtion d\u2019un r\u00e9gime liber\u00adtaire et f\u00e9d\u00e9\u00adra\u00adliste fon\u00add\u00e9 sur les conseils, les com\u00admunes et les syn\u00addi\u00adcats r\u00e9vo\u00adlu\u00adtion\u00adnaires. Mais sa mis\u00adsion ori\u00adgi\u00adnale reste de tou\u00adjours mettre en garde les tra\u00advailleurs contre toute renais\u00adsance d\u2019une classe diri\u00adgeante, et sur\u00adtout elle-m\u00eame de ne pas se d\u00e9ta\u00adcher du pro\u00adl\u00e9\u00adta\u00adriat pour diri\u00adger l\u2019\u00e9\u00adco\u00adno\u00admie ou la d\u00e9fense ni per\u00admettre qu\u2019au\u00adcune autre ten\u00addance ne le&nbsp;fasse.&nbsp;<\/p>\n<p>Or il ne faut pas se cacher qu\u2019au cours de la r\u00e9vo\u00adlu\u00adtion hon\u00adgroise de 1919 comme au cours de la r\u00e9vo\u00adlu\u00adtion espa\u00adgnole les anar\u00adchistes en fait se divi\u00ads\u00e8rent \u00e0 mesure qu\u2019ap\u00adpa\u00adrut sur le pro\u00adl\u00e9\u00adta\u00adriat un embryon d\u2019\u00c9\u00adtat, l\u2019a\u00admorce d\u2019une classe diri\u00adgeante. Une par\u00adtie des anar\u00adchistes avan\u00adc\u00e8rent \u00e0 c\u00f4t\u00e9 des mar\u00adxistes (en Hon\u00adgrie au sein du PC deve\u00adnu Union des Ouvriers Com\u00admu\u00adnistes) tan\u00addis qu\u2019une autre s\u2019en s\u00e9pa\u00adrait (en Hon\u00adgrie, l\u2019U\u00adnion Anar\u00adchiste) et d\u00e9non\u00ad\u00e7aient la cr\u00e9a\u00adtion d\u2019un nou\u00adveau pou\u00advoir poli\u00adtique, d\u2019une nou\u00advelle arm\u00e9e, d\u2019une nou\u00advelle arm\u00e9e, d\u2019une ter\u00adreur pesant sur les travailleurs.<\/p>\n<p>Et pour\u00adtant l\u2019a\u00advons-nous r\u00e9p\u00e9\u00adt\u00e9 que&nbsp;: par\u00adti\u00adci\u00adpa\u00adtion ou non-par\u00adti\u00adci\u00adpa\u00adtion au pou\u00advoir est une ques\u00adtion oiseuse pour les anar\u00adchistes m\u00eame en p\u00e9riode r\u00e9vo\u00adlu\u00adtion\u00adnaire&nbsp;! Le vrai dilemme est celui de la pos\u00adsi\u00adbi\u00adli\u00adt\u00e9 ou non d\u2019une soci\u00e9\u00adt\u00e9 sans \u00c9tat, sans classe diri\u00adgeante avec tous les pro\u00adbl\u00e8mes d\u2019or\u00adga\u00adni\u00adsa\u00adtion \u00e9co\u00adno\u00admique et tech\u00adnique et de matu\u00adri\u00adt\u00e9 psychologique.<br>\nIl s\u2019a\u00adgit non d\u2019un v\u0153u, d\u2019une esp\u00e9\u00adrance, d\u2019une croyance mais d\u2019une dis\u00adpo\u00adsi\u00adtion humaine ou non, et de cir\u00adcons\u00adtances \u00e0 sai\u00adsir per\u00admet\u00adtant sa r\u00e9alisation.<\/p>\n<p>Paul Rol\u00adland<\/p>\n<h2>Bibliographie<\/h2>\n<p>- A. Dau\u00adphin-Meu\u00adnier&nbsp;: La Com\u00admune hon\u00adgroise et les anar\u00adchistes, Paris&nbsp;1926.<br> \u2013 M.&nbsp;Dji\u00adlas&nbsp;: L\u00e9nine et les rap\u00adports entre \u00c9tats socia\u00adlistes, Paris, 1949.<br> \u2013 F. Fej\u00adto&nbsp;: Les d\u00e9mo\u00adcrates popu\u00adlaires, Paris, 1952.&nbsp;; La tra\u00adg\u00e9\u00addie hon\u00adgroise, Paris, 1956.<br> \u2013 Ter\u00adsen&nbsp;: His\u00adtoire de la Hon\u00adgrie, Paris, 1955.<br> \u2013 Socia\u00adlisme ou Bar\u00adba\u00adrie N\u00ba 20, France-Obser\u00adva\u00adteur jus\u00adqu\u2019au N\u00ba 347,&nbsp;etc.&nbsp;<\/p><\/div>\n","protected":false},"excerpt":{"rendered":"<p>Il a \u00e9t\u00e9 suf\u00adfi\u00adsam\u00adment par\u00adl\u00e9 des \u00e9v\u00e8\u00adne\u00adments de Hon\u00adgrie de ces der\u00adniers mois \u2015 si nous les repre\u00adnons ici, c\u2019est pare que dans l\u2019his\u00adtoire r\u00e9vo\u00adlu\u00adtion\u00adnaire hon\u00adgroise, il y a des faits assez mal connus qui peuvent nous aider \u00e0 mieux com\u00adprendre les der\u00adniers \u00e9v\u00e8\u00adne\u00adments. D\u2019autre part, la radio de Buda\u00adpest a, \u00e0 plu\u00adsieurs reprises, condamn\u00e9&nbsp;[\u2026]<\/p>\n","protected":false},"author":1,"featured_media":0,"comment_status":"closed","ping_status":"closed","sticky":false,"template":"","format":"standard","meta":{"wp_typography_post_enhancements_disabled":false,"footnotes":""},"categories":[63],"tags":[],"ppma_author":[540],"class_list":["post-463","post","type-post","status-publish","format-standard","hentry","category-noir-rouge-na4-hiver-1956-1957"],"authors":[{"term_id":540,"user_id":1,"is_guest":0,"slug":"admin_3gikpwyf","display_name":"Vincent Dubuc","avatar_url":"https:\/\/secure.gravatar.com\/avatar\/d015720652c25fd2ced191ade86430094e1f288a17483713e3b34d26dea52507?s=96&d=mm&r=g","author_category":"","user_url":"https:\/\/la-presse-anarchiste.net","last_name":"Dubuc","first_name":"Vincent","job_title":"","description":""}],"_links":{"self":[{"href":"https:\/\/la-presse-anarchiste.net\/index.php\/wp-json\/wp\/v2\/posts\/463","targetHints":{"allow":["GET"]}}],"collection":[{"href":"https:\/\/la-presse-anarchiste.net\/index.php\/wp-json\/wp\/v2\/posts"}],"about":[{"href":"https:\/\/la-presse-anarchiste.net\/index.php\/wp-json\/wp\/v2\/types\/post"}],"author":[{"embeddable":true,"href":"https:\/\/la-presse-anarchiste.net\/index.php\/wp-json\/wp\/v2\/users\/1"}],"replies":[{"embeddable":true,"href":"https:\/\/la-presse-anarchiste.net\/index.php\/wp-json\/wp\/v2\/comments?post=463"}],"version-history":[{"count":0,"href":"https:\/\/la-presse-anarchiste.net\/index.php\/wp-json\/wp\/v2\/posts\/463\/revisions"}],"wp:attachment":[{"href":"https:\/\/la-presse-anarchiste.net\/index.php\/wp-json\/wp\/v2\/media?parent=463"}],"wp:term":[{"taxonomy":"category","embeddable":true,"href":"https:\/\/la-presse-anarchiste.net\/index.php\/wp-json\/wp\/v2\/categories?post=463"},{"taxonomy":"post_tag","embeddable":true,"href":"https:\/\/la-presse-anarchiste.net\/index.php\/wp-json\/wp\/v2\/tags?post=463"},{"taxonomy":"author","embeddable":true,"href":"https:\/\/la-presse-anarchiste.net\/index.php\/wp-json\/wp\/v2\/ppma_author?post=463"}],"curies":[{"name":"wp","href":"https:\/\/api.w.org\/{rel}","templated":true}]}}