{"id":470,"date":"1909-10-05T06:29:38","date_gmt":"1909-10-05T06:29:38","guid":{"rendered":"https:\/\/la-presse-anarchiste.net\/index.php\/2007\/06\/22\/a-travers-les-journaux-patronaux-2\/"},"modified":"2025-07-14T15:57:07","modified_gmt":"2025-07-14T15:57:07","slug":"a-travers-les-journaux-patronaux-2","status":"publish","type":"post","link":"https:\/\/la-presse-anarchiste.net\/index.php\/1909\/10\/05\/a-travers-les-journaux-patronaux-2\/","title":{"rendered":"Actions du travail&nbsp;: aveu patronal"},"content":{"rendered":"<div class=\"pdfprnt-buttons pdfprnt-buttons-post pdfprnt-top-right\"><a href=\"https:\/\/la-presse-anarchiste.net\/index.php\/wp-json\/wp\/v2\/posts\/470?print=pdf\" class=\"pdfprnt-button pdfprnt-button-pdf\" target=\"_blank\"><img decoding=\"async\" src=\"https:\/\/la-presse-anarchiste.net\/wp-content\/plugins\/pdf-print\/images\/pdf.png\" alt=\"image_pdf\" title=\"Afficher le PDF\"><\/a><a href=\"https:\/\/la-presse-anarchiste.net\/index.php\/wp-json\/wp\/v2\/posts\/470?print=print\" class=\"pdfprnt-button pdfprnt-button-print\" target=\"_blank\"><img decoding=\"async\" src=\"https:\/\/la-presse-anarchiste.net\/wp-content\/plugins\/pdf-print\/images\/print.png\" alt=\"image_print\" title=\"Contenu imprim\u00e9\"><\/a><\/div><div align=\"justify\">\n<p>Dans les \u00c9TUDES PROFESSIONNELLES, la revue d\u2019\u00e9\u00adtudes de Mes\u00adsieurs les Entre\u00adpre\u00adneurs du B\u00e2ti\u00adment, M.&nbsp;Male\u00adpeyre, s\u2019ins\u00adpi\u00adrant du dis\u00adcours du Neu\u00adbourg, \u00e9tu\u00addie une nou\u00advelle forme de paci\u00adfi\u00adca\u00adtion qu\u2019il bap\u00adtise actions du tra\u00advail. Nous savons trop, par les quelques exemples que nous en avons, quelle dupe\u00adrie et quel dan\u00adger pour la classe ouvri\u00e8re est la par\u00adti\u00adci\u00adpa\u00adtion aux b\u00e9n\u00e9\u00adfices. C\u2019est pour\u00adquoi nous en sommes les adver\u00adsaires quelque forme qu\u2019elle rev\u00eate. C\u2019est la cr\u00e9a\u00adtion d\u2019une cat\u00e9\u00adgo\u00adrie de petits pri\u00advi\u00adl\u00e9\u00adgi\u00e9s, aveu\u00adgl\u00e9s par les miettes du fes\u00adtin, une nou\u00advelle couche tam\u00adpon que le capi\u00adtal vou\u00addrait pla\u00adcer entre le pro\u00adl\u00e9\u00adta\u00adriat et lui. Mais notons en pas\u00adsant cet aveu int\u00e9\u00adres\u00adsant \u00e0 cueillir dans un organe patronal&nbsp;:<\/p>\n<blockquote>\n<p>Il n\u2019est pas exact de dire que seuls l\u2019en\u00adtre\u00adpre\u00adneur et le capi\u00adta\u00adliste courent des risques. Le tra\u00advail, non seule\u00adment par\u00adti\u00adcipe \u00e0 ses risques, dont le plus grave est la ces\u00adsa\u00adtion du tra\u00advail, si l\u2019in\u00addus\u00adtrie p\u00e9ri\u00adclite, mais il a ses risques propres, ceux-ci tr\u00e8s graves, si graves m\u00eame et si fr\u00e9\u00adquents, que le l\u00e9gis\u00adla\u00adteur s\u2019est vu for\u00adc\u00e9 d\u2019or\u00adga\u00adni\u00adser une garan\u00adtie for\u00adfai\u00adtaire au pro\u00adfit des tra\u00advailleurs. Mais la loi le 1898 n\u2019a fait qu\u2019at\u00adt\u00e9\u00adnuer ces risques&nbsp;; il en sub\u00adsiste d\u2019autres, tels que la fatigue, l\u2019u\u00adsure, les mala\u00addies pro\u00adfes\u00adsion\u00adnelles qui sont la cons\u00e9\u00adquence directe du tra\u00advail et lui sont lais\u00ads\u00e9es \u00e0 sa charge.<\/p>\n<p>Le tra\u00advail est donc un \u00e9l\u00e9\u00adment indis\u00adpen\u00adsable de l\u2019en\u00adtre\u00adprise&nbsp;; il court les risques inh\u00e9\u00adrents \u00e0 l\u2019en\u00adtre\u00adprise et des risques propres cau\u00ads\u00e9s par l\u2019en\u00adtre\u00adprise, et il para\u00eet dif\u00adfi\u00adcile de sou\u00adte\u00adnir, alors qu\u2019il sup\u00adporte de telles \u00e9ven\u00adtua\u00adli\u00adt\u00e9s, qu\u2019il ne doive pas par\u00adti\u00adci\u00adper aux b\u00e9n\u00e9\u00adfices. Sans doute, le salaire fixe est une r\u00e9mu\u00adn\u00e9\u00adra\u00adtion constante et n\u00e9ces\u00adsaire du tra\u00advail&nbsp;; mais c\u2019est pr\u00e9\u00adci\u00ads\u00e9\u00adment cette n\u00e9ces\u00adsi\u00adt\u00e9 qui a per\u00admis au capi\u00adtal d\u2019im\u00adpo\u00adser ses lois, les\u00adquelles comme toutes celles r\u00e9sul\u00adtant de l\u2019a\u00adbus de la force, sont g\u00e9n\u00e9\u00adra\u00adle\u00adment l\u2019en\u00advers de l\u2019\u00e9quit\u00e9.<\/p>\n<\/blockquote>\n<h5 style=\"text-align: center;\">\u00a7\u00a7\u00a7<\/h5>\n<p>M.&nbsp;Sta\u00adnis\u00adlas Fer\u00adrand g\u00e9mit, dans le B\u00c2TIMENT sur le contrat que viennent de signer les orga\u00adni\u00adsa\u00adtions patro\u00adnales (de la rue de Lut\u00e8ce) et ouvri\u00e8res de la ma\u00e7on\u00adne\u00adrie et sur la sen\u00adtence arbi\u00adtrale des archi\u00adtectes. Il est l\u00e0, comme une poule qui a cou\u00adv\u00e9 des canards. Car M.&nbsp;Fer\u00adrand a \u00e9t\u00e9 l\u2019a\u00adp\u00f4tre du syn\u00addi\u00adca\u00adlisme patro\u00adnal dans le b\u00e2ti\u00adment, et il conseillait der\u00adni\u00e8\u00adre\u00adment au patro\u00adnat de faire la part du feu au monde ouvrier pour \u00e9vi\u00adter les plus grands mal\u00adheurs. Ces mes\u00adsieurs ont \u00e9cou\u00adt\u00e9 ses excel\u00adlents conseils et ils ont ten\u00adt\u00e9 de faire cette part du feu. <em>Les entre\u00adpre\u00adneurs de la rue de Lut\u00e8ce savent mieux que moi quel fri\u00adcot cuit dans leur mar\u00admite<\/em>, dit-il&nbsp;; mais oui, mon vieux. C\u2019est m\u00eame pour cela qu\u2019ils ont sign\u00e9 le contrat, y com\u00adpris la clause sup\u00adpri\u00admant le t\u00e2che\u00adron\u00adnat. Car, au fond, le t\u00e2che\u00adron\u00adnat n\u2019est utile qu\u2019au petit patro\u00adnat \u00e0 l\u2019es\u00adprit \u00e9troit qui n\u2019en\u00adtre\u00advoit ses b\u00e9n\u00e9\u00adfices que dans la com\u00adpres\u00adsion des salaires et le sur\u00adme\u00adnage ouvrier, tan\u00addis que le gros patro\u00adnat peut avoir des vues les plus larges et entre\u00advoir la source de plus larges pro\u00adfits dans une orga\u00adni\u00adsa\u00adtion plus ration\u00adnelle du tra\u00advail et dans le machi\u00adnisme. Mais, M.&nbsp;Fer\u00adrand a jus\u00adte\u00adment la men\u00adta\u00adli\u00adt\u00e9 \u00e9troite du petit bou\u00adti\u00adquier et il ne se rend pas compte de l\u2019\u00e9\u00advo\u00adlu\u00adtion qui s\u2019ac\u00adcom\u00adplit autour de lui. Ses j\u00e9r\u00e9\u00admiades ne ser\u00advi\u00adront \u00e0 rien, le t\u00e2che\u00adron\u00adnat devra dis\u00adpa\u00adra\u00eetre et avec lui une bonne par\u00adtie du petit patro\u00adnat du b\u00e2timent.<\/p>\n<p style=\"text-align: right;\">A. Picart.<\/p>\n<\/div>\n","protected":false},"excerpt":{"rendered":"<p>Dans les \u00c9TUDES PROFESSIONNELLES, la revue d\u2019\u00e9\u00adtudes de Mes\u00adsieurs les Entre\u00adpre\u00adneurs du B\u00e2ti\u00adment, M.&nbsp;Male\u00adpeyre, s\u2019ins\u00adpi\u00adrant du dis\u00adcours du Neu\u00adbourg, \u00e9tu\u00addie une nou\u00advelle forme de paci\u00adfi\u00adca\u00adtion qu\u2019il bap\u00adtise actions du tra\u00advail. Nous savons trop, par les quelques exemples que nous en avons, quelle dupe\u00adrie et quel dan\u00adger pour la classe ouvri\u00e8re est la par\u00adti\u00adci\u00adpa\u00adtion aux b\u00e9n\u00e9fices.&nbsp;[\u2026]<\/p>\n","protected":false},"author":113,"featured_media":5788,"comment_status":"closed","ping_status":"closed","sticky":false,"template":"wp-custom-template-page-d-article","format":"standard","meta":{"wp_typography_post_enhancements_disabled":false,"footnotes":""},"categories":[58],"tags":[569],"ppma_author":[778],"class_list":["post-470","post","type-post","status-publish","format-standard","has-post-thumbnail","hentry","category-la-vie-ouvriere-n1-5-octobre-1909","tag-revue-de-presse"],"authors":[{"term_id":778,"user_id":113,"is_guest":0,"slug":"achille-picart","display_name":"Achille Picart","avatar_url":"https:\/\/secure.gravatar.com\/avatar\/313d0e900c805be830abcde545504d0411c2e6fd0b08b15eba4ba4b22049487c?s=96&d=mm&r=g","author_category":"","user_url":"","last_name":"Picart","first_name":"Achille","job_title":"","description":"<a href=\"https:\/\/maitron.fr\/spip.php?article126161\">Biographie d'Achille Picart dans le Maitron.<\/a>"}],"_links":{"self":[{"href":"https:\/\/la-presse-anarchiste.net\/index.php\/wp-json\/wp\/v2\/posts\/470","targetHints":{"allow":["GET"]}}],"collection":[{"href":"https:\/\/la-presse-anarchiste.net\/index.php\/wp-json\/wp\/v2\/posts"}],"about":[{"href":"https:\/\/la-presse-anarchiste.net\/index.php\/wp-json\/wp\/v2\/types\/post"}],"author":[{"embeddable":true,"href":"https:\/\/la-presse-anarchiste.net\/index.php\/wp-json\/wp\/v2\/users\/113"}],"replies":[{"embeddable":true,"href":"https:\/\/la-presse-anarchiste.net\/index.php\/wp-json\/wp\/v2\/comments?post=470"}],"version-history":[{"count":6,"href":"https:\/\/la-presse-anarchiste.net\/index.php\/wp-json\/wp\/v2\/posts\/470\/revisions"}],"predecessor-version":[{"id":8712,"href":"https:\/\/la-presse-anarchiste.net\/index.php\/wp-json\/wp\/v2\/posts\/470\/revisions\/8712"}],"wp:featuredmedia":[{"embeddable":true,"href":"https:\/\/la-presse-anarchiste.net\/index.php\/wp-json\/wp\/v2\/media\/5788"}],"wp:attachment":[{"href":"https:\/\/la-presse-anarchiste.net\/index.php\/wp-json\/wp\/v2\/media?parent=470"}],"wp:term":[{"taxonomy":"category","embeddable":true,"href":"https:\/\/la-presse-anarchiste.net\/index.php\/wp-json\/wp\/v2\/categories?post=470"},{"taxonomy":"post_tag","embeddable":true,"href":"https:\/\/la-presse-anarchiste.net\/index.php\/wp-json\/wp\/v2\/tags?post=470"},{"taxonomy":"author","embeddable":true,"href":"https:\/\/la-presse-anarchiste.net\/index.php\/wp-json\/wp\/v2\/ppma_author?post=470"}],"curies":[{"name":"wp","href":"https:\/\/api.w.org\/{rel}","templated":true}]}}