{"id":475,"date":"2007-06-22T20:17:51","date_gmt":"2007-06-22T20:17:51","guid":{"rendered":"https:\/\/la-presse-anarchiste.net\/index.php\/2007\/06\/22\/ceux-qui-sen-vont\/"},"modified":"2007-06-22T20:17:51","modified_gmt":"2007-06-22T20:17:51","slug":"ceux-qui-sen-vont","status":"publish","type":"post","link":"https:\/\/la-presse-anarchiste.net\/index.php\/2007\/06\/22\/ceux-qui-sen-vont\/","title":{"rendered":"Ceux qui s\u2019en&nbsp;vont"},"content":{"rendered":"<div class=\"pdfprnt-buttons pdfprnt-buttons-post pdfprnt-top-right\"><a href=\"https:\/\/la-presse-anarchiste.net\/index.php\/wp-json\/wp\/v2\/posts\/475?print=pdf\" class=\"pdfprnt-button pdfprnt-button-pdf\" target=\"_blank\"><img decoding=\"async\" src=\"https:\/\/la-presse-anarchiste.net\/wp-content\/plugins\/pdf-print\/images\/pdf.png\" alt=\"image_pdf\" title=\"Afficher le PDF\"><\/a><a href=\"https:\/\/la-presse-anarchiste.net\/index.php\/wp-json\/wp\/v2\/posts\/475?print=print\" class=\"pdfprnt-button pdfprnt-button-print\" target=\"_blank\"><img decoding=\"async\" src=\"https:\/\/la-presse-anarchiste.net\/wp-content\/plugins\/pdf-print\/images\/print.png\" alt=\"image_print\" title=\"Contenu imprim\u00e9\"><\/a><\/div><div align=\"justify\">\n\tUne courte lettre \u2015&nbsp;re\u00e7ue alors que venait d\u2019\u00eatre don\u00adn\u00e9 le bon \u00e0 tirer du fas\u00adci\u00adcule de novembre de \u00ab&nbsp;L\u2019U\u00adnique&nbsp;\u00bb&nbsp;\u2015 nous appre\u00adnait la mort de Lucien M\u00e9vel, empor\u00adt\u00e9 par une crise car\u00addiaque. Ce nom, Lucien M\u00e9vel, nous rap\u00adpelle une p\u00e9riode dou\u00adlou\u00adreuse de la vie d\u2019E. Armand, condam\u00adn\u00e9 \u00e0 cinq ans d\u2019emprisonnement \u2015&nbsp;Cl\u00e9\u00admen\u00adceau r\u00e9gnante&nbsp;\u2015  pour avoir soi-disant favo\u00adri\u00ads\u00e9 la d\u00e9ser\u00adtion d\u2019un mal\u00adheu\u00adreux mytho\u00admane, lequel, apr\u00e8s avoir pr\u00e9\u00adten\u00addu avoir \u00e9t\u00e9 aid\u00e9 par lui, revint sur ses d\u00e9cla\u00adra\u00adtions pre\u00admi\u00e8res. M\u00e9vel, qui connais\u00adsait bien E. Armand, fut si outr\u00e9 de ce d\u00e9ni de jus\u00adtice qu\u2019il mit tout en \u0153uvre pour que ce cas f\u00fbt connu, mais sur\u00adtout pour abr\u00e9\u00adger la dur\u00e9e de la cap\u00adti\u00advi\u00adt\u00e9. Il cr\u00e9a le \u00ab&nbsp;Comi\u00adt\u00e9 des amis de E. Armand&nbsp;\u00bb, frap\u00adpa \u00e0 toutes les portes, r\u00e9us\u00adsit \u00e0 obte\u00adnir l\u2019ap\u00adpui et la sym\u00adpa\u00adthie de nom\u00adbreux \u00e9cri\u00advains d\u2019a\u00advant-garde, \u00e0 com\u00admen\u00adcer par Han Ryner, \u00e9cri\u00advit par\u00adtout o\u00f9 ses lettres avaient quelque chance d\u2019\u00eatre accueillies favo\u00adra\u00adble\u00adment, envoyant bro\u00adchures, tracts sans jamais \u00e9par\u00adgner sa peine. Sans doute cer\u00adtains de nos abon\u00adn\u00e9s de tou\u00adjours se rap\u00adpellent-ils les cam\u00adpagnes de \u00ab&nbsp;la M\u00eal\u00e9e&nbsp;\u00bb du si regret\u00adt\u00e9 Pierre Char\u00addon, du \u00ab&nbsp;Sphinx&nbsp;\u00bb de Brest, du \u00ab&nbsp;Jour\u00adnal du Peuple&nbsp;\u00bb etc. Le r\u00e9sul\u00adtat de tous ces efforts fut une r\u00e9duc\u00adtion de peine de six mois. Immense fut la joie de M\u00e9vel qui res\u00adta jus\u00adqu\u2019au der\u00adnier jour un ami sin\u00adc\u00e8re d\u2019E. Armand.\n<p>\tAyant quit\u00adt\u00e9 Paris, il v\u00e9cut depuis dans l\u2019Yonne o\u00f9 il per\u00addit sa com\u00adpagne. Tou\u00adjours svelte, actif, il sem\u00adblait que les ans n\u2019eussent pas de prise sur lui. Il venait de recom\u00admen\u00adcer sa vie quand la mort le sur\u00adprit. Nous per\u00addons en lui un ami fid\u00e8le et un bon camarade.<\/p>\n<p>\u00ab&nbsp;l\u2019U.&nbsp;\u00bb<\/p>\n<h2>\u2014 O \u2014<\/h2>\n<p>\tPresque en m\u00eame temps que nous par\u00adve\u00adnait l\u2019a\u00advis de la dis\u00adpa\u00adri\u00adtion de Lucien M\u00e9vel, nous appre\u00adnions que notre ami et col\u00adla\u00adbo\u00adra\u00adteur Manuel Deval\u00add\u00e8s, venait d\u2019a\u00advoir la dou\u00adleur de perdre sa vieille com\u00adpagne, L\u00e9o\u00adnie Renaud. Inutile de dire qu\u2019en cette navrante cir\u00adcons\u00adtance, notre sym\u00adpa\u00adthie l\u2019accompagne.<\/p>\n<h2>\u2014 O \u2014<\/h2>\n<p>\t\u00c0 ajou\u00adter \u00e0 la liste tou\u00adjours trop longue de NOS DISPARUS&nbsp;:<\/p>\n<p>\tP.-L. Gre\u00adnier, de Viro\u00adflav&nbsp;; M.&nbsp;Duver\u00adg\u00e9, de Feu\u00adga\u00adrolles&nbsp;; Louis Tros\u00adva\u00adlet, d\u2019An\u00adgers&nbsp;; Cirou de Vil\u00adle\u00adta\u00adneuse, mitraill\u00e9 en Alle\u00admagne au cours d\u2019un bom\u00adbar\u00adde\u00adment&nbsp;; Gabert de M\u00e9rouil, d\u00e9c\u00e9\u00add\u00e9 au camp de Neuen\u00adgau\u00adsen&nbsp;; Mar\u00adgue\u00adritte Gu\u00e9pet.&nbsp;<\/p><\/div>\n","protected":false},"excerpt":{"rendered":"<p>Une courte lettre \u2015&nbsp;re\u00e7ue alors que venait d\u2019\u00eatre don\u00adn\u00e9 le bon \u00e0 tirer du fas\u00adci\u00adcule de novembre de \u00ab&nbsp;L\u2019U\u00adnique&nbsp;\u00bb&nbsp;\u2015 nous appre\u00adnait la mort de Lucien M\u00e9vel, empor\u00adt\u00e9 par une crise car\u00addiaque. Ce nom, Lucien M\u00e9vel, nous rap\u00adpelle une p\u00e9riode dou\u00adlou\u00adreuse de la vie d\u2019E. Armand, condam\u00adn\u00e9 \u00e0 cinq ans d\u2019emprisonnement \u2015&nbsp;Cl\u00e9\u00admen\u00adceau r\u00e9gnante&nbsp;\u2015 pour avoir soi-disant&nbsp;[\u2026]<\/p>\n","protected":false},"author":1,"featured_media":0,"comment_status":"closed","ping_status":"closed","sticky":false,"template":"","format":"standard","meta":{"wp_typography_post_enhancements_disabled":false,"footnotes":""},"categories":[56],"tags":[],"ppma_author":[540],"class_list":["post-475","post","type-post","status-publish","format-standard","hentry","category-lunique-n6-decembre-1945"],"authors":[{"term_id":540,"user_id":1,"is_guest":0,"slug":"admin_3gikpwyf","display_name":"Vincent Dubuc","avatar_url":"https:\/\/secure.gravatar.com\/avatar\/d015720652c25fd2ced191ade86430094e1f288a17483713e3b34d26dea52507?s=96&d=mm&r=g","author_category":"","user_url":"https:\/\/la-presse-anarchiste.net","last_name":"Dubuc","first_name":"Vincent","job_title":"","description":""}],"_links":{"self":[{"href":"https:\/\/la-presse-anarchiste.net\/index.php\/wp-json\/wp\/v2\/posts\/475","targetHints":{"allow":["GET"]}}],"collection":[{"href":"https:\/\/la-presse-anarchiste.net\/index.php\/wp-json\/wp\/v2\/posts"}],"about":[{"href":"https:\/\/la-presse-anarchiste.net\/index.php\/wp-json\/wp\/v2\/types\/post"}],"author":[{"embeddable":true,"href":"https:\/\/la-presse-anarchiste.net\/index.php\/wp-json\/wp\/v2\/users\/1"}],"replies":[{"embeddable":true,"href":"https:\/\/la-presse-anarchiste.net\/index.php\/wp-json\/wp\/v2\/comments?post=475"}],"version-history":[{"count":0,"href":"https:\/\/la-presse-anarchiste.net\/index.php\/wp-json\/wp\/v2\/posts\/475\/revisions"}],"wp:attachment":[{"href":"https:\/\/la-presse-anarchiste.net\/index.php\/wp-json\/wp\/v2\/media?parent=475"}],"wp:term":[{"taxonomy":"category","embeddable":true,"href":"https:\/\/la-presse-anarchiste.net\/index.php\/wp-json\/wp\/v2\/categories?post=475"},{"taxonomy":"post_tag","embeddable":true,"href":"https:\/\/la-presse-anarchiste.net\/index.php\/wp-json\/wp\/v2\/tags?post=475"},{"taxonomy":"author","embeddable":true,"href":"https:\/\/la-presse-anarchiste.net\/index.php\/wp-json\/wp\/v2\/ppma_author?post=475"}],"curies":[{"name":"wp","href":"https:\/\/api.w.org\/{rel}","templated":true}]}}