{"id":493,"date":"1948-10-01T01:10:50","date_gmt":"1948-10-01T01:10:50","guid":{"rendered":"https:\/\/la-presse-anarchiste.net\/index.php\/2007\/06\/23\/la-defense-de-lhomme-par-la-paix\/"},"modified":"2024-04-17T08:38:11","modified_gmt":"2024-04-17T08:38:11","slug":"la-defense-de-lhomme-par-la-paix","status":"publish","type":"post","link":"https:\/\/la-presse-anarchiste.net\/index.php\/1948\/10\/01\/la-defense-de-lhomme-par-la-paix\/","title":{"rendered":"La d\u00e9fense de l\u2019homme par la&nbsp;paix"},"content":{"rendered":"<div class=\"pdfprnt-buttons pdfprnt-buttons-post pdfprnt-top-right\"><a href=\"https:\/\/la-presse-anarchiste.net\/index.php\/wp-json\/wp\/v2\/posts\/493?print=pdf\" class=\"pdfprnt-button pdfprnt-button-pdf\" target=\"_blank\"><img decoding=\"async\" src=\"https:\/\/la-presse-anarchiste.net\/wp-content\/plugins\/pdf-print\/images\/pdf.png\" alt=\"image_pdf\" title=\"Afficher le PDF\"><\/a><a href=\"https:\/\/la-presse-anarchiste.net\/index.php\/wp-json\/wp\/v2\/posts\/493?print=print\" class=\"pdfprnt-button pdfprnt-button-print\" target=\"_blank\"><img decoding=\"async\" src=\"https:\/\/la-presse-anarchiste.net\/wp-content\/plugins\/pdf-print\/images\/print.png\" alt=\"image_print\" title=\"Contenu imprim\u00e9\"><\/a><\/div><div align=\"justify\">\n<p>Dans le vaste Coli\u00ads\u00e9e qu\u2019est le monde actuel, les N\u00e9ron 1939 ont, pen\u00addant cinq ans, fait se battre les uns contre les autres leurs esclaves-gla\u00addia\u00adteurs. Ils \u00e9taient tous l\u00e0 sur les gra\u00addins, \u00e0 contem\u00adpler le spec\u00adtacle&nbsp;: Hit\u00adler, Beck, Chur\u00adchill, Dala\u00addier, Mus\u00adso\u00adli\u00adni, Sta\u00adline, Tojo, Roo\u00adse\u00advelt. Le r\u00e9sul\u00adtat du sinistre diver\u00adtis\u00adse\u00adment a \u00e9t\u00e9 la mort de quelques dizaines de mil\u00adlions d\u2019hommes.<\/p>\n<p>La d\u00e9fense de l\u2019homme, c\u2019est, sans doute, d\u2019ob\u00adte\u00adnir pour lui le droit de tra\u00advailler, de pos\u00ads\u00e9\u00adder les pro\u00adduits de son tra\u00advail, d\u2019al\u00adler et de venir, de pen\u00adser et d\u2019ex\u00adpri\u00admer sa pen\u00ads\u00e9e. Mais pour tra\u00advailler, pour pen\u00adser, il faut, d\u2019a\u00adbord, \u00eatre, il faut vivre. V\u00e9ri\u00adt\u00e9 de La Palisse&nbsp;? Certes&nbsp;! Ne m\u00e9pri\u00adsons point de telles v\u00e9ri\u00adt\u00e9s&nbsp;: elles peuvent cor\u00adres\u00adpondre \u00e0 de pro\u00adfondes vues car\u00adt\u00e9\u00adsiennes&nbsp;; et, en tout cas, elles valent mieux que des men\u00adsonges sanglants.<\/p>\n<p>La d\u00e9fense de l\u2019homme doit d\u00e9bu\u00adter par l\u2019ef\u00adfort pour d\u00e9truire la guerre des\u00adtruc\u00adtrice et pour sau\u00adve\u00adgar\u00adder la&nbsp;paix.<\/p>\n<h5 style=\"text-align: center;\">\u2015 O \u2015<\/h5>\n<p>Repre\u00adnons donc, ici, les th\u00e8mes sou\u00advent d\u00e9ve\u00adlop\u00adp\u00e9s au cours de nos cam\u00adpagnes paci\u00adfistes ant\u00e9\u00adrieures. Vai\u00adne\u00adment&nbsp;? Non. Aucune parole sin\u00adc\u00e8re, aucun geste g\u00e9n\u00e9\u00adreux n\u2019est jamais per\u00addu. Aucun ne passe sans lais\u00adser quelque trace. Mais il serait pu\u00e9\u00adril de croire qu\u2019on peut \u00e9di\u00adfier la grande Cit\u00e9 Fra\u00adter\u00adnelle en quelques pauvres dizaines d\u2019ann\u00e9es\u2026<\/p>\n<p>Redi\u00adsons que la guerre a tou\u00adjours repr\u00e9\u00adsen\u00adt\u00e9 la sup\u00adpres\u00adsion ou plu\u00adt\u00f4t le ren\u00adver\u00adse\u00adment des r\u00e8gles les plus pr\u00e9\u00adcises de la morale cou\u00adrante&nbsp;; qu\u2019elle est le vol, le viol et l\u2019as\u00adsas\u00adsi\u00adnat g\u00e9n\u00e9ralis\u00e9s.<\/p>\n<p>Redi\u00adsons que ses maux l\u2019emportent infi\u00adni\u00adment sur les incon\u00adv\u00e9\u00adnients de n\u2019im\u00adporte quelle autre solu\u00adtion appli\u00adqu\u00e9e aux conflits entre peuples.<\/p>\n<p>Redi\u00adsons qu\u2019elle est le <em>crime des crimes et la folie des folies<\/em>.<\/p>\n<p>Redi\u00adsons que le pro\u00adgr\u00e8s des tech\u00adniques scien\u00adti\u00adfiques pro\u00adcure des moyens d\u2019ex\u00adter\u00admi\u00adna\u00adtion de plus en plus ter\u00adribles&nbsp;; si bien qu\u2019une guerre nou\u00advelle serait la des\u00adtruc\u00adtion, sinon de l\u2019hu\u00adma\u00adni\u00adt\u00e9 tout enti\u00e8re, du moins de ses groupes les plus \u00e9volu\u00e9s.<\/p>\n<p>S\u2019il est vrai que ce soit l\u2019hu\u00adma\u00adni\u00adt\u00e9 qui donne son sens \u00e0 la pla\u00adn\u00e8te\u200a\u2014\u200al\u2019hu\u00adma\u00adni\u00adt\u00e9 cr\u00e9a\u00adtrice d\u2019art, de science, de pen\u00ads\u00e9e phi\u00adlo\u00adso\u00adphique et reli\u00adgieuse\u200a\u2014\u200ala guerre pos\u00adsible an\u00e9an\u00adti\u00adrait toutes les valeurs qui donnent une signi\u00adfi\u00adca\u00adtion \u00e0 l\u2019exis\u00adtence&nbsp;; elle enl\u00e8\u00adve\u00adrait \u00e0 notre terre sa rai\u00adson d\u2019\u00eatre.<\/p>\n<p>La guerre n\u2019est pas un mal rela\u00adtif, un mal par\u00admi d\u2019autres maux. Elle est le pire des maux, le mal par excel\u00adlence, le mal absolu.<\/p>\n<p>\u00c0 mal abso\u00adlu, rem\u00e8de abso\u00adlu&nbsp;: <em>paci\u00adfisme int\u00e9\u00adgral, paix sans aucune r\u00e9serve<\/em>.<\/p>\n<h5 style=\"text-align: center;\">\u2015 O \u2015<\/h5>\n<p>De cet id\u00e9al paci\u00adfiste durable, quelle cons\u00e9\u00adquence d\u00e9duire pour le pr\u00e9sent&nbsp;?<\/p>\n<p>En face des blocs qui s\u2019af\u00adfrontent, la NEUTRALIT\u00c9&nbsp;!<\/p>\n<p>Neu\u00adtra\u00adli\u00adt\u00e9 \u00e0 la suisse ou \u00e0 la su\u00e9doise.<\/p>\n<p>Ren\u00addons hom\u00admage \u00e0 ces deux nobles peuples qui ont r\u00e9us\u00adsi la t\u00e2che dif\u00adfi\u00adcile de ne point par\u00adti\u00adci\u00adper au r\u00e9cent mas\u00adsacre, et qui ont aid\u00e9, magni\u00adfi\u00adque\u00adment, \u00e0 sou\u00adla\u00adger d\u2019im\u00admenses douleurs.<\/p>\n<p>Et sui\u00advons leur exemple.<\/p>\n<p>Il ne s\u2019a\u00adgit pas, bien enten\u00addu, de mettre sur le m\u00eame plan U.S.A. et U.R.S.S., au moment o\u00f9 l\u2019on refuse de par\u00adti\u00adci\u00adper \u00e0 leur lutte&nbsp;arm\u00e9e.<\/p>\n<p>En d\u00e9pit des cri\u00adtiques que peuvent jus\u00adti\u00adfier cer\u00adtains aspects du r\u00e9gime am\u00e9\u00adri\u00adcain, ce r\u00e9gime n\u2019a rien de com\u00admun avec celui qu\u2019im\u00adposent le dic\u00adta\u00adteur et les bureau\u00adcrates des Soviets au mal\u00adheu\u00adreux peuple russe&nbsp;; r\u00e9gime de mis\u00e8re et de ser\u00advi\u00adtude, de tyran\u00adnie poli\u00adci\u00e8re et de mou\u00adchar\u00addage orga\u00adni\u00ads\u00e9, de per\u00adfi\u00addie diplo\u00adma\u00adtique, de bel\u00adli\u00adcisme camou\u00adfl\u00e9, d\u2019im\u00adp\u00e9\u00adria\u00adlisme dominateur.<\/p>\n<p>Je n\u2019ou\u00adblie pas non plus le fait que, si nous man\u00adgeons du pain \u00e0 notre faim, nous le devons, en par\u00adtie, aux sacri\u00adfices du peuple am\u00e9\u00adri\u00adcain payant des imp\u00f4ts accrus pour aider \u00e0 nous nourrir.<\/p>\n<p>Mais les amis d\u00e9s\u00adin\u00adt\u00e9\u00adres\u00ads\u00e9s que nous comp\u00adtons par\u00admi ce peuple ne r\u00e9clament pas de nous, en \u00e9change du ser\u00advice ren\u00addu, une aide militaire.<\/p>\n<p>Et la dif\u00adf\u00e9\u00adrence des r\u00e9gimes ne nous impose pas l\u2019o\u00adbli\u00adga\u00adtion de faire, pour l\u2019une des deux causes, mas\u00adsa\u00adcrer nos enfants.<\/p>\n<p>Il n\u2019\u00e9\u00adtait pas indis\u00adpen\u00adsable de les faire, en 1939, <em>mou\u00adrir pour Dant\u00adzig<\/em>&nbsp;; il serait mons\u00adtrueux de les faire, aujourd\u2019\u00adhui, <em>mou\u00adrir pour Ber\u00adlin<\/em>.<\/p>\n<p>Quand Romain Rol\u00adland \u00e9cri\u00advit, en 1914, un livre (qui nous semble aujourd\u2019\u00adhui bien ano\u00addin) pour ten\u00adter d\u2019ob\u00adte\u00adnir que nous res\u00adtions au-des\u00adsus de la m\u00eal\u00e9e, un plu\u00admi\u00adtif de gauche r\u00e9pon\u00addit par un ouvrage&nbsp;: <em>\u00cates-vous neutre devant le crime<\/em>&nbsp;?<\/p>\n<p>R\u00e9pon\u00addons, en adap\u00adtant aux cir\u00adcons\u00adtances la phrase c\u00e9l\u00e8bre de Ber\u00adtrand Rus\u00adsel&nbsp;: \u00ab&nbsp;Pas un seul des crimes que l\u2019on peut emp\u00ea\u00adcher par la guerre n\u2019est un crime aus\u00adsi grand que la guerre elle-m\u00eame.&nbsp;\u00bb<\/p>\n<h5 style=\"text-align: center;\">\u2015 O \u2015<\/h5>\n<p>Il y a quelques jours, dans le jour\u00adnal <em>Le Monde<\/em> (15 sep\u00adtembre 1948), M.&nbsp;Mau\u00adrice Duver\u00adger sou\u00adhai\u00adtait que l\u2019Eu\u00adrope se f\u00e9d\u00e9\u00adr\u00e2t et f\u00eet garan\u00adtir la neu\u00adtra\u00adli\u00adt\u00e9 de cette F\u00e9d\u00e9\u00adra\u00adtion \u00e0 la fois par les \u00c9tats-Unis et par l\u2019U.R.S.S.<\/p>\n<p>La solu\u00adtion, certes, serait excel\u00adlente si les \u00ab&nbsp;Deux Grands&nbsp;\u00bb y consen\u00adtaient. Mais il est dou\u00adteux que tous les deux y consentent. Et il n\u2019est pas n\u00e9ces\u00adsaire d\u2019ob\u00adte\u00adnir ce consen\u00adte\u00adment pour pro\u00adcla\u00admer, d\u2019ur\u00adgence, la neu\u00adtra\u00adli\u00adt\u00e9 fran\u00ad\u00e7aise, en atten\u00addant plus et&nbsp;mieux.<\/p>\n<p>Car c\u2019est autour de cette id\u00e9e que devraient s\u2019or\u00addon\u00adner tous les efforts orien\u00adt\u00e9s vers un meilleur avenir.<\/p>\n<p>Union occi\u00adden\u00adtale entre la France, le B\u00e9n\u00e9\u00adlux, la Grande-Bre\u00adtagne, l\u2019I\u00adta\u00adlie&nbsp;? Cer\u00adtai\u00adne\u00adment&nbsp;! Nous devons applau\u00addir chaque fois que dis\u00adpa\u00adra\u00eet ou que s\u2019a\u00adbaisse une fron\u00adti\u00e8re, avec ses doua\u00adniers et ses poli\u00adciers. Mais il devrait \u00eatre bien enten\u00addu qu\u2019il se n\u2019a\u00adgit pas de grou\u00adper ces puis\u00adsances pour les jeter ensemble dans la guerre.<\/p>\n<p>Rel\u00e8\u00adve\u00adment \u00e9co\u00adno\u00admique et poli\u00adtique de l\u2019Al\u00adle\u00admagne et du Japon&nbsp;? Cer\u00adtai\u00adne\u00adment&nbsp;! Pour mon compte, j\u2019ap\u00adpr\u00e9\u00adcie la sin\u00adc\u00e9\u00adri\u00adt\u00e9 d\u2019un paci\u00adfiste \u00e0 l\u2019at\u00adti\u00adtude, plus ou moins humaine, qu\u2019il prend \u00e0 l\u2019\u00e9\u00adgard des peuples vain\u00adcus. Mais il ne s\u2019a\u00adgit pas de consti\u00adtuer, au centre de l\u2019Eu\u00adrope, ni \u00e0 l\u2019est de l\u2019A\u00adsie, la base indus\u00adtrielle des guerres futures ou prochaines.<\/p>\n<p>Pour ces peuples, comme pour l\u2019U\u00adnion occi\u00adden\u00adtale, comme pour nous, <em>neu\u00adtra\u00adli\u00adt\u00e9<\/em>&nbsp;!<\/p>\n<h5 style=\"text-align: center;\">\u2015 O \u2015<\/h5>\n<p>L\u2019ob\u00adjec\u00adtion la plus forte, c\u2019est que la pro\u00adcla\u00adma\u00adtion de la neu\u00adtra\u00adli\u00adt\u00e9 fran\u00ad\u00e7aise n\u2019emp\u00eacherait pas notre pays d\u2019\u00eatre occu\u00adp\u00e9 par l\u2019un des bel\u00adli\u00adg\u00e9\u00adrants et d\u2019\u00eatre, ain\u00adsi, jet\u00e9 dans la guerre.<\/p>\n<p>\u00c9vi\u00addem\u00adment. Mais, d\u2019a\u00adbord, la volon\u00adt\u00e9 de neu\u00adtra\u00adli\u00adt\u00e9 met\u00adtrait fin aux absurdes d\u00e9penses entra\u00ee\u00adn\u00e9es par le d\u00e9sir de par\u00adti\u00adci\u00adper \u00e0 la guerre d\u2019un c\u00f4t\u00e9 ou de l\u2019autre. Puis il se pour\u00adrait que l\u2019oc\u00adcu\u00adpa\u00adtion \u00e9tran\u00adg\u00e8re f\u00fbt moins n\u00e9faste que la par\u00adti\u00adci\u00adpa\u00adtion \u00e0 cette guerre. Le Dane\u00admark et la Nor\u00adv\u00e8ge, occu\u00adp\u00e9s, contre leur gr\u00e9 et contre tout droit, lors de la der\u00adni\u00e8re guerre mon\u00addiale, ont moins souf\u00adfert que la mal\u00adheu\u00adreuse Pologne, jet\u00e9e dans l\u2019hor\u00adrible m\u00eal\u00e9e par la faute de ses diri\u00adgeants. Enfin si, en de telles cir\u00adcons\u00adtances, la guerre devait fondre sur nous sans que nous ayons eu \u00e0 son d\u00e9clen\u00adche\u00adment la moindre part, nous aurions le droit de la consi\u00add\u00e9\u00adrer comme un cata\u00adclysme sem\u00adblable \u00e0 un trem\u00adble\u00adment de terre ou \u00e0 un raz de mar\u00e9e, ind\u00e9\u00adpen\u00addant de toute adh\u00e9\u00adsion volon\u00adtaire. Pour un sto\u00ef\u00adcien, ce serait une satis\u00adfac\u00adtion&nbsp;; une m\u00e9lan\u00adco\u00adlique, mais aus\u00adt\u00e8re satisfaction.<\/p>\n<h5 style=\"text-align: center;\">\u2015 O \u2015<\/h5>\n<p>Je m\u2019\u00e9\u00adtonne qu\u2019au\u00adcun homme poli\u00adtique notoire ne r\u00e9clame cette neu\u00adtra\u00adli\u00adt\u00e9. Il me semble que s\u2019il avait la pos\u00adsi\u00adbi\u00adli\u00adt\u00e9, et le cou\u00adrage de le faire, il aurait vite ral\u00adli\u00e9 \u00e0 cette cause des mil\u00adlions de Fran\u00ad\u00e7aises et de Fran\u00e7ais.<\/p>\n<p>Pour le moment, je vois tous les poli\u00adti\u00adciens connus, de Mau\u00adrice Tho\u00adrez \u00e0 Charles de Gaulle, consti\u00adtuer le m\u00eame par\u00adti&nbsp;: le par\u00adti de la guerre. Certes, un d\u00e9tail les divise, le choix du cobel\u00adli\u00adg\u00e9\u00adrant. Mais les uns et les autres veulent ou acceptent les mas\u00adsacres, les fusillades, les tor\u00adpillages, les bom\u00adbar\u00adde\u00adments. Et si cer\u00adtains excluent l\u2019arme ato\u00admique\u200a\u2014\u200aen pro\u00adcla\u00admant le carac\u00adt\u00e8re huma\u00adni\u00adtaire de toutes les autres armes&nbsp;!\u200a\u2014\u200ac\u2019est seule\u00adment parce qu\u2019ils ne pos\u00ads\u00e8dent pas encore ces fameuses bombes!\u2026<\/p>\n<p>M\u00eame en dehors des milieux poli\u00adtiques, je ne vois pas, en France, d\u2019homme notoire capable de prendre la t\u00eate de cette croisade.<\/p>\n<p>Tant pis&nbsp;! Nous autres, hommes obs\u00adcurs, crions, quand m\u00eame, la v\u00e9rit\u00e9&nbsp;!<\/p>\n<p>Pour la d\u00e9fense de l\u2019homme fran\u00ad\u00e7ais, neu\u00adtra\u00adli\u00adt\u00e9 fran\u00e7aise&nbsp;!<\/p>\n<p style=\"text-align: right;\">F\u00e9li\u00adcien Challaye<\/p>\n<\/div>\n","protected":false},"excerpt":{"rendered":"<p>Dans le vaste Coli\u00ads\u00e9e qu\u2019est le monde actuel, les N\u00e9ron 1939 ont, pen\u00addant cinq ans, fait se battre les uns contre les autres leurs esclaves-gla\u00ad\u00addia\u00ad\u00adteurs. Ils \u00e9taient tous l\u00e0 sur les gra\u00addins, \u00e0 contem\u00adpler le spec\u00adtacle&nbsp;: Hit\u00adler, Beck, Chur\u00adchill, Dala\u00addier, Mus\u00adso\u00adli\u00adni, Sta\u00adline, Tojo, Roo\u00adse\u00advelt. Le r\u00e9sul\u00adtat du sinistre diver\u00adtis\u00adse\u00adment a \u00e9t\u00e9 la mort de quelques&nbsp;[\u2026]<\/p>\n","protected":false},"author":152,"featured_media":4535,"comment_status":"closed","ping_status":"closed","sticky":false,"template":"wp-custom-template-page-d-article","format":"standard","meta":{"wp_typography_post_enhancements_disabled":false,"footnotes":""},"categories":[65],"tags":[591],"ppma_author":[816],"class_list":["post-493","post","type-post","status-publish","format-standard","has-post-thumbnail","hentry","category-defense-de-lhomme-n1-octobre-1948","tag-pacifisme"],"authors":[{"term_id":816,"user_id":152,"is_guest":0,"slug":"felicien-challaye","display_name":"F\u00e9licien Challaye","avatar_url":"https:\/\/secure.gravatar.com\/avatar\/d17482a96e1750ba193b817cd3ca4f54e9d52969a822c6805d45b1a3a527bdb0?s=96&d=mm&r=g","author_category":"","user_url":"","last_name":"Challaye","first_name":"F\u00e9licien","job_title":"","description":"<a href=\"https:\/\/maitron.fr\/spip.php?article19287\">Sa notice biographique<\/a> tir\u00e9e du Maitron"}],"_links":{"self":[{"href":"https:\/\/la-presse-anarchiste.net\/index.php\/wp-json\/wp\/v2\/posts\/493","targetHints":{"allow":["GET"]}}],"collection":[{"href":"https:\/\/la-presse-anarchiste.net\/index.php\/wp-json\/wp\/v2\/posts"}],"about":[{"href":"https:\/\/la-presse-anarchiste.net\/index.php\/wp-json\/wp\/v2\/types\/post"}],"author":[{"embeddable":true,"href":"https:\/\/la-presse-anarchiste.net\/index.php\/wp-json\/wp\/v2\/users\/152"}],"replies":[{"embeddable":true,"href":"https:\/\/la-presse-anarchiste.net\/index.php\/wp-json\/wp\/v2\/comments?post=493"}],"version-history":[{"count":3,"href":"https:\/\/la-presse-anarchiste.net\/index.php\/wp-json\/wp\/v2\/posts\/493\/revisions"}],"predecessor-version":[{"id":6202,"href":"https:\/\/la-presse-anarchiste.net\/index.php\/wp-json\/wp\/v2\/posts\/493\/revisions\/6202"}],"wp:featuredmedia":[{"embeddable":true,"href":"https:\/\/la-presse-anarchiste.net\/index.php\/wp-json\/wp\/v2\/media\/4535"}],"wp:attachment":[{"href":"https:\/\/la-presse-anarchiste.net\/index.php\/wp-json\/wp\/v2\/media?parent=493"}],"wp:term":[{"taxonomy":"category","embeddable":true,"href":"https:\/\/la-presse-anarchiste.net\/index.php\/wp-json\/wp\/v2\/categories?post=493"},{"taxonomy":"post_tag","embeddable":true,"href":"https:\/\/la-presse-anarchiste.net\/index.php\/wp-json\/wp\/v2\/tags?post=493"},{"taxonomy":"author","embeddable":true,"href":"https:\/\/la-presse-anarchiste.net\/index.php\/wp-json\/wp\/v2\/ppma_author?post=493"}],"curies":[{"name":"wp","href":"https:\/\/api.w.org\/{rel}","templated":true}]}}