{"id":494,"date":"1948-10-01T01:20:43","date_gmt":"1948-10-01T01:20:43","guid":{"rendered":"https:\/\/la-presse-anarchiste.net\/index.php\/2007\/06\/23\/lhomme-et-les-mythes\/"},"modified":"2024-04-17T08:39:10","modified_gmt":"2024-04-17T08:39:10","slug":"lhomme-et-les-mythes","status":"publish","type":"post","link":"https:\/\/la-presse-anarchiste.net\/index.php\/1948\/10\/01\/lhomme-et-les-mythes\/","title":{"rendered":"Les nouveaux dieux"},"content":{"rendered":"<div class=\"pdfprnt-buttons pdfprnt-buttons-post pdfprnt-top-right\"><a href=\"https:\/\/la-presse-anarchiste.net\/index.php\/wp-json\/wp\/v2\/posts\/494?print=pdf\" class=\"pdfprnt-button pdfprnt-button-pdf\" target=\"_blank\"><img decoding=\"async\" src=\"https:\/\/la-presse-anarchiste.net\/wp-content\/plugins\/pdf-print\/images\/pdf.png\" alt=\"image_pdf\" title=\"Afficher le PDF\"><\/a><a href=\"https:\/\/la-presse-anarchiste.net\/index.php\/wp-json\/wp\/v2\/posts\/494?print=print\" class=\"pdfprnt-button pdfprnt-button-print\" target=\"_blank\"><img decoding=\"async\" src=\"https:\/\/la-presse-anarchiste.net\/wp-content\/plugins\/pdf-print\/images\/print.png\" alt=\"image_print\" title=\"Contenu imprim\u00e9\"><\/a><\/div><div align=\"justify\">\n<p>Nos grands-p\u00e8res se posaient sou\u00advent le pro\u00adbl\u00e8me du des\u00adtin de l\u2019homme. C\u2019\u00e9\u00adtait au d\u00e9but du si\u00e8cle. Le monde civi\u00adli\u00ads\u00e9 vivait dans le calme et ido\u00adl\u00e2\u00adtrait la science. Apr\u00e8s un moment d\u2019\u00e9\u00admoi cau\u00ads\u00e9 par les \u00e9crits des po\u00e8tes mau\u00addits et par les bombes des anar\u00adchistes, l\u2019hu\u00adma\u00adni\u00adt\u00e9 repre\u00adnait sa marche en avant, ber\u00ad\u00e7ant un nou\u00adveau mythe, le Pro\u00adgr\u00e8s. Nos grands-p\u00e8res avan\u00ad\u00e7aient d\u2019un pas assu\u00adr\u00e9, l\u2019\u0153il fix\u00e9 sur la tour Eif\u00adfel et fre\u00addon\u00adnant la <em>Valse bleue<\/em>. Par\u00adfois, \u00e9touf\u00adfant un peu dans la car\u00adcasse de leur ratio\u00adna\u00adlisme, et sen\u00adtant le besoin d\u2019une petite crise d\u2019in\u00adqui\u00e9\u00adtude m\u00e9ta\u00adphy\u00adsique, ils son\u00adgeaient aux fins der\u00adni\u00e8res et deve\u00adnaient graves. Nos grands-p\u00e8res \u00e9taient des enfants. Nous payons aujourd\u2019\u00adhui leurs illu\u00adsions, avec les int\u00e9\u00adr\u00eats com\u00adpo\u00ads\u00e9s, comme il se doit, car la vie est un cr\u00e9an\u00adcier impla\u00adcable. Pour avoir cru que Bl\u00e9\u00adriot nous ouvrait les portes d\u2019une cit\u00e9 bien\u00adheu\u00adreuse, ils nous ont pr\u00e9\u00adpa\u00adr\u00e9 la bombe ato\u00admique. De sorte que, par com\u00adpen\u00adsa\u00adtion sans doute, nous avons quelque peu r\u00e9gres\u00ads\u00e9 quant aux th\u00e8mes de m\u00e9di\u00adta\u00adtion. Le des\u00adtin de l\u2019homme&nbsp;? Nous en repar\u00adle\u00adrons demain, comme dit la chan\u00adson. Ou du moins, si nous en par\u00adlons encore, ne nous dis\u00adsi\u00admu\u00adlons pas la gra\u00adtui\u00adt\u00e9 du pro\u00adpos. \u00ab&nbsp;Vivre d\u2019a\u00adbord, phi\u00adlo\u00adso\u00adpher ensuite.&nbsp;\u00bb Ce qui importe, c\u2019est avant tout de sau\u00adver l\u2019homme, donc de le d\u00e9fendre contre ce qui le menace.<\/p>\n<p>Mais, d\u2019a\u00adbord, l\u2019homme en vaut-il la peine&nbsp;? C\u2019est une ques\u00adtion dont on peut d\u00e9battre sans fausse pudeur. En ce qui me concerne, je suis pour, mod\u00e9\u00adr\u00e9\u00adment mais fer\u00adme\u00adment. Avec beau\u00adcoup de rai\u00adsons, dont l\u2019une me para\u00eet p\u00e9remp\u00adtoire&nbsp;: l\u2019ex\u00adtinc\u00adtion g\u00e9n\u00e9\u00adrale de l\u2019es\u00adp\u00e8ce humaine lais\u00adse\u00adrait tr\u00e8s pro\u00adba\u00adble\u00adment sub\u00adsis\u00adter quelques indi\u00advi\u00addus, dans un d\u00e9nue\u00adment mat\u00e9\u00adriel et intel\u00adlec\u00adtuel \u00e0 peu pr\u00e8s total. On peut tr\u00e8s bien ima\u00adgi\u00adner, pour eux, une esp\u00e8ce de retour \u00e0 l\u2019\u00e2ge des cavernes. Tout serait \u00e0 recom\u00admen\u00adcer, avec les m\u00eames erreurs, ou pire, et pour se retrou\u00adver ensuite \u00e0 peu pr\u00e8s o\u00f9 nous en sommes. Autant essayer d\u2019en sor\u00adtir tout de suite, puisque nous avons fran\u00adchi quelques caps dif\u00adfi\u00adciles dans le cours des mil\u00adl\u00e9\u00adnaires qui vont d\u2019A\u00addam ou du n\u00e9an\u00adder\u00adtha\u00adlo\u00efde \u00e0 l\u2019homme du XX<sup>e<\/sup> si\u00e8cle.<\/p>\n<p>Va donc pour la d\u00e9fense de l\u2019homme, c\u2019est assez ori\u00adgi\u00adnal pour qu\u2019on s\u2019y int\u00e9\u00adresse, et assez com\u00adplexe. Car une pre\u00admi\u00e8re ques\u00adtion se pose tout de suite&nbsp;: quel homme avons-nous \u00e0 d\u00e9fendre&nbsp;?<\/p>\n<p>J\u2019en\u00adtends les pro\u00adtes\u00adta\u00adtions de maint lec\u00adteur dont le si\u00e8ge est fait depuis long\u00adtemps. \u00ab&nbsp;Belle demande, dira-t-il. Comme si l\u2019on ne savait pas ce que par\u00adler veut dire&nbsp;! Il faut d\u00e9fendre l\u2019ex\u00adploi\u00adt\u00e9 contre l\u2019ex\u00adploi\u00adteur, le bon contre le mau\u00advais, le per\u00ads\u00e9\u00adcu\u00adt\u00e9 contre le per\u00ads\u00e9\u00adcu\u00adteur&nbsp;! D\u2019un c\u00f4t\u00e9 le S.S. de Dachau, l\u2019ex\u00e9\u00adcu\u00adteur de la N.K.V.D., le cri\u00admi\u00adnel qui lance la bombe ato\u00admique. De l\u2019autre le d\u00e9por\u00adt\u00e9 des camps, la vic\u00adtime du com\u00admis\u00adsaire, la femme qui risque d\u2019\u00eatre pul\u00adv\u00e9\u00adri\u00ads\u00e9e en allant cher\u00adcher son pain. Le pro\u00adbl\u00e8me est simple&nbsp;: d\u00e9fendre l\u2019homme, n\u2019est-ce pas prendre le par\u00adti des vic\u00adtimes contre les bourreaux&nbsp;?&nbsp;\u00bb<\/p>\n<p>Com\u00adment ne pas \u00eatre d\u2019ac\u00adcord, en th\u00e9o\u00adrie, avec un tel bon sens&nbsp;? Mais, en face des r\u00e9a\u00adli\u00adt\u00e9s, le choix est plus dif\u00adfi\u00adcile. Car nous sommes \u00e0 peu pr\u00e8s tous dans les dis\u00adpo\u00adsi\u00adtions pro\u00adpices \u00e0 deve\u00adnir alter\u00adna\u00adti\u00adve\u00adment vic\u00adtimes et bour\u00adreaux, sui\u00advant les rap\u00adports de force. J\u2019a\u00adjoute aus\u00adsi\u00adt\u00f4t que je ne mets pas en cause ce que C\u00e9line a nom\u00adm\u00e9 \u00ab&nbsp;l\u2019\u00e9\u00adter\u00adnelle vache\u00adrie humaine&nbsp;\u00bb. C\u2019est un \u00e9l\u00e9\u00adment dont il faut tenir compte, sans plus, car il se trouve sans doute lar\u00adge\u00adment com\u00adpen\u00ads\u00e9 par cer\u00adtains anti\u00addotes qui n\u2019ont per\u00addu de leur effi\u00adca\u00adci\u00adt\u00e9 que tr\u00e8s pro\u00advi\u00adsoi\u00adre\u00adment. Les mora\u00adlistes sont gens fort ennuyeux quand ils n\u2019ont pas le g\u00e9nie de Rous\u00adseau ou le talent de Paul L\u00e9au\u00adtaud. Les uns, apr\u00e8s le Gene\u00advois, ont enfour\u00adch\u00e9 le dada de l\u2019op\u00adti\u00admisme en pr\u00e9\u00adten\u00addant que l\u2019homme \u00e9tait bon. Les autres, tra\u00advaill\u00e9s par la bile ou exploi\u00adtant un filon sans \u00e9gal, ne voient par\u00adtout que cal\u00adculs et sc\u00e9\u00adl\u00e9\u00adra\u00adtesse, On s\u2019ex\u00adplique mal, selon ces extr\u00eames, que l\u2019hu\u00adma\u00adni\u00adt\u00e9 dure encore, ou qu\u2019elle n\u2019en soit pas depuis long\u00adtemps \u00e0 s\u2019\u00e9\u00adpa\u00adnouir en para\u00addis terrestre.<\/p>\n<p>Si l\u2019on s\u2019at\u00adtache \u00e0 la psy\u00adcho\u00adlo\u00adgie de l\u2019homme contem\u00adpo\u00adrain, on d\u00e9couvre le v\u00e9ri\u00adtable aspect du pro\u00adbl\u00e8me. Les bour\u00adreaux sont le plus sou\u00advent des brutes, mais des brutes fana\u00adti\u00ads\u00e9es. Le S.S. de Dachau exter\u00admi\u00adnait au nom de la race sup\u00e9\u00adrieure, cr\u00e9a\u00adtrice d\u2019ordre et de bon\u00adheur \u00e0 par\u00adtir de son h\u00e9g\u00e9\u00admo\u00adnie&nbsp;; le sicaire de la N.K.V.D. croit tra\u00advailler au triomphe du pro\u00adl\u00e9\u00adta\u00adriat&nbsp;; quant au Yan\u00adkee sur\u00advo\u00adlant Hiro\u00adshi\u00adma, il lan\u00ad\u00e7ait sa bombe au nom de la libert\u00e9.<\/p>\n<p>Et ceux qui tirent les ficelles&nbsp;? Ma foi, au risque de pas\u00adser pour une r\u00e9in\u00adcar\u00adna\u00adtion de Can\u00addide, j\u2019ai for\u00adte\u00adment ten\u00addance \u00e0 croire qu\u2019ils sont pos\u00ads\u00e9\u00add\u00e9s, eux aus\u00adsi, par un m\u00eame fana\u00adtisme. Il est trop facile de tout expli\u00adquer par la canaille\u00adrie des puis\u00adsants, on ne peut s\u2019en tirer ain\u00adsi avec les Tru\u00adman, Sta\u00adline, Hit\u00adler. C\u2019est un argu\u00adment d\u2019au\u00adtant plus dan\u00adge\u00adreux qu\u2019il s\u2019at\u00adtaque aux causes secondes et n\u00e9glige les prin\u00adci\u00adpaux cou\u00adpables. J\u2019ai nom\u00adm\u00e9 les Mythes dont l\u2019homme contem\u00adpo\u00adrain est infest\u00e9.<\/p>\n<p>\u00ab&nbsp;Dieu est mort&nbsp;! pro\u00adcla\u00admait Nietzsche. Le for\u00admi\u00addable \u00e9v\u00e9\u00adne\u00adment est venu sur des pattes de colombe.&nbsp;\u00bb L\u2019homme assis\u00adta cal\u00adme\u00adment \u00e0 l\u2019a\u00adgo\u00adnie, comme \u00e0 celle d\u2019un a\u00efeul qui a fini sa car\u00adri\u00e8re. Il avait v\u00e9cu long\u00adtemps avec le Dieu de l\u2019\u00c9\u00adglise, recher\u00adchant son appui, subis\u00adsant ses rudes coups, et s\u2019ha\u00adbi\u00adtuant peu \u00e0 peu \u00e0 se diri\u00adger sans lui puis\u00adqu\u2019il d\u00e9cli\u00adnait \u00e0 vue d\u2019oeil, d\u00e9pas\u00ads\u00e9 par les \u00e9v\u00e9\u00adne\u00adments. Quand il s\u2019\u00e9\u00adtei\u00adgnit, l\u2019homme ne com\u00adprit pas que la suc\u00adces\u00adsion \u00e9tait ouverte, et ce fut une v\u00e9ri\u00adtable inva\u00adsion de nou\u00adveaux dieux. Les Mythes s\u2019in\u00adsi\u00adnu\u00e8rent d\u2019a\u00adbord sans bruit dans les \u00e9crits de quelques doc\u00adtri\u00adnaires plus ou moins obs\u00adcurs en leur temps, aujourd\u2019\u00adhui illustres. Puis ils se for\u00adti\u00adfi\u00e8rent, assu\u00adr\u00e8rent leur posi\u00adtion, et fina\u00adle\u00adment se livr\u00e8rent des com\u00adbats gigan\u00adtesques \u00e0 tra\u00advers des masses d\u2019hommes lan\u00adc\u00e9es les unes contre les autres, en uti\u00adli\u00adsant le fana\u00adtisme aus\u00adsi bien que les plus sor\u00addides int\u00e9\u00adr\u00eats priv\u00e9s.<\/p>\n<p>Nous ne sommes pas \u00e0 la fin du com\u00adbat mais, au moins, si nous nous jetons dans la bataille, sachons recon\u00adna\u00eetre nos v\u00e9ri\u00adtables enne\u00admis. Que les d\u00e9fen\u00adseurs de l\u2019homme se comptent d\u2019a\u00adbord en fonc\u00adtion d\u2019un pre\u00admier prin\u00adcipe. Il n\u2019est pas n\u00e9ces\u00adsaire que cha\u00adcun d\u2019eux n\u2019ait jamais par\u00adti\u00adci\u00adp\u00e9 \u00e0 l\u2019er\u00adreur, peut-\u00eatre vaut-il mieux avoir \u00e9t\u00e9 vac\u00adci\u00adn\u00e9 par une exp\u00e9\u00adrience. Mais ce qui est essen\u00adtiel, ce qui doit \u00eatre le d\u00e9no\u00admi\u00adna\u00adteur com\u00admun de la nou\u00advelle troupe, c\u2019est la volon\u00adt\u00e9 d\u2019at\u00adta\u00adquer sans mer\u00adci et d\u2019ex\u00adter\u00admi\u00adner ces dieux impos\u00adteurs que sont les mythes modernes.<\/p>\n<p style=\"text-align: right;\">Alain Ser\u00adgent<\/p>\n<\/div>\n","protected":false},"excerpt":{"rendered":"<p>Nos grands-p\u00e8res se posaient sou\u00advent le pro\u00adbl\u00e8me du des\u00adtin de l\u2019homme. C\u2019\u00e9\u00adtait au d\u00e9but du si\u00e8cle. Le monde civi\u00adli\u00ads\u00e9 vivait dans le calme et ido\u00adl\u00e2\u00adtrait la science. Apr\u00e8s un moment d\u2019\u00e9\u00admoi cau\u00ads\u00e9 par les \u00e9crits des po\u00e8tes mau\u00addits et par les bombes des anar\u00adchistes, l\u2019hu\u00adma\u00adni\u00adt\u00e9 repre\u00adnait sa marche en avant, ber\u00ad\u00e7ant un nou\u00adveau mythe, le&nbsp;[\u2026]<\/p>\n","protected":false},"author":153,"featured_media":4535,"comment_status":"closed","ping_status":"closed","sticky":false,"template":"wp-custom-template-page-d-article","format":"standard","meta":{"wp_typography_post_enhancements_disabled":false,"footnotes":""},"categories":[65],"tags":[],"ppma_author":[817],"class_list":["post-494","post","type-post","status-publish","format-standard","has-post-thumbnail","hentry","category-defense-de-lhomme-n1-octobre-1948"],"authors":[{"term_id":817,"user_id":153,"is_guest":0,"slug":"alain-sergent","display_name":"Alain Sergent","avatar_url":"https:\/\/secure.gravatar.com\/avatar\/2eaddf459caaafae9aeaea87c2cb09262e4094f158720e720e726a207a9671b9?s=96&d=mm&r=g","author_category":"","user_url":"","last_name":"Sergent","first_name":"Alain","job_title":"","description":""}],"_links":{"self":[{"href":"https:\/\/la-presse-anarchiste.net\/index.php\/wp-json\/wp\/v2\/posts\/494","targetHints":{"allow":["GET"]}}],"collection":[{"href":"https:\/\/la-presse-anarchiste.net\/index.php\/wp-json\/wp\/v2\/posts"}],"about":[{"href":"https:\/\/la-presse-anarchiste.net\/index.php\/wp-json\/wp\/v2\/types\/post"}],"author":[{"embeddable":true,"href":"https:\/\/la-presse-anarchiste.net\/index.php\/wp-json\/wp\/v2\/users\/153"}],"replies":[{"embeddable":true,"href":"https:\/\/la-presse-anarchiste.net\/index.php\/wp-json\/wp\/v2\/comments?post=494"}],"version-history":[{"count":3,"href":"https:\/\/la-presse-anarchiste.net\/index.php\/wp-json\/wp\/v2\/posts\/494\/revisions"}],"predecessor-version":[{"id":6206,"href":"https:\/\/la-presse-anarchiste.net\/index.php\/wp-json\/wp\/v2\/posts\/494\/revisions\/6206"}],"wp:featuredmedia":[{"embeddable":true,"href":"https:\/\/la-presse-anarchiste.net\/index.php\/wp-json\/wp\/v2\/media\/4535"}],"wp:attachment":[{"href":"https:\/\/la-presse-anarchiste.net\/index.php\/wp-json\/wp\/v2\/media?parent=494"}],"wp:term":[{"taxonomy":"category","embeddable":true,"href":"https:\/\/la-presse-anarchiste.net\/index.php\/wp-json\/wp\/v2\/categories?post=494"},{"taxonomy":"post_tag","embeddable":true,"href":"https:\/\/la-presse-anarchiste.net\/index.php\/wp-json\/wp\/v2\/tags?post=494"},{"taxonomy":"author","embeddable":true,"href":"https:\/\/la-presse-anarchiste.net\/index.php\/wp-json\/wp\/v2\/ppma_author?post=494"}],"curies":[{"name":"wp","href":"https:\/\/api.w.org\/{rel}","templated":true}]}}