{"id":521,"date":"1948-10-01T05:40:00","date_gmt":"1948-10-01T05:40:00","guid":{"rendered":"https:\/\/la-presse-anarchiste.net\/index.php\/2007\/06\/30\/prendre-parti\/"},"modified":"2024-04-17T09:33:01","modified_gmt":"2024-04-17T09:33:01","slug":"prendre-parti","status":"publish","type":"post","link":"https:\/\/la-presse-anarchiste.net\/index.php\/1948\/10\/01\/prendre-parti\/","title":{"rendered":"Prendre parti&nbsp;!"},"content":{"rendered":"<div class=\"pdfprnt-buttons pdfprnt-buttons-post pdfprnt-top-right\"><a href=\"https:\/\/la-presse-anarchiste.net\/index.php\/wp-json\/wp\/v2\/posts\/521?print=pdf\" class=\"pdfprnt-button pdfprnt-button-pdf\" target=\"_blank\"><img decoding=\"async\" src=\"https:\/\/la-presse-anarchiste.net\/wp-content\/plugins\/pdf-print\/images\/pdf.png\" alt=\"image_pdf\" title=\"Afficher le PDF\"><\/a><a href=\"https:\/\/la-presse-anarchiste.net\/index.php\/wp-json\/wp\/v2\/posts\/521?print=print\" class=\"pdfprnt-button pdfprnt-button-print\" target=\"_blank\"><img decoding=\"async\" src=\"https:\/\/la-presse-anarchiste.net\/wp-content\/plugins\/pdf-print\/images\/print.png\" alt=\"image_print\" title=\"Contenu imprim\u00e9\"><\/a><\/div><div align=\"justify\">\n<p>Prendre par\u00adti&nbsp;! C\u2019est le leit\u00admo\u00adtiv \u00e0 la mode, la tarte \u00e0 la cr\u00e8me, la grande manie de l\u2019\u00e9\u00adpoque. Accor\u00addons qu\u2019elle cor\u00adres\u00adpond \u00e0 quelque chose de sain. La preuve, c\u2019est le suc\u00adc\u00e8s que rem\u00adporte la for\u00admule aupr\u00e8s des tr\u00e8s jeunes gens, dont on conna\u00eet le besoin de se d\u00e9vouer \u00e0 quelque noble t\u00e2che en fai\u00adsant une consom\u00adma\u00adtion effroyable de cer\u00adtains vocables atten\u00addris\u00adsants. Mais cela va plus loin. Des hommes qui, aupa\u00adra\u00advant, auraient v\u00e9cu en jetant sur la soci\u00e9\u00adt\u00e9 un regard tran\u00adquille, lui conc\u00e9\u00addant d\u2019al\u00adler cahin-caha sans trop de casse, deviennent de plus eu plus anxieux et en arrivent \u00e0 conclure que rien ne va plus et qu\u2019il est urgent d\u2019al\u00adler voir de pr\u00e8s com\u00adment \u00e7a fonc\u00adtionne. Donc, ne nous h\u00e2tons pas trop de haus\u00adser les \u00e9paules lorsque nous enten\u00addons pro\u00adnon\u00adcer l\u2019une de ces for\u00admules un peu aga\u00ad\u00e7antes, mais signi\u00adfi\u00adca\u00adtives. L\u2019ob\u00adses\u00adsion de \u00ab&nbsp;l\u2019en\u00adga\u00adge\u00adment&nbsp;\u00bb exprime un ph\u00e9\u00adno\u00adm\u00e8ne nou\u00adveau dont la por\u00adt\u00e9e est peut-\u00eatre incal\u00adcu\u00adlable. Et il est bon que cha\u00adcun soit de plus en plus por\u00adt\u00e9 \u00e0 se sen\u00adtir dans le bain, ou plu\u00adt\u00f4t sur un bateau cha\u00adhu\u00adt\u00e9 dan\u00adge\u00adreu\u00adse\u00adment par la tem\u00adp\u00eate, qu\u2019il est donc vain de res\u00adter dans sa cabine en se jouant un petit air de flirte, et qu\u2019il vaut mieux aller voir sur le pont com\u00adment se fait la man\u0153uvre, voire m\u00eame d\u2019y participer.<\/p>\n<p style=\"text-align: justify;\">O\u00f9 le dan\u00adger com\u00admence, c\u2019est lors\u00adqu\u2019on veut nous faire prendre par\u00adti. G\u00e9n\u00e9\u00adra\u00adle\u00adment, cela se pr\u00e9\u00adsente ain\u00adsi&nbsp;: \u00ab&nbsp;Que choi\u00adsis\u00adsez-vous, la peste ou le cho\u00adl\u00e9\u00adra&nbsp;?&nbsp;\u00bb Peu all\u00e9\u00adch\u00e9s par le pr\u00e9\u00adam\u00adbule, nous com\u00admen\u00ad\u00e7ons par faire la gri\u00admace. Mais le boni\u00admen\u00adteur insiste et d\u00e9ve\u00adloppe la pen\u00ads\u00e9e du fabu\u00adliste&nbsp;: \u00ab&nbsp;Plu\u00adt\u00f4t souf\u00adfrir que mou\u00adrir\u2026 \u00c9vi\u00addem\u00adment, le bol\u00adche\u00advisme fa\u00e7on N.K.V.D. ou le capi\u00adta\u00adlisme anglo-saxon ne rap\u00adpellent que de loin la terre pro\u00admise des doc\u00adtri\u00adnaires mar\u00adxistes ou lib\u00e9\u00adraux. D\u2019autre part, une troi\u00adsi\u00e8me guerre mon\u00addiale avec les nou\u00adveaux hochets dont la science a fait don \u00e0 l\u2019hu\u00adma\u00adni\u00adt\u00e9, ce n\u2019est pas affrio\u00adlant. Mais puis\u00adqu\u2019il faut en pas\u00adser par l\u00e0, autant savoir ce que l\u2019on veut\u2026\u00bb Et nous, imb\u00e9\u00adciles, nous hochons la t\u00eate, et fina\u00adle\u00adment nous fai\u00adsons un choix entre la peste et le cho\u00adl\u00e9\u00adra, puis entre leurs avant-gardes r\u00e9ci\u00adproques, en fonc\u00adtion d\u2019une clas\u00adsi\u00adfi\u00adca\u00adtion per\u00adson\u00adnelle \u00e9ta\u00adblie plus ou moins intelligemment.<\/p>\n<p style=\"text-align: justify;\">Pre\u00admi\u00e8re erreur. C\u2019est \u00e0 par\u00adtir de ce moment que nous don\u00adnons rai\u00adson \u00e0 l\u2019ad\u00adver\u00adsaire, en lui appor\u00adtant notre adh\u00e9\u00adsion au moins pas\u00adsive car, m\u00eame si nous refu\u00adsons de choi\u00adsir entre les deux maux, nous avouons que l\u2019un ou l\u2019autre r\u00e9gne\u00adra fata\u00adle\u00adment. Et, qu\u2019au\u00adpa\u00adra\u00advant, les hono\u00adrables repr\u00e9\u00adsen\u00adtants de la peste et du cho\u00adl\u00e9\u00adra vont se dis\u00adpu\u00adter la supr\u00e9\u00adma\u00adtie sur notre dos, c\u2019est-\u00e0-dire aux frais du bon \u00ab&nbsp;popu\u00adlo&nbsp;\u00bb qui pr\u00e9\u00adf\u00e9\u00adre\u00adrait net\u00adte\u00adment se conten\u00adter de rhumes, migraines et autres maux aus\u00adsi ano\u00addins qu\u2019i\u00adn\u00e9\u00advi\u00adtables. Or, il ne fau\u00addrait pas oublier que, par\u00admi les causes de guerre, on peut comp\u00adter comme impor\u00adtante une cer\u00adtaine n\u00e9vrose col\u00adlec\u00adtive qui se tra\u00adduit pr\u00e9\u00adci\u00ads\u00e9\u00adment par cette accep\u00adta\u00adtion pas\u00adsive du b\u0153uf men\u00e9 \u00e0 l\u2019a\u00adbat\u00adtoir. Les gou\u00adver\u00adnants le savent bien, qui t\u00e2tent tou\u00adjours le pouls de l\u2019o\u00adpi\u00adnion publique afin de savoir \u00e0 quel degr\u00e9 de r\u00e9si\u00adgna\u00adtion elle est arri\u00adv\u00e9e lors\u00adqu\u2019il s\u2019a\u00adgit d\u2019en\u00adga\u00adger un peuple dans la guerre. Apr\u00e8s tout, l\u2019ex\u00adp\u00e9\u00adrience n\u2019a pas \u00e9t\u00e9 faite, dans la conjonc\u00adture cr\u00e9\u00e9e par la seconde guerre mon\u00addiale, d\u2019une mino\u00adri\u00adt\u00e9 d\u2019au\u00adtant plus enra\u00adg\u00e9e \u00e0 d\u00e9fendre la paix qu\u2019elle pr\u00e9\u00adf\u00e8re n\u2019im\u00adporte quoi \u00e0 ce qui l\u2019at\u00adtend en cas de guerre. Rien ne prouve que, dans la nou\u00advelle situa\u00adtion his\u00adto\u00adrique, en fonc\u00adtion de l\u2019af\u00adfai\u00adblis\u00adse\u00adment des forces \u00e9ta\u00adtistes et du d\u00e9sar\u00adroi psy\u00adcho\u00adlo\u00adgique en Europe, elle ne par\u00advien\u00addrait pas \u00e0 cr\u00e9er un cou\u00adrant de paci\u00adfisme com\u00adba\u00adtif qui d\u00e9fer\u00adle\u00adrait sur les masses russes et am\u00e9\u00adri\u00adcaines, ou obli\u00adge\u00adrait au moins leurs gou\u00adver\u00adnants \u00e0 recon\u00adsi\u00add\u00e9\u00adrer le pro\u00adbl\u00e8me europ\u00e9en.<\/p>\n<p style=\"text-align: justify;\">L\u00e9nine, qui s\u2019y connais\u00adsait en mati\u00e8re d\u2019a\u00adgi\u00adta\u00adtion, posait comme pre\u00admier prin\u00adcipe qu\u2019une r\u00e9vo\u00adlu\u00adtion se fait sur un mot d\u2019ordre expri\u00admant le d\u00e9sir pro\u00adfond des masses. N\u2019a-t-on pas l\u2019im\u00adpres\u00adsion que les masses, apr\u00e8s la der\u00adni\u00e8re secousse qu\u2019une poi\u00adgn\u00e9e de meneurs leur fit subir, ont le d\u00e9sir \u00e9per\u00addu qu\u2019on leur foute la&nbsp;paix&nbsp;?<\/p>\n<p style=\"text-align: justify;\">Je sais com\u00adment vont r\u00e9agir les scep\u00adtiques. Mais est-il un domaine, une p\u00e9riode, une cir\u00adcons\u00adtance jus\u00adti\u00adfiant avec tant d\u2019a\u00adcui\u00adt\u00e9 l\u2019ap\u00adpli\u00adca\u00adtion de la pen\u00ads\u00e9e bien connue&nbsp;: \u00ab&nbsp;Il n\u2019est pas besoin d\u2019es\u00adp\u00e9\u00adrer pour entre\u00adprendre, ni de r\u00e9us\u00adsir pour per\u00ads\u00e9\u00adv\u00e9\u00adrer.&nbsp;\u00bb Et puis, que le plus scep\u00adtique se pose une ques\u00adtion est-il abso\u00adlu\u00adment cer\u00adtain, \u00e0 en don\u00adner sa t\u00eate \u00e0 cou\u00adper, que la guerre est in\u00e9\u00adluc\u00adtable&nbsp;? Je crois que tr\u00e8s peu de gens r\u00e9pon\u00addront par l\u2019af\u00adfir\u00adma\u00adtive et, dans le cas contraire, il est hon\u00adn\u00ea\u00adte\u00adment impos\u00adsible de ne pas jouer \u00e0 fond la carte de la&nbsp;paix.<\/p>\n<p style=\"text-align: justify;\">Et si nous ne r\u00e9us\u00adsis\u00adsons pas&nbsp;? Si la guerre a lieu quand m\u00eame, cet effort de paci\u00adfisme enra\u00adg\u00e9 n\u2019ayant pas \u00e9t\u00e9 accom\u00adpli et ayant \u00e9chou\u00e9&nbsp;? Les consciences faibles bronchent devant cette hypo\u00adth\u00e8se. Quoi, avoir refu\u00ads\u00e9 de prendre par\u00adti pour un r\u00e9gime com\u00admu\u00adniste qui, triom\u00adphant, appor\u00adte\u00adra \u2015 peut-\u00eatre \u2015 le bon\u00adheur au genre humain\u2026 Ou pour le lib\u00e9\u00adra\u00adlisme. qui nous aura \u2015 peut-\u00eatre\u200a\u2014\u200ad\u00e9li\u00advr\u00e9s une fois encore!\u2026 Seule\u00adment, il existe une \u00e9ven\u00adtua\u00adli\u00adt\u00e9 \u00e0 laquelle nous ne pen\u00adsons pas suf\u00adfi\u00adsam\u00adment, faute d\u2019as\u00adsez d\u2019i\u00adma\u00adgi\u00adna\u00adtion et d\u2019a\u00advoir insuf\u00adfi\u00adsam\u00adment m\u00e9di\u00adt\u00e9 les po\u00e8tes qui sont un peu plus intel\u00adli\u00adgents que les pro\u00adph\u00e8tes marxistes.<\/p>\n<p style=\"text-align: justify;\">\u00ab&nbsp;Civi\u00adli\u00adsa\u00adtions, sou\u00adve\u00adnez-vous que vous \u00eates mor\u00adtelles&nbsp;\u00bb disait r\u00eaveu\u00adse\u00adment Val\u00e9\u00adry il y a quelques lustres. Sans abon\u00adder dans le sens des apo\u00adca\u00adlyp\u00adtiques pro\u00adph\u00e9\u00adti\u00adsant la des\u00adtruc\u00adtion, par la super\u00adbombe ato\u00admique, d\u2019une pla\u00adn\u00e8te Terre pul\u00adv\u00e9\u00adri\u00ads\u00e9e dans les azi\u00admuts, on peut tr\u00e8s bien pr\u00e9\u00advoir l\u2019a\u00adn\u00e9an\u00adtis\u00adse\u00adment de toutes les struc\u00adtures actuelles&nbsp;: \u00e9ta\u00adtistes, sociales, \u00e9co\u00adno\u00admiques. juri\u00addiques, etc. La guerre peut fort bien se ter\u00admi\u00adner dans un chaos sans nom o\u00f9 tout sera \u00e0 recons\u00adtruire avec des formes nou\u00advelles. L\u2019hy\u00adpo\u00adth\u00e8se est-elle si invrai\u00adsem\u00adblable qu\u2019elle ne m\u00e9rite m\u00eame pas la r\u00e9flexion&nbsp;? Rien n\u2019est impos\u00adsible dans une \u00e9poque o\u00f9 une g\u00e9n\u00e9\u00adra\u00adtion vit dans son enfance la pleine gloire du char-\u00e0-bancs et ter\u00admine sa vie dans un d\u00e9pas\u00adse\u00adment des plus ahu\u00adris\u00adsantes pr\u00e9\u00advi\u00adsions de Jules&nbsp;Verne.<\/p>\n<p style=\"text-align: justify;\">Aus\u00adsi par\u00adti\u00adsan qu\u2019on soit de l\u2019au\u00adto-gou\u00adver\u00adne\u00adment des masses, on recon\u00adna\u00ee\u00adtra qu\u2019une telle situa\u00adtion n\u00e9ces\u00adsi\u00adte\u00adra des hommes qui aient pen\u00ads\u00e9 d\u2019a\u00advance aux pro\u00adbl\u00e8mes qu\u2019elle pose\u00adra, et condam\u00adn\u00e9 aupa\u00adra\u00advant les solu\u00adtions des rebou\u00adteux et des m\u00e9di\u00adcastres. Il est dou\u00adteux qu\u2019ils se trouvent chez des indi\u00advi\u00addus qui auront eu la stu\u00adpi\u00addi\u00adt\u00e9 de croire, au moment o\u00f9 l\u2019hu\u00adma\u00adni\u00adt\u00e9 subis\u00adsait une crise ter\u00adrible pour reje\u00adter sa vieille d\u00e9froque et faire peau neuve, qu\u2019elle \u00e9tait seule\u00adment atteinte d\u2019une mala\u00addie clas\u00adsique. Ils se trou\u00adve\u00adront chez ceux qui auront su poser \u00e0 peu pr\u00e8s cor\u00adrec\u00adte\u00adment les pro\u00adbl\u00e8mes de l\u2019\u00e9\u00advo\u00adlu\u00adtion his\u00adto\u00adrique afin de ne pas s\u2019en\u00adga\u00adger ni prendre par\u00adti, non plus que d\u2019in\u00advi\u00adter les autres \u00e0 le faire, dans des pro\u00adces\u00adsus qui ne repr\u00e9\u00adsentent fina\u00adle\u00adment que les sou\u00adbre\u00adsauts d\u2019une soci\u00e9\u00adt\u00e9 mourante.<\/p>\n<p style=\"text-align: justify;\">En face des conflits qui bou\u00adle\u00adversent l\u2019hu\u00adma\u00adni\u00adt\u00e9 depuis le d\u00e9but de ce si\u00e8cle, une mino\u00adri\u00adt\u00e9 d\u2019ir\u00adr\u00e9\u00adduc\u00adtibles a tou\u00adjours refu\u00ads\u00e9 de prendre par\u00adti. Bien enten\u00addu, il s\u2019est tou\u00adjours trou\u00adv\u00e9 des logi\u00adciens pour les accu\u00adser de ne pas avoir le sens des nuances, et ils par\u00advinrent sou\u00advent \u00e0 gagner des esprits h\u00e9si\u00adtants, m\u00eame chez les liber\u00adtaires tou\u00adjours d\u00e9ci\u00add\u00e9s \u00e0 ne pas prendre posi\u00adtion dans des conflits qu\u2019ils d\u00e9non\u00ad\u00e7aient \u00e0 l\u2019a\u00advance comme des chocs d\u2019im\u00adp\u00e9\u00adria\u00adlismes rivaux. La guerre de 1914\u200a\u2013\u200a1918 nous en offre un exemple avec le Mani\u00adfeste dit des Seize. Alors que la plu\u00adpart des anar\u00adchistes mani\u00adfes\u00adtaient leur accord avec le Mani\u00adfeste de Londres qui d\u00e9non\u00ad\u00e7ait l\u2019im\u00adp\u00e9\u00adria\u00adlisme de chaque camp et refu\u00adsait hau\u00adte\u00adment de prendre par\u00adti pour l\u2019un ou l\u2019autre, le v\u00e9n\u00e9\u00adrable Kro\u00adpot\u00adkine, dont la posi\u00adtion avait pour\u00adtant tou\u00adjours \u00e9t\u00e9 telle, \u00e9pou\u00adsait la cause des d\u00e9mo\u00adcra\u00adties. Jean Grave et quelques autres le sui\u00advaient, \u00e0 moins que Grave ait entra\u00ee\u00adn\u00e9 le vieux r\u00e9vo\u00adlu\u00adtion\u00adnaire russe, peu importe.<\/p>\n<p style=\"text-align: justify;\">Certes, dans un conflit, l\u2019un des adver\u00adsaires semble tou\u00adjours \u00ab&nbsp;moins mau\u00advais&nbsp;\u00bb que l\u2019autre&nbsp;; mais, apr\u00e8s coup, la dif\u00adf\u00e9\u00adrence para\u00eet tel\u00adle\u00adment minime qu\u2019on a v\u00e9ri\u00adta\u00adble\u00adment conscience d\u2019a\u00advoir lut\u00adt\u00e9 pour le cho\u00adl\u00e9\u00adra contre la peste, ou vice-ver\u00adsa. S\u2019il ne s\u2019a\u00adgis\u00adsait que d\u2019un choix gra\u00adtuit, on s\u2019en conso\u00adle\u00adrait ais\u00e9\u00adment, mais on sait main\u00adte\u00adnant que ce choix expose \u00e0 un cer\u00adtain nombre de choses qu\u2019on ne devrait jamais ris\u00adquer pour une cause dou\u00adteuse. Entre 40 et 44, des hommes ont \u00e9t\u00e9 d\u00e9por\u00adt\u00e9s et tor\u00adtu\u00adr\u00e9s pour que les Alli\u00e9s fassent r\u00e9gner la paix, ou bien pour que la France soit libre et pros\u00adp\u00e8re. Je sup\u00adpose que si c\u2019\u00e9\u00adtait \u00e0 refaire pour le m\u00eame r\u00e9sul\u00adtat, bien peu des sur\u00advi\u00advants \u00ab&nbsp;s\u2019en\u00adga\u00adge\u00adraient&nbsp;\u00bb \u00e0 nou\u00adveau. Ceci eut \u00e9t\u00e9 aus\u00adsi vrai d\u2019ailleurs, en cas de triomphe alle\u00admand, pour les enga\u00adg\u00e9s de l\u2019autre clan qui all\u00e8rent se geler les pieds sur le front de l\u2019Est au nom du socia\u00adlisme europ\u00e9en.<\/p>\n<p style=\"text-align: justify;\">Les hommes qui, apr\u00e8s de tels pr\u00e9\u00adc\u00e9\u00addents, recom\u00admencent les m\u00eames erreurs et inclinent \u00e0 choi\u00adsir entre deux mala\u00addies \u00e9ga\u00adle\u00adment redou\u00adtables, n\u2019ont vrai\u00adment pas le sens de l\u2019\u00e9\u00advo\u00adlu\u00adtion his\u00adto\u00adrique. On peut m\u00eame croire qu\u2019ils manquent tout sim\u00adple\u00adment de ce bon sens qui doit faire repous\u00adser un choix d\u2019ailleurs fort d\u00e9bi\u00adli\u00adtant, si l\u2019on en juge par la binette de ceux qui s\u2019y r\u00e9signent et par la gran\u00addi\u00adlo\u00adquence mor\u00adtuaire de leurs discours.<\/p>\n<p style=\"text-align: right;\">La Palice<\/p>\n<\/div>\n","protected":false},"excerpt":{"rendered":"<p>Prendre par\u00adti&nbsp;! C\u2019est le leit\u00admo\u00adtiv \u00e0 la mode, la tarte \u00e0 la cr\u00e8me, la grande manie de l\u2019\u00e9\u00adpoque. Accor\u00addons qu\u2019elle cor\u00adres\u00adpond \u00e0 quelque chose de sain. La preuve, c\u2019est le suc\u00adc\u00e8s que rem\u00adporte la for\u00admule aupr\u00e8s des tr\u00e8s jeunes gens, dont on conna\u00eet le besoin de se d\u00e9vouer \u00e0 quelque noble t\u00e2che en fai\u00adsant&nbsp;une&nbsp;[\u2026]<\/p>\n","protected":false},"author":9,"featured_media":4535,"comment_status":"closed","ping_status":"closed","sticky":false,"template":"wp-custom-template-page-d-article","format":"standard","meta":{"wp_typography_post_enhancements_disabled":false,"footnotes":""},"categories":[65],"tags":[591],"ppma_author":[681],"class_list":["post-521","post","type-post","status-publish","format-standard","has-post-thumbnail","hentry","category-defense-de-lhomme-n1-octobre-1948","tag-pacifisme"],"authors":[{"term_id":681,"user_id":9,"is_guest":0,"slug":"la-palice","display_name":"La Palice","avatar_url":"https:\/\/secure.gravatar.com\/avatar\/e3271888618244d5cfa8dd787405cc2c95092e1026184f00d01a826f294f2423?s=96&d=mm&r=g","author_category":"","user_url":"","last_name":"","first_name":"","job_title":"","description":""}],"_links":{"self":[{"href":"https:\/\/la-presse-anarchiste.net\/index.php\/wp-json\/wp\/v2\/posts\/521","targetHints":{"allow":["GET"]}}],"collection":[{"href":"https:\/\/la-presse-anarchiste.net\/index.php\/wp-json\/wp\/v2\/posts"}],"about":[{"href":"https:\/\/la-presse-anarchiste.net\/index.php\/wp-json\/wp\/v2\/types\/post"}],"author":[{"embeddable":true,"href":"https:\/\/la-presse-anarchiste.net\/index.php\/wp-json\/wp\/v2\/users\/9"}],"replies":[{"embeddable":true,"href":"https:\/\/la-presse-anarchiste.net\/index.php\/wp-json\/wp\/v2\/comments?post=521"}],"version-history":[{"count":7,"href":"https:\/\/la-presse-anarchiste.net\/index.php\/wp-json\/wp\/v2\/posts\/521\/revisions"}],"predecessor-version":[{"id":6797,"href":"https:\/\/la-presse-anarchiste.net\/index.php\/wp-json\/wp\/v2\/posts\/521\/revisions\/6797"}],"wp:featuredmedia":[{"embeddable":true,"href":"https:\/\/la-presse-anarchiste.net\/index.php\/wp-json\/wp\/v2\/media\/4535"}],"wp:attachment":[{"href":"https:\/\/la-presse-anarchiste.net\/index.php\/wp-json\/wp\/v2\/media?parent=521"}],"wp:term":[{"taxonomy":"category","embeddable":true,"href":"https:\/\/la-presse-anarchiste.net\/index.php\/wp-json\/wp\/v2\/categories?post=521"},{"taxonomy":"post_tag","embeddable":true,"href":"https:\/\/la-presse-anarchiste.net\/index.php\/wp-json\/wp\/v2\/tags?post=521"},{"taxonomy":"author","embeddable":true,"href":"https:\/\/la-presse-anarchiste.net\/index.php\/wp-json\/wp\/v2\/ppma_author?post=521"}],"curies":[{"name":"wp","href":"https:\/\/api.w.org\/{rel}","templated":true}]}}