{"id":546,"date":"2007-07-04T20:57:38","date_gmt":"2007-07-04T20:57:38","guid":{"rendered":"https:\/\/la-presse-anarchiste.net\/index.php\/2007\/07\/04\/polemique-au-sujet-des-pretendues-scissions-de-linternationale\/"},"modified":"2007-07-04T20:57:38","modified_gmt":"2007-07-04T20:57:38","slug":"polemique-au-sujet-des-pretendues-scissions-de-linternationale","status":"publish","type":"post","link":"https:\/\/la-presse-anarchiste.net\/index.php\/2007\/07\/04\/polemique-au-sujet-des-pretendues-scissions-de-linternationale\/","title":{"rendered":"Pol\u00e9mique au sujet des <i>pr\u00e9tendues scissions de l\u2019Internationale<\/i>&nbsp;\u00bb"},"content":{"rendered":"<div class=\"pdfprnt-buttons pdfprnt-buttons-post pdfprnt-top-right\"><a href=\"https:\/\/la-presse-anarchiste.net\/index.php\/wp-json\/wp\/v2\/posts\/546?print=pdf\" class=\"pdfprnt-button pdfprnt-button-pdf\" target=\"_blank\"><img decoding=\"async\" src=\"https:\/\/la-presse-anarchiste.net\/wp-content\/plugins\/pdf-print\/images\/pdf.png\" alt=\"image_pdf\" title=\"Afficher le PDF\"><\/a><a href=\"https:\/\/la-presse-anarchiste.net\/index.php\/wp-json\/wp\/v2\/posts\/546?print=print\" class=\"pdfprnt-button pdfprnt-button-print\" target=\"_blank\"><img decoding=\"async\" src=\"https:\/\/la-presse-anarchiste.net\/wp-content\/plugins\/pdf-print\/images\/print.png\" alt=\"image_print\" title=\"Contenu imprim\u00e9\"><\/a><\/div><p class=\"post_excerpt\">\n[[Article paru sans&nbsp;titre]]<\/p>\n<p><!--more--><\/p>\n<div align=\"justify\">\nLau\u00adsanne, 10 juin&nbsp;1872<br>\n<br>Citoyens r\u00e9dac\u00adteurs,\n<p>\tJe viens de lire la <em>Cir\u00adcu\u00adlaire pri\u00adv\u00e9e du Conseil g\u00e9n\u00e9\u00adral de l\u2019As\u00adso\u00adcia\u00adtion Inter\u00adna\u00adtio\u00adnale des Tra\u00advailleurs<\/em>, ayant pour titre&nbsp;: <em>les pr\u00e9\u00adten\u00addues scis\u00adsions de l\u2019In\u00adter\u00adna\u00adtio\u00adnale<\/em>.<\/p>\n<p>\tJ\u2019a\u00advoue que je m\u2019at\u00adten\u00addais \u00e0 autre chose&nbsp;: de mis\u00e9\u00adrables per\u00adson\u00adna\u00adli\u00adt\u00e9s, de pi\u00e8tres invec\u00adtives, de petites ran\u00adcunes, des petits men\u00adsonges per\u00adfides, voi\u00adl\u00e0 le fond de ce docu\u00adment. En v\u00e9ri\u00adt\u00e9, les cir\u00adcons\u00adtances appe\u00adlaient de meilleurs argu\u00adments et une autre r\u00e9fu\u00adta\u00adtion. Mais je ne veux pas m\u2019ap\u00adpe\u00adsan\u00adtir l\u00e0 des\u00adsus. J\u2019a\u00adborde imm\u00e9\u00addia\u00adte\u00adment les faits qui me sont connus et sur les\u00adquels tous mes amis de Londres seront, j\u2019en suis s\u00fbr, d\u2019ac\u00adcord avec moi. Je me contente de raconter.<\/p>\n<p>\tApr\u00e8s le grand d\u00e9sastre, nous arri\u00advions \u00e0 Londres meur\u00adtris, mais pleins d\u2019es\u00adpoir. Nous esp\u00e9\u00adrions y trou\u00adver des amis, comme nous en avions trou\u00adv\u00e9 en Belgique.<\/p>\n<p>\tNotre espoir fut de courte dur\u00e9e. Notre r\u00e9cep\u00adtion \u00e0 <em>Hol\u00adborn<\/em> fut mau\u00advaise. Le mot de men\u00addiant fut m\u00eame pro\u00adnon\u00adc\u00e9 par K. Marx et vive\u00adment rele\u00adv\u00e9 par l\u2019un de nous, Rouiller. Les vain\u00adcus venaient deman\u00adder des secours. L\u2019au\u00adm\u00f4ne fut maigre d\u2019a\u00adbord, presque nulle ensuite. On avait pro\u00admis du tra\u00advail, on en offrit, mais d\u00e9ri\u00adsoire et impos\u00adsible. Puis, on ne s\u2019en occu\u00adpa m\u00eame plus, pr\u00e9\u00adtex\u00adtant que le grand Conseil n\u2019\u00e9\u00adtait pas un bureau de placement.<\/p>\n<p>\tAlors, les r\u00e9fu\u00adgi\u00e9s se consti\u00adtu\u00e8rent en Soci\u00e9\u00adt\u00e9 sur la pro\u00adpo\u00adsi\u00adtion d\u2019un membre du Conseil g\u00e9n\u00e9\u00adral, ancien membre de la Commune.<\/p>\n<p>\tLa Soci\u00e9\u00adt\u00e9 eut avec le Conseil des d\u00e9m\u00ea\u00adl\u00e9s qu\u2019il serait beau\u00adcoup trop long de racon\u00adter ici. Mais ces d\u00e9m\u00ea\u00adl\u00e9s firent na\u00eetre une id\u00e9e, celle de ras\u00adsem\u00adbler en une sec\u00adtion les d\u00e9bris \u00e9pars des sec\u00adtions pari\u00adsiennes dont la plu\u00adpart \u00e9taient repr\u00e9\u00adsen\u00adt\u00e9es par\u00admi&nbsp;nous.<\/p>\n<p>\tApr\u00e8s quelques r\u00e9unions pr\u00e9\u00adpa\u00adra\u00adtoires dans le cou\u00adrant de sep\u00adtembre, il y eut une assem\u00adbl\u00e9e g\u00e9n\u00e9\u00adrale. Avrial y don\u00adna lec\u00adture des sta\u00adtuts qu\u2019il avait pr\u00e9\u00adpa\u00adr\u00e9s. Et ce jour l\u00e0 Durand fut, en effet, secr\u00e9\u00adtaire de la s\u00e9ance. Mais Durand n\u2019a jamais \u00e9t\u00e9 <em>secr\u00e9\u00adtaire de la sec\u00adtion<\/em>, et je le prouve.<\/p>\n<p>\tLa dis\u00adcus\u00adsion n\u2019ayant pas abou\u00adti, il fut conve\u00adnu que l\u2019on se r\u00e9uni\u00adrait la semaine sui\u00advante qui \u00e9tait, si je ne me trompe, l\u2019a\u00advant-der\u00adni\u00e8re semaine de septembre.<\/p>\n<p>\tLa r\u00e9union eut lieu. Durand y assis\u00adtait et y don\u00adna lec\u00adture du pro\u00adc\u00e8s-ver\u00adbal de la pr\u00e9\u00adc\u00e9\u00addente s\u00e9ance. Mais il ne revint plus par\u00admi nous&nbsp;; car quelques jours apr\u00e8s, \u00e0 la grande stu\u00adp\u00e9\u00adfac\u00adtion de tous ceux qui le connais\u00adsaient, il fut prou\u00adv\u00e9, en assem\u00adbl\u00e9e des r\u00e9fu\u00adgi\u00e9s, que Durand \u00e9tait agent de police. Depuis je ne l\u2019ai plus revu. Et je dois dire, en pas\u00adsant, que les pr\u00e9\u00adf\u00e9\u00adrences de Durand \u00e9taient plu\u00adt\u00f4t pour le grand Conseil que pour la sec\u00adtion fran\u00ad\u00e7aise&nbsp;; il allait plus volon\u00adtiers du c\u00f4t\u00e9 d\u2019<em>Hol\u00adborn<\/em> que du c\u00f4t\u00e9 de <em>Rupert street<\/em>. J\u2019a\u00adjou\u00adte\u00adrai m\u00eame que les Dieux, mal\u00adgr\u00e9 leurs soup\u00ad\u00e7ons, ne refu\u00ads\u00e8rent pas de le rece\u00advoir au ban\u00adquet de la Conf\u00e9rence.<\/p>\n<p>\tHuit jours apr\u00e8s la sec\u00adtion nom\u00admait son bureau. Avrial fut secr\u00e9\u00adtaire-cor\u00adres\u00adpon\u00addant, Cam\u00e9\u00adli\u00adnat tr\u00e9\u00adso\u00adrier et Ansel secr\u00e9\u00adtaire des s\u00e9ances. Ansel ayant \u00e9t\u00e9 obli\u00adg\u00e9 de quit\u00adter Londres, je le rempla\u00e7ai.<\/p>\n<p>\tC\u2019est ain\u00adsi que Durand a \u00e9t\u00e9 secr\u00e9\u00adtaire de la sec\u00adtion fran\u00ad\u00e7aise de&nbsp;1871&nbsp;!<\/p>\n<p>\tLe Conseil jette ensuite comme une injure \u00e0 la face de la sec\u00adtion fran\u00ad\u00e7aise le nom de Chau\u00adtard. Il lui consacre m\u00eame une note dans laquelle la m\u00e9chan\u00adce\u00adt\u00e9 le dis\u00adpute \u00e0 la niai\u00adse\u00adrie. Nous avions choi\u00adsi Chau\u00adtard comme d\u00e9l\u00e9\u00adgu\u00e9 au Conseil g\u00e9n\u00e9\u00adral. Si la sec\u00adtion \u00e9tait entr\u00e9e dans les vues du Conseil g\u00e9n\u00e9\u00adral, le Conseil g\u00e9n\u00e9\u00adral se gar\u00adde\u00adrait bien aujourd\u2019\u00adhui d\u2019im\u00adpri\u00admer que Chau\u00adtard a \u00e9t\u00e9 expul\u00ads\u00e9 de sa sec\u00adtion comme agent de police de Thiers.<\/p>\n<p>\tEn France nous avons une autre morale. Nous aimons les situa\u00adtions nettes, la publi\u00adci\u00adt\u00e9 et le grand jour. Et lorsque nous trou\u00advons un indigne dans nos rangs, nous le chas\u00adsons avec d\u2019au\u00adtant plus d\u2019\u00e9\u00adclat que nous avons eu confiance en&nbsp;lui.<\/p>\n<p>\tL\u2019in\u00addi\u00adgni\u00adt\u00e9 de Chau\u00adtard prou\u00adv\u00e9e, la sec\u00adtion ne pou\u00advait mieux faire que de la rendre publique. Il y avait l\u00e0 pour elle une ques\u00adtion de digni\u00adt\u00e9 et d\u2019honn\u00eatet\u00e9.<\/p>\n<p>\tLe Conseil g\u00e9n\u00e9\u00adral ne semble pas com\u00adprendre ces choses-l\u00e0. Tant pis pour&nbsp;lui.<\/p>\n<p>\tMais je vais clore cette lettre. Ce ne sera cepen\u00addant pas sans ajou\u00adter un der\u00adnier&nbsp;mot.<\/p>\n<p>\tLa cir\u00adcu\u00adlaire du Conseil g\u00e9n\u00e9\u00adral est une d\u00e9cla\u00adra\u00adtion de guerre \u00e0 tous les groupes qui ne sont pas dis\u00adpo\u00ads\u00e9s \u00e0 cour\u00adber le front sous la f\u00e9rule du grand pon\u00adtife. Cette d\u00e9cla\u00adra\u00adtion, en v\u00e9ri\u00adt\u00e9, ne pou\u00advait arri\u00adver \u00e0 un meilleur moment. Si encore ces hommes qui semblent prendre la r\u00e9vo\u00adlu\u00adtion sous leur auguste pro\u00adtec\u00adtion et lui mar\u00adquer ses limites, au lieu de faire des per\u00adson\u00adna\u00adli\u00adt\u00e9s, nous disaient ce qu\u2019ils veulent et ce qu\u2019ils pensent&nbsp;! Mais eux aus\u00adsi, comme nos par\u00adle\u00admen\u00adtaires, font de la poli\u00adtique, et tous les moyens leur sont bons pour ame\u00adner \u00e0 eux les gros bataillons.<\/p>\n<p>\tQue le Conseil g\u00e9n\u00e9\u00adral y prenne garde&nbsp;! les gros bataillons pour\u00adraient bien pas\u00adser du c\u00f4t\u00e9 de ceux qu\u2019il se pla\u00eet aujourd\u2019\u00adhui \u00e0 appe\u00adler les dis\u00adsi\u00addents et les meneurs. Cela s\u2019est vu et peut se revoir encore.<\/p>\n<p>\tDu reste, nous ver\u00adrons au pro\u00adchain congr\u00e8s. Il faut que la lumi\u00e8re se fasse, elle se fera. Et les triom\u00adphants d\u2019au\u00adjourd\u2019\u00adhui, qui peuvent \u00eatre sans peur mais qui ne sont pas sans reproche, pour\u00adraient bien se reti\u00adrer l\u2019o\u00adreille basse.<\/p>\n<p>Rap\u00adpe\u00adlons-nous les <em>b\u00e2tons flot\u00adtants<\/em> de la fable&nbsp;: \u00ab&nbsp;De loin c\u2019est quelque chose et de pr\u00e9s ce n\u2019est&nbsp;rien.&nbsp;\u00bb&nbsp;<\/p>\n<p>E. Teu\u00adli\u00e8re, Membre de la sec\u00adtion fran\u00ad\u00e7aise de&nbsp;1871.&nbsp;<\/p><\/div>\n","protected":false},"excerpt":{"rendered":"<p>[[Article paru sans&nbsp;titre]]<\/p>\n","protected":false},"author":1,"featured_media":0,"comment_status":"closed","ping_status":"closed","sticky":false,"template":"","format":"standard","meta":{"wp_typography_post_enhancements_disabled":false,"footnotes":""},"categories":[68],"tags":[],"ppma_author":[540],"class_list":["post-546","post","type-post","status-publish","format-standard","hentry","category-bulletin-de-la-federation-jurassienne-n10-11-15-juin-1872"],"authors":[{"term_id":540,"user_id":1,"is_guest":0,"slug":"admin_3gikpwyf","display_name":"Vincent Dubuc","avatar_url":"https:\/\/secure.gravatar.com\/avatar\/d015720652c25fd2ced191ade86430094e1f288a17483713e3b34d26dea52507?s=96&d=mm&r=g","author_category":"","user_url":"https:\/\/la-presse-anarchiste.net","last_name":"Dubuc","first_name":"Vincent","job_title":"","description":""}],"_links":{"self":[{"href":"https:\/\/la-presse-anarchiste.net\/index.php\/wp-json\/wp\/v2\/posts\/546","targetHints":{"allow":["GET"]}}],"collection":[{"href":"https:\/\/la-presse-anarchiste.net\/index.php\/wp-json\/wp\/v2\/posts"}],"about":[{"href":"https:\/\/la-presse-anarchiste.net\/index.php\/wp-json\/wp\/v2\/types\/post"}],"author":[{"embeddable":true,"href":"https:\/\/la-presse-anarchiste.net\/index.php\/wp-json\/wp\/v2\/users\/1"}],"replies":[{"embeddable":true,"href":"https:\/\/la-presse-anarchiste.net\/index.php\/wp-json\/wp\/v2\/comments?post=546"}],"version-history":[{"count":0,"href":"https:\/\/la-presse-anarchiste.net\/index.php\/wp-json\/wp\/v2\/posts\/546\/revisions"}],"wp:attachment":[{"href":"https:\/\/la-presse-anarchiste.net\/index.php\/wp-json\/wp\/v2\/media?parent=546"}],"wp:term":[{"taxonomy":"category","embeddable":true,"href":"https:\/\/la-presse-anarchiste.net\/index.php\/wp-json\/wp\/v2\/categories?post=546"},{"taxonomy":"post_tag","embeddable":true,"href":"https:\/\/la-presse-anarchiste.net\/index.php\/wp-json\/wp\/v2\/tags?post=546"},{"taxonomy":"author","embeddable":true,"href":"https:\/\/la-presse-anarchiste.net\/index.php\/wp-json\/wp\/v2\/ppma_author?post=546"}],"curies":[{"name":"wp","href":"https:\/\/api.w.org\/{rel}","templated":true}]}}