{"id":547,"date":"2007-07-04T21:21:31","date_gmt":"2007-07-04T21:21:31","guid":{"rendered":"https:\/\/la-presse-anarchiste.net\/index.php\/2007\/07\/04\/polemique-au-sujet-des-pretendues-scissions-de-linternationale-2\/"},"modified":"2007-07-04T21:21:31","modified_gmt":"2007-07-04T21:21:31","slug":"polemique-au-sujet-des-pretendues-scissions-de-linternationale-2","status":"publish","type":"post","link":"https:\/\/la-presse-anarchiste.net\/index.php\/2007\/07\/04\/polemique-au-sujet-des-pretendues-scissions-de-linternationale-2\/","title":{"rendered":"Pol\u00e9mique au sujet des <i>pr\u00e9tendues scissions de l\u2019Internationale<\/i>&nbsp;\u00bb"},"content":{"rendered":"<div class=\"pdfprnt-buttons pdfprnt-buttons-post pdfprnt-top-right\"><a href=\"https:\/\/la-presse-anarchiste.net\/index.php\/wp-json\/wp\/v2\/posts\/547?print=pdf\" class=\"pdfprnt-button pdfprnt-button-pdf\" target=\"_blank\"><img decoding=\"async\" src=\"https:\/\/la-presse-anarchiste.net\/wp-content\/plugins\/pdf-print\/images\/pdf.png\" alt=\"image_pdf\" title=\"Afficher le PDF\"><\/a><a href=\"https:\/\/la-presse-anarchiste.net\/index.php\/wp-json\/wp\/v2\/posts\/547?print=print\" class=\"pdfprnt-button pdfprnt-button-print\" target=\"_blank\"><img decoding=\"async\" src=\"https:\/\/la-presse-anarchiste.net\/wp-content\/plugins\/pdf-print\/images\/print.png\" alt=\"image_print\" title=\"Contenu imprim\u00e9\"><\/a><\/div><p class=\"post_excerpt\">[[Cet article \u00e0 \u00e9t\u00e9 publi\u00e9 sans le titre \u00ab&nbsp;Pol\u00e9mique\u2026\u00bb]]<\/p>\n<p><!--more--><\/p>\n<div align=\"justify\">\nNeu\u00adch\u00e2\u00adtel, 12 juin&nbsp;1872.\n<p>\tJe n\u2019ac\u00adcorde pas plus d\u2019im\u00adpor\u00adtance qu\u2019il ne convient au libelle d\u2019un go\u00fbt dou\u00adteux et d\u2019une bonne foi impos\u00adsible \u00e0 d\u00e9cou\u00advrir que M.&nbsp;Marx vient de publier, dans l\u2019in\u00adt\u00e9\u00adr\u00eat de ses ran\u00adcunes per\u00adson\u00adnelles, sous la signa\u00adture des membres du Conseil g\u00e9n\u00e9\u00adral de l\u2019In\u00adter\u00adna\u00adtio\u00adnale. Mais il est peut-\u00eatre n\u00e9ces\u00adsaire de rele\u00adver quelques calom\u00adnies me concer\u00adnant sp\u00e9\u00adcia\u00adle\u00adment, et en cela je c\u00e8de \u00e0 l\u2019in\u00advi\u00adta\u00adtion que quelques amis m\u2019ont&nbsp;faite.<\/p>\n<p>\tD\u2019a\u00adpr\u00e8s M.&nbsp;Marx, j\u2019aurais&nbsp;:<\/p>\n<ol>\n<li> Intri\u00adgu\u00e9 pour me faire \u00e9lire d\u00e9pu\u00adt\u00e9, et pour me faire por\u00adter can\u00addi\u00addat de l\u2019In\u00adter\u00adna\u00adtio\u00adnale par deux sec\u00adtions \u00e0 ma d\u00e9vo\u00adtion, et pour cela j\u2019au\u00adrais ni\u00e9 l\u2019exis\u00adtence du <em>Conseil f\u00e9d\u00e9\u00adral pari\u00adsien<\/em>&nbsp;;<\/li>\n<li> J\u2019au\u00adrais insul\u00adt\u00e9 dans un docu\u00adment public la r\u00e9vo\u00adlu\u00adtion triomphante&nbsp;;<\/li>\n<li> J\u2019au\u00adrais dit et fait impri\u00admer <em>que l\u2019In\u00adter\u00adna\u00adtio\u00adnale c\u2019\u00e9\u00adtait moi<\/em>.<\/li>\n<\/ol>\n<p>\tVoi\u00adci les&nbsp;faits&nbsp;:<\/p>\n<p>\tJ\u2019ai assis\u00adt\u00e9 \u00e0 une seule r\u00e9union \u00e9lec\u00adto\u00adrale&nbsp;; c\u2019\u00e9\u00adtait peu apr\u00e8s l\u2019ar\u00admis\u00adtice, et je ne savais pas encore que je serais can\u00addi\u00addat. Aus\u00adsi\u00adt\u00f4t que je vis qu\u2019il \u00e9tait ques\u00adtion de me por\u00adter sur la liste, je me retirai.<\/p>\n<p>\tDans cette m\u00eame r\u00e9union, dont le lieu et la date pr\u00e9\u00adcise m\u2019\u00e9\u00adchappent, eut lieu <em>apr\u00e8s mon d\u00e9part<\/em> une dis\u00adcus\u00adsion concer\u00adnant le conseil f\u00e9d\u00e9\u00adral, entre Com\u00adbault et Cha\u00adlain (repr\u00e9\u00adsen\u00adtant les sec\u00adtions de Bati\u00adgnolles, des Ternes et de Vau\u00adgi\u00adrard) d\u2019une part, et des d\u00e9l\u00e9\u00adgu\u00e9s du Conseil f\u00e9d\u00e9\u00adral pari\u00adsien qui venait de se recons\u00adti\u00adtuer, d\u2019autre part.<\/p>\n<p>\tComme il s\u2019a\u00adgit de <em>tom\u00adber un enne\u00admi<\/em>, M.&nbsp;Marx a cru pou\u00advoir me dire acteur prin\u00adci\u00adpal dans cette affaire, <em>dont je n\u2019ai connu les d\u00e9tails que depuis quelques jours seule\u00adment<\/em>, de la bouche de Pin\u00addy, que les attaques indignes conte\u00adnues dans ce fac\u00adtum calom\u00adnieux ont r\u00e9vol\u00adt\u00e9&nbsp;; c\u2019est donc plus qu\u2019une erreur, c\u2019est un mensonge.<\/p>\n<p>\t2<sup>o<\/sup> Du 18 au 21 mars, j\u2019ai \u00e9t\u00e9 de ceux qui ont ten\u00adt\u00e9 une conci\u00adlia\u00adtion, bas\u00e9e sur la recon\u00adnais\u00adsance de la R\u00e9pu\u00adblique et de la r\u00e9vo\u00adlu\u00adtion muni\u00adci\u00adpale, pour pr\u00e9\u00adve\u00adnir l\u2019\u00e9\u00adpou\u00advan\u00adtable mas\u00adsacre que pr\u00e9\u00advoyaient tous ceux qui connais\u00adsaient l\u2019\u00e9\u00adtat r\u00e9el des d\u00e9par\u00adte\u00adments et qui tenaient compte des 800&nbsp;000 Alle\u00admands qui nous entou\u00adraient d\u2019un r\u00e9seau de fer et se pro\u00admet\u00adtaient avec joie de r\u00e9ta\u00adblir l\u2019ordre \u00e0 Paris. Il est aujourd\u2019\u00adhui acquis \u00e0 l\u2019his\u00adtoire qu\u2019ils auraient repris la par\u00adtie si Ver\u00adsailles n\u2019a\u00advait pas triomph\u00e9.<\/p>\n<p>\tLe 19, mes col\u00adl\u00e8gues de la mai\u00adrie des Bati\u00adgnolles me lurent le brouillon d\u2019une affiche dont ils com\u00adpl\u00e9\u00adt\u00e8rent la r\u00e9dac\u00adtion <em>en inter\u00adca\u00adlant<\/em> une phrase que je n\u2019au\u00adrais certes pas sign\u00e9e. Mais l\u2019af\u00adfiche parut tout enti\u00e8re avec mon nom, et je pro\u00adtes\u00adtai de suite, en leur pr\u00e9\u00adsence, devant le comi\u00adt\u00e9 r\u00e9pu\u00adbli\u00adcain qui si\u00e9\u00adgeait \u00e0 la mai\u00adrie. D\u2019ailleurs mes col\u00adl\u00e8gues durent se reti\u00adrer, et je res\u00adtai seul \u00e0 admi\u00adnis\u00adtrer la mai\u00adrie pour le compte de la r\u00e9vo\u00adlu\u00adtion com\u00admu\u00adnale, \u00e0 laquelle je venais de me ral\u00adlier par pro\u00adcla\u00adma\u00adtion en date du 22. Quelques jours apr\u00e8s, les \u00e9lec\u00adteurs de Bati\u00adgnolles m\u2019\u00e9\u00adlurent membre de la Com\u00admune, bien que j\u2019eusse d\u00e9cli\u00adn\u00e9 toute can\u00addi\u00adda\u00adture. J\u2019ai la conscience d\u2019a\u00advoir rem\u00adpli mon man\u00addat jus\u00adqu\u2019\u00e0 la der\u00adni\u00e8re minute. Je ne regrette pas d\u2019a\u00advoir vou\u00adlu au pre\u00admier moment \u00e9vi\u00adter le conflit en voyant que le peuple serait fata\u00adle\u00adment vain\u00adcu. Le sou\u00adve\u00adnir de ces jours h\u00e9ro\u00efques et ter\u00adribles, l\u2019im\u00adp\u00e9\u00adris\u00adsable mani\u00adfes\u00adta\u00adtion socia\u00adliste qui est sor\u00adtie la Com\u00admune de Paris, a pu ser\u00advir ensuite de mati\u00e8re \u00e0 un <em>Mani\u00adfeste<\/em> que j\u2019ai moi aus\u00adsi admi\u00adr\u00e9 en son temps et qu\u2019on nous donne comme un acte de cou\u00adrage de la part de gens qui ont d\u00e9dai\u00adgn\u00e9 de venir prendre part \u00e0 la bataille d\u00e9ci\u00adsive que sou\u00adte\u00adnait le pro\u00adl\u00e9\u00adta\u00adriat fran\u00ad\u00e7ais [[Une per\u00adsonne de m\u00e9rite, d\u00e9vou\u00e9e \u00e0 l\u2019In\u00adter\u00adna\u00adtio\u00adnale autant qu\u2019en\u00adthou\u00adsiaste de Marx, me disait \u00e0 pro\u00adpos de ce mani\u00adfeste&nbsp;: \u00ab&nbsp;Tout ce qui se rap\u00adporte aux prin\u00adcipes est trai\u00adt\u00e9 de main de ma\u00eetre&nbsp;; mais il y a un c\u00f4t\u00e9 <em>d\u00e9ni\u00adgreur<\/em> et <em>can\u00adcan\u00adnier<\/em> r\u00e9el\u00adle\u00adment d\u00e9pla\u00adc\u00e9 qui d\u00e9pare le reste.&nbsp;\u00bb\u200a\u2014\u200aMarx a peu d\u2019oc\u00adca\u00adsions d\u2019en\u00adtendre la v\u00e9ri\u00adt\u00e9. Elle est cepen\u00addant plus utile \u00e0 un homme d\u2019une incon\u00adtes\u00adtable valeur comme lui, que les \u00e9loges dithy\u00adram\u00adbiques, d\u00e9cer\u00adn\u00e9s \u00e0 tout pro\u00adpos, sans conve\u00adnance, sans habi\u00adle\u00adt\u00e9 et sans digni\u00adt\u00e9, par de mal\u00adadroits pr\u00f4\u00adneurs, dont l\u2019un, par exemple, s\u2019en va criant avec une gra\u00advi\u00adt\u00e9 risible que les sta\u00adtuts de l\u2019<em>Inter\u00adna\u00adtio\u00adnale<\/em> sont sor\u00adtis tous pen\u00ads\u00e9s du cer\u00adveau olym\u00adpien de son ma\u00eetre et beau-p\u00e8re, comme si cette admi\u00adrable concep\u00adtion ouvri\u00e8re n\u2019\u00e9\u00adtait pas l\u2019i\u00adn\u00e9\u00advi\u00adtable r\u00e9sul\u00adtante de notre situa\u00adtion \u00e9co\u00adno\u00admique&nbsp;; comme si, d\u00e8s 1849, les pro\u00adl\u00e9\u00adtaires pari\u00adsiens, sous l\u2019ins\u00adpi\u00adra\u00adtion de Pau\u00adline Roland et de Del\u00adbruck, n\u2019a\u00advaient pas d\u00e9j\u00e0 pro\u00adcla\u00adm\u00e9 l\u2019i\u00add\u00e9e d\u2019une <em>f\u00e9d\u00e9\u00adra\u00adtion ouvri\u00e8re<\/em>, r\u00e9a\u00adli\u00ads\u00e9e \u00e0 Paris et devant bien\u00adt\u00f4t embras\u00adser les soci\u00e9\u00adt\u00e9s ouvri\u00e8res de France et des autres nations.]]. Mais si, sans \u00eatre contraint de com\u00adbattre, Paris avait pu conser\u00adver ses 200&nbsp;000 socia\u00adlistes arm\u00e9s, il serait encore le bou\u00adle\u00advard de la r\u00e9vo\u00adlu\u00adtion, l\u2019es\u00adpoir de la r\u00e9no\u00adva\u00adtion sociale, et nous n\u2019au\u00adrions pas vu la semaine san\u00adglante, la Seine rouge de sang, les rues jon\u00adch\u00e9es de cadavres, l\u2019in\u00adcom\u00adpa\u00adrable Paris trans\u00adfor\u00adm\u00e9 par la r\u00e9ac\u00adtion en une immense caverne de meurtres, et une orgie de mas\u00adsacre, de r\u00e9pres\u00adsion et de d\u00e9la\u00adtion qui laisse loin der\u00adri\u00e8re elle la Saint-Barth\u00e9lemy.<\/p>\n<p>\tOui, en fai\u00adsant obser\u00adver qu\u2019une fois la lutte enga\u00adg\u00e9e je n\u2019ai pas failli \u00e0 mon devoir, je m\u2019ho\u00adnore d\u2019a\u00advoir tout fait pour pr\u00e9\u00adve\u00adnir cette d\u00e9sas\u00adtreuse confla\u00adgra\u00adtion dans un moment o\u00f9 la pas\u00adsion irrai\u00adson\u00adn\u00e9e fai\u00adsait l\u2019af\u00adfaire des r\u00e9ac\u00adteurs, car ce sont eux qui ont atta\u00adqu\u00e9 le 18 Mars pour emp\u00ea\u00adcher la r\u00e9vo\u00adlu\u00adtion de prendre des forces, et leur cal\u00adcul infer\u00adnal \u00e9tait&nbsp;juste.<\/p>\n<p>\t3<sup>o<\/sup> Quant \u00e0 cette accu\u00adsa\u00adtion d\u2019a\u00advoir dit&nbsp;: l\u2019<em>Inter\u00adna\u00adtio\u00adnale c\u2019est moi<\/em>, elle est tel\u00adle\u00adment ridi\u00adcule que je ne pren\u00addrai m\u00eame pas la peine de dire&nbsp;: c\u2019est un mensonge.<\/p>\n<p>\t\u00c9vi\u00addem\u00adment le libel\u00adliste aura vou\u00adlu lan\u00adcer un trait d\u2019es\u00adprit, en accou\u00adplant \u00e0 pro\u00adpos de moi Louis XIV et le cho\u00adco\u00adla\u00adtier Per\u00adron. Com\u00adment ne voit-il pas que si l\u2019on n\u2019est pas un Vol\u00adtaire, il faut avoir la force d\u2019un Prou\u00addhon, ou la verve d\u2019un Cou\u00adrier, tout au moins le brio d\u2019un Roche\u00adfort, pour oser invo\u00adquer l\u2019i\u00adro\u00adnie. M.&nbsp;Marx ne r\u00e9us\u00adsit pas dans le genre spi\u00adri\u00adtuel. Il devra s\u2019en tenir, comme cer\u00adtains per\u00adro\u00adquets de son \u00e9cole qui pensent avoir tout dit lors\u00adqu\u2019ils ont appe\u00adl\u00e9 <em>clique<\/em> des gens qui valent mieux qu\u2019eux, ou com\u00adpa\u00adr\u00e9 tel de leurs adver\u00adsaires \u00e0 <em>un vieux tire-bou\u00adchon hors de ser\u00advice<\/em>, il devra s\u2019en tenir, s\u2019il veut conti\u00adnuer \u00e0 faire de l\u2019In\u00adter\u00adna\u00adtio\u00adnale un camp de dis\u00adputes, aux lourdes invec\u00adtives, aux insultes rem\u00adpla\u00ad\u00e7ant les argu\u00adments. Le genre, il est vrai, n\u2019est pas nou\u00adveau, il fut m\u00eame tr\u00e8s en vogue au sei\u00adzi\u00e8me si\u00e8cle , quand il \u00e9tait l\u2019arme favo\u00adrite des Luther et des Sca\u00adli\u00adger&nbsp;; il est vrai encore que nous sommes au dix-neu\u00advi\u00e8me si\u00e8cle et qu\u2019entre hommes pos\u00ads\u00e9\u00addant la somme des id\u00e9es de leur temps et tra\u00advaillant \u00e0 ins\u00adtau\u00adrer dans le monde la <em>v\u00e9ri\u00adt\u00e9<\/em>, la <em>morale<\/em>, la <em>jus\u00adtice<\/em>, plus de bonne foi et plus d\u2019ur\u00adba\u00adni\u00adt\u00e9 seraient de rigueur&nbsp;; mais il est vrai aus\u00adsi qu\u2019il y a encore de beaux jours pour les <em>figa\u00adristes<\/em>.<\/p>\n<p>\tJe laisse \u00e0 la f\u00e9d\u00e9\u00adra\u00adtion juras\u00adsienne le soin d\u2019\u00e9\u00adclair\u00adcir, les autres points non moins calom\u00adnieux de la <em>cir\u00adcu\u00adlaire pri\u00adv\u00e9e<\/em>. Je ferai seule\u00adment une remarque. Si les ouvriers s\u2019en \u00e9taient tenus \u00e0 l\u2019es\u00adprit et \u00e0 la lettre des sta\u00adtuts, s\u2019ils n\u2019a\u00advaient vou\u00adlu admettre dans les conseils de l\u2019In\u00adter\u00adna\u00adtio\u00adnale que <em>des tra\u00advailleurs<\/em>, nous ne don\u00adne\u00adrions pas ce d\u00e9so\u00adlant spec\u00adtacle qui doit bien r\u00e9jouir les r\u00e9ac\u00adteurs. Certes si l\u2019ha\u00adbi\u00adtant de la vil\u00adla <em>Mode\u00adna<\/em> savait ce que c\u2019est que les jours sans pain, que les nuits sans abri, que de voir sa famille affa\u00adm\u00e9e et d\u00e9so\u00adl\u00e9e, s\u2019il \u00e9tait quel\u00adque\u00adfois tom\u00adb\u00e9 de fatigue, s\u2019il avait gran\u00addi sous la peine, s\u2019il avait bon\u00addi sous les insultes gros\u00adsi\u00e8res d\u2019un contre-ma\u00eetre, s\u2019il avait lut\u00adt\u00e9 et souf\u00adfert effec\u00adti\u00adve\u00adment dans les rangs des ouvriers, il res\u00adpec\u00adte\u00adrait davan\u00adtage la sainte ligue des exploi\u00adt\u00e9s&nbsp;; et, pour la d\u00e9fense de sa per\u00adson\u00adna\u00adli\u00adt\u00e9, il ne la met\u00adtrait pas en p\u00e9ril. Quand on a le mal\u00adheur de se croire un homme indis\u00adpen\u00adsable, il faut se h\u00e2ter de s\u2019ef\u00adfa\u00adcer, de crainte d\u2019en arri\u00adver, invo\u00adlon\u00adtai\u00adre\u00adment, je le veux, \u00e0 com\u00adpro\u00admettre l\u2019exis\u00adtence de l\u2019\u0153uvre qu\u2019on pense d\u00e9fendre.<\/p>\n<p>\tJe suis de ceux qui croient que la concep\u00adtion de la jus\u00adtice est encore une affaire d\u2019in\u00addi\u00advi\u00addus et non une affaire de classe&nbsp;; par cons\u00e9\u00adquent, \u00e0 quelque classe qu\u2019ils appar\u00adtiennent, ceux qui dans nos jours de com\u00adbats veulent sin\u00adc\u00e8\u00adre\u00adment la r\u00e9vo\u00adlu\u00adtion, doivent \u00eatre admis par\u00admi nous. Mais il y a dan\u00adger \u00e0 glis\u00adser des bour\u00adgeois conver\u00adtis dans les comi\u00adt\u00e9s. Pen\u00addant que nous tra\u00advaillons p\u00e9ni\u00adble\u00adment dix ou douze heures pour gagner notre pain, ils font entre deux repas des plans de direc\u00adtion, ils envoient des \u00e9mis\u00adsaires, se cherchent des par\u00adti\u00adsans, se lancent dans des aven\u00adtures, et nous sommes \u00e9ton\u00adn\u00e9s de nous \u00e9veiller un beau jour en pleine dis\u00adcorde&nbsp;; et lorsque quel\u00adqu\u2019un essaie de voir clair dans ces intrigues, de cher\u00adcher le vrai, il est lui-m\u00eame qua\u00adli\u00adfi\u00e9 d\u2019<em>intri\u00adgant<\/em>. La vieille his\u00adtoire du d\u00e9trous\u00adseur criant au voleur contre le vol\u00e9 pour d\u00e9tour\u00adner l\u2019at\u00adten\u00adtion sera donc \u00e9ter\u00adnel\u00adle\u00adment&nbsp;vraie&nbsp;!<\/p>\n<p>\tPro\u00adl\u00e9\u00adtaires, fai\u00adsons nos affaires nous-m\u00eames, sans pr\u00e9\u00adten\u00addus grands hommes, et sans mou\u00adtons de Panurge, et tout n\u2019i\u00adra que&nbsp;mieux.<\/p>\n<p>B. Malon\n<\/p><\/div>\n","protected":false},"excerpt":{"rendered":"<p>[[Cet article \u00e0 \u00e9t\u00e9 publi\u00e9 sans le titre \u00ab&nbsp;Pol\u00e9mique\u2026\u00bb]]<\/p>\n","protected":false},"author":1,"featured_media":0,"comment_status":"closed","ping_status":"closed","sticky":false,"template":"","format":"standard","meta":{"wp_typography_post_enhancements_disabled":false,"footnotes":""},"categories":[68],"tags":[],"ppma_author":[540],"class_list":["post-547","post","type-post","status-publish","format-standard","hentry","category-bulletin-de-la-federation-jurassienne-n10-11-15-juin-1872"],"authors":[{"term_id":540,"user_id":1,"is_guest":0,"slug":"admin_3gikpwyf","display_name":"Vincent Dubuc","avatar_url":"https:\/\/secure.gravatar.com\/avatar\/d015720652c25fd2ced191ade86430094e1f288a17483713e3b34d26dea52507?s=96&d=mm&r=g","author_category":"","user_url":"https:\/\/la-presse-anarchiste.net","last_name":"Dubuc","first_name":"Vincent","job_title":"","description":""}],"_links":{"self":[{"href":"https:\/\/la-presse-anarchiste.net\/index.php\/wp-json\/wp\/v2\/posts\/547","targetHints":{"allow":["GET"]}}],"collection":[{"href":"https:\/\/la-presse-anarchiste.net\/index.php\/wp-json\/wp\/v2\/posts"}],"about":[{"href":"https:\/\/la-presse-anarchiste.net\/index.php\/wp-json\/wp\/v2\/types\/post"}],"author":[{"embeddable":true,"href":"https:\/\/la-presse-anarchiste.net\/index.php\/wp-json\/wp\/v2\/users\/1"}],"replies":[{"embeddable":true,"href":"https:\/\/la-presse-anarchiste.net\/index.php\/wp-json\/wp\/v2\/comments?post=547"}],"version-history":[{"count":0,"href":"https:\/\/la-presse-anarchiste.net\/index.php\/wp-json\/wp\/v2\/posts\/547\/revisions"}],"wp:attachment":[{"href":"https:\/\/la-presse-anarchiste.net\/index.php\/wp-json\/wp\/v2\/media?parent=547"}],"wp:term":[{"taxonomy":"category","embeddable":true,"href":"https:\/\/la-presse-anarchiste.net\/index.php\/wp-json\/wp\/v2\/categories?post=547"},{"taxonomy":"post_tag","embeddable":true,"href":"https:\/\/la-presse-anarchiste.net\/index.php\/wp-json\/wp\/v2\/tags?post=547"},{"taxonomy":"author","embeddable":true,"href":"https:\/\/la-presse-anarchiste.net\/index.php\/wp-json\/wp\/v2\/ppma_author?post=547"}],"curies":[{"name":"wp","href":"https:\/\/api.w.org\/{rel}","templated":true}]}}