{"id":548,"date":"2007-07-04T21:31:38","date_gmt":"2007-07-04T21:31:38","guid":{"rendered":"https:\/\/la-presse-anarchiste.net\/index.php\/2007\/07\/04\/polemique-au-sujet-des-pretendues-scissions-de-linternationale-3\/"},"modified":"2007-07-04T21:31:38","modified_gmt":"2007-07-04T21:31:38","slug":"polemique-au-sujet-des-pretendues-scissions-de-linternationale-3","status":"publish","type":"post","link":"https:\/\/la-presse-anarchiste.net\/index.php\/2007\/07\/04\/polemique-au-sujet-des-pretendues-scissions-de-linternationale-3\/","title":{"rendered":"Pol\u00e9mique au sujet des <i>pr\u00e9tendues scissions de l\u2019Internationale<\/i>&nbsp;\u00bb"},"content":{"rendered":"<div class=\"pdfprnt-buttons pdfprnt-buttons-post pdfprnt-top-right\"><a href=\"https:\/\/la-presse-anarchiste.net\/index.php\/wp-json\/wp\/v2\/posts\/548?print=pdf\" class=\"pdfprnt-button pdfprnt-button-pdf\" target=\"_blank\"><img decoding=\"async\" src=\"https:\/\/la-presse-anarchiste.net\/wp-content\/plugins\/pdf-print\/images\/pdf.png\" alt=\"image_pdf\" title=\"Afficher le PDF\"><\/a><a href=\"https:\/\/la-presse-anarchiste.net\/index.php\/wp-json\/wp\/v2\/posts\/548?print=print\" class=\"pdfprnt-button pdfprnt-button-print\" target=\"_blank\"><img decoding=\"async\" src=\"https:\/\/la-presse-anarchiste.net\/wp-content\/plugins\/pdf-print\/images\/print.png\" alt=\"image_print\" title=\"Contenu imprim\u00e9\"><\/a><\/div><p class=\"post_excerpt\">[[Cet article \u00e0 \u00e9t\u00e9 publi\u00e9 sans le titre \u00ab&nbsp;Pol\u00e9mique\u2026\u00bb]]<\/p>\n<p><!--more--><\/p>\n<div align=\"justify\">\nAux com\u00adpa\u00adgnons r\u00e9dac\u00adteurs du <em>Bul\u00adle\u00adtin de la F\u00e9d\u00e9\u00adra\u00adtion juras\u00adsienne<\/em>.\n<p>Chers com\u00adpa\u00adgnons de disgr\u00e2ce&nbsp;!<\/p>\n<p>\tL\u2019\u00e9\u00adp\u00e9e de Damo\u00adcl\u00e8s, dont on nous a mena\u00adc\u00e9s si long\u00adtemps, vient enfin de tom\u00adber sur nos t\u00eates. Ce n\u2019est pro\u00adpre\u00adment pas une \u00e9p\u00e9e, mais l\u2019arme habi\u00adtuelle de M.&nbsp;Marx, un tas d\u2019ordures.<\/p>\n<p>\tEn effet, dans la nou\u00advelle cir\u00adcu\u00adlaire <em>pri\u00adv\u00e9e<\/em> du Conseil g\u00e9n\u00e9\u00adral de Londres, dat\u00e9e du 5 mars 1872, mais livr\u00e9e \u00e0 la publi\u00adci\u00adt\u00e9, semble-t-il, seule\u00adment dans ces der\u00adniers jours, rien ne manque&nbsp;: inven\u00adtions ridi\u00adcules, fal\u00adsi\u00adfi\u00adca\u00adtion de prin\u00adcipes et de faits, insi\u00adnua\u00adtions odieuses, men\u00adsonges cyniques, calom\u00adnies inf\u00e2mes, enfin tout l\u2019at\u00adti\u00adrail guer\u00adrier de M.&nbsp;Marx en cam\u00adpagne. C\u2019est un recueil tant bien que mal sys\u00adt\u00e9\u00adma\u00adti\u00ads\u00e9 de tous les contes absurdes et sales que la m\u00e9chan\u00adce\u00adt\u00e9 plus per\u00adverse que spi\u00adri\u00adtuelle des Juifs alle\u00admands et russes, ses amis, ses agents, ses dis\u00adciples et, en m\u00eame temps, les valets ex\u00e9\u00adcu\u00adteurs de ses hautes \u0153uvres, a pro\u00adpa\u00adg\u00e9s et col\u00adpor\u00adt\u00e9s contre nous tous, mais sur\u00adtout contre moi, pen\u00addant trois ans \u00e0 peu pr\u00e8s, et prin\u00adci\u00adpa\u00adle\u00adment depuis ce mal\u00adheu\u00adreux Congr\u00e8s de B\u00e2le, dans lequel nous avons os\u00e9 voter, avec la majo\u00adri\u00adt\u00e9, contre la poli\u00adtique marxienne.<\/p>\n<p>\tJe me rap\u00adpelle encore l\u2019ex\u00adcla\u00adma\u00adtion pous\u00ads\u00e9e en cette occa\u00adsion, devant moi, par l\u2019un des signa\u00adtaires de la pr\u00e9\u00adsente cir\u00adcu\u00adlaire&nbsp;: \u00ab&nbsp;<em>Marx wird sehr unzu\u00adfrie\u00adden sein.\u200a\u2014\u200aMarx sera tr\u00e8s m\u00e9con\u00adtent&nbsp;!<\/em>\u00bb Et en effet, il fut tr\u00e8s m\u00e9con\u00adtent&nbsp;; et moi, le bouc expia\u00adtoire condam\u00adn\u00e9 par la furieuse syna\u00adgogue \u00e0 p\u00e2tir pour nos p\u00e9ch\u00e9s col\u00adlec\u00adtifs, j\u2019ai \u00e9t\u00e9 le pre\u00admier \u00e0 m\u2019en res\u00adsen\u00adtir. Vous rap\u00adpe\u00adlez-vous l\u2019ar\u00adticle du Juif alle\u00admand Mau\u00adrice Hess dans le <em>R\u00e9veil<\/em> (en automne 1869), repro\u00adduit et d\u00e9ve\u00adlop\u00adp\u00e9 bien\u00adt\u00f4t apr\u00e8s par les Borck\u00adheim et autres Juifs alle\u00admands du <em>Volkss\u00adtaat<\/em>&nbsp;? Je vous fais gr\u00e2ce du petit Juif russe de l\u2019<em>\u00c9ga\u00adli\u00adt\u00e9<\/em> de Gen\u00e8ve. Ce fut comme une inon\u00adda\u00adtion de boue contre moi, contre nous&nbsp;tous.<\/p>\n<p>\tPen\u00addant deux ans et demi nous avons sup\u00adpor\u00adt\u00e9 en silence cette agres\u00adsion immonde. Nos calom\u00adnia\u00adteurs avaient d\u2019a\u00adbord d\u00e9bu\u00adt\u00e9 par des accu\u00adsa\u00adtions vagues, m\u00eal\u00e9es de l\u00e2ches r\u00e9ti\u00adcences et d\u2019in\u00adsi\u00adnua\u00adtions veni\u00admeuses mais en m\u00eame temps si stu\u00adpides, qu\u2019\u00e0 d\u00e9faut d\u2019autres rai\u00adsons pour me taire, le d\u00e9go\u00fbt m\u00eal\u00e9 de m\u00e9pris qu\u2019elles avaient pro\u00advo\u00adqu\u00e9 dans mon c\u0153ur aurait suf\u00adfi pour expli\u00adquer et pour l\u00e9gi\u00adti\u00admer mon silence. Plus tard, encou\u00adra\u00adg\u00e9s par cette lon\u00adga\u00adni\u00admi\u00adt\u00e9 dont ils ne sur\u00adent pas devi\u00adner les v\u00e9ri\u00adtables rai\u00adsons, ils pous\u00ads\u00e8rent leur sale m\u00e9chan\u00adce\u00adt\u00e9 jus\u00adqu\u2019\u00e0 me repr\u00e9\u00adsen\u00adter comme un agent sala\u00adri\u00e9 pan\u00adsla\u00adviste, russe, napo\u00adl\u00e9o\u00adnien, bis\u00admar\u00adkien, voire m\u00eame papiste\u2026<\/p>\n<p>\tC\u2019\u00e9\u00adtait vrai\u00adment trop b\u00eate pour y r\u00e9pondre. Mais j\u2019ai eu, pour gar\u00adder le silence, des rai\u00adsons bien autre\u00adment impor\u00adtantes que le d\u00e9go\u00fbt natu\u00adrel qu\u2019on \u00e9prouve \u00e0 lut\u00adter contre la boue. Je n\u2019ai pas vou\u00adlu four\u00adnir un pr\u00e9\u00adtexte \u00e0 ces dignes citoyens, qui \u00e9vi\u00addem\u00adment en cher\u00adchaient un, pour pou\u00advoir r\u00e9duire \u00e0 leur taille un grand d\u00e9bat de prin\u00adcipes, en le trans\u00adfor\u00admant en une mis\u00e9\u00adrable ques\u00adtion de per\u00adsonnes. Je n\u2019ai vou\u00adlu prendre sur moi aucune part de la res\u00adpon\u00adsa\u00adbi\u00adli\u00adt\u00e9 ter\u00adrible qui doit retom\u00adber sur ceux qui n\u2019ont pas craint d\u2019in\u00adtro\u00adduire dans cette Asso\u00adcia\u00adtion Inter\u00adna\u00adtio\u00adnale des tra\u00advailleurs, dont le pro\u00adl\u00e9\u00adta\u00adriat de tant de pays attend aujourd\u2019\u00adhui son salut, avec le scan\u00addale des ambi\u00adtions per\u00adson\u00adnelles, les germes de la dis\u00adcorde et de la dis\u00adso\u00adlu\u00adtion. Je n\u2019ai point vou\u00adlu offrir au public bour\u00adgeois le spec\u00adtacle, si triste pour nous, si r\u00e9jouis\u00adsant pour lui, de nos dis\u00adsen\u00adsions int\u00e9rieures.<\/p>\n<p>\tEnfin, j\u2019ai cru devoir m\u2019abs\u00adte\u00adnir d\u2019at\u00adta\u00adquer, devant ce m\u00eame public, une cote\u00adrie, dans laquelle, j\u2019aime \u00e0 le recon\u00adna\u00eetre, il y a des hommes qui ont ren\u00addu d\u2019in\u00adcon\u00adtes\u00adtables ser\u00advices \u00e0 l\u2019Internationale.<\/p>\n<p>\tSans doute, ces hommes se d\u00e9sho\u00adnorent aujourd\u2019\u00adhui et font un grand tort \u00e0 l\u2019In\u00adter\u00adna\u00adtio\u00adnale en se ser\u00advant de la calom\u00adnie pour com\u00adbattre des adver\u00adsaires qu\u2019ils d\u00e9ses\u00adp\u00e8rent pro\u00adba\u00adble\u00adment de r\u00e9duire par la puis\u00adsance de leurs argu\u00adments. Sans doute \u00e0 leur grand z\u00e8le pour la cause du pro\u00adl\u00e9\u00adta\u00adriat s\u2019a\u00adjoute, d\u2019une fa\u00e7on assez d\u00e9plai\u00adsante, une dose consi\u00add\u00e9\u00adrable de pr\u00e9\u00adten\u00adtions vani\u00adteuses et de vues ambi\u00adtieuses, tant per\u00adson\u00adnelles que de race\u2026 Mais il n\u2019en est pas moins vrai que ce z\u00e8le est sin\u00adc\u00e8re. Au moins j\u2019en suis par\u00adfai\u00adte\u00adment convain\u00adcu, non \u00e0 l\u2019\u00e9\u00adgard de tous, mais \u00e0 l\u2019\u00e9\u00adgard d\u2019un grand nombre d\u2019entre eux&nbsp;; et comme ils sont tous soli\u00addaires, j\u2019ai d\u00fb m\u2019abs\u00adte\u00adnir d\u2019at\u00adta\u00adquer les uns pour pou\u00advoir \u00e9par\u00adgner les autres.<\/p>\n<p>\tD\u2019ailleurs je m\u2019\u00e9\u00adtais tou\u00adjours r\u00e9ser\u00adv\u00e9 d\u2019ap\u00adpe\u00adler tous mes calom\u00adnia\u00adteurs devant un jury d\u2019hon\u00adneur que le pro\u00adchain Congr\u00e8s g\u00e9n\u00e9\u00adral ne me refu\u00adse\u00adra sans doute pas. Et pour peu que ce jury m\u2019offre toutes les garan\u00adties d\u2019un juge\u00adment impar\u00adtial et s\u00e9rieux, je pour\u00adrai lui expo\u00adser avec les d\u00e9tails n\u00e9ces\u00adsaires tous les faits, tant poli\u00adtiques que per\u00adson\u00adnels, sans crainte des incon\u00adv\u00e9\u00adnients et des dan\u00adgers d\u2019une divul\u00adga\u00adtion indiscr\u00e8te.<\/p>\n<p>\tMais il est un autre ordre de faits, d\u2019un carac\u00adt\u00e8re tout public et que la calom\u00adnie mar\u00adxienne, contre\u00adsi\u00adgn\u00e9e cette fois par tous les membres du Conseil g\u00e9n\u00e9\u00adral, a sciem\u00adment et m\u00e9cham\u00adment d\u00e9na\u00adtu\u00adr\u00e9s. Les r\u00e9ta\u00adblir dans leur v\u00e9ri\u00adt\u00e9, en contri\u00adbuant, dans la mesure de mes forces, \u00e0 la d\u00e9mo\u00adli\u00adtion du sys\u00adt\u00e8me de men\u00adsonges \u00e9di\u00adfi\u00e9 par M.&nbsp;Marx et ses aco\u00adlytes, tel sera l\u2019ob\u00adjet d\u2019un \u00e9crit que je me pro\u00adpose de publier avant la r\u00e9union du Congr\u00e8s.<\/p>\n<p>\tJe ter\u00admi\u00adne\u00adrai cette lettre par une der\u00adni\u00e8re obser\u00adva\u00adtion. Rien ne prouve mieux la domi\u00adna\u00adtion d\u00e9sas\u00adtreuse de M.&nbsp;Marx dans le Conseil g\u00e9n\u00e9\u00adral, que la pr\u00e9\u00adsente cir\u00adcu\u00adlaire. Par\u00adcou\u00adrez les noms des qua\u00adrante-sept signa\u00adtaires et vous en trou\u00adve\u00adrez \u00e0 peine sept ou huit qui ont pu se pro\u00adnon\u00adcer dans cette affaire avec <em>quelque<\/em> connais\u00adsance de cause. Tous les autres, ins\u00adtru\u00adments com\u00adplai\u00adsants et aveugles de la col\u00e8re et de la poli\u00adtique mar\u00adxienne, ont contre\u00adsi\u00adgn\u00e9 une condam\u00adna\u00adtion infa\u00admante contre nous qu\u2019ils n\u2019ont jamais vus, ni enten\u00addus, et qu\u2019ils ont jug\u00e9s et ex\u00e9\u00adcu\u00adt\u00e9s sans m\u00eame avoir dai\u00adgn\u00e9 nous adres\u00adser une question&nbsp;!<\/p>\n<p>\tC\u2019est donc ain\u00adsi que dans le Conseil g\u00e9n\u00e9\u00adral de Londres on entend la<em> Jus\u00adtice<\/em>, la <em>V\u00e9ri\u00adt\u00e9<\/em>, la <em>Morale<\/em> qui, d\u2019a\u00adpr\u00e8s les consi\u00add\u00e9\u00adrants de nos sta\u00adtuts g\u00e9n\u00e9\u00adraux, doivent ser\u00advir de bases \u00e0 tous les rap\u00adports tant col\u00adlec\u00adtifs qu\u2019in\u00addi\u00advi\u00adduels dans l\u2019As\u00adso\u00adcia\u00adtion Inter\u00adna\u00adtio\u00adnale des tra\u00advailleurs&nbsp;? Ah&nbsp;! Mon\u00adsieur Karl Marx, il est plus facile de les pla\u00adcer \u00e0 la t\u00eate d\u2019un pro\u00adgramme que de les exercer&nbsp;!<\/p>\n<p>\tOn dirait que dans ce moment o\u00f9 la F\u00e9d\u00e9\u00adra\u00adtion belge met en ques\u00adtion l\u2019exis\u00adtence ult\u00e9\u00adrieure du Conseil g\u00e9n\u00e9\u00adral, tous les membres de ce Conseil ont \u00e9t\u00e9 jaloux de prou\u00adver, non seule\u00adment que l\u2019ins\u00adti\u00adtu\u00adtion en est deve\u00adnue inutile, mais qu\u2019elle n\u2019est plus aujourd\u2019\u00adhui que malfaisante.<\/p>\n<p>\tSalut et solidarit\u00e9.<\/p>\n<p>\tMichel Bakou\u00adnine, Locar\u00adno, le 12 juin&nbsp;1872.&nbsp;<\/p><\/div>\n","protected":false},"excerpt":{"rendered":"<p>[[Cet article \u00e0 \u00e9t\u00e9 publi\u00e9 sans le titre \u00ab&nbsp;Pol\u00e9mique\u2026\u00bb]]<\/p>\n","protected":false},"author":1,"featured_media":0,"comment_status":"closed","ping_status":"closed","sticky":false,"template":"","format":"standard","meta":{"wp_typography_post_enhancements_disabled":false,"footnotes":""},"categories":[68],"tags":[],"ppma_author":[540],"class_list":["post-548","post","type-post","status-publish","format-standard","hentry","category-bulletin-de-la-federation-jurassienne-n10-11-15-juin-1872"],"authors":[{"term_id":540,"user_id":1,"is_guest":0,"slug":"admin_3gikpwyf","display_name":"Vincent Dubuc","avatar_url":"https:\/\/secure.gravatar.com\/avatar\/d015720652c25fd2ced191ade86430094e1f288a17483713e3b34d26dea52507?s=96&d=mm&r=g","author_category":"","user_url":"https:\/\/la-presse-anarchiste.net","last_name":"Dubuc","first_name":"Vincent","job_title":"","description":""}],"_links":{"self":[{"href":"https:\/\/la-presse-anarchiste.net\/index.php\/wp-json\/wp\/v2\/posts\/548","targetHints":{"allow":["GET"]}}],"collection":[{"href":"https:\/\/la-presse-anarchiste.net\/index.php\/wp-json\/wp\/v2\/posts"}],"about":[{"href":"https:\/\/la-presse-anarchiste.net\/index.php\/wp-json\/wp\/v2\/types\/post"}],"author":[{"embeddable":true,"href":"https:\/\/la-presse-anarchiste.net\/index.php\/wp-json\/wp\/v2\/users\/1"}],"replies":[{"embeddable":true,"href":"https:\/\/la-presse-anarchiste.net\/index.php\/wp-json\/wp\/v2\/comments?post=548"}],"version-history":[{"count":0,"href":"https:\/\/la-presse-anarchiste.net\/index.php\/wp-json\/wp\/v2\/posts\/548\/revisions"}],"wp:attachment":[{"href":"https:\/\/la-presse-anarchiste.net\/index.php\/wp-json\/wp\/v2\/media?parent=548"}],"wp:term":[{"taxonomy":"category","embeddable":true,"href":"https:\/\/la-presse-anarchiste.net\/index.php\/wp-json\/wp\/v2\/categories?post=548"},{"taxonomy":"post_tag","embeddable":true,"href":"https:\/\/la-presse-anarchiste.net\/index.php\/wp-json\/wp\/v2\/tags?post=548"},{"taxonomy":"author","embeddable":true,"href":"https:\/\/la-presse-anarchiste.net\/index.php\/wp-json\/wp\/v2\/ppma_author?post=548"}],"curies":[{"name":"wp","href":"https:\/\/api.w.org\/{rel}","templated":true}]}}