{"id":549,"date":"2007-07-04T21:46:31","date_gmt":"2007-07-04T21:46:31","guid":{"rendered":"https:\/\/la-presse-anarchiste.net\/index.php\/2007\/07\/04\/polemique-au-sujet-des-pretendues-scissions-de-linternationale-4\/"},"modified":"2007-07-04T21:46:31","modified_gmt":"2007-07-04T21:46:31","slug":"polemique-au-sujet-des-pretendues-scissions-de-linternationale-4","status":"publish","type":"post","link":"https:\/\/la-presse-anarchiste.net\/index.php\/2007\/07\/04\/polemique-au-sujet-des-pretendues-scissions-de-linternationale-4\/","title":{"rendered":"Pol\u00e9mique au sujet des <i>pr\u00e9tendues scissions de l\u2019Internationale<\/i>&nbsp;\u00bb"},"content":{"rendered":"<div class=\"pdfprnt-buttons pdfprnt-buttons-post pdfprnt-top-right\"><a href=\"https:\/\/la-presse-anarchiste.net\/index.php\/wp-json\/wp\/v2\/posts\/549?print=pdf\" class=\"pdfprnt-button pdfprnt-button-pdf\" target=\"_blank\"><img decoding=\"async\" src=\"https:\/\/la-presse-anarchiste.net\/wp-content\/plugins\/pdf-print\/images\/pdf.png\" alt=\"image_pdf\" title=\"Afficher le PDF\"><\/a><a href=\"https:\/\/la-presse-anarchiste.net\/index.php\/wp-json\/wp\/v2\/posts\/549?print=print\" class=\"pdfprnt-button pdfprnt-button-print\" target=\"_blank\"><img decoding=\"async\" src=\"https:\/\/la-presse-anarchiste.net\/wp-content\/plugins\/pdf-print\/images\/print.png\" alt=\"image_print\" title=\"Contenu imprim\u00e9\"><\/a><\/div><p class=\"post_excerpt\">[[Cet article \u00e0 \u00e9t\u00e9 publi\u00e9 sans le titre \u00ab&nbsp;Pol\u00e9mique\u2026\u00bb]]<\/p>\n<p><!--more--><\/p>\n<div align=\"justify\">\n<h2>La bonne foi du Conseil G\u00e9n\u00e9ral<\/h2>\n<p>\tDans sa \u00ab&nbsp;cir\u00adcu\u00adlaire pri\u00adv\u00e9e&nbsp;\u00bb, sorte de mani\u00adfeste en r\u00e9ponse aux attaques dont il se dit l\u2019ob\u00adjet, le <em>Conseil g\u00e9n\u00e9\u00adral<\/em> de Londres vient de se d\u00e9par\u00adtir du calme et du sang-froid que sa posi\u00adtion\u200a\u2014\u200aplus ou moins jus\u00adti\u00adfi\u00e9e\u200a\u2014\u200ade repr\u00e9\u00adsen\u00adtant du pro\u00adl\u00e9\u00adta\u00adriat uni\u00adver\u00adsel, lui commandait.<\/p>\n<p>\tAu lieu de cher\u00adcher \u00e0 se jus\u00adti\u00adfier des actes dont il s\u2019est ren\u00addu cou\u00adpable, en m\u00e9con\u00adnais\u00adsant les prin\u00adcipes sur les\u00adquels repose l\u2019<em>Asso\u00adcia\u00adtion Inter\u00adna\u00adtio\u00adnale des tra\u00advailleurs<\/em>, en niant le droit d\u2019au\u00adto\u00adno\u00admie des sec\u00adtions, notam\u00adment&nbsp;; au lieu de nous don\u00adner l\u2019exemple de la mod\u00e9\u00adra\u00adtion et de l\u2019im\u00adpar\u00adtia\u00adli\u00adt\u00e9, le <em>Conseil g\u00e9n\u00e9\u00adral<\/em> tonne, fou\u00addroie et fait pleu\u00advoir l\u2019in\u00adjure sur ses adversaires.<\/p>\n<p>\tD\u2019autres r\u00e9pon\u00addront sans doute \u00e0 la der\u00adni\u00e8re bulle papale qui nous est arri\u00adv\u00e9e de Londres, et les erreurs de prin\u00adcipes seront per\u00adc\u00e9es \u00e0 jour.\u200a\u2014\u200aJe veux sim\u00adple\u00adment rele\u00adver les erreurs de fait, qui int\u00e9\u00adressent la direc\u00adtion et la r\u00e9dac\u00adtion du jour\u00adnal la <em>R\u00e9vo\u00adlu\u00adtion sociale<\/em>.<\/p>\n<p>\t\u00ab&nbsp;La <em>Soli\u00adda\u00adri\u00adt\u00e9<\/em> ayant ces\u00ads\u00e9 d\u2019exis\u00adter, dit la \u00ab&nbsp;cir\u00adcu\u00adlaire pri\u00adv\u00e9e&nbsp;\u00bb, les nou\u00adveaux adh\u00e9\u00adrents de l\u2019<em>Alliance<\/em> fon\u00add\u00e8rent la <em>R\u00e9vo\u00adlu\u00adtion sociale<\/em> <em>sous la direc\u00adtion sup\u00e9\u00adrieure<\/em> de Madame Andr\u00e9 L\u00e9o,&nbsp;etc\u2026&nbsp;\u00bb<\/p>\n<p>\tLe d\u00e9bat qui s\u2019est \u00e9le\u00adv\u00e9 r\u00e9cem\u00adment entre le direc\u00adteur de la <em>R\u00e9vo\u00adlu\u00adtion social<\/em>e et les gro\u00adtesques ano\u00adnymes qui r\u00e9digent l\u2019<em>\u00c9ga\u00adli\u00adt\u00e9<\/em> de Gen\u00e8ve, d\u00e9bat qui a n\u00e9ces\u00adsi\u00adt\u00e9 de ma part une lettre expli\u00adca\u00adtive publi\u00e9e dans le jour\u00adnal l\u2019<em>Inter\u00adna\u00adtio\u00adnale<\/em>, de Bruxelles, aurait d\u00fb ouvrir les yeux aux membres du <em>Conseil g\u00e9n\u00e9\u00adral<\/em> sur ce point essen\u00adtiel. J\u2019ai fon\u00add\u00e9 la <em>R\u00e9vo\u00adlu\u00adtion sociale<\/em> au mois d\u2019oc\u00adtobre der\u00adnier. Or, \u00e0 cette \u00e9poque, je ne fai\u00adsais pas par\u00adtie de la sec\u00adtion de <em>Pro\u00adpa\u00adgande et d\u2019ac\u00adtion r\u00e9vo\u00adlu\u00adtion\u00adnaire socia\u00adliste<\/em>, de Gen\u00e8ve, et notre jour\u00adnal n\u2019est deve\u00adnu l\u2019or\u00adgane de la <em>F\u00e9d\u00e9\u00adra\u00adtion juras\u00adsienne<\/em> qu\u2019a\u00adpr\u00e8s le congr\u00e8s de Son\u00advil\u00adlier, tenu en novembre, c\u2019est-\u00e0-dire un mois apr\u00e8s sa fon\u00adda\u00adtion. En second lieu, j\u2019ai tou\u00adjours eu la direc\u00adtion abso\u00adlue de la<em> R\u00e9vo\u00adlu\u00adtion sociale<\/em>, et si Madame Andr\u00e9 L\u00e9o m\u2019a don\u00adn\u00e9 quelques articles, c\u2019est au m\u00eame titre que mes autres col\u00adla\u00adbo\u00adra\u00adteurs <em>Arthur Arnould, E. Razoua, L. Mar\u00adchand<\/em>, etc.<\/p>\n<p>\tLa <em>R\u00e9vo\u00adlu\u00adtion sociale<\/em> n\u2019a donc pas \u00e9t\u00e9 fon\u00add\u00e9e <em>par les nou\u00adveaux adh\u00e9\u00adrents de l\u2019Al\u00adliance<\/em>, et Madame Andr\u00e9 L\u00e9o n\u2019a pas eu de <em>direc\u00adtion sup\u00e9\u00adrieure<\/em> ou autre dans le journal.<\/p>\n<p>\t\u00ab&nbsp;D\u00e8s son pre\u00admier num\u00e9\u00adro, pour\u00adsuit la cir\u00adcu\u00adlaire, ce jour\u00adnal s\u2019empressa de se mettre au niveau du <em>Figa\u00adro<\/em>, du <em>Gau\u00adlois<\/em>, du <em>Paris-Jour\u00adnal<\/em> et autres organes ordu\u00adriers dont il r\u00e9\u00e9di\u00adta les sale\u00adt\u00e9s contre le <em>Conseil g\u00e9n\u00e9\u00adral<\/em>, etc.&nbsp;\u00bb<\/p>\n<p>\tJe laisse de c\u00f4t\u00e9 les expres\u00adsions mal\u00adpropres qui semblent com\u00adpo\u00adser le voca\u00adbu\u00adlaire favo\u00adri du conseil supr\u00eame. Quant \u00e0 assi\u00admi\u00adler la <em>R\u00e9vo\u00adlu\u00adtion sociale<\/em> aux feuilles bona\u00adpar\u00adteuses ci-des\u00adsus nom\u00adm\u00e9es, c\u2019est inf\u00e2me et absurde en m\u00eame temps. Vous n\u2019a\u00advez pas lu le pre\u00admier num\u00e9\u00adro dont vous par\u00adlez, Mes\u00adsieurs de la cir\u00adcu\u00adlaire. S\u2019il en \u00e9tait autre\u00adment je serais bien for\u00adc\u00e9 de recon\u00adna\u00eetre que vous avez la conscience plus noire et la t\u00eate plus <em>car\u00adr\u00e9e<\/em> que je le pen\u00adsais. Mais non, vous nous faites un pro\u00adc\u00e8s de ten\u00addances, vous \u00e9pi\u00adlo\u00adguez, vous ergo\u00adtez, vous d\u00e9na\u00adtu\u00adrez \u00e0 plai\u00adsir des faits acquis, et vous r\u00e9pon\u00addez par des calom\u00adnies ridi\u00adcules aux reproches d\u2019au\u00adto\u00adri\u00adta\u00adrisme et d\u2019am\u00adbi\u00adtion que nous avions le droit et le devoir de vous adresser.<\/p>\n<p>\tJe sais que le <em>Conseil g\u00e9n\u00e9\u00adral<\/em> de Londres est com\u00adpo\u00ads\u00e9 d\u2019\u00e9l\u00e9\u00adments h\u00e9t\u00e9\u00adro\u00adg\u00e8nes&nbsp;; qu\u2019il y a dans son sein des membres qui devraient en \u00eatre chas\u00ads\u00e9s&nbsp;; et cela m\u2019ex\u00adplique la marche que tend \u00e0 suivre, depuis quelque temps, le Conseil de Londres. Mais que des hommes intel\u00adli\u00adgents, probes, d\u00e9vou\u00e9s, tels que les citoyens Lon\u00adguet, Vaillant, Ran\u00advier, Cour\u00adnet, etc., fassent cho\u00adrus avec des dr\u00f4les de la trempe d\u2019un Ser\u00adrailler&nbsp;! Que des citoyens dont les convic\u00adtions et la bonne foi ne sont mises en doute par per\u00adsonne, consentent \u00e0 res\u00adter plus long\u00adtemps confon\u00addus avec des gens qui vivent de l\u2019<em>Inter\u00adna\u00adtio\u00adnale<\/em>, et aux d\u00e9pens de l\u2019<em>Inter\u00adna\u00adtio\u00adnale<\/em>, depuis plu\u00adsieurs ann\u00e9es, et, qu\u2019en\u00adfin, ces hommes se servent d\u2019armes d\u00e9loyales, pour d\u00e9fendre une cause qui est recon\u00adnue mau\u00advaise\u200a\u2014\u200acette cause n\u2019est autre que l\u2019om\u00adni\u00adpo\u00adtence du Conseil g\u00e9n\u00e9\u00adral\u200a\u2014\u200anon plus seule\u00adment par la <em>F\u00e9d\u00e9\u00adra\u00adtion juras\u00adsienne<\/em>, mais par les F\u00e9d\u00e9\u00adra\u00adtions espa\u00adgnole et ita\u00adlienne, et par la F\u00e9d\u00e9\u00adra\u00adtion belge, qui demande la sup\u00adpres\u00adsion du Conseil g\u00e9n\u00e9\u00adral, certes, tout cela nous \u00e9c\u0153ure, et nous avons le droit de nous indigner.<\/p>\n<p>\tFort heu\u00adreu\u00adse\u00adment, la cause du pro\u00adl\u00e9\u00adta\u00adriat est en dehors et au-des\u00adsus des intrigues et des f\u00e9lo\u00adnies de quelques char\u00adla\u00adtans. Le tra\u00advailleur souffre, meurt de mis\u00e8re et de faim, pen\u00addant que le bour\u00adgeois mil\u00adlion\u00adnaire jouit&nbsp;; voi\u00adl\u00e0 le fait bru\u00adtal qui frappe tous les yeux. Or, il faut que cette situa\u00adtion anor\u00admale et scan\u00adda\u00adleuse cesse. Il faut que l\u2019es\u00adclave qui peuple aujourd\u2019\u00adhui les chan\u00adtiers, les ate\u00adliers, les mines, \u00e9man\u00adci\u00adp\u00e9 intel\u00adlec\u00adtuel\u00adle\u00adment et \u00e9co\u00adno\u00admi\u00adque\u00adment, prenne au plus vite sa place au soleil de la jus\u00adtice et de l\u2019\u00e9galit\u00e9&nbsp;!<\/p>\n<p>A. Cla\u00adris, ex-direc\u00adteur de la <em>R\u00e9vo\u00adlu\u00adtion sociale<\/em>. Gen\u00e8ve, 13 juin&nbsp;1872.&nbsp;<\/p><\/div>\n","protected":false},"excerpt":{"rendered":"<p>[[Cet article \u00e0 \u00e9t\u00e9 publi\u00e9 sans le titre \u00ab&nbsp;Pol\u00e9mique\u2026\u00bb]]<\/p>\n","protected":false},"author":1,"featured_media":0,"comment_status":"closed","ping_status":"closed","sticky":false,"template":"","format":"standard","meta":{"wp_typography_post_enhancements_disabled":false,"footnotes":""},"categories":[68],"tags":[],"ppma_author":[540],"class_list":["post-549","post","type-post","status-publish","format-standard","hentry","category-bulletin-de-la-federation-jurassienne-n10-11-15-juin-1872"],"authors":[{"term_id":540,"user_id":1,"is_guest":0,"slug":"admin_3gikpwyf","display_name":"Vincent Dubuc","avatar_url":"https:\/\/secure.gravatar.com\/avatar\/d015720652c25fd2ced191ade86430094e1f288a17483713e3b34d26dea52507?s=96&d=mm&r=g","author_category":"","user_url":"https:\/\/la-presse-anarchiste.net","last_name":"Dubuc","first_name":"Vincent","job_title":"","description":""}],"_links":{"self":[{"href":"https:\/\/la-presse-anarchiste.net\/index.php\/wp-json\/wp\/v2\/posts\/549","targetHints":{"allow":["GET"]}}],"collection":[{"href":"https:\/\/la-presse-anarchiste.net\/index.php\/wp-json\/wp\/v2\/posts"}],"about":[{"href":"https:\/\/la-presse-anarchiste.net\/index.php\/wp-json\/wp\/v2\/types\/post"}],"author":[{"embeddable":true,"href":"https:\/\/la-presse-anarchiste.net\/index.php\/wp-json\/wp\/v2\/users\/1"}],"replies":[{"embeddable":true,"href":"https:\/\/la-presse-anarchiste.net\/index.php\/wp-json\/wp\/v2\/comments?post=549"}],"version-history":[{"count":0,"href":"https:\/\/la-presse-anarchiste.net\/index.php\/wp-json\/wp\/v2\/posts\/549\/revisions"}],"wp:attachment":[{"href":"https:\/\/la-presse-anarchiste.net\/index.php\/wp-json\/wp\/v2\/media?parent=549"}],"wp:term":[{"taxonomy":"category","embeddable":true,"href":"https:\/\/la-presse-anarchiste.net\/index.php\/wp-json\/wp\/v2\/categories?post=549"},{"taxonomy":"post_tag","embeddable":true,"href":"https:\/\/la-presse-anarchiste.net\/index.php\/wp-json\/wp\/v2\/tags?post=549"},{"taxonomy":"author","embeddable":true,"href":"https:\/\/la-presse-anarchiste.net\/index.php\/wp-json\/wp\/v2\/ppma_author?post=549"}],"curies":[{"name":"wp","href":"https:\/\/api.w.org\/{rel}","templated":true}]}}