{"id":551,"date":"2007-07-05T08:27:08","date_gmt":"2007-07-05T08:27:08","guid":{"rendered":"https:\/\/la-presse-anarchiste.net\/index.php\/2007\/07\/05\/polemique-au-sujet-des-pretendues-scissions-de-linternationale-6\/"},"modified":"2007-07-05T08:27:08","modified_gmt":"2007-07-05T08:27:08","slug":"polemique-au-sujet-des-pretendues-scissions-de-linternationale-6","status":"publish","type":"post","link":"https:\/\/la-presse-anarchiste.net\/index.php\/2007\/07\/05\/polemique-au-sujet-des-pretendues-scissions-de-linternationale-6\/","title":{"rendered":"Pol\u00e9mique au sujet des <i>pr\u00e9tendues scissions de l\u2019Internationale<\/i>&nbsp;\u00bb"},"content":{"rendered":"<div class=\"pdfprnt-buttons pdfprnt-buttons-post pdfprnt-top-right\"><a href=\"https:\/\/la-presse-anarchiste.net\/index.php\/wp-json\/wp\/v2\/posts\/551?print=pdf\" class=\"pdfprnt-button pdfprnt-button-pdf\" target=\"_blank\"><img decoding=\"async\" src=\"https:\/\/la-presse-anarchiste.net\/wp-content\/plugins\/pdf-print\/images\/pdf.png\" alt=\"image_pdf\" title=\"Afficher le PDF\"><\/a><a href=\"https:\/\/la-presse-anarchiste.net\/index.php\/wp-json\/wp\/v2\/posts\/551?print=print\" class=\"pdfprnt-button pdfprnt-button-print\" target=\"_blank\"><img decoding=\"async\" src=\"https:\/\/la-presse-anarchiste.net\/wp-content\/plugins\/pdf-print\/images\/print.png\" alt=\"image_print\" title=\"Contenu imprim\u00e9\"><\/a><\/div><p class=\"post_excerpt\">[[\u00c0 l\u2019o\u00adri\u00adgine, cet article \u00e0 \u00e9t\u00e9 publi\u00e9 sans titre ni sous&nbsp;titre]]<\/p>\n<p><!--more--><\/p>\n<div align=\"justify\">\n\tAu der\u00adnier moment nous rece\u00advons encore une lettre du citoyen Mon\u00adtels, qui a \u00e9t\u00e9 secr\u00e9\u00adtaire de la <em> <em>Sec\u00adtion de pro\u00adpa\u00adgande et d\u2019ac\u00adtion socia\u00adliste<\/em> <\/em> de Gen\u00e8ve, et qui fait actuel\u00adle\u00adment par\u00adtie de la sec\u00adtion de Lau\u00adsanne. Voi\u00adci ce qu\u2019il dit au sujet de la Cir\u00adcu\u00adlaire du Conseil g\u00e9n\u00e9ral&nbsp;:\n<p>\t\u00ab&nbsp;Comme je n\u2019ai fait que par\u00adcou\u00adrir cet admi\u00adrable docu\u00adment, que je n\u2019ai plus entre les mains, je ne puis me rap\u00adpe\u00adler au juste le texte de cer\u00adtaines phrases concer\u00adnant la <em>Sec\u00adtion de pro\u00adpa\u00adgande et d\u2019ac\u00adtion socia\u00adliste<\/em> (aus\u00adsi d\u00e9si\u00adgn\u00e9e \u00e0 Gen\u00e8ve par le nom de <em>Sec\u00adtion de Lon\u00adger\u00adnalle<\/em>, du lieu o\u00f9 elle tient ses s\u00e9ances). Mais n\u00e9an\u00admoins je me rap\u00adpelle que Malon et Lefran\u00ad\u00e7ais sont accu\u00ads\u00e9s par le Conseil g\u00e9n\u00e9\u00adral d\u2019a\u00advoir don\u00adn\u00e9 le signal de la rup\u00adture de notre Sec\u00adtion avec Londres [[Dans le pas\u00adsage dont parle le citoyen Mon\u00adtels, il est dit&nbsp;: \u00ab&nbsp;Quelques meneurs tels que B. Malon&nbsp;;\u00bb Lefran\u00ad\u00e7ais n\u2019est pas nom\u00adm\u00e9. Mais plus loin, p.&nbsp;21, les noms de Malon et de Lefran\u00ad\u00e7ais sont asso\u00adci\u00e9s. <em>Note de la R\u00e9dac\u00adtion<\/em>.]]. Ceci est com\u00adpl\u00e8\u00adte\u00adment faux. D\u2019a\u00adbord, lorsque nous avons cru pou\u00advoir nous dis\u00adpen\u00adser de l\u2019<em>acte de l\u00e9gi\u00adti\u00adma\u00adtion<\/em> du Conseil supr\u00eame, ni Malon ni Lefran\u00ad\u00e7ais ne fai\u00adsaient par\u00adtie de la Sec\u00adtion. En outre, dans une des s\u00e9ances d\u2019oc\u00adtobre der\u00adnier, \u00e0 laquelle assis\u00adtait Malon, non comme membre de la Sec\u00adtion, mais sim\u00adple\u00adment \u00e0 titre d\u2019in\u00adter\u00adna\u00adtio\u00adnal\u200a\u2014\u200ail \u00e9tait encore membre de la Sec\u00adtion du Temple-Unique\u200a\u2014\u200aMalon com\u00adbat\u00adtit vive\u00adment la pro\u00adpo\u00adsi\u00adtion que j\u2019a\u00advais faite de rompre avec Londres, parce que, disais-je, la r\u00e9so\u00adlu\u00adtion de la Conf\u00e9\u00adrence tou\u00adchant les Sec\u00adtions de pro\u00adpa\u00adgande montre clai\u00adre\u00adment qu\u2019il y a par\u00adti pris de nous \u00e9vin\u00adcer. Malon, je le r\u00e9p\u00e8te, non-seule\u00adment com\u00adbat\u00adtit ma pro\u00adpo\u00adsi\u00adtion, mais pro\u00adpo\u00adsa de renou\u00adve\u00adler une der\u00adni\u00e8re ten\u00adta\u00adtive de conci\u00adlia\u00adtion aupr\u00e8s de Londres. Sa pro\u00adpo\u00adsi\u00adtion fut accept\u00e9e.&nbsp;\u00bb<\/p>\n<\/div>\n","protected":false},"excerpt":{"rendered":"<p>[[\u00c0 l\u2019o\u00adri\u00adgine, cet article \u00e0 \u00e9t\u00e9 publi\u00e9 sans titre ni sous&nbsp;titre]]<\/p>\n","protected":false},"author":1,"featured_media":0,"comment_status":"closed","ping_status":"closed","sticky":false,"template":"","format":"standard","meta":{"wp_typography_post_enhancements_disabled":false,"footnotes":""},"categories":[68],"tags":[],"ppma_author":[540],"class_list":["post-551","post","type-post","status-publish","format-standard","hentry","category-bulletin-de-la-federation-jurassienne-n10-11-15-juin-1872"],"authors":[{"term_id":540,"user_id":1,"is_guest":0,"slug":"admin_3gikpwyf","display_name":"Vincent Dubuc","avatar_url":"https:\/\/secure.gravatar.com\/avatar\/d015720652c25fd2ced191ade86430094e1f288a17483713e3b34d26dea52507?s=96&d=mm&r=g","author_category":"","user_url":"https:\/\/la-presse-anarchiste.net","last_name":"Dubuc","first_name":"Vincent","job_title":"","description":""}],"_links":{"self":[{"href":"https:\/\/la-presse-anarchiste.net\/index.php\/wp-json\/wp\/v2\/posts\/551","targetHints":{"allow":["GET"]}}],"collection":[{"href":"https:\/\/la-presse-anarchiste.net\/index.php\/wp-json\/wp\/v2\/posts"}],"about":[{"href":"https:\/\/la-presse-anarchiste.net\/index.php\/wp-json\/wp\/v2\/types\/post"}],"author":[{"embeddable":true,"href":"https:\/\/la-presse-anarchiste.net\/index.php\/wp-json\/wp\/v2\/users\/1"}],"replies":[{"embeddable":true,"href":"https:\/\/la-presse-anarchiste.net\/index.php\/wp-json\/wp\/v2\/comments?post=551"}],"version-history":[{"count":0,"href":"https:\/\/la-presse-anarchiste.net\/index.php\/wp-json\/wp\/v2\/posts\/551\/revisions"}],"wp:attachment":[{"href":"https:\/\/la-presse-anarchiste.net\/index.php\/wp-json\/wp\/v2\/media?parent=551"}],"wp:term":[{"taxonomy":"category","embeddable":true,"href":"https:\/\/la-presse-anarchiste.net\/index.php\/wp-json\/wp\/v2\/categories?post=551"},{"taxonomy":"post_tag","embeddable":true,"href":"https:\/\/la-presse-anarchiste.net\/index.php\/wp-json\/wp\/v2\/tags?post=551"},{"taxonomy":"author","embeddable":true,"href":"https:\/\/la-presse-anarchiste.net\/index.php\/wp-json\/wp\/v2\/ppma_author?post=551"}],"curies":[{"name":"wp","href":"https:\/\/api.w.org\/{rel}","templated":true}]}}