{"id":57,"date":"1945-09-01T00:07:20","date_gmt":"1945-09-01T00:07:20","guid":{"rendered":"https:\/\/la-presse-anarchiste.net\/index.php\/2007\/01\/06\/lheredite-et-les-races\/"},"modified":"2025-07-20T18:39:16","modified_gmt":"2025-07-20T18:39:16","slug":"lheredite-et-les-races","status":"publish","type":"post","link":"https:\/\/la-presse-anarchiste.net\/index.php\/1945\/09\/01\/lheredite-et-les-races\/","title":{"rendered":"L\u2019h\u00e9r\u00e9dit\u00e9 et les&nbsp;races"},"content":{"rendered":"<div class=\"pdfprnt-buttons pdfprnt-buttons-post pdfprnt-top-right\"><a href=\"https:\/\/la-presse-anarchiste.net\/index.php\/wp-json\/wp\/v2\/posts\/57?print=pdf\" class=\"pdfprnt-button pdfprnt-button-pdf\" target=\"_blank\"><img decoding=\"async\" src=\"https:\/\/la-presse-anarchiste.net\/wp-content\/plugins\/pdf-print\/images\/pdf.png\" alt=\"image_pdf\" title=\"Afficher le PDF\"><\/a><a href=\"https:\/\/la-presse-anarchiste.net\/index.php\/wp-json\/wp\/v2\/posts\/57?print=print\" class=\"pdfprnt-button pdfprnt-button-print\" target=\"_blank\"><img decoding=\"async\" src=\"https:\/\/la-presse-anarchiste.net\/wp-content\/plugins\/pdf-print\/images\/print.png\" alt=\"image_print\" title=\"Contenu imprim\u00e9\"><\/a><\/div><div align=\"justify\">\n<p style=\"text-align: justify;\">&nbsp;&nbsp;&nbsp; On sait, depuis assez peu d\u2019an\u00adn\u00e9es, que si l\u2019on prend deux indi\u00advi\u00addus au hasard, et si, ayant pr\u00e9\u00adle\u00adv\u00e9 sur cha\u00adcun une goutte de sang, ou m\u00e9lange ces deux gouttes, deux cas peuvent se pro\u00adduire&nbsp;: ou bien le m\u00e9lange garde l\u2019as\u00adpect du sang nor\u00admal, ou bien les glo\u00adbules rouges y sont agglu\u00adti\u00adn\u00e9s entre eux. L\u2019a\u00adna\u00adlyse de ce fait m\u00e8ne \u00e0 r\u00e9par\u00adtir les \u00eatres humains en quatre cat\u00e9\u00adgo\u00adries, dites groupes san\u00adguins. Deux de ces cat\u00e9\u00adgo\u00adries, dites A et B, sont telles que le m\u00e9lange de leurs sangs donne lieu \u00e0 l\u2019ag\u00adglu\u00adti\u00adna\u00adtion r\u00e9ci\u00adproque. Une troi\u00adsi\u00e8me dite AB, est telle que ses glo\u00adbules rouges sont agglu\u00adti\u00adn\u00e9s aus\u00adsi bien par le plas\u00adma san\u00adguin du type A que par celui du type B. Une qua\u00adtri\u00e8me, dite O, est telle que ses glo\u00adbules ne sont agglu\u00adti\u00adn\u00e9s par le plas\u00adma san\u00adguin d\u2019au\u00adcune cat\u00e9\u00adgo\u00adrie. Bien enten\u00addu, l\u2019ag\u00adglu\u00adti\u00adna\u00adtion n\u2019a jamais lieu entre les sangs d\u2019in\u00addi\u00advi\u00addus appar\u00adte\u00adnant tous deux au m\u00eame groupe san\u00adguin. L\u2019ex\u00adp\u00e9\u00adrience montre que les pro\u00adpri\u00e9\u00adt\u00e9s du sang, au point de vue de l\u2019ag\u00adglu\u00adti\u00adna\u00adtion, ne varient chez un indi\u00advi\u00addu, ni en fonc\u00adtion de l\u2019\u00e2ge, ni d\u2019a\u00adpr\u00e8s son \u00e9tat de san\u00adt\u00e9, de sorte que, toute son exis\u00adtence, il appar\u00adtient \u00e0 un groupe san\u00adguin d\u00e9ter\u00admi\u00adn\u00e9. Cette pro\u00adpri\u00e9\u00adt\u00e9 est m\u00eame h\u00e9r\u00e9\u00addi\u00adtaire, et se trans\u00admet sui\u00advant les lois de Men\u00addel. Elle appa\u00adra\u00eet donc comme un carac\u00adt\u00e8re racial, au sens bio\u00adlo\u00adgique du mot. Les racistes ont fon\u00add\u00e9 sur elle de grands espoirs, pen\u00adsant trou\u00adver l\u00e0 une jus\u00adti\u00adfi\u00adca\u00adtion scien\u00adti\u00adfique de leurs affir\u00adma\u00adtions mys\u00adtiques et d\u00e9cla\u00adma\u00adtoires sur le \u00ab&nbsp;sang&nbsp;\u00bb et sa puret\u00e9.<\/p>\n<\/div>\n<div style=\"text-align: justify;\" align=\"justify\">\n<div align=\"justify\">&nbsp;&nbsp;&nbsp; En r\u00e9a\u00adli\u00adt\u00e9, si l\u2019on \u00e9tu\u00addie la dis\u00adtri\u00adbu\u00adtion des groupes san\u00adguins dans les divers peuples et les diverses races humaines, on constate qu\u2019il y a entre celles-ci des dif\u00adf\u00e9\u00adrences, mais que nulle part elles ne sont telles qu\u2019on puisse iden\u00adti\u00adfier la race et le groupe san\u00adguin. Dans tout peuple, on trouve c\u00f4te \u00e0 c\u00f4te des indi\u00advi\u00addus de carac\u00adt\u00e8res anthro\u00adpo\u00adlo\u00adgiques tr\u00e8s voi\u00adsins, et appar\u00adte\u00adnant pour\u00adtant \u00e0 des groupes san\u00adguins dif\u00adf\u00e9\u00adrents. Ce qui, par contre, peut \u00eatre carac\u00adt\u00e9\u00adris\u00adtique des peuples et des races, c\u2019est le pour\u00adcen\u00adtage des indi\u00advi\u00addus des divers groupes san\u00adguins&nbsp;: c\u2019est donc sim\u00adple\u00adment un r\u00e9sul\u00adtat sta\u00adtis\u00adtique. Ain\u00adsi les Indiens d\u2019A\u00adm\u00e9\u00adrique, les Phi\u00adlip\u00adpins, les Esqui\u00admaux appar\u00adtiennent en grande majo\u00adri\u00adt\u00e9 au groupe O, et tr\u00e8s peu aux trois autres. Les Euro\u00adp\u00e9ens occi\u00adden\u00adtaux, par contre, comptent une grande pro\u00adpor\u00adtion d\u2019in\u00addi\u00advi\u00addus A, mais en ont peu de B. Le type le plus riche en indi\u00advi\u00addus B englobe, les Hin\u00addous, les Chi\u00adnois du nord, les Mand\u00adchous et les Tziganes.<\/div>\n<div align=\"justify\">&nbsp;<\/div>\n<div align=\"justify\">&nbsp;&nbsp;&nbsp; Tout en d\u00e9ce\u00adlant des dif\u00adf\u00e9\u00adrences raciales, ces r\u00e9sul\u00adtats sont loin d\u2019\u00eatre favo\u00adrables au racisme, puisque les dif\u00adf\u00e9\u00adrences sont rela\u00adtives, et d\u2019ordre sta\u00adtique. Ils sont moins favo\u00adrables encore \u00e0 des- racismes par\u00adti\u00adcu\u00adliers, comme le racisme hit\u00adl\u00e9\u00adrien. Quand on \u00e9tu\u00addie, par exemple, les groupes san\u00adguins en diverses r\u00e9gions d\u2019Al\u00adle\u00admagne, on constate une assez grande h\u00e9t\u00e9\u00adro\u00adg\u00e9\u00adn\u00e9i\u00adt\u00e9, peu en accord avec le mythe de la pure\u00adt\u00e9 raciale du sang. Le taux du groupe A, par exemple, dimi\u00adnue r\u00e9gu\u00adli\u00e8\u00adre\u00adment en Alle\u00admagne, \u00e0 mesure qu\u2019on va vers l\u2019est., tan\u00addis que celui du groupe B et celui du grou\u00adpe AB aug\u00admentent. Ceci exprime sim\u00adple\u00adment que l\u2019Al\u00adle\u00admagne est une r\u00e9gion de pas\u00adsage et de tran\u00adsi\u00adtion entre le type de dis\u00adtri\u00adbu\u00adtion des groupes san\u00adguins de l\u2019Eu\u00adrope occi\u00adden\u00adtale (riche en A et pauvre en B) et celui qui carac\u00adt\u00e9\u00adrise la Rus\u00adsie et le Proche-Orient (type encore riche en A et moins pauvre en&nbsp;B.)<\/div>\n<div align=\"justify\">&nbsp;<\/div>\n<div align=\"justify\">&nbsp;&nbsp;&nbsp; Le d\u00e9men\u00adti infli\u00adg\u00e9 au racisme est encore plus net quand ou \u00e9tu\u00addie les groupes san\u00adguins chez les popu\u00adla\u00adtions juives. Ici, tout d\u2019a\u00adbord, il n\u2019y a pas d\u2019ho\u00admo\u00adg\u00e9\u00adn\u00e9i\u00adt\u00e9, ce qui confirme qu\u2019il n\u2019y a pas de race juive, contrai\u00adre\u00adment aux affir\u00adma\u00adtions des racistes anti\u00ads\u00e9\u00admites&nbsp;: les com\u00admu\u00adnau\u00adt\u00e9s juives d\u2019Al\u00adle\u00admagne, d\u2019Es\u00adpagne, de Rou\u00adma\u00adnie, de Syrie, ont des for\u00admules san\u00adguines dif\u00adf\u00e9\u00adrentes, qui se rap\u00adprochent beau\u00adcoup de celles des popu\u00adla\u00adtions avoi\u00adsi\u00adnantes. On observe m\u00eame ce fait, en appa\u00adrence para\u00addoxal, que les Juifs de Cri\u00adm\u00e9e ont un type san\u00adguin plus asia\u00adtique que les Tar\u00adtares indi\u00adg\u00e8nes et que les Juifs de Ber\u00adlin, par la pro\u00adpor\u00adtion des groupes san\u00adguins, sont de plus purs Euro\u00adp\u00e9ens occi\u00adden\u00adtaux que les Alle\u00admands eux-m\u00eames. Tant il est vrai qu\u2019i\u00adci encore le racisme est com\u00adpl\u00e8\u00adte\u00adment mis en \u00e9chec par l\u2019ob\u00adser\u00adva\u00adtion scien\u00adti\u00adfique, et contraint de se r\u00e9fu\u00adgier dans une mys\u00adtique men\u00adson\u00adg\u00e8re et falsifi\u00e9e.<\/div>\n<div align=\"justify\">&nbsp;<\/div>\n<div align=\"justify\">&nbsp;<\/div>\n<div style=\"text-align: right;\" align=\"justify\">Extrait d\u2019une conf\u00e9\u00adrence faite par M.&nbsp;Mar\u00adcel Prenant,<br>\nparue dans les \u00ab&nbsp;Cahiers rationalistes&nbsp;\u00bb<\/div>\n<\/div>\n","protected":false},"excerpt":{"rendered":"<p>&nbsp;&nbsp;&nbsp; On sait, depuis assez peu d\u2019an\u00adn\u00e9es, que si l\u2019on prend deux indi\u00advi\u00addus au hasard, et si, ayant pr\u00e9\u00adle\u00adv\u00e9 sur cha\u00adcun une goutte de sang, ou m\u00e9lange ces deux gouttes, deux cas peuvent se pro\u00adduire&nbsp;: ou bien le m\u00e9lange garde l\u2019as\u00adpect du sang nor\u00admal, ou bien les glo\u00adbules rouges y sont agglu\u00adti\u00adn\u00e9s entre eux. L\u2019a\u00adna\u00adlyse [\u2026]<\/p>\n","protected":false},"author":345,"featured_media":5015,"comment_status":"closed","ping_status":"closed","sticky":false,"template":"wp-custom-template-page-d-article","format":"standard","meta":{"wp_typography_post_enhancements_disabled":false,"footnotes":""},"categories":[7],"tags":[1165],"ppma_author":[1164],"class_list":["post-57","post","type-post","status-publish","format-standard","has-post-thumbnail","hentry","category-lunique-n3-aout-septembre-1945","tag-racisme"],"authors":[{"term_id":1164,"user_id":345,"is_guest":0,"slug":"marcel-prenant","display_name":"Marcel Prenant","avatar_url":"https:\/\/secure.gravatar.com\/avatar\/4fc570a6bcfa473722c89e92c1f84cd4727e1f0f67e810694ba327ad62dc03e2?s=96&d=mm&r=g","author_category":"","user_url":"","last_name":"","first_name":"","job_title":"","description":""}],"_links":{"self":[{"href":"https:\/\/la-presse-anarchiste.net\/index.php\/wp-json\/wp\/v2\/posts\/57","targetHints":{"allow":["GET"]}}],"collection":[{"href":"https:\/\/la-presse-anarchiste.net\/index.php\/wp-json\/wp\/v2\/posts"}],"about":[{"href":"https:\/\/la-presse-anarchiste.net\/index.php\/wp-json\/wp\/v2\/types\/post"}],"author":[{"embeddable":true,"href":"https:\/\/la-presse-anarchiste.net\/index.php\/wp-json\/wp\/v2\/users\/345"}],"replies":[{"embeddable":true,"href":"https:\/\/la-presse-anarchiste.net\/index.php\/wp-json\/wp\/v2\/comments?post=57"}],"version-history":[{"count":4,"href":"https:\/\/la-presse-anarchiste.net\/index.php\/wp-json\/wp\/v2\/posts\/57\/revisions"}],"predecessor-version":[{"id":9072,"href":"https:\/\/la-presse-anarchiste.net\/index.php\/wp-json\/wp\/v2\/posts\/57\/revisions\/9072"}],"wp:featuredmedia":[{"embeddable":true,"href":"https:\/\/la-presse-anarchiste.net\/index.php\/wp-json\/wp\/v2\/media\/5015"}],"wp:attachment":[{"href":"https:\/\/la-presse-anarchiste.net\/index.php\/wp-json\/wp\/v2\/media?parent=57"}],"wp:term":[{"taxonomy":"category","embeddable":true,"href":"https:\/\/la-presse-anarchiste.net\/index.php\/wp-json\/wp\/v2\/categories?post=57"},{"taxonomy":"post_tag","embeddable":true,"href":"https:\/\/la-presse-anarchiste.net\/index.php\/wp-json\/wp\/v2\/tags?post=57"},{"taxonomy":"author","embeddable":true,"href":"https:\/\/la-presse-anarchiste.net\/index.php\/wp-json\/wp\/v2\/ppma_author?post=57"}],"curies":[{"name":"wp","href":"https:\/\/api.w.org\/{rel}","templated":true}]}}