{"id":585,"date":"2007-07-11T14:44:58","date_gmt":"2007-07-11T14:44:58","guid":{"rendered":"https:\/\/la-presse-anarchiste.net\/index.php\/2007\/07\/11\/den-haut-et-den-bas-2\/"},"modified":"2007-07-11T14:44:58","modified_gmt":"2007-07-11T14:44:58","slug":"den-haut-et-den-bas-2","status":"publish","type":"post","link":"https:\/\/la-presse-anarchiste.net\/index.php\/2007\/07\/11\/den-haut-et-den-bas-2\/","title":{"rendered":"D\u2019en haut et d\u2019en&nbsp;bas"},"content":{"rendered":"<div class=\"pdfprnt-buttons pdfprnt-buttons-post pdfprnt-top-right\"><a href=\"https:\/\/la-presse-anarchiste.net\/index.php\/wp-json\/wp\/v2\/posts\/585?print=pdf\" class=\"pdfprnt-button pdfprnt-button-pdf\" target=\"_blank\"><img decoding=\"async\" src=\"https:\/\/la-presse-anarchiste.net\/wp-content\/plugins\/pdf-print\/images\/pdf.png\" alt=\"image_pdf\" title=\"Afficher le PDF\"><\/a><a href=\"https:\/\/la-presse-anarchiste.net\/index.php\/wp-json\/wp\/v2\/posts\/585?print=print\" class=\"pdfprnt-button pdfprnt-button-print\" target=\"_blank\"><img decoding=\"async\" src=\"https:\/\/la-presse-anarchiste.net\/wp-content\/plugins\/pdf-print\/images\/print.png\" alt=\"image_print\" title=\"Contenu imprim\u00e9\"><\/a><\/div><div align=\"justify\">\n<h2>Sodome et Gomorrhe<\/h2>\n<p>\tDans un article du jour\u00adnal d\u00e9mo-chr\u00e9\u00adtien belge <em>Het Recht<\/em>, M.&nbsp;H. Plan\u00adquaert d\u00e9nonce \u00e0 l\u2019in\u00addi\u00adgna\u00adtion des catho\u00adliques, la d\u00e9ch\u00e9ance morale du cler\u00adg\u00e9, qui pr\u00e9\u00adtend domi\u00adner la pen\u00ads\u00e9e des pauvres pay\u00adsans de la Flandre.<\/p>\n<p>\tAvec faits a l\u2019ap\u00adpui, notre confr\u00e8re. d\u00e9montre que les pr\u00eatres de la Flandre orien\u00adtale causent plus de scan\u00addales que le cler\u00adg\u00e9 r\u00e9uni de toute l\u2019Eu\u00adrope occidentale.<\/p>\n<p>M.Planquaert r\u00e9sume cette \u00e9pou\u00advan\u00adtable situa\u00adtion par une com\u00adpa\u00adrai\u00adson frappante&nbsp;:<\/p>\n<p>\tDepuis cinq mois, dans la Flandre orien\u00adtale, il s\u2019est pro\u00adduit plus de scan\u00addales de m\u0153urs chez les eccl\u00e9\u00adsias\u00adtiques que chez tous les m\u00e9de\u00adcins, tous les avo\u00adcats, tous les notaires, tous les phar\u00adma\u00adciens, tous les ing\u00e9\u00adnieurs et tous les juges r\u00e9unis de la Belgique&nbsp;!<\/p>\n<h2>La faim<\/h2>\n<p>\t\u00ab&nbsp;La faim, voi\u00adl\u00e0 l\u2019en\u00adne\u00admi de la race humaine\u2026 Tant que l\u2019homme n\u2019au\u00adra pas vain\u00adcu ce cruel et d\u00e9gra\u00addant enne\u00admi, les d\u00e9cou\u00advertes de la science n\u2019ap\u00adpa\u00adra\u00ee\u00adtront que comme une iro\u00adnie de son triste sort, comme le luxe d\u2019une exis\u00adtence \u00e0 laquelle il manque le n\u00e9cessaire.&nbsp;\u00bb<br>\n(Oscar Commettant).<\/p>\n<p>\t\u00ab&nbsp;Tous les hommes ont faim, c\u2019est la loi de nature. Tous doivent man\u00adger, c\u2019est la loi de jus\u00adtice. Tous man\u00adge\u00adront, c\u2019est la loi atten\u00addue. Pour la r\u00e9a\u00adli\u00adser sans d\u00e9por\u00adta\u00adtion, sans r\u00e9vo\u00adlu\u00adtion, sans bou\u00adle\u00adver\u00adse\u00adment social, que nous manque-t-il&nbsp;? La volon\u00adt\u00e9 d\u2019a\u00adgir comme nous sentons.&nbsp;\u00bb<br>\n(G. Clemenceau).<\/p>\n<p>\tMieux que cela, l\u2019es\u00adprit de Christ en nous, cet esprit qui a conduit les chr\u00e9\u00adtiens de l\u2019\u00e9\u00adglise pri\u00admi\u00adtive de J\u00e9ru\u00adsa\u00adlem \u00e0 atteindre ce but, cet id\u00e9al magni\u00adfique, cette soci\u00e9\u00adt\u00e9 \u00e9ga\u00adli\u00adtaire o\u00f9 cha\u00adcun <em>avait selon ses besoins<\/em>, voi\u00adl\u00e0 ce qui nous manque&nbsp;!<\/p>\n<h2>Le repos hebdomadaire<\/h2>\n<p>\t\u00ab&nbsp;Nous sommes arri\u00adv\u00e9s en Suisse, nous \u00e9crit-on de Gen\u00e8ve, \u00e0 avoir un jour de repos heb\u00addo\u00adma\u00addaire par semaine (dont 17 dimanches obli\u00adga\u00adtoires par ann\u00e9e) pour tous les employ\u00e9s des ser\u00advices publics de trans\u00adport, che\u00admins de fer, postes, t\u00e9l\u00e9\u00adgraphes, t\u00e9l\u00e9\u00adphones, bateaux \u00e0 vapeur, tram\u00adways et le repos de tous les dimanches dans les usines et fabriques, excep\u00adt\u00e9 dans celles \u00e0 tra\u00advail conti\u00adnu (gaz, etc.) o\u00f9 ils ont au moins un dimanche sur deux et nous allons r\u00e9cla\u00admer pour ces der\u00adniers un jour com\u00adpl\u00e9\u00admen\u00adtaire dans les jours conve\u00adnables pour la semaine interm\u00e9diaire.&nbsp;\u00bb<\/p>\n<p>\tTr\u00e8s bien. Nous y revien\u00addrons dans un pro\u00adchain num\u00e9ro.<\/p>\n<h2>Malheureuse&nbsp;!<\/h2>\n<p>\t\u00c0 Rouen, une, fillette, la petite Godailler, a \u00e9t\u00e9 vio\u00adl\u00e9e, tu\u00e9e, d\u00e9pe\u00adc\u00e9e par un nom\u00adm\u00e9 Bou\u00advier, qui cacha ensuite les mor\u00adceaux sous une paillasse, puis cou\u00adcha sur le tout pen\u00addant plus d\u2019un mois avec sa ma\u00eetresse&nbsp;!<\/p>\n<p>\t<em>Les mis\u00e9\u00adrables<\/em>&nbsp;! s\u2019\u00e9\u00adcrie un de nos confr\u00e8res du <em>Matin<\/em> en rela\u00adtant ce crime atroce. Atten\u00addons pour la juger d\u2019a\u00advoir plus de d\u00e9tails.<\/p>\n<p>\t\u00c9vi\u00addem\u00adment ce n\u2019est pas la femme qui ame\u00adna l\u2019en\u00adfant \u00e0 son amant. Lors\u00adqu\u2019elle d\u00e9cou\u00advrit le crime, ce der\u00adnier la mena\u00ad\u00e7a de la tuer si elle parlait.<\/p>\n<p>\tEt comme il \u00e9tait capable de mettre sa menace \u00e0 ex\u00e9\u00adcu\u00adtion, il ne lui res\u00adtait plus qu\u2019\u00e0 ob\u00e9ir&nbsp;!\u2026 S\u2019en\u00adfuir&nbsp;?\u2026 O\u00f9, dans cette Soci\u00e9\u00adt\u00e9 p\u00e9trie d\u2019hy\u00adpo\u00adcri\u00adsie et de pr\u00e9\u00adju\u00adg\u00e9s&nbsp;? Il l\u2019e\u00fbt rejoint&nbsp;! C\u2019est l\u2019\u00e9\u00adter\u00adnelle his\u00adtoire de la fille hyp\u00adno\u00adti\u00ads\u00e9e par une terreur.<\/p>\n<p>\tQue d\u2019hor\u00adribles cau\u00adche\u00admars l\u2019ont dut tor\u00adtu\u00adrer en ces longues nuits pas\u00ads\u00e9es par ordre si pr\u00e8s d\u2019un cadavre en putr\u00e9faction&nbsp;!<\/p>\n<p>\tNon ce n\u2019est pas mis\u00e9\u00adrable qu\u2019il faut dire, c\u2019est <em>mal\u00adheu\u00adreuse<\/em>&nbsp;!<\/p>\n<p>\tCroit-on que le Christ e\u00fbt \u00e9t\u00e9 plus dur pour elle que pour la femme adult\u00e8re&nbsp;?<\/p>\n<h2>Toujours les&nbsp;m\u00eames<\/h2>\n<p>\tUn pr\u00eatre am\u00e9\u00adri\u00adcain, le r\u00e9v\u00e9\u00adrend Mac Gra\u00addy a adh\u00e9\u00adr\u00e9 r\u00e9cem\u00adment aux prin\u00adcipes socia\u00adlistes et s\u2019est fait ins\u00adcrire dans le par\u00adti d\u00e9mo\u00adcrate, socia\u00adliste am\u00e9\u00adri\u00adcain. Depuis, le citoyen Mac Gra\u00addy n\u2019a ces\u00ads\u00e9 de d\u00e9ployer la plus vive acti\u00advi\u00adt\u00e9 au ser\u00advice de la cause prol\u00e9tarienne.<\/p>\n<p>\tIl vient m\u00eame de faire para\u00eetre, sous le titre&nbsp;: <em>Le socia\u00adlisme et le pro\u00adbl\u00e8me ouvrier<\/em>, un nou\u00advel ouvrage de pro\u00adpa\u00adgande socia\u00adliste. Ceci a natu\u00adrel\u00adle\u00adment ame\u00adn\u00e9 force pro\u00adtes\u00adta\u00adtions par\u00admi les catho\u00adliques am\u00e9\u00adri\u00adcains, tr\u00e8s scan\u00adda\u00adli\u00ads\u00e9s de l\u2019au\u00addace du pr\u00eatre deve\u00adnu socialiste.<\/p>\n<p>\tDans le <em>Mis\u00adsou\u00adri Socia\u00adlist<\/em>, l\u2019or\u00adgane du par\u00adti socia\u00adliste de Saint-Louis, Mac Gra\u00addy r\u00e9pond triom\u00adpha\u00adle\u00adment aux attaques de ses core\u00adli\u00adgion\u00adnaires \u00ab&nbsp;plats ser\u00advi\u00adteurs du capi\u00adtal&nbsp;\u00bb. Il s\u2019\u00e9\u00adl\u00e8ve avec indi\u00adgna\u00adtion contre ceux qui, \u00ab&nbsp;pr\u00eatres de l\u2019\u00e9\u00adglise des pauvres, sont les enne\u00admis de la masse ouvri\u00e8re&nbsp;\u00bb, et d\u00e9clare que \u00ab&nbsp;le capi\u00adta\u00adliste peut les consi\u00add\u00e9\u00adrer \u00e0 juste titre comme ses chiens de&nbsp;garde&nbsp;\u00bb.<\/p>\n<p>\tNul doute que le citoyen Mac Gra\u00addy ne subisse avant peu le sort de Lamen\u00adnais et ne soit vio\u00adlem\u00adment exclu de l\u2019\u00e9\u00adglise qui, comme le dit Marx, pr\u00e9\u00adf\u00e8re voir por\u00adter atteinte \u00e0 ses dogmes les plus sacr\u00e9s plu\u00adt\u00f4t qu\u2019\u00e0 la moindre par\u00adcelle de ses revenus.&nbsp;<\/p><\/div>\n","protected":false},"excerpt":{"rendered":"<p>Sodome et Gomorrhe Dans un article du jour\u00adnal d\u00e9mo-chr\u00e9\u00ad\u00adtien belge Het Recht, M.&nbsp;H. Plan\u00adquaert d\u00e9nonce \u00e0 l\u2019in\u00addi\u00adgna\u00adtion des catho\u00adliques, la d\u00e9ch\u00e9ance morale du cler\u00adg\u00e9, qui pr\u00e9\u00adtend domi\u00adner la pen\u00ads\u00e9e des pauvres pay\u00adsans de la Flandre. Avec faits a l\u2019ap\u00adpui, notre confr\u00e8re. d\u00e9montre que les pr\u00eatres de la Flandre orien\u00adtale causent plus de scan\u00addales que&nbsp;le&nbsp;[\u2026]<\/p>\n","protected":false},"author":1,"featured_media":0,"comment_status":"closed","ping_status":"closed","sticky":false,"template":"","format":"standard","meta":{"wp_typography_post_enhancements_disabled":false,"footnotes":""},"categories":[72],"tags":[],"ppma_author":[540],"class_list":["post-585","post","type-post","status-publish","format-standard","hentry","category-lere-nouvelle-n-2-juin-1901"],"authors":[{"term_id":540,"user_id":1,"is_guest":0,"slug":"admin_3gikpwyf","display_name":"Vincent Dubuc","avatar_url":"https:\/\/secure.gravatar.com\/avatar\/d015720652c25fd2ced191ade86430094e1f288a17483713e3b34d26dea52507?s=96&d=mm&r=g","author_category":"","user_url":"https:\/\/la-presse-anarchiste.net","last_name":"Dubuc","first_name":"Vincent","job_title":"","description":""}],"_links":{"self":[{"href":"https:\/\/la-presse-anarchiste.net\/index.php\/wp-json\/wp\/v2\/posts\/585","targetHints":{"allow":["GET"]}}],"collection":[{"href":"https:\/\/la-presse-anarchiste.net\/index.php\/wp-json\/wp\/v2\/posts"}],"about":[{"href":"https:\/\/la-presse-anarchiste.net\/index.php\/wp-json\/wp\/v2\/types\/post"}],"author":[{"embeddable":true,"href":"https:\/\/la-presse-anarchiste.net\/index.php\/wp-json\/wp\/v2\/users\/1"}],"replies":[{"embeddable":true,"href":"https:\/\/la-presse-anarchiste.net\/index.php\/wp-json\/wp\/v2\/comments?post=585"}],"version-history":[{"count":0,"href":"https:\/\/la-presse-anarchiste.net\/index.php\/wp-json\/wp\/v2\/posts\/585\/revisions"}],"wp:attachment":[{"href":"https:\/\/la-presse-anarchiste.net\/index.php\/wp-json\/wp\/v2\/media?parent=585"}],"wp:term":[{"taxonomy":"category","embeddable":true,"href":"https:\/\/la-presse-anarchiste.net\/index.php\/wp-json\/wp\/v2\/categories?post=585"},{"taxonomy":"post_tag","embeddable":true,"href":"https:\/\/la-presse-anarchiste.net\/index.php\/wp-json\/wp\/v2\/tags?post=585"},{"taxonomy":"author","embeddable":true,"href":"https:\/\/la-presse-anarchiste.net\/index.php\/wp-json\/wp\/v2\/ppma_author?post=585"}],"curies":[{"name":"wp","href":"https:\/\/api.w.org\/{rel}","templated":true}]}}