{"id":587,"date":"2007-07-11T14:55:41","date_gmt":"2007-07-11T14:55:41","guid":{"rendered":"https:\/\/la-presse-anarchiste.net\/index.php\/2007\/07\/11\/boucheries-humaines\/"},"modified":"2007-07-11T14:55:41","modified_gmt":"2007-07-11T14:55:41","slug":"boucheries-humaines","status":"publish","type":"post","link":"https:\/\/la-presse-anarchiste.net\/index.php\/2007\/07\/11\/boucheries-humaines\/","title":{"rendered":"Boucheries humaines"},"content":{"rendered":"<div class=\"pdfprnt-buttons pdfprnt-buttons-post pdfprnt-top-right\"><a href=\"https:\/\/la-presse-anarchiste.net\/index.php\/wp-json\/wp\/v2\/posts\/587?print=pdf\" class=\"pdfprnt-button pdfprnt-button-pdf\" target=\"_blank\"><img decoding=\"async\" src=\"https:\/\/la-presse-anarchiste.net\/wp-content\/plugins\/pdf-print\/images\/pdf.png\" alt=\"image_pdf\" title=\"Afficher le PDF\"><\/a><a href=\"https:\/\/la-presse-anarchiste.net\/index.php\/wp-json\/wp\/v2\/posts\/587?print=print\" class=\"pdfprnt-button pdfprnt-button-print\" target=\"_blank\"><img decoding=\"async\" src=\"https:\/\/la-presse-anarchiste.net\/wp-content\/plugins\/pdf-print\/images\/print.png\" alt=\"image_print\" title=\"Contenu imprim\u00e9\"><\/a><\/div><div align=\"justify\">\n\tQuelle dis\u00adtinc\u00adtion mat\u00e9\u00adrielle y a\u2011t-il, cepen\u00addant, entre l\u2019as\u00adsas\u00adsi\u00adnat en temps de paix et le meurtre en temps de guerre\u200a\u2014\u200acelui qu\u2019on ch\u00e2\u00adtie et celui qu\u2019on r\u00e9com\u00adpense&nbsp;? Quelle marque sp\u00e9\u00adci\u00adfie cela sur les corps char\u00adcu\u00adt\u00e9s&nbsp;? Quelle estam\u00adpille classe les plaies&nbsp;?\n<p>\tCom\u00adment s\u2019y recon\u00adna\u00eetre&nbsp;? Tiroirs for\u00adc\u00e9s, enfants \u00e9gor\u00adg\u00e9s, le chien mort en tra\u00advers du seuil, des mor\u00adceaux de cer\u00advelle aux murs, du sang par\u00adtout\u2026 le chou\u00adri\u00adnage ou la gloire ont pas\u00ads\u00e9&nbsp;l\u00e0&nbsp;!<\/p>\n<p>\tIl faut faire de la casuis\u00adtique, arguer qu\u2019en plus de la diver\u00adgence morale (!) des buts, l\u2019o\u00adp\u00e9\u00adra\u00adtion change de nature selon qu\u2019ac\u00adcom\u00adplie en fraude ou par prin\u00adcipe, pour qu\u2019on arrive \u00e0 d\u00e9m\u00ea\u00adler une ombre de dif\u00adf\u00e9\u00adrence entre mobiles ayant de si iden\u00adtiques r\u00e9sultats.<\/p>\n<p>\tEt mal\u00adgr\u00e9 tout, obs\u00adti\u00adn\u00e9\u00adment, je pense aux innom\u00adbrables holo\u00adcaustes de chair enfan\u00adtine au noire ou jaune, per\u00adp\u00e9\u00adtr\u00e9s dans les t\u00e9n\u00e8bres de l\u2019A\u00adfrique, dans les brumes de l\u2019A\u00adsie, sans qu\u2019on en ait plus cure, chez nous, que de chats crev\u00e9s&nbsp;!<\/p>\n<p>\tC\u2019est par cen\u00adtaines, c\u2019est par mil\u00adliers que les petits Chi\u00adnois, embro\u00adch\u00e9s au bout des ba\u00efon\u00adnettes, \u00e9ven\u00adtr\u00e9s sur le sein mater\u00adnel, reje\u00adt\u00e9s dans les mai\u00adsons flam\u00adbantes, pr\u00e9\u00adci\u00adpi\u00adt\u00e9s dans les fleuves boueux de cha\u00adrognes humaines, ont attes\u00adt\u00e9 la puis\u00adsance et la gr\u00e2ce de la civi\u00adli\u00adsa\u00adtion occidentale&nbsp;!<\/p>\n<p>\tOn ne les a pas plaints, ceux-l\u00e0&nbsp;; on n\u2019a pas recou\u00adsu leur flanc&nbsp;; on ne leur a pas fait de fun\u00e9railles&nbsp;!\u2026<\/p>\n<p>\tEt comme c\u2019\u00e9\u00adtait loin, trop loin pour que la piti\u00e9 y puisse atteindre, elle ne s\u2019y est pas effor\u00adc\u00e9e. Et comme les vic\u00adtimes \u00e9taient d\u2019autres races, d\u2019\u00e9\u00adpi\u00adderme brun ou citron\u00adn\u00e9, l\u2019es\u00adp\u00e8ce \u00e0 peau blanche a jug\u00e9 n\u00e9gli\u00adgeable que le grain suive l\u2019\u00e9\u00adpi, que l\u2019en\u00adfant suive le p\u00e8re sous la hache ou la lance, dans la flamme ou le&nbsp;flot&nbsp;!<\/p>\n<p>\tIls \u00e9taient, cepen\u00addant, de chair et d\u2019os comme les n\u00f4tres, ces petits&nbsp;! Ils avaient une m\u00e8re, dont ils \u00e9taient la joie, un p\u00e8re dont ils \u00e9taient l\u2019es\u00adpoir, des a\u00efeux dont ils \u00e9taient le renou\u00adveau&nbsp;! On les aimait, on les choyait, on les g\u00e2tait&nbsp;! Ils riaient \u00e0 la lumi\u00e8re, entre leurs langes&nbsp;; b\u00e9gayaient des mots&nbsp;; chan\u00adtaient de pu\u00e9\u00adriles chan\u00adsons&nbsp;; jouaient \u00e0 la pou\u00adp\u00e9e, appre\u00adnaient les signes dont la pen\u00ads\u00e9e se tra\u00adduit, se fixe et se com\u00admu\u00adnique&nbsp;; s\u2019es\u00adsayaient \u00e0 vivre, enfin&nbsp;!<\/p>\n<p>\tSou\u00addain des hommes passent, en armes\u200a\u2014\u200aet toute une g\u00e9n\u00e9\u00adra\u00adtion est fau\u00adch\u00e9e dans sa&nbsp;fleur&nbsp;!<\/p>\n<p>\tVou\u00adlez-vous me dire ce qui dis\u00adtingue ceci de cela&nbsp;; le maillet sous lequel ont \u00e9cla\u00adt\u00e9 les cinq cr\u00e2nes, comme des gre\u00adnades m\u00fbres, de la crosse des fusils&nbsp;?<\/p>\n<p>\tEt c\u2019est pour\u00adquoi, ne trou\u00advant point exces\u00adsive l\u2019\u00e9\u00admo\u00adtion que sou\u00adl\u00e8ve le drame de Coran\u00adcez, je la vou\u00addrais moins res\u00adtreinte, moins exclu\u00adsive, moins r\u00e9ser\u00adv\u00e9e uni\u00adque\u00adment \u00e0 ce qui est proche, mais s\u2019\u00e9\u00adten\u00addant aus\u00adsi loin que s\u2019exerce la fr\u00e9\u00adn\u00e9\u00adsie du meurtre sur de pauvres petits innocents.<\/p>\n<p>\tLa morale est une, voyez-vous, quoi que pr\u00e9\u00adtendent cer\u00adtains. \u00c0 bas l\u2019as\u00adsas\u00adsi\u00adnat&nbsp;! qui fait cinq vic\u00adtimes. Mais, alors, \u00e0 bas la guerre&nbsp;! qui mul\u00adti\u00adplie le chiffre et l\u2019hor\u00adreur de l\u2019acte \u00e0 l\u2019infini&nbsp;!<\/p>\n<p>S\u00e9ve\u00adrine (<em>Jour\u00adnal<\/em>)\n<\/p><\/div>\n","protected":false},"excerpt":{"rendered":"<p>Quelle dis\u00adtinc\u00adtion mat\u00e9\u00adrielle y a\u2011t\u2011il, cepen\u00addant, entre l\u2019as\u00adsas\u00adsi\u00adnat en temps de paix et le meurtre en temps de guerre\u200a\u2014\u200acelui qu\u2019on ch\u00e2\u00adtie et celui qu\u2019on r\u00e9com\u00adpense&nbsp;? Quelle marque sp\u00e9\u00adci\u00adfie cela sur les corps char\u00adcu\u00adt\u00e9s&nbsp;? Quelle estam\u00adpille classe les plaies&nbsp;? Com\u00adment s\u2019y recon\u00adna\u00eetre&nbsp;? Tiroirs for\u00adc\u00e9s, enfants \u00e9gor\u00adg\u00e9s, le chien mort en tra\u00advers du seuil, des mor\u00adceaux&nbsp;de&nbsp;[\u2026]<\/p>\n","protected":false},"author":1,"featured_media":0,"comment_status":"closed","ping_status":"closed","sticky":false,"template":"","format":"standard","meta":{"wp_typography_post_enhancements_disabled":false,"footnotes":""},"categories":[72],"tags":[],"ppma_author":[540],"class_list":["post-587","post","type-post","status-publish","format-standard","hentry","category-lere-nouvelle-n-2-juin-1901"],"authors":[{"term_id":540,"user_id":1,"is_guest":0,"slug":"admin_3gikpwyf","display_name":"Vincent Dubuc","avatar_url":"https:\/\/secure.gravatar.com\/avatar\/d015720652c25fd2ced191ade86430094e1f288a17483713e3b34d26dea52507?s=96&d=mm&r=g","author_category":"","user_url":"https:\/\/la-presse-anarchiste.net","last_name":"Dubuc","first_name":"Vincent","job_title":"","description":""}],"_links":{"self":[{"href":"https:\/\/la-presse-anarchiste.net\/index.php\/wp-json\/wp\/v2\/posts\/587","targetHints":{"allow":["GET"]}}],"collection":[{"href":"https:\/\/la-presse-anarchiste.net\/index.php\/wp-json\/wp\/v2\/posts"}],"about":[{"href":"https:\/\/la-presse-anarchiste.net\/index.php\/wp-json\/wp\/v2\/types\/post"}],"author":[{"embeddable":true,"href":"https:\/\/la-presse-anarchiste.net\/index.php\/wp-json\/wp\/v2\/users\/1"}],"replies":[{"embeddable":true,"href":"https:\/\/la-presse-anarchiste.net\/index.php\/wp-json\/wp\/v2\/comments?post=587"}],"version-history":[{"count":0,"href":"https:\/\/la-presse-anarchiste.net\/index.php\/wp-json\/wp\/v2\/posts\/587\/revisions"}],"wp:attachment":[{"href":"https:\/\/la-presse-anarchiste.net\/index.php\/wp-json\/wp\/v2\/media?parent=587"}],"wp:term":[{"taxonomy":"category","embeddable":true,"href":"https:\/\/la-presse-anarchiste.net\/index.php\/wp-json\/wp\/v2\/categories?post=587"},{"taxonomy":"post_tag","embeddable":true,"href":"https:\/\/la-presse-anarchiste.net\/index.php\/wp-json\/wp\/v2\/tags?post=587"},{"taxonomy":"author","embeddable":true,"href":"https:\/\/la-presse-anarchiste.net\/index.php\/wp-json\/wp\/v2\/ppma_author?post=587"}],"curies":[{"name":"wp","href":"https:\/\/api.w.org\/{rel}","templated":true}]}}