{"id":5926,"date":"1923-07-01T00:10:12","date_gmt":"1923-07-01T00:10:12","guid":{"rendered":"https:\/\/la-presse-anarchiste.net\/?p=5926"},"modified":"2025-07-14T16:35:31","modified_gmt":"2025-07-14T16:35:31","slug":"le-semeur","status":"publish","type":"post","link":"https:\/\/la-presse-anarchiste.net\/index.php\/1923\/07\/01\/le-semeur\/","title":{"rendered":"Le Semeur"},"content":{"rendered":"<div class=\"pdfprnt-buttons pdfprnt-buttons-post pdfprnt-top-right\"><a href=\"https:\/\/la-presse-anarchiste.net\/index.php\/wp-json\/wp\/v2\/posts\/5926?print=pdf\" class=\"pdfprnt-button pdfprnt-button-pdf\" target=\"_blank\"><img decoding=\"async\" src=\"https:\/\/la-presse-anarchiste.net\/wp-content\/plugins\/pdf-print\/images\/pdf.png\" alt=\"image_pdf\" title=\"Afficher le PDF\"><\/a><a href=\"https:\/\/la-presse-anarchiste.net\/index.php\/wp-json\/wp\/v2\/posts\/5926?print=print\" class=\"pdfprnt-button pdfprnt-button-print\" target=\"_blank\"><img decoding=\"async\" src=\"https:\/\/la-presse-anarchiste.net\/wp-content\/plugins\/pdf-print\/images\/print.png\" alt=\"image_print\" title=\"Contenu imprim\u00e9\"><\/a><\/div><p style=\"text-align: justify;\">Parait-il \u00e0 son heure&nbsp;? Aura-t-il l\u2019oreille des mili\u00adtants de notre r\u00e9gion&nbsp;? R\u00e9us\u00adsi\u00adra-t-il dans son \u0153uvre de r\u00e9con\u00adci\u00adlia\u00adtion des fr\u00e8res ennemis&nbsp;?<\/p>\n<p style=\"text-align: justify;\">L\u2019avenir nous le&nbsp;dira.<\/p>\n<p style=\"text-align: justify;\">Ce que sera le SEMEUR, la plu\u00adpart de ceux qui le liront connaissent d\u00e9j\u00e0 les grandes lignes de son pro\u00adgramme, pour les autres nous les don\u00adnons ci-dessous.<\/p>\n<p style=\"text-align: justify;\">\u00c0 l\u2019heure o\u00f9 les blocs se forment nous avons pen\u00ads\u00e9 qu\u2019il \u00e9tait utile de faire entendre la voix des hommes qui ne sont inf\u00e9o\u00add\u00e9s \u00e0 aucun&nbsp;parti.<\/p>\n<p style=\"text-align: justify;\">Cer\u00adtains et ce sont les plus nom\u00adbreux croient en l\u2019efficacit\u00e9 sociale d\u2019une Chambre renou\u00adve\u00adl\u00e9e, au Semeur noua n\u2019avons foi et confiance que dans une classe ouvri\u00e8re r\u00e9no\u00adv\u00e9e, grou\u00adp\u00e9e, que dans le rayon\u00adne\u00adment des consciences indi\u00advi\u00adduelles qui placent la v\u00e9ri\u00adt\u00e9, la jus\u00adtice, l\u2019humanit\u00e9 au-des\u00adsus des par\u00adtis. En face des \u00e9v\u00e8\u00adne\u00adments, la poli\u00adtique para\u00eet bien p\u00e2le\u200a\u2014\u200an\u2019avons-nous pas vu en 1920, la Chambre du Bloc Natio\u00adnal, s\u2019incliner devant la puis\u00adsance ouvri\u00e8re en accor\u00addant aux tra\u00advailleurs la jour\u00adn\u00e9e de huit heures.<\/p>\n<p style=\"text-align: justify;\">Nous vou\u00adlons tra\u00advailler au redres\u00adse\u00adment de cette force sans laquelle aucune r\u00e9sis\u00adtance n\u2019est pos\u00adsible contre la r\u00e9action.<\/p>\n<p style=\"text-align: justify;\">Pour le Semeur, pas d\u2019ennemi par\u00admi les tra\u00advailleurs, le dur joug de l\u2019atelier, de l\u2019usine, du maga\u00adsin qui les unit et en fait une masse souf\u00adfrante doit conti\u00adnuer son r\u00f4le en dehors du labeur.<\/p>\n<p style=\"text-align: justify;\">Il ne faut plus que les que\u00adrelles de per\u00adson\u00adna\u00adli\u00adt\u00e9s emp\u00eachent le regrou\u00adpe\u00adment des exploi\u00adt\u00e9s&nbsp;; il faut qu\u2019ils cessent le croire en un Mes\u00adsie quel\u00adconque&nbsp;: le Mes\u00adsie est en eux\u200a\u2014\u200aen 1920 ils ont fait trem\u00adbler la soci\u00e9\u00adt\u00e9 capi\u00adta\u00adliste\u200a\u2014\u200ail faut qu\u2019ils reprennent conscience de leur force, qu\u2019ils se remettent \u00e0 eux-m\u00eames du soin de faire leur propre bon\u00adheur, de conduire leurs propres destin\u00e9es.<\/p>\n<p style=\"text-align: justify;\">Le Semeur ne sera pas pour cela un organe ouvri\u00e9\u00adriste, par les col\u00adla\u00adbo\u00adra\u00adteurs dont il s\u2019est entou\u00adr\u00e9 il pr\u00e9\u00adtend \u00eatre davantage.<\/p>\n<p style=\"text-align: justify;\">Le Semeur para\u00ee\u00adtra d\u00e9fi\u00adni\u00adti\u00adve\u00adment et r\u00e9gu\u00adli\u00e8\u00adre\u00adment \u00e0 par\u00adtir du mois d\u2019ao\u00fbt, son direc\u00adteur et admi\u00adnis\u00adtra\u00adteur, se trou\u00advant, pour quelques semaines encore, hos\u00adpi\u00adta\u00adli\u00ads\u00e9 dans un des palais de la R\u00e9pu\u00adblique, la San\u00adt\u00e9, pour Rai\u00adson d\u2019\u00c9tat.<\/p>\n<p style=\"text-align: justify;\">Ce num\u00e9\u00adro sp\u00e9\u00adcial est des\u00adti\u00adn\u00e9 sim\u00adple\u00adment \u00e0 pr\u00e9\u00adsen\u00adter nos col\u00adla\u00adbo\u00adra\u00adteurs, \u00e0 faire conna\u00eetre notre date de paru\u00adtion, il ne res\u00adsemble pas aux pro\u00adchains num\u00e9\u00adros du \u00ab&nbsp;Semeur&nbsp;\u00bb o\u00f9 l\u2019on trou\u00adve\u00adra en plus d\u2019articles sur l\u2019actualit\u00e9, une chro\u00adnique r\u00e9gio\u00adnale int\u00e9\u00adres\u00adsante, une tri\u00adbune syn\u00addi\u00adcale vivante ain\u00adsi que des articles de cri\u00adtique lit\u00adt\u00e9\u00adraire et de philosophie.<\/p>\n<p style=\"text-align: justify;\">Au Semeur, o\u00f9 libre\u00adment, les tra\u00advailleurs pour\u00adront y faire entendre leur voix, nous nous r\u00e9ser\u00advons la besogne de d\u00e9non\u00adcer toutes les injus\u00adtices d\u2019o\u00f9 qu\u2019elles viennent&nbsp;; le natio\u00adna\u00adlisme trou\u00adve\u00adront en nous des adver\u00adsaires impla\u00adcables&nbsp;; les mili\u00adta\u00adrismes des enne\u00admis farouches&nbsp;; les liber\u00adt\u00e9s publiques des d\u00e9fen\u00adseurs irr\u00e9\u00adduc\u00adtibles&nbsp;; les dogmes des cri\u00adtiques impi\u00adtoyables, notre id\u00e9al sera de tou\u00adjours ser\u00advir la v\u00e9ri\u00adt\u00e9, la justice.<\/p>\n<p style=\"text-align: justify;\">S\u2019il ne nous appar\u00adtient pas de fixer l\u2019heure de la R\u00e9vo\u00adlu\u00adtion, nous sommes per\u00adsua\u00add\u00e9s de l\u2019avancer en r\u00e9pan\u00addant nos id\u00e9es de bon\u00adt\u00e9, de jus\u00adtice, de soli\u00adda\u00adri\u00adt\u00e9, de v\u00e9rit\u00e9.<\/p>\n<p style=\"text-align: justify;\">Notre effort sera-t-il com\u00adpris&nbsp;? Nous osons l\u2019esp\u00e9rer.<\/p>\n<p style=\"text-align: justify;\">Notre Pro\u00adgramme<\/p>\n<p style=\"text-align: justify;\">\u00ab&nbsp;\u00c9co\u00adno\u00admique d\u2019une&nbsp;part&nbsp;\u00bb.<\/p>\n<p style=\"text-align: justify;\">\u00c9tant tout acquis \u00e0 l\u2019organisation du tra\u00advail, du pro\u00adduc\u00adteur, notre plein concours sera don\u00adn\u00e9 au mou\u00adve\u00adment syn\u00addi\u00adca\u00adliste, d\u00e9ga\u00adg\u00e9 des par\u00adtis poli\u00adtiques, et ind\u00e9\u00adpen\u00addant de toute tutelle. Par\u00adti\u00adsans de l\u2019Unit\u00e9 du mou\u00adve\u00adment ouvrier nous \u0153uvre\u00adrons pour que cesse la divi\u00adsion n\u00e9faste et pour que ce mou\u00adve\u00adment retrouve toute sa puis\u00adsance d\u2019organisation et d\u2019action.<\/p>\n<p style=\"text-align: justify;\">\u00ab&nbsp;Poli\u00adtique, d\u2019autre part&nbsp;\u00bb.<\/p>\n<p style=\"text-align: justify;\">Notre jour\u00adnal m\u00e8ne\u00adra la lutte contre le r\u00e9gime actuel et en com\u00adbat\u00adtra les n\u00e9fastes ins\u00adti\u00adtu\u00adtions, dont le pire est l\u2019odieux mili\u00adta\u00adrisme&nbsp;; il en d\u00e9non\u00adce\u00adra les mons\u00adtrueux effets, les r\u00e9pres\u00adsions impi\u00adtoyables. Notre oppo\u00adsi\u00adtion sera r\u00e9duc\u00adtible contre les poli\u00adti\u00adciens d\u2019affaires, contre les par\u00adtis qui pr\u00e9\u00adtendent se sub\u00adsti\u00adtuer seule\u00adment aux ma\u00eetres de l\u2019heure, contre les reli\u00adgions qui tendent \u00e0 l\u2019asservissement des corps et des&nbsp;\u00e2mes.<\/p>\n<p style=\"text-align: justify;\">En r\u00e9su\u00adm\u00e9 notre pro\u00adgramme peut s\u2019\u00e9tablir comme&nbsp;suit&nbsp;:<\/p>\n<p style=\"text-align: justify;\">Contre l\u2019\u00e9tat qui incarne le cen\u00adtra\u00adlisme dans ce qu\u2019il y a de plus n\u00e9faste&nbsp;;<\/p>\n<p style=\"text-align: justify;\">Pour la f\u00e9d\u00e9\u00adra\u00adtion qui per\u00admet, avec son orga\u00adni\u00adsa\u00adtion, le jeu des forces vives, des forces natu\u00adrelles, des valeurs tant manuelles qu\u2019intellectuelles, et cela, dans tous les domaines de la pro\u00adduc\u00adtion et de l\u2019esprit.<\/p>\n<p style=\"text-align: justify;\">Donc, libre orga\u00adni\u00adsa\u00adtion, libre d\u00e9termination.<\/p>\n<p style=\"text-align: justify;\">\u00ab&nbsp;Phi\u00adlo\u00adso\u00adphique, enfin&nbsp;\u00bb.<\/p>\n<p style=\"text-align: justify;\">Ayant consta\u00adt\u00e9 les cons\u00e9\u00adquences lamen\u00adtables des concep\u00adtions dont le but est moins de faire des hommes que des citoyens\u200a\u2014\u200ac\u2019est-\u00e0-dire des sujets\u200a\u2014\u200aconcep\u00adtions qui ont d\u00e9ter\u00admi\u00adn\u00e9 les peuples \u00e0 suivre des chefs gui les ont conduits \u00e0 la guerre, puis \u00e0 l\u2019\u00e9touffement de la pen\u00ads\u00e9e et \u00e0 la pire r\u00e9action&nbsp;;<\/p>\n<p style=\"text-align: justify;\">Nous esti\u00admons que nous man\u00adquons moins de cadres que d\u2019individualit\u00e9s conscientes, que l\u2019\u00e9ducation doit \u00eatre le fac\u00adteur prin\u00adci\u00adpal qui, en trans\u00adfor\u00admant les esprits, am\u00e8\u00adne\u00adra in\u00e9\u00adluc\u00adta\u00adble\u00adment une trans\u00adfor\u00adma\u00adtion sociale bas\u00e9e sur la soli\u00adda\u00adri\u00adt\u00e9, la jus\u00adtice, la libert\u00e9.<\/p>\n<p style=\"text-align: justify;\">Pour cette fin der\u00adni\u00e8re une vaste besogne d\u2019\u00e9ducation est donc n\u00e9ces\u00adsaire. \u00c9du\u00adca\u00adtion cri\u00adtique, scien\u00adti\u00adfique, morale. \u00c9du\u00adca\u00adtion s\u2019impr\u00e9gnant d\u2019une large tol\u00e9\u00adrance\u200a\u2014\u200atol\u00e9\u00adrance n\u2019impliquant nul\u00adle\u00adment l\u2019abandon de nos id\u00e9o\u00adlo\u00adgies par\u00adti\u00adcu\u00adli\u00e8res. Mais \u00e9du\u00adca\u00adtion, qui sub\u00adsti\u00adtuant \u00e0 la vio\u00adlence sys\u00adt\u00e9\u00adma\u00adtique, \u00e0 la force des ba\u00efon\u00adnettes, la puis\u00adsance d\u2019un id\u00e9al vrai\u00adment humain, am\u00e9\u00adlio\u00adre\u00adra les rap\u00adports sociaux et sup\u00adpri\u00adme\u00adra les causes de haine, d\u2019iniquit\u00e9 et d\u2019injustice.<\/p>\n<p style=\"text-align: justify;\">Nous concluons \u00e0 ce sujet et nous disons&nbsp;:<\/p>\n<p style=\"text-align: justify;\">\u00c9du\u00adca\u00adtion des consciences&nbsp;;<\/p>\n<p style=\"text-align: justify;\">\u00c9l\u00e9\u00adva\u00adtion des esprits,<\/p>\n<p style=\"text-align: justify;\">ren\u00addant pos\u00adsible la pra\u00adtique de la liber\u00adt\u00e9 et la sup\u00adpres\u00adsion des gouvernements.<\/p>\n<p style=\"text-align: justify;\" align=\"right\">Le Semeur<\/p>\n","protected":false},"excerpt":{"rendered":"<p>Parait-il \u00e0 son heure&nbsp;? Aura-t-il l\u2019oreille des mili\u00adtants de notre r\u00e9gion&nbsp;? R\u00e9us\u00ad\u00adsi\u00ad\u00adra-t-il dans son \u0153uvre de r\u00e9con\u00adci\u00adlia\u00adtion des fr\u00e8res enne\u00admis&nbsp;? L\u2019avenir nous le&nbsp;dira. Ce que sera le SEMEUR, la plu\u00adpart de ceux qui le liront connaissent d\u00e9j\u00e0 les grandes lignes de son pro\u00adgramme, pour les autres nous les don\u00adnons ci-des\u00adsous. \u00c0 l\u2019heure o\u00f9 les&nbsp;blocs&nbsp;[\u2026]<\/p>\n","protected":false},"author":8,"featured_media":5922,"comment_status":"closed","ping_status":"closed","sticky":false,"template":"wp-custom-template-page-d-article","format":"standard","meta":{"wp_typography_post_enhancements_disabled":false,"footnotes":""},"categories":[607],"tags":[555],"ppma_author":[680],"class_list":["post-5926","post","type-post","status-publish","format-standard","has-post-thumbnail","hentry","category-le-semeur-numero-preparatoire-juillet-1923","tag-manifeste"],"authors":[{"term_id":680,"user_id":8,"is_guest":0,"slug":"anonyme","display_name":"Anonyme","avatar_url":"https:\/\/secure.gravatar.com\/avatar\/cdccebf2bbf18d75df96a6721f7ce7f7ec80d026f1b8ec6be93de563bca5236b?s=96&d=mm&r=g","author_category":"","user_url":"","last_name":"","first_name":"","job_title":"","description":""}],"_links":{"self":[{"href":"https:\/\/la-presse-anarchiste.net\/index.php\/wp-json\/wp\/v2\/posts\/5926","targetHints":{"allow":["GET"]}}],"collection":[{"href":"https:\/\/la-presse-anarchiste.net\/index.php\/wp-json\/wp\/v2\/posts"}],"about":[{"href":"https:\/\/la-presse-anarchiste.net\/index.php\/wp-json\/wp\/v2\/types\/post"}],"author":[{"embeddable":true,"href":"https:\/\/la-presse-anarchiste.net\/index.php\/wp-json\/wp\/v2\/users\/8"}],"replies":[{"embeddable":true,"href":"https:\/\/la-presse-anarchiste.net\/index.php\/wp-json\/wp\/v2\/comments?post=5926"}],"version-history":[{"count":4,"href":"https:\/\/la-presse-anarchiste.net\/index.php\/wp-json\/wp\/v2\/posts\/5926\/revisions"}],"predecessor-version":[{"id":8733,"href":"https:\/\/la-presse-anarchiste.net\/index.php\/wp-json\/wp\/v2\/posts\/5926\/revisions\/8733"}],"wp:featuredmedia":[{"embeddable":true,"href":"https:\/\/la-presse-anarchiste.net\/index.php\/wp-json\/wp\/v2\/media\/5922"}],"wp:attachment":[{"href":"https:\/\/la-presse-anarchiste.net\/index.php\/wp-json\/wp\/v2\/media?parent=5926"}],"wp:term":[{"taxonomy":"category","embeddable":true,"href":"https:\/\/la-presse-anarchiste.net\/index.php\/wp-json\/wp\/v2\/categories?post=5926"},{"taxonomy":"post_tag","embeddable":true,"href":"https:\/\/la-presse-anarchiste.net\/index.php\/wp-json\/wp\/v2\/tags?post=5926"},{"taxonomy":"author","embeddable":true,"href":"https:\/\/la-presse-anarchiste.net\/index.php\/wp-json\/wp\/v2\/ppma_author?post=5926"}],"curies":[{"name":"wp","href":"https:\/\/api.w.org\/{rel}","templated":true}]}}