{"id":594,"date":"2007-07-14T15:27:01","date_gmt":"2007-07-14T15:27:01","guid":{"rendered":"https:\/\/la-presse-anarchiste.net\/index.php\/2007\/07\/14\/revolution-et-civilisation\/"},"modified":"2007-07-14T15:27:01","modified_gmt":"2007-07-14T15:27:01","slug":"revolution-et-civilisation","status":"publish","type":"post","link":"https:\/\/la-presse-anarchiste.net\/index.php\/2007\/07\/14\/revolution-et-civilisation\/","title":{"rendered":"R\u00e9volution et civilisation"},"content":{"rendered":"<div class=\"pdfprnt-buttons pdfprnt-buttons-post pdfprnt-top-right\"><a href=\"https:\/\/la-presse-anarchiste.net\/index.php\/wp-json\/wp\/v2\/posts\/594?print=pdf\" class=\"pdfprnt-button pdfprnt-button-pdf\" target=\"_blank\"><img decoding=\"async\" src=\"https:\/\/la-presse-anarchiste.net\/wp-content\/plugins\/pdf-print\/images\/pdf.png\" alt=\"image_pdf\" title=\"Afficher le PDF\"><\/a><a href=\"https:\/\/la-presse-anarchiste.net\/index.php\/wp-json\/wp\/v2\/posts\/594?print=print\" class=\"pdfprnt-button pdfprnt-button-print\" target=\"_blank\"><img decoding=\"async\" src=\"https:\/\/la-presse-anarchiste.net\/wp-content\/plugins\/pdf-print\/images\/print.png\" alt=\"image_print\" title=\"Contenu imprim\u00e9\"><\/a><\/div><div align=\"justify\">\nC\u2019est \u00e0 l\u2019\u00e9\u00adchelle des valeurs intimes de l\u2019\u00eatre humain vues dans le sens de l\u2019\u00e9\u00adpa\u00adnouis\u00adse\u00adment onto\u00adlo\u00adgique et col\u00adlec\u00adtif (ces valeurs intimes consi\u00add\u00e9\u00adr\u00e9es <u>en leur tout<\/u> comme valeurs sp\u00e9\u00adci\u00adfiques de l\u2019\u00eatre col\u00adlec\u00adtif), que l\u2019on peut intro\u00adduire la notion uni\u00adver\u00adselle de CONTRE CIVILISATION appli\u00adcable \u00e0 toute id\u00e9e qui ten\u00addrait \u00e0 faus\u00adser ou d\u00e9pr\u00e9\u00adcier en pro\u00adfon\u00addeur, sciem\u00adment ou incons\u00adciem\u00adment, ces valeurs.\n<p>\tNous esti\u00admons que le prin\u00adcipe de soli\u00adda\u00adri\u00adt\u00e9 humaine doit \u00eatre \u00e9ten\u00addu en ce sens si l\u2019on veut consi\u00add\u00e9\u00adrer la R\u00e9vo\u00adlu\u00adtion Sociale \u00e0 la mesure enti\u00e8re de l\u2019homme, c\u2019est \u00e0 dire ne pas la limi\u00adter d\u00e9sas\u00adtreu\u00adse\u00adment au seul pro\u00adjet d\u2019\u00e9\u00adman\u00adci\u00adpa\u00adtion \u00e9conomique.<\/p>\n<p>\tCe n\u2019est qu\u2019in\u00adtro\u00adduc\u00adtion faite d\u2019une telle notion, qu\u2019il est pos\u00adsible de situer clai\u00adre\u00adment le r\u00f4le contre-r\u00e9vo\u00adlu\u00adtion\u00adnaire de la Franc-Ma\u00e7on\u00adne\u00adrie&nbsp;: et non plus seule\u00adment d\u2019en \u00eatre \u00e0 la consi\u00add\u00e9\u00adrer comme une asso\u00adcia\u00adtion dont les pro\u00adpo\u00adsi\u00adtions huma\u00adnistes s\u2019ac\u00adcor\u00adde\u00adraient \u00e0 pre\u00admi\u00e8re vue, avec la R\u00e9vo\u00adlu\u00adtion que nous proposons.<\/p>\n<p>\tNous esti\u00admons, d\u2019autre part, que c\u2019est seule\u00adment \u00e0 par\u00adtir de cette prise de conscience de la CONTRE-CIVILISATION qu\u2019il est pos\u00adsible de d\u00e9ga\u00adger une v\u00e9ri\u00adtable loi \u00e9thique dont les prin\u00adcipes pro\u00adcla\u00adme\u00adraient le carac\u00adt\u00e8re fac\u00adtice des anti\u00adno\u00admies dont nous savons que les aspects soi-disant contra\u00addic\u00adtoires sont main\u00adte\u00adnus \u00e0 seule fin de ser\u00advir les int\u00e9\u00adr\u00eats de ceux qui en d\u00e9clarent la fusion et le d\u00e9pas\u00adse\u00adment impossibles.<\/p>\n<p>\tAin\u00adsi, en est-il du bien et du mal, du beau et du laid, du vrai et du faux. Ain\u00adsi en est-il des fins et des moyens, dont on conna\u00eet l\u2019i\u00adgnoble th\u00e9o\u00adrie selon laquelle celles-ci seraient jus\u00adti\u00adfi\u00e9es par ceux-l\u00e0. La notion de CONTRE-CIVILISATION nous para\u00eet \u00e9clai\u00adrer au mieux l\u2019a\u00adber\u00adra\u00adtion monu\u00admen\u00adtale d\u2019un tel prin\u00adcipe qui couvre \u00e0 lui seul toutes les man\u0153uvres tac\u00adtiques, TOUTES les religions.<\/p>\n<p>\tTout moyen <u>est aus\u00adsi<\/u> une <u>fin<\/u> qui per\u00admet d\u2019at\u00adteindre un objec\u00adtif plus loin\u00adtain. Tout moyen est un fac\u00adteur cau\u00adsal, point de d\u00e9part d\u2019une cha\u00eene de cons\u00e9\u00adquences mul\u00adtiples affec\u00adt\u00e9es irr\u00e9\u00adm\u00e9\u00addia\u00adble\u00adment de la valeur \u00e9thique qui lui est propre. C\u2019est dire que la fin et les moyens sont indis\u00adso\u00adciables. Qu\u2019\u00e0 vou\u00adloir jus\u00adti\u00adfier l\u2019un par l\u2019autre, il s\u2019a\u00adgi\u00adrait plu\u00adt\u00f4t de dire&nbsp;: les moyens jus\u00adti\u00adfient la fin, mais qu\u2019en fait, il s\u2019y est fait un jeu de r\u00e9ci\u00adpro\u00adci\u00adt\u00e9 dont l\u2019i\u00adgno\u00adrance per\u00admet toutes les erreurs.<\/p>\n<p>\tC\u2019est pr\u00e9\u00adci\u00ads\u00e9\u00adment \u00e0 par\u00adtir de ce jeu de r\u00e9ci\u00adpro\u00adci\u00adt\u00e9 qu\u2019il y a lieu de rap\u00adpe\u00adler qu\u2019\u00e0 la mesure d\u2019un pro\u00adgr\u00e8s envi\u00adsa\u00adg\u00e9 dans quelque domaine que ce soit, il est n\u00e9ces\u00adsaire d\u2019y intro\u00adduire l\u2019as\u00adpect QUALITATIF, le NON D\u00c9PR\u00c9CIATIF, le dyna\u00admisme ASCENDANT de tout tra\u00advail r\u00e9vo\u00adlu\u00adtion\u00adnaire&nbsp;: Autant de qua\u00adli\u00adt\u00e9s qui tombent d\u00e8s l\u2019ins\u00adtant o\u00f9 l\u2019on se per\u00admet\u00adtrait au nom d\u2019une pr\u00e9\u00adten\u00addue tol\u00e9\u00adrance, des conces\u00adsions m\u00eame tran\u00adsi\u00adtoires. \u00c0 plus forte rai\u00adson, lorsque les racines d\u2019une \u00e9thique plongent dans le Chris\u00adtia\u00adnisme, comme c\u2019est le cas pour la Franc-Ma\u00e7onnerie.<\/p>\n<p>\tL\u2019a\u00adna\u00adlyse des prin\u00adcipes qui agitent le monde, \u00e0 l\u2019aide de cette notion, nous montre qu\u2019en d\u00e9fi\u00adni\u00adtive, l\u2019\u00e9\u00adpoque que nous vivons est celle du d\u00e9clin de la civi\u00adli\u00adsa\u00adtion chr\u00e9\u00adtienne et capi\u00adta\u00adliste dont les forces bol\u00adche\u00adviques, fas\u00adcistes et ma\u00e7on\u00adniques ne sont que des \u00e9pi\u00adph\u00e9\u00adno\u00adm\u00e8nes, des signes de d\u00e9b\u00e2cle cer\u00adtains dont nous devons h\u00e2ter le&nbsp;terme.<\/p>\n<p>\tFace \u00e0 ces mou\u00adve\u00adments ter\u00admi\u00adnaux, s\u2019\u00e9\u00adla\u00adbore une concep\u00adtion nou\u00advelle de la vie&nbsp;: celle o\u00f9 l\u2019homme seul ser\u00advi\u00adra de cri\u00adt\u00e8re \u00e0 l\u2019homme.<\/p>\n<p>Jacques\n<\/p><\/div>\n","protected":false},"excerpt":{"rendered":"<p>C\u2019est \u00e0 l\u2019\u00e9\u00adchelle des valeurs intimes de l\u2019\u00eatre humain vues dans le sens de l\u2019\u00e9\u00adpa\u00adnouis\u00adse\u00adment onto\u00adlo\u00adgique et col\u00adlec\u00adtif (ces valeurs intimes consi\u00add\u00e9\u00adr\u00e9es en leur tout comme valeurs sp\u00e9\u00adci\u00adfiques de l\u2019\u00eatre col\u00adlec\u00adtif), que l\u2019on peut intro\u00adduire la notion uni\u00adver\u00adselle de CONTRE CIVILISATION appli\u00adcable \u00e0 toute id\u00e9e qui ten\u00addrait \u00e0 faus\u00adser ou d\u00e9pr\u00e9\u00adcier en pro\u00adfon\u00addeur, sciem\u00adment&nbsp;ou&nbsp;[\u2026]<\/p>\n","protected":false},"author":1,"featured_media":0,"comment_status":"closed","ping_status":"closed","sticky":false,"template":"","format":"standard","meta":{"wp_typography_post_enhancements_disabled":false,"footnotes":""},"categories":[74],"tags":[],"ppma_author":[540],"class_list":["post-594","post","type-post","status-publish","format-standard","hentry","category-noir-rouge-na5-printemps-1957"],"authors":[{"term_id":540,"user_id":1,"is_guest":0,"slug":"admin_3gikpwyf","display_name":"Vincent Dubuc","avatar_url":"https:\/\/secure.gravatar.com\/avatar\/d015720652c25fd2ced191ade86430094e1f288a17483713e3b34d26dea52507?s=96&d=mm&r=g","author_category":"","user_url":"https:\/\/la-presse-anarchiste.net","last_name":"Dubuc","first_name":"Vincent","job_title":"","description":""}],"_links":{"self":[{"href":"https:\/\/la-presse-anarchiste.net\/index.php\/wp-json\/wp\/v2\/posts\/594","targetHints":{"allow":["GET"]}}],"collection":[{"href":"https:\/\/la-presse-anarchiste.net\/index.php\/wp-json\/wp\/v2\/posts"}],"about":[{"href":"https:\/\/la-presse-anarchiste.net\/index.php\/wp-json\/wp\/v2\/types\/post"}],"author":[{"embeddable":true,"href":"https:\/\/la-presse-anarchiste.net\/index.php\/wp-json\/wp\/v2\/users\/1"}],"replies":[{"embeddable":true,"href":"https:\/\/la-presse-anarchiste.net\/index.php\/wp-json\/wp\/v2\/comments?post=594"}],"version-history":[{"count":0,"href":"https:\/\/la-presse-anarchiste.net\/index.php\/wp-json\/wp\/v2\/posts\/594\/revisions"}],"wp:attachment":[{"href":"https:\/\/la-presse-anarchiste.net\/index.php\/wp-json\/wp\/v2\/media?parent=594"}],"wp:term":[{"taxonomy":"category","embeddable":true,"href":"https:\/\/la-presse-anarchiste.net\/index.php\/wp-json\/wp\/v2\/categories?post=594"},{"taxonomy":"post_tag","embeddable":true,"href":"https:\/\/la-presse-anarchiste.net\/index.php\/wp-json\/wp\/v2\/tags?post=594"},{"taxonomy":"author","embeddable":true,"href":"https:\/\/la-presse-anarchiste.net\/index.php\/wp-json\/wp\/v2\/ppma_author?post=594"}],"curies":[{"name":"wp","href":"https:\/\/api.w.org\/{rel}","templated":true}]}}