{"id":598,"date":"2007-07-15T10:29:17","date_gmt":"2007-07-15T10:29:17","guid":{"rendered":"https:\/\/la-presse-anarchiste.net\/index.php\/2007\/07\/15\/une-premiere-mise-au-point-necessaire\/"},"modified":"2007-07-15T10:29:17","modified_gmt":"2007-07-15T10:29:17","slug":"une-premiere-mise-au-point-necessaire","status":"publish","type":"post","link":"https:\/\/la-presse-anarchiste.net\/index.php\/2007\/07\/15\/une-premiere-mise-au-point-necessaire\/","title":{"rendered":"Une premi\u00e8re mise au point n\u00e9cessaire"},"content":{"rendered":"<div class=\"pdfprnt-buttons pdfprnt-buttons-post pdfprnt-top-right\"><a href=\"https:\/\/la-presse-anarchiste.net\/index.php\/wp-json\/wp\/v2\/posts\/598?print=pdf\" class=\"pdfprnt-button pdfprnt-button-pdf\" target=\"_blank\"><img decoding=\"async\" src=\"https:\/\/la-presse-anarchiste.net\/wp-content\/plugins\/pdf-print\/images\/pdf.png\" alt=\"image_pdf\" title=\"Afficher le PDF\"><\/a><a href=\"https:\/\/la-presse-anarchiste.net\/index.php\/wp-json\/wp\/v2\/posts\/598?print=print\" class=\"pdfprnt-button pdfprnt-button-print\" target=\"_blank\"><img decoding=\"async\" src=\"https:\/\/la-presse-anarchiste.net\/wp-content\/plugins\/pdf-print\/images\/print.png\" alt=\"image_print\" title=\"Contenu imprim\u00e9\"><\/a><\/div><div align=\"justify\">\n\tTous les r\u00e9gimes r\u00e9ac\u00adtion\u00adnaires et fas\u00adcistes ont com\u00adbat\u00adtu la Franc-Ma\u00e7on\u00adne\u00adrie. Nous avons encore des sou\u00adve\u00adnirs pr\u00e9\u00adcis de l\u2019ac\u00adtion du gou\u00adver\u00adne\u00adment de Vichy en cette mati\u00e8re. Pour la pro\u00adpa\u00adgande de droite, les francs-ma\u00e7ons sont des gens qui se r\u00e9unissent secr\u00e8\u00adte\u00adment pour nour\u00adrir les plus noirs des\u00adseins contre la France, contre la Morale, et fomentent la R\u00e9vo\u00adlu\u00adtion avec le concours de la \u00ab&nbsp;jui\u00adve\u00adrie inter\u00adna\u00adtio\u00adnale&nbsp;\u00bb. L\u2019a\u00advant-guerre a vu une flo\u00adrai\u00adson de lit\u00adt\u00e9\u00adra\u00adture anti\u00adma\u00ad\u00e7on\u00adnique qui d\u00e9ve\u00adlop\u00adpait des argu\u00adments de ce genre&nbsp;: depuis \u00ab&nbsp;Les Cahiers de l\u2019Ordre&nbsp;\u00bb, jus\u00adqu\u2019au \u00ab&nbsp;Grand Occi\u00addent&nbsp;\u00bb, en pas\u00adsant par la c\u00e9l\u00e8bre \u00ab&nbsp;Semaine Reli\u00adgieuse&nbsp;\u00bb. Les m\u00eames th\u00e8ses devaient faire le bon\u00adheur des \u00e9di\u00adto\u00adriaux du trop c\u00e9l\u00e8bre Phi\u00adlippe Hen\u00adriot, pen\u00addant l\u2019oc\u00adcu\u00adpa\u00adtion. Nous ne ferons pas l\u2019in\u00adjure \u00e0 nos lec\u00adteurs de croire que nous don\u00adnons dans de tels panneaux&nbsp;!\n<p>\tL\u2019\u00c9\u00adglise Catho\u00adlique a tou\u00adjours, tra\u00addi\u00adtion\u00adnel\u00adle\u00adment com\u00adbat\u00adtu la Franc-Ma\u00e7on\u00adne\u00adrie. Le pape Gr\u00e9\u00adgoire XVI dit qu\u2019elle est \u00ab&nbsp;le cloaque o\u00f9 sont r\u00e9unies les doc\u00adtrines les plus impies, les pra\u00adtiques sacri\u00adl\u00e8ges les plus abo\u00admi\u00adnables de toutes les sectes depuis l\u2019o\u00adri\u00adgine des si\u00e8cles jus\u00adqu\u2019\u00e0 nos jours.&nbsp;\u00bb Pierre l\u2019Her\u00admite, direc\u00adteur de la \u00ab&nbsp;Croix&nbsp;\u00bb pen\u00addant des d\u00e9cades, \u00e9cri\u00advait&nbsp;: \u00ab&nbsp;La Franc-Ma\u00e7on\u00adne\u00adrie, c\u2019est la Contre-\u00c9glise, le cer\u00adveau du Diable, la haine invi\u00adsible et guet\u00adteuse, qui a sur les mains le sang de tant de R\u00e9volutions.&nbsp;\u00bb<\/p>\n<p>\tCe d\u00e9bor\u00adde\u00adment d\u2019in\u00adjures pro\u00adf\u00e9\u00adr\u00e9es par les cl\u00e9\u00adri\u00adcaux dans le pas\u00ads\u00e9 ne pour\u00adrait, au pre\u00admier abord, que nous inci\u00adter \u00e0 une vive sym\u00adpa\u00adthie pour les \u00ab&nbsp;fr\u00e8res trois-points&nbsp;\u00bb. Pierre l\u2019Her\u00admite parle de R\u00e9vo\u00adlu\u00adtions&nbsp;! La Franc-Ma\u00e7on\u00adne\u00adrie ne prend pas cela pour une injure. Mieux, elle se vante d\u2019a\u00advoir pr\u00e9\u00adpa\u00adr\u00e9 dans ses loges les prin\u00adcipes et les grands \u00e9v\u00e8\u00adne\u00adments de 1789. Le Conseil de l\u2019Ordre du Grand Orient de France d\u00e9cla\u00adrait en 1897&nbsp;: \u00ab&nbsp;C\u2019est la Franc-Ma\u00e7on\u00adne\u00adrie qui a pr\u00e9\u00adpa\u00adr\u00e9 notre R\u00e9vo\u00adlu\u00adtion, la plus grande de toutes les \u00e9po\u00adp\u00e9es popu\u00adlaires que l\u2019His\u00adtoire ait engen\u00addr\u00e9es dans ses anales, et c\u2019est \u00e0 la Franc-Ma\u00e7on\u00adne\u00adrie que revient le sublime hon\u00adneur d\u2019a\u00advoir four\u00adni \u00e0 cet inou\u00adbliable \u00e9v\u00e8\u00adne\u00adment la for\u00admule o\u00f9 sont incar\u00adn\u00e9s ses principes.&nbsp;\u00bb<\/p>\n<p>\tC\u2019est dans les loges que furent \u00e9la\u00adbo\u00adr\u00e9s les grands bou\u00adle\u00adver\u00adse\u00adments sociaux de la fin du XIX<sup>e<\/sup> si\u00e8cle en Ita\u00adlie et en Espagne, par exemple. Il est enfin un fait ind\u00e9\u00adniable, beau\u00adcoup de pen\u00adseurs anar\u00adchistes du d\u00e9but du si\u00e8cle, dont \u00c9ly\u00ads\u00e9e RECLUS, membre de l\u2019Al\u00adliance de Fran\u00adcis\u00adco FERRER, \u00e9taient des ma\u00e7ons notoires. Il n\u2019y a pas de doute pos\u00adsible&nbsp;: les loges ont appor\u00adt\u00e9 une pierre non n\u00e9gli\u00adgeable \u00e0 l\u2019\u00e9\u00advo\u00adlu\u00adtion des id\u00e9es dans le pas\u00ads\u00e9 et ont jou\u00e9 une \u00e9poque don\u00adn\u00e9e, un r\u00f4le impor\u00adtant dans la prise de conscience des peuples.<\/p>\n<p>\t\u00c0 l\u2019op\u00adpo\u00ads\u00e9 des argu\u00adments r\u00e9ac\u00adtion\u00adnaires et tou\u00adjours aus\u00adsi peu s\u00e9rieux, se placent les boni\u00adments r\u00e9pan\u00addus dans l\u2019ex\u2011F.C.L. et dans d\u2019autres par\u00adtis ouvriers mino\u00adri\u00adtaires, \u00e0 savoir&nbsp;: les franc-ma\u00e7ons sont tous des \u00ab&nbsp;flics&nbsp;\u00bb, un franc-ma\u00e7on est for\u00adc\u00e9\u00adment un mou\u00adchard dont on doit se m\u00e9fier. Qu\u2019il y ait des flics dans la Franc-Ma\u00e7on\u00adne\u00adrie, ce n\u2019est que trop cer\u00adtain&nbsp;! Mais il y a tou\u00adjours eu des \u00ab&nbsp;flics&nbsp;\u00bb dans toutes les orga\u00adni\u00adsa\u00adtions de \u00ab&nbsp;gauche&nbsp;\u00bb et c\u2019est \u00ab&nbsp;nor\u00admal&nbsp;\u00bb. Nous sommes de ceux qui pensent qu\u2019on ne peut argu\u00admen\u00adter que sur des faits s\u00e9rieux.<\/p>\n<p>\tLe reproche fait par le \u00ab&nbsp;Fran\u00ad\u00e7ais moyen&nbsp;\u00bb est le carac\u00adt\u00e8re secret des tra\u00advaux des loges. Il nous fau\u00addrait nous repla\u00adcer dans le contexte de la situa\u00adtion poli\u00adtique du XVIII<sup>e<\/sup> si\u00e8cle o\u00f9 les loges \u00e9taient flo\u00adris\u00adsantes et o\u00f9 les id\u00e9es de la R\u00e9vo\u00adlu\u00adtion fran\u00ad\u00e7aise se r\u00e9pan\u00addaient. Il \u00e9tait n\u00e9ces\u00adsaire, dans un pays o\u00f9 la liber\u00adt\u00e9 d\u2019ex\u00adpres\u00adsion n\u2019exis\u00adtait pas, de se r\u00e9unir \u00e0 l\u2019a\u00adbri des indis\u00adcrets. C\u2019est cette pr\u00e9\u00adser\u00adva\u00adtion d\u2019un lieu secret, der\u00adnier refuge de la dis\u00adcus\u00adsion, qui a obli\u00adg\u00e9 les r\u00e9gimes auto\u00adri\u00adtaires \u00e0 com\u00adbattre en pre\u00admier lieu la Franc-Ma\u00e7on\u00adne\u00adrie. Nul doute que des mili\u00adtants anar\u00adchistes du si\u00e8cle der\u00adnier purent trou\u00adver dans les loges une pro\u00adtec\u00adtion effi\u00adcace contre les coups du Pou\u00advoir. Ce n\u2019est donc pas ce carac\u00adt\u00e8re secret que nous repro\u00adchons \u00e0 la Franc-Ma\u00e7on\u00adne\u00adrie. Toutes les orga\u00adni\u00adsa\u00adtions r\u00e9vo\u00adlu\u00adtion\u00adnaires ont uti\u00adli\u00ads\u00e9 le secret en p\u00e9riode de trouble. L\u2019Al\u00adliance, et plus tard la F.A.I. espa\u00adgnole n\u2019ont jamais ren\u00addu publique la liste de leurs membres. Cette m\u00e9thode pou\u00advait tr\u00e8s bien, \u00e0 l\u2019\u00e9\u00adpoque des \u00c9tats G\u00e9n\u00e9\u00adraux de 1789, \u00eatre employ\u00e9e l\u00e9gi\u00adti\u00adme\u00adment \u00e0 nos yeux par la Franc-Ma\u00e7on\u00adne\u00adrie. Que le secret ma\u00e7on\u00adnique soit tou\u00adjours l\u00e9gi\u00adtime \u00e0 notre \u00e9poque est une ques\u00adtion sur laquelle nous ne chi\u00adca\u00adne\u00adrons pas. L\u2019ar\u00adgu\u00adment r\u00e9ac\u00adtion\u00adnaire r\u00e9pan\u00addu par le \u00ab&nbsp;Cahier de l\u2019Ordre&nbsp;\u00bb avant la guerre, selon lequel \u00ab&nbsp;On ne cache que lorsque l\u2019on a quelque chose de mal\u00adpropre ou d\u2019i\u00adna\u00advouable \u00e0 cacher&nbsp;\u00bb, nous semble tr\u00e8s faible. Que dirions-nous des cou\u00advents&nbsp;! Remar\u00adquons en pas\u00adsant que le secret ma\u00e7on\u00adnique est sur\u00adtout main\u00adte\u00adnant un secret de polichinelle.<\/p>\n<p>\tAus\u00adsi, c\u2019est sur un plan tr\u00e8s dif\u00adf\u00e9\u00adrent que nous pla\u00ad\u00e7ons notre oppo\u00adsi\u00adtion \u00e0 la Franc-Ma\u00e7onnerie.<\/p>\n<p>G.B.\n<\/p><\/div>\n","protected":false},"excerpt":{"rendered":"<p>Tous les r\u00e9gimes r\u00e9ac\u00adtion\u00adnaires et fas\u00adcistes ont com\u00adbat\u00adtu la Franc-Ma\u00e7on\u00ad\u00adne\u00ad\u00adrie. Nous avons encore des sou\u00adve\u00adnirs pr\u00e9\u00adcis de l\u2019ac\u00adtion du gou\u00adver\u00adne\u00adment de Vichy en cette mati\u00e8re. Pour la pro\u00adpa\u00adgande de droite, les francs-ma\u00e7ons sont des gens qui se r\u00e9unissent secr\u00e8\u00adte\u00adment pour nour\u00adrir les plus noirs des\u00adseins contre la France, contre la Morale, et fomentent la R\u00e9volution&nbsp;[\u2026]<\/p>\n","protected":false},"author":1,"featured_media":0,"comment_status":"closed","ping_status":"closed","sticky":false,"template":"","format":"standard","meta":{"wp_typography_post_enhancements_disabled":false,"footnotes":""},"categories":[74],"tags":[],"ppma_author":[540],"class_list":["post-598","post","type-post","status-publish","format-standard","hentry","category-noir-rouge-na5-printemps-1957"],"authors":[{"term_id":540,"user_id":1,"is_guest":0,"slug":"admin_3gikpwyf","display_name":"Vincent Dubuc","avatar_url":"https:\/\/secure.gravatar.com\/avatar\/d015720652c25fd2ced191ade86430094e1f288a17483713e3b34d26dea52507?s=96&d=mm&r=g","author_category":"","user_url":"https:\/\/la-presse-anarchiste.net","last_name":"Dubuc","first_name":"Vincent","job_title":"","description":""}],"_links":{"self":[{"href":"https:\/\/la-presse-anarchiste.net\/index.php\/wp-json\/wp\/v2\/posts\/598","targetHints":{"allow":["GET"]}}],"collection":[{"href":"https:\/\/la-presse-anarchiste.net\/index.php\/wp-json\/wp\/v2\/posts"}],"about":[{"href":"https:\/\/la-presse-anarchiste.net\/index.php\/wp-json\/wp\/v2\/types\/post"}],"author":[{"embeddable":true,"href":"https:\/\/la-presse-anarchiste.net\/index.php\/wp-json\/wp\/v2\/users\/1"}],"replies":[{"embeddable":true,"href":"https:\/\/la-presse-anarchiste.net\/index.php\/wp-json\/wp\/v2\/comments?post=598"}],"version-history":[{"count":0,"href":"https:\/\/la-presse-anarchiste.net\/index.php\/wp-json\/wp\/v2\/posts\/598\/revisions"}],"wp:attachment":[{"href":"https:\/\/la-presse-anarchiste.net\/index.php\/wp-json\/wp\/v2\/media?parent=598"}],"wp:term":[{"taxonomy":"category","embeddable":true,"href":"https:\/\/la-presse-anarchiste.net\/index.php\/wp-json\/wp\/v2\/categories?post=598"},{"taxonomy":"post_tag","embeddable":true,"href":"https:\/\/la-presse-anarchiste.net\/index.php\/wp-json\/wp\/v2\/tags?post=598"},{"taxonomy":"author","embeddable":true,"href":"https:\/\/la-presse-anarchiste.net\/index.php\/wp-json\/wp\/v2\/ppma_author?post=598"}],"curies":[{"name":"wp","href":"https:\/\/api.w.org\/{rel}","templated":true}]}}