{"id":601,"date":"2007-10-02T09:11:12","date_gmt":"2007-10-02T09:11:12","guid":{"rendered":"https:\/\/la-presse-anarchiste.net\/index.php\/2007\/10\/02\/remous-autour-dune-polemique\/"},"modified":"2007-10-02T09:11:12","modified_gmt":"2007-10-02T09:11:12","slug":"remous-autour-dune-polemique","status":"publish","type":"post","link":"https:\/\/la-presse-anarchiste.net\/index.php\/2007\/10\/02\/remous-autour-dune-polemique\/","title":{"rendered":"Remous autour d\u2019une pol\u00e9mique"},"content":{"rendered":"<div class=\"pdfprnt-buttons pdfprnt-buttons-post pdfprnt-top-right\"><a href=\"https:\/\/la-presse-anarchiste.net\/index.php\/wp-json\/wp\/v2\/posts\/601?print=pdf\" class=\"pdfprnt-button pdfprnt-button-pdf\" target=\"_blank\"><img decoding=\"async\" src=\"https:\/\/la-presse-anarchiste.net\/wp-content\/plugins\/pdf-print\/images\/pdf.png\" alt=\"image_pdf\" title=\"Afficher le PDF\"><\/a><a href=\"https:\/\/la-presse-anarchiste.net\/index.php\/wp-json\/wp\/v2\/posts\/601?print=print\" class=\"pdfprnt-button pdfprnt-button-print\" target=\"_blank\"><img decoding=\"async\" src=\"https:\/\/la-presse-anarchiste.net\/wp-content\/plugins\/pdf-print\/images\/print.png\" alt=\"image_print\" title=\"Contenu imprim\u00e9\"><\/a><\/div><div align=\"justify\">Nous avons re\u00e7u de la Com\u00admis\u00adsion aux Rela\u00adtions Inter\u00adna\u00adtio\u00adnales de la FAI, dat\u00e9e \u00ab&nbsp;exil, 11 f\u00e9vrier 78&nbsp;\u00bb, une cir\u00adcu\u00adlaire d\u00e9non\u00ad\u00e7ant la cam\u00adpagne liqui\u00adda\u00adtrice lan\u00adc\u00e9e par l\u2019\u00c9\u00adtat contre la CNT, aid\u00e9 par \u00ab&nbsp;d\u2019an\u00adciens cama\u00adrades de Mar\u00adtin Vil\u00adla dans la CNS, infil\u00adtr\u00e9s dans l\u2019or\u00adga\u00adni\u00adsa\u00adtion conf\u00e9\u00add\u00e9\u00adrale.&nbsp;\u00bb La cir\u00adcu\u00adlaire d\u00e9fi\u00adnit la FAI comme une orga\u00adni\u00adsa\u00adtion \u00ab&nbsp;his\u00adto\u00adri\u00adque\u00adment li\u00e9e \u00e0 la CNT&nbsp;\u00bb, \u00ab&nbsp;pas comme branche mili\u00adtaire&nbsp;\u00bb, comme le pr\u00e9\u00adtendent \u00ab&nbsp;le gou\u00adver\u00adne\u00adment et ses agents ver\u00adti\u00adca\u00adlistes et vati\u00adca\u00adnistes&nbsp;\u00bb, mais \u00ab&nbsp;comme colonne ver\u00adt\u00e9\u00adbrale des anar\u00adcho-syn\u00addi\u00adca\u00adlistes de la CNT&nbsp;\u00bb. Elle reprend une d\u00e9cla\u00adra\u00adtion de la F\u00e9d\u00e9\u00adra\u00adtion Anar\u00adchiste de la r\u00e9gion Cata\u00adlane, qui, entre autre, d\u00e9sap\u00adprouve l\u2019at\u00adten\u00adtat contre la Sca\u00adla, nie toute rela\u00adtion avec l\u2019af\u00adfaire et condamne la \u00ab&nbsp;chasse aux sor\u00adci\u00e8res&nbsp;\u00bb pra\u00adti\u00adqu\u00e9e par ceux qui, sous ce pr\u00e9\u00adtexte, ont vou\u00adlu expul\u00adser des mili\u00adtants de la FAI, des syn\u00addi\u00adcats de la&nbsp;CNT.\n<p>Nous sommes d\u2019ac\u00adcord avec ces cama\u00adrades pour nous oppo\u00adser \u00e0 toute chasse aux sor\u00adci\u00e8res. \u00c0 voir si, entre tous, nous arri\u00adve\u00adrons \u00e0 faire une CNT vrai\u00adment liber\u00adtaire, ouverte \u00e0 tous les cou\u00adrants qui luttent pour l\u2019\u00e9\u00adman\u00adci\u00adpa\u00adtion ouvri\u00e8re et l\u2019au\u00adto\u00adges\u00adtion&nbsp;: une CNT sans auto\u00adri\u00adt\u00e9 ni \u00ab&nbsp;colonne ver\u00adt\u00e9\u00adbrale&nbsp;\u00bb autre que la libre volon\u00adt\u00e9 de ses assem\u00adbl\u00e9es de mili\u00adtants&nbsp;; ce serait la meilleure preuve que la \u00ab&nbsp;chasse aux sor\u00adci\u00e8res&nbsp;\u00bb n\u2019existe pas.<\/p>\n<h2>POUR OU CONTRE LA&nbsp;FAI&nbsp;?<\/h2>\n<p>En tant que r\u00e9ponse \u00e0 la cir\u00adcu\u00adlaire, nous avons re\u00e7u dif\u00adf\u00e9\u00adrentes lettres qui accusent des sec\u00adteurs conf\u00e9\u00add\u00e9\u00adraux pr\u00e9\u00adcis de por\u00adter la CNT vers la bureau\u00adcra\u00adtie, en orga\u00adni\u00adsant pr\u00e9\u00adci\u00ads\u00e9\u00adment la \u00ab&nbsp;chasse aux sor\u00adci\u00e8res&nbsp;\u00bb. Par exemple la lettre qu\u2019\u00e9\u00adcrit un cama\u00adrade de Madrid qui signe P. reven\u00addique&nbsp;: \u00ab&nbsp;CNT anar\u00adchiste, oui&nbsp;; CNT-FAI, non. Dans le pro\u00adjet de la mafia anky\u00adlo\u00ads\u00e9e qui a usur\u00adp\u00e9 le nom de la FAI, la CNT est la cen\u00adtrale syn\u00addi\u00adcale de la FAI, comme l\u2019UGT est la cen\u00adtrale syn\u00addi\u00adcale du PSOE Avec ce rai\u00adson\u00adne\u00adment, la CNT est syn\u00addi\u00adca\u00adliste et rien de plus, pour les anar\u00adchistes elle est d\u00e9j\u00e0 \u201cl\u2019or\u00adga\u00adni\u00adsa\u00adtion sp\u00e9\u00adci\u00adfique\u201d. Ain\u00adsi, ils se pro\u00adnoncent contre l\u2019ap\u00adpui de la CNT \u00e0 la lutte du COPEL, contre la cam\u00adpagne pour l\u2019a\u00adbo\u00adli\u00adtion de la loi de dan\u00adge\u00adro\u00adsi\u00adt\u00e9 sociale, l\u2019ap\u00adpui aux mar\u00adgi\u00adnaux, aux \u00e9co\u00adlo\u00adgistes, aux reven\u00addi\u00adca\u00adtions f\u00e9mi\u00adnistes, aux anti-mili\u00adta\u00adristes. Confor\u00adm\u00e9\u00adment \u00e0 la stra\u00adt\u00e9\u00adgie syn\u00addi\u00adcale de la CNT leur objec\u00adtif prio\u00adri\u00adtaire actuel\u00adle\u00adment est d\u2019en finir avec la ligne assembl\u00e9iste.&nbsp;\u00bb&nbsp;<\/p>\n<p>\u00ab&nbsp;Dif\u00adfa\u00admer et calom\u00adnier les mili\u00adtants inor\u00adga\u00adni\u00ads\u00e9s, qui ne sont pas des leurs, expul\u00adser des indi\u00advi\u00addus voire des syn\u00addi\u00adcats entiers, sont quelques unes des m\u00e9thodes que cette lettre et d\u2019autres, d\u00e9noncent comme pra\u00adtique de la FAI officielle.&nbsp;<\/p>\n<p>Comme pour se d\u00e9fendre de toutes ces accu\u00adsa\u00adtions, sp\u00e9\u00adcia\u00adle\u00adment de celles qui per\u00adson\u00adna\u00adlisent la \u00ab&nbsp;direc\u00adtion&nbsp;\u00bb de cette stra\u00adt\u00e9\u00adgie dans cer\u00adtains noyaux d\u2019an\u00adciens mili\u00adtants et plus par\u00adti\u00adcu\u00adli\u00e8\u00adre\u00adment comme venant d\u2019une ex-ministre, pro\u00adpa\u00adgan\u00addiste connue, la m\u00eame Com\u00admis\u00adsion Inter\u00adcon\u00adti\u00adnen\u00adtale aux Rela\u00adtions de la FAI nous envoyait une cir\u00adcu\u00adlaire \u00e0 l\u2019oc\u00adca\u00adsion du cin\u00adquan\u00adte\u00adnaire \u201cde la cr\u00e9a\u00adtion de notre orga\u00adni\u00adsa\u00adtion sp\u00e9\u00adci\u00adfique\u201d, qui disait entre autre&nbsp;: \u201c50 ann\u00e9es de vie dans toutes les acti\u00advi\u00adt\u00e9s que ses com\u00adpo\u00adsantes ont trou\u00adv\u00e9 n\u00e9ces\u00adsaire de mener \u00e0 bien, volon\u00adtai\u00adre\u00adment, sans impo\u00adsi\u00adtion d\u2019au\u00adcun \u00e9tat major et encore moins d\u2019au\u00adcun lea\u00adder, ce qui est mora\u00adle\u00adment impos\u00adsible dans une orga\u00adni\u00adsa\u00adtion o\u00f9 la propre sp\u00e9\u00adci\u00adfi\u00adci\u00adt\u00e9 nie et d\u00e9truit toute inten\u00adtion auto\u00adri\u00adtaire et dominatrice.\u201d<\/p>\n<p>Il nous arrive aus\u00adsi des lettres de mili\u00adtants c\u00e9n\u00e9\u00adtistes d\u00e9fen\u00addant la FAI, par exemple celle du cama\u00adrade Andr\u00e8s (qui signe avec le num\u00e9\u00adro conf\u00e9\u00add\u00e9\u00adral) qui com\u00adpare l\u2019or\u00adga\u00adni\u00adsa\u00adtion sp\u00e9\u00adci\u00adfique aux \u00ab&nbsp;anti\u00adcorps&nbsp;\u00bb que d\u00e9ve\u00adloppe d\u2019une mani\u00e8re natu\u00adrelle l\u2019or\u00adga\u00adnisme c\u00e9n\u00e9\u00adtiste quand des \u00ab&nbsp;microbes et bac\u00adt\u00e9\u00adries per\u00adni\u00adcieuses&nbsp;\u00bb l\u2019ont infil\u00adtr\u00e9 (germes \u00ab&nbsp;exclu\u00adsi\u00adve\u00adment syn\u00addi\u00adca\u00adlistes&nbsp;\u00bb) qui pr\u00e9\u00adten\u00addaient r\u00e9duire la CNT \u00e0 une simple orga\u00adni\u00adsa\u00adtion r\u00e9vo\u00adlu\u00adtion\u00adnaire, \u00e0 \u00ab&nbsp;une force d\u2019as\u00adsaut dans la lutte pour le pou\u00advoir&nbsp;\u00bb. De m\u00eame le cama\u00adrade Este\u00adban, mili\u00adtant CNT-FAI de Elche, qui repousse l\u2019al\u00adter\u00adna\u00adtive pos\u00adsible \u00e0 la FAI, qui pr\u00e9\u00adten\u00addrait \u00ab&nbsp;orga\u00adni\u00adser le mou\u00adve\u00adment des col\u00adlec\u00adtifs de quar\u00adtiers, de mar\u00adgi\u00adnaux (pri\u00adson\u00adniers-homo\u00adsexuels-objec\u00adteurs-\u00e9co\u00adlo\u00adgistes-anti\u00admi\u00adli\u00adta\u00adristes) qui existe d\u00e9j\u00e0, et n\u2019est pas exclu\u00adsi\u00adve\u00adment anar\u00adchiste&nbsp;\u00bb. Face \u00e0 cette man\u0153uvre oppor\u00adtu\u00adniste, sem\u00adblable \u00e0 celle des par\u00adtis qui veulent contr\u00f4\u00adler le mou\u00adve\u00adment des quar\u00adtiers, il existe beau\u00adcoup de cama\u00adrades \u00e0 la CNT JJLL et FAI etc. qui conti\u00adnuent \u00e0 appuyer tous les mar\u00adgi\u00adnaux, sans pr\u00e9\u00adtendre atten\u00adter \u00e0 l\u2019au\u00adto\u00adno\u00admie de ces groupes.<\/p>\n<h2>POUR UNE CNT LIBERTAIRE INT\u00c9GRALEMENT<\/h2>\n<p>Cer\u00adtaines lettres d\u00e9plorent l\u2019ac\u00adtuelle lutte de ten\u00addances dans la CNT, \u00ab&nbsp;il appa\u00adra\u00eet que la CNT a res\u00adsur\u00adgi comme lutte de dif\u00adf\u00e9\u00adrentes ten\u00addances pour contr\u00f4\u00adler le mou\u00adve\u00adment liber\u00adtaire, et non comme cana\u00adli\u00adsa\u00adtrice du mou\u00adve\u00adment ouvrier, ce qui serait sa t\u00e2che \u00e0 mon avis&nbsp;\u00bb, nous \u00e9crit Joa\u00adquin du quar\u00adtier madri\u00adl\u00e8ne de Aluche. \u00ab&nbsp;Com\u00adment allons-nous par\u00adler aux gens d\u2019au\u00adto\u00adges\u00adtion, d\u2019u\u00adnion et d\u2019ac\u00adtion directe quand ont lieu au sein de l\u2019or\u00adga\u00adni\u00adsa\u00adtion conf\u00e9\u00add\u00e9\u00adrale ces luttes lamen\u00adtables&nbsp;?&nbsp;\u00bb Ce cama\u00adrade pro\u00adpose de \u00ab&nbsp;d\u00e9ve\u00adlop\u00adper la CNT pour essayer qu\u2019\u00ab&nbsp;elle devienne le trait d\u2019u\u00adnion du mou\u00adve\u00adment liber\u00adtaire, tant du mou\u00adve\u00adment ouvrier auto\u00adnome, que des groupes anar\u00adchistes, liber\u00adtaires, auto\u00adnomes et mar\u00adgi\u00adnaux, de tous les oppri\u00adm\u00e9s&nbsp;\u00bb, et si cela n\u2019est pas pos\u00adsible, \u00ab&nbsp;lais\u00adser se d\u00e9vo\u00adrer entre eux ceux qui veulent impo\u00adser les ortho\u00addoxies de&nbsp;1936.&nbsp;\u00bb<\/p>\n<p>Sans le ton d\u00e9ses\u00adp\u00e9\u00adr\u00e9 de cette lettre, qui exprime peut \u00eatre une cer\u00adtaine r\u00e9ac\u00adtion de jeunes qui quittent la CNT, d\u00e9\u00e7us par cette lutte pour le pou\u00advoir, le cama\u00adrade Jos\u00e9, du syn\u00addi\u00adcat de l\u2019en\u00adsei\u00adgne\u00adment de Madrid, d\u00e9crit aus\u00adsi la m\u00eame alter\u00adna\u00adtive, comme une des ques\u00adtions cl\u00e9s du mou\u00adve\u00adment liber\u00adtaire&nbsp;: \u00ab&nbsp;Si la CNT se r\u00e9duit,comme le pr\u00e9\u00adtendent quelques mili\u00adtants influen\u00adc\u00e9s par la FAI \u2015 recons\u00adtruite par le S.I. de Tou\u00adlouse \u2015 \u00e0 une orga\u00adni\u00adsa\u00adtion exclu\u00adsi\u00adve\u00adment syn\u00addi\u00adcale, qui ne d\u00e9passe pas les pro\u00adbl\u00e8mes du tra\u00advail, et m\u00eame l\u00e0 s\u2019op\u00adpose aux assem\u00adbl\u00e9es uni\u00adtaires, et qui laisse les aspects cultu\u00adrel, \u00e9du\u00adca\u00adtif, sexuel, du quar\u00adtier etc. \u00e0 des groupes sp\u00e9\u00adci\u00adfiques orien\u00adt\u00e9s par cette \u00ab&nbsp;avant-garde \u00e9clai\u00adr\u00e9e&nbsp;\u00bb, comme s\u2019ap\u00adpellent les faistes, nous per\u00addrions une grande pos\u00adsi\u00adbi\u00adli\u00adt\u00e9 d\u2019or\u00adga\u00adni\u00adser un mou\u00adve\u00adment liber\u00adtaire int\u00e9\u00adgral et non sec\u00adtaire, qui coor\u00addonne autant le mou\u00adve\u00adment ouvrier auto\u00adnome, que les mili\u00adtants des groupes d\u2019op\u00adpri\u00adm\u00e9s, d\u2019o\u00adrien\u00adta\u00adtion anti auto\u00adri\u00adtaire. Cette coor\u00addi\u00adna\u00adtion ne doit pas se faire obli\u00adga\u00adtoi\u00adre\u00adment dans une m\u00eame orga\u00adni\u00adsa\u00adtion, car la CNT en fin de compte a ses struc\u00adtures pro\u00adpre\u00adment syn\u00addi\u00adcales, mais dans un mou\u00adve\u00adment liber\u00adtaire d\u00e9cen\u00adtra\u00adli\u00ads\u00e9, avec des assem\u00adbl\u00e9es g\u00e9n\u00e9\u00adrales, qui syn\u00adth\u00e9\u00adtisent les dif\u00adf\u00e9\u00adrents mou\u00adve\u00adments auto\u00adnomes\u2026 Mais ce mou\u00adve\u00adment liber\u00adtaire large et plu\u00adra\u00adliste reste r\u00e9duit \u00e0 la \u00ab&nbsp;liai\u00adson CNT-FAI-JJLL&nbsp;\u00bb, avec les faistes jouant le r\u00f4le de l\u2019or\u00adtho\u00addoxie, de l\u2019\u00e9\u00adcra\u00adse\u00adment des h\u00e9r\u00e9\u00adtiques, et des h\u00e9t\u00e9\u00adro\u00addoxes \u00e0 expul\u00adser de la CNT, on aura fait plus de mal \u00e0 la r\u00e9or\u00adga\u00adni\u00adsa\u00adtion acrate que les 40 ans de dic\u00adta\u00adture. Qu\u2019en fin de compte, on nous attaque \u00e0 mort, mais de l\u2019ex\u00adt\u00e9\u00adrieur, alors que le pro\u00adces\u00adsus actuel de bureau\u00adcra\u00adti\u00adsa\u00adtion s\u2019ef\u00adfec\u00adtue de l\u2019in\u00adt\u00e9\u00adrieur, ren\u00adfor\u00ad\u00e7ant la peur, le confor\u00admisme et la pas\u00adsi\u00advi\u00adt\u00e9 que le fran\u00adquisme nous a mis dans la t\u00eate, et nous qui sommes liber\u00adtaires, nous accep\u00adtons&nbsp;cela&nbsp;?&nbsp;\u00bb&nbsp;<\/p>\n<p>\u00c0 Bici\u00adcle\u00adta, nous nous limi\u00adtons \u00e0 publier tout ce qui peut d\u00e9ve\u00adlop\u00adper le mou\u00adve\u00adment liber\u00adtaire. Nous prions nos cor\u00adres\u00adpon\u00addants de trou\u00adver dans cet objec\u00adtif autre chose que des insultes per\u00adson\u00adnelles ou collectives.<\/p>\n<h2>LE DOUBLE MILITANTISME<\/h2>\n<p>Des \u00ab&nbsp;syn\u00addi\u00adca\u00adlistes poli\u00adtiques&nbsp;\u00bb nous arrive un grand texte ori\u00adgi\u00adnal, inti\u00adtu\u00adl\u00e9 \u00ab&nbsp;Sur la pos\u00adsi\u00adbi\u00adli\u00adt\u00e9 d\u2019une option poli\u00adtique liber\u00adtaire&nbsp;\u00bb et sign\u00e9 J.E. (mili\u00adtant du par\u00adti syn\u00addi\u00adca\u00adliste) qui r\u00e9pond aux attaques de \u00ab&nbsp;jaune&nbsp;\u00bb que le texte inti\u00adtu\u00adl\u00e9 \u00ab&nbsp;\u00e0 tous les anar\u00adchistes&nbsp;\u00bb fai\u00adsait aux \u00ab&nbsp;pes\u00adta\u00adnis\u00adtas&nbsp;\u00bb, texte publi\u00e9 dans le n\u00b0&nbsp;2 de <em>Bici\u00adcle\u00adta<\/em>. Nous rap\u00adpe\u00adlons que Pes\u00adta\u00adna a tou\u00adjours affir\u00adm\u00e9 le \u00ab&nbsp;carac\u00adt\u00e8re r\u00e9vo\u00adlu\u00adtion\u00adnaire du syn\u00addi\u00adcat, et que si on le nie, on s\u2019 ins\u00adcrit dans une id\u00e9o\u00adlo\u00adgie d\u00e9ter\u00admi\u00adn\u00e9e \u2015 y com\u00adpris la sienne \u2015 dans une autre orga\u00adni\u00adsa\u00adtion id\u00e9o\u00adlo\u00adgique, en conti\u00adnui\u00adt\u00e9 avec la Charte d\u2019A\u00admiens et avec les sta\u00adtuts m\u00eame de la CNT\u2026 Le syn\u00addi\u00adcat a un r\u00f4le r\u00e9vo\u00adlu\u00adtion\u00adnaire \u00e0 rem\u00adplir, en tant qu\u2019en\u00adti\u00adt\u00e9 auto\u00adnome de groupe id\u00e9o\u00adlo\u00adgique quel\u00adconque et un par\u00adti liber\u00adtaire a aus\u00adsi un r\u00f4le essen\u00adtiel \u00e0 r\u00e9a\u00adli\u00adser dans le pro\u00adces\u00adsus socialiste&nbsp;\u00bb.&nbsp;<\/p>\n<p>Pour beau\u00adcoup peut-\u00eatre ces choses peuvent para\u00eetre non ortho\u00addoxes, mais comme disait un cama\u00adrade pen\u00addant les Jour\u00adn\u00e9es Liber\u00adtaires, \u00ab&nbsp;en des occa\u00adsions pr\u00e9\u00adcises, seule la non ortho\u00addoxie peut faire avan\u00adcer ce que l\u2019or\u00adtho\u00addoxie a anky\u00adlo\u00ads\u00e9 et r\u00e9duit \u00e0 une litur\u00adgie r\u00e9p\u00e9titive.&nbsp;\u00bb&nbsp;<\/p>\n<p>Non, si la non ortho\u00addoxie nous sied bien en g\u00e9n\u00e9\u00adral, ce qu\u2019il y a de mau\u00advais c\u2019est que le \u00ab&nbsp;par\u00adti liber\u00adtaire ou l\u2019a\u00advant garde&nbsp;\u00bb avec des tam\u00adpons, des diri\u00adgeants, et une id\u00e9o\u00adlo\u00adgie qui impose les choses de fa\u00e7on dis\u00adci\u00adpli\u00adnaire, est du res\u00adsort non de la non ortho\u00addoxie, mais de l\u2019or\u00adtho\u00addoxie dans plus d\u2019une f\u00e9d\u00e9\u00adra\u00adtion de la CNT actuelle.<\/p>\n<p>Sur la ques\u00adtion du double mili\u00adtan\u00adtisme de quelques affi\u00adli\u00e9s conf\u00e9\u00add\u00e9\u00adraux dans des groupes poli\u00adtiques et dans la CNT, le cama\u00adrade G. du syn\u00addi\u00adcat du m\u00e9tal\tGiron nous \u00e9crit&nbsp;: \u00ab&nbsp;le double mili\u00adtan\u00adtisme est un grave pr\u00e9\u00adju\u00addice aux prin\u00adcipes et au d\u00e9ve\u00adlop\u00adpe\u00adment du syn\u00addi\u00adca\u00adlisme anar\u00adcho-syn\u00addi\u00adca\u00adliste coh\u00e9\u00adrent dans sa tac\u00adtique et sa stra\u00adt\u00e9\u00adgie, ce qui ne pour\u00adrait pas se pas\u00adser pour ceux qui militent sous les aus\u00adpices du cen\u00adtra\u00adlisme d\u00e9mo\u00adcra\u00adtique. Ceux qui s\u00e9parent la tac\u00adtique de la stra\u00adt\u00e9\u00adgie \u2015 ce qui est le cas de ces groupes id\u00e9o\u00adlo\u00adgiques \u2015 se situent dans l\u2019op\u00adpor\u00adtu\u00adnisme le plus clair\u2026 Il y a \u00e9vi\u00addem\u00adment incom\u00adpa\u00adti\u00adbi\u00adli\u00adt\u00e9 du sch\u00e9\u00adma poli\u00adtique auto\u00adri\u00adtaire, cen\u00adtra\u00adliste (y com\u00adpris ceux qui main\u00adtiennent les th\u00e8ses l\u00e9ni\u00adnistes comme \u00ab&nbsp;le syn\u00addi\u00adcat doit conti\u00adnuer son d\u00e9ve\u00adlop\u00adpe\u00adment dans le par\u00adti&nbsp;\u00bb) avec nos prin\u00adcipes d\u2019as\u00adsem\u00adbl\u00e9isme, d\u2019an\u00adti-auto\u00adri\u00adta\u00adrisme et d\u2019au\u00adto\u00adno\u00admie ouvri\u00e8re.&nbsp;\u00bb Pour finir, deux ques\u00adtions \u00e0 ceux qui d\u00e9fendent le double mili\u00adtan\u00adtisme sans occu\u00adper de postes de res\u00adpon\u00adsa\u00adbi\u00adli\u00adt\u00e9&nbsp;: est-ce que ceux qui occupent ces postes dans la CNT ont le sen\u00adti\u00adment de n\u2019\u00eatre que de purs coor\u00addi\u00adna\u00adteurs&nbsp;? Les postes dans la CNT sont ils ex\u00e9\u00adcu\u00adtifs ou dirigeants&nbsp;?<\/p>\n<p>Bon&nbsp;; sur la situa\u00adtion des postes dans la CNT il y aurait tant \u00e0 dire que nous pr\u00e9\u00adf\u00e9\u00adrons le faire \u00e0 une autre occa\u00adsion, et atten\u00addons de voir ce qu\u2019en disent les camarades.&nbsp;<\/p>\n<p>Tra\u00adduit de <em>Bici\u00adcle\u00adta<\/em> n\u00b0&nbsp;5.<\/p><\/div>\n","protected":false},"excerpt":{"rendered":"<p>Nous avons re\u00e7u de la Com\u00admis\u00adsion aux Rela\u00adtions Inter\u00adna\u00adtio\u00adnales de la FAI, dat\u00e9e \u00ab&nbsp;exil, 11 f\u00e9vrier 78&nbsp;\u00bb, une cir\u00adcu\u00adlaire d\u00e9non\u00ad\u00e7ant la cam\u00adpagne liqui\u00adda\u00adtrice lan\u00adc\u00e9e par l\u2019\u00c9\u00adtat contre la CNT, aid\u00e9 par \u00ab&nbsp;d\u2019an\u00adciens cama\u00adrades de Mar\u00adtin Vil\u00adla dans la CNS, infil\u00adtr\u00e9s dans l\u2019or\u00adga\u00adni\u00adsa\u00adtion conf\u00e9\u00add\u00e9\u00adrale.&nbsp;\u00bb La cir\u00adcu\u00adlaire d\u00e9fi\u00adnit la FAI comme une orga\u00adni\u00adsa\u00adtion \u00ab&nbsp;his\u00adto\u00adri\u00adque\u00adment li\u00e9e \u00e0&nbsp;la&nbsp;[\u2026]<\/p>\n","protected":false},"author":1,"featured_media":0,"comment_status":"closed","ping_status":"closed","sticky":false,"template":"","format":"standard","meta":{"wp_typography_post_enhancements_disabled":false,"footnotes":""},"categories":[44],"tags":[],"ppma_author":[540],"class_list":["post-601","post","type-post","status-publish","format-standard","hentry","category-la-lanterne-noire-na11-juillet-1978"],"authors":[{"term_id":540,"user_id":1,"is_guest":0,"slug":"admin_3gikpwyf","display_name":"Vincent Dubuc","avatar_url":"https:\/\/secure.gravatar.com\/avatar\/d015720652c25fd2ced191ade86430094e1f288a17483713e3b34d26dea52507?s=96&d=mm&r=g","author_category":"","user_url":"https:\/\/la-presse-anarchiste.net","last_name":"Dubuc","first_name":"Vincent","job_title":"","description":""}],"_links":{"self":[{"href":"https:\/\/la-presse-anarchiste.net\/index.php\/wp-json\/wp\/v2\/posts\/601","targetHints":{"allow":["GET"]}}],"collection":[{"href":"https:\/\/la-presse-anarchiste.net\/index.php\/wp-json\/wp\/v2\/posts"}],"about":[{"href":"https:\/\/la-presse-anarchiste.net\/index.php\/wp-json\/wp\/v2\/types\/post"}],"author":[{"embeddable":true,"href":"https:\/\/la-presse-anarchiste.net\/index.php\/wp-json\/wp\/v2\/users\/1"}],"replies":[{"embeddable":true,"href":"https:\/\/la-presse-anarchiste.net\/index.php\/wp-json\/wp\/v2\/comments?post=601"}],"version-history":[{"count":0,"href":"https:\/\/la-presse-anarchiste.net\/index.php\/wp-json\/wp\/v2\/posts\/601\/revisions"}],"wp:attachment":[{"href":"https:\/\/la-presse-anarchiste.net\/index.php\/wp-json\/wp\/v2\/media?parent=601"}],"wp:term":[{"taxonomy":"category","embeddable":true,"href":"https:\/\/la-presse-anarchiste.net\/index.php\/wp-json\/wp\/v2\/categories?post=601"},{"taxonomy":"post_tag","embeddable":true,"href":"https:\/\/la-presse-anarchiste.net\/index.php\/wp-json\/wp\/v2\/tags?post=601"},{"taxonomy":"author","embeddable":true,"href":"https:\/\/la-presse-anarchiste.net\/index.php\/wp-json\/wp\/v2\/ppma_author?post=601"}],"curies":[{"name":"wp","href":"https:\/\/api.w.org\/{rel}","templated":true}]}}