{"id":618,"date":"2007-08-14T17:31:42","date_gmt":"2007-08-14T17:31:42","guid":{"rendered":"https:\/\/la-presse-anarchiste.net\/index.php\/2007\/08\/14\/colette\/"},"modified":"2007-08-14T17:31:42","modified_gmt":"2007-08-14T17:31:42","slug":"colette","status":"publish","type":"post","link":"https:\/\/la-presse-anarchiste.net\/index.php\/2007\/08\/14\/colette\/","title":{"rendered":"Colette"},"content":{"rendered":"<div class=\"pdfprnt-buttons pdfprnt-buttons-post pdfprnt-top-right\"><a href=\"https:\/\/la-presse-anarchiste.net\/index.php\/wp-json\/wp\/v2\/posts\/618?print=pdf\" class=\"pdfprnt-button pdfprnt-button-pdf\" target=\"_blank\"><img decoding=\"async\" src=\"https:\/\/la-presse-anarchiste.net\/wp-content\/plugins\/pdf-print\/images\/pdf.png\" alt=\"image_pdf\" title=\"Afficher le PDF\"><\/a><a href=\"https:\/\/la-presse-anarchiste.net\/index.php\/wp-json\/wp\/v2\/posts\/618?print=print\" class=\"pdfprnt-button pdfprnt-button-print\" target=\"_blank\"><img decoding=\"async\" src=\"https:\/\/la-presse-anarchiste.net\/wp-content\/plugins\/pdf-print\/images\/print.png\" alt=\"image_print\" title=\"Contenu imprim\u00e9\"><\/a><\/div><div align=\"justify\">\n<div style=\"text-indent: 1cm\">\n<p>Elle ne nous a pas quit\u00adt\u00e9s, nous qui m\u00eame en ce len\u00adde\u00admain gar\u00addons l\u2019\u00e9go\u00efsme de&nbsp;vivre.<\/p>\n<p>Elle ne nous a pas quit\u00adt\u00e9s, puisque ses livres sont tou\u00adjours l\u00e0, dont nous savons qu\u2019ils nous accom\u00adpa\u00adgne\u00adront jusqu\u2019au jour o\u00f9 nous l\u2019irons rejoindre dans cette noire absence du monde qui d\u00e9sor\u00admais l\u2019enveloppe, de ce monde dont elle nous fit la gr\u00e2ce de nous le r\u00e9v\u00e9\u00adler plus vrai que, sans elle, nous n\u2019eussions peut-\u00eatre jamais su, jamais si tran\u00adquille\u00adment os\u00e9 le d\u00e9cou\u00advrir et l\u2019aimer comme il m\u00e9rite de l\u2019\u00eatre dans la conti\u00adnuelle et fami\u00adli\u00e8re pr\u00e9\u00adsence de son miracle sans au-del\u00e0.<\/p>\n<p>Oui, elle est, elle sera tou\u00adjours ici, \u00e0 tel point fid\u00e8le \u00e0 elle-m\u00eame que nous avons presque du mal \u00e0 com\u00adprendre ce deuil o\u00f9, comme cha\u00adcun, nous nous sommes enfon\u00adc\u00e9s depuis ce mar\u00addi&nbsp;soir.<\/p>\n<p>Mais pr\u00e9\u00adci\u00ads\u00e9\u00adment, livres de Colette, nous ne vous aimions pas seule\u00adment pour vous-m\u00eames, mais pour elle, mais en elle. Et si, gr\u00e2ce \u00e0 vous, la fleur, le fruit, le ciel, le plai\u00adsir ou son amer\u00adtume, et le chat qui ron\u00adronne ou qui joue nous sont deux fois sacr\u00e9s, nous savions aus\u00adsi que tout ce mer\u00adveilleux&nbsp;: l\u2019\u00eatre, si noires que soient les ombres que fait aujourd\u2019hui peser sur lui le des\u00adtin des hommes en foule&nbsp;; ne ces\u00adsait pas, ne ces\u00adsait jamais, m\u00eame lorsque, sous l\u2019Occupation, elle regar\u00addait Paris de sa fen\u00eatre, d\u2019\u00eatre per\u00ad\u00e7u, accom\u00adpli, dans la sen\u00adsa\u00adtion tou\u00adjours neuve, intr\u00e9\u00adpide, authen\u00adtique de celle qui avait \u00e9crit ces chefs\u2011d\u2019\u0153uvre.<\/p>\n<p>Colette vivante, nous avions cette cer\u00adti\u00adtude que les choses et nous-m\u00eames \u00e9tions vivants aussi.<\/p>\n<p>Colette endor\u00admie, le doux royaume de la terre a per\u00addu comme son \u00e9vidence.<\/p>\n<p>Et sans doute les temps vien\u00addront de la pieuse ingra\u00adti\u00adtude, o\u00f9 cette \u00e9vi\u00addence-l\u00e0, l\u2019\u0153uvre incom\u00adpa\u00adrable et sans men\u00adsonge nous la res\u00adti\u00adtue\u00adra mal\u00adgr\u00e9 nous et comme \u00e0 notre c\u0153ur d\u00e9fendant.<\/p>\n<p>Du moins aujourd\u2019hui vou\u00addrais-je, lec\u00adteur comme tant d\u2019autres lec\u00adteurs incon\u00adnus d\u2019elle, et tout sim\u00adple\u00adment comme j\u2019irais lui por\u00adter une fleur, \u00e9vo\u00adquer le chef\u2011d\u2019\u0153uvre non \u00e9crit, le chef\u2011d\u2019\u0153uvre incon\u00adnu dont, sans le savoir, elle m\u2019a com\u00adbl\u00e9 cer\u00adtain jour. Je retrou\u00advais Paris apr\u00e8s plus d\u2019un quart de si\u00e8cle d\u2019absence, et mon vieux che\u00admin d\u2019\u00e9colier, et, par ce che\u00admin, aus\u00adsi, tout \u00e0 coup, tou\u00adjours le m\u00eame \u00e0 n\u2019y pas croire, le beau qua\u00addri\u00adla\u00adt\u00e8re du Palais-Royal. Et certes je n\u2019ai pas oubli\u00e9 mon \u00e9mo\u00adtion, un peu plus tard, quand, \u00e0 un demi-kilo\u00adm\u00e8tre de l\u00e0, je revis mon \u00e9cole et la cour de la mai\u00adson o\u00f9 je suis n\u00e9. Mais com\u00adbien lumi\u00adneuse, et m\u00eame, en un sens, de par la ver\u00adtu de tant de lec\u00adtures inou\u00adbliables, inou\u00adbli\u00e9es, plus mienne, ma d\u00e9cou\u00adverte, l\u00e0 dans le Palais, de la mai\u00adson de la fille de Sido. Oh je ne l\u2019aurais pas trou\u00adv\u00e9e tout seul. Mais j\u2019avisai une petite vieille qui ren\u00adtrait de ses com\u00admis\u00adsions, \u00e0 qui je deman\u00addai&nbsp;: vous savez o\u00f9 elle habite&nbsp;? Je ne m\u2019\u00e9tais pas trom\u00adp\u00e9 \u2013 habi\u00adtante du quar\u00adtier, elle aurait si bien pu \u00eatre aus\u00adsi un per\u00adson\u00adnage du bourg o\u00f9 se situe \u00ab&nbsp;la Mai\u00adson de Clau\u00addine&nbsp;\u00bb \u2013 non, je ne m\u2019\u00e9tais pas trom\u00adp\u00e9&nbsp;: elle savait, et elle me condui\u00adsit gen\u00adti\u00adment jusque devant la porte de la rue de Beaujolais.<\/p>\n<p>Rien qu\u2019en habi\u00adtant l\u00e0, rien \u2013 il faut bien employer ce mot de larmes&nbsp;: rien qu\u2019en exis\u00adtant, Colette, ce jour-l\u00e0, sans s\u2019en dou\u00adter, fit le don le plus beau \u2013 beau, comme son \u0153uvre, d\u2019\u00e9ternit\u00e9 dans l\u2019instant \u2013 \u00e0 celui qui, du fond des ann\u00e9es, ren\u00adtrait d\u2019exil.<\/p>\n<p>[\/\u200bJean Paul <sc>Sam\u00adson<\/sc>\/\u200b]\n<\/p><\/div>\n<\/div>\n","protected":false},"excerpt":{"rendered":"<p>Elle ne nous a pas quit\u00adt\u00e9s, nous qui m\u00eame en ce len\u00adde\u00admain gar\u00addons l\u2019\u00e9go\u00efsme de&nbsp;vivre. Elle ne nous a pas quit\u00adt\u00e9s, puisque ses livres sont tou\u00adjours l\u00e0, dont nous savons qu\u2019ils nous accom\u00adpa\u00adgne\u00adront jusqu\u2019au jour o\u00f9 nous l\u2019irons rejoindre dans cette noire absence du monde qui d\u00e9sor\u00admais l\u2019enveloppe, de ce monde dont elle nous&nbsp;fit&nbsp;[\u2026]<\/p>\n","protected":false},"author":1,"featured_media":0,"comment_status":"closed","ping_status":"closed","sticky":false,"template":"","format":"standard","meta":{"wp_typography_post_enhancements_disabled":false,"footnotes":""},"categories":[77],"tags":[],"ppma_author":[540],"class_list":["post-618","post","type-post","status-publish","format-standard","hentry","category-temoins-n6-ete-1954"],"authors":[{"term_id":540,"user_id":1,"is_guest":0,"slug":"admin_3gikpwyf","display_name":"Vincent Dubuc","avatar_url":"https:\/\/secure.gravatar.com\/avatar\/d015720652c25fd2ced191ade86430094e1f288a17483713e3b34d26dea52507?s=96&d=mm&r=g","author_category":"","user_url":"https:\/\/la-presse-anarchiste.net","last_name":"Dubuc","first_name":"Vincent","job_title":"","description":""}],"_links":{"self":[{"href":"https:\/\/la-presse-anarchiste.net\/index.php\/wp-json\/wp\/v2\/posts\/618","targetHints":{"allow":["GET"]}}],"collection":[{"href":"https:\/\/la-presse-anarchiste.net\/index.php\/wp-json\/wp\/v2\/posts"}],"about":[{"href":"https:\/\/la-presse-anarchiste.net\/index.php\/wp-json\/wp\/v2\/types\/post"}],"author":[{"embeddable":true,"href":"https:\/\/la-presse-anarchiste.net\/index.php\/wp-json\/wp\/v2\/users\/1"}],"replies":[{"embeddable":true,"href":"https:\/\/la-presse-anarchiste.net\/index.php\/wp-json\/wp\/v2\/comments?post=618"}],"version-history":[{"count":0,"href":"https:\/\/la-presse-anarchiste.net\/index.php\/wp-json\/wp\/v2\/posts\/618\/revisions"}],"wp:attachment":[{"href":"https:\/\/la-presse-anarchiste.net\/index.php\/wp-json\/wp\/v2\/media?parent=618"}],"wp:term":[{"taxonomy":"category","embeddable":true,"href":"https:\/\/la-presse-anarchiste.net\/index.php\/wp-json\/wp\/v2\/categories?post=618"},{"taxonomy":"post_tag","embeddable":true,"href":"https:\/\/la-presse-anarchiste.net\/index.php\/wp-json\/wp\/v2\/tags?post=618"},{"taxonomy":"author","embeddable":true,"href":"https:\/\/la-presse-anarchiste.net\/index.php\/wp-json\/wp\/v2\/ppma_author?post=618"}],"curies":[{"name":"wp","href":"https:\/\/api.w.org\/{rel}","templated":true}]}}