{"id":623,"date":"2007-08-14T18:09:13","date_gmt":"2007-08-14T18:09:13","guid":{"rendered":"https:\/\/la-presse-anarchiste.net\/index.php\/2007\/08\/14\/notules-3\/"},"modified":"2007-08-14T18:09:13","modified_gmt":"2007-08-14T18:09:13","slug":"notules-3","status":"publish","type":"post","link":"https:\/\/la-presse-anarchiste.net\/index.php\/2007\/08\/14\/notules-3\/","title":{"rendered":"Notules"},"content":{"rendered":"<div class=\"pdfprnt-buttons pdfprnt-buttons-post pdfprnt-top-right\"><a href=\"https:\/\/la-presse-anarchiste.net\/index.php\/wp-json\/wp\/v2\/posts\/623?print=pdf\" class=\"pdfprnt-button pdfprnt-button-pdf\" target=\"_blank\"><img decoding=\"async\" src=\"https:\/\/la-presse-anarchiste.net\/wp-content\/plugins\/pdf-print\/images\/pdf.png\" alt=\"image_pdf\" title=\"Afficher le PDF\"><\/a><a href=\"https:\/\/la-presse-anarchiste.net\/index.php\/wp-json\/wp\/v2\/posts\/623?print=print\" class=\"pdfprnt-button pdfprnt-button-print\" target=\"_blank\"><img decoding=\"async\" src=\"https:\/\/la-presse-anarchiste.net\/wp-content\/plugins\/pdf-print\/images\/print.png\" alt=\"image_print\" title=\"Contenu imprim\u00e9\"><\/a><\/div><div align=\"justify\">\n<p>Le plus grand m\u00e9rite, pour moi, de \u00ab&nbsp;L\u2019Agneau&nbsp;\u00bb, de Fran\u00ad\u00e7ois Mau\u00adriac (Flam\u00adma\u00adrion), c\u2019est de m\u2019avoir fait relire \u00ab&nbsp;La Pha\u00adri\u00adsienne&nbsp;\u00bb, que j\u2019avais, tr\u00e8s injus\u00adte\u00adment, jadis, peu aim\u00e9e. Il est vrai qu\u2019entre-temps, chose \u00e9trange \u00e0 dire, chez Mau\u00adriac, c\u2019est le jour\u00adna\u00adliste qui m\u2019a conquis apr\u00e8s coup au roman\u00adcier. Mais, dans le cas de \u00ab&nbsp;L\u2019Agneau&nbsp;\u00bb, je ne risque pas de m\u2019attirer, de la part de l\u2019auteur, le coup de bou\u00adtoir qu\u2019il ass\u00e9\u00adna \u00e0 son col\u00adl\u00e8gue \u00e8s-\u00abFigaro&nbsp;\u00bb, Andr\u00e9 Rous\u00adseaux, l\u2019accusant aima\u00adble\u00adment de n\u2019avoir jamais su de quoi il parle. Moi, pour \u00ab&nbsp;L\u2019Agneau&nbsp;\u00bb, en effet, j\u2019aime mieux me taire, \u2013 pour cette bonne, ou plu\u00adt\u00f4t tr\u00e8s mau\u00advaise rai\u00adson que je ne com\u00adprends pas, m\u00eame apr\u00e8s essai d\u2019une seconde lec\u00adture. Car enfin ce jeune homme \u2013 l\u2019agneau \u2013 qui s\u2019immole pour le salut des autres, s\u2019il le fait par un sui\u00adcide, cela sup\u00adpose une inten\u00adtion tel\u00adle\u00adment h\u00e9t\u00e9\u00adro\u00addoxe qu\u2019elle ne peut pas lui avoir \u00e9t\u00e9 pr\u00ea\u00adt\u00e9e par le catho\u00adlique res\u00adpon\u00adsable du livre. Ou bien si c\u2019est, de par l\u2019accablement de voir le monde tel qu\u2019il est et comme par une fuite incons\u00adciente, sui\u00adcide, en somme, invo\u00adlon\u00adtaire, l\u2019acte perd presque toute sa por\u00adt\u00e9e. Je le r\u00e9p\u00e8te, je ne com\u00adprends pas. \u2013 Et cepen\u00addant, quelle sou\u00adve\u00adrai\u00adne\u00adt\u00e9 de langue, d\u2019un bout \u00e0 l\u2019autre du r\u00e9cit, quelle \u00e9vo\u00adca\u00adtion, aus\u00adsi, poi\u00adgnante de ce monde d\u2019ici-bas, en d\u00e9pit de toute cette mytho\u00adlo\u00adgie mau\u00addite et tor\u00adtu\u00adr\u00e9e comme \u00e0 plaisir.<\/p>\n<p>[|<b>*  *  *  *<\/b>|]<br>\n<\/p>\n<p>Sans doute n\u2019y a\u2011t-il rien \u00e0 ajou\u00adter aux louanges dont on a, si l\u00e9gi\u00adti\u00adme\u00adment, salu\u00e9 le bref roman de Fran\u00ad\u00e7oise Sagan \u00ab&nbsp;Bon\u00adjour tris\u00adtesse&nbsp;\u00bb (Jul\u00adliard). Plu\u00adt\u00f4t \u00e0 retran\u00adcher&nbsp;: le rap\u00adpro\u00adche\u00adment avec Radi\u00adguet \u00e9tait, mal\u00adgr\u00e9 toute la per\u00adfec\u00adtion de l\u2019\u0153uvre, exces\u00adsif, \u2013 pour ne rien dire de celui avec Laclos. Mais une telle ma\u00ee\u00adtrise d\u00e8s un d\u00e9but et, quoi que l\u2019on ait pu \u00e9crire de l\u2019immoralit\u00e9 cong\u00e9\u00adni\u00adtale des per\u00adson\u00adnages, une telle ver\u00adtu de luci\u00addi\u00adt\u00e9 sur soi et sur autrui nous pro\u00admettent en Fran\u00ad\u00e7oise Sagan \u2013 si la publi\u00adci\u00adt\u00e9 ne la g\u00e2te point \u2013 un bel \u00e9cri\u00advain sou\u00adcieux de ne se point men\u00adtir. Depuis le dix-hui\u00adti\u00e8me si\u00e8cle, cela ne court pas tel\u00adle\u00adment les&nbsp;rues.<\/p>\n<p>[|<b>*  *  *  *<\/b>|]<br>\n<\/p>\n<p>N\u2019\u00e9tant pas fas\u00adciste ni, ce qui revient au m\u00eame, tota\u00adli\u00adta\u00adriste rouge, je ne per\u00admet\u00adtrai jamais aux \u00e9ga\u00adre\u00adments de ce salaud de C\u00e9line de dimi\u00adnuer d\u2019un iota mon admi\u00adra\u00adtion pour \u00ab&nbsp;Le Voyage au bout de la nuit&nbsp;\u00bb. Et m\u00eame j\u2019avais rigo\u00adl\u00e9 sans remords en lisant son texte r\u00e9cent (bal\u00adlon publi\u00adci\u00adtaire en guise d\u2019annonce de son nou\u00adveau bou\u00adquin) dans la Nlle NRF Mais le nou\u00adveau bou\u00adquin lui-m\u00eame, \u00ab&nbsp;Nor\u00admance&nbsp;\u00bb (Gal\u00adli\u00admard), ah&nbsp;! non. Le p\u00e8re de Bar\u00adda\u00admu a beau se van\u00adter d\u2019avoir intro\u00adduit le par\u00adl\u00e9 dans l\u2019\u00e9crit \u2013 et notez que dans \u00ab&nbsp;Le Voyage&nbsp;\u00bb c\u2019est vrai \u2013 il semble pra\u00adti\u00adquer main\u00adte\u00adnant le d\u00e9goi\u00ads\u00e9 dans le pas \u00e9crit du tout. Bien s\u00fbr, il semble, car c\u2019est tra\u00advaill\u00e9 en diable. Mais \u00e7a se voit. Comme aurait dit Hugo, dans mani\u00e8re il y a d\u00e9j\u00e0 maniaque\u2026 Et puis, trois cent soixante-quinze pages de bom\u00adbar\u00adde\u00adment tou\u00adjours au paroxysme de la catas\u00adtrophe, \u00e7a finit par \u00e9qui\u00adva\u00adloir au n\u00e9ant du silence. Illisible.<\/p>\n<\/div>\n","protected":false},"excerpt":{"rendered":"<p>Le plus grand m\u00e9rite, pour moi, de \u00ab&nbsp;L\u2019Agneau&nbsp;\u00bb, de Fran\u00ad\u00e7ois Mau\u00adriac (Flam\u00adma\u00adrion), c\u2019est de m\u2019avoir fait relire \u00ab&nbsp;La Pha\u00adri\u00adsienne&nbsp;\u00bb, que j\u2019avais, tr\u00e8s injus\u00adte\u00adment, jadis, peu aim\u00e9e. Il est vrai qu\u2019entre-temps, chose \u00e9trange \u00e0 dire, chez Mau\u00adriac, c\u2019est le jour\u00adna\u00adliste qui m\u2019a conquis apr\u00e8s coup au roman\u00adcier. Mais, dans le cas de \u00ab&nbsp;L\u2019Agneau&nbsp;\u00bb, je ne risque&nbsp;[\u2026]<\/p>\n","protected":false},"author":1,"featured_media":0,"comment_status":"closed","ping_status":"closed","sticky":false,"template":"","format":"standard","meta":{"wp_typography_post_enhancements_disabled":false,"footnotes":""},"categories":[77],"tags":[],"ppma_author":[540],"class_list":["post-623","post","type-post","status-publish","format-standard","hentry","category-temoins-n6-ete-1954"],"authors":[{"term_id":540,"user_id":1,"is_guest":0,"slug":"admin_3gikpwyf","display_name":"Vincent Dubuc","avatar_url":"https:\/\/secure.gravatar.com\/avatar\/d015720652c25fd2ced191ade86430094e1f288a17483713e3b34d26dea52507?s=96&d=mm&r=g","author_category":"","user_url":"https:\/\/la-presse-anarchiste.net","last_name":"Dubuc","first_name":"Vincent","job_title":"","description":""}],"_links":{"self":[{"href":"https:\/\/la-presse-anarchiste.net\/index.php\/wp-json\/wp\/v2\/posts\/623","targetHints":{"allow":["GET"]}}],"collection":[{"href":"https:\/\/la-presse-anarchiste.net\/index.php\/wp-json\/wp\/v2\/posts"}],"about":[{"href":"https:\/\/la-presse-anarchiste.net\/index.php\/wp-json\/wp\/v2\/types\/post"}],"author":[{"embeddable":true,"href":"https:\/\/la-presse-anarchiste.net\/index.php\/wp-json\/wp\/v2\/users\/1"}],"replies":[{"embeddable":true,"href":"https:\/\/la-presse-anarchiste.net\/index.php\/wp-json\/wp\/v2\/comments?post=623"}],"version-history":[{"count":0,"href":"https:\/\/la-presse-anarchiste.net\/index.php\/wp-json\/wp\/v2\/posts\/623\/revisions"}],"wp:attachment":[{"href":"https:\/\/la-presse-anarchiste.net\/index.php\/wp-json\/wp\/v2\/media?parent=623"}],"wp:term":[{"taxonomy":"category","embeddable":true,"href":"https:\/\/la-presse-anarchiste.net\/index.php\/wp-json\/wp\/v2\/categories?post=623"},{"taxonomy":"post_tag","embeddable":true,"href":"https:\/\/la-presse-anarchiste.net\/index.php\/wp-json\/wp\/v2\/tags?post=623"},{"taxonomy":"author","embeddable":true,"href":"https:\/\/la-presse-anarchiste.net\/index.php\/wp-json\/wp\/v2\/ppma_author?post=623"}],"curies":[{"name":"wp","href":"https:\/\/api.w.org\/{rel}","templated":true}]}}