{"id":636,"date":"1980-04-01T00:20:17","date_gmt":"1980-04-01T00:20:17","guid":{"rendered":"https:\/\/la-presse-anarchiste.net\/index.php\/2007\/08\/15\/notes-sur-lanarchisme-en-urss\/"},"modified":"2024-04-17T09:46:04","modified_gmt":"2024-04-17T09:46:04","slug":"notes-sur-lanarchisme-en-urss","status":"publish","type":"post","link":"https:\/\/la-presse-anarchiste.net\/index.php\/1980\/04\/01\/notes-sur-lanarchisme-en-urss\/","title":{"rendered":"Notes sur l\u2019anarchisme en&nbsp;URSS"},"content":{"rendered":"<div class=\"pdfprnt-buttons pdfprnt-buttons-post pdfprnt-top-right\"><a href=\"https:\/\/la-presse-anarchiste.net\/index.php\/wp-json\/wp\/v2\/posts\/636?print=pdf\" class=\"pdfprnt-button pdfprnt-button-pdf\" target=\"_blank\"><img decoding=\"async\" src=\"https:\/\/la-presse-anarchiste.net\/wp-content\/plugins\/pdf-print\/images\/pdf.png\" alt=\"image_pdf\" title=\"Afficher le PDF\"><\/a><a href=\"https:\/\/la-presse-anarchiste.net\/index.php\/wp-json\/wp\/v2\/posts\/636?print=print\" class=\"pdfprnt-button pdfprnt-button-print\" target=\"_blank\"><img decoding=\"async\" src=\"https:\/\/la-presse-anarchiste.net\/wp-content\/plugins\/pdf-print\/images\/print.png\" alt=\"image_print\" title=\"Contenu imprim\u00e9\"><\/a><\/div><div style=\"text-align: justify; padding-left: 280px;\" align=\"justify\">\u00c0 bas le mar\u00adxisme, \u00e0 bas la r\u00e9pu\u00adblique des soviets<br>\n\u00c0 bas la cel\u00adlule des bolcheviks<br>\nNous croyons fer\u00adme\u00adment \u00e0 la violence<br>\n\u00c0 la soli\u00adda\u00adri\u00adt\u00e9 de nos chan\u00adsons et de nos ba\u00efonnettes<br>\n\u00ab&nbsp;\u00c0 bas, \u00e0 bas&nbsp;\u00bb mur\u00admurent les forets et les steppes<br>\n\u00ab&nbsp;\u00c0 bas, \u00e0 bas&nbsp;\u00bb grondent les vagues de la&nbsp;mer<br>\nNous bri\u00adse\u00adrons les cha\u00eenes du communisme<br>\nEt ce sera notre der\u00adnier combat<\/div>\n<div style=\"padding-left: 280px;\" align=\"justify\"><\/div>\n<div style=\"text-align: justify; padding-left: 280px;\" align=\"justify\"><i>Chan\u00adson anar\u00adchiste datant de la r\u00e9vo\u00adlu\u00adtion r\u00e9pan\u00addue dans les camps sta\u00adli\u00adniens vers 1949, cit\u00e9e par Mikhail Dio\u00admine (le blatno\u00ef)<\/i><\/div>\n<div align=\"justify\"><\/div>\n<div style=\"text-align: justify;\" align=\"justify\">\n<h5>Avertissement<\/h5>\n<p>Cet article a \u00e9t\u00e9 fait \u00e0 par\u00adtir de docu\u00adments sur l\u2019a\u00adnar\u00adchisme en URSS parus essen\u00adtiel\u00adle\u00adment en France&nbsp;; articles de jour\u00adnaux, livres de dis\u00adsi\u00addents, inter\u00adview, etc\u2026 Il ne repose pas sur une docu\u00admen\u00adta\u00adtion soi\u00adgneu\u00adse\u00adment ras\u00adsem\u00adbl\u00e9e et exhaus\u00adtive, mais sur une s\u00e9rie d\u2019in\u00adfor\u00adma\u00adtions ras\u00adsem\u00adbl\u00e9es presque par hasard, et que j\u2019ai jug\u00e9 suf\u00adfi\u00adsante pour \u00e9crire cet article. Ce ne sont d\u2019ailleurs que des notes car il s\u2019a\u00adgit plus de quelques cas par\u00adti\u00adcu\u00adliers et de quelques anec\u00addotes publi\u00e9es ensembles que d\u2019une \u00e9tude com\u00adpl\u00e8te uti\u00adli\u00adsant toutes les sources dis\u00adpo\u00adnibles. De toute fa\u00e7on il manque pour \u00e9crire une vraie his\u00adtoire de l\u2019a\u00adnar\u00adchisme sovi\u00e9\u00adtique les docu\u00adments pr\u00e9\u00adcieux qui doivent se trou\u00adver dans les archives de la Tche\u00adka, du GPU, du NKVD et du KGB, et qu\u2019on ne peut mal\u00adheu\u00adreu\u00adse\u00adment pas consul\u00adter libre\u00adment. Cet article incom\u00adplet et b\u00e2tard a pour but de mon\u00adtrer la conti\u00adnui\u00adt\u00e9 des id\u00e9es anar\u00adchistes en URSS de l\u2019\u00e9\u00adcra\u00adse\u00adment de la R\u00e9vo\u00adlu\u00adtion \u00e0 nos jours, et de four\u00adnir \u00e0 ceux qui s\u2019in\u00adt\u00e9\u00adressent \u00e0 ce sujet une base de d\u00e9part pour d\u2019\u00e9\u00adven\u00adtuelles recherches. En effet de nom\u00adbreuses infor\u00adma\u00adtions sont \u00e0 confir\u00admer, \u00e0 com\u00adpl\u00e9\u00adter ou \u00e0 d\u00e9couvrir.<\/p>\n<h5>De 1921 \u00e0&nbsp;1937<\/h5>\n<p>L\u2019\u00e9\u00adcra\u00adse\u00adment d\u00e9fi\u00adni\u00adtif des anar\u00adchistes russes est com\u00admu\u00adn\u00e9\u00adment dat\u00e9 de 1921. Cette ann\u00e9e-l\u00e0, le mou\u00adve\u00adment makh\u00adno\u00adviste est d\u00e9fi\u00adni\u00adti\u00adve\u00adment \u00e9cra\u00ads\u00e9 par l\u2019ar\u00adm\u00e9e rouge, et la Com\u00admune de Crons\u00adtadt, der\u00adnier sur\u00adsaut de l\u2019es\u00adprit de 1917, est noy\u00e9e dans le sang par Trots\u00adky et consort. Les ouvrages trai\u00adtant de l\u2019a\u00adnar\u00adchisme en Rus\u00adsie s\u2019ar\u00adr\u00eatent bien sou\u00advent \u00e0 cette date. Mais l\u2019ac\u00adti\u00advi\u00adt\u00e9 des r\u00e9vo\u00adlu\u00adtion\u00adnaires anar\u00adchistes conti\u00adnue\u00adra encore long\u00adtemps, bien que tr\u00e8s faible et bien qu\u2019elle soit un com\u00adbat d\u2019ar\u00adri\u00e8re garde (elle se d\u00e9rou\u00adle\u00adra bien sou\u00advent dans les camps et les prisons).<\/p>\n<p><strong>L\u2019ac\u00adti\u00advi\u00adt\u00e9 en libert\u00e9<\/strong><\/p>\n<p>Apr\u00e8s 1921, toute pro\u00adpa\u00adgande anar\u00adchiste est s\u00e9v\u00e8\u00adre\u00adment r\u00e9pri\u00adm\u00e9e mis \u00e0 part quelques excep\u00adtions tol\u00e9\u00adr\u00e9es par le r\u00e9gime pour se don\u00adner une image \u00ab&nbsp;lib\u00e9\u00adrale&nbsp;\u00bb&nbsp;: les librai\u00adries et les \u00e9di\u00adtions \u00ab&nbsp;Golos Trou\u00adda&nbsp;\u00bb de Mos\u00adcou et Petro\u00adgrad, la \u00ab&nbsp;Croix Noire&nbsp;\u00bb et le mus\u00e9e Kro\u00adpot\u00adkine. Mais il y a encore quelques ten\u00adta\u00adtives d\u2019ac\u00adti\u00advi\u00adt\u00e9 clan\u00addes\u00adtine qui seront rapi\u00adde\u00adment d\u00e9cou\u00advertes par la Tche\u00adka. Les der\u00adni\u00e8res traces de groupes clan\u00addes\u00adtins ne d\u00e9passent pas 1925. Quelques-uns ont agi en 1922 et en 1923 \u00e0 Petro\u00adgrad et Mos\u00adcou. En 1924 un autre groupe anar\u00adchiste assez actif existe encore \u00e0 Petro\u00adgrad par\u00admi les ouvriers, mais il doit ces\u00adser son acti\u00advi\u00adt\u00e9 quand son exis\u00adtence est d\u00e9cou\u00adverte. Des groupes ont exis\u00adt\u00e9 dans plu\u00adsieurs villes d\u2019U\u00adkraine et des tracts ont \u00e9t\u00e9 dis\u00adtri\u00adbu\u00e9s&nbsp;; il y a aus\u00adsi une pro\u00adpa\u00adgande clan\u00addes\u00adtine men\u00e9e par\u00admi les pay\u00adsans. En 1924, le \u00ab&nbsp;Groupe d\u2019a\u00adnar\u00adchistes du sud de la Rus\u00adsie&nbsp;\u00bb fait par\u00adve\u00adnir des nou\u00advelles \u00e0 leurs com\u00adpa\u00adgnons exi\u00adl\u00e9s. C\u2019est sa seule acti\u00advi\u00adt\u00e9 connue. D\u00e8s 1925, la pro\u00adpa\u00adgande clan\u00addes\u00adtine est le fait d\u2019in\u00addi\u00advi\u00addus et non de groupes. Cette tr\u00e8s faible pro\u00adpa\u00adgande semble avoir eu des r\u00e9sul\u00adtats. La vague de gr\u00e8ves qui secoue Mos\u00adcou et Petro\u00adgrad en Aout et Sep\u00adtembre 1923 est due en grande par\u00adtie aux men\u00adche\u00adviks, mais dans plu\u00adsieurs cas aux anar\u00adchistes<sup class=\"modern-footnotes-footnote modern-footnotes-footnote--expands-on-desktop \" data-mfn=\"1\" data-mfn-post-scope=\"000000004f75352a000000005562086e_636\"><a href=\"javascript:void(0)\" role=\"button\" aria-pressed=\"false\" aria-describedby=\"mfn-content-000000004f75352a000000005562086e_636-1\">1<\/a><\/sup><span id=\"mfn-content-000000004f75352a000000005562086e_636-1\" role=\"tooltip\" class=\"modern-footnotes-footnote__note\" tabindex=\"0\" data-mfn=\"1\">\u00abLa situa\u00adtion actuelle en Rus\u00adsie&nbsp;\u00bb, le Groupe d\u2019a\u00adnar\u00adchistes du sud de la Rus\u00adsie, Revue Anar\u00adchiste 1924. \u00ab&nbsp;Le mou\u00adve\u00adment anar\u00adchiste russe&nbsp;\u00bb, J. W., Revue Anar\u00adchiste 1925<\/span>.<\/p>\n<p>Les ins\u00adti\u00adtu\u00adtions anar\u00adchistes offi\u00adcielles ont encore une petite acti\u00advi\u00adt\u00e9 l\u00e9gale. Les \u00e9di\u00adtions \u00ab&nbsp;Golos Trou\u00adda&nbsp;\u00bb publient les \u0153uvres com\u00adpl\u00e8tes de Bakou\u00adnine et un livre d\u2019A. Boro\u00advo\u00ef sur l\u2019a\u00adnar\u00adchisme en Rus\u00adsie. Le mus\u00e9e Kro\u00adpot\u00adkine ouvre ses portes en 1921 \u00e0 Mos\u00adcou. Une orga\u00adni\u00adsa\u00adtion, la \u00ab&nbsp;Croix Noire&nbsp;\u00bb, qui a pour but d\u2019ai\u00adder les anar\u00adchistes empri\u00adson\u00adn\u00e9s est tol\u00e9\u00adr\u00e9e elle aus\u00adsi. Mais si elles sont main\u00adte\u00adnues, c\u2019est que le r\u00e9gime y trouve son int\u00e9\u00adr\u00eat. Elles n\u2019existent qu\u2019\u00e0 Lenin\u00adgrad et Mos\u00adcou, vitrines de l\u2019URSS vers l\u2019\u00e9\u00adtran\u00adger. En pro\u00advince rien n\u2019est pos\u00adsible, la lit\u00adt\u00e9\u00adra\u00adture anar\u00adchiste tol\u00e9\u00adr\u00e9e \u00e0 Mos\u00adcou y est inter\u00addites. La Tche\u00adka puis le GPU y trouvent aus\u00adsi leur compte, en rep\u00e9\u00adrant plus faci\u00adle\u00adment les sym\u00adpa\u00adthi\u00adsants anar\u00adchistes. Il y a en per\u00adma\u00adnence des indi\u00adca\u00adteurs \u00e0 la \u00ab&nbsp;Croix Noire&nbsp;\u00bb, et tous les visi\u00adteurs du mus\u00e9e Kro\u00adpot\u00adkine sont pho\u00adto\u00adgra\u00adphi\u00e9s \u00e0 leur insu. Mais ces ins\u00adti\u00adtu\u00adtions l\u00e9gales vont peu \u00e0 peu, avec l\u2019af\u00adfer\u00admis\u00adse\u00adment du pou\u00advoir de Sta\u00adline, deve\u00adnir inutiles. La \u00ab&nbsp;Croix noire&nbsp;\u00bb est dis\u00adsoute en 1925 et ses prin\u00adci\u00adpaux ani\u00adma\u00adteurs sont empri\u00adson\u00adn\u00e9s. Les librai\u00adries de Mos\u00adcou et Lenin\u00adgrad sont fer\u00adm\u00e9es en 1929, au cours d\u2019une vague d\u2019ar\u00adres\u00adta\u00adtion qui frappe les milieux anar\u00adchistes. Le mus\u00e9e Kro\u00adpot\u00adkine ferme en 1938, \u00e0 la mort de sa veuve<sup class=\"modern-footnotes-footnote modern-footnotes-footnote--expands-on-desktop \" data-mfn=\"2\" data-mfn-post-scope=\"000000004f75352a000000005562086e_636\"><a href=\"javascript:void(0)\" role=\"button\" aria-pressed=\"false\" aria-describedby=\"mfn-content-000000004f75352a000000005562086e_636-2\">2<\/a><\/sup><span id=\"mfn-content-000000004f75352a000000005562086e_636-2\" role=\"tooltip\" class=\"modern-footnotes-footnote__note\" tabindex=\"0\" data-mfn=\"2\">\u00abLa situa\u00adtion actuelle en Rus\u00adsie\u00bb\u2026 \u00ab&nbsp;Les anar\u00adchistes russes&nbsp;\u00bb Paul Avrich.<\/span>.<\/p>\n<p>Si l\u2019ac\u00adti\u00advi\u00adt\u00e9 l\u00e9gale et les groupes clan\u00addes\u00adtins dis\u00adpa\u00adraissent, il y a tou\u00adjours des actes indi\u00advi\u00adduels. Quand les com\u00admu\u00adnistes exploitent l\u2019af\u00adfaire Sac\u00adco et Van\u00adzet\u00adti pour leur pro\u00adpa\u00adgande anti-am\u00e9\u00adri\u00adcaine, cer\u00adtains anar\u00adchistes russes d\u00e9noncent cette man\u0153uvre d\u2019un r\u00e9gime qui d\u00e9fend deux anar\u00adchistes pour mieux en inter\u00adner des mil\u00adliers d\u2019autres dans ses camps et ses pri\u00adsons. L\u2019a\u00adnar\u00adchiste War\u00adchavs\u00adki est empri\u00adson\u00adn\u00e9 car il pos\u00ads\u00e8de des bro\u00adchures \u00e9di\u00adt\u00e9es clan\u00addes\u00adti\u00adne\u00adment \u00e0 l\u2019oc\u00adca\u00adsion de l\u2019ex\u00e9\u00adcu\u00adtion des deux mar\u00adtyrs et qui d\u00e9non\u00ad\u00e7aient l\u2019ex\u00adploi\u00adta\u00adtion de leur affaire par le r\u00e9gime sovi\u00e9\u00adtique. Nico\u00adlas Beliaief, anar\u00adchiste d\u00e9por\u00adt\u00e9 au Tur\u00adkes\u00adtan se retrouve en Sib\u00e9\u00adrie pour avoir pro\u00adtes\u00adt\u00e9 parce qu\u2019un camp d\u2019a\u00advia\u00adtion mili\u00adtaire de la r\u00e9gion avait \u00e9t\u00e9 bap\u00adti\u00ads\u00e9 de leurs noms. Il a d\u00fb y avoir de nom\u00adbreuses autres actions indi\u00advi\u00adduelles, comme celle d\u2019I\u00advan Kolo\u00adgriv, un docker anar\u00adchiste condam\u00adn\u00e9 en 1930 pour agi\u00adta\u00adtion anti\u00admi\u00adli\u00adta\u00adriste<sup class=\"modern-footnotes-footnote modern-footnotes-footnote--expands-on-desktop \" data-mfn=\"3\" data-mfn-post-scope=\"000000004f75352a000000005562086e_636\"><a href=\"javascript:void(0)\" role=\"button\" aria-pressed=\"false\" aria-describedby=\"mfn-content-000000004f75352a000000005562086e_636-3\">3<\/a><\/sup><span id=\"mfn-content-000000004f75352a000000005562086e_636-3\" role=\"tooltip\" class=\"modern-footnotes-footnote__note\" tabindex=\"0\" data-mfn=\"3\">Le <em>Liber\u00adtaire,<\/em> num\u00e9\u00adro sp\u00e9\u00adcial sur les anar\u00adchistes empri\u00adson\u00adn\u00e9s en Rus\u00adsie, f\u00e9vrier 1931<\/span>.<\/p>\n<p>L\u2019ac\u00adti\u00advi\u00adt\u00e9 dans les pri\u00adsons et dans les&nbsp;camps.<\/p>\n<p>Du fait du sys\u00adt\u00e8me r\u00e9pres\u00adsif mis en place par les com\u00admu\u00adnistes, la plus grande par\u00adtie des anar\u00adchistes actifs s\u2019est retrou\u00adv\u00e9e en pri\u00adson, en d\u00e9por\u00adta\u00adtion ou en rel\u00e9\u00adga\u00adtion. Et l\u00e0 ils ont conti\u00adnu\u00e9 \u00e0 lut\u00adter. Ils vont par\u00adti\u00adci\u00adper, avec les cou\u00adrants socia\u00adlistes de la R\u00e9vo\u00adlu\u00adtion, socia\u00adlistes r\u00e9vo\u00adlu\u00adtion\u00adnaires et sociaux-d\u00e9mo\u00adcrates, \u00e0 la lutte pour conser\u00adver les avan\u00adtages du sta\u00adtut de pri\u00adson\u00adnier poli\u00adtique h\u00e9ri\u00adt\u00e9 du tsa\u00adrisme&nbsp;: pas de tra\u00advail for\u00adc\u00e9, cor\u00adres\u00adpon\u00addance libre, cir\u00adcu\u00adla\u00adtion libre dans le camp \u00e0 toute heure du jour et de la&nbsp;nuit.<\/p>\n<p>\u00c0 par\u00adtir de 1921, les pri\u00adson\u00adniers poli\u00adtiques sont inter\u00adn\u00e9s sur les \u00eeles Solov\u00adki, dans la mer Blanche, o\u00f9 se trouve un ancien couvent. En d\u00e9cembre 1923, alors que l\u2019ar\u00adchi\u00adpel est cou\u00adp\u00e9 du reste du monde par l\u2019hi\u00adver, quelques avan\u00adtages sont sup\u00adpri\u00adm\u00e9s&nbsp;: limi\u00adta\u00adtion de la cor\u00adres\u00adpon\u00addance et d\u2019autres petites choses et sur\u00adtout inter\u00addic\u00adtion de sor\u00adtir des b\u00e2ti\u00adments apr\u00e8s 6 heures du soir. En guise de pro\u00adtes\u00adta\u00adtion, des volon\u00adtaires socia\u00adlistes r\u00e9vo\u00adlu\u00adtion\u00adnaires et anar\u00adchistes doivent sor\u00adtit d\u00e8s le pre\u00admier jour apr\u00e8s 6h. Mais avant m\u00eame l\u2019heure du couvre-feu, les sol\u00addats tirent sur les pri\u00adson\u00adniers qui se trouvent dehors. Il y a 6 morts et plu\u00adsieurs bles\u00ads\u00e9s. Mais apr\u00e8s cet \u00ab&nbsp;inci\u00addent&nbsp;\u00bb, le r\u00e9gime poli\u00adtique est main\u00adte\u00adnu. Fin 1924, de nou\u00advelles menaces p\u00e8sent sur le sta\u00adtut poli\u00adtique. Toutes les frac\u00adtions poli\u00adtiques s\u2019en\u00adtendent de nou\u00adveau pour deman\u00adder l\u2019\u00e9\u00adva\u00adcua\u00adtion de l\u2019ar\u00adchi\u00adpel avant l\u2019ar\u00adr\u00eat de la navi\u00adga\u00adtion sinon une gr\u00e8ve de la faim col\u00adlec\u00adtive aura lieu. Mos\u00adcou repousse l\u2019ul\u00adti\u00adma\u00adtum et la gr\u00e8ve com\u00admence. Toutes les per\u00adsonnes valides la font. Des m\u00e9de\u00adcins choi\u00adsis par\u00admi les d\u00e9te\u00adnus sur\u00adveillent chaque gr\u00e9\u00adviste de la faim. Mais les auto\u00adri\u00adt\u00e9s qui sont indif\u00adf\u00e9\u00adrentes \u00e0 cette gr\u00e8ve se contentent d\u2019at\u00adtendre. Apr\u00e8s 15 jours, des dis\u00adsen\u00adsions se font sen\u00adtir du fait du nombre impor\u00adtant de par\u00adti\u00adci\u00adpants et des cou\u00adrants poli\u00adtiques divers. Un vote secret se pro\u00adnonce pour l\u2019ar\u00adr\u00eat de la gr\u00e8ve. Ce n\u2019est pas une vic\u00adtoire, mais ce n\u2019est pas une d\u00e9faite&nbsp;: le r\u00e9gime poli\u00adtique est maintenu.<\/p>\n<p>Au prin\u00adtemps 1925, les Solovs\u00adki sont \u00e9va\u00adcu\u00e9es. En fait, c\u2019est une man\u0153uvre des auto\u00adri\u00adt\u00e9s pour bri\u00adser la r\u00e9sis\u00adtance. Les anciens (pri\u00adson\u00adniers \u00e9lus par chaque frac\u00adtion et char\u00adg\u00e9 de par\u00adle\u00admen\u00adter avec les auto\u00adri\u00adt\u00e9s) sont inter\u00adn\u00e9s \u00e0 l\u2019i\u00adso\u00adla\u00adteur de Ver\u00adkh\u00adn\u00e9-Ouralsk. Les attaques contre leurs \u00ab&nbsp;liber\u00adt\u00e9s&nbsp;\u00bb se font plus pr\u00e9\u00adcises&nbsp;: la cir\u00adcu\u00adla\u00adtion entre les cel\u00adlules est inter\u00addites, les anciens sont r\u00e9\u00e9lus mais ils ne peuvent plus entrer en contact avec les autres cel\u00adlules. La lutte conti\u00adnue, mais le cloi\u00adson\u00adne\u00adment ne la favo\u00adrise pas. Vers 1928, une autre gr\u00e8ve de la faim a lieu. Mais l\u2019at\u00admo\u00adsph\u00e8re n\u2019est plus la m\u00eame que pour la pr\u00e9\u00adc\u00e9\u00addente, et apr\u00e8s un pas\u00adsage \u00e0 tabac des gr\u00e9\u00advistes par les gar\u00addiens, le mou\u00adve\u00adment s\u2019arr\u00eate.<\/p>\n<p>La der\u00adni\u00e8re gr\u00e8ve de la faim col\u00adlec\u00adtive des pri\u00adson\u00adniers poli\u00adtiques des Solovs\u00adki aura lieu d\u00e9but jan\u00advier 1937 \u00e0 l\u2019i\u00adso\u00adla\u00adteur de Iaro\u00adslav. Les der\u00adniers res\u00adca\u00adp\u00e9s pr\u00e9\u00adsentent leurs reven\u00addi\u00adca\u00adtions de tou\u00adjours&nbsp;: \u00e9lec\u00adtion d\u2019an\u00adciens, libre cir\u00adcu\u00adla\u00adtion entre les cel\u00adlules etc\u2026 Apr\u00e8s 15 jours de gr\u00e8ve, ils sont nour\u00adris arti\u00adfi\u00adciel\u00adle\u00adment. Ils obtiennent quelques avan\u00adtages qui leur seront repris en quelques mois. C\u2019est la der\u00adni\u00e8re mani\u00adfes\u00adta\u00adtion col\u00adlec\u00adtive des anar\u00adchistes, des socia\u00adlistes r\u00e9vo\u00adlu\u00adtion\u00adnaires et des autres socia\u00adlistes empri\u00adson\u00adn\u00e9s apr\u00e8s la r\u00e9vo\u00adlu\u00adtion. Les purges sta\u00adli\u00adniennes d\u00e9ci\u00adme\u00adront ces v\u00e9t\u00e9\u00adrans<sup class=\"modern-footnotes-footnote modern-footnotes-footnote--expands-on-desktop \" data-mfn=\"4\" data-mfn-post-scope=\"000000004f75352a000000005562086e_636\"><a href=\"javascript:void(0)\" role=\"button\" aria-pressed=\"false\" aria-describedby=\"mfn-content-000000004f75352a000000005562086e_636-4\">4<\/a><\/sup><span id=\"mfn-content-000000004f75352a000000005562086e_636-4\" role=\"tooltip\" class=\"modern-footnotes-footnote__note\" tabindex=\"0\" data-mfn=\"4\">\u00abL\u2019ar\u00adchi\u00adpel du Gou\u00adlag&nbsp;\u00bb Alexandre Sol\u00adje\u00adnit\u00adsine tome I. Le <em>Liber\u00adtaire<\/em> num\u00e9\u00adro sp\u00e9\u00adcial.<\/span>.<\/p>\n<p>La soli\u00adda\u00adri\u00adt\u00e9 est tr\u00e8s forte \u00e0 cette \u00e9poque entre les anar\u00adchistes, mais aus\u00adsi entre tous les pri\u00adson\u00adniers poli\u00adtiques socia\u00adlistes en g\u00e9n\u00e9\u00adral. Cette longue lutte men\u00e9e col\u00adlec\u00adti\u00adve\u00adment pen\u00addant pr\u00e8s de 15 ans en est une preuve. Mais il y a d\u2019autres cas d\u2019en\u00adtraide&nbsp;: par exemple \u00e0 Tchimkent, jus\u00adqu\u2019au d\u00e9but des ann\u00e9es 30, les rel\u00e9\u00adgu\u00e9s socia\u00adlistes r\u00e9vo\u00adlu\u00adtion\u00adnaires, sociaux d\u00e9mo\u00adcrates et anar\u00adchistes ali\u00admentent une caisse secr\u00e8te d\u2019en\u00adtraide pour leurs cama\u00adrades de Nord. En effet, si on trouve faci\u00adle\u00adment du tra\u00advail \u00e0 Tchimkent m\u00eame si on est rel\u00e9\u00adgu\u00e9, ce n\u2019est pas le cas dans le nord sib\u00e9\u00adrien o\u00f9 de nom\u00adbreux rel\u00e9\u00adgu\u00e9s n\u2019ont aucun moyen de sub\u00adsis\u00adtance<sup class=\"modern-footnotes-footnote modern-footnotes-footnote--expands-on-desktop \" data-mfn=\"5\" data-mfn-post-scope=\"000000004f75352a000000005562086e_636\"><a href=\"javascript:void(0)\" role=\"button\" aria-pressed=\"false\" aria-describedby=\"mfn-content-000000004f75352a000000005562086e_636-5\">5<\/a><\/sup><span id=\"mfn-content-000000004f75352a000000005562086e_636-5\" role=\"tooltip\" class=\"modern-footnotes-footnote__note\" tabindex=\"0\" data-mfn=\"5\">\u00abL\u2019ar\u00adchi\u00adpel du gou\u00adlag&nbsp;\u00bb tome III.<\/span>.<\/p>\n<h5>Les purges Staliniennes<\/h5>\n<p>En 1937\u200a\u2013\u200a1938, Sta\u00adline va exter\u00admi\u00adner tous ceux qui ont par\u00adti\u00adci\u00adp\u00e9 \u00e0 la R\u00e9vo\u00adlu\u00adtion, bol\u00adch\u00e9\u00adviks ou autres. Des mil\u00adliers de per\u00adsonnes sont fusill\u00e9es, des mil\u00adlions dis\u00adpa\u00adraissent dans les camps en Sib\u00e9\u00adrie. Les anar\u00adchistes res\u00adca\u00adp\u00e9s de la R\u00e9vo\u00adlu\u00adtion sont dure\u00adment tou\u00adch\u00e9s par cette vague d\u2019ar\u00adres\u00adta\u00adtion. Des hommes connus comme Iart\u00adchouk et Archi\u00adnof sont fusill\u00e9s, des mil\u00adliers d\u2019autres incon\u00adnus, qui avaient \u00e9t\u00e9 anar\u00adchistes avant ou pen\u00addant la R\u00e9vo\u00adlu\u00adtion, sont tu\u00e9s ou d\u00e9por\u00adt\u00e9s dans les camps. Ces purges marquent l\u2019ex\u00adter\u00admi\u00adna\u00adtion de la \u00ab&nbsp;vieille garde&nbsp;\u00bb anar\u00adchiste<sup class=\"modern-footnotes-footnote modern-footnotes-footnote--expands-on-desktop \" data-mfn=\"6\" data-mfn-post-scope=\"000000004f75352a000000005562086e_636\"><a href=\"javascript:void(0)\" role=\"button\" aria-pressed=\"false\" aria-describedby=\"mfn-content-000000004f75352a000000005562086e_636-6\">6<\/a><\/sup><span id=\"mfn-content-000000004f75352a000000005562086e_636-6\" role=\"tooltip\" class=\"modern-footnotes-footnote__note\" tabindex=\"0\" data-mfn=\"6\">\u00abLes anar\u00adchistes russes&nbsp;\u00bb Paul Avrich.<\/span>.<\/p>\n<p>Le sou\u00adve\u00adnir de quelques anar\u00adchistes per\u00ads\u00e9\u00adcu\u00adt\u00e9s \u00e0 cette \u00e9poque nous est par\u00adve\u00adnu. Le tailleur juif A\u00efzen\u00adberg par exemple&nbsp;: anar\u00adchiste indi\u00advi\u00addua\u00adliste et dis\u00adciple de Kro\u00adpot\u00adkine, il est arr\u00ea\u00adt\u00e9 \u00e0 Khar\u00adkov en 1937. Il r\u00e9siste aux coups et aux tor\u00adtures employ\u00e9s pour lui faire avouer qu\u2019il appar\u00adtient \u00e0 une orga\u00adni\u00adsa\u00adtion et pour qu\u2019il d\u00e9nonce ses membres. Il r\u00e9pond qu\u2019il est anar\u00adchiste indi\u00advi\u00addua\u00adliste, et donc il ne recon\u00adna\u00eet aucune orga\u00adni\u00adsa\u00adtion. Pen\u00addant 31 jours et 31 nuits il subit un inter\u00adro\u00adga\u00adtoire inter\u00adrom\u00adpu seule\u00adment 2 fois par jour pour man\u00adger. Il a 55 ans et il ne c\u00e8de pas. Ses tor\u00adtion\u00adnaires se las\u00adse\u00adront les pre\u00admiers&nbsp;: il est envoy\u00e9 dans un asile d\u2019a\u00adli\u00e9\u00adn\u00e9s de Mos\u00adcou<sup class=\"modern-footnotes-footnote modern-footnotes-footnote--expands-on-desktop \" data-mfn=\"7\" data-mfn-post-scope=\"000000004f75352a000000005562086e_636\"><a href=\"javascript:void(0)\" role=\"button\" aria-pressed=\"false\" aria-describedby=\"mfn-content-000000004f75352a000000005562086e_636-7\">7<\/a><\/sup><span id=\"mfn-content-000000004f75352a000000005562086e_636-7\" role=\"tooltip\" class=\"modern-footnotes-footnote__note\" tabindex=\"0\" data-mfn=\"7\">\u00abL\u2019ac\u00adcu\u00ads\u00e9&nbsp;\u00bb A. Weiss\u00adberg.<\/span>. En 1937 aus\u00adsi, l\u2019a\u00adnar\u00adchiste Dimi\u00adtri Vene\u00addik\u00adtov rel\u00e9\u00adgu\u00e9 \u00e0 Tobolsk est arr\u00ea\u00adt\u00e9 pour \u00ab&nbsp;pro\u00adpa\u00adga\u00adtion de bruits au sujet des emprunts&nbsp;\u00bb (c\u2019\u00e9\u00adtaient des emprunts d\u2019\u00c9tat obli\u00adga\u00adtoires) et \u00ab&nbsp;m\u00e9con\u00adten\u00adte\u00adment \u00e0 l\u2019\u00e9\u00adgard du pou\u00advoir sovi\u00e9\u00adtique&nbsp;\u00bb. Il est condam\u00adn\u00e9 \u00e0 mort et ex\u00e9\u00adcu\u00adt\u00e9<sup class=\"modern-footnotes-footnote modern-footnotes-footnote--expands-on-desktop \" data-mfn=\"8\" data-mfn-post-scope=\"000000004f75352a000000005562086e_636\"><a href=\"javascript:void(0)\" role=\"button\" aria-pressed=\"false\" aria-describedby=\"mfn-content-000000004f75352a000000005562086e_636-8\">8<\/a><\/sup><span id=\"mfn-content-000000004f75352a000000005562086e_636-8\" role=\"tooltip\" class=\"modern-footnotes-footnote__note\" tabindex=\"0\" data-mfn=\"8\">\u00abL\u2019ar\u00adchi\u00adpel du Gou\u00adlag&nbsp;\u00bb tome III<\/span>. Le but des purges \u00e9tait entre autre chose de liqui\u00adder tous ceux qui de pr\u00e8s ou de loin ont eu un rap\u00adport avec les cou\u00adrants poli\u00adtiques qui ont par\u00adti\u00adci\u00adp\u00e9 \u00e0 la R\u00e9vo\u00adlu\u00adtion. Sta\u00adline vou\u00adlait faire dis\u00adpa\u00adra\u00eetre tous ceux qui ont cru que la R\u00e9vo\u00adlu\u00adtion pou\u00advait ame\u00adner la libert\u00e9.<\/p>\n<h5>Des Purges \u00e0 la D\u00e9stalinisation.<\/h5>\n<p>Les purges marquent l\u2019\u00e9\u00adli\u00admi\u00adna\u00adtion phy\u00adsique de nom\u00adbreux anar\u00adchistes issus de la R\u00e9vo\u00adlu\u00adtion. Ceux qui n\u2019ont pas \u00e9t\u00e9 fusill\u00e9s sont dans les camps, et les rares qui res\u00adtent en liber\u00adt\u00e9 n\u2019osent plus rien faire. Pour\u00adtant l\u2019a\u00adnar\u00adchisme n\u2019est pas mort en URSS. D\u00e8s 1937, il y a des jeunes qui s\u2019\u00e9\u00adtaient sen\u00adtis anar\u00adchistes apr\u00e8s l\u2019a\u00adn\u00e9an\u00adtis\u00adse\u00adment du mou\u00adve\u00adment<sup class=\"modern-footnotes-footnote modern-footnotes-footnote--expands-on-desktop \" data-mfn=\"9\" data-mfn-post-scope=\"000000004f75352a000000005562086e_636\"><a href=\"javascript:void(0)\" role=\"button\" aria-pressed=\"false\" aria-describedby=\"mfn-content-000000004f75352a000000005562086e_636-9\">9<\/a><\/sup><span id=\"mfn-content-000000004f75352a000000005562086e_636-9\" role=\"tooltip\" class=\"modern-footnotes-footnote__note\" tabindex=\"0\" data-mfn=\"9\">\u00abL\u2019ar\u00adchi\u00adpel du gou\u00adlag&nbsp;\u00bb tome I<\/span>. Dans les camps sta\u00adli\u00adniens&nbsp;; seuls endroits o\u00f9 une acti\u00advi\u00adt\u00e9 anar\u00adchiste est per\u00adcep\u00adtible, il y a donc main\u00adte\u00adnant, \u00e0 c\u00f4t\u00e9 des anar\u00adchistes russes, des anar\u00adchistes sovi\u00e9tiques.<\/p>\n<p>En 1947, dans les camps de la Sib\u00e9\u00adrie du nord,il y a de nom\u00adbreux sol\u00addats qui, faits pri\u00adson\u00adniers par les alle\u00admands et lib\u00e9\u00adr\u00e9s par la vic\u00adtoire russe, ont \u00e9t\u00e9 d\u00e9por\u00adt\u00e9s sur l\u2019ordre de Sta\u00adline. C\u2019est dans ce milieu qu\u2019ap\u00adpa\u00adrait le \u00ab&nbsp;Mou\u00adve\u00adment D\u00e9mo\u00adcra\u00adtique de la Rus\u00adsie du nord&nbsp;\u00bb. Sou\u00adte\u00adnu par des mar\u00adxistes non sta\u00adli\u00adniens et par les anar\u00adchistes (dont l\u2019un des slo\u00adgans est \u00ab&nbsp;pour les soviets, contre le par\u00adti&nbsp;\u00bb), ce mou\u00adve\u00adment orga\u00adnise une r\u00e9volte. Elle \u00e9clate dans le camp de Jelez\u00adno\u00addo\u00adro\u00adj\u00adny, et elle tou\u00adche\u00adra plus ou moins les camps de Pro\u00admy\u00adsh\u00adle\u00adny, Sever\u00adny, Gor\u00adnie\u00adki, Vor\u00adkhoute. Vic\u00adto\u00adrieuse au d\u00e9but, cette r\u00e9volte sera fina\u00adle\u00adment \u00e9cra\u00ads\u00e9e par l\u2019ar\u00adm\u00e9e, et ceux qui y ont par\u00adti\u00adci\u00adp\u00e9 seront impi\u00adtoya\u00adble\u00adment pourchass\u00e9s[[Dissenso Est-Oveste, jan\u00advier 1979[\/mfn].<\/p>\n<p>Les anar\u00adchistes par\u00adti\u00adci\u00adpe\u00adront aus\u00adsi aux r\u00e9voltes qui secouent les camps en 1953\u200a\u2013\u200a54, apr\u00e8s la mort de Sta\u00adline et l\u2019ex\u00e9\u00adcu\u00adtion de Beria. Ces camps, domi\u00adn\u00e9s par les droits com\u00admuns, sont repris en main peu \u00e0 peu par les poli\u00adtiques \u00e0 par\u00adtir de 1949. \u00c0 la mort de Sta\u00adline, quand une frac\u00adtion du Krem\u00adlin avec Kroucht\u00adchev joue la carte de la d\u00e9sta\u00adli\u00adni\u00adsa\u00adtion pour affer\u00admir son pou\u00advoir, la situa\u00adtion est favo\u00adrable \u00e0 l\u2019\u00e9\u00adclo\u00adsion de r\u00e9voltes dans les camps. \u00c0 Norilsk, un camp situ\u00e9 dans l\u2019ex\u00adtr\u00eame nord sib\u00e9\u00adrien, des makh\u00adno\u00advistes, 30 ans apr\u00e8s l\u2019\u00e9\u00adcra\u00adse\u00adment de leur mou\u00adve\u00adment, par\u00adti\u00adcipent acti\u00adve\u00adment \u00e0 la r\u00e9volte<sup class=\"modern-footnotes-footnote modern-footnotes-footnote--expands-on-desktop \" data-mfn=\"10\" data-mfn-post-scope=\"000000004f75352a000000005562086e_636\"><a href=\"javascript:void(0)\" role=\"button\" aria-pressed=\"false\" aria-describedby=\"mfn-content-000000004f75352a000000005562086e_636-10\">10<\/a><\/sup><span id=\"mfn-content-000000004f75352a000000005562086e_636-10\" role=\"tooltip\" class=\"modern-footnotes-footnote__note\" tabindex=\"0\" data-mfn=\"10\">\u00abL\u2019in\u00adcre\u00advable anar\u00adchisme&nbsp;\u00bb L .M.&nbsp;Vega<\/span>.<\/p>\n<p>Le sou\u00adve\u00adnir de Makh\u00adno n\u2019est en effet pas mort dans les camps \u00e0 cette \u00e9poque. Mais la pro\u00adpa\u00adgande sovi\u00e9\u00adtique qui l\u2019as\u00adsi\u00admile \u00e0 un ban\u00addit a atteint ses objec\u00adtifs. Pour cer\u00adtains, Makh\u00adno n\u2019\u00e9\u00adtait que le chef d\u2019une troupe de ban\u00addits<sup class=\"modern-footnotes-footnote modern-footnotes-footnote--expands-on-desktop \" data-mfn=\"11\" data-mfn-post-scope=\"000000004f75352a000000005562086e_636\"><a href=\"javascript:void(0)\" role=\"button\" aria-pressed=\"false\" aria-describedby=\"mfn-content-000000004f75352a000000005562086e_636-11\">11<\/a><\/sup><span id=\"mfn-content-000000004f75352a000000005562086e_636-11\" role=\"tooltip\" class=\"modern-footnotes-footnote__note\" tabindex=\"0\" data-mfn=\"11\">\u00abLe Blat\u00adno\u00ef&nbsp;\u00bb M.&nbsp;Dio\u00admine<\/span>. Sol\u00adje\u00adnit\u00adsine lui, cite les makh\u00adno\u00advistes comme un des nom\u00adbreux cou\u00adrants qui tra\u00adverse le monde de la p\u00e8gre inter\u00adn\u00e9e dans les camps dans les ann\u00e9es 47\u200a\u2013\u200a52<sup class=\"modern-footnotes-footnote modern-footnotes-footnote--expands-on-desktop \" data-mfn=\"12\" data-mfn-post-scope=\"000000004f75352a000000005562086e_636\"><a href=\"javascript:void(0)\" role=\"button\" aria-pressed=\"false\" aria-describedby=\"mfn-content-000000004f75352a000000005562086e_636-12\">12<\/a><\/sup><span id=\"mfn-content-000000004f75352a000000005562086e_636-12\" role=\"tooltip\" class=\"modern-footnotes-footnote__note\" tabindex=\"0\" data-mfn=\"12\">\u00abL\u2019ar\u00adchi\u00adpel du Gou\u00adlag&nbsp;\u00bb tome III<\/span>.<\/p>\n<p>La par\u00adti\u00adci\u00adpa\u00adtion des anar\u00adchistes dans les r\u00e9voltes des camps des ann\u00e9es 1953\u200a\u2013\u200a54 repr\u00e9\u00adsente la der\u00adni\u00e8re appa\u00adri\u00adtion connue d\u2019a\u00adnar\u00adchistes ayant par\u00adti\u00adci\u00adp\u00e9 \u00e0 la R\u00e9vo\u00adlu\u00adtion. Ce qui serait int\u00e9\u00adres\u00adsant de savoir, c\u2019est si le terme makh\u00adno\u00advistes ne recouvre que d\u2019an\u00adciens membres de l\u2019ar\u00adm\u00e9e insur\u00adrec\u00adtion\u00adnelle d\u2019U\u00adkraine, ou s\u2019il com\u00adprend aus\u00adsi d\u2019autres anar\u00adchistes non makh\u00adno\u00advistes et\/\u200bou n\u00e9s apr\u00e8s la r\u00e9vo\u00adlu\u00adtion, du fait de leurs convic\u00adtions communes.<\/p>\n<h5>Du XX<sup>\u00e8me<\/sup> Congr\u00e8s \u00e0&nbsp;1979<\/h5>\n<p>Apr\u00e8s le \u00ab&nbsp;rap\u00adport Khroucht\u00adchev&nbsp;\u00bb s\u2019ouvre en URSS une br\u00e8ve p\u00e9riode d\u2019une rela\u00adtive lib\u00e9\u00adra\u00adli\u00adsa\u00adtion, p\u00e9riode qui voit l\u2019\u00e9\u00adclo\u00adsion d\u2019un mou\u00adve\u00adment contes\u00adta\u00adtaire dont la dis\u00adsi\u00addence actuelle est issue en ligne directe. Apr\u00e8s plus de 30 ans de dic\u00adta\u00adture abso\u00adlue et \u00e9touf\u00adfante de Sta\u00adline, il y a une grande cir\u00adcu\u00adla\u00adtion des id\u00e9es. \u00ab&nbsp;En 1957, en pleine p\u00e9riode de d\u00e9sta\u00adli\u00adni\u00adsa\u00adtion, notre groupe, comme beau\u00adcoup d\u2019autres, pen\u00adsait que le pou\u00advoir, face \u00e0 cette sorte de prin\u00adtemps de Prague, n\u2019o\u00adse\u00adrait pas inter\u00adve\u00adnir. Il n\u2019y avait pas \u00e0 l\u2019\u00e9\u00adpoque de remise en cause du com\u00admu\u00adnisme, mais plu\u00adt\u00f4t une atti\u00adrance vers une d\u00e9mo\u00adcra\u00adti\u00adsa\u00adtion \u00e0 la you\u00adgo\u00adslave. Nous \u00e9tions des gens de ten\u00addance com\u00admu\u00adniste-liber\u00adtaire ne remet\u00adtant en cause que l\u2019a\u00adveu\u00adgle\u00adment de l\u2019\u00c9tat tota\u00adli\u00adtaire et pr\u00f4\u00adnions une plus grande auto\u00adno\u00admie de l\u2019in\u00addi\u00advi\u00addu dans notre soci\u00e9\u00adt\u00e9. Cer\u00adtains d\u2019entre nous remet\u00adtaient en cause l\u2019\u00c9\u00adtat et se r\u00e9cla\u00admaient de l\u2019A\u00adnar\u00adchie. Il y avait aus\u00adsi dans tous ces groupes des gens qui se r\u00e9cla\u00admaient d\u2019un natio\u00adna\u00adlisme dur&nbsp;\u00bb<sup class=\"modern-footnotes-footnote modern-footnotes-footnote--expands-on-desktop \" data-mfn=\"13\" data-mfn-post-scope=\"000000004f75352a000000005562086e_636\"><a href=\"javascript:void(0)\" role=\"button\" aria-pressed=\"false\" aria-describedby=\"mfn-content-000000004f75352a000000005562086e_636-13\">13<\/a><\/sup><span id=\"mfn-content-000000004f75352a000000005562086e_636-13\" role=\"tooltip\" class=\"modern-footnotes-footnote__note\" tabindex=\"0\" data-mfn=\"13\">\u00abMar\u00adgi\u00adna\u00adli\u00adt\u00e9 et d\u00e9bor\u00adde\u00adments quo\u00adti\u00addiens en URSS&nbsp;\u00bb, Matin d\u2019un Blues N\u00b02 (fin 78, d\u00e9but 79)<\/span>. c\u2019est un \u00e9mi\u00adgr\u00e9 juif d\u2019o\u00adri\u00adgine ouvri\u00e8re qui parle. \u00c0 l\u2019\u00e9\u00adpoque, il est \u00e9tu\u00addiant \u00e0 Lenin\u00adgrad et co-fon\u00adda\u00adteur en 1957 d\u2019un groupe de dis\u00adcus\u00adsions et de r\u00e9flexions. Ain\u00adsi, mal\u00adgr\u00e9 la r\u00e9pres\u00adsion sta\u00adli\u00adniennes, l\u2019a\u00adnar\u00adchisme n\u2019a pu \u00eatre \u00e9touf\u00adf\u00e9 et il r\u00e9ap\u00adpa\u00adrait hors des&nbsp;camps.<\/p>\n<p>Mais Khroucht\u00adchev ne peut pas tol\u00e9\u00adrer long\u00adtemps une telle situa\u00adtion, et d\u00e8s que son pou\u00advoir est plus stable la r\u00e9pres\u00adsion va s\u2019a\u00adbattre sur tous ceux qui ne pensent pas dans la ligne. Un dis\u00adsi\u00addent russe exi\u00adl\u00e9 inter\u00adn\u00e9 entre 1957 et 1965 dans les camps de concen\u00adtra\u00adtion y a ren\u00adcon\u00adtr\u00e9 plu\u00adsieurs anar\u00adchistes lors de sa d\u00e9ten\u00adtion. C\u2019\u00e9\u00adtait des anar\u00adchistes de la nou\u00advelle g\u00e9n\u00e9\u00adra\u00adtion&nbsp;: \u00ab&nbsp;Ils avaient lu les livres de Kro\u00adpot\u00adkine, et par\u00adfois de Bakou\u00adnine (qu\u2019il est tr\u00e8s dif\u00adfi\u00adcile de trou\u00adver dans les biblio\u00adth\u00e8ques en URSS), ils \u00e9taient de m\u00eame fami\u00adlia\u00adri\u00ads\u00e9s avec les id\u00e9es de Prou\u00addhon et avec la pen\u00ads\u00e9e occi\u00adden\u00adtale contem\u00adpo\u00adraine&nbsp;\u00bb. ain\u00adsi mal\u00adgr\u00e9 l\u2019\u00e9\u00adtouf\u00adfoir id\u00e9o\u00adlo\u00adgique du r\u00e9gime sovi\u00e9\u00adtique, les id\u00e9es par\u00adviennent tout de m\u00eame \u00e0 cir\u00adcu\u00adler. Il cite aus\u00adsi l\u2019exemple d\u2019un cama\u00adrade, E., qui apr\u00e8s avoir pas\u00ads\u00e9 une dizaine d\u2019an\u00adn\u00e9e dans les camps, \u00e0 \u00e9t\u00e9 lib\u00e9\u00adr\u00e9 en 1971. Il a de nou\u00adveau \u00e9t\u00e9 arr\u00ea\u00adt\u00e9 et condam\u00adn\u00e9 en 1974 pour \u00ab&nbsp;pro\u00adpa\u00adgande anti-sovi\u00e9\u00adtique&nbsp;\u00bb, accu\u00adsa\u00adtion tra\u00addi\u00adtion\u00adnelle. E. se d\u00e9clare d\u00e9fen\u00adseur des droits de l\u2019homme car se d\u00e9cla\u00adrer anar\u00adchiste ouver\u00adte\u00adment en URSS est tr\u00e8s dan\u00adge\u00adreux<sup class=\"modern-footnotes-footnote modern-footnotes-footnote--expands-on-desktop \" data-mfn=\"14\" data-mfn-post-scope=\"000000004f75352a000000005562086e_636\"><a href=\"javascript:void(0)\" role=\"button\" aria-pressed=\"false\" aria-describedby=\"mfn-content-000000004f75352a000000005562086e_636-14\">14<\/a><\/sup><span id=\"mfn-content-000000004f75352a000000005562086e_636-14\" role=\"tooltip\" class=\"modern-footnotes-footnote__note\" tabindex=\"0\" data-mfn=\"14\">\u00abLes anar\u00adchistes en URSS&nbsp;\u00bb, lettre d\u2019un \u00e9mi\u00adgr\u00e9 au CIRA, <em>Front Liber\u00adtaire<\/em> N\u00b0102, jan\u00advier 1979<\/span>.<\/p>\n<p>Ce dis\u00adsi\u00addent a aus\u00adsi ren\u00adcon\u00adtr\u00e9 des anar\u00adchistes hors des camps. En 1967, le cama\u00adrade qui avait fon\u00add\u00e9 le groupe de r\u00e9flexion de Lenin\u00adgrad est arr\u00ea\u00adt\u00e9 pour avoir aid\u00e9 Galans\u00adkof, un des dis\u00adsi\u00addents les plus en vue de l\u2019\u00e9\u00adpoque, \u00e0 \u00e9cou\u00adler des devises \u00e9tran\u00adg\u00e8res. Il y a aus\u00adsi le cas d\u2019un docker anar\u00adchiste arr\u00ea\u00adt\u00e9 pour \u00ab&nbsp;pro\u00adpa\u00adgande anti-sovi\u00e9\u00adtique&nbsp;\u00bb par\u00admi ses col\u00adl\u00e8gues de tra\u00advail. E. Kouz\u00adnet\u00adsov a fait en 1971 une \u00e9tude sur les d\u00e9te\u00adnus du camp de concen\u00adtra\u00adtion o\u00f9 il se trou\u00advait \u00e0 l\u2019\u00e9\u00adpoque. Il donne une s\u00e9rie de chiffres tr\u00e8s int\u00e9\u00adres\u00adsants. Ain\u00adsi sur 90 pri\u00adson\u00adniers il y a 19 natio\u00adna\u00adlistes d\u00e9mo\u00adcrates, 7 d\u00e9mo\u00adcrates inter\u00adna\u00adtio\u00adna\u00adlistes, 6 monar\u00adchistes et un anar\u00adchiste&nbsp;; les autres n\u2019ont pas d\u2019o\u00adpi\u00adnion poli\u00adtique<sup class=\"modern-footnotes-footnote modern-footnotes-footnote--expands-on-desktop \" data-mfn=\"15\" data-mfn-post-scope=\"000000004f75352a000000005562086e_636\"><a href=\"javascript:void(0)\" role=\"button\" aria-pressed=\"false\" aria-describedby=\"mfn-content-000000004f75352a000000005562086e_636-15\">15<\/a><\/sup><span id=\"mfn-content-000000004f75352a000000005562086e_636-15\" role=\"tooltip\" class=\"modern-footnotes-footnote__note\" tabindex=\"0\" data-mfn=\"15\">\u00abMar\u00adgi\u00adna\u00adli\u00adt\u00e9 et d\u00e9bor\u00adde\u00adments quo\u00adti\u00addiens en URSS\u00bb\u2026 \u00ab&nbsp;Jour\u00adnal d\u2019un condam\u00adn\u00e9 \u00e0 mort&nbsp;\u00bb E. Kouz\u00adnet\u00adsov<\/span>.<\/p>\n<p>Enfin tr\u00e8s r\u00e9cem\u00adment, il y a eu l\u2019af\u00adfaire de l\u2019\u00abopposition de gauche&nbsp;\u00bb de Lenin\u00adgrad. C\u2019est une sorte d\u2019or\u00adga\u00adni\u00adsa\u00adtion clan\u00addes\u00adtine de gauche qui ten\u00adtait de se cr\u00e9er, et il y avait un cou\u00adrant anarchiste.<\/p>\n<p><strong>L\u2019Op\u00adpo\u00adsi\u00adtion de Gauche<\/strong><\/p>\n<p>En 1978 appa\u00adra\u00eet \u00e0 Lenin\u00adgrad un groupe d\u2019\u00e9\u00adtu\u00addiants, l\u2019\u00abopposition de gauche&nbsp;\u00bb. Il est cr\u00e9\u00e9 par des \u00e9tu\u00addiants qui en 1976 avaient \u00e9t\u00e9 li\u00e9s \u00e0 une affaire de dis\u00adtri\u00adbu\u00adtion de tracts contre le par\u00adti \u00e0 l\u2019oc\u00adca\u00adsion du congr\u00e8s du PCUS. \u00c0 l\u2019is\u00adsu de cette affaire un \u00e9tu\u00addiant, Andrei Rez\u00adni\u00adkov, est condam\u00adn\u00e9 \u00e0 deux ans de camp. Son ami Alexandre Sko\u00adbov cr\u00e9e en juin 1978 une com\u00admu\u00adnau\u00adt\u00e9 \u00e0 Lenin\u00adgrad qui est un point de ren\u00addez-vous pour la jeu\u00adnesse mar\u00adgi\u00adnale et pour les sym\u00adpa\u00adthi\u00adsants du groupe. Le groupe \u00e9dite aus\u00adsi une revue qui aura 3 num\u00e9\u00adros durant l\u2019\u00e9\u00adt\u00e9 78, et qui \u00e0 c\u00f4t\u00e9 de textes de grands clas\u00adsiques publie des articles actuels th\u00e9o\u00adriques ou sur la dis\u00adsi\u00addence. Un des pro\u00adjets de l\u2019\u00abopposition de gauche&nbsp;\u00bb est de ras\u00adsem\u00adbler dans une conf\u00e9\u00adrence des groupes de gauche de Lenin\u00adgrad, de Mos\u00adcou, des pays baltes, d\u2019U\u00adkraine, du Cau\u00adcase pour confron\u00adter les id\u00e9es et au besoin s\u2019or\u00adga\u00adni\u00adser. La conf\u00e9\u00adrence pr\u00e9\u00advue pour sep\u00adtembre est repous\u00ads\u00e9e \u00e0 cause de l\u2019at\u00adti\u00adtude d\u2019un groupe \u00ab&nbsp;mar\u00adxiste ortho\u00addoxe&nbsp;\u00bb. La r\u00e9pres\u00adsion qui va s\u2019a\u00adbattre sur le groupe emp\u00ea\u00adche\u00adra fina\u00adle\u00adment la tenue de cette conf\u00e9\u00adrence. Des d\u00e9l\u00e9\u00adgu\u00e9s sont refou\u00adl\u00e9s et le mos\u00adco\u00advite Bes\u00adsov sera inter\u00adn\u00e9 quelques temps. En ao\u00fbt, la com\u00admu\u00adnau\u00adt\u00e9 est per\u00adqui\u00adsi\u00adtion\u00adn\u00e9e et sac\u00adca\u00adg\u00e9e, ses habi\u00adtu\u00e9s sont sui\u00advis. D\u00e9but octobre, le KGB inter\u00adroge Sko\u00adbov, \u00e0 par\u00adtir du 10 de nom\u00adbreuses per\u00adqui\u00adsi\u00adtions ont lieu chez les gens proches de la com\u00admu\u00adnau\u00adt\u00e9, qui sont aus\u00adsi inter\u00adro\u00adg\u00e9s. Le 14 octobre Sko\u00adbov est arr\u00ea\u00adt\u00e9, le 31 c\u2019est au tour de Tsour\u00adkov, un autre membre actif du groupe et v\u00e9t\u00e9\u00adran de 1976. Pour pro\u00adtes\u00adter contre ces arres\u00adta\u00adtions, plus de 200 \u00e9tu\u00addiants mani\u00adfestent sur la place N.D. de Kazan de Lenin\u00adgrad le 5 d\u00e9cembre. Rez\u00adni\u00adkov est atta\u00adqu\u00e9 dans la rue par des \u00ab&nbsp;incon\u00adnus&nbsp;\u00bb, et il est plu\u00adsieurs fois d\u00e9te\u00adnu quelques jours. Le 6 avril 79, Arka\u00addy Tsour\u00adkov est condam\u00adn\u00e9 \u00e0 5 ans de tra\u00advail et 2 ans d\u2019exil int\u00e9\u00adrieur. Le 16 avril Sko\u00adbov est condam\u00adn\u00e9 \u00e0 l\u2019in\u00adter\u00adne\u00adment psy\u00adchia\u00adtrique de dur\u00e9e ind\u00e9\u00adter\u00admi\u00adn\u00e9e. Alexis Kha\u00advine, qui a refu\u00ads\u00e9 de d\u00e9po\u00adser contre son ami Sko\u00adbov, est accu\u00ads\u00e9 de tra\u00adfic de drogue et il est condam\u00adn\u00e9 \u00e0 6 ans de camp en ao\u00fbt. Cette r\u00e9pres\u00adsion sys\u00adt\u00e9\u00adma\u00adtique a an\u00e9an\u00adti l\u2019\u00abopposition de gauche&nbsp;\u00bb et la com\u00admu\u00adnau\u00adt\u00e9 de Sko\u00adbov<sup class=\"modern-footnotes-footnote modern-footnotes-footnote--expands-on-desktop \" data-mfn=\"16\" data-mfn-post-scope=\"000000004f75352a000000005562086e_636\"><a href=\"javascript:void(0)\" role=\"button\" aria-pressed=\"false\" aria-describedby=\"mfn-content-000000004f75352a000000005562086e_636-16\">16<\/a><\/sup><span id=\"mfn-content-000000004f75352a000000005562086e_636-16\" role=\"tooltip\" class=\"modern-footnotes-footnote__note\" tabindex=\"0\" data-mfn=\"16\">\u00abLes tracts sub\u00adver\u00adsifs et la com\u00admu\u00adnau\u00adt\u00e9 de Sko\u00adbov&nbsp;\u00bb, \u00ab&nbsp;Lenin\u00adgrad&nbsp;: la \u00ab&nbsp;grande Mai\u00adson&nbsp;\u00bb entre\u00adprend de d\u00e9truire les com\u00admu\u00adnau\u00adt\u00e9s&nbsp;\u00bb et \u00ab&nbsp;La plate forme de l\u2019op\u00adpo\u00adsi\u00adtion de gauche&nbsp;\u00bb de Vadim Net\u00adchaev, lib\u00e9\u00adra\u00adtion des 4, 5 et 10 avril 1979.<\/span>.<\/p>\n<p>Le but du groupe \u00e9tait de confron\u00adter dans un d\u00e9bat les id\u00e9es de gauche et de cr\u00e9er si besoin \u00e9tait une orga\u00adni\u00adsa\u00adtion. Sa revue, \u00ab&nbsp;Pers\u00adpek\u00adti\u00advy&nbsp;\u00bb, publie des auteurs de cou\u00adrants tr\u00e8s dif\u00adf\u00e9\u00adrents&nbsp;: Kro\u00adpot\u00adkine, Bakou\u00adnine, Trots\u00adky, Mar\u00adcuse, Cohn-Ben\u00addit pour don\u00adner des bases, il y a des textes pour et contre le sou\u00adl\u00e8\u00adve\u00adment de Crons\u00adtadt, des textes repris d\u2019autres samiz\u00addats, et le n\u00b03 est com\u00adpo\u00ads\u00e9 d\u2019ar\u00adticles pro\u00adgram\u00adma\u00adtiques devant ser\u00advir de base aux dis\u00adcus\u00adsions lors de la Conf\u00e9\u00adrence. La revue contient aus\u00adsi un repor\u00adtage sur la mani\u00adfes\u00adta\u00adtion du 4 juillet 1978 \u00e0 Lenin\u00adgrad qui a r\u00e9unis spon\u00adta\u00adn\u00e9\u00adment 15.000 jeunes. Elle \u00e9tait tr\u00e8s influente dans le milieu \u00e9tu\u00addiant de Lenin\u00adgrad, et elle \u00e9tait dif\u00adfu\u00ads\u00e9 dans d\u2019autres r\u00e9gions d\u2019URSS. Les id\u00e9es expri\u00adm\u00e9es dans le n\u00b03 peuvent \u00eatre qua\u00adli\u00adfi\u00e9es d\u2019\u00abultra-gauches&nbsp;\u00bb. Il faut lut\u00adter contre le type d\u2019\u00c9\u00adtat sovi\u00e9\u00adtique et non contre l\u2019\u00c9\u00adtat en g\u00e9n\u00e9\u00adral. La classe ouvri\u00e8re est en voie d\u2019in\u00adt\u00e9\u00adgra\u00adtion et la seule classe r\u00e9vo\u00adlu\u00adtion\u00adnaire est celle des intel\u00adlec\u00adtuels et des \u00e9tu\u00addiants. La preuve est faites que l\u2019a\u00adgri\u00adcul\u00adture pri\u00adv\u00e9e est sup\u00e9\u00adrieur \u00e0 l\u2019a\u00adgri\u00adcul\u00adture col\u00adlec\u00adti\u00advi\u00ads\u00e9e. Pour cer\u00adtains, une frac\u00adtion de la bureau\u00adcra\u00adtie va jouer la carte de la d\u00e9mo\u00adcra\u00adti\u00adsa\u00adtion pour se main\u00adte\u00adnir, et la tache la plus impor\u00adtante est de ren\u00adfor\u00adcer l\u2019op\u00adpo\u00adsi\u00adtion. Pour d\u2019autres, il n\u2019y aura pas de d\u00e9mo\u00adcra\u00adti\u00adsa\u00adtion, et il fau\u00addra uti\u00adli\u00adser la vio\u00adlence et l\u2019ill\u00e9\u00adga\u00adli\u00adt\u00e9&nbsp;: fabri\u00adca\u00adtion de fausse mon\u00adnaie, \u00e9ven\u00adtuel\u00adle\u00adment prises d\u2019o\u00adtages, lutte arm\u00e9e en s\u2019ins\u00adpi\u00adrant des \u00ab&nbsp;anar\u00adchistes d\u2019Al\u00adle\u00admagne F\u00e9d\u00e9\u00adrale, par\u00adti\u00adcu\u00adli\u00e8\u00adre\u00adment du groupe Baa\u00adder-Mein\u00adhoff&nbsp;\u00bb, etc\u2026 Enfin plu\u00adsieurs pro\u00adpo\u00adsi\u00adtions concr\u00e8tes sont don\u00adn\u00e9es comme pro\u00adgramme&nbsp;: cela va de \u00ab&nbsp;liber\u00adt\u00e9 et auto\u00adno\u00admie des asso\u00adcia\u00adtions et orga\u00adni\u00adsa\u00adtions&nbsp;\u00bb \u00e0 \u00ab&nbsp;pour les ques\u00adtions natio\u00adnales, le droit \u00e0 l\u2019au\u00adto\u00add\u00e9\u00adter\u00admi\u00adna\u00adtion devrait \u00eatre appli\u00adqu\u00e9&nbsp;\u00bb en pas\u00adsant par \u00ab&nbsp;liqui\u00adda\u00adtion de l\u2019ar\u00adm\u00e9e de conscrip\u00adtion et son rem\u00adpla\u00adce\u00adment par une arm\u00e9e volon\u00adtaire&nbsp;\u00bb. Toutes les autres pro\u00adpo\u00adsi\u00adtions sont du m\u00eame genre et peuvent \u00eatre qua\u00adli\u00adfi\u00e9es de \u00ab&nbsp;r\u00e9for\u00admistes&nbsp;\u00bb<sup class=\"modern-footnotes-footnote modern-footnotes-footnote--expands-on-desktop \" data-mfn=\"17\" data-mfn-post-scope=\"000000004f75352a000000005562086e_636\"><a href=\"javascript:void(0)\" role=\"button\" aria-pressed=\"false\" aria-describedby=\"mfn-content-000000004f75352a000000005562086e_636-17\">17<\/a><\/sup><span id=\"mfn-content-000000004f75352a000000005562086e_636-17\" role=\"tooltip\" class=\"modern-footnotes-footnote__note\" tabindex=\"0\" data-mfn=\"17\">\u00abThe lef\u00adtist oppo\u00adsi\u00adtion&nbsp;\u00bb de Vadim Net\u00adchaev, Labour Focus on Eas\u00adtern Europe, 1979, n\u00b03. Les deux articles de Net\u00adchaev sont assez sem\u00adblables sur le d\u00e9rou\u00adle\u00adment des \u00e9v\u00e9\u00adne\u00adments mais ils se com\u00adpl\u00e8tent au niveau des infor\u00adma\u00adtions sur le pro\u00adgramme du mou\u00adve\u00adment.<\/span>.<\/p>\n<p>Mais \u00e0 c\u00f4t\u00e9 de ce cou\u00adrant repr\u00e9\u00adsen\u00adt\u00e9 par ces textes, il y avait une influence anar\u00adchiste non n\u00e9gli\u00adgeable. La publi\u00adca\u00adtion dans la revue de Kro\u00adpot\u00adkine et Bakou\u00adnine en est une preuve. Dans la biblio\u00adth\u00e8que de la com\u00admu\u00adnau\u00adt\u00e9, qui \u00e9tait celle de Sko\u00adbov, la presse dis\u00adsi\u00addente, Tots\u00adky, Marx jeune et Kro\u00adpot\u00adkine voi\u00adsi\u00adnaient. Sko\u00adbov lui-m\u00eame consi\u00add\u00e9\u00adr\u00e9 comme l\u2019un des th\u00e9o\u00adri\u00adcien du groupe, \u00ab&nbsp;se d\u00e9fi\u00adnis\u00adsait lui-m\u00eame comme anar\u00adcho-socia\u00adliste, par\u00adti\u00adsan du jeune Marx. Son pro\u00adgramme com\u00adpor\u00adtait le plu\u00adra\u00adlisme dans l\u2019\u00e9\u00adco\u00adno\u00admie&nbsp;; une d\u00e9mo\u00adcra\u00adtie com\u00adpl\u00e8te en poli\u00adtique et id\u00e9o\u00adlo\u00adgie&nbsp;; le paci\u00adfisme&nbsp;\u00bb<sup class=\"modern-footnotes-footnote modern-footnotes-footnote--expands-on-desktop \" data-mfn=\"18\" data-mfn-post-scope=\"000000004f75352a000000005562086e_636\"><a href=\"javascript:void(0)\" role=\"button\" aria-pressed=\"false\" aria-describedby=\"mfn-content-000000004f75352a000000005562086e_636-18\">18<\/a><\/sup><span id=\"mfn-content-000000004f75352a000000005562086e_636-18\" role=\"tooltip\" class=\"modern-footnotes-footnote__note\" tabindex=\"0\" data-mfn=\"18\">\u00abLes tracts sub\u00adver\u00adsifs\u2026\u00bb<\/span>. Il appar\u00adte\u00adnait avec Tsour\u00adkov \u00e0 la ten\u00addance non-vio\u00adlente du groupe qu\u2019il vou\u00adlait main\u00adte\u00adnir tou\u00adjours ouvert&nbsp;: \u00ab&nbsp;l\u2019autre aile du mou\u00adve\u00adment \u00e0 laquelle appar\u00adtient Arka\u00addy Tsour\u00adkov et Alexandre Sko\u00adbov (qui sont ceux que j\u2019ai le mieux connus per\u00adson\u00adnel\u00adle\u00adment) semble s\u2019en tenir aux m\u00e9thodes non vio\u00adlentes quelle que soit la poli\u00adtique adop\u00adt\u00e9e par le gou\u00adver\u00adne\u00adment. Son sou\u00adci est de main\u00adte\u00adnir la carac\u00adt\u00e8re ouvert du mou\u00adve\u00adment et d\u2019\u00e9\u00advi\u00adter sa cris\u00adtal\u00adli\u00adsa\u00adtion pr\u00e9\u00adma\u00adtu\u00adr\u00e9e et son com\u00adpa\u00adgnon natu\u00adrel, le sec\u00adta\u00adrisme.&nbsp;\u00bb<sup class=\"modern-footnotes-footnote modern-footnotes-footnote--expands-on-desktop \" data-mfn=\"19\" data-mfn-post-scope=\"000000004f75352a000000005562086e_636\"><a href=\"javascript:void(0)\" role=\"button\" aria-pressed=\"false\" aria-describedby=\"mfn-content-000000004f75352a000000005562086e_636-19\">19<\/a><\/sup><span id=\"mfn-content-000000004f75352a000000005562086e_636-19\" role=\"tooltip\" class=\"modern-footnotes-footnote__note\" tabindex=\"0\" data-mfn=\"19\">\u00abLa pla\u00adte\u00adforme de l\u2019op\u00adpo\u00adsi\u00adtion de gauche\u00bb\u2026<\/span> Sko\u00adbov n\u2019est pas le seul \u00e0 \u00eatre influen\u00adc\u00e9 par les id\u00e9es anar\u00adchistes. Ain\u00adsi par exemple Alexis Kha\u00advine, son ami, avait \u00e9t\u00e9 condam\u00adn\u00e9 en 1977 pour avoir dif\u00adfu\u00ads\u00e9 des \u0153uvres de Kro\u00adpot\u00adkine alors qu\u2019il \u00e9tait encore lyc\u00e9en<sup class=\"modern-footnotes-footnote modern-footnotes-footnote--expands-on-desktop \" data-mfn=\"20\" data-mfn-post-scope=\"000000004f75352a000000005562086e_636\"><a href=\"javascript:void(0)\" role=\"button\" aria-pressed=\"false\" aria-describedby=\"mfn-content-000000004f75352a000000005562086e_636-20\">20<\/a><\/sup><span id=\"mfn-content-000000004f75352a000000005562086e_636-20\" role=\"tooltip\" class=\"modern-footnotes-footnote__note\" tabindex=\"0\" data-mfn=\"20\">Labour Focus on eas\u00adtern Europe, 1979 n\u00b05<\/span>.<\/p>\n<h5>L\u2019Anarchisme et les Autres<\/h5>\n<p>Il n\u2019est pas besoin de faire de longues phrases pour don\u00adner la posi\u00adtion du pou\u00advoir sovi\u00e9\u00adtique vis \u00e0 vis des anar\u00adchistes&nbsp;: ce sont des irres\u00adpon\u00adsables et des ban\u00addits. Mais par contre il est int\u00e9\u00adres\u00adsant de voir l\u2019i\u00admage de l\u2019a\u00adnar\u00adchisme que se font les dis\u00adsi\u00addents. En g\u00e9n\u00e9\u00adral, et pour des rai\u00adsons \u00e9vi\u00addentes, l\u2019a\u00adnar\u00adchisme est mal connu, sur\u00adtout au niveau de son his\u00adtoire. Voi\u00adl\u00e0 ce que r\u00e9pon\u00addait Pliouchtch en 1976 lors d\u2019une conf\u00e9\u00adrence de presse&nbsp;: \u00c0 la ques\u00adtion \u00ab&nbsp;le mas\u00adsacre anti-ouvrier de Krons\u00adtadt est-il res\u00adt\u00e9 dans les m\u00e9moires \u201a\u00bb, Pliouchtch r\u00e9pon\u00addit \u00ab&nbsp;il ne reste plus rien dans la m\u00e9moire des ouvriers, l\u2019his\u00adtoire est enti\u00e8\u00adre\u00adment fal\u00adsi\u00adfi\u00e9e&nbsp;\u00bb. Ain\u00adsi pour Makh\u00adno \u00ab&nbsp;ceux qui m\u2019en ont par\u00adl\u00e9 m\u2019en ont dit du mal, mais ici je me rend compte qu\u2019il a \u00e9t\u00e9 calom\u00adni\u00e9 par la presse russe. Non seule\u00adment il ne fai\u00adsait pas de pogroms, mais il fusillait ceux qui en fai\u00adsaient&nbsp;\u00bb. quand aux anar\u00adchistes espa\u00adgnols inter\u00adn\u00e9s en 1939 au camp de Kara\u00adgan\u00adda, il ne connait pas de d\u00e9tails, mais fut au cou\u00adrant de l\u2019af\u00adfaire.<sup class=\"modern-footnotes-footnote modern-footnotes-footnote--expands-on-desktop \" data-mfn=\"21\" data-mfn-post-scope=\"000000004f75352a000000005562086e_636\"><a href=\"javascript:void(0)\" role=\"button\" aria-pressed=\"false\" aria-describedby=\"mfn-content-000000004f75352a000000005562086e_636-21\">21<\/a><\/sup><span id=\"mfn-content-000000004f75352a000000005562086e_636-21\" role=\"tooltip\" class=\"modern-footnotes-footnote__note\" tabindex=\"0\" data-mfn=\"21\">\u00abL\u2019URSS en 1976 vue par Pliouchtch&nbsp;\u00bb, le <em>Monde Liber\u00adtaire<\/em> juillet-ao\u00fbt 76<\/span> Au point de vue des id\u00e9es, si cer\u00adtains dis\u00adsi\u00addents les connaissent appa\u00adrem\u00adment cor\u00adrec\u00adte\u00adment, d\u2019autres, inten\u00adtion\u00adnel\u00adle\u00adment ou non, les d\u00e9forment. Par exemple dans l\u2019ou\u00advrage col\u00adlec\u00adtif \u00ab&nbsp;Des voix sous les d\u00e9combres&nbsp;\u00bb, deux articles citent l\u2019un Bakou\u00adnine, l\u2019autre Kro\u00adpot\u00adkine. Pour Igor Cha\u00adfa\u00adre\u00advitch, l\u2019u\u00adnique but de Bakou\u00adnine \u00e9tait de d\u00e9truire, il n\u2019a\u00advait pas d\u2019i\u00add\u00e9aux posi\u00adtifs. Par contre Malik Agours\u00adky cite sans les d\u00e9for\u00admer les concep\u00adtions de Kro\u00adpot\u00adkine sur l\u2019as\u00adso\u00adcia\u00adtion tra\u00advail intel\u00adlec\u00adtuel-tra\u00advail manuel dans les com\u00admu\u00adnau\u00adt\u00e9s de la soci\u00e9\u00adt\u00e9 future<sup class=\"modern-footnotes-footnote modern-footnotes-footnote--expands-on-desktop \" data-mfn=\"22\" data-mfn-post-scope=\"000000004f75352a000000005562086e_636\"><a href=\"javascript:void(0)\" role=\"button\" aria-pressed=\"false\" aria-describedby=\"mfn-content-000000004f75352a000000005562086e_636-22\">22<\/a><\/sup><span id=\"mfn-content-000000004f75352a000000005562086e_636-22\" role=\"tooltip\" class=\"modern-footnotes-footnote__note\" tabindex=\"0\" data-mfn=\"22\">\u00abpas\u00ads\u00e9 et ave\u00adnir du socia\u00adlisme&nbsp;\u00bb I. Cha\u00adfa\u00adre\u00advitch et \u00ab&nbsp;Les sys\u00adt\u00e8mes sociaux-\u00e9co\u00adno\u00admiques actuels&nbsp;\u00bb M.&nbsp;Agours\u00adky, \u00ab&nbsp;des voix sous les d\u00e9combres&nbsp;\u00bb, col\u00adlec\u00adtif<\/span>. Il est \u00e0 noter d\u2019ailleurs que m\u00eame par\u00admi ceux qui sont influen\u00adc\u00e9s par l\u2019a\u00adnar\u00adchisme en union Sovi\u00e9\u00adtique, la pen\u00ads\u00e9e de Kro\u00adpot\u00adkine leur est beau\u00adcoup plus fami\u00adli\u00e8re que celle de Bakou\u00adnine. Peut-\u00eatre est-ce d\u00fb en par\u00adtie au fait que Kro\u00adpot\u00adkine, contrai\u00adre\u00adment \u00e0 Bakou\u00adnine est connu aus\u00adsi comme scien\u00adti\u00adfique en URSS. Ain\u00adsi en 1976 le \u00ab&nbsp;Bul\u00adle\u00adtin de la soci\u00e9\u00adt\u00e9 de Mos\u00adcou sur la nature exp\u00e9\u00adri\u00admen\u00adtale&nbsp;\u00bb a publi\u00e9 plu\u00adsieurs articles sur Kro\u00adpot\u00adkine et son acti\u00advi\u00adt\u00e9 scien\u00adti\u00adfique o\u00f9 il n\u2019y a pas d\u2019at\u00adtaques gra\u00adtuites contre l\u2019a\u00adnar\u00adchisme<sup class=\"modern-footnotes-footnote modern-footnotes-footnote--expands-on-desktop \" data-mfn=\"23\" data-mfn-post-scope=\"000000004f75352a000000005562086e_636\"><a href=\"javascript:void(0)\" role=\"button\" aria-pressed=\"false\" aria-describedby=\"mfn-content-000000004f75352a000000005562086e_636-23\">23<\/a><\/sup><span id=\"mfn-content-000000004f75352a000000005562086e_636-23\" role=\"tooltip\" class=\"modern-footnotes-footnote__note\" tabindex=\"0\" data-mfn=\"23\">\u00abSur le cen\u00adte\u00adnaire de la publi\u00adca\u00adtion d\u2019\u00e9\u00adtudes sur la p\u00e9riode gla\u00adci\u00e8re, de Pierre Kro\u00adpot\u00adkine&nbsp;\u00bb M.&nbsp;Zem\u00adliak, <em>anar\u00adchives<\/em> n\u00b01 d\u00e9c. 79<\/span>. Enfin l\u2019i\u00admage tra\u00addi\u00adtion\u00adnelle de l\u2019a\u00adnar\u00adchiste n\u2019a pas l\u2019air tr\u00e8s dif\u00adf\u00e9\u00adrente de celle r\u00e9pan\u00addue en France. D\u2019a\u00adpr\u00e8s Vadim Net\u00adchaev, Sko\u00adbov a \u00ab&nbsp;l\u2019al\u00adlure \u00e0 se faire mettre la main au col\u00adlet et fouiller la sacoche par des flics eu qu\u00eate de bombes d\u2019a\u00adnar\u00adchistes&nbsp;\u00bb parce qu\u2019il porte la barbe et une capote de sol\u00addat.<sup class=\"modern-footnotes-footnote modern-footnotes-footnote--expands-on-desktop \" data-mfn=\"24\" data-mfn-post-scope=\"000000004f75352a000000005562086e_636\"><a href=\"javascript:void(0)\" role=\"button\" aria-pressed=\"false\" aria-describedby=\"mfn-content-000000004f75352a000000005562086e_636-24\">24<\/a><\/sup><span id=\"mfn-content-000000004f75352a000000005562086e_636-24\" role=\"tooltip\" class=\"modern-footnotes-footnote__note\" tabindex=\"0\" data-mfn=\"24\">\u00abLes tracts subversifs\u2026\u00bb<\/span><\/p>\n<p>Ain\u00adsi mal\u00adgr\u00e9 plus de 60 ans de dic\u00adta\u00adture, le r\u00e9gime sovi\u00e9\u00adtique n\u2019a pu \u00e9touf\u00adfer tota\u00adle\u00adment l\u2019a\u00adnar\u00adchisme. Ceux qui se r\u00e9clament de la pen\u00ads\u00e9e liber\u00adtaire \u00e0 l\u2019heure actuelle ont peu de points com\u00admuns avec les anar\u00adchistes de 1917. La situa\u00adtion \u00e9co\u00adno\u00admique et poli\u00adtique a fon\u00adci\u00e8\u00adre\u00adment chan\u00adg\u00e9, et leur nombre et leur influence sont infi\u00adni\u00adment moins impor\u00adtants. Mais il y a une conti\u00adnui\u00adt\u00e9 entre ces g\u00e9n\u00e9\u00adra\u00adtions mal\u00adgr\u00e9 la r\u00e9pres\u00adsion vio\u00adlente d\u00e8s 1918, mal\u00adgr\u00e9 le sta\u00adli\u00adnisme et ses purges, mal\u00adgr\u00e9 la dif\u00adfi\u00adcile cir\u00adcu\u00adla\u00adtion des id\u00e9es. La pen\u00ads\u00e9e anar\u00adchiste n\u2019est pas encore morte en&nbsp;URSS.<\/p>\n<p style=\"text-align: right;\">Wie\u00adbie\u00adrals\u00adki<\/p>\n<\/div>\n<ul class=\"modern-footnotes-list modern-footnotes-list--show-only-for-print\"><li><span>1<\/span><div>\u00ab&nbsp;La situa\u00adtion actuelle en Rus\u00adsie&nbsp;\u00bb, le Groupe d\u2019a\u00adnar\u00adchistes du sud de la Rus\u00adsie, Revue Anar\u00adchiste 1924. \u00ab&nbsp;Le mou\u00adve\u00adment anar\u00adchiste russe&nbsp;\u00bb, J. W., Revue Anar\u00adchiste 1925<\/div><\/li><li><span>2<\/span><div>\u00ab&nbsp;La situa\u00adtion actuelle en Rus\u00adsie\u00bb\u2026 \u00ab&nbsp;Les anar\u00adchistes russes&nbsp;\u00bb Paul Avrich.<\/div><\/li><li><span>3<\/span><div>Le <em>Liber\u00adtaire,<\/em> num\u00e9\u00adro sp\u00e9\u00adcial sur les anar\u00adchistes empri\u00adson\u00adn\u00e9s en Rus\u00adsie, f\u00e9vrier 1931<\/div><\/li><li><span>4<\/span><div>\u00ab&nbsp;L\u2019ar\u00adchi\u00adpel du Gou\u00adlag&nbsp;\u00bb Alexandre Sol\u00adje\u00adnit\u00adsine tome I. Le <em>Liber\u00adtaire<\/em> num\u00e9\u00adro sp\u00e9cial.<\/div><\/li><li><span>5<\/span><div>\u00ab&nbsp;L\u2019ar\u00adchi\u00adpel du gou\u00adlag&nbsp;\u00bb tome&nbsp;III.<\/div><\/li><li><span>6<\/span><div>\u00ab&nbsp;Les anar\u00adchistes russes&nbsp;\u00bb Paul Avrich.<\/div><\/li><li><span>7<\/span><div>\u00ab&nbsp;L\u2019ac\u00adcu\u00ads\u00e9&nbsp;\u00bb A. Weissberg.<\/div><\/li><li><span>8<\/span><div>\u00ab&nbsp;L\u2019ar\u00adchi\u00adpel du Gou\u00adlag&nbsp;\u00bb tome&nbsp;III<\/div><\/li><li><span>9<\/span><div>\u00ab&nbsp;L\u2019ar\u00adchi\u00adpel du gou\u00adlag&nbsp;\u00bb tome&nbsp;I<\/div><\/li><li><span>10<\/span><div>\u00ab&nbsp;L\u2019in\u00adcre\u00advable anar\u00adchisme&nbsp;\u00bb L .M.&nbsp;Vega<\/div><\/li><li><span>11<\/span><div>\u00ab&nbsp;Le Blat\u00adno\u00ef&nbsp;\u00bb M.&nbsp;Diomine<\/div><\/li><li><span>12<\/span><div>\u00ab&nbsp;L\u2019ar\u00adchi\u00adpel du Gou\u00adlag&nbsp;\u00bb tome&nbsp;III<\/div><\/li><li><span>13<\/span><div>\u00ab&nbsp;Mar\u00adgi\u00adna\u00adli\u00adt\u00e9 et d\u00e9bor\u00adde\u00adments quo\u00adti\u00addiens en URSS&nbsp;\u00bb, Matin d\u2019un Blues N\u00b02 (fin 78, d\u00e9but&nbsp;79)<\/div><\/li><li><span>14<\/span><div>\u00ab&nbsp;Les anar\u00adchistes en URSS&nbsp;\u00bb, lettre d\u2019un \u00e9mi\u00adgr\u00e9 au CIRA, <em>Front Liber\u00adtaire<\/em> N\u00b0102, jan\u00advier&nbsp;1979<\/div><\/li><li><span>15<\/span><div>\u00ab&nbsp;Mar\u00adgi\u00adna\u00adli\u00adt\u00e9 et d\u00e9bor\u00adde\u00adments quo\u00adti\u00addiens en URSS\u00bb\u2026 \u00ab&nbsp;Jour\u00adnal d\u2019un condam\u00adn\u00e9 \u00e0 mort&nbsp;\u00bb E. Kouznetsov<\/div><\/li><li><span>16<\/span><div>\u00ab&nbsp;Les tracts sub\u00adver\u00adsifs et la com\u00admu\u00adnau\u00adt\u00e9 de Sko\u00adbov&nbsp;\u00bb, \u00ab&nbsp;Lenin\u00adgrad&nbsp;: la \u00ab&nbsp;grande Mai\u00adson&nbsp;\u00bb entre\u00adprend de d\u00e9truire les com\u00admu\u00adnau\u00adt\u00e9s&nbsp;\u00bb et \u00ab&nbsp;La plate forme de l\u2019op\u00adpo\u00adsi\u00adtion de gauche&nbsp;\u00bb de Vadim Net\u00adchaev, lib\u00e9\u00adra\u00adtion des 4, 5 et 10 avril&nbsp;1979.<\/div><\/li><li><span>17<\/span><div>\u00ab&nbsp;The lef\u00adtist oppo\u00adsi\u00adtion&nbsp;\u00bb de Vadim Net\u00adchaev, Labour Focus on Eas\u00adtern Europe, 1979, n\u00b03. Les deux articles de Net\u00adchaev sont assez sem\u00adblables sur le d\u00e9rou\u00adle\u00adment des \u00e9v\u00e9\u00adne\u00adments mais ils se com\u00adpl\u00e8tent au niveau des infor\u00adma\u00adtions sur le pro\u00adgramme du mouvement.<\/div><\/li><li><span>18<\/span><div>\u00ab&nbsp;Les tracts subversifs\u2026\u00bb<\/div><\/li><li><span>19<\/span><div>\u00ab&nbsp;La pla\u00adte\u00adforme de l\u2019op\u00adpo\u00adsi\u00adtion de gauche\u00bb\u2026<\/div><\/li><li><span>20<\/span><div>Labour Focus on eas\u00adtern Europe, 1979 n\u00b05<\/div><\/li><li><span>21<\/span><div>\u00ab&nbsp;L\u2019URSS en 1976 vue par Pliouchtch&nbsp;\u00bb, le <em>Monde Liber\u00adtaire<\/em> juillet-ao\u00fbt 76<\/div><\/li><li><span>22<\/span><div>\u00ab&nbsp;pas\u00ads\u00e9 et ave\u00adnir du socia\u00adlisme&nbsp;\u00bb I. Cha\u00adfa\u00adre\u00advitch et \u00ab&nbsp;Les sys\u00adt\u00e8mes sociaux-\u00e9co\u00adno\u00admiques actuels&nbsp;\u00bb M.&nbsp;Agours\u00adky, \u00ab&nbsp;des voix sous les d\u00e9combres&nbsp;\u00bb, collectif<\/div><\/li><li><span>23<\/span><div>\u00ab&nbsp;Sur le cen\u00adte\u00adnaire de la publi\u00adca\u00adtion d\u2019\u00e9\u00adtudes sur la p\u00e9riode gla\u00adci\u00e8re, de Pierre Kro\u00adpot\u00adkine&nbsp;\u00bb M.&nbsp;Zem\u00adliak, <em>anar\u00adchives<\/em> n\u00b01 d\u00e9c.&nbsp;79<\/div><\/li><li><span>24<\/span><div>\u00ab&nbsp;Les tracts subversifs\u2026\u00bb<\/div><\/li><\/ul>","protected":false},"excerpt":{"rendered":"<p>\u00c0 bas le mar\u00adxisme, \u00e0 bas la r\u00e9pu\u00adblique des soviets \u00c0 bas la cel\u00adlule des bol\u00adche\u00adviks Nous croyons fer\u00adme\u00adment \u00e0 la vio\u00adlence \u00c0 la soli\u00adda\u00adri\u00adt\u00e9 de nos chan\u00adsons et de nos ba\u00efon\u00adnettes \u00ab&nbsp;\u00c0 bas, \u00e0 bas&nbsp;\u00bb mur\u00admurent les forets et les steppes \u00ab&nbsp;\u00c0 bas, \u00e0 bas&nbsp;\u00bb grondent les vagues de la&nbsp;mer Nous bri\u00adse\u00adrons les cha\u00eenes&nbsp;[\u2026]<\/p>\n","protected":false},"author":135,"featured_media":5945,"comment_status":"closed","ping_status":"closed","sticky":false,"template":"wp-custom-template-page-d-article","format":"standard","meta":{"wp_typography_post_enhancements_disabled":false,"footnotes":""},"categories":[80],"tags":[649,608],"ppma_author":[799],"class_list":["post-636","post","type-post","status-publish","format-standard","has-post-thumbnail","hentry","category-iztok-na1-printemps-1980","tag-histoire-du-mouvement-anarchiste","tag-urss"],"authors":[{"term_id":799,"user_id":135,"is_guest":0,"slug":"wiebieralski","display_name":"Wiebieralski","avatar_url":"https:\/\/secure.gravatar.com\/avatar\/2cf7b022413a4d5677a65b5cb02b13fc8f4beca9c5ed0967a1f90cc6cbeb3df5?s=96&d=mm&r=g","author_category":"","user_url":"","last_name":"Wiebieralski","first_name":"Wiebieralski","job_title":"","description":""}],"_links":{"self":[{"href":"https:\/\/la-presse-anarchiste.net\/index.php\/wp-json\/wp\/v2\/posts\/636","targetHints":{"allow":["GET"]}}],"collection":[{"href":"https:\/\/la-presse-anarchiste.net\/index.php\/wp-json\/wp\/v2\/posts"}],"about":[{"href":"https:\/\/la-presse-anarchiste.net\/index.php\/wp-json\/wp\/v2\/types\/post"}],"author":[{"embeddable":true,"href":"https:\/\/la-presse-anarchiste.net\/index.php\/wp-json\/wp\/v2\/users\/135"}],"replies":[{"embeddable":true,"href":"https:\/\/la-presse-anarchiste.net\/index.php\/wp-json\/wp\/v2\/comments?post=636"}],"version-history":[{"count":5,"href":"https:\/\/la-presse-anarchiste.net\/index.php\/wp-json\/wp\/v2\/posts\/636\/revisions"}],"predecessor-version":[{"id":6376,"href":"https:\/\/la-presse-anarchiste.net\/index.php\/wp-json\/wp\/v2\/posts\/636\/revisions\/6376"}],"wp:featuredmedia":[{"embeddable":true,"href":"https:\/\/la-presse-anarchiste.net\/index.php\/wp-json\/wp\/v2\/media\/5945"}],"wp:attachment":[{"href":"https:\/\/la-presse-anarchiste.net\/index.php\/wp-json\/wp\/v2\/media?parent=636"}],"wp:term":[{"taxonomy":"category","embeddable":true,"href":"https:\/\/la-presse-anarchiste.net\/index.php\/wp-json\/wp\/v2\/categories?post=636"},{"taxonomy":"post_tag","embeddable":true,"href":"https:\/\/la-presse-anarchiste.net\/index.php\/wp-json\/wp\/v2\/tags?post=636"},{"taxonomy":"author","embeddable":true,"href":"https:\/\/la-presse-anarchiste.net\/index.php\/wp-json\/wp\/v2\/ppma_author?post=636"}],"curies":[{"name":"wp","href":"https:\/\/api.w.org\/{rel}","templated":true}]}}