{"id":641,"date":"1980-04-01T01:10:10","date_gmt":"1980-04-01T01:10:10","guid":{"rendered":"https:\/\/la-presse-anarchiste.net\/index.php\/2007\/08\/15\/nouvelles-du-front-russe\/"},"modified":"2024-04-17T10:37:27","modified_gmt":"2024-04-17T10:37:27","slug":"nouvelles-du-front-russe","status":"publish","type":"post","link":"https:\/\/la-presse-anarchiste.net\/index.php\/1980\/04\/01\/nouvelles-du-front-russe\/","title":{"rendered":"Nouvelles du \u00ab&nbsp;front&nbsp;russe&nbsp;\u00bb"},"content":{"rendered":"<div class=\"pdfprnt-buttons pdfprnt-buttons-post pdfprnt-top-right\"><a href=\"https:\/\/la-presse-anarchiste.net\/index.php\/wp-json\/wp\/v2\/posts\/641?print=pdf\" class=\"pdfprnt-button pdfprnt-button-pdf\" target=\"_blank\"><img decoding=\"async\" src=\"https:\/\/la-presse-anarchiste.net\/wp-content\/plugins\/pdf-print\/images\/pdf.png\" alt=\"image_pdf\" title=\"Afficher le PDF\"><\/a><a href=\"https:\/\/la-presse-anarchiste.net\/index.php\/wp-json\/wp\/v2\/posts\/641?print=print\" class=\"pdfprnt-button pdfprnt-button-print\" target=\"_blank\"><img decoding=\"async\" src=\"https:\/\/la-presse-anarchiste.net\/wp-content\/plugins\/pdf-print\/images\/print.png\" alt=\"image_print\" title=\"Contenu imprim\u00e9\"><\/a><\/div><p style=\"margin-bottom: 0cm; text-align: justify;\" align=\"justify\">Les phares de l\u2019ac\u00adtua\u00adli\u00adt\u00e9 res\u00adtant bra\u00adqu\u00e9s sur l\u2019Af\u00adgha\u00adnis\u00adtan et Sakha\u00adrov on oublie\u00adrait presque tous les r\u00e9sis\u00adtants sur les\u00adquels la r\u00e9pres\u00adsion s\u2019a\u00adbat quo\u00adti\u00addien\u00adne\u00adment. Celle-ci nous semble avoir atteint des som\u00admets au mois d\u2019oc\u00adtobre dernier&nbsp;:<\/p>\n<p style=\"margin-bottom: 0cm; text-align: justify;\" align=\"justify\">4\/\u200b10\/\u200b79 Gor\u00adki&nbsp;: Le psy\u00adchiatre Alexandre Volo\u00adcho\u00adno\u00advitch, asso\u00adci\u00e9 \u00e0 la \u00ab&nbsp;Com\u00admis\u00adsion d\u2019en\u00adqu\u00eate sur l\u2019emploi de la psy\u00adchia\u00adtrie \u00e0 des fins poli\u00adtiques&nbsp;\u00bb, et qui se ren\u00addait \u00e0 Gor\u00adki pour exa\u00admi\u00adner quelques per\u00adsonnes mena\u00adc\u00e9es de r\u00e9clu\u00adsion en asile, est arr\u00ea\u00adt\u00e9 en pleine gare sous pr\u00e9\u00adtexte de tra\u00adfic de devises. Une per\u00adqui\u00adsi\u00adtion ne rap\u00adpor\u00adte\u00adra que trois livres en langue anglaise, dont 2 sur la psy\u00adchia\u00adtrie, et 13 pages d\u2019a\u00adna\u00adlyses m\u00e9dicales.<\/p>\n<p style=\"margin-bottom: 0cm; text-align: justify;\" align=\"justify\">12\/\u200b10\/\u200b79 Kiev&nbsp;: Douze Juifs sont arr\u00ea\u00adt\u00e9s et gar\u00add\u00e9s \u00e0 vue 15 jours. Tous avaient refu\u00ads\u00e9 de sor\u00adtir du b\u00e2ti\u00adment du comi\u00adt\u00e9 Cen\u00adtral du PC d\u2019U\u00adkraine \u00e0 la fin de la jour\u00adn\u00e9e tant qu\u2019on ne leur four\u00adni\u00adrait pas d\u2019ex\u00adpli\u00adca\u00adtions sur l\u2019op\u00adpo\u00adsi\u00adtion \u00e0 leur immi\u00adgra\u00adtion en Isra\u00ebl.<\/p>\n<p style=\"margin-bottom: 0cm; text-align: justify;\" align=\"justify\">15\/\u200b10\/\u200b79 Kiev&nbsp;: Pour la troi\u00adsi\u00e8me fois Marc Bie\u00adlo\u00adrou\u00adsiets, d\u00e9fen\u00adseur des droits de l\u2019homme, s\u2019est fait ros\u00adser dans l\u2019en\u00adtr\u00e9e de son immeuble par des \u00ab&nbsp;incon\u00adnus&nbsp;\u00bb qui ont l\u2019air d\u2019\u00eatre tou\u00adjours les&nbsp;m\u00eames\u2026<\/p>\n<p style=\"margin-bottom: 0cm; text-align: justify;\" align=\"justify\">16\/\u200b10\/\u200b79 Mos\u00adcou&nbsp;: Ana\u00adtole Poz\u00adnia\u00adkov, membre du \u00ab&nbsp;Syn\u00addi\u00adcat libre des tra\u00advailleurs&nbsp;\u00bb, arr\u00ea\u00adt\u00e9 d\u2019a\u00adbord pour d\u00e9lin\u00adquance (il s\u2019in\u00addi\u00adgnait contre les licen\u00adcie\u00adment ill\u00e9\u00adgaux) est recon\u00adnu \u00ab&nbsp;irres\u00adpon\u00adsable&nbsp;\u00bb et diri\u00adg\u00e9 sur un \u00ab&nbsp;h\u00f4pi\u00adtal sp\u00e9cial&nbsp;\u00bb.<\/p>\n<p style=\"margin-bottom: 0cm; text-align: justify;\" align=\"justify\">22\u200a\u2013\u200a23\/\u200b10\/\u200b79 Lenin\u00adgrad&nbsp;: Pro\u00adc\u00e8s de Nico\u00adla\u00ef Niki\u00adtine, membre du syn\u00addi\u00adcat libre, sous l\u2019ac\u00adcu\u00adsa\u00adtion de \u00ab&nbsp;dif\u00adfu\u00adsion de docu\u00adments dif\u00adfa\u00adma\u00adtoires&nbsp;\u00bb. Les pi\u00e8ces \u00e0 convic\u00adtion ne furent ni pr\u00e9\u00adsen\u00adt\u00e9es ni ana\u00adly\u00ads\u00e9es. Niki\u00adtine refuse de s\u2019a\u00advouer cou\u00adpable. Les t\u00e9moins ne sou\u00adtinrent pas l\u2019ac\u00adcu\u00adsa\u00adtion. Ver\u00addict&nbsp;: un an et demi de camp&nbsp;! Avant le pro\u00adc\u00e8s Niki\u00adtine avait enta\u00adm\u00e9 une gr\u00e8ve de la faim. En effet, il par\u00adta\u00adgeait sa cel\u00adlule avec des tuber\u00adcu\u00adleux tr\u00e8s atteints et un syphi\u00adli\u00adtique. Il exige un exa\u00admen m\u00e9di\u00adcal pour s\u2019as\u00adsu\u00adrer de n\u2019\u00eatre pas contamin\u00e9.<\/p>\n<p style=\"margin-bottom: 0cm; text-align: justify;\" align=\"justify\">23\u200a\u2013\u200a24\/\u200b10\/\u200b79 Kiev&nbsp;: arres\u00adta\u00adtion le soir en pleine rue de Nico\u00adlas Andr\u00e9\u00adli\u00e9\u00advitch Gor\u00adbal sous l\u2019ac\u00adcu\u00adsa\u00adtion cette fois de ten\u00adta\u00adtive de viol. Ancien pro\u00adfes\u00adseur de musique dans la r\u00e9gion de Ter\u00adno\u00adpol, Gor\u00adbal fut condam\u00adn\u00e9 en 1970 \u00e0 7 ans de camp et d\u00e9por\u00adta\u00adtion pour son po\u00e8me \u00ab&nbsp;pen\u00ads\u00e9e&nbsp;\u00bb qu\u2019il avait copi\u00e9 en 2 exem\u00adplaires et don\u00adn\u00e9 \u00e0 lire \u00e0 des amis\u2026 Depuis sa lib\u00e9\u00adra\u00adtion il tra\u00advaillait comme lif\u00adtier \u00e0 Kiev. Au cours d\u2019une per\u00adqui\u00adsi\u00adtion en mars 79 on trou\u00adva chez lui de nom\u00adbreux docu\u00adments sur la vie en Ukraine. On se demande sur quoi por\u00adte\u00adra l\u2019ac\u00adcu\u00adsa\u00adtion au proc\u00e8s\u2026<\/p>\n<p style=\"margin-bottom: 0cm; text-align: justify;\" align=\"justify\">\u2014 Quelques d\u00e9tails encore sur le pro\u00adc\u00e8s de Vic\u00adtor Mon\u00adbla\u00adnov, accu\u00ads\u00e9 de d\u00e9lin\u00adquance et d\u2019op\u00adpo\u00adsi\u00adtion aux auto\u00adri\u00adt\u00e9s. Il n\u2019y a eu que 2 t\u00e9moins&nbsp;: le type qui arrache \u00e0 Mon\u00adbla\u00adnov la pan\u00adcarte \u00ab&nbsp;Liber\u00adt\u00e9 aux pri\u00adson\u00adniers d\u2019o\u00adpi\u00adnion&nbsp;\u00bb (selon ses affir\u00adma\u00adtions) et le flic qui l\u2019ar\u00adr\u00eate. Ce der\u00adnier affirme que Mon\u00adbla\u00adnov qui \u00ab&nbsp;oppose une r\u00e9sis\u00adtance&nbsp;\u00bb. \u00c0 la ques\u00adtion des juges en quoi celle-ci consiste, le mili\u00adcien, taci\u00adturne, r\u00e9pon\u00addit&nbsp;: \u00ab&nbsp;il tres\u00adsaillit de tout son corps&nbsp;\u00bb!!! Tout ceci serait une bonne farce si le ver\u00addict \u00e9tait moins triste&nbsp;: 4 ans de camp \u00e0 \u00ab&nbsp;r\u00e9gime normal&nbsp;\u00bb.<\/p>\n<p style=\"margin-bottom: 0cm; text-align: justify;\" align=\"justify\">\u2014 Ver\u00addict au pro\u00adc\u00e8s d\u2019I\u00adrine Lopo\u00adtou\u00adkhine&nbsp;: 3 mois de \u00ab&nbsp;redres\u00adse\u00adment par le tra\u00advail&nbsp;\u00bb sur le lieu de tra\u00advail habi\u00adtuel (c\u2019est \u00e0 dire 20% de rete\u00adnue du salaire men\u00adsuel), uni\u00adque\u00adment pour avoir refu\u00ads\u00e9 de t\u00e9moi\u00adgner contre son mari (Arka\u00addi Tsour\u00adkov, l\u2019un des prin\u00adci\u00adpaux accu\u00ads\u00e9s du pro\u00adc\u00e8s contre \u00ab&nbsp;l\u2019op\u00adpo\u00adsi\u00adtion de gauche&nbsp;\u00bb en prin\u00adtemps der\u00adnier) alors qu\u2019ils n\u2019\u00e9\u00adtaient que fianc\u00e9s&nbsp;!<\/p>\n<p style=\"margin-bottom: 0cm; text-align: justify;\" align=\"justify\">Et la liste des bri\u00admades et des dis\u00adpa\u00adri\u00adtions s\u2019al\u00adlonge encore de tous ceux dont nous ne savons rien, de tous ceux qui ont \u00e9t\u00e9 condam\u00adn\u00e9s depuis 4&nbsp;mois\u2026<\/p>\n<p style=\"margin-bottom: 0cm; text-align: justify;\" align=\"justify\">P.S On apprend l\u2019ar\u00adres\u00adta\u00adtion fin f\u00e9vrier, de Viat\u00adche\u00adslav Bakh\u00admine, encore un membre de la \u00ab&nbsp;Com\u00admis\u00adsion d\u2019en\u00adqu\u00eate sur l\u2019emploi de la psy\u00adchia\u00adtrie \u00e0 des fins poli\u00adtiques&nbsp;\u00bb, et des per\u00adqui\u00adsi\u00adtions chez d\u2019autres membres de cette com\u00admis\u00adsion, Leo\u00adnid Tcher\u00adnovs\u00adki et Felix Sere\u00adbrov. Ce der\u00adnier aurait \u00e9t\u00e9 gar\u00add\u00e9 \u00e0 vue\u2026 15&nbsp;jours&nbsp;!<\/p>\n<p style=\"margin-bottom: 0cm; text-align: right;\" align=\"justify\">Dierz\u00adky<\/p>\n<p style=\"margin-bottom: 0cm; text-align: justify;\" align=\"justify\">Amnes\u00adty Inter\u00adna\u00adtio\u00adnal indique que du 1 octobre au 28 jan\u00advier, 34 per\u00adsonnes ont \u00e9t\u00e9 arr\u00ea\u00adt\u00e9es en URSS pour d\u00e9lit d\u2019o\u00adpi\u00adnion, 18 per\u00adsonnes ont \u00e9t\u00e9 condam\u00adn\u00e9es \u00e0 81 ans de d\u00e9ten\u00adtion (de 1 \u00e0 12 ans) et trois ont \u00e9t\u00e9 condam\u00adn\u00e9es \u00e0 l\u2019in\u00adter\u00adne\u00adment psy\u00adchia\u00adtrique. Et ce n\u2019est que la par\u00adtie visible de l\u2019iceberg.<\/p>\n<p style=\"margin-bottom: 0cm; text-align: justify;\" align=\"justify\">\n<\/p>","protected":false},"excerpt":{"rendered":"<p>Les phares de l\u2019ac\u00adtua\u00adli\u00adt\u00e9 res\u00adtant bra\u00adqu\u00e9s sur l\u2019Af\u00adgha\u00adnis\u00adtan et Sakha\u00adrov on oublie\u00adrait presque tous les r\u00e9sis\u00adtants sur les\u00adquels la r\u00e9pres\u00adsion s\u2019a\u00adbat quo\u00adti\u00addien\u00adne\u00adment. Celle-ci nous semble avoir atteint des som\u00admets au mois d\u2019oc\u00adtobre der\u00adnier&nbsp;: 4\/\u200b\u200b10\/\u200b\u200b79 Gor\u00adki&nbsp;: Le psy\u00adchiatre Alexandre Volo\u00adcho\u00adno\u00advitch, asso\u00adci\u00e9 \u00e0 la \u00ab&nbsp;Com\u00admis\u00adsion d\u2019en\u00adqu\u00eate sur l\u2019emploi de la psy\u00adchia\u00adtrie \u00e0 des fins poli\u00adtiques&nbsp;\u00bb, et&nbsp;qui&nbsp;[\u2026]<\/p>\n","protected":false},"author":165,"featured_media":5945,"comment_status":"closed","ping_status":"closed","sticky":false,"template":"wp-custom-template-page-d-article","format":"standard","meta":{"wp_typography_post_enhancements_disabled":false,"footnotes":""},"categories":[80],"tags":[556,608],"ppma_author":[829],"class_list":["post-641","post","type-post","status-publish","format-standard","has-post-thumbnail","hentry","category-iztok-na1-printemps-1980","tag-repression","tag-urss"],"authors":[{"term_id":829,"user_id":165,"is_guest":0,"slug":"dierzky","display_name":"Dierzky","avatar_url":"https:\/\/secure.gravatar.com\/avatar\/63a04ee5fb6d1fd1c726f74ac0295a9a4f3901719917c1b38679522210e8df3e?s=96&d=mm&r=g","author_category":"","user_url":"","last_name":"Dierzky","first_name":"","job_title":"","description":""}],"_links":{"self":[{"href":"https:\/\/la-presse-anarchiste.net\/index.php\/wp-json\/wp\/v2\/posts\/641","targetHints":{"allow":["GET"]}}],"collection":[{"href":"https:\/\/la-presse-anarchiste.net\/index.php\/wp-json\/wp\/v2\/posts"}],"about":[{"href":"https:\/\/la-presse-anarchiste.net\/index.php\/wp-json\/wp\/v2\/types\/post"}],"author":[{"embeddable":true,"href":"https:\/\/la-presse-anarchiste.net\/index.php\/wp-json\/wp\/v2\/users\/165"}],"replies":[{"embeddable":true,"href":"https:\/\/la-presse-anarchiste.net\/index.php\/wp-json\/wp\/v2\/comments?post=641"}],"version-history":[{"count":4,"href":"https:\/\/la-presse-anarchiste.net\/index.php\/wp-json\/wp\/v2\/posts\/641\/revisions"}],"predecessor-version":[{"id":6806,"href":"https:\/\/la-presse-anarchiste.net\/index.php\/wp-json\/wp\/v2\/posts\/641\/revisions\/6806"}],"wp:featuredmedia":[{"embeddable":true,"href":"https:\/\/la-presse-anarchiste.net\/index.php\/wp-json\/wp\/v2\/media\/5945"}],"wp:attachment":[{"href":"https:\/\/la-presse-anarchiste.net\/index.php\/wp-json\/wp\/v2\/media?parent=641"}],"wp:term":[{"taxonomy":"category","embeddable":true,"href":"https:\/\/la-presse-anarchiste.net\/index.php\/wp-json\/wp\/v2\/categories?post=641"},{"taxonomy":"post_tag","embeddable":true,"href":"https:\/\/la-presse-anarchiste.net\/index.php\/wp-json\/wp\/v2\/tags?post=641"},{"taxonomy":"author","embeddable":true,"href":"https:\/\/la-presse-anarchiste.net\/index.php\/wp-json\/wp\/v2\/ppma_author?post=641"}],"curies":[{"name":"wp","href":"https:\/\/api.w.org\/{rel}","templated":true}]}}