{"id":656,"date":"1967-01-01T00:05:01","date_gmt":"1967-01-01T00:05:01","guid":{"rendered":"https:\/\/la-presse-anarchiste.net\/index.php\/2007\/08\/16\/le-refus-de-limpot-militaire\/"},"modified":"2024-04-23T12:06:26","modified_gmt":"2024-04-23T12:06:26","slug":"le-refus-de-limpot-militaire","status":"publish","type":"post","link":"https:\/\/la-presse-anarchiste.net\/index.php\/1967\/01\/01\/le-refus-de-limpot-militaire\/","title":{"rendered":"Le refus de l\u2019imp\u00f4t militaire"},"content":{"rendered":"<div class=\"pdfprnt-buttons pdfprnt-buttons-post pdfprnt-top-right\"><a href=\"https:\/\/la-presse-anarchiste.net\/index.php\/wp-json\/wp\/v2\/posts\/656?print=pdf\" class=\"pdfprnt-button pdfprnt-button-pdf\" target=\"_blank\"><img decoding=\"async\" src=\"https:\/\/la-presse-anarchiste.net\/wp-content\/plugins\/pdf-print\/images\/pdf.png\" alt=\"image_pdf\" title=\"Afficher le PDF\"><\/a><a href=\"https:\/\/la-presse-anarchiste.net\/index.php\/wp-json\/wp\/v2\/posts\/656?print=print\" class=\"pdfprnt-button pdfprnt-button-print\" target=\"_blank\"><img decoding=\"async\" src=\"https:\/\/la-presse-anarchiste.net\/wp-content\/plugins\/pdf-print\/images\/print.png\" alt=\"image_print\" title=\"Contenu imprim\u00e9\"><\/a><\/div><p style=\"margin-right: 3.82cm; text-indent: 1cm; margin-bottom: 0cm; text-align: justify;\" align=\"justify\">Le 14 novembre 1966<\/p>\n<p style=\"margin-right: 3.82cm; text-indent: 1cm; margin-bottom: 0cm; text-align: justify;\" align=\"justify\">Mon\u00adsieur le Percepteur,<\/p>\n<p style=\"margin-bottom: 0cm; text-align: justify;\" align=\"justify\">Je me per\u00admets de virer ce jour \u00e0 votre CCP la troi\u00adsi\u00e8me tranche de mes imp\u00f4ts dimi\u00adnu\u00e9e des 20,6&nbsp;% qui cor\u00adres\u00adpondent au pour\u00adcen\u00adtage offi\u00adciel du bud\u00adget mili\u00adtaire dans l\u2019ensemble du pro\u00adchain bud\u00adget natio\u00adnal. Je verse la somme ain\u00adsi d\u00e9fal\u00adqu\u00e9e, soit 406,85 F, \u00e0 l\u2019association Aide \u00e0 toute d\u00e9tresse, 77, rue Jules-Fer\u00adry, 93-Noi\u00adsy-le-Grand. J\u2019accepte d\u2019avance les sanc\u00adtions l\u00e9gales aux\u00adquelles ce geste m\u2019expose.<\/p>\n<p style=\"margin-bottom: 0cm; text-align: justify;\" align=\"justify\">En juin der\u00adnier, j\u2019ai \u00e9crit \u00e0 M.&nbsp;le pr\u00e9\u00adsident de la R\u00e9pu\u00adblique que je ne pou\u00advais m\u2019associer, en conscience, aux essais nucl\u00e9aires pr\u00e9\u00advus en Poly\u00adn\u00e9\u00adsie, pour les mois sui\u00advants. Cela, en rai\u00adson des effets inac\u00adcep\u00adtables de toute explo\u00adsion ato\u00admique sur toute esp\u00e8ce vivante (v\u00e9g\u00e9\u00adtale, ani\u00admale, humaine), et par la convic\u00adtion que tout accrois\u00adse\u00adment du poten\u00adtiel nucl\u00e9aire mon\u00addial est un pas vers un conflit g\u00e9n\u00e9\u00adra\u00adli\u00ads\u00e9. Je ne peux m\u2019associer davan\u00adtage aux essais annon\u00adc\u00e9s pour&nbsp;1967.<\/p>\n<p style=\"margin-bottom: 0cm; text-align: justify;\" align=\"justify\">Mais la force de frappe n\u2019est qu\u2019une arme par\u00admi d\u2019autres. Elle est l\u2019aboutissement logique d\u2019une orga\u00adni\u00adsa\u00adtion de la nation et des rap\u00adports entre groupes humains, dans laquelle la guerre est nor\u00adma\u00adle\u00adment admise et pr\u00e9\u00advue. C\u2019est donc sur l\u2019ensemble du bud\u00adget mili\u00adtaire que cette contes\u00adta\u00adtion doit porter.<\/p>\n<p style=\"margin-bottom: 0cm; text-align: justify;\" align=\"justify\">En refu\u00adsant de ver\u00adser de mon plein gr\u00e9 ces 20,6&nbsp;% de mes imp\u00f4ts, je vou\u00addrais signi\u00adfier, autre\u00adment qu\u2019en paroles, que si je par\u00adti\u00adcipe \u00e0 l\u2019orientation de la vie natio\u00adnale vers la guerre, c\u2019est \u00e0 mon corps d\u00e9fen\u00addant. En ver\u00adsant une somme \u00e9gale \u00e0 un orga\u00adnisme bas\u00e9 sur le res\u00adpect et le sou\u00adtien des plus d\u00e9fa\u00advo\u00adri\u00ads\u00e9s, je marque, par un acte per\u00adson\u00adnel, que je vou\u00addrais voir employer \u00e0 la soli\u00adda\u00adri\u00adt\u00e9 sous toutes ses formes et \u00e0 la lutte contre l\u2019injustice du sort et des hommes le tr\u00e9\u00adsor d\u2019\u00e9nergies, de res\u00adsources mat\u00e9\u00adrielles et morales que mon pays d\u00e9pense pour la guerre. Je sais qu\u2019il faut aus\u00adsi de longs et durs efforts, des sacri\u00adfices mat\u00e9\u00adriels, toute une orien\u00adta\u00adtion nou\u00advelle de la vie col\u00adlec\u00adtive pour pr\u00e9\u00adpa\u00adrer et main\u00adte\u00adnir une paix r\u00e9elle. Ceux qui, d\u00e8s \u00e0 pr\u00e9\u00adsent, croient ces chan\u00adge\u00adments n\u00e9ces\u00adsaires doivent payer de leur per\u00adsonne, les pre\u00admiers. Telle est la rai\u00adson de mon double geste.<\/p>\n<p style=\"margin-bottom: 0cm; text-align: justify;\" align=\"justify\">Il n\u2019a pas le sens d\u2019une gr\u00e8ve, qui serait sans por\u00adt\u00e9e \u00e0 cette minus\u00adcule \u00e9chelle. Il n\u2019a pas la valeur d\u2019un reproche tac\u00adtique aux auto\u00adri\u00adt\u00e9s res\u00adpon\u00adsables, car elles sont logiques dans la pers\u00adpec\u00adtive de force qui est la leur. Il n\u2019a pas un but mat\u00e9\u00adriel imm\u00e9\u00addiat, car dans ce cas, la fraude fis\u00adcale serait plus effi\u00adcace et plus facile. En d\u00e9cla\u00adrant ouver\u00adte\u00adment que je ne peux contri\u00adbuer de mon plein gr\u00e9 au pro\u00adchain bud\u00adget mili\u00adtaire, je choi\u00adsis de me pla\u00adcer sur le ter\u00adrain de l\u2019objection de conscience \u00e0 la pr\u00e9\u00adpa\u00adra\u00adtion de la guerre.<\/p>\n<p style=\"margin-bottom: 0cm; text-align: justify;\" align=\"justify\">Je ne le fais ni par un mou\u00adve\u00adment d\u2019humeur ni dans un \u00e9lan sen\u00adti\u00admen\u00adtal, mais, autant que pos\u00adsible, dans la logique de mes efforts quo\u00adti\u00addiens. Comme citoyenne, sou\u00adcieuse de mes res\u00adpon\u00adsa\u00adbi\u00adli\u00adt\u00e9s civiques, comme femme, atta\u00adch\u00e9e \u00e0 la sau\u00adve\u00adgarde de la vie <i>(membre de phrase sup\u00adpri\u00adm\u00e9, par scru\u00adpule, dans la lettre au pr\u00e9\u00adsident de la R\u00e9pu\u00adblique, con\u00e7ue, pour l\u2019essentiel, en termes iden\u00adtiques, car les hommes ont aus\u00adsi, cer\u00adtai\u00adne\u00adment, leurs rai\u00adsons d\u2019hommes pour \u00ab&nbsp;objec\u00adter&nbsp;\u00bb), <\/i>comme cher\u00adcheuse sp\u00e9\u00adcia\u00adli\u00ads\u00e9e dans les sciences humaines, comme grande inva\u00adlide, comme enga\u00adg\u00e9e depuis trois ans dans un tra\u00advail de soli\u00adda\u00adri\u00adt\u00e9 avec les habi\u00adtants du camp-bidon\u00adville tou\u00adlou\u00adsain de Gines\u00adtous, comme approu\u00advant et sou\u00adte\u00adnant, depuis plus de cinq ans, l\u2019objection de conscience au ser\u00advice mili\u00adtaire, je crois devoir poser, aujourd\u2019hui, ce refus assor\u00adti d\u2019un geste positif.<\/p>\n<p style=\"margin-bottom: 0cm; text-align: justify;\" align=\"justify\">Il doit \u00eatre com\u00adpris comme un appel \u00e0 la r\u00e9flexion et \u00e0 la conscience de qui en sera infor\u00adm\u00e9, et comme une indi\u00adca\u00adtion, fra\u00adgile mais concr\u00e8te, du chan\u00adge\u00adment d\u2019attitude col\u00adlec\u00adtive auquel il vou\u00addrait contribuer.<\/p>\n<p style=\"margin-bottom: 0cm; text-align: justify;\" align=\"justify\">Je m\u2019excuse d\u2019avance, Mon\u00adsieur le Per\u00adcep\u00adteur, pour le sur\u00adcro\u00eet de tra\u00advail qu\u2019il vous cau\u00adse\u00adra, et vous prie d\u2019agr\u00e9er mes salu\u00adta\u00adtions bien sinc\u00e8res.<\/p>\n<p style=\"margin-bottom: 0cm; text-align: right;\" align=\"justify\">Marie Laf\u00adfranque<br>\n(Tou\u00adlouse)<\/p>\n<hr>\n<p style=\"margin-bottom: 0cm; text-align: justify;\" align=\"justify\">Ce refus de l\u2019imp\u00f4t mili\u00adtaire s\u2019est mani\u00adfes\u00adt\u00e9 dans plu\u00adsieurs pays et notam\u00adment aux \u00c9tats-Unis, en Angle\u00adterre, en Bel\u00adgique, en Hol\u00adlande et en Suisse.<\/p>\n<p style=\"margin-bottom: 0cm; text-align: justify;\" align=\"justify\">En France, trois per\u00adsonnes ont, \u00e0 notre connais\u00adsance, refu\u00ads\u00e9 cet imp\u00f4t. Il s\u2019agit d\u2019Henri Bou\u00adteiller, Paris, du doc\u00adteur Caux, La Celle-Saint-Cloud (Yve\u00adlines), et de M<sup>me<\/sup>&nbsp;Dupuis, Cluses (Haute-Savoie).<\/p>\n","protected":false},"excerpt":{"rendered":"<p>Le 14 novembre 1966 Mon\u00adsieur le Per\u00adcep\u00adteur, Je me per\u00admets de virer ce jour \u00e0 votre CCP la troi\u00adsi\u00e8me tranche de mes imp\u00f4ts dimi\u00adnu\u00e9e des 20,6&nbsp;% qui cor\u00adres\u00adpondent au pour\u00adcen\u00adtage offi\u00adciel du bud\u00adget mili\u00adtaire dans l\u2019ensemble du pro\u00adchain bud\u00adget natio\u00adnal. Je verse la somme ain\u00adsi d\u00e9fal\u00adqu\u00e9e, soit 406,85 F, \u00e0 l\u2019association Aide \u00e0 toute d\u00e9tresse,&nbsp;[\u2026]<\/p>\n","protected":false},"author":86,"featured_media":5242,"comment_status":"closed","ping_status":"closed","sticky":false,"template":"wp-custom-template-page-d-article","format":"standard","meta":{"wp_typography_post_enhancements_disabled":false,"footnotes":""},"categories":[73],"tags":[],"ppma_author":[753],"class_list":["post-656","post","type-post","status-publish","format-standard","has-post-thumbnail","hentry","category-anarchisme-et-non-violence-na7-janvier-1967"],"authors":[{"term_id":753,"user_id":86,"is_guest":0,"slug":"marie-lafranque","display_name":"Marie Lafranque","avatar_url":"https:\/\/secure.gravatar.com\/avatar\/018554b9cd65321a88ba74024e6218fb84c09b7a05de725d981b01875c4e4a94?s=96&d=mm&r=g","author_category":"","user_url":"","last_name":"Laffranque","first_name":"Marie","job_title":"","description":""}],"_links":{"self":[{"href":"https:\/\/la-presse-anarchiste.net\/index.php\/wp-json\/wp\/v2\/posts\/656","targetHints":{"allow":["GET"]}}],"collection":[{"href":"https:\/\/la-presse-anarchiste.net\/index.php\/wp-json\/wp\/v2\/posts"}],"about":[{"href":"https:\/\/la-presse-anarchiste.net\/index.php\/wp-json\/wp\/v2\/types\/post"}],"author":[{"embeddable":true,"href":"https:\/\/la-presse-anarchiste.net\/index.php\/wp-json\/wp\/v2\/users\/86"}],"replies":[{"embeddable":true,"href":"https:\/\/la-presse-anarchiste.net\/index.php\/wp-json\/wp\/v2\/comments?post=656"}],"version-history":[{"count":5,"href":"https:\/\/la-presse-anarchiste.net\/index.php\/wp-json\/wp\/v2\/posts\/656\/revisions"}],"predecessor-version":[{"id":7087,"href":"https:\/\/la-presse-anarchiste.net\/index.php\/wp-json\/wp\/v2\/posts\/656\/revisions\/7087"}],"wp:featuredmedia":[{"embeddable":true,"href":"https:\/\/la-presse-anarchiste.net\/index.php\/wp-json\/wp\/v2\/media\/5242"}],"wp:attachment":[{"href":"https:\/\/la-presse-anarchiste.net\/index.php\/wp-json\/wp\/v2\/media?parent=656"}],"wp:term":[{"taxonomy":"category","embeddable":true,"href":"https:\/\/la-presse-anarchiste.net\/index.php\/wp-json\/wp\/v2\/categories?post=656"},{"taxonomy":"post_tag","embeddable":true,"href":"https:\/\/la-presse-anarchiste.net\/index.php\/wp-json\/wp\/v2\/tags?post=656"},{"taxonomy":"author","embeddable":true,"href":"https:\/\/la-presse-anarchiste.net\/index.php\/wp-json\/wp\/v2\/ppma_author?post=656"}],"curies":[{"name":"wp","href":"https:\/\/api.w.org\/{rel}","templated":true}]}}