{"id":662,"date":"2007-08-16T19:26:42","date_gmt":"2007-08-16T19:26:42","guid":{"rendered":"https:\/\/la-presse-anarchiste.net\/index.php\/2007\/08\/16\/les-premieres-nations\/"},"modified":"2007-08-16T19:26:42","modified_gmt":"2007-08-16T19:26:42","slug":"les-premieres-nations","status":"publish","type":"post","link":"https:\/\/la-presse-anarchiste.net\/index.php\/2007\/08\/16\/les-premieres-nations\/","title":{"rendered":"Les premi\u00e8res nations"},"content":{"rendered":"<div class=\"pdfprnt-buttons pdfprnt-buttons-post pdfprnt-top-right\"><a href=\"https:\/\/la-presse-anarchiste.net\/index.php\/wp-json\/wp\/v2\/posts\/662?print=pdf\" class=\"pdfprnt-button pdfprnt-button-pdf\" target=\"_blank\"><img decoding=\"async\" src=\"https:\/\/la-presse-anarchiste.net\/wp-content\/plugins\/pdf-print\/images\/pdf.png\" alt=\"image_pdf\" title=\"Afficher le PDF\"><\/a><a href=\"https:\/\/la-presse-anarchiste.net\/index.php\/wp-json\/wp\/v2\/posts\/662?print=print\" class=\"pdfprnt-button pdfprnt-button-print\" target=\"_blank\"><img decoding=\"async\" src=\"https:\/\/la-presse-anarchiste.net\/wp-content\/plugins\/pdf-print\/images\/print.png\" alt=\"image_print\" title=\"Contenu imprim\u00e9\"><\/a><\/div><p style=\"margin-bottom: 0cm;\" align=\"justify\"><font face=\"Times New Roman, serif\"><\/font><\/p>\n<h2>Les \u00c9tats avant les nations<\/h2>\n<p><\/p>\n<p style=\"margin-bottom: 0cm;\" align=\"justify\"><font face=\"Times New Roman, serif\">\tAvant<br>\nque n\u2019ap\u00adpa\u00adraisse l\u2019i\u00add\u00e9e de Nation les&nbsp;\u00c9tats<br>\nres\u00adsem\u00adblaient plus \u00e0 ce qu\u2019ils sont&nbsp;: \u00e0&nbsp;des<br>\ncr\u00e9a\u00adtions poli\u00adtiques ne tenant pas compte de l\u2019exis\u00adtence&nbsp;des<br>\npeuples. Chaque \u00c9tat assu\u00admait plei\u00adne\u00adment sa voca\u00adtion qui&nbsp;est<br>\nde s\u2019\u00e9\u00adtendre \u00e0 l\u2019in\u00adfi\u00adni en annexant le plus&nbsp;de<br>\nter\u00adri\u00adtoires pos\u00adsible, sans se pr\u00e9\u00adoc\u00adcu\u00adper de se jus\u00adti\u00adfier&nbsp;par<br>\nl\u2019exis\u00adtence pr\u00e9a\u00adlable de com\u00admu\u00adnau\u00adt\u00e9s natu\u00adrelles \u00e0<br>\nlib\u00e9\u00adrer ou \u00e0 unir. D\u2019ailleurs les peuples plus<br>\nr\u00e9a\u00adlistes ne pre\u00adnaient gu\u00e8re d\u2019in\u00adt\u00e9\u00adr\u00eat&nbsp;\u00e0<br>\nces jeux de la guerre et des trai\u00adt\u00e9s de paix. Aucune volont\u00e9<br>\ncom\u00admune n\u2019\u00e9\u00adtait invo\u00adqu\u00e9e. Seul entrait en ligne&nbsp;de<br>\ncompte l\u2019ap\u00adp\u00e9\u00adtit d\u2019une ville, dila\u00adt\u00e9e aux dimensions<br>\nd\u2019un empire comme Rome ou Byzance, ou d\u2019une dynas\u00adtie agran\u00addis\u00adsant&nbsp;son<br>\n\u00ab&nbsp;pr\u00e9 car\u00adr\u00e9&nbsp;\u00bb comme les \u00ab&nbsp;rois<br>\nqui firent la France&nbsp;\u00bb.<\/font><\/p>\n<p style=\"margin-bottom: 0cm;\" align=\"justify\"><font face=\"Times New Roman, serif\">\tVille<br>\nou empires tels \u00e9taient les deux p\u00f4les de l\u2019extension<br>\ndes \u00c9tats. Villes de com\u00admer\u00ad\u00e7ants et d\u2019ar\u00adti\u00adsans&nbsp;o\u00f9<br>\npar\u00adfois s\u2019\u00e9\u00adpa\u00adnouis\u00adsaient des liber\u00adt\u00e9s comme dans&nbsp;les<br>\ncit\u00e9s grecques, ita\u00adliennes, fla\u00admandes et puis retom\u00adbaient dans<br>\nla tyran\u00adnie des grandes familles patri\u00adciennes&nbsp;: Carthage,<br>\nVenise, empires cos\u00admo\u00adpo\u00adlites se suc\u00adc\u00e9\u00addant sur des mosa\u00efques<br>\nde peuples cimen\u00adt\u00e9s par la ter\u00adreur ou la reli\u00adgion comme&nbsp;le<br>\nSaint-Empire romain ger\u00adma\u00adnique, les empires perse , arabe, turc,&nbsp;ceux<br>\nde l\u2019Inde et de la Chine et le plus vaste de tous et le&nbsp;plus<br>\n\u00e9ph\u00e9\u00adm\u00e8re&nbsp;: l\u2019empire Mongol.<\/font><\/p>\n<p style=\"margin-bottom: 0cm;\" align=\"justify\"><font face=\"Times New Roman, serif\">\tQuelquefois<br>\nla volon\u00adt\u00e9 de domi\u00adna\u00adtion s\u2019in\u00adcar\u00adnait dans un peuple apparu<br>\nsubi\u00adte\u00adment sur la sc\u00e8ne de l\u2019His\u00adtoire. Ce peuple, \u00e9nergique<br>\net fruste, com\u00adba\u00adtif et avide, ins\u00adtru\u00adment d\u2019une ville, d\u2019une dynastie,<br>\nd\u2019une \u00e9glise ou de son propre app\u00e9\u00adtit, s\u2019en\u00adflait&nbsp;de<br>\nconqu\u00eate en conqu\u00eate puis lui-m\u00eame s\u2019as\u00adsi\u00admi\u00adlant&nbsp;aux<br>\npopu\u00adla\u00adtions, sou\u00admis, per\u00addait son \u00e9ner\u00adgie et disparaissait<br>\ncomme fac\u00adteur his\u00adto\u00adrique d\u00e9ci\u00adsif. Tels sur\u00adgirent les&nbsp;Goths,<br>\nles Van\u00addales, les Arabes, les Nor\u00admands, les Mon\u00adgols. Ces peuples<br>\n\u00e9taient deve\u00adnus des classes diri\u00adgeantes, mili\u00adtaires et<br>\npoli\u00adtiques d\u2019en\u00adsembles humains beau\u00adcoup plus vastes qu\u2019eux. En<br>\nquelque sorte des peuples de sei\u00adgneurs. Jamais ils ne&nbsp;se<br>\nconsti\u00adtu\u00e8rent en Nation.<\/font><\/p>\n<p style=\"margin-bottom: 0cm;\" align=\"justify\"><font face=\"Times New Roman, serif\">\tEn<br>\nface d\u2019eux d\u2019autres peuples ont lut\u00adt\u00e9 pour ne pas deve\u00adnir&nbsp;des<br>\npeuples d\u2019esclaves.<\/font><\/p>\n<p style=\"margin-bottom: 0cm;\" align=\"justify\"><font face=\"Times New Roman, serif\">\tDe<br>\nm\u00eame que des mou\u00adve\u00adments r\u00e9vo\u00adlu\u00adtion\u00adnaires ont \u00e9clat\u00e9<br>\ndepuis la plus haute anti\u00adqui\u00adt\u00e9, de m\u00eame par\u00adfois&nbsp;un<br>\npeuple entier se sou\u00adle\u00advait contre l\u2019oc\u00adcu\u00adpant et pro\u00adcla\u00admait son&nbsp;droit<br>\n\u00e0 l\u2019exis\u00adtence. Ain\u00adsi les Grecs contre l\u2019empire perse, les<br>\nJuifs contre Rome, les Morisques contre les Espa\u00adgnols. R\u00e9sistance<br>\nvic\u00adto\u00adrieuse ou \u00e9cra\u00adse\u00adment, dis\u00adper\u00adsion ou expul\u00adsion, quelle que<br>\nf\u00fbt l\u2019is\u00adsue de la lutte, rares sont les pro\u00adlon\u00adge\u00adments jusqu\u2019\u00e0<br>\nnous. Inva\u00adsions, \u00e9vo\u00adlu\u00adtions, trans\u00adfor\u00adma\u00adtions diverses au&nbsp;cours<br>\ndes si\u00e8cles ont g\u00e9n\u00e9\u00adra\u00adle\u00adment effa\u00adc\u00e9&nbsp;et<br>\ncom\u00adpo\u00ads\u00e9 de nou\u00adveaux amal\u00adgames. Seules les r\u00e9sistances<br>\npopu\u00adlaires aux der\u00adniers empires conqu\u00e9\u00adrants ont contribu\u00e9<br>\n\u00e0 la nais\u00adsance de nations actuelles pou\u00advant s\u2019at\u00adtri\u00adbuer&nbsp;une<br>\nori\u00adgine volon\u00adtaire voire r\u00e9volutionnaire.<\/font><\/p>\n<h2 class=\"western\">\n<h2>Les premi\u00e8res nations<\/h2>\n<p><\/p>\n<p style=\"margin-bottom: 0cm;\" align=\"justify\"><font face=\"Times New Roman, serif\">\tEn<br>\n1315, \u00e0 Mor\u00adgart, les che\u00adva\u00adliers de l\u2019empereur d\u2019Allemagne<br>\n\u00e9taient d\u00e9faits par les mon\u00adta\u00adgnards des can\u00adtons bois\u00e9s<br>\nqui com\u00admandent le St-Gothard, sou\u00adle\u00adv\u00e9s depuis 7 ans.&nbsp;Ainsi<br>\nnais\u00adsait ce qui allait deve\u00adnir la Suisse, pre\u00admi\u00e8re communaut\u00e9<br>\nd\u2019Eu\u00adrope \u00e0 conqu\u00e9\u00adrir d\u2019elle-m\u00eame son<br>\nind\u00e9pendance.<\/font><\/p>\n<p style=\"margin-bottom: 0cm;\" align=\"justify\"><font face=\"Times New Roman, serif\">\tEn<br>\n1566 les Pays-Bas se sou\u00adl\u00e8vent contre l\u2019oc\u00adcu\u00adpa\u00adtion espagnole.<br>\nPen\u00addant 80 ans le roi d\u2019Es\u00adpagne essaie de tenir t\u00eate envoyant,<br>\ncontre ceux qu\u2019il appelle les \u00ab&nbsp;gueux&nbsp;\u00bb,&nbsp;ses<br>\nmeilleures troupes.<\/font><\/p>\n<p style=\"margin-bottom: 0cm;\" align=\"justify\"><font face=\"Times New Roman, serif\">\tEn<br>\n1648 un m\u00eame trai\u00adt\u00e9 recon\u00adna\u00eet l\u2019ind\u00e9pendance<br>\ndes Pro\u00advinces Unies des Pays-Bas et des Can\u00adtons Conf\u00e9d\u00e9r\u00e9s<br>\nde la Suisse. Cha\u00adcune de ces nations aura alors la fier\u00adt\u00e9&nbsp;de<br>\ndevoir son exis\u00adtence, non \u00e0 la volon\u00adt\u00e9 d\u2019un prince,<br>\nmais a la r\u00e9volte des simples gens contre l\u2019in\u00adjus\u00adtice&nbsp;de<br>\nl\u2019oc\u00adcu\u00adpant. Mythes paral\u00adl\u00e8les de Guillaume Tell et de&nbsp;Thyl<br>\nl\u2019Espi\u00e8gle.<\/font><\/p>\n<p style=\"margin-bottom: 0cm;\" align=\"justify\"><font face=\"Times New Roman, serif\">\tL\u2019ann\u00e9e<br>\n1648 \u00e9tait d\u2019ailleurs une ann\u00e9e d\u2019es\u00adpoir pour&nbsp;les<br>\npeuples oppri\u00adm\u00e9s d\u2019Eu\u00adrope. Contem\u00adpo\u00adraines des R\u00e9publiques<br>\nsuisse et n\u00e9er\u00adlan\u00addaise, s\u2019\u00e9\u00adtaient sou\u00adle\u00adv\u00e9s&nbsp;comme<br>\ncette der\u00adni\u00e8re, contre le roi d\u2019Es\u00adpagne, la R\u00e9publique<br>\ncata\u00adlane, le Por\u00adtu\u00adgal, Naples et la Sicile. Au m\u00eame moment la<br>\nmonar\u00adchie \u00e9tait mena\u00adc\u00e9e en France par la Fronde et&nbsp;la<br>\nR\u00e9pu\u00adblique anglaise \u00e9tait proclam\u00e9e.<\/font><\/p>\n<p style=\"margin-bottom: 0cm;\" align=\"justify\"><font face=\"Times New Roman, serif\">\tApr\u00e8s<br>\nla r\u00e9vo\u00adlu\u00adtion n\u00e9er\u00adlan\u00addaise et l\u2019\u00e9\u00adchec de&nbsp;la<br>\nr\u00e9vo\u00adlu\u00adtion anglaise ce sont les r\u00e9vo\u00adlu\u00adtions am\u00e9ricaine<br>\net fran\u00ad\u00e7aise qui entre\u00adtien\u00addront le mythe des pays de&nbsp;la<br>\nliber\u00adt\u00e9, de la nation libre.<\/font><\/p>\n<p style=\"margin-bottom: 0cm;\" align=\"justify\"><font face=\"Times New Roman, serif\">\tLa<br>\nguerre d\u2019in\u00add\u00e9\u00adpen\u00addance am\u00e9\u00adri\u00adcaine, par la capitulation<br>\nanglaise de Sara\u00adto\u00adga (1777) et la d\u00e9faite de York\u00adtown (1781),<br>\nprouve que des \u00ab&nbsp;Insur\u00adgents&nbsp;\u00bb peuvent avoir<br>\nrai\u00adson du plus puis\u00adsant roi. La D\u00e9cla\u00adra\u00adtion d\u2019Ind\u00e9pendance<br>\net la D\u00e9cla\u00adra\u00adtion des Droits pro\u00adpagent l\u2019i\u00add\u00e9e&nbsp;de<br>\nR\u00e9pu\u00adblique, sou\u00adve\u00adrai\u00adne\u00adt\u00e9 du peuple, de Nation.<\/font><\/p>\n<p style=\"margin-bottom: 0cm;\" align=\"justify\"><font face=\"Times New Roman, serif\">\tQuelques<br>\nann\u00e9es plus tard, le qui\u00adpro\u00adquo entre liber\u00adt\u00e9 populaire<br>\net sou\u00adve\u00adrai\u00adne\u00adt\u00e9 natio\u00adnale est aggra\u00adv\u00e9 par la R\u00e9volution<br>\nfran\u00ad\u00e7aise. La nation oppo\u00ads\u00e9e \u00e0 l\u2019ab\u00adso\u00adlu\u00adtisme&nbsp;du<br>\nmonarque devient \u00e0 son tour un abso\u00adlu m\u00e9ta\u00adphy\u00adsique&nbsp;et<br>\nmoral impo\u00ads\u00e9 au peuple&nbsp;; au peuple fran\u00e7ais<br>\nd\u2019a\u00adbord, aux peuples conquis\u200a\u2014\u200a\u00ab&nbsp;lib\u00e9r\u00e9s&nbsp;\u00bb<br>\u200a\u2014\u200aensuite.<\/font><\/p>\n<h2 class=\"western\">\n<h2>Les nations contre la grande nation<\/h2>\n<p><\/p>\n<p style=\"margin-bottom: 0cm;\" align=\"justify\"><font face=\"Times New Roman, serif\">\tLa<br>\nbour\u00adgeoi\u00adsie r\u00e9vo\u00adlu\u00adtion\u00adnaire pour se d\u00e9bar\u00adras\u00adser&nbsp;des<br>\nmasses popu\u00adlaires les envoie aux fron\u00adti\u00e8res \u00e0 l\u2019assaut<br>\nde l\u2019Eu\u00adrope, intro\u00addui\u00adsant la redou\u00adtable inno\u00adva\u00adtion du service<br>\nmili\u00adtaire uni\u00adver\u00adsel, digne pen\u00addant de l\u2019im\u00adp\u00f4t et du suffrage<br>\nuni\u00adver\u00adsels. La R\u00e9vo\u00adlu\u00adtion a h\u00e9si\u00adt\u00e9 un moment<br>\nentre une voca\u00adtion uni\u00adver\u00adselle \u00e0 l\u2019\u00e9\u00adman\u00adci\u00adpa\u00adtion&nbsp;des<br>\npeuples et sa voca\u00adtion pure\u00adment fran\u00ad\u00e7aise. La premi\u00e8re<br>\nsera conser\u00adv\u00e9e comme paravent de la seconde. Les \u00ab&nbsp;Arm\u00e9es<br>\nde la Liber\u00adt\u00e9&nbsp;\u00bb seront vite employ\u00e9es \u00e0<br>\nessayer de rame\u00adner \u00e0 l\u2019es\u00adcla\u00advage les noirs r\u00e9volt\u00e9s<br>\nde Saint-Domingue qui construisent la R\u00e9pu\u00adblique de&nbsp;Ha\u00efti.<br>\nMais m\u00eame en Europe la liber\u00adt\u00e9 de la nation fran\u00e7aise<br>\nn\u2019est con\u00e7ue que par la n\u00e9ga\u00adtion de celle des autres.<\/font><\/p>\n<p style=\"margin-bottom: 0cm;\" align=\"justify\"><font face=\"Times New Roman, serif\">\tLes<br>\npeuples d\u2019Eu\u00adrope les unes apr\u00e8s les autres r\u00e9sistent et<br>\nse sou\u00adl\u00e8vent contre la \u00ab&nbsp;Grande Nation&nbsp;\u00bb.<br>\nBelges, Hol\u00adlan\u00addais, Suisses, bien\u00adt\u00f4t Ita\u00adliens, Alle\u00admands&nbsp;sont<br>\npro\u00adgres\u00adsi\u00adve\u00adment inclus dans les limites que la Nation fran\u00e7aise<br>\ncroit voir pour elle depuis Dan\u00adton \u00ab&nbsp;mar\u00adqu\u00e9es&nbsp;par<br>\nla nature&nbsp;\u00bb. L\u2019Em\u00adpire napo\u00adl\u00e9o\u00adnien ne fera&nbsp;que<br>\npour\u00adsuivre l\u2019oeuvre des Assem\u00adbl\u00e9es r\u00e9vo\u00adlu\u00adtion\u00adnaires en<br>\nla mati\u00e8re.<\/font><\/p>\n<p style=\"margin-bottom: 0cm;\" align=\"justify\"><font face=\"Times New Roman, serif\">\tSuccessivement<br>\nlib\u00e9\u00adr\u00e9s, occu\u00adp\u00e9s, r\u00e9duits \u00e0 l\u2019\u00e9tat<br>\nde satel\u00adlite <font face=\"Times New Roman\">\u2015<\/font> \u00ab&nbsp;les<br>\nR\u00e9pu\u00adbliques soeurs&nbsp;\u00bb <font face=\"Times New Roman\">\u2015<\/font><br>\net fina\u00adle\u00adment annex\u00e9s ou gou\u00adver\u00adn\u00e9s par des fan\u00adtoches au<br>\npro\u00adfit de la France, les peuples d\u2019Eu\u00adrope retournent contre celle-ci<br>\nles id\u00e9es nationales.<\/font><\/p>\n<p style=\"margin-bottom: 0cm;\" align=\"justify\"><font face=\"Times New Roman, serif\">\tLa<br>\n\u00ab&nbsp;guerre d\u2019in\u00add\u00e9\u00adpen\u00addance&nbsp;\u00bb espa\u00adgnole, la<br>\n\u00ab&nbsp;guerre de lib\u00e9\u00adra\u00adtion&nbsp;\u00bb alle\u00admande et&nbsp;la<br>\n\u00ab&nbsp;guerre patrio\u00adtique&nbsp;\u00bb russe dressent les<br>\npeuples contre la Grande Arm\u00e9e. Et ceux-ci sont victorieux<br>\npas\u00adsant de la guerre de par\u00adti\u00adsans \u00e0 la guerre natio\u00adnale ils&nbsp;se<br>\nsont vus par\u00adtout sou\u00admis \u00e0 la conta\u00adgion du ser\u00advice militaire<br>\nobli\u00adga\u00adtoire. D\u00e9sor\u00admais, la guerre, au lieu d\u2019\u00eatre<br>\naffaire de sou\u00adve\u00adrains et de petites arm\u00e9es de m\u00e9tier,<br>\nconcerne les peuples entiers. \u00c0 la guerre en dentelle<br>\nsuc\u00adc\u00e8dent l\u2019h\u00e9\u00adca\u00adtombe des masses et les grandes<br>\nsai\u00adgn\u00e9es nationales.<\/font><\/p>\n<p style=\"margin-bottom: 0cm;\" align=\"justify\"><font face=\"Times New Roman, serif\">\tEn<br>\n1813 la \u00ab&nbsp;bataille des nations&nbsp;\u00bb&nbsp;\u00e0<br>\nLeip\u00adzig a fait contre la France triom\u00adpher l\u2019u\u00adna\u00adni\u00admi\u00adt\u00e9&nbsp;de<br>\nl\u2019Europe.<\/font><\/p>\n<p style=\"margin-bottom: 0cm;\" align=\"justify\"><font face=\"Times New Roman, serif\">\tLa<br>\nR\u00e9vo\u00adlu\u00adtion fran\u00ad\u00e7aise a ain\u00adsi \u00e9t\u00e9&nbsp;\u00e0<br>\nson corps d\u00e9fen\u00addant le signal de l\u2019\u00e9\u00adveil&nbsp;des<br>\nnatio\u00adna\u00adli\u00adt\u00e9s. Elle a acc\u00e9\u00adl\u00e9\u00adr\u00e9&nbsp;\u00e0<br>\nson pro\u00adfit ou \u00e0 son dom\u00admage les uni\u00adt\u00e9s ita\u00adliennes et<br>\nalle\u00admande, elle a essay\u00e9 de sus\u00adci\u00adter la renais\u00adsance nationale<br>\n\u00e9gyp\u00adtienne, you\u00adgo\u00adslave, polo\u00adnaise et m\u00eame hongroise.<\/font><\/p>\n<\/h2><\/h2>","protected":false},"excerpt":{"rendered":"<p>Les \u00c9tats avant les nations Avant que n\u2019ap\u00adpa\u00adraisse l\u2019i\u00add\u00e9e de Nation les&nbsp;\u00c9tats res\u00adsem\u00adblaient plus \u00e0 ce qu\u2019ils sont&nbsp;: \u00e0&nbsp;des cr\u00e9a\u00adtions poli\u00adtiques ne tenant pas compte de l\u2019exis\u00adtence&nbsp;des peuples. Chaque \u00c9tat assu\u00admait plei\u00adne\u00adment sa voca\u00adtion qui&nbsp;est de s\u2019\u00e9\u00adtendre \u00e0 l\u2019in\u00adfi\u00adni en annexant le plus&nbsp;de ter\u00adri\u00adtoires pos\u00adsible, sans se pr\u00e9\u00adoc\u00adcu\u00adper de se jus\u00adti\u00adfier&nbsp;par l\u2019exis\u00adtence pr\u00e9a\u00adlable de communaut\u00e9s&nbsp;[\u2026]<\/p>\n","protected":false},"author":1,"featured_media":0,"comment_status":"closed","ping_status":"closed","sticky":false,"template":"","format":"standard","meta":{"wp_typography_post_enhancements_disabled":false,"footnotes":""},"categories":[81],"tags":[],"ppma_author":[540],"class_list":["post-662","post","type-post","status-publish","format-standard","hentry","category-noir-rouge-n7-8-ete-automne-1957"],"authors":[{"term_id":540,"user_id":1,"is_guest":0,"slug":"admin_3gikpwyf","display_name":"Vincent Dubuc","avatar_url":"https:\/\/secure.gravatar.com\/avatar\/d015720652c25fd2ced191ade86430094e1f288a17483713e3b34d26dea52507?s=96&d=mm&r=g","author_category":"","user_url":"https:\/\/la-presse-anarchiste.net","last_name":"Dubuc","first_name":"Vincent","job_title":"","description":""}],"_links":{"self":[{"href":"https:\/\/la-presse-anarchiste.net\/index.php\/wp-json\/wp\/v2\/posts\/662","targetHints":{"allow":["GET"]}}],"collection":[{"href":"https:\/\/la-presse-anarchiste.net\/index.php\/wp-json\/wp\/v2\/posts"}],"about":[{"href":"https:\/\/la-presse-anarchiste.net\/index.php\/wp-json\/wp\/v2\/types\/post"}],"author":[{"embeddable":true,"href":"https:\/\/la-presse-anarchiste.net\/index.php\/wp-json\/wp\/v2\/users\/1"}],"replies":[{"embeddable":true,"href":"https:\/\/la-presse-anarchiste.net\/index.php\/wp-json\/wp\/v2\/comments?post=662"}],"version-history":[{"count":0,"href":"https:\/\/la-presse-anarchiste.net\/index.php\/wp-json\/wp\/v2\/posts\/662\/revisions"}],"wp:attachment":[{"href":"https:\/\/la-presse-anarchiste.net\/index.php\/wp-json\/wp\/v2\/media?parent=662"}],"wp:term":[{"taxonomy":"category","embeddable":true,"href":"https:\/\/la-presse-anarchiste.net\/index.php\/wp-json\/wp\/v2\/categories?post=662"},{"taxonomy":"post_tag","embeddable":true,"href":"https:\/\/la-presse-anarchiste.net\/index.php\/wp-json\/wp\/v2\/tags?post=662"},{"taxonomy":"author","embeddable":true,"href":"https:\/\/la-presse-anarchiste.net\/index.php\/wp-json\/wp\/v2\/ppma_author?post=662"}],"curies":[{"name":"wp","href":"https:\/\/api.w.org\/{rel}","templated":true}]}}