{"id":670,"date":"2007-08-17T13:41:40","date_gmt":"2007-08-17T13:41:40","guid":{"rendered":"https:\/\/la-presse-anarchiste.net\/index.php\/2007\/08\/17\/etat-nation-peuple\/"},"modified":"2007-08-17T13:41:40","modified_gmt":"2007-08-17T13:41:40","slug":"etat-nation-peuple","status":"publish","type":"post","link":"https:\/\/la-presse-anarchiste.net\/index.php\/2007\/08\/17\/etat-nation-peuple\/","title":{"rendered":"\u00c9tat\u200a\u2014\u200aNation\u200a\u2014\u200aPeuple"},"content":{"rendered":"<div class=\"pdfprnt-buttons pdfprnt-buttons-post pdfprnt-top-right\"><a href=\"https:\/\/la-presse-anarchiste.net\/index.php\/wp-json\/wp\/v2\/posts\/670?print=pdf\" class=\"pdfprnt-button pdfprnt-button-pdf\" target=\"_blank\"><img decoding=\"async\" src=\"https:\/\/la-presse-anarchiste.net\/wp-content\/plugins\/pdf-print\/images\/pdf.png\" alt=\"image_pdf\" title=\"Afficher le PDF\"><\/a><a href=\"https:\/\/la-presse-anarchiste.net\/index.php\/wp-json\/wp\/v2\/posts\/670?print=print\" class=\"pdfprnt-button pdfprnt-button-print\" target=\"_blank\"><img decoding=\"async\" src=\"https:\/\/la-presse-anarchiste.net\/wp-content\/plugins\/pdf-print\/images\/print.png\" alt=\"image_print\" title=\"Contenu imprim\u00e9\"><\/a><\/div><p style=\"margin-bottom: 0cm;\" align=\"justify\"><font face=\"Times New Roman, serif\">\tLa<br>\nvieille opi\u00adnion qui attri\u00adbue la cr\u00e9a\u00adtion de l\u2019\u00c9tat<br>\nnatio\u00adna\u00adliste \u00e0 l\u2019\u00e9\u00adveil de la conscience natio\u00adnale&nbsp;du<br>\npeuple n\u2019est qu\u2019un conte de f\u00e9es, tr\u00e8s utile&nbsp;aux<br>\npro\u00adta\u00adgo\u00adnistes de l\u2019i\u00add\u00e9e de l\u2019\u00c9\u00adtat natio\u00adnal,&nbsp;mais<br>\nn\u00e9an\u00admoins&nbsp;faux.<\/font><\/p>\n<p style=\"margin-bottom: 0cm;\" align=\"justify\"><font face=\"Times New Roman, serif\">\tLA<br>\nNATION N\u2019EST PAS LA CAUSE, MAIS LE R\u00c9SULTAT, DE L\u2019\u00c9TAT.<br>\nC\u2019EST L\u2019\u00c9TAT QUI CR\u00c9E LA NATION, NON LA NATION QUI&nbsp;CR\u00c9E<br>\nL\u2019\u00c9TAT. En v\u00e9ri\u00adt\u00e9, de ce point de vue il existe<br>\nentre peuple et nation la m\u00eame dis\u00adtinc\u00adtion qu\u2019entre soci\u00e9t\u00e9<br>\net&nbsp;\u00c9tat.<\/font><\/p>\n<p style=\"margin-bottom: 0cm;\" align=\"justify\"><font face=\"Times New Roman, serif\">\tChaque<br>\nuni\u00adt\u00e9 sociale est une for\u00adma\u00adtion natu\u00adrelle qui, sur la base&nbsp;de<br>\nbesoins com\u00admuns et d\u2019ac\u00adcord mutuel, est construite orga\u00adni\u00adque\u00adment&nbsp;de<br>\nbas en haut pour garan\u00adtir et pro\u00adt\u00e9\u00adger l\u2019int\u00e9r\u00eat<br>\ng\u00e9n\u00e9\u00adral. M\u00eame quand les ins\u00adti\u00adtu\u00adtions sociales<br>\ngra\u00adduel\u00adle\u00adment s\u2019os\u00adsi\u00adfient ou deviennent rudi\u00admen\u00adtaires leur&nbsp;but<br>\nd\u2019o\u00adri\u00adgine peut en la plu\u00adpart des cas \u00eatre clai\u00adre\u00adment reconnu.<br>\nChaque orga\u00adni\u00adsa\u00adtion d\u2019\u00c9\u00adtat, cepen\u00addant, est un m\u00e9canisme<br>\narti\u00adfi\u00adciel impo\u00ads\u00e9 d\u2019en haut sur les hommes par quelques<br>\ngou\u00adver\u00adnants, et il ne pour\u00adsuit pas d\u2019autre fin que de d\u00e9fendre<br>\net sau\u00adve\u00adgar\u00adder les int\u00e9\u00adr\u00eats des minorit\u00e9s<br>\npri\u00advi\u00adl\u00e9\u00adgi\u00e9es dans la soci\u00e9t\u00e9.<\/font><\/p>\n<p style=\"margin-bottom: 0cm;\" align=\"justify\"><font face=\"Times New Roman, serif\">\tUn<br>\npeuple est le r\u00e9sul\u00adtat natu\u00adrel de l\u2019u\u00adnion sociale, une<br>\nasso\u00adcia\u00adtion mutuelle d\u2019hommes pous\u00ads\u00e9s par une certaine<br>\nsimi\u00adli\u00adtude de condi\u00adtions ext\u00e9\u00adrieures de vie, une langue<br>\ncom\u00admune, et des carac\u00adt\u00e8res par\u00adti\u00adcu\u00adliers dus au cli\u00admat et&nbsp;au<br>\nmilieu g\u00e9o\u00adgra\u00adphique. De cette fa\u00e7on apparaissent<br>\nvivants cer\u00adtains traits com\u00admuns chez chaque membre de l\u2019u\u00adnion&nbsp;et<br>\nfor\u00admant la par\u00adtie la plus impor\u00adtante de son exis\u00adtence sociale. Ces<br>\nrap\u00adports intimes peuvent aus\u00adsi \u00eatre engendr\u00e9s<br>\narti\u00adfi\u00adciel\u00adle\u00adment que d\u00e9truits artificiellement.<\/font><\/p>\n<p style=\"margin-bottom: 0cm;\" align=\"justify\"><font face=\"Times New Roman, serif\">\tLa<br>\nnation, d\u2019autre part, est le r\u00e9sul\u00adtat arti\u00adfi\u00adciel de la&nbsp;lutte<br>\npour le pou\u00advoir poli\u00adtique exac\u00adte\u00adment comme le natio\u00adna\u00adlisme n\u2019a jamais<br>\n\u00e9t\u00e9 autre chose que la reli\u00adgion de l\u2019\u00c9tat<br>\nmoderne. L\u2019ap\u00adpar\u00adte\u00adnance \u00e0 une nation n\u2019est jamais d\u00e9termin\u00e9e,<br>\ncomme l\u2019est l\u2019ap\u00adpar\u00adte\u00adnance \u00e0 un peuple, par des causes<br>\nnatu\u00adrelles, pro\u00adfondes&nbsp;; elle est tou\u00adjours sujette \u00e0&nbsp;des<br>\nconsi\u00add\u00e9\u00adra\u00adtions poli\u00adtiques et fon\u00add\u00e9e sur ces raisons<br>\nd\u2019\u00c9\u00adtat der\u00adri\u00e8re les\u00adquelles les int\u00e9\u00adr\u00eats&nbsp;de<br>\nmino\u00adri\u00adt\u00e9s pri\u00advi\u00adl\u00e9\u00adgi\u00e9es se cachent tou\u00adjours. Un<br>\npetit groupe de diplo\u00admates, qui sont sim\u00adple\u00adment les charg\u00e9s<br>\nd\u2019af\u00adfaires de classe ou caste pri\u00advi\u00adl\u00e9\u00adgi\u00e9e, d\u00e9cide<br>\ntout \u00e0 fait arbi\u00adtrai\u00adre\u00adment la qua\u00adli\u00adt\u00e9 natio\u00adnale&nbsp;de<br>\ncer\u00adtains groupes d\u2019hommes dont le consen\u00adte\u00adment n\u2019est m\u00eame&nbsp;pas<br>\ndeman\u00add\u00e9 mais qui doivent se sou\u00admettre \u00e0 cet exer\u00adcice&nbsp;du<br>\npou\u00advoir parce qu\u2019ils ne peuvent agir d\u2019eux-m\u00eames.<\/font><\/p>\n<p style=\"margin-bottom: 0cm;\" align=\"justify\"><font face=\"Times New Roman, serif\">\tDes<br>\npeuples et groupes de peuples exis\u00adtaient bien avant que l\u2019\u00c9tat<br>\nn\u2019ap\u00adpa\u00adraisse. Aujourd\u2019\u00adhui aus\u00adsi ils existent et se d\u00e9veloppent<br>\nsans l\u2019as\u00adsis\u00adtance de l\u2019\u00c9\u00adtat. Ils sont seule\u00adment&nbsp;g\u00ean\u00e9s<br>\ndans leur d\u00e9ve\u00adlop\u00adpe\u00adment natu\u00adrel lorsque quelque pouvoir<br>\next\u00e9\u00adrieur inter\u00advient par la vio\u00adlence dans leur vie et&nbsp;lui<br>\nimpose une forme qu\u2019elle ne connais\u00adsait pas avant. La nation est<br>\nsou\u00add\u00e9e \u00e0 lui pour le meilleur et pour le pire et&nbsp;doit<br>\nson exis\u00adtence seule\u00adment \u00e0 la pr\u00e9\u00adsence de celui-ci. En<br>\ncons\u00e9\u00adquence la nature essen\u00adtielle de la Nation nous \u00e9chappera<br>\nsi nous ten\u00adtons de la s\u00e9pa\u00adrer de l\u2019\u00c9\u00adtat et de la&nbsp;doter<br>\nd\u2019une vie propre qu\u2019elle n\u2019a jamais poss\u00e9d\u00e9e.<\/font><\/p>\n<p style=\"margin-bottom: 0cm;\" align=\"justify\"><font face=\"Times New Roman, serif\">\tUn<br>\npeuple est tou\u00adjours une com\u00admu\u00adnau\u00adt\u00e9 avec des limites assez<br>\n\u00e9troites. Mais une nation, en r\u00e8gle g\u00e9n\u00e9rale,<br>\nenferme toute une s\u00e9rie de dif\u00adf\u00e9\u00adrents peuples et<br>\ngroupes de peuples qui ont \u00e9t\u00e9, par des moyens plus&nbsp;ou<br>\nmoins vio\u00adlents, pres\u00ads\u00e9s dans le cadre d\u2019un \u00c9tat commun.<br>\nEn fait, dans toute l\u2019Eu\u00adrope il n\u2019y a pas d\u2019\u00c9\u00adtat qui&nbsp;ne<br>\nconsiste pas en un groupe de peuples dif\u00adf\u00e9\u00adrents qui \u00e9taient<br>\n\u00e0 l\u2019o\u00adri\u00adgine de dif\u00adf\u00e9\u00adrentes des\u00adcen\u00addances et de langue et<br>\nfurent for\u00adg\u00e9s ensemble en nation unique seule\u00adment par&nbsp;des<br>\nint\u00e9\u00adr\u00eats dynas\u00adtiques, \u00e9co\u00adno\u00admiques et politiques.<\/font><\/p>\n<p style=\"margin-bottom: 0cm;\" align=\"center\"><font face=\"Times New Roman, serif\">\u2026<br>\n  \u2026   \u2026   \u2026   \u2026   \u2026   \u2026 <\/font><\/p>\n<p style=\"margin-bottom: 0cm;\" align=\"justify\"><font face=\"Times New Roman, serif\">\tLES<br>\n\u00c9TATS NATIONAUX SONT DES ORGANISATIONS D\u2019\u00c9GLISES<br>\nPOLITIQUES&nbsp;; LA PR\u00c9TENDUE CONSCIENCE NATIONALE N\u2019EST&nbsp;PAS<br>\nN\u00c9E EN L\u2019HOMME MAIS ENSEIGN\u00c9E \u00c0 LUI. C\u2019EST&nbsp;UN<br>\nCONCEPT RELIGIEUX&nbsp;; ON EST ALLEMAND, FRAN\u00c7AIS, ITALIEN,<br>\nEXACTEMENT COMME ON EST CATHOLIQUE, PROTESTANT OU&nbsp;JUIF.<\/font><\/p>\n<p style=\"margin-bottom: 0cm;\" align=\"justify\"><font face=\"Times New Roman, serif\"><em>R.<br>\nRocker (Natio\u00adna\u00adlisme et Culture, cha\u00adpitre XII, pp.200\u200a\u2013\u200a202 de la 2<sup>e<\/sup><br>\n\u00e9di\u00adtion am\u00e9ricaine)<\/em><\/font><\/p>\n","protected":false},"excerpt":{"rendered":"<p>La vieille opi\u00adnion qui attri\u00adbue la cr\u00e9a\u00adtion de l\u2019\u00c9tat natio\u00adna\u00adliste \u00e0 l\u2019\u00e9\u00adveil de la conscience natio\u00adnale&nbsp;du peuple n\u2019est qu\u2019un conte de f\u00e9es, tr\u00e8s utile&nbsp;aux pro\u00adta\u00adgo\u00adnistes de l\u2019i\u00add\u00e9e de l\u2019\u00c9\u00adtat natio\u00adnal,&nbsp;mais n\u00e9an\u00admoins&nbsp;faux. LA NATION N\u2019EST PAS LA CAUSE, MAIS LE R\u00c9SULTAT, DE L\u2019\u00c9TAT. C\u2019EST L\u2019\u00c9TAT QUI CR\u00c9E LA NATION, NON LA NATION QUI&nbsp;CR\u00c9E L\u2019\u00c9TAT. En v\u00e9rit\u00e9,&nbsp;[\u2026]<\/p>\n","protected":false},"author":1,"featured_media":0,"comment_status":"closed","ping_status":"closed","sticky":false,"template":"","format":"standard","meta":{"wp_typography_post_enhancements_disabled":false,"footnotes":""},"categories":[81],"tags":[],"ppma_author":[540],"class_list":["post-670","post","type-post","status-publish","format-standard","hentry","category-noir-rouge-n7-8-ete-automne-1957"],"authors":[{"term_id":540,"user_id":1,"is_guest":0,"slug":"admin_3gikpwyf","display_name":"Vincent Dubuc","avatar_url":"https:\/\/secure.gravatar.com\/avatar\/d015720652c25fd2ced191ade86430094e1f288a17483713e3b34d26dea52507?s=96&d=mm&r=g","author_category":"","user_url":"https:\/\/la-presse-anarchiste.net","last_name":"Dubuc","first_name":"Vincent","job_title":"","description":""}],"_links":{"self":[{"href":"https:\/\/la-presse-anarchiste.net\/index.php\/wp-json\/wp\/v2\/posts\/670","targetHints":{"allow":["GET"]}}],"collection":[{"href":"https:\/\/la-presse-anarchiste.net\/index.php\/wp-json\/wp\/v2\/posts"}],"about":[{"href":"https:\/\/la-presse-anarchiste.net\/index.php\/wp-json\/wp\/v2\/types\/post"}],"author":[{"embeddable":true,"href":"https:\/\/la-presse-anarchiste.net\/index.php\/wp-json\/wp\/v2\/users\/1"}],"replies":[{"embeddable":true,"href":"https:\/\/la-presse-anarchiste.net\/index.php\/wp-json\/wp\/v2\/comments?post=670"}],"version-history":[{"count":0,"href":"https:\/\/la-presse-anarchiste.net\/index.php\/wp-json\/wp\/v2\/posts\/670\/revisions"}],"wp:attachment":[{"href":"https:\/\/la-presse-anarchiste.net\/index.php\/wp-json\/wp\/v2\/media?parent=670"}],"wp:term":[{"taxonomy":"category","embeddable":true,"href":"https:\/\/la-presse-anarchiste.net\/index.php\/wp-json\/wp\/v2\/categories?post=670"},{"taxonomy":"post_tag","embeddable":true,"href":"https:\/\/la-presse-anarchiste.net\/index.php\/wp-json\/wp\/v2\/tags?post=670"},{"taxonomy":"author","embeddable":true,"href":"https:\/\/la-presse-anarchiste.net\/index.php\/wp-json\/wp\/v2\/ppma_author?post=670"}],"curies":[{"name":"wp","href":"https:\/\/api.w.org\/{rel}","templated":true}]}}