{"id":675,"date":"2007-08-17T14:01:11","date_gmt":"2007-08-17T14:01:11","guid":{"rendered":"https:\/\/la-presse-anarchiste.net\/index.php\/2007\/08\/17\/nationalisme-ou-anarchisme\/"},"modified":"2007-08-17T14:01:11","modified_gmt":"2007-08-17T14:01:11","slug":"nationalisme-ou-anarchisme","status":"publish","type":"post","link":"https:\/\/la-presse-anarchiste.net\/index.php\/2007\/08\/17\/nationalisme-ou-anarchisme\/","title":{"rendered":"Nationalisme ou anarchisme"},"content":{"rendered":"<div class=\"pdfprnt-buttons pdfprnt-buttons-post pdfprnt-top-right\"><a href=\"https:\/\/la-presse-anarchiste.net\/index.php\/wp-json\/wp\/v2\/posts\/675?print=pdf\" class=\"pdfprnt-button pdfprnt-button-pdf\" target=\"_blank\"><img decoding=\"async\" src=\"https:\/\/la-presse-anarchiste.net\/wp-content\/plugins\/pdf-print\/images\/pdf.png\" alt=\"image_pdf\" title=\"Afficher le PDF\"><\/a><a href=\"https:\/\/la-presse-anarchiste.net\/index.php\/wp-json\/wp\/v2\/posts\/675?print=print\" class=\"pdfprnt-button pdfprnt-button-print\" target=\"_blank\"><img decoding=\"async\" src=\"https:\/\/la-presse-anarchiste.net\/wp-content\/plugins\/pdf-print\/images\/print.png\" alt=\"image_print\" title=\"Contenu imprim\u00e9\"><\/a><\/div><p style=\"margin-bottom: 0cm;\" align=\"justify\"><font face=\"Times New Roman, serif\">\tAu<br>\nterme de cette \u00e9tude quelques conclu\u00adsions s\u2019imposent&nbsp;:<\/font><\/p>\n<p style=\"margin-bottom: 0cm;\" align=\"justify\"><font face=\"Times New Roman, serif\">1\u00b0)<br>\nLe natio\u00adna\u00adlisme poli\u00adtique, \u00e9co\u00adno\u00admique et cultu\u00adrel&nbsp;est<br>\npeut-\u00eatre le ph\u00e9\u00adno\u00adm\u00e8ne le plus impor\u00adtant,&nbsp;tout<br>\nau moins le plus visible de la soci\u00e9\u00adt\u00e9 contemporaine.<\/font><\/p>\n<p style=\"margin-bottom: 0cm;\" align=\"justify\"><font face=\"Times New Roman, serif\">2\u00b0)<br>\nLe mou\u00adve\u00adment ouvrier n\u2019\u00e9\u00adchappe pas \u00e0 la divi\u00adsion&nbsp;en<br>\nnations <font face=\"Times New Roman\">\u2015<\/font> et les s\u00e9parations<br>\nver\u00adti\u00adcales en nations se r\u00e9v\u00e8lent, en&nbsp;r\u00e8gle<br>\ng\u00e9n\u00e9\u00adrale, plus fortes que les cli\u00advages horizontaux<br>\nentre classes.<\/font><\/p>\n<p style=\"margin-bottom: 0cm;\" align=\"justify\"><font face=\"Times New Roman, serif\">3\u00b0)<br>\nLes peuples \u00e9vo\u00adluent paral\u00adl\u00e8\u00adle\u00adment sans se conna\u00eetre<br>\net l\u2019ex\u00adp\u00e9\u00adrience r\u00e9vo\u00adlu\u00adtion\u00adnaire inter\u00adna\u00adtio\u00adnale est&nbsp;tr\u00e8s<br>\nlimit\u00e9e.<\/font><\/p>\n<p style=\"margin-bottom: 0cm;\" align=\"justify\"><font face=\"Times New Roman, serif\">4\u00b0)<br>\nNon seule\u00adment la soli\u00adda\u00adri\u00adt\u00e9 effec\u00adtive est tr\u00e8s r\u00e9duite<br>\nentre pro\u00adl\u00e9\u00adta\u00adriats m\u00e9tro\u00adpo\u00adli\u00adtains et peuples coloniaux,<br>\nmais il n\u2019y en a pas plus entre les peuples europ\u00e9ens<br>\neux-m\u00eames. (Affaires simi\u00adlaires de l\u2019Al\u00adg\u00e9\u00adrie et de&nbsp;la<br>\nHongrie).&nbsp;<\/font><\/p>\n<p style=\"margin-bottom: 0cm;\" align=\"justify\"><font face=\"Times New Roman, serif\">5\u00b0)<br>\nLa cause essen\u00adtielle de ces entraves au d\u00e9ve\u00adlop\u00adpe\u00adment&nbsp;d\u2019une<br>\nconscience et d\u2019une vie sociale mon\u00addiales est l\u2019exis\u00adtence&nbsp;des<br>\n\u00c9tats-nations.<\/font><\/p>\n<p style=\"margin-bottom: 0cm;\" align=\"justify\"><font face=\"Times New Roman, serif\">6\u00b0)<br>\nLa mul\u00adti\u00adpli\u00adca\u00adtion des \u00c9tats-nations est un ph\u00e9nom\u00e8ne<br>\nhis\u00adto\u00adrique irr\u00e9\u00adver\u00adsible, c\u2019est le choc en retour de&nbsp;la<br>\nconqu\u00eate du monde par les quelques \u00c9tats europ\u00e9ens<br>\ntou\u00adch\u00e9s les pre\u00admiers par le capi\u00adta\u00adlisme&nbsp;et<br>\nl\u2019industrialisation.<\/font><\/p>\n<p style=\"margin-bottom: 0cm;\" align=\"justify\"><font face=\"Times New Roman, serif\">7\u00b0)<br>\nCe ph\u00e9\u00adno\u00adm\u00e8ne est irr\u00e9\u00adver\u00adsible <font face=\"Times New Roman\">\u2015<\/font><br>\nmais il doit \u00eatre d\u00e9pas\u00ads\u00e9 <font face=\"Times New Roman\">\u2015<\/font><br>\nl\u2019\u00e9\u00adga\u00adli\u00adt\u00e9 effec\u00adtive des peuples est la condition<br>\nn\u00e9ces\u00adsaire d\u2019une v\u00e9ri\u00adtable soci\u00e9t\u00e9<br>\ninter\u00adna\u00adtio\u00adnale. La pro\u00adli\u00adf\u00e9\u00adra\u00adtion des \u00c9tats signi\u00adfie&nbsp;que<br>\nles plus grands s\u2019af\u00adfai\u00adblissent et que les plus petits sont<br>\ninvivables.<\/font><\/p>\n<p style=\"margin-bottom: 0cm;\" align=\"justify\"><font face=\"Times New Roman, serif\">8\u00b0)<br>\nLes mou\u00adve\u00adments d\u2019\u00e9\u00adman\u00adci\u00adpa\u00adtion natio\u00adnale n\u2019ont pas en vue&nbsp;la<br>\nsoci\u00e9\u00adt\u00e9 liber\u00adtaire mais sans eux elle ne pour\u00adrait&nbsp;se<br>\nr\u00e9a\u00adli\u00adser. <u>La f\u00e9d\u00e9\u00adra\u00adtion des peuples ne&nbsp;peut<br>\nse sub\u00adsti\u00adtuer \u00e0 la jux\u00adta\u00adpo\u00adsi\u00adtion des \u00c9tats&nbsp;qu\u2019\u00e0<br>\nla fin d\u2019un pro\u00adces\u00adsus g\u00e9n\u00e9\u00adral de redistribution<br>\ng\u00e9o\u00adgra\u00adphique, \u00e9ga\u00adli\u00adtaire, des acti\u00advi\u00adt\u00e9s humaines<br>\n. Pro\u00adces\u00adsus que l\u2019im\u00adp\u00e9\u00adria\u00adlisme dans ses formes anciennes ou<br>\nnou\u00advelles n\u2019a fait qu\u2019en\u00adtra\u00adver au pro\u00adfit des pre\u00admi\u00e8res de<br>\nl\u2019Eu\u00adrope de l\u2019Ouest, les secondes des \u00c9tats-Unis et de l\u2019URSS<\/u>.<\/font><\/p>\n<p style=\"margin-bottom: 0cm;\" align=\"justify\"><font face=\"Times New Roman, serif\">9\u00b0)<br>\nLe par\u00adti\u00adcu\u00adla\u00adrisme local n\u2019est pas en soi une fin liber\u00adtaire&nbsp;mais<br>\ncontre le mono\u00adpole uni\u00adver\u00adsel il consti\u00adtue une aus\u00adsi saine r\u00e9action<br>\nque la r\u00e9volte indi\u00advi\u00adduelle contre l\u2019op\u00adpres\u00adsion sociale et&nbsp;la<br>\nmys\u00adti\u00adfi\u00adca\u00adtion nationale.<\/font><\/p>\n<p style=\"margin-bottom: 0cm;\" align=\"justify\"><font face=\"Times New Roman, serif\">10\u00b0)<br>\nIl n\u2019y a, pour nous, pas plus de peuple \u00e9lu que de grande<br>\nnation, que de pays de la liber\u00adt\u00e9, des droits de l\u2019homme ou&nbsp;du<br>\nsocia\u00adlisme, que de la civi\u00adli\u00adsa\u00adtion \u00e0 admi\u00adrer. Tout&nbsp;\u00c9tat<br>\nest anti\u00adli\u00adber\u00adtaire par des\u00adti\u00adna\u00adtion, tout peuple est liber\u00adtaire&nbsp;en<br>\nacte d\u00e8s qu\u2019il se r\u00e9volte, mais peut aus\u00adsi rapidement<br>\nces\u00adser de l\u2019\u00eatre vis-\u00e0-vis des autres peuples dont&nbsp;il<br>\ntol\u00e8re l\u2019exploitation.<\/font><\/p>\n<p style=\"margin-bottom: 0cm;\" align=\"justify\"><font face=\"Times New Roman, serif\">11\u00b0)<br>\nLa mys\u00adtique natio\u00adnale n\u2019a qu\u2019une puis\u00adsante valeur n\u00e9ga\u00adtive&nbsp;et<br>\ndes\u00adtruc\u00adtrice (quand elle com\u00adbat l\u2019op\u00adpres\u00adsion et fait \u00e9clater<br>\nla domi\u00adna\u00adtion) elle ne peut rien appor\u00adter de posi\u00adtif \u00e0&nbsp;la<br>\nconscience humaine et \u00e0 l\u2019\u00e9\u00addi\u00adfi\u00adca\u00adtion d\u2019une soci\u00e9t\u00e9<br>\nmeilleure.<\/font><\/p>\n<p style=\"margin-bottom: 0cm;\" align=\"justify\"><font face=\"Times New Roman, serif\">12\u00b0)<br>\nLes anar\u00adchistes ne peuvent donc pr\u00ea\u00adter aux mouvements<br>\nd\u2019\u00e9\u00adman\u00adci\u00adpa\u00adtion colo\u00adniale et natio\u00adnale qu\u2019un sou\u00adtien \u00e9minemment<br>\ncri\u00adtique. Leur t\u00e2che reste de saper \u00e0 la base&nbsp;tout<br>\nesprit natio\u00adnal, toute mesure natio\u00adnale, comme toute institution<br>\ncolo\u00adniale et imp\u00e9\u00adriale. Le rem\u00adpart de l\u2019ex\u00adploi\u00adta\u00adtion et&nbsp;de<br>\nl\u2019op\u00adpres\u00adsion, de l\u2019in\u00adjus\u00adtice et de la mis\u00e8re, de la haine&nbsp;et<br>\nde l\u2019i\u00adgno\u00adrance reste l\u2019\u00c9\u00adtat o\u00f9 qu\u2019il appa\u00adraisse avec<br>\nson cor\u00adt\u00e8ge&nbsp;: Arm\u00e9e, \u00c9glise, Parti,<br>\npara\u00adly\u00adsant les hommes et les dres\u00adsant les uns contre les autres par<br>\nla guerre, la hi\u00e9\u00adrar\u00adchie, la bureau\u00adcra\u00adtie, au lieu de les&nbsp;unir<br>\npar la coop\u00e9\u00adra\u00adtion, la soli\u00adda\u00adri\u00adt\u00e9, l\u2019en\u00adtr\u2019&nbsp;aide.<\/font><\/p>\n<p style=\"margin-bottom: 0cm;\" align=\"justify\"><font face=\"Times New Roman, serif\">Noir<br>\n&amp;&nbsp;Rouge<\/font><\/p>\n","protected":false},"excerpt":{"rendered":"<p>Au terme de cette \u00e9tude quelques conclu\u00adsions s\u2019imposent&nbsp;: 1\u00b0) Le natio\u00adna\u00adlisme poli\u00adtique, \u00e9co\u00adno\u00admique et cultu\u00adrel&nbsp;est peut-\u00eatre le ph\u00e9\u00adno\u00adm\u00e8ne le plus impor\u00adtant,&nbsp;tout au moins le plus visible de la soci\u00e9\u00adt\u00e9 contem\u00adpo\u00adraine. 2\u00b0) Le mou\u00adve\u00adment ouvrier n\u2019\u00e9\u00adchappe pas \u00e0 la divi\u00adsion&nbsp;en nations \u2015 et les s\u00e9pa\u00adra\u00adtions ver\u00adti\u00adcales en nations se r\u00e9v\u00e8lent, en&nbsp;r\u00e8gle g\u00e9n\u00e9\u00adrale, plus fortes que&nbsp;les&nbsp;[\u2026]<\/p>\n","protected":false},"author":1,"featured_media":0,"comment_status":"closed","ping_status":"closed","sticky":false,"template":"","format":"standard","meta":{"wp_typography_post_enhancements_disabled":false,"footnotes":""},"categories":[81],"tags":[],"ppma_author":[540],"class_list":["post-675","post","type-post","status-publish","format-standard","hentry","category-noir-rouge-n7-8-ete-automne-1957"],"authors":[{"term_id":540,"user_id":1,"is_guest":0,"slug":"admin_3gikpwyf","display_name":"Vincent Dubuc","avatar_url":"https:\/\/secure.gravatar.com\/avatar\/d015720652c25fd2ced191ade86430094e1f288a17483713e3b34d26dea52507?s=96&d=mm&r=g","author_category":"","user_url":"https:\/\/la-presse-anarchiste.net","last_name":"Dubuc","first_name":"Vincent","job_title":"","description":""}],"_links":{"self":[{"href":"https:\/\/la-presse-anarchiste.net\/index.php\/wp-json\/wp\/v2\/posts\/675","targetHints":{"allow":["GET"]}}],"collection":[{"href":"https:\/\/la-presse-anarchiste.net\/index.php\/wp-json\/wp\/v2\/posts"}],"about":[{"href":"https:\/\/la-presse-anarchiste.net\/index.php\/wp-json\/wp\/v2\/types\/post"}],"author":[{"embeddable":true,"href":"https:\/\/la-presse-anarchiste.net\/index.php\/wp-json\/wp\/v2\/users\/1"}],"replies":[{"embeddable":true,"href":"https:\/\/la-presse-anarchiste.net\/index.php\/wp-json\/wp\/v2\/comments?post=675"}],"version-history":[{"count":0,"href":"https:\/\/la-presse-anarchiste.net\/index.php\/wp-json\/wp\/v2\/posts\/675\/revisions"}],"wp:attachment":[{"href":"https:\/\/la-presse-anarchiste.net\/index.php\/wp-json\/wp\/v2\/media?parent=675"}],"wp:term":[{"taxonomy":"category","embeddable":true,"href":"https:\/\/la-presse-anarchiste.net\/index.php\/wp-json\/wp\/v2\/categories?post=675"},{"taxonomy":"post_tag","embeddable":true,"href":"https:\/\/la-presse-anarchiste.net\/index.php\/wp-json\/wp\/v2\/tags?post=675"},{"taxonomy":"author","embeddable":true,"href":"https:\/\/la-presse-anarchiste.net\/index.php\/wp-json\/wp\/v2\/ppma_author?post=675"}],"curies":[{"name":"wp","href":"https:\/\/api.w.org\/{rel}","templated":true}]}}