{"id":677,"date":"2007-08-19T09:50:11","date_gmt":"2007-08-19T09:50:11","guid":{"rendered":"https:\/\/la-presse-anarchiste.net\/index.php\/2007\/08\/19\/courrier-8\/"},"modified":"2007-08-19T09:50:11","modified_gmt":"2007-08-19T09:50:11","slug":"courrier-8","status":"publish","type":"post","link":"https:\/\/la-presse-anarchiste.net\/index.php\/2007\/08\/19\/courrier-8\/","title":{"rendered":"Courrier"},"content":{"rendered":"<div class=\"pdfprnt-buttons pdfprnt-buttons-post pdfprnt-top-right\"><a href=\"https:\/\/la-presse-anarchiste.net\/index.php\/wp-json\/wp\/v2\/posts\/677?print=pdf\" class=\"pdfprnt-button pdfprnt-button-pdf\" target=\"_blank\"><img decoding=\"async\" src=\"https:\/\/la-presse-anarchiste.net\/wp-content\/plugins\/pdf-print\/images\/pdf.png\" alt=\"image_pdf\" title=\"Afficher le PDF\"><\/a><a href=\"https:\/\/la-presse-anarchiste.net\/index.php\/wp-json\/wp\/v2\/posts\/677?print=print\" class=\"pdfprnt-button pdfprnt-button-print\" target=\"_blank\"><img decoding=\"async\" src=\"https:\/\/la-presse-anarchiste.net\/wp-content\/plugins\/pdf-print\/images\/print.png\" alt=\"image_print\" title=\"Contenu imprim\u00e9\"><\/a><\/div><p style=\"margin-bottom: 0cm;\">Cama\u00adrades,<\/p>\n<p style=\"margin-bottom: 0cm;\" align=\"justify\">J\u2019ai lu quelques uns&nbsp;des<br>\nnum\u00e9\u00adros de votre revue, par\u00adcou\u00adru plu\u00adt\u00f4t car je&nbsp;dois<br>\nl\u2019a\u00advouer, pro\u00adl\u00e9\u00adtaire de deuxi\u00e8me classe, je n\u2019y ai&nbsp;pas<br>\ncom\u00adpris grand chose. Vous me direz qu\u2019il <i>y <\/i><span style=\"font-style: normal;\">a<br>\neu erreur d\u2019ai\u00adguillage et vous m\u2019in\u00addi\u00adque\u00adrez sans doute&nbsp;tr\u00e8s<br>\nobli\u00adgeam\u00adment quelques p\u00e9rio\u00addiques plus acces\u00adsibles a<br>\nl\u2019en\u00adten\u00adde\u00adment d\u2019un primaire.<\/span><\/p>\n<p style=\"margin-bottom: 0cm;\" align=\"justify\"><span style=\"font-style: normal;\">Mais<br>\nl\u00e0, je vous arr\u00eate, car je connais un peu&nbsp;;\u00e0<br>\npart <\/span><i>le monde liber\u00adtaire <\/i><span style=\"font-style: normal;\">et<br>\n<\/span><i>Espoir CNT<\/i><span style=\"font-style: normal;\">, plus<br>\nouverts \u00e0 un public large (mais qui me font pen\u00adser qu\u2019au&nbsp;bout<br>\nde quelques ann\u00e9es, l\u2019on doit avoir l\u2019im\u00adpres\u00adsion de lire&nbsp;la<br>\nmesse), je ne vois que des canards mili\u00adtants qui s\u2019\u00e9tendent<br>\nbeau\u00adcoup sur quelques luttes iso\u00adl\u00e9es, peut&nbsp;\u00eatre<br>\nexem\u00adplaires, mais qui, pour l\u2019es\u00adsen\u00adtiel, res\u00adtent tota\u00adle\u00adment en dehors<br>\ndes pro\u00adbl\u00e8mes r\u00e9els de la vie quo\u00adti\u00addienne, des<br>\ntra\u00advailleurs en g\u00e9n\u00e9\u00adral, et qui du reste, ne doivent<br>\nint\u00e9\u00adres\u00adser que les mili\u00adtants de l\u2019or\u00adga\u00adni\u00adsa\u00adtion eux&nbsp;m\u00eames.<\/span><\/p>\n<p style=\"margin-bottom: 0cm;\" align=\"justify\"><span style=\"font-style: normal;\">Alors,vous<br>\npen\u00adsez, lors\u00adqu\u2019on rep\u00e8re une revue de cri\u00adtique anarchiste,<br>\nd\u2019une pr\u00e9\u00adsen\u00adta\u00adtion soi\u00adgn\u00e9e, l\u2019on se dit que l\u2019on&nbsp;a<br>\ntrou\u00adv\u00e9 l\u2019ins\u00adtru\u00adment idoine du savoir. H\u00e9las, au d\u00e9part<br>\nune belle envo\u00adl\u00e9e \u00e0 laquelle je repro\u00adche\u00adrais un langage<br>\n\u00e9so\u00adt\u00e9\u00adrique, qui doit d\u2019ailleurs bien faire plai\u00adsir&nbsp;\u00e0<br>\nceux qui ont l\u2019im\u00adpres\u00adsion de com\u00adprendre&nbsp;; il faut croire que&nbsp;le<br>\nmou\u00adve\u00adment a ses ini\u00adti\u00e9s lui aus\u00adsi (l\u2019on reproche bien&nbsp;la<br>\nlangue de bois des bureau\u00adcrates du P.C., pour\u00adquoi ne reprocherait-on<br>\npas un lan\u00adgage her\u00adm\u00e9\u00adtique aux intel\u00adlec\u00adtuels de l\u2019anarchisme).<br>\nAssez curieux tout de m\u00eame,car, les grands devan\u00adciers&nbsp;pour<br>\nl\u2019es\u00adsen\u00adtiel se lisent sans dif\u00adfi\u00adcul\u00adt\u00e9 sinon avec int\u00e9r\u00eat.<br>\nMais, n\u2019est ce pas, com\u00adment para\u00eetre de son temps si&nbsp;l\u2019on<br>\nn\u2019u\u00adti\u00adlise pas un lan\u00adgage incor\u00adpo\u00adrant la ter\u00admi\u00adno\u00adlo\u00adgie socio\u00adlo\u00adgique&nbsp;de<br>\nnotre \u00e9poque. \u00c0 ce jeu, il <\/span><i>y <\/i><span style=\"font-style: normal;\">a<br>\ncas\u00adsure entre les grosses t\u00eates et les infan\u00adtiles de la&nbsp;base.<\/span><\/p>\n<p style=\"margin-bottom: 0cm;\" align=\"justify\">J\u2019ad\u00admets que c\u2019est&nbsp;une<br>\ncri\u00adtique mineure, et le fond du pro\u00adbl\u00e8<span style=\"font-style: normal;\">me<br>\nn\u2019est pas l\u00e0, celui-ci affleure d\u2019ailleurs dans les num\u00e9ros<br>\nsui\u00advants. Au lieu de por\u00adter la cri\u00adtique anar\u00adchiste sur les donn\u00e9es<br>\nr\u00e9elles et concr\u00e8tes de la soci\u00e9t\u00e9<br>\nd\u2019au\u00adjourd\u2019\u00adhui, l\u2019on en vient tr\u00e8s vite a res\u00adsas\u00adser&nbsp;les<br>\n\u00e9ter\u00adnels dilemmes anar\u00adchisme et syn\u00addi\u00adca\u00adlisme, anar\u00adchisme et<br>\norga\u00adni\u00adsa\u00adtion, etc. Dans vingt ans, si la revue tient le coup,&nbsp;vous<br>\npour\u00adrez repas\u00adser les m\u00eames articles, ils sont valables pour&nbsp;les<br>\nsi\u00e8cles des si\u00e8cles, l\u2019a\u00adnar\u00adchisme ne date pas d\u2019hier,<br>\nil est d\u2019une autre pla\u00adn\u00e8te, en atten\u00addant, nous les minus de&nbsp;la<br>\nbase, d\u00e9mer\u00addons nous a<\/span>vec \u00e7a.<\/p>\n<p style=\"margin-bottom: 0cm; font-style: normal;\" align=\"justify\">La<br>\nr\u00e9sur\u00adgence de l\u2019a\u00adnar\u00adchisme en Espagne a regon\u00adfl\u00e9&nbsp;tous<br>\nles liber\u00adtaires de France, et vous avez essay\u00e9 d\u2019ex\u00adpli\u00adci\u00adter&nbsp;la<br>\nsitua\u00adtion du mou\u00adve\u00adment espa\u00adgnol&nbsp;; tr\u00e8s bien, mais&nbsp;d\u00e9j\u00e0,<br>\nl\u2019on voit poindre le pre\u00admier enthou\u00adsiasme pas\u00ads\u00e9, les dents&nbsp;de<br>\nla cri\u00adtique pure et dure des anar\u00adchistes fran\u00ad\u00e7ais alors&nbsp;que<br>\nles v\u00e9ri\u00adtables ques\u00adtions \u00e9taient a mon sens&nbsp;les<br>\nsuivantes&nbsp;:<\/p>\n<p style=\"margin-bottom: 0cm;\" align=\"justify\">\u2014 <span style=\"font-style: normal;\">Pour\u00adquoi<br>\nune \u00e9cole de pen\u00ads\u00e9e aus\u00adsi riche que l\u2019a\u00adnar\u00adchisme dont<br>\nles grands th\u00e8mes s\u2019im\u00adposent d\u2019eux m\u00eame, et&nbsp;sont<br>\nd\u2019ailleurs fort pro\u00adpre\u00adment r\u00e9cup\u00e9r\u00e9s<br>\n(auto\u00adges\u00adtion, cri\u00adtique radi\u00adcale de l\u2019\u00e9\u00adtat et du mar\u00adxisme&nbsp;en<br>\ng\u00e9n\u00e9\u00adral, pro\u00adduc\u00adtion-consom\u00adma\u00adtion et \u00e9cologie,<br>\nr\u00e9vo\u00adlu\u00adtion glo\u00adbale incor\u00adpo\u00adrant celle des struc\u00adtures mentales,<br>\nlutte extra-par\u00adle\u00admen\u00adtaire, paci\u00adfisme, anti\u00admi\u00adli\u00adta\u00adrisme, lib\u00e9ration<br>\nsexuelle, lib\u00e9\u00adra\u00adtion de la femme, d\u00e9cen\u00adtra\u00adli\u00adsa\u00adtion&nbsp;et<br>\nf\u00e9d\u00e9\u00adra\u00adlisme, etc.) ne peut-elle don<\/span>ner en France<br>\nque de maigres avor\u00adtons orga\u00adni\u00adsa\u00adtion\u00adnels dont la seule justification<br>\nsemble \u00eatre alter\u00adna\u00adti\u00adve\u00adment, de se d\u00e9chi\u00adrer entre eux&nbsp;et<br>\nde se r\u00e9unir, et la seule fonc\u00adtion de contem\u00adpler leur&nbsp;image<br>\ndans les eaux pures de l\u2019a\u00adnar\u00adchie sans doute avec une certaine<br>\nluci\u00addi\u00adt\u00e9, mais tout cela dans la plus totale impuissance<br>\nd\u2019a\u00adgir sur le&nbsp;r\u00e9el&nbsp;?<\/p>\n<p style=\"margin-bottom: 0cm;\" align=\"justify\">\u2014 Pour\u00adquoi,&nbsp;au<br>\ncontraire, l\u2019a\u00adnar\u00adchisme espa\u00adgnol donne-t-il l\u2019im\u00adpres\u00adsion d\u2019une plante<br>\nvivace et indes\u00adtruc\u00adtible d\u2019un cou\u00adrant authen\u00adti\u00adque\u00adment populaire&nbsp;?<\/p>\n<p style=\"margin-bottom: 0cm;\" align=\"justify\">Affaire de temp\u00e9rament<br>\net de qua\u00adli\u00adt\u00e9 humaine, peut-\u00eatre, mais sur\u00adtout parce&nbsp;que<br>\nle mou\u00adve\u00adment espa\u00adgnol, au sor\u00adtir de la nuit fran\u00adquiste loin&nbsp;des<br>\nmiasmes de l\u2019exil, plonge ses racines dans la vie r\u00e9elle, dans<br>\nles pro\u00adbl\u00e8mes concrets de la vie de tous les&nbsp;jours.<\/p>\n<p style=\"margin-bottom: 0cm;\" align=\"justify\">Alors que d\u2019un c\u00f4t\u00e9,l\u2019on<br>\ns\u2019ac\u00adcroche d\u00e9ses\u00adp\u00e9\u00adr\u00e9\u00adment aux grands principes<br>\nabso\u00adlus pour finir par res\u00adter sur le quai, de l\u2019autre, l\u2019on n\u2019h\u00e9site<br>\npas a prendre le train en marche, quitte \u00e0 ce que&nbsp;les<br>\nques\u00adtions pos\u00e9es soient a moi\u00adti\u00e9 r\u00e9so\u00adlues&nbsp;par<br>\nl\u2019ac\u00adtion et pour une autre moi\u00adti\u00e9 par la valeur th\u00e9orique<br>\ndes mili\u00adtants. Cela n\u2019emp\u00eache pas les conne\u00adries, mais celles-ci<br>\nsont les le\u00e7ons indis\u00adpen\u00adsables pour affron\u00adter l\u2019avenir.<\/p>\n<p style=\"margin-bottom: 0cm;\" align=\"justify\">Vos digres\u00adsions sur&nbsp;la<br>\nsoi-disante contra\u00addic\u00adtion r\u00e9formisme\/\u200br\u00e9volution,<br>\nsyndicalisme\/\u200banarchisme, ch\u00e2tre lit\u00adt\u00e9\u00adra\u00adle\u00adment&nbsp;vos<br>\nlec\u00adteurs. L\u2019ac\u00adtion r\u00e9vo\u00adlu\u00adtion\u00adnaire n\u2019est rien d\u2019autre que<br>\nl\u2019ac\u00adtion reven\u00addi\u00adca\u00adtive, et celle-ci est soit amor\u00adtie \u00e0&nbsp;temps<br>\npar le pou\u00advoir \u00e9co\u00adno\u00admique et\/\u200bou poli\u00adtique, soit g\u00e9n\u00e9ratrice<br>\nd\u2019une dyna\u00admique r\u00e9vo\u00adlu\u00adtion\u00adnaire. Dans le pre\u00admier cas, c\u2019est&nbsp;du<br>\nr\u00e9for\u00admisme, dans le second un acte r\u00e9volutionnaire.<br>\nAvoir peur du pre\u00admier est se refu\u00adser au second, puisque il s\u2019agit<br>\nd\u2019un seul et m\u00eame ins\u00adtru\u00adment. Et ici j\u2019en\u00adtends&nbsp;la<br>\nrevendication\/\u200bcontestation dans son sens le plus g\u00e9n\u00e9ral,<br>\naus\u00adsi bien par exemple les contes\u00adta\u00adtions des auto\u00adnomes que&nbsp;les<br>\nreven\u00addi\u00adca\u00adtions sala\u00adriales ou por\u00adtant sur les condi\u00adtions de travail.<br>\nLes gloses sur la soci\u00e9\u00adt\u00e9 de consom\u00adma\u00adtion, par ailleurs<br>\nfort int\u00e9\u00adres\u00adsantes et jus\u00adti\u00adfiant d\u2019amples d\u00e9veloppements,<br>\nne modi\u00adfient pas pour l\u2019es\u00adsen\u00adtiel les rap\u00adports entre les classes<br>\nantagonistes.<\/p>\n<p style=\"margin-bottom: 0cm;\" align=\"justify\">Ne vous esclaf\u00adfez&nbsp;pas<br>\ntrop vite les bureau\u00adcra\u00adties syn\u00addi\u00adcales ne sont ni r\u00e9formistes<br>\nni r\u00e9vo\u00adlu\u00adtion\u00adnaires lorsque elles impulsent ou cau\u00adtionnent une<br>\nreven\u00addi\u00adca\u00adtion, elles sont r\u00e9for\u00admistes lors\u00adqu\u2019elles enferment<br>\nla reven\u00addi\u00adca\u00adtion dans le cadre du sys\u00adt\u00e8me, et c\u2019est&nbsp;\u00e0<br>\nl\u2019\u00e9\u00advi\u00addence le cas du bureau conf\u00e9\u00add\u00e9\u00adral F.O.,&nbsp;de<br>\nla C.F.T.C., de la C.G.C.. Par contre, il est \u00e0 la fois&nbsp;vrai<br>\net faux de dire que la C.F.D.T. et la C.G.T. sont r\u00e9formistes,<br>\nces deux cen\u00adtrales sont r\u00e9for\u00admistes lorsque elles placent le<br>\nmou\u00adve\u00adment ouvrier \u00e0 la remorque des par\u00adtis poli\u00adtiques dont<br>\ntoute l\u2019ac\u00adti\u00advi\u00adt\u00e9 est ins\u00adcrite au sein des ins\u00adti\u00adtu\u00adtions. La<br>\nC.F.D.T. n\u2019est pas r\u00e9for\u00admiste quand elle appa\u00adra\u00eet&nbsp;dans<br>\nsa base et dans ses struc\u00adtures comme la base logis\u00adtique principale<br>\nd\u2019un pos\u00adsible pro\u00adces\u00adsus r\u00e9vo\u00adlu\u00adtion\u00adnaire en France, de&nbsp;m\u00eame<br>\nla C.G.T. n\u2019est pas r\u00e9for\u00admiste lors\u00adqu\u2019elle demeure le support<br>\nprin\u00adci\u00adpal d\u2019une \u00e9ven\u00adtuelle prise de pou\u00advoir d\u2019\u00e9\u00adtat&nbsp;par<br>\nle P.C. et qui peut exclure une telle \u00e9ven\u00adtua\u00adli\u00adt\u00e9,&nbsp;que<br>\nle pro\u00adjet de soci\u00e9\u00adt\u00e9 de ce der\u00adnier nous plaise ou&nbsp;non.<\/p>\n<p style=\"margin-bottom: 0cm;\" align=\"justify\">Soit, il faut ana\u00adly\u00adser&nbsp;la<br>\nreven\u00addi\u00adca\u00adtion pour qu\u2019elle ne se retourne pas contre nous. Et&nbsp;l\u00e0,<br>\nnous abor\u00addons votre sem\u00adpi\u00adter\u00adnelle contradiction<br>\nanarchisme\/\u200borganisation. Pre\u00adnons le pro\u00adbl\u00e8me par un&nbsp;bout&nbsp;:<br>\nqu\u2019est-ce que la poli\u00adtique dans son sens id\u00e9al tout au&nbsp;moins<br>\n(si le mot nous effraie, nous en cher\u00adche\u00adrons un autre plus&nbsp;tard)&nbsp;:<br>\nc\u2019est la m\u00e9dia\u00adtion entre l\u2019in\u00adt\u00e9\u00adr\u00eat&nbsp;priv\u00e9<br>\net l\u2019in\u00adt\u00e9\u00adr\u00eat de la collectivit\u00e9<\/p>\n<p style=\"margin-bottom: 0cm;\" align=\"justify\">Arr\u00ea\u00adtons&nbsp;l\u00e0<br>\nla d\u00e9fi\u00adni\u00adtion, puisque nous refu\u00adsons au poli\u00adtique le droit&nbsp;de<br>\ng\u00e9rer les affaires de la cit\u00e9. Mais il est clair&nbsp;que<br>\nnous ne pou\u00advons emp\u00ea\u00adcher per\u00adsonne de pen\u00adser la&nbsp;fa\u00e7on<br>\ndont devrait \u00eatre orga\u00adni\u00ads\u00e9e la soci\u00e9\u00adt\u00e9,&nbsp;et<br>\ntoute la ques\u00adtion est l\u00e0&nbsp;: il s\u2019a\u00adgit de main\u00adte\u00adnir&nbsp;le<br>\npoli\u00adtique a sa v\u00e9ri\u00adtable place, celle qui consiste a formuler<br>\ndes pro\u00adpo\u00adsi\u00adtions, et a lui inter\u00addire la ges\u00adtion des affaires de&nbsp;la<br>\ncol\u00adlec\u00adti\u00advi\u00adt\u00e9, car alors nous construi\u00adrions l\u2019\u00c9\u00adtat&nbsp;en<br>\ntant que force auto\u00adnome de domi\u00adna\u00adtion dans le cadre d \u2018une soci\u00e9t\u00e9<br>\ncommuniste.<\/p>\n<p style=\"margin-bottom: 0cm;\" align=\"justify\">\u00c0 par\u00adtir de&nbsp;l\u00e0,<br>\nil est facile de d\u00e9fi\u00adnir la place et la nature d\u2019une<br>\norga\u00adni\u00adsa\u00adtion anar\u00adchiste. Celle-ci,  est un cercle d\u2019\u00e9laboration<br>\nth\u00e9o\u00adrique et de confron\u00adta\u00adtion per\u00adma\u00adnente des diff\u00e9rentes<br>\nacti\u00advi\u00adt\u00e9s qui s\u2019exercent, au dehors de l\u2019organisation<br>\nsp\u00e9\u00adci\u00adfique. En aucun cas, elle n\u2019est un but en soi, elle&nbsp;n\u2019est<br>\nau plus que le lieu de ren\u00adcontre de ceux qui viennent confronter<br>\nleurs exp\u00e9\u00adriences r\u00e9elles aux grandes id\u00e9es<br>\nmotrices de leur \u00e9cole de pen\u00ads\u00e9e. Dans une&nbsp;telle<br>\npers\u00adpec\u00adtive, les grands pr\u00eatres des mul\u00adtiples cha\u00adpelles, n\u2019ont<br>\nplus d\u2019emploi, les com\u00adbats de coqs des diverses ten\u00addances, perdent<br>\ntout leur int\u00e9\u00adr\u00eat, l\u2019\u00e9\u00adter\u00adnelle guerre intestine<br>\ndans le mou\u00adve\u00adment, n\u2019 a plus d\u2019ob\u00adjet, car le type qui vient du&nbsp;grand<br>\nlarge n\u2019ou\u00adblie jamais d\u2019ou\u00advrir les fen\u00eatres, il ne supporte<br>\nplus l\u2019air confi\u00adn\u00e9 des chambres closes<\/p>\n<p style=\"margin-bottom: 0cm;\" align=\"justify\">Cette fonc\u00adtion&nbsp;de<br>\nl\u2019or\u00adga\u00adni\u00adsa\u00adtion exige aus\u00adsi bien la mul\u00adti\u00adpli\u00adca\u00adtion des groupes et&nbsp;des<br>\np\u00e9rio\u00addiques, que la coor\u00addi\u00adna\u00adtion a dif\u00adf\u00e9\u00adrents niveaux,<br>\ncar tous les mili\u00adtants d\u00e9ta\u00adch\u00e9s \u00e0&nbsp;leurs<br>\ndif\u00adf\u00e9\u00adrentes bases d\u2019ac\u00adti\u00advi\u00adt\u00e9 ont besoin jus\u00adte\u00adment&nbsp;d\u2019un<br>\nsup\u00adport th\u00e9o\u00adrique constant qui leur per\u00admette de ne pas&nbsp;se<br>\nlais\u00adser engluer dans les pro\u00adbl\u00e8mes parcellaires.<\/p>\n<p style=\"margin-bottom: 0cm;\" align=\"justify\">Sur cette base, je&nbsp;puis<br>\nreprendre mot pour mot l\u2019ar\u00adticle de <i>Ren\u00e9 (voir Lanterne<br>\nNoire num\u00e9\u00adro 6\u200a\u2013\u200a7 p. 13) <\/i><span style=\"font-style: normal;\">sur<br>\nl\u2019\u00e9\u00admer\u00adgence de l\u2019or\u00adga\u00adni\u00adsa\u00adtion qui me parait d\u2019un pragmatisme<br>\nde bon aloi, a la r\u00e9serve pr\u00e8s que dans mon optique,<br>\nl\u2019or\u00adga\u00adni\u00adsa\u00adtion sp\u00e9\u00adci\u00adfique n\u2019in\u00adter\u00advient jamais sur le plan&nbsp;de<br>\nl\u2019ac\u00adtion mais a tra\u00advers les divers orga\u00adnismes de lutte, ce&nbsp;qui<br>\nconduit cette orga\u00adni\u00adsa\u00adtion a n\u2019\u00eatre en fait qu\u2019un lieu&nbsp;de<br>\nr\u00e9flexion, une r\u00e9flexion qui n\u2019est plus l\u2019a\u00adpa\u00adnage&nbsp;de<br>\nquelques cama\u00adrades, dou\u00e9s pour l\u2019abs\u00adtrac\u00adtion, mais devient<br>\nl\u2019af\u00adfaire de tous, en obli\u00adgeant cha\u00adcun a se remettre en ques\u00adtion&nbsp;dans<br>\nson ex<\/span>p\u00e9rience pra\u00adtique au sein des organisations<br>\next\u00e9rieures.<\/p>\n<p style=\"margin-bottom: 0cm;\" align=\"justify\"><span style=\"font-style: normal;\">Pour<br>\nconclure, j\u2019ai\u00adme\u00adrais qu\u2019une revue de cri\u00adtique anar\u00adchiste, puisse<br>\nentre\u00adprendre cer\u00adtaines ana\u00adlyses, sur des sujets tels que la&nbsp;crise<br>\n\u00e9co\u00adno\u00admique actuelle, les carac\u00adt\u00e9\u00adris\u00adtiques de l\u2019\u00e9tat<br>\net sa fonc\u00adtion r\u00e9gu\u00adla\u00adtrice de l\u2019\u00e9\u00adco\u00adno\u00admie dans&nbsp;notre<br>\n\u00ab&nbsp;soci\u00e9\u00adt\u00e9 indus\u00adtrielle avanc\u00e9e&nbsp;\u00bb,<br>\net moins ambi\u00adtieu\u00adse\u00adment dis\u00adcou\u00adrir un peu sur la sophis\u00adtique&nbsp;des<br>\ngrandes vedettes de l\u2019\u00c9\u00adtat spec\u00adtacle qui s\u2019a\u00addressent presque<br>\nchaque jour a des mil\u00adlions de travailleurs.<\/span><\/p>\n<p style=\"margin-bottom: 0cm;\" align=\"justify\"><span style=\"font-style: normal;\">Nous<br>\narri\u00adve\u00adrions peut-\u00eatre \u00e0 induire cer\u00adtaines r\u00e9alit\u00e9s<br>\nde plus en plus \u00e9vi\u00addentes, a savoir une large offen\u00adsive&nbsp;du<br>\nCapi\u00adtal pour recon\u00adsi\u00add\u00e9\u00adrer le pou\u00advoir d\u2019a\u00adchat des salari\u00e9s<br>\nafin, de leur faire sup\u00adpor\u00adter l\u2019aug\u00admen\u00adta\u00adtion de cer\u00adtaines mati\u00e8res<br>\npre\u00admi\u00e8res, en pre\u00admier lieu celle de l\u2019\u00e9ner\u00adgie, et&nbsp;en<br>\ncons\u00e9\u00adquence, d\u2019un red\u00e9\u00adploie\u00adment n\u00e9ces\u00adsaire&nbsp;de<br>\nl\u2019ap\u00adpa\u00adreil de pro\u00adduc\u00adtion, la concen\u00adtra\u00adtion et la restruc\u00adtu\u00adra\u00adtion&nbsp;des<br>\nentre\u00adprises per\u00admet\u00adtant une aug\u00admen\u00adta\u00adtion sen\u00adsible de la productivit\u00e9,<br>\net donc du taux d\u2019ex\u00adploi\u00adta\u00adtion, ceci afin de faire face a&nbsp;une<br>\np\u00e9riode de tran\u00adsi\u00adtion vers un nou\u00adveau boom de production<br>\ndes\u00adti\u00adn\u00e9 \u00e0 la consom\u00adma\u00adtion de&nbsp;masse.<\/span><\/p>\n<p style=\"margin-bottom: 0cm;\" align=\"justify\"><span style=\"font-style: normal;\">J\u2019ai<br>\ndit \u00ab&nbsp;peut \u00eatre&nbsp;\u00bb, car la&nbsp;th\u00e8se<br>\ndemande encore a \u00eatre expli\u00adci\u00adt\u00e9e et prou\u00adv\u00e9e.&nbsp;En<br>\ntous cas, elle expli\u00adque\u00adrait la n\u00e9ces\u00adsi\u00adt\u00e9 d\u2019une&nbsp;part,<br>\nd\u2019in\u00adcor\u00adpo\u00adrer la gauche au pou\u00advoir gou\u00adver\u00adne\u00admen\u00adtal afin de faire avaler<br>\nles sacri\u00adfices n\u00e9ces\u00adsaires \u00e0 l\u2019aide des kapos patent\u00e9s<br>\nde la classe ouvri\u00e8re, d\u2019autre part, la n\u00e9cessit\u00e9<br>\n\u00e9ga\u00adle\u00adment de natio\u00adna\u00adli\u00adser les sec\u00adteurs non ren\u00adtables de<br>\nl\u2019\u00e9\u00adco\u00adno\u00admie de fa\u00e7on a d\u00e9pla\u00adcer les capitaux<br>\ndis\u00adpo\u00adnibles vers les sec\u00adteurs les plus r\u00e9mun\u00e9rateurs.<\/span><\/p>\n<p style=\"margin-bottom: 0cm;\" align=\"justify\"><span style=\"font-style: normal;\">Ce<br>\nqui bien s\u00fbr nous am\u00e8ne \u00e0 d\u00e9non\u00adcer&nbsp;toute<br>\nillu\u00adsion sur une vic\u00adtoire \u00e9lec\u00adto\u00adrale de la gauche, quoiqu\u2019il<br>\nfaut bien com\u00adprendre que les tra\u00advailleurs n\u2019ont pas int\u00e9r\u00eat<br>\n\u00e0 faire l\u2019\u00e9\u00adco\u00adno\u00admie d\u2019une telle exp\u00e9\u00adrience (de<br>\ntoute fa\u00e7on, cela ne d\u00e9pend pas de nous, et si&nbsp;cela<br>\nd\u00e9pen\u00addait de nous les choses ne seraient pas en l\u2019\u00e9tat),<br>\ncar c\u2019est pr\u00e9\u00adci\u00ads\u00e9\u00adment une gauche \u00e9ternellement<br>\nvain\u00adcue qui fait rena\u00eetre sans cesse les illusions<br>\npar\u00adle\u00admen\u00adtaires. \u00c0 cela s\u2019a\u00adjoute le fait que pour les petits<br>\nsala\u00adri\u00e9s, il n\u2019est pas indif\u00adf\u00e9\u00adrent que certaines<br>\nreven\u00addi\u00adca\u00adtions soient satis\u00adfaites dix ans plus t\u00f4t ou plus&nbsp;tard<br>\nd\u2019au\u00adtant qu\u2019il n\u2019est pas cer\u00adtain qu\u2019une vic\u00adtoire de la gauche<br>\nn\u2019en\u00adclen\u00adche\u00adrait pas une dyna\u00admique reven\u00addi\u00adca\u00adtive, et per\u00adsonne ne&nbsp;peut<br>\ndire \u00e0 l\u2019a\u00advance qu\u2019elle en serait l\u2019issu.<\/span><\/p>\n<p style=\"margin-bottom: 0cm;\" align=\"justify\"><span style=\"font-style: normal;\">En<br>\nfait d\u2019en\u00adclen\u00adche\u00adment, j\u2019ai bien enten\u00addu d\u00e9clench\u00e9<br>\nl\u2019hi\u00adla\u00adri\u00adt\u00e9 dans la docte assis\u00adtance, car vous poss\u00e9dez<br>\nbien s\u00fbr la vraie v\u00e9ri\u00adt\u00e9 anar<\/span>chiste, et<br>\nmoi mis\u00e9\u00adrable tra\u00advailleur ali\u00e9\u00adn\u00e9, je ne poss\u00e8de<br>\nque la r\u00e9volte et le d\u00e9ses\u00adpoir, ce qui peut conduire<br>\nentre autres \u00e0 ces sortes de divagations.<\/p>\n<p style=\"margin-bottom: 0cm;\" align=\"justify\">fra\u00adter\u00adnel\u00adle\u00adment <\/p>\n<p style=\"margin-bottom: 0cm;\" align=\"justify\">Erd\u00adna<\/p>\n<p><strong>R\u00e9ponse<\/strong><\/p>\n<p style=\"margin-bottom: 0cm;\" align=\"justify\">\u2014 Une revue \u00e9sot\u00e9rique<br>\net hors du&nbsp;temps&nbsp;?<\/p>\n<p style=\"margin-bottom: 0cm;\" align=\"justify\">On a sou\u00advent&nbsp;fait<br>\nreproche a la lan\u00adterne, y com\u00adpris au sein de notre groupe, d\u2019\u00eatre<br>\ntrop intel\u00adlec\u00adtuelle, trop dif\u00adfi\u00adcile \u00e0 lire. Cela&nbsp;\u00e0<br>\nnotre avis, ne peut concer\u00adner qu\u2019une par\u00adtie de la revue, et pas&nbsp;la<br>\nplus impor\u00adtante, mais, c\u2019est quand m\u00eame encore trop&nbsp;;&nbsp;il<br>\nest tr\u00e8s dif\u00adfi\u00adcile d\u2019\u00e9\u00adcrire autre\u00adment que comme on en&nbsp;a<br>\nl\u2019ha\u00adbi\u00adtude&nbsp;; la solu\u00adtion que nous ten\u00adtons d\u2019a\u00addop\u00adter est&nbsp;la<br>\nlec\u00adture col\u00adlec\u00adtive et la r\u00e9\u00e9cri\u00adture de tous&nbsp;les<br>\narticles, dans la mesure o\u00f9 cela est pos\u00adsible sans ampu\u00adter&nbsp;le<br>\nsens. Pour\u00adtant, il existe aus\u00adsi un r\u00e9flexe<br>\n\u00ab&nbsp;anti-concep\u00adtuel&nbsp;\u00bb, \u00ab&nbsp;anti-th\u00e9o\u00adrique&nbsp;\u00bb&nbsp;chez<br>\nles liber\u00adtaires qui masque un juste refus de l\u2019in\u00adtel\u00adlec\u00adtua\u00adlisme et&nbsp;de<br>\nl\u2019 uni\u00adver\u00adsi\u00adta\u00adrisme. Ce r\u00e9flexe est par contre, \u00e0<br>\ncombattre.<\/p>\n<p style=\"margin-bottom: 0cm;\" align=\"justify\">Hors du temps, c\u2019est<br>\npro\u00adba\u00adble\u00adment un peu vrai, tant il est cer\u00adtain qu\u2019une revue th\u00e9orique<br>\nanar\u00adchiste ne peut \u00eatre que le reflet de la pra\u00adtique de tout&nbsp;le<br>\nmou\u00adve\u00adment liber\u00adtaire. Or il y a tr\u00e8s peu de temps que celui-ci<br>\ncom\u00admence \u00e0 \u00ab&nbsp;sor\u00adtir&nbsp;\u00bb de la simple<br>\npro\u00adpa\u00adgande d\u2019i\u00add\u00e9es, pour s\u2019in\u00adves\u00adtir dans des luttes au&nbsp;sein<br>\nd\u2019un mou\u00adve\u00adment plus large. Soyons s\u00fbrs que ce chan\u00adge\u00adment&nbsp;aura<br>\ndes r\u00e9per\u00adcus\u00adsions sur toutes les r\u00e9flections<br>\nth\u00e9oriques.<\/p>\n<p style=\"margin-bottom: 0cm;\" align=\"justify\">\u2014 Les syn\u00addi\u00adcats&nbsp;et<br>\nl\u2019organisation<\/p>\n<p style=\"margin-bottom: 0cm;\" align=\"justify\">L\u00e0, nous sommes<br>\nmois d\u2019 accord&nbsp;; c\u2019est la struc\u00adture syn\u00addi\u00adcale que nous remettons<br>\nen cause et pas l\u2019ac\u00adtion de tel ou tel groupe de base, ou de telle&nbsp;ou<br>\ntelle sec\u00adtion. Nos posi\u00adtions sont connues l\u00e0 dessus<\/p>\n<p style=\"margin-bottom: 0cm;\" align=\"justify\">Quant a l\u2019organisation,<br>\nil nous semble qu\u2019elle peut aus\u00adsi \u00eatre autre chose qu\u2019un simple<br>\nlieu d\u2019\u00e9\u00adchange, de r\u00e9flexion. Cet aspect est serte&nbsp;bien<br>\nsou\u00advent n\u00e9gli\u00adg\u00e9, et il faut \u00eatre vigi\u00adlant.&nbsp;Mais<br>\nl\u2019or\u00adga\u00adni\u00adsa\u00adtion peut aus\u00adsi inter\u00adve\u00adnir sur l\u2019ac\u00adtion, comme intervention<br>\ncol\u00adlec\u00adtive d\u2019un ensemble de cama\u00adrades ayant la m\u00eame ana\u00adlyse&nbsp;et<br>\nles m\u00eames buts dans cette action. Se pri\u00adver d\u2019une&nbsp;telle<br>\npos\u00adsi\u00adbi\u00adli\u00adt\u00e9, c\u2019est s\u2019am\u00adpu\u00adter volon\u00adtai\u00adre\u00adment de toute&nbsp;une<br>\npar\u00adtie du poten\u00adtiel liber\u00adtaire qui existe et se d\u00e9veloppe.<\/p>\n<p style=\"margin-bottom: 0cm;\" align=\"justify\">Quant aux aspects<br>\n\u00e9co\u00adno\u00admiques sou\u00adle\u00adv\u00e9s, le d\u00e9bat est ouvert et&nbsp;se<br>\npour\u00adsuit dans ce num\u00e9\u00adro&nbsp;m\u00eame.<\/p>\n<p style=\"margin-bottom: 0cm;\" align=\"justify\">\n<\/p><p style=\"margin-bottom: 0cm;\" align=\"justify\">L. N.<\/p>\n","protected":false},"excerpt":{"rendered":"<p>Cama\u00adrades, J\u2019ai lu quelques uns&nbsp;des num\u00e9\u00adros de votre revue, par\u00adcou\u00adru plu\u00adt\u00f4t car je&nbsp;dois l\u2019a\u00advouer, pro\u00adl\u00e9\u00adtaire de deuxi\u00e8me classe, je n\u2019y ai&nbsp;pas com\u00adpris grand chose. Vous me direz qu\u2019il y a eu erreur d\u2019ai\u00adguillage et vous m\u2019in\u00addi\u00adque\u00adrez sans doute&nbsp;tr\u00e8s obli\u00adgeam\u00adment quelques p\u00e9rio\u00addiques plus acces\u00adsibles a l\u2019en\u00adten\u00adde\u00adment d\u2019un pri\u00admaire. Mais l\u00e0, je vous arr\u00eate, car je connais&nbsp;[\u2026]<\/p>\n","protected":false},"author":1,"featured_media":0,"comment_status":"closed","ping_status":"closed","sticky":false,"template":"","format":"standard","meta":{"wp_typography_post_enhancements_disabled":false,"footnotes":""},"categories":[43],"tags":[],"ppma_author":[540],"class_list":["post-677","post","type-post","status-publish","format-standard","hentry","category-la-lanterne-noire-na10-mars-1978"],"authors":[{"term_id":540,"user_id":1,"is_guest":0,"slug":"admin_3gikpwyf","display_name":"Vincent Dubuc","avatar_url":"https:\/\/secure.gravatar.com\/avatar\/d015720652c25fd2ced191ade86430094e1f288a17483713e3b34d26dea52507?s=96&d=mm&r=g","author_category":"","user_url":"https:\/\/la-presse-anarchiste.net","last_name":"Dubuc","first_name":"Vincent","job_title":"","description":""}],"_links":{"self":[{"href":"https:\/\/la-presse-anarchiste.net\/index.php\/wp-json\/wp\/v2\/posts\/677","targetHints":{"allow":["GET"]}}],"collection":[{"href":"https:\/\/la-presse-anarchiste.net\/index.php\/wp-json\/wp\/v2\/posts"}],"about":[{"href":"https:\/\/la-presse-anarchiste.net\/index.php\/wp-json\/wp\/v2\/types\/post"}],"author":[{"embeddable":true,"href":"https:\/\/la-presse-anarchiste.net\/index.php\/wp-json\/wp\/v2\/users\/1"}],"replies":[{"embeddable":true,"href":"https:\/\/la-presse-anarchiste.net\/index.php\/wp-json\/wp\/v2\/comments?post=677"}],"version-history":[{"count":0,"href":"https:\/\/la-presse-anarchiste.net\/index.php\/wp-json\/wp\/v2\/posts\/677\/revisions"}],"wp:attachment":[{"href":"https:\/\/la-presse-anarchiste.net\/index.php\/wp-json\/wp\/v2\/media?parent=677"}],"wp:term":[{"taxonomy":"category","embeddable":true,"href":"https:\/\/la-presse-anarchiste.net\/index.php\/wp-json\/wp\/v2\/categories?post=677"},{"taxonomy":"post_tag","embeddable":true,"href":"https:\/\/la-presse-anarchiste.net\/index.php\/wp-json\/wp\/v2\/tags?post=677"},{"taxonomy":"author","embeddable":true,"href":"https:\/\/la-presse-anarchiste.net\/index.php\/wp-json\/wp\/v2\/ppma_author?post=677"}],"curies":[{"name":"wp","href":"https:\/\/api.w.org\/{rel}","templated":true}]}}