{"id":680,"date":"2007-08-19T10:19:33","date_gmt":"2007-08-19T10:19:33","guid":{"rendered":"https:\/\/la-presse-anarchiste.net\/index.php\/2007\/08\/19\/les-femmes-dans-le-mouvement-revolutionnaire\/"},"modified":"2007-08-19T10:19:33","modified_gmt":"2007-08-19T10:19:33","slug":"les-femmes-dans-le-mouvement-revolutionnaire","status":"publish","type":"post","link":"https:\/\/la-presse-anarchiste.net\/index.php\/2007\/08\/19\/les-femmes-dans-le-mouvement-revolutionnaire\/","title":{"rendered":"Les femmes dans le mouvement r\u00e9volutionnaire"},"content":{"rendered":"<div class=\"pdfprnt-buttons pdfprnt-buttons-post pdfprnt-top-right\"><a href=\"https:\/\/la-presse-anarchiste.net\/index.php\/wp-json\/wp\/v2\/posts\/680?print=pdf\" class=\"pdfprnt-button pdfprnt-button-pdf\" target=\"_blank\"><img decoding=\"async\" src=\"https:\/\/la-presse-anarchiste.net\/wp-content\/plugins\/pdf-print\/images\/pdf.png\" alt=\"image_pdf\" title=\"Afficher le PDF\"><\/a><a href=\"https:\/\/la-presse-anarchiste.net\/index.php\/wp-json\/wp\/v2\/posts\/680?print=print\" class=\"pdfprnt-button pdfprnt-button-print\" target=\"_blank\"><img decoding=\"async\" src=\"https:\/\/la-presse-anarchiste.net\/wp-content\/plugins\/pdf-print\/images\/print.png\" alt=\"image_print\" title=\"Contenu imprim\u00e9\"><\/a><\/div><p style=\"margin-bottom: 0cm; font-style: normal; text-decoration: none;\" align=\"justify\">\n<font face=\"Times New Roman, serif\"><font size=\"3\">\t<span style>Depuis<br>\nquelques ann\u00e9es on a vu appa\u00adra\u00eetre, sur\u00adtout dans les&nbsp;pays<br>\nanglo-saxons&nbsp;: USA, Angle\u00adterre, Cana\u00adda, (et plus r\u00e9cemment<br>\nen France, Espagne, Ita\u00adlie, mais avec une exten\u00adsion moindre et&nbsp;un<br>\nd\u00e9no\u00admi\u00adna\u00adtion dif\u00adf\u00e9\u00adrente) des groupes anarcha-f\u00e9ministes<br>\n[[Le mot \u00ab&nbsp;anar\u00adcha-f\u00e9mi\u00adniste&nbsp;\u00bb a&nbsp;\u00e9t\u00e9<br>\nuti\u00adli\u00ads\u00e9, au d\u00e9part, aux U.S.A. dans les ann\u00e9es<br>\n60.]]. L\u2019i\u00add\u00e9e fon\u00adda\u00admen\u00adtale de ce cou\u00adrant est que l\u2019 anarchisme<br>\net le f\u00e9mi\u00adnisme se rejoignent, tra\u00advaillent aux&nbsp;m\u00eames<br>\nfins&nbsp;: abo\u00adli\u00adtion de l\u2019au\u00adto\u00adri\u00adt\u00e9, de l\u2019ex\u00adploi\u00adta\u00adtion, de&nbsp;1a<br>\ndomi\u00adna\u00adtion&nbsp;; que ces deux cou\u00adrants se sont jusque-l\u00e0 plus<br>\nou moins igno\u00adr\u00e9s, mais que l\u2019a\u00adnar\u00adchisme, de par sa nature<br>\nanti-auto\u00adri\u00adtaire fon\u00adda\u00admen\u00adtale englobe le f\u00e9mi\u00adnisme, et que&nbsp;le<br>\nf\u00e9mi\u00adnisme de par sa contes\u00adta\u00adtion des struc\u00adtures patriarcales<br>\nauto\u00adri\u00adtaires ne peut que d\u00e9bou\u00adcher sur l\u2019a\u00adnar\u00adchisme. On trouve<br>\nces th\u00e8ses d\u00e9ve\u00adlop\u00adp\u00e9es chez Peg\u00adgy Konnegger<br>\nentre autre [[On trouve l\u2019ex\u00adpo\u00adsi\u00adtion des id\u00e9es de P. Kornegger<br>\ndans \u00ab&nbsp;The Second Wave&nbsp;\u00bb vol.&nbsp;4<br>\nn<sup>o<\/sup>&nbsp;1.  Box 344,Cambridge, Mas\u00adsa\u00adchus<\/span>setts<br>\n .USA.<\/font><\/font><\/p>\n<p style=\"margin-bottom: 0cm; font-style: normal; text-decoration: none;\" align=\"justify\">\n<\/p><p style=\"margin-bottom: 0cm; font-style: normal; text-decoration: none;\" align=\"justify\">\n<font face=\"Times New Roman, serif\"><font size=\"3\">En voi\u00adci quelques<br>\nextraits&nbsp;: \u00ab&nbsp;Les mou\u00adve\u00adments f\u00e9mi\u00adnistes actuels<br>\nain\u00adsi qu\u2019une ana\u00adlyse radi\u00adcale de la soci\u00e9\u00adt\u00e9 <span style>ont<br>\nbeau\u00adcoup contri\u00adbu\u00e9 \u00e0 la pen\u00ads\u00e9e liber\u00adtaire. En<br>\nfait je suis pr\u00eate \u00e0 sou\u00adte\u00adnir que pen\u00addant des ann\u00e9es,<br>\nles f\u00e9mi\u00adnistes ont \u00e9t\u00e9 des anar\u00adchistes qui<br>\ns\u2019i\u00adgno\u00adraient, \u00e0 la fois par leur th\u00e9o\u00adrie et&nbsp;leur<br>\npra\u00adtique\u2026 Les pers\u00adpec\u00adtives f\u00e9mi\u00adnistes radi\u00adcales touchent \u00e0<br>\nl\u2019a\u00adnar\u00adchisme pur. La th\u00e9o\u00adrie fon\u00adda\u00admen\u00adtale consi\u00add\u00e8re&nbsp;la<br>\nfamille nucl\u00e9aire comme la base de tous les syst\u00e8mes<br>\nautoritaires.&nbsp;\u00bb]].<\/span><\/font><\/font><\/p>\n<p style=\"margin-bottom: 0cm; font-style: normal; text-decoration: none;\" align=\"justify\">\n<\/p><p style=\"margin-bottom: 0cm; font-style: normal; text-decoration: none;\" align=\"justify\">\n<font face=\"Times New Roman, serif\"><font size=\"3\">\tAussi<br>\nint\u00e9\u00adres\u00adsantes, posi\u00adtives, que puissent appa\u00adra\u00eetre ces<br>\nid\u00e9es, ce rap\u00adpro\u00adche\u00adment, sur\u00adtout pour le d\u00e9veloppement<br>\nd\u2019une pra\u00adtique f\u00e9mi\u00adniste liber\u00adtaire, elles appellent un<br>\ncer\u00adtain nombre de r\u00e9flexions sus\u00adci\u00adt\u00e9es par l\u2019impression<br>\nde \u00ab&nbsp;rac\u00adcour\u00adci&nbsp;\u00bb th\u00e9o\u00adrique et historique<br>\nres\u00adsen\u00adti \u00e0 leur \u00e9nonc\u00e9.<\/font><\/font><\/p>\n<p style=\"margin-bottom: 0cm; font-style: normal; text-decoration: none;\" align=\"justify\">\n<\/p><p style=\"margin-bottom: 0cm; font-style: normal; text-decoration: none;\" align=\"justify\">\n<font face=\"Times New Roman, serif\"><font size=\"3\">\tCes r\u00e9flexions<br>\ns\u2019ar\u00adti\u00adculent autour de plu\u00adsieurs axes&nbsp;:<\/font><\/font><\/p>\n<p style=\"margin-bottom: 0cm; font-style: normal; text-decoration: none;\" align=\"justify\">\n<\/p><p style=\"margin-bottom: 0cm; font-style: normal; text-decoration: none;\" align=\"justify\">\n<font face=\"Times New Roman, serif\"><font size=\"3\">- Est-il pos\u00adsible&nbsp;de<br>\ncom\u00adpa\u00adrer deux  id\u00e9o\u00adlo\u00adgies, deux th\u00e9o\u00adries, au&nbsp;plan<br>\nconcep\u00adtuel uni\u00adque\u00adment, gom\u00admant par l\u00e0 m\u00eame&nbsp;les<br>\nche\u00admi\u00adne\u00adments his\u00adto\u00adriques, les mou\u00adve\u00adments sociaux qui ont incarn\u00e9<br>\nces id\u00e9es&nbsp;? Le rap\u00adport f\u00e9minisme\/\u200banarchisme\/\u200bmouvement<br>\nr\u00e9vo\u00adlu\u00adtion\u00adnaire doit \u00eatre \u00e9clai\u00adr\u00e9 par&nbsp;la<br>\ncom\u00adpr\u00e9\u00adhen\u00adsion de leurs rap\u00adpro\u00adche\u00adments ponc\u00adtuels, leur<br>\n\u00e9loi\u00adgne\u00adment, voire par\u00adfois leur oppo\u00adsi\u00adtion, et les effets<br>\npro\u00adduits par ces contacts.<\/font><\/font><\/p>\n<p style=\"margin-bottom: 0cm; font-style: normal; text-decoration: none;\" align=\"justify\">\n<font face=\"Times New Roman, serif\"><font size=\"3\">- Le rapport<br>\nexis\u00adtant entre une th\u00e9o\u00adrie et des pra\u00adtiques sociales qui&nbsp;s\u2019y<br>\nr\u00e9f\u00e8rent, cela r\u00e9v\u00e9\u00adlant les d\u00e9calages<br>\nentre les pos\u00adsi\u00adbi\u00adli\u00adt\u00e9s ouvertes par la th\u00e9o\u00adrie et&nbsp;la<br>\npesan\u00adteur de l\u2019 int\u00e9\u00adrio\u00adri\u00adsa\u00adtion des struc\u00adtures dominantes.<\/font><\/font><\/p>\n<p style=\"margin-bottom: 0cm; font-style: normal; text-decoration: none;\" align=\"justify\">\n<font face=\"Times New Roman, serif\"><font size=\"3\">- L\u2019in\u00adfluence, les<br>\nr\u00e9per\u00adcus\u00adsions de cette his\u00adtoire sur le mou\u00adve\u00adment f\u00e9ministe<br>\nfran\u00ad\u00e7ais, et les pers\u00adpec\u00adtives actuelles, les blo\u00adcages et&nbsp;les<br>\npossibilit\u00e9s.<\/font><\/font><\/p>\n<p style=\"margin-bottom: 0cm; font-style: normal; text-decoration: none;\" align=\"justify\">\n<\/p><h2 class=\"western\">\n<h2>Le rapport th\u00e9orique Anarchisme\/\u200bF\u00e9minisme<\/h2>\n<p style=\"margin-bottom: 0cm; font-style: normal; text-decoration: none;\" align=\"justify\">\n<\/p><p style=\"margin-bottom: 0cm; font-style: normal; text-decoration: none;\" align=\"justify\">\n<font face=\"Times New Roman, serif\"><font size=\"3\">\tAu plan th\u00e9orique,<br>\nf\u00e9mi\u00adnisme et anar\u00adchisme se rejoignent dans l\u2019im\u00adpor\u00adtance donn\u00e9e<br>\n\u00e0 la ques\u00adtion du pou\u00advoir, de l\u2019\u00e9\u00adga\u00adli\u00adt\u00e9, de&nbsp;la<br>\nfamille, de la hi\u00e9\u00adrar\u00adchie, dans la prise en compte de<br>\nl\u2019in\u00addi\u00advi\u00addu. Mais alors que pour le f\u00e9mi\u00adnisme ces structures<br>\nsont \u00e0 com\u00adbattre en tant que lieu sp\u00e9\u00adci\u00adfique&nbsp;de<br>\nl\u2019op\u00adpres\u00adsion des femmes, prin\u00adci\u00adpa\u00adle\u00adment ou uni\u00adque\u00adment, l\u2019anarchisme<br>\nlui, prend en compte la tota\u00adli\u00adt\u00e9 des struc\u00adtures d\u2019exploitation<br>\net de domi\u00adna\u00adtion pr\u00f4\u00adnant leur des\u00adtruc\u00adtion par l\u2019ac\u00adtion directe<br>\net col\u00adlec\u00adtive des propres int\u00e9\u00adres\u00ads\u00e9s. L\u2019anarchisme<br>\nenglo\u00adbe\u00adrait-il donc en le d\u00e9pas\u00adsant le f\u00e9mi\u00adnisme&nbsp;?Serait-ce<br>\nune tau\u00adto\u00adlo\u00adgie de se dire anar\u00adchiste et f\u00e9mi\u00adniste, au&nbsp;m\u00eame<br>\ntitre qu\u2019a\u00adnar\u00adchiste et anti-mili\u00adta\u00adriste par exemple&nbsp;?<\/font><\/font><\/p>\n<p style=\"margin-bottom: 0cm; font-style: normal; text-decoration: none;\" align=\"justify\">\n<\/p><p style=\"margin-bottom: 0cm; font-style: normal; text-decoration: none;\" align=\"justify\">\n<font face=\"Times New Roman, serif\"><font size=\"3\">\tCe serait faire<br>\npreuve de sim\u00adplisme, de r\u00e9duc\u00adtion, et cal\u00adquer le rap\u00adport&nbsp;entre<br>\nl\u2019a\u00adnar\u00adchisme et le f\u00e9mi\u00adnisme sur le mod\u00e8le dominant<br>\ndans le mou\u00adve\u00adment r\u00e9vo\u00adlu\u00adtion\u00adnaire, et d\u00e9ri\u00adv\u00e9&nbsp;du<br>\nmar\u00adxisme, dans lequel est ins\u00adtau\u00adr\u00e9e une hi\u00e9rarchie<br>\nentre luttes prin\u00adci\u00adpales et secon\u00addaires, le Poli\u00adtique et&nbsp;ses<br>\nannexes&nbsp;: luttes des femmes, des homo\u00adsexuels etc.<\/font><\/font><\/p>\n<p style=\"margin-bottom: 0cm; font-style: normal; text-decoration: none;\" align=\"justify\">\n<font face=\"Times New Roman, serif\"><font size=\"3\">\tMais la r\u00e9alit\u00e9<br>\nest que l\u2019ar\u00adti\u00adcu\u00adla\u00adtion entre le pro\u00adjet anar\u00adchiste et la lutte&nbsp;des<br>\nfemmes contre leur oppres\u00adsion sp\u00e9\u00adci\u00adfique ne fonc\u00adtionne pas&nbsp;sur<br>\nce mod\u00e8le, et cela pour deux raisons&nbsp;:<\/font><\/font><\/p>\n<p style=\"margin-bottom: 0cm; font-style: normal; text-decoration: none;\" align=\"justify\">\n<font face=\"Times New Roman, serif\"><font size=\"3\">\tLa premi\u00e8re<br>\ntient au fait que le cor\u00adpus th\u00e9o\u00adrique de l\u2019anarchisme<br>\nn\u2019in\u00adtro\u00adduit pas cette hi\u00e9\u00adrar\u00adchi\u00adsa\u00adtion entre les luttes, et<br>\nqu\u2019il prend en compte toutes les formes d\u2019op\u00adpres\u00adsion&nbsp;;&nbsp;par<br>\nailleurs, ce qui a \u00e9t\u00e9 mis en lumi\u00e8re par&nbsp;la<br>\nlutte f\u00e9mi\u00adniste, ce n\u2019est pas seule\u00adment une oppres\u00adsion&nbsp;subie<br>\npar une cat\u00e9\u00adgo\u00adrie par\u00adti\u00adcu\u00adli\u00e8re, celle des femmes, mais,<br>\n\u00e0 tra\u00advers cette prise de conscience, le pro\u00adbl\u00e8me&nbsp;d\u2019un<br>\nautre champ qui tra\u00adverse et struc\u00adture la soci\u00e9\u00adt\u00e9,&nbsp;celui<br>\nde la domi\u00adna\u00adtion, du patriar\u00adcat.( cf. art. de Nicolas).<\/font><\/font><\/p>\n<p style=\"margin-bottom: 0cm; font-style: normal; text-decoration: none;\" align=\"justify\">\n<font face=\"Times New Roman, serif\"><font size=\"3\">\tLa seconde,<br>\nr\u00e9sul\u00adtante de la pr\u00e9\u00adc\u00e9\u00addente, est que de&nbsp;par<br>\nl\u2019im\u00adpact de cette struc\u00adture patriar\u00adcale, aucun mouvement<br>\nr\u00e9vo\u00adlu\u00adtion\u00adnaire, quelque f\u00fbt son id\u00e9o\u00adlo\u00adgie&nbsp;de<br>\nr\u00e9f\u00e9\u00adrence, ne pou\u00advait mettre en acte la cri\u00adtique de&nbsp;ce<br>\nniveau de domi\u00adna\u00adtion, si ce n\u2019est celles qui la subis\u00adsaient de&nbsp;par<br>\nleur posi\u00adtion dans le sys\u00adt\u00e8me, leur condi\u00adtion sociale&nbsp;;<br>\net c\u2019est encore un effet de la domi\u00adna\u00adtion que les premi\u00e8res<br>\nreven\u00addi\u00adca\u00adtions f\u00e9mi\u00adnistes ont \u00e9t\u00e9 port\u00e9es,<br>\nexpri\u00adm\u00e9es, non par les femmes pro\u00adl\u00e9\u00adtaires, les&nbsp;plus<br>\noppri\u00adm\u00e9es, mais par des femmes bour\u00adgeoises ou intellectuelles<br>\n(saint-simon\u00adniennes par exemple) ou par des per\u00adson\u00adna\u00adli\u00adt\u00e9s&nbsp;hors<br>\ndu com\u00admun comme Georges Sand, Flo\u00adran Tris\u00adtan ou Louise Michel, et&nbsp;que<br>\nle f\u00e9mi\u00adnisme soit res\u00adt\u00e9 long\u00adtemps englu\u00e9 dans&nbsp;le<br>\nr\u00e9for\u00admisme, mou\u00adve\u00adment bour\u00adgeois r\u00e9cla\u00admant l\u2019\u00e9galit\u00e9<br>\ndes droits.<\/font><\/font><\/p>\n<p style=\"margin-bottom: 0cm; font-style: normal; text-decoration: none;\" align=\"justify\">\n<font face=\"Times New Roman, serif\"><font size=\"3\">\tPour supprimer<br>\nl\u2019op\u00adpres\u00adsion sp\u00e9\u00adci\u00adfique des femmes, le seul ter\u00adrain possible,<br>\nacces\u00adsible, recon\u00adnu, a \u00e9t\u00e9 long\u00adtemps celui de l\u2019\u00e9galit\u00e9<br>\ndes droits et du salaire. <i>Pour exis\u00adter, le f\u00e9mi\u00adnisme a&nbsp;du<br>\nemprun\u00adter au d\u00e9part des conte\u00adnus et modes d\u2019ex\u00adpres\u00adsion qui&nbsp;n\u2019<br>\n\u00e9tait que le reflet m\u00eame de la domi\u00adna\u00adtion<\/i>.<\/font><\/font><\/p>\n<p style=\"margin-bottom: 0cm; font-style: normal; text-decoration: none;\" align=\"justify\">\n<\/p><h2 class=\"western\">\n<h2>Les cheminements historiques<\/h2>\n<p style=\"margin-bottom: 0cm; font-style: normal; text-decoration: none;\" align=\"justify\">\n<\/p><p style=\"margin-bottom: 0cm; font-style: normal; text-decoration: none;\" align=\"justify\">\n<font face=\"Times New Roman, serif\"><font size=\"3\">\tC\u2019est&nbsp;au<br>\nXIX<sup>e<\/sup> si\u00e8cle que le mou\u00adve\u00adment f\u00e9ministe<br>\nva appa\u00adra\u00eetre sur la sc\u00e8ne poli\u00adtique en tant&nbsp;que<br>\nmou\u00adve\u00adment sp\u00e9\u00adci\u00adfique&nbsp;; au m\u00eame moment le mouvement<br>\nouvrier r\u00e9vo\u00adlu\u00adtion\u00adnaire se struc\u00adture. Un rap\u00adpel his\u00adto\u00adrique&nbsp;des<br>\nrap\u00adports qu\u2019ont entre\u00adte\u00adnus ces deux mou\u00adve\u00adments s\u2019im\u00adpose maintenant.<\/font><\/font><\/p>\n<p style=\"margin-bottom: 0cm; font-style: normal; text-decoration: none;\" align=\"justify\">\n<font face=\"Times New Roman, serif\"><font size=\"3\">\tLeur che\u00admi\u00adne\u00adment&nbsp;a<br>\nsui\u00advi des voies paral\u00adl\u00e8les, oppo\u00ads\u00e9es par\u00adfois, avec&nbsp;des<br>\nmoments (brefs) d\u2019im\u00adbri\u00adca\u00adtion, de jonc\u00adtion, sur\u00adtout lors de moments<br>\nr\u00e9vo\u00adlu\u00adtion\u00adnaires. L\u2019i\u00add\u00e9e force qui reste de&nbsp;cette<br>\np\u00e9riode est que fina\u00adle\u00adment le mou\u00adve\u00adment ouvrier<br>\nr\u00e9vo\u00adlu\u00adtion\u00adnaire, en d\u00e9pit de tou\u00adchants efforts par<br>\nmoments pour int\u00e9\u00adgrer les pro\u00adbl\u00e8mes de la condition<br>\nf\u00e9mi\u00adnine, a contri\u00adbu\u00e9 \u00e0 la s\u00e9paration<br>\nmou\u00adve\u00adment f\u00e9ministe\/\u200bmouvement r\u00e9vo\u00adlu\u00adtion\u00adnaire, \u00e0<br>\nl\u2019en\u00adfer\u00adme\u00adment du pre\u00admier dans sa sp\u00e9\u00adci\u00adfi\u00adci\u00adt\u00e9 jusqu\u2019\u00e0<br>\nun point tel qu\u2019au\u00adjourd\u2019\u00adhui encore la gangue du r\u00e9for\u00admisme&nbsp;est<br>\nloin d\u2019en \u00eatre extraite.<\/font><\/font><\/p>\n<p style=\"margin-bottom: 0cm; font-style: normal; text-decoration: none;\" align=\"justify\">\n<font face=\"Times New Roman, serif\"><font size=\"3\">\tNe pre\u00adnons&nbsp;que<br>\nquelques exemples&nbsp;; sur le pro\u00adbl\u00e8me du tra\u00advail&nbsp;des<br>\nfemmes, si les r\u00e9vo\u00adlu\u00adtion\u00adnaires du XIX<sup>e<\/sup><br>\nsi\u00e8cle s\u2019ac\u00adcordent \u00e0 recon\u00adna\u00eetre la n\u00e9cessit\u00e9<br>\npour les femmes d\u2019a\u00advoir un emploi qui les rendent ind\u00e9pendantes<br>\n\u00e9co\u00adno\u00admi\u00adque\u00adment, et leur offre une autre possibilit\u00e9<br>\npour sur\u00advivre que la pros\u00adti\u00adtu\u00adtion, una\u00adni\u00adme\u00adment condam\u00adn\u00e9e&nbsp;comme<br>\nd\u00e9gra\u00addante, dans les faits, l\u2019ac\u00adcueil r\u00e9serv\u00e9<br>\npar les hommes est tel (ils les vivent\u200a\u2014\u200aet elles le sont de&nbsp;fait<br>\nde par le mar\u00adch\u00e9 capi\u00adta\u00adliste\u200a\u2014\u200acomme concur\u00adrentes sur&nbsp;le<br>\nmar\u00adch\u00e9 du tra\u00advail) que les femmes seront obli\u00adg\u00e9es&nbsp;de<br>\nfon\u00adder en 1874 leurs propres Chambres Syn\u00addi\u00adcales de femmes, et&nbsp;leur<br>\nsoci\u00e9\u00adt\u00e9s de Secours Mutuel [[[Jusque l\u00e0&nbsp;les<br>\nchambres syn\u00addi\u00adcales don\u00adnaient voix consul\u00adta\u00adtive aux femmes, mais<br>\ncelles-ci ne pou\u00advaient pas prendre la parole en public&nbsp;: elles<br>\ndevaient trans\u00admettre leurs pro\u00adpo\u00adsi\u00adtions par \u00e9crit ou&nbsp;par<br>\nl\u2019in\u00adter\u00adm\u00e9\u00addiaire d\u2019un&nbsp;homme.]]<\/font><\/font><\/p>\n<p style=\"margin-bottom: 0cm; font-style: normal; text-decoration: none;\" align=\"justify\">\n<font face=\"Times New Roman, serif\"><font size=\"3\">\tSur le plan&nbsp;de<br>\nl\u2019ex\u00adpres\u00adsion poli\u00adtique des femmes, on remarque une simi\u00adli\u00adtude&nbsp;de<br>\nd\u00e9marche entre les d\u00e9mo\u00adcrates bon teint et&nbsp;les<br>\nsocia\u00adlistes&nbsp;: les hommes f\u00e9mi\u00adnistes de 1877&nbsp;qui<br>\npar\u00adti\u00adci\u00adpaient \u00e0 la soci\u00e9\u00adt\u00e9 \u00ab&nbsp;Le&nbsp;Droit<br>\ndes Femmes&nbsp;\u00bb veulent convaincre les R\u00e9pu\u00adbli\u00adcains&nbsp;de<br>\nleur int\u00e9\u00adr\u00eat \u00e0 d\u00e9fendre les droits des<br>\nfemmes\u2026 pour en faire des R\u00e9pu\u00adbli\u00adcaines&nbsp;; de&nbsp;m\u00eame<br>\nau Congr\u00e8s Socia\u00adliste de 1880, 1<sup>es<\/sup> d\u00e9l\u00e9gu\u00e9s<br>\nent\u00e9\u00adri\u00adne\u00adront la pr\u00e9\u00adsence \u00e0 leurs&nbsp;c\u00f4t\u00e9s<br>\nde leurs cama\u00adrades femmes, en tant qu\u2019\u00e9\u00adgales \u00e0&nbsp;part<br>\nenti\u00e8re, abo\u00adlis\u00adsant, niant par-l\u00e0 m\u00eame&nbsp;les<br>\npro\u00adbl\u00e8mes sp\u00e9\u00adci\u00adfiques\u2026 dont la solu\u00adtion sera remise<br>\nau jour du grand soir&nbsp;! [[Le rap\u00adport femme, adop\u00adt\u00e9&nbsp;\u00e0<br>\nl\u2019u\u00adna\u00adni\u00admi\u00adt\u00e9 au congr\u00e8s de Mar\u00adseille de 1880 le montre<br>\nbien&nbsp;: bien s\u00fbr, \u00ab&nbsp;la femme doit&nbsp;\u00eatre<br>\nl\u2019\u00e9\u00adgale de l\u2019homme et pos\u00ads\u00e9\u00adder comme lui, tous&nbsp;ses<br>\ndroits civils, poli\u00adtiques et \u00e9co\u00adno\u00admiques&nbsp;\u00bb,&nbsp;mais<br>\nseule la r\u00e9vo\u00adlu\u00adtion sociale les lui appor\u00adte\u00adra, et&nbsp;les<br>\nsocia\u00adlistes ont \u00e0 la per\u00adsua\u00adder de s\u2019as\u00adso\u00adcier \u00e0&nbsp;eux<br>\n\u00ab&nbsp;afin qu\u2019il soit d\u00e9mon\u00adtr\u00e9 que les femmes<br>\nentendent mar\u00adcher d\u2019un pas \u00e9gal avec les citoyens, \u00e0&nbsp;la<br>\nreven\u00addi\u00adca\u00adtion de leurs droits&nbsp;\u00bb.<\/font><\/font><\/p>\n<p style=\"margin-bottom: 0cm; font-style: normal; text-decoration: none;\" align=\"justify\">\n<font face=\"Times New Roman, serif\"><font size=\"3\">\t\u00ab&nbsp;Les<br>\namants de la liber\u00adt\u00e9&nbsp;? Stra\u00adt\u00e9\u00adgies de femmes,<br>\nluttes r\u00e9pu\u00adbli\u00adcaines, luttes ouvri\u00e8res.&nbsp;\u00bb<br>\ndans les R\u00e9voltes Logiques n\u00b05 p.&nbsp;192.]]<\/font><\/font><\/p>\n<p style=\"margin-bottom: 0cm; font-style: normal; text-decoration: none;\" align=\"justify\">\n<font face=\"Times New Roman, serif\"><font size=\"3\">\tIl faut revenir<br>\nbri\u00e8\u00adve\u00adment sur ces congr\u00e8s socia\u00adlistes de 1879 et&nbsp;1880<br>\ncar s\u2019y trouve concen\u00adtr\u00e9s ren\u00adcontre et rup\u00adture entre mouvement<br>\nr\u00e9vo\u00adlu\u00adtion\u00adnaire et mou\u00adve\u00adment f\u00e9ministe.<\/font><\/font><\/p>\n<p style=\"margin-bottom: 0cm; font-style: normal; text-decoration: none;\" align=\"justify\">\n<font face=\"Times New Roman, serif\"><font size=\"3\">\tAu congr\u00e8s<br>\nde Mar\u00adseille de 1879 le f\u00e9mi\u00adnisme est intro\u00adduit par la&nbsp;voix<br>\nd\u2019Hu\u00adber\u00adtine Auclair, d\u00e9non\u00ad\u00e7ant brillam\u00adment&nbsp;les<br>\ndis\u00adcri\u00admi\u00adna\u00adtions dont la femme est l\u2019ob\u00adjet au plan des droits<br>\npoli\u00adtiques et du salaire&nbsp;; elle est la seule d\u00e9l\u00e9gu\u00e9e<br>\nnon ouvri\u00e8re du congr\u00e8s&nbsp;; d\u2019autres femmes<br>\ns\u2019ex\u00adpri\u00adme\u00adront ensuite, d\u00e9l\u00e9\u00adgu\u00e9es ouvri\u00e8res<br>\ncette fois, par\u00adlant de l\u2019op\u00adpres\u00adsion sexuelle des femmes. Mais ce&nbsp;que<br>\nle congr\u00e8s retient, c\u2019est la pre\u00admi\u00e8re intervention,<br>\ncelle du f\u00e9mi\u00adnisme bour\u00adgeois, expri\u00adm\u00e9e par&nbsp;une<br>\nintel\u00adlec\u00adtuelle&nbsp;; c\u2019est elle l\u2019in\u00adter\u00adlo\u00adcu\u00adtrice recon\u00adnue.&nbsp;Le<br>\ncongr\u00e8s aban\u00addon\u00adnant les ambi\u00adgu\u00ef\u00adt\u00e9s des congr\u00e8s<br>\npr\u00e9\u00adc\u00e9\u00addents, \u00ab&nbsp;d\u00e9clare qu\u2019il n\u2019assigne<br>\naucun r\u00f4le par\u00adti\u00adcu\u00adlier \u00e0 la femme, et pro\u00adclame l\u2019\u00e9galit\u00e9<br>\ndes sexes&nbsp;: les femmes doivent avoir les m\u00eames droits<br>\npoli\u00adtiques et sociaux que les hommes. Il recon\u00adna\u00eet \u00e9galement<br>\nl\u2019exis\u00adtence d\u2019 un mou\u00adve\u00adment des femmes.&nbsp;\u00bb [[\u00ab&nbsp;Les<br>\nR\u00e9voltes logiques&nbsp;\u00bb op.cit\u00e9, p.&nbsp;86.]]<\/font><\/font><\/p>\n<p style=\"margin-bottom: 0cm; font-style: normal; text-decoration: none;\" align=\"justify\">\n<font face=\"Times New Roman, serif\"><font size=\"3\">\tMais \u00e0&nbsp;peine<br>\ncette recon\u00adnais\u00adsance effec\u00adtu\u00e9e, le \u00ab&nbsp;bon&nbsp;sens<br>\nr\u00e9vo\u00adlu\u00adtion\u00adnaire&nbsp;\u00bb reprend son droit che\u00admin,&nbsp;et<br>\nc\u2019est au rythme de la r\u00e9vo\u00adlu\u00adtion sociale en marche que&nbsp;les<br>\nfemmes de vront avan\u00adcer&nbsp;: les congr\u00e8s ayant proclam\u00e9<br>\nl\u2019\u00e9\u00adga\u00adli\u00adt\u00e9 entre hommes et femmes, ces derni\u00e8res<br>\nn\u2019ont plus qu\u2019\u00e0 tra\u00advailler \u00e0 c\u00f4t\u00e9 de&nbsp;leur<br>\ncama\u00adrades mas\u00adcu\u00adlins, \u00e0 l\u2019a\u00adv\u00e8\u00adne\u00adment de la Sociale qui<br>\nsup\u00adpri\u00adme\u00adra exploi\u00adta\u00adtion et domination.<\/font><\/font><\/p>\n<p style=\"margin-bottom: 0cm; font-style: normal; text-decoration: none;\" align=\"justify\">\n<font face=\"Times New Roman, serif\"><font size=\"3\">\tLa frac\u00adtion la&nbsp;plus<br>\nradi\u00adcale du mou\u00adve\u00adment ouvrier, refu\u00adsant, et \u00e0 juste&nbsp;titre,<br>\ntous les moyens de lutte qui pas\u00adse\u00adraient par les canaux<br>\n\u00ab&nbsp;d\u00e9mo\u00adcra\u00adtiques&nbsp;\u00bb (\u00e9lec\u00adto\u00adra\u00adlisme,<br>\nr\u00e9formes s\u2019ap\u00adpuyant sur le l\u00e9ga\u00adlisme) exige des femmes<br>\nla m\u00eame atti\u00adtude&nbsp;; les femmes sont donc consid\u00e9r\u00e9es<br>\ncomme des cama\u00adrades r\u00e9vo\u00adlu\u00adtion\u00adnaires \u00e0 part enti\u00e8re<br>\net n\u2019ont donc plus \u00e0 se battre pour obte\u00adnir l\u2019\u00e9galit\u00e9<br>\ndes droits poli\u00adtiques, puisque cet outil ne m\u00e8ne\u00adra&nbsp;\u00e0<br>\naucune trans\u00adfor\u00adma\u00adtion sociale r\u00e9elle. \u00c9tant&nbsp;donn\u00e9<br>\nl\u2019ac\u00adcent mis \u00e0 cette p\u00e9riode sur l\u2019ob\u00adten\u00adtion&nbsp;de<br>\nl\u2019\u00e9\u00adga\u00adli\u00adt\u00e9 des droits, dans la lutte f\u00e9ministe,<br>\nil en r\u00e9sulte que les femmes doivent \u00ab&nbsp;\u00eatre<br>\nvierges de tout \u00e9lec\u00adto\u00adra\u00adlisme, de toute lutte contre leur<br>\noppres\u00adsion sp\u00e9\u00adci\u00adfique aus\u00adsi&nbsp;\u00bb [[ \u00ab&nbsp;Les<br>\nR\u00e9voltes Logiques&nbsp;\u00bb op. cit\u00e9, p&nbsp;192.]].<\/font><\/font><\/p>\n<p style=\"margin-bottom: 0cm; font-style: normal; text-decoration: none;\" align=\"justify\">\n<font face=\"Times New Roman, serif\"><font size=\"3\">\tLe f\u00e9minisme<br>\nconti\u00adnue\u00adra son his\u00adtoire, l\u00e9gale et r\u00e9for\u00admiste, et&nbsp;le<br>\nmou\u00adve\u00adment r\u00e9vo\u00adlu\u00adtion\u00adnaire la sienne, ax\u00e9e sur&nbsp;le<br>\nprin\u00adci\u00adpal, l\u2019im\u00adpor\u00adtant, l\u2019ex\u00adploi\u00adta\u00adtion du prol\u00e9tariat.<\/font><\/font><\/p>\n<p style=\"margin-bottom: 0cm; font-style: normal; text-decoration: none;\" align=\"justify\">\n<font face=\"Times New Roman, serif\"><font size=\"3\">\t\u00c0 travers<br>\ncette p\u00e9riode, on voit donc la mise en \u0153uvre de quelques<br>\nm\u00e9ca\u00adnismes qui ont contri\u00adbu\u00e9 \u00e0 ce que l\u2019on&nbsp;peut<br>\nappe\u00adler la \u00ab&nbsp;ghet\u00adti\u00adsa\u00adtion&nbsp;\u00bb du mou\u00adve\u00adment&nbsp;des<br>\nfemmes, c\u2019est-\u00e0-dire la n\u00e9ces\u00adsi\u00adt\u00e9 pour exprimer<br>\net faire recon\u00adna\u00eetre les pro\u00adbl\u00e8mes de la condi\u00adtion de&nbsp;la<br>\nfemme, de se consti\u00adtuer en orga\u00adni\u00adsa\u00adtion, regrou\u00adpe\u00adment sp\u00e9cifique.<\/font><\/font><\/p>\n<p style=\"margin-bottom: 0cm; font-style: normal; text-decoration: none;\" align=\"justify\">\n<font face=\"Times New Roman, serif\"><font size=\"3\">\tIl faut d\u2019ailleurs<br>\ninsis\u00adter sur le r\u00f4le qu\u2019a jou\u00e9 dans ce ph\u00e9nom\u00e8ne<br>\n\u00ab&nbsp;l\u2019i\u00add\u00e9o\u00adlo\u00adgie domi\u00adnante&nbsp;\u00bb (ou qui&nbsp;le<br>\ndevint de plus en plus) du mou\u00adve\u00adment ouvrier, le cou\u00adrant marxiste<br>\n(voir \u00e0 ce pro\u00adpos l\u2019ar\u00adticle de S.Blaize \u00ab&nbsp;f\u00e9minisme<br>\net r\u00e9vo\u00adlu\u00adtion&nbsp;\u00bb dans la revue \u00ab&nbsp;Pour&nbsp;\u00bb<br>\nn\u00b02)&nbsp;; de par ses fon\u00adde\u00adments th\u00e9o\u00adriques, la&nbsp;place<br>\naccor\u00add\u00e9e \u00e0 l\u2019af\u00adfran\u00adchis\u00adse\u00adment des femmes ne pouvait<br>\n\u00eatre que secon\u00addaire, et celles-ci, pour exis\u00adter en tant&nbsp;que<br>\nr\u00e9vo\u00adlu\u00adtion\u00adnaires, n\u2019a\u00advaient plus qu\u2019\u00e0 s\u2019inf\u00e9oder<br>\naux objec\u00adtifs d\u2019\u00e9\u00adman\u00adci\u00adpa\u00adtion de la classe ouvri\u00e8re, en<br>\nniant par l\u00e0-m\u00eame leurs propres objectifs.<\/font><\/font><\/p>\n<p style=\"margin-bottom: 0cm; font-style: normal; text-decoration: none;\" align=\"justify\">\n<font face=\"Times New Roman, serif\"><font size=\"3\">\tTh\u00e9orisation<br>\net mise en pra\u00adtique d\u2019un anta\u00adgo\u00adnisme qui a entra\u00ee\u00adn\u00e9&nbsp;les<br>\nrup\u00adtures que l\u2019on a vu ces der\u00adniers temps dans les organisations<br>\nd\u2019ex\u00adtr\u00eame gauche l\u00e9ni\u00adnistes et trotskystes.<\/font><\/font><\/p>\n<p style=\"margin-bottom: 0cm; font-style: normal; text-decoration: none;\" align=\"justify\">\n<font face=\"Times New Roman, serif\"><font size=\"3\">\tDu&nbsp;c\u00f4t\u00e9<br>\nanar\u00adchiste, si la situa\u00adtion est simi\u00adlaire \u00e0 ce qui s\u2019est&nbsp;pass\u00e9<br>\nentre mou\u00adve\u00adments ouvrier et f\u00e9mi\u00adniste sur bien des points,<br>\nl\u2019i\u00add\u00e9o\u00adlo\u00adgie anti-auto\u00adri\u00adtaire \u00e9tant une chose et&nbsp;la<br>\npos\u00adsi\u00adbi\u00adli\u00adt\u00e9 concr\u00e8te de trans\u00adfor\u00admer les rap\u00adports&nbsp;de<br>\ndis\u00adcri\u00admi\u00adna\u00adtion une autre, plu\u00adsieurs points sont \u00e0 noter&nbsp;dans<br>\nla pra\u00adtique qu\u2019ont pu d\u00e9ve\u00adlop\u00adper des femmes anarchistes.<\/font><\/font><\/p>\n<p style=\"margin-bottom: 0cm; font-style: normal; text-decoration: none;\" align=\"justify\">\n<font face=\"Times New Roman, serif\"><font size=\"3\">\tEn 1882, Louise<br>\nMichel fonde avec quelques P\u00e9tro\u00adleuses la \u00ab&nbsp;Ligue<br>\nInter\u00adna\u00adtio\u00adnale des Femmes r\u00e9volutionnaires&nbsp;\u00bb,<br>\nten\u00adta\u00adtive d\u2019ex\u00adpres\u00adsion en tant que femme, avec les probl\u00e8mes<br>\nsp\u00e9\u00adci\u00adfiques en tant que tels, et aus\u00adsi en tant&nbsp;que<br>\nr\u00e9vo\u00adlu\u00adtion\u00adnaires \u00e0 part enti\u00e8re&nbsp;: \u00ab&nbsp;la<br>\nlutte des femmes se com\u00adprend tou\u00adjours dans l\u2019es\u00adpace social tout<br>\nentier, m\u00eame si la femme y joue un r\u00f4le social<br>\nparticulier&nbsp;\u00bb.<\/font><\/font><\/p>\n<p style=\"margin-bottom: 0cm; font-style: normal; text-decoration: none;\" align=\"justify\">\n<font face=\"Times New Roman, serif\"><font size=\"3\">\tPlus tard, au&nbsp;d\u00e9but<br>\ndu XX<sup>e<\/sup> si\u00e8cle et jus\u00adqu\u2019en 1927,&nbsp;des<br>\nfemmes anar\u00adchistes, mais tr\u00e8s mino\u00adri\u00adtaires dans un mou\u00adve\u00adment&nbsp;\u00e0<br>\ndomi\u00adnante mas\u00adcu\u00adline, m\u00e8ne\u00adront des cam\u00adpagnes sur les conditions<br>\nde tra\u00advail des femmes, mais aus\u00adsi contre la famille (sans&nbsp;grand<br>\nsuc\u00adc\u00e8s) et pour la libre dis\u00adpo\u00adsi\u00adtion des fermes de leur&nbsp;corps<br>\n(ceci for\u00admu\u00adl\u00e9 en lan\u00adgage moderne), c\u2019est-\u00e0-dire pour<br>\nl\u2019a\u00advor\u00adte\u00adment, la contraception.<\/font><\/font><\/p>\n<p style=\"margin-bottom: 0cm; font-style: normal; text-decoration: none;\" align=\"justify\">\n<font face=\"Times New Roman, serif\"><font size=\"3\">\tN\u00e9anmoins,<br>\nce qui reste de cette p\u00e9riode, c\u2019est beau\u00adcoup plus le point&nbsp;de<br>\nvue mora\u00adli\u00adsant d\u00e9ve\u00adlop\u00adp\u00e9 par la ten\u00addance malthusienne<br>\ndu mou\u00adve\u00adment anar\u00adchiste. Une autre voix se fait aus\u00adsi entendre, celle<br>\nde la libre asso\u00adcia\u00adtion, de l\u2019a\u00admour libre, expri\u00adm\u00e9e surtout<br>\npar les th\u00e9o\u00adri\u00adciens indi\u00advi\u00addua\u00adlistes, par des hommes&nbsp;;<br>\nc\u2019est un peu la conti\u00adnua\u00adtion de la voix des saint-sim\u00admo\u00adniennes, de<br>\nClaire Demar r\u00e9cla\u00admant \u00ab&nbsp;l\u2019af\u00adfran\u00adchis\u00adse\u00adment&nbsp;de<br>\nnotre sexe&nbsp;\u00bb&nbsp;; mais ces id\u00e9es res\u00adtent en&nbsp;marge<br>\nd\u2019un quel\u00adconque mou\u00adve\u00adment social.<\/font><\/font><\/p>\n<p style=\"margin-bottom: 0cm; font-style: normal; text-decoration: none;\" align=\"justify\">\n<font face=\"Times New Roman, serif\"><font size=\"3\"><strong><em>Pers\u00adpec\u00adtives<br>\nactuelles<\/em><\/strong><\/font><\/font><\/p>\n<p style=\"margin-bottom: 0cm; font-style: normal; text-decoration: none;\" align=\"justify\">\n<font face=\"Times New Roman, serif\"><font size=\"3\">\tEt maintenant,<br>\ncom\u00adment se pose le pro\u00adbl\u00e8me du rap\u00adport entre f\u00e9minisme<br>\net mou\u00adve\u00adment r\u00e9vo\u00adlu\u00adtion\u00adnaire&nbsp;? Le (re)surgissement du<br>\nmou\u00adve\u00adment des femmes apr\u00e8s 1968 a incon\u00adtes\u00adta\u00adble\u00adment&nbsp;op\u00e9r\u00e9<br>\nde pro\u00adfondes remises en causes tant par\u00admi les orga\u00adni\u00adsa\u00adtions mao\u00efstes<br>\nl\u00e9ni\u00adnistes ou trots\u00adkystes que dans les orga\u00adni\u00adsa\u00adtions&nbsp;ou<br>\ngroupes anar\u00adchistes ou liber\u00adtaires. Le malaise res\u00adsen\u00adti par&nbsp;les<br>\nfemmes dans les groupes poli\u00adtiques r\u00e9vo\u00adlu\u00adtion\u00adnaires, les&nbsp;a<br>\nconduit \u00e0 se retrou\u00adver en groupes sp\u00e9cifiques<br>\nnon-mixtes, moment de rup\u00adture n\u00e9ces\u00adsaire, et aus\u00adsi&nbsp;\u00e0<br>\nremettre en cause la domi\u00adna\u00adtion (et l\u00e0 beau\u00adcoup reste encore \u00e0<br>\nfaire) dans le fonc\u00adtion\u00adne\u00adment des croupes politiques.<\/font><\/font><\/p>\n<p style=\"margin-bottom: 0cm; font-style: normal; text-decoration: none;\" align=\"justify\">\n<font face=\"Times New Roman, serif\"><font size=\"3\">\tMais la situation<br>\nn\u2019est pas aus\u00adsi idyl\u00adlique que pour\u00adrait le lais\u00adser croire l\u2019aper\u00e7u<br>\nde ces traits g\u00e9n\u00e9raux.<\/font><\/font><\/p>\n<p style=\"margin-bottom: 0cm; font-style: normal; text-decoration: none;\" align=\"justify\">\n<font face=\"Times New Roman, serif\"><font size=\"3\">\tSi donc la cr\u00e9ation<br>\nd\u2019un mou\u00adve\u00adment des femmes a \u00e9t\u00e9 un point impor\u00adtant&nbsp;pour<br>\nune d\u00e9marche auto\u00adnome des femmes, pour que le probl\u00e8me<br>\nsoit pris en compte, si elle a pu \u00eatre le signe d\u2019une certaine<br>\nradi\u00adca\u00adli\u00adt\u00e9, les pra\u00adtiques d\u00e9ve\u00adlop\u00adp\u00e9es depuis une<br>\ndizaine d \u2018ann\u00e9es n\u2019ont pas tou\u00adjours \u00e9t\u00e9, et&nbsp;par<br>\nfois loin de l\u00e0, des pra\u00adtiques r\u00e9vo\u00adlu\u00adtion\u00adnaires, allant<br>\ndans le sens v\u00e9ri\u00adtable de l\u2019au\u00adto\u00adno\u00admi\u00adsa\u00adtion et de&nbsp;la<br>\ncontes\u00adta\u00adtion des ins\u00adti\u00adtu\u00adtions r\u00e9pressives.<\/font><\/font><\/p>\n<p style=\"margin-bottom: 0cm; font-style: normal; text-decoration: none;\" align=\"justify\">\n<font face=\"Times New Roman, serif\"><font size=\"3\">\tUn des traits<br>\ndomi\u00adnants de ce mou\u00adve\u00adment a \u00e9t\u00e9 ce que l\u2019on pourrait<br>\nappe\u00adler le \u00ab&nbsp;popu\u00adlisme&nbsp;\u00bb&nbsp;; for\u00adm\u00e9&nbsp;au<br>\nd\u00e9part par des mili\u00adtantes venues du mao\u00efsme, le mouvement<br>\ndes femmes a repro\u00adduit en son sein les contra\u00addic\u00adtions propres \u00e0<br>\ncette id\u00e9o\u00adlo\u00adgie&nbsp;: c\u2019est-\u00e0-dire un m\u00e9lange<br>\nd\u2019ac\u00adtions, de prises de posi\u00adtions appa\u00adrem\u00adment radi\u00adcales (c\u2019est-\u00e0-dire<br>\nvio\u00adlentes et spec\u00adta\u00adcu\u00adlaires), et une s\u00e9rie de revendications<br>\nlarges, int\u00e9\u00adres\u00adsant \u00ab&nbsp;toutes les femmes&nbsp;\u00bb<br>\n(du droit \u00e0 la contra\u00adcep\u00adtion, \u00e0 la demande de salaire<br>\npour la femme au foyer) uti\u00adli\u00adsant pour ce faire, et d\u2019une mani\u00e8re<br>\nnon n\u00e9gli\u00adgeable le l\u00e9ga\u00adlisme [[Nous ne revien\u00addrons&nbsp;pas<br>\nici sur la cam\u00adpagne le viol, ayant d\u00e9ve\u00adlop\u00adp\u00e9&nbsp;nos<br>\nposi\u00adtions \u00e0 ce sujet dans le n\u00b08 de la Lan\u00adterne&nbsp;Loire.<br>\nNous ne pou\u00advons que nous \u00ab&nbsp;\u00e9ton\u00adner&nbsp;\u00bb&nbsp;de<br>\nl\u2019at\u00adti\u00adtude actuelle des avo\u00adcates et autres pro\u00adta\u00adgo\u00adnistes des Assises,<br>\n\u00ab&nbsp;d\u00e9cou\u00advrant&nbsp;\u00bb aujourd\u2019\u00adhui que&nbsp;la<br>\njus\u00adtice est une ins\u00adti\u00adtu\u00adtion patriar\u00adcale, apr\u00e8s deux ans&nbsp;de<br>\npra\u00adtique qui ont consis\u00adt\u00e9 \u00e0 faire fonc\u00adtion\u00adner&nbsp;la<br>\nmachine r\u00e9pressive.]].<\/font><\/font><\/p>\n<p style=\"margin-bottom: 0cm; font-style: normal; text-decoration: none;\" align=\"justify\">\n<font face=\"Times New Roman, serif\"><font size=\"3\">\tUne&nbsp;autre<br>\ncarac\u00adt\u00e9\u00adris\u00adtique du mou\u00adve\u00adment des femmes est l\u2019en\u00adfer\u00adme\u00adment&nbsp;dans<br>\nnotre sp\u00e9\u00adci\u00adfi\u00adci\u00adt\u00e9 auquel a conduit la reven\u00addi\u00adca\u00adtion&nbsp;de<br>\ncette sp\u00e9\u00adci\u00adfi\u00adci\u00adt\u00e9. Curieux ph\u00e9nom\u00e8ne<br>\nd\u2019autonomisation\/ghettisation,critiqu\u00e9 main\u00adte\u00adnant par certains<br>\ngroupes de femmes.<\/font><\/font><\/p>\n<p style=\"margin-bottom: 0cm; font-style: normal; text-decoration: none;\" align=\"justify\">\n<font face=\"Times New Roman, serif\"><font size=\"3\">\tIso\u00adla\u00adtion\u00adnisme&nbsp;dans<br>\nla ten\u00adta\u00adtive de trans\u00adfor\u00adma\u00adtion de notre condi\u00adtion, qui a&nbsp;coup\u00e9<br>\nles femmes d\u2019une pra\u00adtique de lutte plus&nbsp;large.<\/font><\/font><\/p>\n<p style=\"margin-bottom: 0cm; font-style: normal; text-decoration: none;\" align=\"justify\">\n<font face=\"Times New Roman, serif\"><font size=\"3\">\tEst-il possible<br>\nd\u2019\u00eatre f\u00e9mi\u00adniste et r\u00e9vo\u00adlu\u00adtion\u00adnaire&nbsp;?&nbsp;Tout<br>\nd\u2019 abord, il y a plu\u00adsieurs f\u00e9mi\u00adnismes&nbsp;: le f\u00e9minisme<br>\nr\u00e9cu\u00adp\u00e9\u00adr\u00e9 et int\u00e9\u00adgr\u00e9,&nbsp;c\u2019est<br>\nclas\u00adsique, \u00e0 la Giroud ou \u00e0 la Hali\u00admi, le f\u00e9minisme<br>\nr\u00e9for\u00admiste, celui du MLAC par exemple, le f\u00e9minisme<br>\nghet\u00adto (puis\u00adqu\u2019elles parlent de\/\u200bpour toutes les femmes) \u00e0&nbsp;la<br>\npsyc. et pol., le f\u00e9mi\u00adnisme-cau\u00adtion que les organisations<br>\nd\u2019ex\u00adtr\u00eame-gauche ont pro\u00adduit et recon\u00adnu, et j\u2019en&nbsp;passe&nbsp;;<br>\naucun n\u2019est satisfaisant.<\/font><\/font><\/p>\n<p style=\"margin-bottom: 0cm; font-style: normal; text-decoration: none;\" align=\"justify\">\n<font face=\"Times New Roman, serif\"><font size=\"3\">\tLa voie propos\u00e9e<br>\npar les anar\u00adcha-f\u00e9mi\u00adnistes&nbsp;: \u00ab&nbsp;nous&nbsp;avons<br>\nbesoin d\u00e9sor\u00admais de prendre conscience des liens&nbsp;entre<br>\nl\u2019a\u00adnar\u00adchisme et le f\u00e9mi\u00adnisme, et d\u2019u\u00adti\u00adli\u00adser ce cadre pour&nbsp;nos<br>\npen\u00ads\u00e9es et nos actions&nbsp;\u00bb [[P.Kornegger, \u00ab&nbsp;the<br>\nsecond wave&nbsp;\u00bb op. cit\u00e9.]], est \u2011elle une&nbsp;issue<br>\npos\u00adsible pour un f\u00e9mi\u00adnisme r\u00e9volutionnaire&nbsp;?<\/font><\/font><\/p>\n<p style=\"margin-bottom: 0cm; font-style: normal; text-decoration: none;\" align=\"justify\">\n<font face=\"Times New Roman, serif\"><font size=\"3\">\tPeut-\u00eatre,<br>\nmais pour des femmes mili\u00adtantes en tant qu\u2019a\u00adnar\u00adchistes ou<br>\nliber\u00adtaires, et ayant une conscience f\u00e9mi\u00adniste, la solu\u00adtion&nbsp;ne<br>\npeut \u00eatre de faire d\u00e9bou\u00adcher le f\u00e9mi\u00adnisme&nbsp;sur<br>\nl\u2019a\u00adnar\u00adchisme&nbsp;; et cela parce que, comme nous l\u2019a\u00advons vu,&nbsp;m\u00eame<br>\nsi en th\u00e9o\u00adrie l\u2019a\u00adnar\u00adchisme com\u00adprend la lutte contre le<br>\npatriar\u00adcat, la mise en pra\u00adtique n\u2019 en a pas&nbsp;\u00e9t\u00e9<br>\npos\u00adsible, ni au si\u00e8cle der\u00adnier, ni main\u00adte\u00adnant,&nbsp;et<br>\nl\u2019o\u00adri\u00adgi\u00adna\u00adli\u00adt\u00e9 du mou\u00adve\u00adment des femmes (\u00e0 tra\u00advers&nbsp;ses<br>\nava\u00adtars de r\u00e9for\u00admisme, d\u2019a\u00adna\u00adlyses par\u00adtielles) a&nbsp;\u00e9t\u00e9<br>\nl\u2019ex\u00adpres\u00adsion, la prise en main par les int\u00e9ress\u00e9es<br>\nelles-m\u00eames de leurs propres luttes, l\u2019\u00e9tablissement<br>\nd\u2019une rupture.<\/font><\/font><\/p>\n<p style=\"margin-bottom: 0cm; font-style: normal; text-decoration: none;\" align=\"justify\">\n<font face=\"Times New Roman, serif\"><font size=\"3\">\tNous ne pouvons<br>\ndonc nous d\u00e9fi\u00adnir que comme f\u00e9mi\u00adniste et anarchiste,<br>\nc\u2019est-\u00e0-dire por\u00adtant la cri\u00adtique au sein du mou\u00adve\u00adment&nbsp;des<br>\nfemmes sur nos posi\u00adtions anar\u00adchistes, et nous situant dans&nbsp;le<br>\nmou\u00adve\u00adment anar\u00adchiste ou liber\u00adtaire en tant que femmes anar\u00adchistes \u00e0<br>\npart enti\u00e8re, sans pri\u00advi\u00adl\u00e9\u00adgier l\u2019une ou l\u2019autre de&nbsp;ces<br>\nappartenances.<\/font><\/font><\/p>\n<p style=\"margin-bottom: 0cm; font-style: normal; text-decoration: none;\" align=\"justify\">\n<\/p><p style=\"margin-bottom: 0cm; font-style: normal; text-decoration: none;\" align=\"justify\">\n<font face=\"Times New Roman, serif\"><font size=\"3\">Agathe<\/font><\/font><\/p>\n<\/h2><\/h2>","protected":false},"excerpt":{"rendered":"<p>Depuis quelques ann\u00e9es on a vu appa\u00adra\u00eetre, sur\u00adtout dans les&nbsp;pays anglo-saxons&nbsp;: USA, Angle\u00adterre, Cana\u00adda, (et plus r\u00e9cem\u00adment en France, Espagne, Ita\u00adlie, mais avec une exten\u00adsion moindre et&nbsp;un d\u00e9no\u00admi\u00adna\u00adtion dif\u00adf\u00e9\u00adrente) des groupes anar\u00adcha-f\u00e9mi\u00adnistes [[Le mot \u00ab&nbsp;anar\u00ad\u00adcha-f\u00e9mi\u00ad\u00adniste&nbsp;\u00bb a&nbsp;\u00e9t\u00e9 uti\u00adli\u00ads\u00e9, au d\u00e9part, aux U.S.A. dans les ann\u00e9es 60.]]. L\u2019i\u00add\u00e9e fon\u00adda\u00admen\u00adtale de ce cou\u00adrant est que l\u2019 anar\u00adchisme et&nbsp;[\u2026]<\/p>\n","protected":false},"author":1,"featured_media":0,"comment_status":"closed","ping_status":"closed","sticky":false,"template":"","format":"standard","meta":{"wp_typography_post_enhancements_disabled":false,"footnotes":""},"categories":[43],"tags":[],"ppma_author":[540],"class_list":["post-680","post","type-post","status-publish","format-standard","hentry","category-la-lanterne-noire-na10-mars-1978"],"authors":[{"term_id":540,"user_id":1,"is_guest":0,"slug":"admin_3gikpwyf","display_name":"Vincent Dubuc","avatar_url":"https:\/\/secure.gravatar.com\/avatar\/d015720652c25fd2ced191ade86430094e1f288a17483713e3b34d26dea52507?s=96&d=mm&r=g","author_category":"","user_url":"https:\/\/la-presse-anarchiste.net","last_name":"Dubuc","first_name":"Vincent","job_title":"","description":""}],"_links":{"self":[{"href":"https:\/\/la-presse-anarchiste.net\/index.php\/wp-json\/wp\/v2\/posts\/680","targetHints":{"allow":["GET"]}}],"collection":[{"href":"https:\/\/la-presse-anarchiste.net\/index.php\/wp-json\/wp\/v2\/posts"}],"about":[{"href":"https:\/\/la-presse-anarchiste.net\/index.php\/wp-json\/wp\/v2\/types\/post"}],"author":[{"embeddable":true,"href":"https:\/\/la-presse-anarchiste.net\/index.php\/wp-json\/wp\/v2\/users\/1"}],"replies":[{"embeddable":true,"href":"https:\/\/la-presse-anarchiste.net\/index.php\/wp-json\/wp\/v2\/comments?post=680"}],"version-history":[{"count":0,"href":"https:\/\/la-presse-anarchiste.net\/index.php\/wp-json\/wp\/v2\/posts\/680\/revisions"}],"wp:attachment":[{"href":"https:\/\/la-presse-anarchiste.net\/index.php\/wp-json\/wp\/v2\/media?parent=680"}],"wp:term":[{"taxonomy":"category","embeddable":true,"href":"https:\/\/la-presse-anarchiste.net\/index.php\/wp-json\/wp\/v2\/categories?post=680"},{"taxonomy":"post_tag","embeddable":true,"href":"https:\/\/la-presse-anarchiste.net\/index.php\/wp-json\/wp\/v2\/tags?post=680"},{"taxonomy":"author","embeddable":true,"href":"https:\/\/la-presse-anarchiste.net\/index.php\/wp-json\/wp\/v2\/ppma_author?post=680"}],"curies":[{"name":"wp","href":"https:\/\/api.w.org\/{rel}","templated":true}]}}