{"id":681,"date":"2007-08-19T10:34:36","date_gmt":"2007-08-19T10:34:36","guid":{"rendered":"https:\/\/la-presse-anarchiste.net\/index.php\/2007\/08\/19\/les-racines-de-la-domination\/"},"modified":"2007-08-19T10:34:36","modified_gmt":"2007-08-19T10:34:36","slug":"les-racines-de-la-domination","status":"publish","type":"post","link":"https:\/\/la-presse-anarchiste.net\/index.php\/2007\/08\/19\/les-racines-de-la-domination\/","title":{"rendered":"Les racines de la domination"},"content":{"rendered":"<div class=\"pdfprnt-buttons pdfprnt-buttons-post pdfprnt-top-right\"><a href=\"https:\/\/la-presse-anarchiste.net\/index.php\/wp-json\/wp\/v2\/posts\/681?print=pdf\" class=\"pdfprnt-button pdfprnt-button-pdf\" target=\"_blank\"><img decoding=\"async\" src=\"https:\/\/la-presse-anarchiste.net\/wp-content\/plugins\/pdf-print\/images\/pdf.png\" alt=\"image_pdf\" title=\"Afficher le PDF\"><\/a><a href=\"https:\/\/la-presse-anarchiste.net\/index.php\/wp-json\/wp\/v2\/posts\/681?print=print\" class=\"pdfprnt-button pdfprnt-button-print\" target=\"_blank\"><img decoding=\"async\" src=\"https:\/\/la-presse-anarchiste.net\/wp-content\/plugins\/pdf-print\/images\/print.png\" alt=\"image_print\" title=\"Contenu imprim\u00e9\"><\/a><\/div><p style=\"margin-bottom: 0cm;\" align=\"justify\"><font face=\"Times New Roman, serif\"><span style><span style=\"font-style: normal;\"><font size=\"3\">\t\u00ab&nbsp;<\/font><\/span><\/span>La<br>\nfemme pro\u00adl\u00e9\u00adtaire est celle qui tra\u00advaille pour le compte d\u2019un<br>\nma\u00eetre quel\u00adconque. Que le ma\u00eetre se nomme&nbsp;\u00c9tat,<br>\ncor\u00adpo\u00adra\u00adtion, soci\u00e9\u00adt\u00e9 par actions, fabri\u00adcant, patron ou<br>\nmari, n\u2019importe&nbsp;!\u00bb<\/font><\/p>\n<p style=\"margin-bottom: 0cm;\" align=\"justify\"><font face=\"Times New Roman, serif\"><u>L\u2019Ex\u00adploi\u00adt\u00e9e<br>\nn<sup>o<\/sup>8. <\/u><span style=\"text-decoration: none;\">D\u00e9c.1907<\/span><\/font><\/p>\n<p style=\"margin-bottom: 0cm;\" align=\"justify\"><font face=\"Times New Roman, serif\"><span style=\"text-decoration: none;\">\t\u00ab&nbsp;Nous<br>\navons vue arri\u00adver une bande, \u00e0 la t\u00e8te de laquelle il&nbsp;y<br>\navait une femme avec un dra\u00adpeau noir&nbsp;; arri\u00adv\u00e9e devant<br>\nchez nous, elle a frap\u00adp\u00e9 la terre avec son dra\u00adpeau, quelqu\u2019un<br>\na dit Allez&nbsp;! On a enva\u00adhi la mai\u00adson <\/span>et tout a&nbsp;\u00e9t\u00e9<br>\npill\u00e9&nbsp;\u00bb.<\/font><\/p>\n<p style=\"margin-bottom: 0cm;\" align=\"justify\"><font face=\"Times New Roman, serif\">\t<u>Pro\u00adc\u00e8s<br>\n\u00e0 Louise <\/u><span style=\"text-decoration: none;\">Michel. Cour<br>\nd\u2019As\u00adsises de la Seine&nbsp;1883<\/span><\/font><\/p>\n<p style=\"margin-bottom: 0cm;\" align=\"justify\"><font face=\"Times New Roman, serif\"><span style=\"text-decoration: none;\">\t\u00ab&nbsp;Tout<br>\ncomme le salon-bains o\u00f9 l\u2019ac\u00adceuille l\u2019une des&nbsp;douze<br>\nravis\u00adsantes jeunes femmes, venues de tous les coins du monde. En&nbsp;plus<br>\nde leur beau\u00adt\u00e9, elles ont un point com\u00admun&nbsp;: leur art&nbsp;de<br>\npra\u00adti\u00adquer la dou\u00adceur dans <\/span>les nuances&nbsp;\u00bb.<\/font><\/p>\n<p style=\"margin-bottom: 0cm;\" align=\"justify\"><font face=\"Times New Roman, serif\">\tAnonce<br>\npublicitaire<\/font><\/p>\n<p style=\"margin-bottom: 0cm;\" align=\"justify\"><font face=\"Times New Roman, serif\">\t\u00ab&nbsp;Elle<br>\nsera celle qui tor\u00adtille des hanches, qui offre son cul, qui&nbsp;vous<br>\njette son sexe \u00e0 la figure&nbsp;\u00bb<\/font><\/p>\n<p style=\"margin-bottom: 0cm;\" align=\"justify\"><font face=\"Times New Roman, serif\">\t\u00c0<br>\npro\u00adpos d\u2019une&nbsp;star.<\/font><\/p>\n<p style=\"margin-bottom: 0cm;\" align=\"justify\"><font face=\"Times New Roman, serif\">\t<span style=\"text-decoration: none;\">\u00ab&nbsp;L\u2019\u00e9\u00adman\u00adci\u00adpa\u00adtion<br>\nde la femme de tout tra\u00advail autre que domestique.&nbsp;\u00bb&nbsp;<\/span><\/font><\/p>\n<p style=\"margin-bottom: 0cm; text-decoration: none;\" align=\"justify\"><font face=\"Times New Roman, serif\">\tCongr\u00e8s<br>\nOuvrier. 1871<\/font><\/p>\n<p style=\"margin-bottom: 0cm; text-decoration: none;\" align=\"justify\">\n<\/p><p style=\"margin-bottom: 0cm; text-decoration: none;\" align=\"justify\"><font face=\"Times New Roman, serif\">\t<font size=\"3\">\tProl\u00e9taire<br>\nou sor\u00adci\u00e8re, m\u00e8re ou putain, femme objet, m\u00e9nag\u00e8re,<br>\nl\u2019ex\u00adploi\u00adta\u00adtion de la femme dans le cadre du syst\u00e8me<br>\ncapi\u00adta\u00adliste montre \u00e0 l\u2019\u00e9\u00advi\u00addence qu\u2019il y a une dimension<br>\nde cette exploi\u00adta\u00adtion qui d\u00e9passe le capi\u00adta\u00adlisme, oui plonge<br>\nses racines dans un sol plus pro\u00adfond,  l\u00e0 o\u00f9 se&nbsp;tisse<br>\nla trame des ins\u00adti\u00adtu\u00adtions, des mythes et des phan\u00adtasmes qui<br>\nrepro\u00adduisent inlas\u00adsa\u00adble\u00adment au fil de l\u2019his\u00adtoire les rela\u00adtions&nbsp;de<br>\ndomi\u00adna\u00adtion-sou\u00admis\u00adsion. <u>Struc\u00adture de la domination<\/u><span style=\"text-decoration: none;\"><br>\nqui ins\u00adtaure le lien pro\u00adfond entre la d\u00e9fi\u00adni\u00adtion patriarcale<br>\nde la soci\u00e9\u00adt\u00e9 et la lutte de classes dans une soci\u00e9t\u00e9<br>\nhi\u00e9rarchique.<\/span><\/font><\/font><\/p>\n<p style=\"margin-bottom: 0cm; text-decoration: none;\" align=\"justify\"><font face=\"Times New Roman, serif\">\t<font size=\"3\">L\u2019op\u00adpo\u00adsi\u00adtion<br>\nhomme\/\u200bfemme double la soci\u00e9\u00adt\u00e9 de classes. Cependant,<br>\nles d\u00e9si\u00adrs et les besoins de \u00ab&nbsp;la&nbsp;femme&nbsp;\u00bb<br>\nsont d\u00e9ter\u00admi\u00adn\u00e9s par l\u2019ap\u00adpar\u00adte\u00adnance \u00e0 une classe.<br>\nDe m\u00e8ne que l\u2019ap\u00adpar\u00adte\u00adnance \u00e0 une classe sociale<br>\nd\u00e9ter\u00admine des pos\u00adsi\u00adbi\u00adli\u00adt\u00e9s dif\u00adf\u00e9\u00adrentes pour&nbsp;les<br>\nhommes ou pour les femmes.<\/font><\/font><\/p>\n<p style=\"margin-bottom: 0cm; text-decoration: none;\" align=\"justify\"><font face=\"Times New Roman, serif\"><font size=\"3\">\tLes<br>\nanar\u00adchistes luttent pour l\u2019a\u00adbo\u00adli\u00adtion de la propri\u00e9t\u00e9<br>\npri\u00adv\u00e9e, du sala\u00adriat et de l\u2019\u00c9\u00adtat, contre toute<br>\nauto\u00adri\u00adt\u00e9, pour la libre d\u00e9t\u00e9r\u00admi\u00adna\u00adtion.&nbsp;de<br>\nl\u2019in\u00addi\u00advi\u00addu ou du groupe, au sein d\u2019une soci\u00e9\u00adt\u00e9&nbsp;non<br>\nr\u00e9pressive.<\/font><\/font><\/p>\n<p style=\"margin-bottom: 0cm; text-decoration: none;\" align=\"justify\"><font face=\"Times New Roman, serif\"><font size=\"3\">\tQu\u2019est-ce<br>\nque res\u00adsent alors un mili\u00adtant anar\u00adchiste quand il est accus\u00e9<br>\nd\u2019\u00eatre un exploi\u00adteur, un patron, et ceci d\u2019une&nbsp;fa\u00e7on<br>\nradi\u00adcale, de par son appar\u00adte\u00adnance \u00e0 une cat\u00e9gorie<br>\nsexuelle&nbsp;? Et qu\u2019est-ce qu\u2019il res\u00adsent alors quand il se&nbsp;rend<br>\ncompte que l\u2019ac\u00adcu\u00adsa\u00adtion est vraie&nbsp;? En plus d\u2019un profond<br>\nmalaise, l\u2019en\u00advie de modi\u00adfier la situa\u00adtion, de sor\u00adtir d\u2019une position<br>\nnon d\u00e9si\u00adr\u00e9e consciem\u00adment&nbsp;; l\u2019insertion<br>\nincons\u00adciente dans la struc\u00adture de la domi\u00adna\u00adtion, voi\u00adl\u00e0&nbsp;le<br>\nprobl\u00e8me&nbsp;!<\/font><\/font><\/p>\n<p style=\"margin-bottom: 0cm; text-decoration: none;\" align=\"justify\"><font face=\"Times New Roman, serif\"><font size=\"3\">\tLa<br>\nprise de conscience f\u00e9mi\u00adnine de l\u2019ex\u00adploi\u00adta\u00adtion et la&nbsp;lutte<br>\npour la lib\u00e9\u00adra\u00adtion des fermes, a pour cons\u00e9\u00adquence la<br>\nn\u00e9ces\u00adsi\u00adt\u00e9 pour les hommes vou\u00adlant la R\u00e9volution,<br>\nde prendre conscience \u00e0 leur tour, de leur par\u00adti\u00adci\u00adpa\u00adtion&nbsp;dans<br>\nle sys\u00adt\u00e8me qu\u2019ils veulent d\u00e9truire&nbsp;!<\/font><\/font><\/p>\n<p style=\"margin-bottom: 0cm; text-decoration: none;\" align=\"justify\"><font face=\"Times New Roman, serif\"><font size=\"3\">\tLorsque<br>\nle mou\u00adve\u00adment f\u00e9mi\u00adniste ces\u00adsa d\u2019\u00eatre r\u00e9for\u00admiste&nbsp;et<br>\nde deman\u00adder l\u2019\u00e9\u00adga\u00adli\u00adt\u00e9 avec l\u2019homme, \u00e0<br>\nl\u2019in\u00adt\u00e9\u00adrieur du sys\u00adt\u00e8me hi\u00e9\u00adrar\u00adchique de classes,<br>\net qu\u2019il posa, d\u2019une fa\u00e7on radi\u00adcale, la ques\u00adtion de&nbsp;la<br>\nposi\u00adtion de la femme par rap\u00adport \u00e0 tout le syst\u00e8me<br>\nauto\u00adri\u00adtaire-patriar\u00adcal, alors, le poten\u00adtiel r\u00e9vo\u00adlu\u00adtion\u00adnaire&nbsp;de<br>\nce mou\u00adve\u00adment dev\u00eent une force subversive.<\/font><\/font><\/p>\n<p style=\"margin-bottom: 0cm; text-decoration: none;\" align=\"justify\"><font face=\"Times New Roman, serif\"><font size=\"3\">\tMais<br>\nnous nous trou\u00advons encore une fois devant le type de probl\u00e8me<br>\nqui n\u2019ad\u00admet pas une solu\u00adtion volon\u00adta\u00adriste, au niveau indi\u00advi\u00adduel.&nbsp;Nous<br>\nsavons tous par la propre exp\u00e9\u00adrience et par celle de&nbsp;notre<br>\nvoi\u00adsin cornent les meilleures inten\u00adtions nau\u00adfragent aus\u00adsi bien&nbsp;dans<br>\nle couple, que dans le groupe, quand appa\u00adraissent consciem\u00adment&nbsp;tous<br>\nles pro\u00adbl\u00e8mes de la rela\u00adtion de domi\u00adna\u00adtion-sou\u00admis\u00adsion&nbsp;\u00e0<br>\nla quelle incons\u00adciem\u00adment s\u2019a\u00addaptent, tant bien que mal, les hommes et<br>\nles femmes. Mais c\u2019est pr\u00e9\u00adci\u00ads\u00e9\u00adment gr\u00e2ce&nbsp;\u00e0<br>\ncette accom\u00admo\u00adda\u00adtion incons\u00adciente que se perp\u00e9tuent<br>\nl\u2019ex\u00adploi\u00adta\u00adtion et la domi\u00adna\u00adtion, et par cons\u00e9\u00adquent, la<br>\ntota\u00adli\u00adt\u00e9 du sys\u00adt\u00e8me d\u2019\u00c9tat.<\/font><\/font><\/p>\n<p style=\"margin-bottom: 0cm; text-decoration: none;\" align=\"justify\"><strong><em>\u2014<br>\n<font face=\"Times New Roman, serif\"><font size=\"3\">O \u2014<\/font><\/font><\/em><\/strong><\/p>\n<p style=\"margin-bottom: 0cm; text-decoration: none;\" align=\"justify\">\n<\/p><p style=\"margin-bottom: 0cm; text-decoration: none;\" align=\"justify\"><font face=\"Times New Roman, serif\"><font size=\"3\">\tEn<br>\nce qui concerne l\u2019a\u00adnar\u00adchisme, deux consta\u00adta\u00adtions s\u2019imposent<br>\nd\u2019embl\u00e9e&nbsp;: pre\u00admi\u00e8\u00adre\u00adment, l\u2019a\u00adnar\u00adchisme en tant&nbsp;que<br>\nth\u00e9o\u00adrie de la r\u00e9vo\u00adlu\u00adtion contient impli\u00adcite&nbsp;et<br>\nexpli\u00adci\u00adte\u00adment l\u2019i\u00add\u00e9e de la lib\u00e9\u00adra\u00adtion de la&nbsp;ferme.<\/font><\/font><\/p>\n<p style=\"margin-bottom: 0cm; text-decoration: none;\" align=\"justify\"><font face=\"Times New Roman, serif\"><font size=\"3\">\tDeuxi\u00e8mement,<br>\nla pra\u00adtique his\u00adto\u00adrique \u00e0 l\u2019in\u00adt\u00e9\u00adrieur du mouvement<br>\nanar\u00adchiste montre, au niveau des rela\u00adtions inter\u00adper\u00adson\u00adnelles, la&nbsp;m\u00eame<br>\nsitua\u00adtion d\u2019op\u00adpres\u00adsion de la femme qu\u2019on trouve dans la soci\u00e9t\u00e9<br>\nglo\u00adbale, la m\u00eame myso\u00adgi\u00adnie. Pour\u00adquoi cette contra\u00addic\u00adtion&nbsp;et<br>\nquels sont les pro\u00adbl\u00e8mes qu\u2019elle pose&nbsp;?<\/font><\/font><\/p>\n<p style=\"margin-bottom: 0cm; text-decoration: none;\" align=\"justify\"><font face=\"Times New Roman, serif\"><font size=\"3\">\tIl<br>\nexiste une cer\u00adtaine ten\u00addance, n\u00e9gli\u00adgeable du point de vue&nbsp;du<br>\nmou\u00adve\u00adment r\u00e9vo\u00adlu\u00adtion\u00adnaire mais dif\u00adfu\u00ads\u00e9e dans certains<br>\nmilieux cultu\u00adrels, d\u2019un anar\u00adchisme phi\u00adlo\u00adso\u00adphique et lib\u00e9ral,<br>\npour ne pas dire liber\u00adtaire, qui pr\u00e9\u00adsente les&nbsp;id\u00e9es<br>\ncomme per\u00adma\u00adnentes et an-his\u00adto\u00adrique. Ain\u00adsi, la pul\u00adsion vers la libert\u00e9<br>\ntotale, la r\u00e9volte contre la force et le pou\u00advoir peuvent \u00eatre<br>\nrep\u00e9\u00adr\u00e9s depuis l\u2019an\u00adti\u00adqui\u00adt\u00e9 clas\u00adsique ou&nbsp;les<br>\nphi\u00adlo\u00adsophes chi\u00adnois de la p\u00e9riode Ming. Ces id\u00e9es&nbsp;sont<br>\nentr\u00e9es dans le pro\u00adl\u00e9\u00adta\u00adriat et on est nom\u00adbreux&nbsp;\u00e0<br>\navoir \u00e9cou\u00adt\u00e9 ces longues dis\u00adser\u00adta\u00adtions qui cormen\u00e7aient<br>\navec les phi\u00adlo\u00adsophes grecs, conti\u00adnuaient avec les mys\u00adtiques qui<br>\ns\u2019op\u00adpo\u00adsaient \u00e0 l\u2019h\u00e9\u00adg\u00e9\u00admo\u00adnie de l\u2019\u00c9\u00adglise&nbsp;au<br>\nMoyen-\u00c2ge, sui\u00advaient avec la R\u00e9vo\u00adlu\u00adtion fran\u00e7aise,<br>\nles \u00ab&nbsp;car\u00adbo\u00adna\u00adri&nbsp;\u00bb, etc. [[Un exemple typique&nbsp;:<br>\nle 1<sup>er<\/sup> chap. de \u00ab&nbsp;His\u00adtoire&nbsp;de<br>\nl\u2019A\u00adnar\u00adchisme&nbsp;\u00bb de Max Net\u00adtlau]]. Et, si bien il&nbsp;est<br>\nint\u00e9\u00adres\u00adsant de savoir com\u00adment le noyau dur de l\u2019u\u00adto\u00adpie perdure<br>\net se trans\u00admet \u00e0 tra\u00advers le temps, et d\u2019\u00e9valuer<br>\nl\u2019im\u00adpor\u00adtance de ce noyau dans le pro\u00adjet r\u00e9volutionnaire,<br>\nl\u2019a\u00adnar\u00adchisme, a mon avis, est autre&nbsp;chose.<\/font><\/font><\/p>\n<p style=\"margin-bottom: 0cm; text-decoration: none;\" align=\"justify\"><font face=\"Times New Roman, serif\"><font size=\"3\">\tNous<br>\nl\u2019a\u00advons sou\u00advent r\u00e9p\u00e9\u00adt\u00e9, l\u2019a\u00adnar\u00adchisme en tant&nbsp;que<br>\nmou\u00adve\u00adment social et en tant que th\u00e9o\u00adrie du changement<br>\nr\u00e9vo\u00adlu\u00adtion\u00adnaire na\u00eet avec la scis\u00adsion de la Premi\u00e8re<br>\nInter\u00adna\u00adtio\u00adnale&nbsp;; la majo\u00adri\u00adt\u00e9 de l\u2019As\u00adso\u00adcia\u00adtion se plie&nbsp;aux<br>\nposi\u00adtions anti\u00adau\u00adto\u00adri\u00adtaires d\u00e9fen\u00addues par cer\u00adtaines f\u00e9d\u00e9rations<br>\nr\u00e9gio\u00adnales, tel que l\u2019i\u00adta\u00adlienne ou l\u2019es\u00adpa\u00adgnole ou celle&nbsp;du<br>\nJura, qui adoptent une claire d\u00e9fi\u00adni\u00adtion anar\u00adchiste. C\u2019est&nbsp;un<br>\nmou\u00adve\u00adment col\u00adlec\u00adtif qui expri\u00adme\u00adra la posi\u00adtion du prol\u00e9tariat<br>\nindus\u00adtriel de l\u2019\u00e9\u00adpoque, posi\u00adtion d\u2019af\u00adfron\u00adte\u00adment total&nbsp;au<br>\nsys\u00adt\u00e8me \u00e9ta\u00adbli, mais, ain\u00adsi que diff\u00e9rents<br>\nexemples his\u00adto\u00adriques le montrent, elle peut \u00eatre port\u00e9e<br>\npar couches ou classes sociales diverses.<\/font><\/font><\/p>\n<p style=\"margin-bottom: 0cm; text-decoration: none;\" align=\"justify\"><font face=\"Times New Roman, serif\"><font size=\"3\">\t\u00c9videment,<br>\nles ant\u00e9\u00adc\u00e9\u00addents m\u00e9diats et imm\u00e9diats<br>\nexistent. Cer\u00adtains \u00e9l\u00e9\u00adments de l\u2019a\u00adnar\u00adchisme peuvent se<br>\nretrou\u00adver dans les posi\u00adtions de Prou\u00addhon, dans Coeur\u00adde\u00adroy&nbsp;ou<br>\nDejacques. Plus loin, chez God\u00adwin et Stir\u00adner. Plus pr\u00e8s,&nbsp;chez<br>\nBakou\u00adnine avant 1868. Mais nous ne pou\u00advons pas par\u00adler d\u2019a\u00adnar\u00adchisme au<br>\nsens plein du&nbsp;terme.<\/font><\/font><\/p>\n<p style=\"margin-bottom: 0cm; text-decoration: none;\" align=\"justify\"><font face=\"Times New Roman, serif\"><font size=\"3\">\tCette<br>\npr\u00e9\u00adci\u00adsion est impor\u00adtante car sans aucun doute, d\u2019un point&nbsp;de<br>\nvue huma\u00adniste, abs\u00adtrait et indi\u00advi\u00addua\u00adliste, les \u00ab&nbsp;id\u00e9es<br>\nanar\u00adchistes&nbsp;\u00bb, par une logique n\u00e9ces\u00adsaire&nbsp;\u00e0<br>\nleur propre coh\u00e9\u00adrence, tendent vers la lib\u00e9ration<br>\ntotale de la femme en tant qu\u2019in\u00addi\u00advi\u00addu, qu\u2019\u00eatre humain.<\/font><\/font><\/p>\n<p style=\"margin-bottom: 0cm; text-decoration: none;\" align=\"justify\"><font face=\"Times New Roman, serif\"><font size=\"3\">\tMais<br>\nau niveau du mou\u00adve\u00adment tel qu\u2019il s\u2019est d\u00e9velopp\u00e9<br>\njus\u00adqu\u2019\u00e0 une \u00e9poque r\u00e9cente, per\u00adsonne ne nie\u00adra&nbsp;la<br>\nrup\u00adture entre cet aspect de l\u2019i\u00add\u00e9o\u00adlo\u00adgie et la pratique<br>\nsociale.<\/font><\/font><\/p>\n<p style=\"margin-bottom: 0cm; text-decoration: none;\" align=\"justify\"><font face=\"Times New Roman, serif\"><font size=\"3\">\tTant<br>\nque les affir\u00adma\u00adtions res\u00adte\u00adront au niveau pla\u00adto\u00adni\u00adcien des&nbsp;id\u00e9es,<br>\ntant qu\u2019on affir\u00adme\u00adra l\u2019\u00e9\u00adga\u00adli\u00adt\u00e9 des droits des individus<br>\nsans dis\u00adtinc\u00adtion de classes ni de sexes et qu\u2019on ne ver\u00adra pas que&nbsp;les<br>\nindi\u00advi\u00addus appar\u00adtiennent \u00e0 des groupes, \u00e0 des classes, \u00e0<br>\ndes sexes dif\u00adf\u00e9\u00adrents et qu\u2019on ne tien\u00addra pas compte du rapport<br>\nau pou\u00advoir poli\u00adtique et \u00e0 l\u2019ex\u00adploi\u00adta\u00adtion \u00e9conomique,<br>\nces affir\u00adma\u00adtions res\u00adte\u00adront \u00ab&nbsp;id\u00e9ologiques&nbsp;\u00bb<br>\nsans <span style=\"font-style: normal;\">inter\u00adve\u00adnir ni modi\u00adfier&nbsp;la<br>\n\u00ab&nbsp;r\u00e9a\u00adli\u00adt\u00e9&nbsp;\u00bb des pratiques<br>\nsociales.<\/span><\/font><\/font><\/p>\n<p style=\"margin-bottom: 0cm; font-style: normal; text-decoration: none;\" align=\"justify\">\n<font face=\"Times New Roman, serif\"><font size=\"3\">\tCette rup\u00adture&nbsp;elle<br>\nest \u00e9vi\u00addente sur\u00adtout au niveau des com\u00adpor\u00adte\u00adments&nbsp;plus<br>\nper\u00adson\u00adnels et intimes, dans la rela\u00adtion quo\u00adti\u00addienne homme\/\u200bfemme, lieu<br>\npri\u00advi\u00adl\u00e9\u00adgi\u00e9 de l\u2019exer\u00adcice du pou\u00advoir, der\u00adnier refuge de<br>\nl\u2019a\u00adli\u00e9\u00adna\u00adtion, de la mys\u00adti\u00adfi\u00adca\u00adtion, \u00e9l\u00e9ment<br>\nfon\u00adda\u00admen\u00adtal de la repro\u00adduc\u00adtion des rap\u00adports de domi\u00adna\u00adtion.&nbsp;Nous<br>\nver\u00adrons pourquoi.<\/font><\/font><\/p>\n<p style=\"margin-bottom: 0cm; font-style: normal; text-decoration: none;\" align=\"justify\">\n<font face=\"Times New Roman, serif\"><font size=\"3\">\tMais avant, \u00e0<br>\nl\u2019o\u00adri\u00adgine du mou\u00adve\u00adment r\u00e9vo\u00adlu\u00adtion\u00adnaire moderne, le premier<br>\npoint sen\u00adsible de la rup\u00adture id\u00e9o\u00adlo\u00adgique, l\u2019en\u00addroit&nbsp;o\u00f9<br>\ncelle-ci devient \u00e9vi\u00addente et contra\u00addic\u00adtoire avec le projet,<br>\net, on pou\u00advait s\u2019y attendre, le mar\u00adch\u00e9 du travail.<br>\nL\u2019ex\u00adploi\u00adta\u00adtion capi\u00adta\u00adliste du d\u00e9but de l\u2019industrialisation&nbsp;\u2014<br>\nlorsque le pro\u00adl\u00e9\u00adta\u00adriat urbain se consti\u00adtue en tant que classe,<br>\npro\u00adces\u00adsus qu\u2019on peut situer en France vers 1830\u200a\u2014\u200aest vio\u00adlente&nbsp;et<br>\nbru\u00adtale&nbsp;; 14 et 16 heures par jour de tra\u00advail sans aucune<br>\ngaran\u00adtie de l\u2019emploi.<\/font><\/font><\/p>\n<p style=\"margin-bottom: 0cm; font-style: normal; text-decoration: none;\" align=\"justify\">\n<font face=\"Times New Roman, serif\"><font size=\"3\">\tSimultan\u00e9ment<br>\n\u00e0 l\u2019in\u00adtro\u00adduc\u00adtion de la machine se d\u00e9ve\u00adloppe un&nbsp;sous<br>\npro\u00adl\u00e9\u00adta\u00adriat, les femmes et les enfants, avec un salaire<br>\ninf\u00e9\u00adrieur \u00e0 celui des hommes.<\/font><\/font><\/p>\n<p style=\"margin-bottom: 0cm; font-style: normal; text-decoration: none;\" align=\"justify\">\n<font face=\"Times New Roman, serif\"><font size=\"3\">\tDepuis le premier<br>\ncongr\u00e8s de l\u2019AIT (Gen\u00e8ve 1866, <sup class=\"numerator\">3<\/sup>\u2044<sub class=\"denominator\">8<\/sub> sep\u00adtembre) la<br>\nques\u00adtion du tra\u00advail des femmes est d\u00e9bat\u00adtue, met\u00adtant&nbsp;en<br>\n\u00e9vi\u00addence l\u2019am\u00adbi\u00adgu\u00ef\u00adt\u00e9 et la contra\u00addic\u00adtion de&nbsp;la<br>\nsitua\u00adtion dans laquelle la plu\u00adpart des hommes se trouvent par rapport<br>\n\u00e0&nbsp;:<\/font><\/font><\/p>\n<p style=\"margin-bottom: 0cm; text-decoration: none;\" align=\"justify\"><font face=\"Times New Roman, serif\"><font size=\"3\"><\/font><\/font><\/p>\n<ol>\n<li> concur\u00adrence r\u00e9elle due \u00e0 l\u2019in\u00adclu\u00adsion dans le march\u00e9<br>\ndu tra\u00advail d\u2019une main d\u2019\u0153uvre sous-pay\u00e9e&nbsp;;<\/li>\n<li> la pr\u00e9sence<br>\n\td\u2019i\u00admages, mythes, tra\u00addi\u00adtions, sur la sexua\u00adli\u00adt\u00e9 et le corps&nbsp;de<br>\n\tla femme, com\u00adpagne de l\u2019homme, m\u00e8re de ses enfants, gardienne<br>\n\tdu feu sacr\u00e9 du foyer, jus\u00adti\u00adfi\u00adca\u00adtions patriar\u00adcales de&nbsp;la<br>\n\tpr\u00e9\u00ademi\u00adnence de l\u2019homme dans la tra\u00addi\u00adtion gr\u00e9co-romaine<br>\n\tet chr\u00e9\u00adtienne&nbsp;; mais res\u00adtons ici pour l\u2019instant.<\/li>\n<li> la contradiction<br>\nde cette subor\u00addi\u00adna\u00adtion de la femme avec le conte\u00adnu utopique,<br>\nmil\u00adl\u00e9\u00adna\u00adriste, de l\u2019\u00e9\u00adga\u00adli\u00adt\u00e9 de sexes et&nbsp;la<br>\nlib\u00e9\u00adra\u00adtion de l\u2019humanit\u00e9.<\/li>\n<\/ol>\n<p style=\"margin-bottom: 0cm; font-style: normal; text-decoration: none;\" align=\"justify\">\n<font face=\"Times New Roman, serif\"><font size=\"3\">\t\u00c9tant&nbsp;donn\u00e9<br>\nles condi\u00adtions de vie de la classe ouvri\u00e8re, nier \u00e0&nbsp;la<br>\nfemme les pos\u00adsi\u00adbi\u00adli\u00adt\u00e9s de tra\u00advailler c\u2019est la r\u00e9duire<br>\nexclu\u00adsi\u00adve\u00adment au domaine domes\u00adtique ou \u00e0 la pros\u00adti\u00adtu\u00adtion.&nbsp;Au<br>\nharem ou au gyn\u00e9\u00adc\u00e9e. Var\u00adlin, par exemple, membre de&nbsp;la<br>\nmino\u00adri\u00adt\u00e9 de la d\u00e9l\u00e9\u00adga\u00adtion fran\u00ad\u00e7aise&nbsp;\u00e0<br>\nGen\u00e8ve, a conscience du pro\u00adbl\u00e8me et l\u2019ex\u00adpo\u00adse\u00adra pendant<br>\nle congr\u00e8s. La seule r\u00e9so\u00adlu\u00adtion du congr\u00e8s sera<br>\nque les femmes soient exclues de n\u2019im\u00adporte quel tra\u00advail de nuit et&nbsp;de<br>\ntoute sorte de tra\u00advail o\u00f9 la pudeur serait bles\u00ads\u00e9e&nbsp;et<br>\no\u00f9 leur corps serait expo\u00ads\u00e9 \u00e0 des poi\u00adsons ou&nbsp;\u00e0<br>\nd\u2019autres agents d\u00e9l\u00e9\u00adt\u00e8res&nbsp;\u00bb.[[Les<br>\nr\u00e9voltes logiques n<sup>o<\/sup>&nbsp;5 p.66.]]<\/font><\/font><\/p>\n<p style=\"margin-bottom: 0cm; font-style: normal; text-decoration: none;\" align=\"justify\">\n<font face=\"Times New Roman, serif\"><font size=\"3\">\tL\u2019ann\u00e9e<br>\nd\u2019a\u00adpr\u00e8s, Var\u00adlin expo\u00adse\u00adra sa posi\u00adtion, fer\u00adme\u00adment li\u00e9e&nbsp;\u00e0<br>\nla r\u00e9a\u00adli\u00adt\u00e9 sociale, au sein de la Soci\u00e9t\u00e9<br>\nde Cr\u00e9\u00addit mutuel des Relieurs (1867).<\/font><\/font><\/p>\n<p style=\"margin-bottom: 0cm; font-style: normal; text-decoration: none;\" align=\"justify\">\n<font face=\"Times New Roman, serif\"><font size=\"3\">\t\u00ab&nbsp;La<br>\nfemme doit tra\u00advailler et \u00eatre r\u00e9tri\u00adbu\u00e9e pour&nbsp;son<br>\ntra\u00advail. Ceux qui veulent lui refu\u00adser le droit au tra\u00advail veulent la<br>\nmettre tou\u00adjours sous la d\u00e9pen\u00addance de l\u2019homme. Nul n\u2019a&nbsp;le<br>\ndroit de lui refu\u00adser le seul moyen d\u2019\u00eatre v\u00e9ritablement<br>\nlibre. Elle doit se suf\u00adfire \u00e0 elle-m\u00eame, et comme&nbsp;ses<br>\nbesoins sont aus\u00adsi grands que les n\u00f4tres, elle doit&nbsp;\u00eatre<br>\nr\u00e9tri\u00adbu\u00e9e comme nous-m\u00eames. Que le tra\u00advail&nbsp;soit<br>\nfait par un homme, qu\u2019il soit fait par une ferme, m\u00eame produit,<br>\nm\u00eame salaire. Par ce moyen, la femme ne fera pas bais\u00adser&nbsp;le<br>\nsalaire de l\u2019homme et son tra\u00advail la fera&nbsp;libre.&nbsp;\u00bb<br>\n[[Eug\u00e8ne Var\u00adlin, Petite col\u00adlec\u00adtion Mas\u00adp\u00e9\u00adro. Paris&nbsp;1977,<br>\np.&nbsp;25]]<\/font><\/font><\/p>\n<p style=\"margin-bottom: 0cm; font-style: normal; text-decoration: none;\" align=\"justify\">\n<font face=\"Times New Roman, serif\"><font size=\"3\">\tCette&nbsp;ligne<br>\nconti\u00adnue\u00adra \u00e0 s\u2019ex\u00adpri\u00admer dans l\u2019aile anti\u00adau\u00adto\u00adri\u00adtaire et dans&nbsp;le<br>\nmou\u00adve\u00adment anar\u00adchiste. La F\u00e9d\u00e9\u00adra\u00adtion R\u00e9gionale<br>\nEspa\u00adgnole de l\u2019As\u00adso\u00adcia\u00adtion Inter\u00adna\u00adtio\u00adnale des Tra\u00advailleurs, au<br>\nCongr\u00e8s de Sara\u00adgosse (1872) approu\u00adva la pro\u00adpo\u00adsi\u00adtion suivante<br>\neue modi\u00adfiait une ant\u00e9\u00adrieure pro\u00adpo\u00adsi\u00adtion du Congr\u00e8s de<br>\nBar\u00adce\u00adlonne, concer\u00adnant \u00ab&nbsp;l\u2019\u00e9\u00adman\u00adci\u00adpa\u00adtion de la&nbsp;femme<br>\nde tout tra\u00advail autre que domestique&nbsp;\u00bb&nbsp;:<\/font><\/font><\/p>\n<p style=\"margin-bottom: 0cm; font-style: normal; text-decoration: none;\" align=\"justify\">\n<font face=\"Times New Roman, serif\"><font size=\"3\">\tDE LA FEMME \u00ab&nbsp;\u00c0<br>\nnotre avis, cette pro\u00adpo\u00adsi\u00adtion est issue d\u2019une pr\u00e9occupation&nbsp;;<br>\nelle est ins\u00adpi\u00adr\u00e9e dans un sen\u00adti\u00admen\u00adta\u00adlisme tra\u00addi\u00adtion\u00adnel&nbsp;qui<br>\ndoit dis\u00adpa\u00adra\u00eetre\u2026 Ceux qui veulent \u00e9man\u00adci\u00adper la&nbsp;femme<br>\ndu tra\u00advail, pour qu\u2019elle se consacre exclu\u00adsi\u00adve\u00adment au foyer, \u00e0<br>\nla garde de la famille, sup\u00adposent qu\u2019elle n\u2019a pas d\u2019autre mis\u00adsion,&nbsp;en<br>\naffir\u00admant qu\u2019elle a pour cela des facul\u00adt\u00e9s sp\u00e9ciales<br>\nqui sont contra\u00adri\u00e9es quand on l\u2019\u00e9\u00adcarte de ce qu\u2019ils<br>\nappellent son centre.<\/font><\/font><\/p>\n<p style=\"margin-bottom: 0cm; font-style: normal; text-decoration: none;\" align=\"justify\">\n<font face=\"Times New Roman, serif\"><font size=\"3\">\tCeux qui affirment<br>\ncela sup\u00adposent que l\u2019ac\u00adtuelle consti\u00adtu\u00adtion de la famille est<br>\nimmuable\u2026 Mais les faits (montrent) que, lorsque on varie&nbsp;les<br>\ncondi\u00adtions \u00e9co\u00adno\u00admiques des soci\u00e9\u00adt\u00e9s, sur\u00adtout&nbsp;la<br>\nforme de la pro\u00adpri\u00e9\u00adt\u00e9, les ins\u00adti\u00adtu\u00adtions sociales<br>\nvarient aussi&nbsp;(\u2026)<\/font><\/font><\/p>\n<p style=\"margin-bottom: 0cm; font-style: normal; text-decoration: none;\" align=\"justify\">\n<font face=\"Times New Roman, serif\"><font size=\"3\">\tLa femme est&nbsp;un<br>\n\u00eatre libre et intel\u00adli\u00adgent, et,  comme tel, res\u00adpon\u00adsable de&nbsp;ses<br>\nactes, ain\u00adsi que l\u2019homme&nbsp;; donc, si c\u2019est ain\u00adsi, ce qu\u2019il&nbsp;faut<br>\nc\u2019est la mettre en condi\u00adtion de liber\u00adt\u00e9 pour qu\u2019elle se<br>\nd\u00e9ve\u00adloppe selon ses facul\u00adt\u00e9s. Or, si nous limi\u00adtons&nbsp;la<br>\nfemme aux taches domes\u00adtiques, c\u2019est la sou\u00admettre, comme jusqu\u2019\u00e0<br>\npr\u00e9\u00adsent, \u00e0 la d\u00e9pen\u00addance de l\u2019homme, et,&nbsp;en<br>\ncons\u00e9\u00adquente, la pri\u00adver de sa. libert\u00e9.&nbsp;\u00bb<br>\n[[A. Loren\u00adzo&nbsp;: El pro\u00adle\u00adta\u00adri\u00addo mili\u00adtante, Mexi\u00adco (1876) p.&nbsp;243.]]<\/font><\/font><\/p>\n<p style=\"margin-bottom: 0cm; font-style: normal; text-decoration: none;\" align=\"justify\">\n<font face=\"Times New Roman, serif\"><font size=\"3\">\tPlus tard,&nbsp;le<br>\nCongr\u00e8s Ouvrier de France (1876), qui n\u2019est pas dans la&nbsp;ligne<br>\nanti\u00adau\u00adto\u00adri\u00adtaire, est en retard lors\u00adqu\u2019il d\u00e9clare que \u00ab&nbsp;Tout<br>\nen recon\u00adnaissant le droit au tra\u00advail pour la femme, nous<br>\nvou\u00addrions qu\u2019elle ne fit rien en dehors du&nbsp;foyer&nbsp;\u00bb.<\/font><\/font><\/p>\n<p style=\"margin-bottom: 0cm; font-style: normal; text-decoration: none;\" align=\"justify\">\n<font face=\"Times New Roman, serif\"><font size=\"3\">\tVingt ans plus&nbsp;tard<br>\net dans un autre conti\u00adnent, aux ori\u00adgines du mou\u00adve\u00adment ouvrier<br>\nr\u00e9vo\u00adlu\u00adtion\u00adnaire, la reven\u00addi\u00adca\u00adtion f\u00e9mi\u00adniste r\u00e9appara\u00eet<br>\nd\u2019une fa\u00e7on plus radi\u00adcale. En Argen\u00adtine, un groupe de ferres<br>\norga\u00adnise un groupe f\u00e9mi\u00adniste anar\u00adcho-com\u00admu\u00adniste, lequel publie<br>\nun jour\u00adnal \u00ab&nbsp;La voz de la mujer&nbsp;\u00bb. Dans&nbsp;le<br>\npre\u00admier num\u00e9\u00adro, en 1896, on cri\u00adtique les hommes anarchistes<br>\nqui sont tr\u00e8s r\u00e9vo\u00adlu\u00adtion\u00adnaires dans les Soci\u00e9t\u00e9s<br>\nde R\u00e9sis\u00adtance mais qui oppriment les femmes chez&nbsp;eux.<\/font><\/font><\/p>\n<p style=\"margin-bottom: 0cm; font-style: normal; text-decoration: none;\" align=\"justify\">\n<font face=\"Times New Roman, serif\"><font size=\"3\">\tCes exemples&nbsp;,<br>\nchoi\u00adsis au hasard montrent com\u00adment, mal\u00adgr\u00e9 le cli\u00admat et&nbsp;les<br>\nh\u00e9si\u00adta\u00adtions propres \u00e0 un mou\u00adve\u00adment qui,&nbsp;\u00e9tant<br>\ndon\u00adn\u00e9 les condi\u00adtions m\u00eames de la struc\u00adture sociale qu\u2019il<br>\ncom\u00adbat\u00adtait, \u00e9tait com\u00adpo\u00ads\u00e9 par une majorit\u00e9<br>\nd\u2019hommes, l\u2019i\u00add\u00e9e de l\u2019\u00e9\u00adman\u00adci\u00adpa\u00adtion de la femme&nbsp;\u00e9tait<br>\npr\u00e9\u00adsente et ses effets imm\u00e9\u00addiats se voyaient \u00e0<br>\ntra\u00advers les posi\u00adtions du mou\u00adve\u00adment ouvrier orga\u00adni\u00ads\u00e9&nbsp;de<br>\nten\u00addance anarchiste.<\/font><\/font><\/p>\n<p style=\"margin-bottom: 0cm; font-style: normal; text-decoration: none;\" align=\"justify\">\n<font face=\"Times New Roman, serif\"><font size=\"3\">\tN\u00e9anmoins<br>\nles rap\u00adports de domi\u00adna\u00adtion homme\/\u200bfemme ne chan\u00adg\u00e8rent pas&nbsp;\u00e0<br>\nl\u2019in\u00adt\u00e9\u00adrieur du mou\u00adve\u00adment r\u00e9vo\u00adlu\u00adtion\u00adnaire, au niveau des<br>\nrela\u00adtions inter-personnelles.<\/font><\/font><\/p>\n<p style=\"margin-bottom: 0cm; font-style: normal; text-decoration: none;\" align=\"center\">\u200a\u2014\u200a<font face=\"Times New Roman, serif\"><font size=\"3\">O \u2014<\/font><\/font><\/p>\n<p style=\"margin-bottom: 0cm; font-style: normal; text-decoration: none;\" align=\"justify\">\n<font face=\"Times New Roman, serif\"><font size=\"3\">\tComme nous&nbsp;le<br>\ndisions au d\u00e9but de cet article, la posi\u00adtion de la femme&nbsp;dans<br>\nla <u>struc\u00adture de la domi\u00adna\u00adtio<\/u>n  va plus loin et d\u2019une certaine<br>\nfa\u00e7on est sous-jacente \u00e0 l\u2019ex\u00adploi\u00adta\u00adtion du travail<br>\nsala\u00adri\u00e9 dans le sys\u00adt\u00e8me capi\u00adta\u00adliste et \u00e9tatique.<\/font><\/font><\/p>\n<p style=\"margin-bottom: 0cm; font-style: normal; text-decoration: none;\" align=\"justify\">\n<font face=\"Times New Roman, serif\"><font size=\"3\">\tBakou\u00adnine,&nbsp;qui<br>\n\u00e9tait bien pla\u00adc\u00e9 pour th\u00e9o\u00adri\u00adser les aspects<br>\npro\u00adpre\u00adment anar\u00adchistes du cou\u00adrant r\u00e9vo\u00adlu\u00adtion\u00adnaire, au moment<br>\nde la scis\u00adsion de l\u2019In\u00adter\u00adna\u00adtio\u00adnale, montre cer\u00adtaines intuitions<br>\nfondamentales.<\/font><\/font><\/p>\n<p style=\"margin-bottom: 0cm; font-style: normal; text-decoration: none;\" align=\"justify\">\n<font face=\"Times New Roman, serif\"><font size=\"3\">\tDans une note&nbsp;en<br>\nbas de page de sa <u>Lettre aux r\u00e9dac\u00adteurs du Prol\u00e9taire<br>\nIta\u00adlien<\/u>, en 1871, il \u00e9crit&nbsp;: \u00ab&nbsp;Nous serres<br>\naus\u00adsi les adver\u00adsaires de l\u2019au\u00adto\u00adri\u00adt\u00e9 patriar\u00adcale et juridique<br>\ndes maris sur les femmes, des parents sur les enfants&nbsp;;&nbsp;parce<br>\nque l\u2019his\u00adtoire nous apprend que <u>le des\u00adpo\u00adtisme dans la famille est<br>\nle genre du des\u00adpo\u00adtisme dans l\u2019\u00c9\u00adtat<\/u>&nbsp;\u00bb<br>\n[[Bzkou\u00adnine, \u0152uvres com\u00adpl\u00e8tes, vol 2, ed Champ Libre, Paris<br>\n1974, p. 58 ]]. Et quelques deux ans plus tard, une fois consum\u00e9e<br>\nla scis\u00adsion de l\u2019In\u00adter\u00adna\u00adtio\u00adnale, dans l\u2019ap\u00adpen\u00addice \u00e0 \u00c9tatisme<br>\net Anar\u00adchie  (1873) [[Ibid. vol 4, 1976, p. 363]], Bakou\u00adnine revient<br>\nsur le th\u00e8me de l\u2019\u00e9\u00adtat patriar\u00adcal du peuple, \u00ab&nbsp;mal<br>\nhis\u00adto\u00adrique, le plus grand de&nbsp;tous&nbsp;\u00bb.<\/font><\/font><\/p>\n<p style=\"margin-bottom: 0cm; font-style: normal; text-decoration: none;\" align=\"justify\">\n<font face=\"Times New Roman, serif\"><font size=\"3\">\tBakou\u00adnine parle&nbsp;du<br>\npeuple russe et il pense que per\u00adsonne ne peut lui don\u00adner&nbsp;de<br>\nl\u2019ex\u00adt\u00e9\u00adrieur ni id\u00e9aux ni conseils, la passion<br>\nr\u00e9vo\u00adlu\u00adtion\u00adnaire est dans le peuple lui-n\u00eame. Mais<br>\n\u00ab&nbsp;l\u2019i\u00add\u00e9al du peuple russe est obs\u00adcur\u00adci par&nbsp;trois<br>\nautres traits qui en d\u00e9na\u00adturent le carac\u00adt\u00e8re et&nbsp;en<br>\ncom\u00adpliquent \u00e0 l\u2019ex\u00adtr\u00eame, en la retar\u00addant,&nbsp;la<br>\nr\u00e9a\u00adli\u00adsa\u00adtion. \u00ab&nbsp;Ces trois traits sont&nbsp;: 1.<br>\nl\u2019\u00e9\u00adtat patriar\u00adcal&nbsp;; 2.l\u2019absorption de l\u2019in\u00addi\u00advi\u00addu par&nbsp;le<br>\nmir&nbsp;; 3. la confiance dans le tzar. Et il ajoute&nbsp;: \u00ab&nbsp;les<br>\ndeux der\u00adniers\u2026 sont pour ain\u00adsi dire les effets natu\u00adrels&nbsp;du<br>\npre\u00admier&nbsp;\u00bb. Et encore&nbsp;: \u00ab&nbsp;Le des\u00adpo\u00adtisme&nbsp;du<br>\nmari, du p\u00e8re, et ensuite du fr\u00e8re a\u00een\u00e9&nbsp;a<br>\nfait de la famille, d\u00e9j\u00e0 immo\u00adrale par son fondement<br>\njuri\u00addi\u00adco-\u00e9co\u00adno\u00admique, l\u2019\u00e9\u00adcole de la vio\u00adlence et de&nbsp;la<br>\nb\u00eatise triom\u00adphantes, de la l\u00e2che\u00adt\u00e9 et de&nbsp;la<br>\nper\u00adver\u00adsion quo\u00adti\u00addiennes au foyer domes\u00adtique.&nbsp;\u00bb \u00ab&nbsp;Il<br>\nse condui\u00adra chez lui en des\u00adpote abso\u00adlu, mais il sera le domes\u00adtique&nbsp;du<br>\n\u201c\u2018mir\u201d et l\u2019es\u00adclave du&nbsp;tzar&nbsp;\u00bb.<\/font><\/font><\/p>\n<p style=\"margin-bottom: 0cm; font-style: normal; text-decoration: none;\" align=\"justify\">\n<font face=\"Times New Roman, serif\"><font size=\"3\">\t\u00c0 mon&nbsp;avis,<br>\nl\u2019im\u00adpor\u00adtance de ces para\u00adgraphes de Bakou\u00adnine est dans la relation<br>\nqu\u2019ils \u00e9ta\u00adblissent entre ce que nous app\u00e9\u00adte\u00adrions&nbsp;la<br>\n<u>matrice<\/u> \u00e9mo\u00adtion\u00adnelle de la \u00ab&nbsp;famille&nbsp;\u00bb<br>\net la domi\u00adna\u00adtion de l\u2019\u00c9tat.<\/font><\/font><\/p>\n<p style=\"margin-bottom: 0cm; font-style: normal; text-decoration: none;\" align=\"justify\">\n<font face=\"Times New Roman, serif\"><font size=\"3\">\tC\u2019est-\u00e0-dire<br>\nque dans la soci\u00e9\u00adt\u00e9 il existe une cer\u00adtaine circularit\u00e9<br>\nde la repro\u00adduc\u00adtion de la domi\u00adna\u00adtion gr\u00e2ce \u00e0 laquelle les<br>\n<u>ins\u00adti\u00adtu\u00adtions sociales r\u00e9pres\u00adsives et les relations<br>\ninter\u00adper\u00adson\u00adnelles<\/u> se recon\u00adnaissent mut\u00adtuel\u00adle\u00adment au niveau des<br>\nrela\u00adtions de pou\u00advoir. Hommes et femmes appar\u00adtiennent \u00e0&nbsp;une<br>\nm\u00eame soci\u00e9\u00adt\u00e9 et ils l\u2019ont int\u00e9rioris\u00e9,<br>\npour ain\u00adsi dire. Cette soci\u00e9\u00adt\u00e9 est hi\u00e9rarchique<br>\net r\u00e9pres\u00adsive. \u00ab&nbsp;Pour se r\u00e9vol\u00adter contre<br>\ncette influence que la soci\u00e9\u00adt\u00e9 exerce natu\u00adrel\u00adle\u00adment&nbsp;sur<br>\nlui, l\u2019homme doit se r\u00e9vol\u00adter au moins en par\u00adtie contre<br>\nlui-m\u00eame.&nbsp;\u00bb (Bakou\u00adnine).<\/font><\/font><\/p>\n<p style=\"margin-bottom: 0cm; font-style: normal; text-decoration: none;\" align=\"justify\">\n<font face=\"Times New Roman, serif\"><font size=\"3\">\tCar l\u2019autorit\u00e9<br>\nde l\u2019\u00c9\u00adtat s\u2019ap\u00adpuie sur des ins\u00adti\u00adtu\u00adtions archa\u00efques qui<br>\narti\u00adculent chaque d\u00e9sir per\u00adson\u00adnel indi\u00advi\u00adduel,&nbsp;\u00e0<br>\nl\u2019in\u00adt\u00e9\u00adrieur d\u2019un sys\u00adt\u00e8me de paren\u00adt\u00e9&nbsp;r\u00e9git<br>\npar une asy\u00adm\u00e9\u00adtrie de  fait\u200a\u2014\u200aasy\u00adm\u00e9\u00adtrie vou\u00adlue&nbsp;par<br>\ncer\u00adtains comme radi\u00adcale et natu\u00adrelle [[C. L\u00e9vi-Strauss. Les<br>\nstruc\u00adtures \u00e9l\u00e9\u00admen\u00adtaires de la paren\u00adt\u00e9. Moutopn,<br>\nParis, p. 73, p. 136.]]\u200a\u2014\u200a en ver\u00adtu de laquelle femmes et mineurs<br>\nsont d\u00e9pen\u00addants du r\u00f4le paternel.<\/font><\/font><\/p>\n<p><em><\/em><\/p>\n<p style=\"margin-bottom: 0cm; font-style: normal; text-decoration: none;\" align=\"justify\">\n<font face=\"Times New Roman, serif\"><font size=\"3\">\tLa per\u00adsis\u00adtance&nbsp;de<br>\nces ins\u00adti\u00adtu\u00adtions archa\u00efques, qui tendent \u00e0 passer<br>\ninaper\u00ad\u00e7ues, tant elles impr\u00e8gnent tout [[Pour utiliser<br>\nune m\u00e9ta\u00adphore&nbsp;: un pois\u00adson des pro\u00adfon\u00addeurs de la mer&nbsp;qui<br>\narrive par hasard \u00e0 la sur\u00adface et ren\u00adcontre l\u2019air, ce&nbsp;qu\u2019il<br>\nd\u00e9couvre c\u2019est l\u2019exis\u00adtence de l\u2019eau.]] est direc\u00adte\u00adment&nbsp;vis\u00e9s<br>\npar la reven\u00addi\u00adca\u00adtion f\u00e9mi\u00adniste. Son pou\u00advoir sub\u00adver\u00adsif est&nbsp;l\u00e0.<\/font><\/font><\/p>\n<p style=\"margin-bottom: 0cm; font-style: normal; text-decoration: none;\" align=\"justify\">\n<font face=\"Times New Roman, serif\"><font size=\"3\">\tOn va me reprocher<br>\nde situer la domi\u00adna\u00adtion, l\u2019au\u00adto\u00adri\u00adt\u00e9, au sein m\u00eame&nbsp;des<br>\nrela\u00adtions d\u2019a\u00admour, de ten\u00addresse, d\u2019a\u00admi\u00adti\u00e9, dans les liens&nbsp;les<br>\nplus valo\u00adri\u00ads\u00e9s de l\u2019\u00eatre humain. Et bien, oui.&nbsp;C\u2019est<br>\ncela la dif\u00adfi\u00adcul\u00adt\u00e9, pour modi\u00adfier la struc\u00adture du pouvoir,<br>\npour ter\u00admi\u00adner avec la soci\u00e9\u00adt\u00e9 de classes, il&nbsp;faut<br>\narri\u00adver \u00e0 des niveaux pro\u00adfonds du monde humain o\u00f9<br>\nl\u2019his\u00adto\u00adri\u00adci\u00adt\u00e9 des affects, \u00e0 tra\u00advers la construction<br>\nd\u2019un uni\u00advers sym\u00adbo\u00adlique, <u>li\u00e9 la sexua\u00adli\u00adt\u00e9&nbsp;au<br>\npou\u00advoir<\/u>.<\/font><\/font><\/p>\n<p style=\"margin-bottom: 0cm; font-style: normal; text-decoration: none;\" align=\"justify\">\n<font face=\"Times New Roman, serif\"><font size=\"3\">\tCelle-ci fut&nbsp;une<br>\ndes grandes d\u00e9cou\u00advertes de Freud et sa per\u00adti\u00adnence ame\u00adna&nbsp;les<br>\npen\u00adseurs \u00ab&nbsp;scien\u00adti\u00adfiques&nbsp;\u00bb \u00e0 croire \u00e0<br>\nl\u2019u\u00adni\u00adver\u00adsa\u00adli\u00adt\u00e9 de l\u2019in\u00adter\u00addic\u00adtion de l\u2019in\u00adceste. Parce&nbsp;que<br>\nl\u2019in\u00adter\u00addic\u00adtion de l\u2019in\u00adceste est l\u2019i\u00admage ou la m\u00e9ta\u00adphore&nbsp;qui<br>\nimbrique la sexua\u00adli\u00adt\u00e9 au pou\u00advoir dans la struc\u00adture de&nbsp;la<br>\nparent\u00e9.<\/font><\/font><\/p>\n<p style=\"margin-bottom: 0cm; font-style: normal; text-decoration: none;\" align=\"justify\">\n<font face=\"Times New Roman, serif\"><font size=\"3\">\tEn cri\u00adti\u00adquant&nbsp;le<br>\npos\u00adtu\u00adlat de l\u2019u\u00adni\u00adver\u00adsa\u00adli\u00adt\u00e9 de l\u2019in\u00adter\u00addic\u00adtion de l\u2019in\u00adceste&nbsp;un<br>\nauteur contem\u00adpo\u00adrain dit&nbsp;: \u00ab&nbsp;l\u2019in\u00adceste est une notion<br>\nmorale pro\u00adduite par une id\u00e9o\u00adlo\u00adgie li\u00e9e&nbsp;\u00e0<br>\nl\u2019\u00e9\u00adla\u00adbo\u00adra\u00adtion du pou\u00advoir dans les soci\u00e9t\u00e9s<br>\ndomes\u00adtiques comme un des moyens de ma\u00ee\u00adtrise des m\u00e9canismes<br>\nde la repro\u00adduc\u00adtion, et non une pres\u00adcrip\u00adtion inn\u00e9e qui serait<br>\nen l\u2019oc\u00adcur\u00adrence la seule de son esp\u00e8ce&nbsp;: ce qui&nbsp;est<br>\npr\u00e9\u00adsen\u00adt\u00e9 comme p\u00e9ch\u00e9 contre la nature<br>\nn\u2019est en v\u00e9ri\u00adt\u00e9 que p\u00e9ch\u00e9 contre l\u2019<br>\nauto\u00adri\u00adt\u00e9.&nbsp;\u00bb [[Claude Meilla\u00adsoux, Femmes, greniers<br>\net capi\u00adtaux. Mas\u00adpe\u00adro, Paris 1975, p.&nbsp;28.]]<\/font><\/font><\/p>\n<p style=\"margin-bottom: 0cm; font-style: normal; text-decoration: none;\" align=\"justify\">\n<font face=\"Times New Roman, serif\"><font size=\"3\">\tMais la r\u00e9alit\u00e9<br>\nde cette affir\u00adma\u00adtion n\u2019emp\u00eache pas que l\u2019u\u00adni\u00advers symbolique<br>\nd\u2019une soci\u00e9\u00adt\u00e9 de classes contienne sa propre<br>\njus\u00adti\u00adfi\u00adca\u00adtion. Ce niveau sym\u00adbo\u00adlique se consti\u00adtuant&nbsp;sur<br>\nl\u2019en\u00adtre\u00adcroi\u00adse\u00adment de la lign\u00e9e et de l\u2019\u00e9\u00adchange, sur&nbsp;la<br>\nfa\u00e7on propre d\u2019as\u00adso\u00adcier les g\u00e9n\u00e9\u00adra\u00adtions et&nbsp;les<br>\nsexes.<\/font><\/font><\/p>\n<p style=\"margin-bottom: 0cm; font-style: normal; text-decoration: none;\" align=\"justify\">\n<font face=\"Times New Roman, serif\"><font size=\"3\">\tEn g\u00e9n\u00e9ral,<br>\nles expli\u00adca\u00adtions sur la struc\u00adture de la soci\u00e9\u00adt\u00e9 peuvent<br>\nse grou\u00adper selon deux cat\u00e9\u00adgo\u00adries&nbsp;: celles qui<br>\npri\u00advi\u00adl\u00e9\u00adgient ce qui se trans\u00admet et celles qui privil\u00e9gient<br>\nce qui s\u2019\u00e9\u00adchange . Dans la pre\u00admi\u00e8re, on trouve au<br>\ncentre de la trame les anc\u00eatres, les morts. Dans la deuxi\u00e8me,<br>\nles fermes.<\/font><\/font><\/p>\n<p style=\"margin-bottom: 0cm; font-style: normal; text-decoration: none;\" align=\"justify\">\n<font face=\"Times New Roman, serif\"><font size=\"3\">\tL\u2019entrecroisement,<br>\nl\u2019in\u00adter\u00adsec\u00adtion de ces deux axes d\u2019ex\u00adpli\u00adca\u00adtion est sou\u00add\u00e9 ,&nbsp;au<br>\nniveau de l\u2019i\u00adma\u00adgi\u00adnaire social, par la pr\u00e9\u00adten\u00adtion&nbsp;de<br>\nl\u2019u\u00adni\u00adver\u00adsa\u00adli\u00adt\u00e9 de l\u2019in\u00adter\u00addic\u00adtion de l\u2019in\u00adceste. Je m\u2019explique.<br>\nDans la filia\u00adtion, axe ver\u00adti\u00adcal, se trans\u00admettent les biens, le&nbsp;temps,<br>\nla terre, l\u2019h\u00e9\u00adri\u00adtage des parents aux enfants&nbsp;;&nbsp;il<br>\nappa\u00adra\u00eet une hi\u00e9\u00adrar\u00adchie de sta\u00adtut, l\u2019in\u00adter\u00addic\u00adtion&nbsp;de<br>\nl\u2019in\u00adceste pr\u00e9\u00adserve les \u00ab&nbsp;biens&nbsp;\u00bb&nbsp;du<br>\np\u00e8re, ordonne la cir\u00adcu\u00adla\u00adtion de ses biens \u00e0 tra\u00advers&nbsp;les<br>\ng\u00e9n\u00e9\u00adra\u00adtions. Dans l\u2019axe hori\u00adzon\u00adtal, celui de l\u2019\u00e9change,<br>\ncir\u00adculent les biens les mots et les femmes&nbsp;; il appara\u00eet<br>\nune hi\u00e9\u00adrar\u00adchie de sexes\u200a\u2014\u200al\u2019a\u00adsy\u00adm\u00e9\u00adtrie radi\u00adcale&nbsp;de<br>\nl\u2019\u00e9\u00adchange\u200a\u2014\u200ales hommes \u00e9changent les femmes. Encore<br>\nune fois, l\u2019in\u00adter\u00addic\u00adtion de l\u2019in\u00adceste pr\u00e9\u00adserve la place&nbsp;du<br>\np\u00e8re.<\/font><\/font><\/p>\n<p style=\"margin-bottom: 0cm; font-style: normal; text-decoration: none;\" align=\"justify\">\n<font face=\"Times New Roman, serif\"><font size=\"3\">\tCette structure<br>\nsociale forte, la r\u00e8gle trans\u00adfor\u00adm\u00e9e en loi,&nbsp;en<br>\nm\u00e9ta\u00adphore pater\u00adnelle, s\u2019ex\u00adprime dans les ins\u00adti\u00adtu\u00adtions&nbsp;de<br>\npou\u00advoir, et se conti\u00adnue, s\u2019au\u00adtoen\u00adgendre dans l\u2019ar\u00adti\u00adcu\u00adla\u00adtion du&nbsp;mythe<br>\net du phantasme.<\/font><\/font><\/p>\n<p style=\"margin-bottom: 0cm; font-style: normal; text-decoration: none;\" align=\"justify\">\n<font face=\"Times New Roman, serif\"><font size=\"3\">\tLe mythe d\u2019\u0152dipe<br>\nc\u2019est le mythe cen\u00adtral de la soci\u00e9\u00adt\u00e9 patriar\u00adcale et&nbsp;il<br>\nest int\u00e9\u00adres\u00adsant de voir com\u00adment la fine ana\u00adlyse freu\u00addienne qui<br>\nlui accorde tout son conte\u00adnu de r\u00e9pres\u00adsion sexuelle, occulte<br>\nen m\u00eame temps ce qui est appa\u00adrent et qui lui donne sa raison<br>\nd\u2019\u00eatre&nbsp;: le conflit d\u2019au\u00adto\u00adri\u00adt\u00e9. \u00ab&nbsp;L\u2019impossibilit\u00e9&nbsp;\u00bb<br>\npour \u0152dipe d\u2019oc\u00adcu\u00adper la place de p\u00e8re&nbsp;: dans le&nbsp;tr\u00f4ne<br>\net le lit de La\u00efos, \u0152dipe devient La\u00efos.<\/font><\/font><\/p>\n<p style=\"margin-bottom: 0cm; font-style: normal; text-decoration: none;\" align=\"justify\">\n<font face=\"Times New Roman, serif\"><font size=\"3\">\tLe rebelle qui<br>\naffirme son droit \u00e0 pas\u00adser par le che\u00admin sans s\u2019incliner<br>\ndevant la volon\u00adt\u00e9 de l\u2019autre, devient cet autre&nbsp;et<br>\ns\u2019au\u00adto-punit. Le tr\u00f4ne reste intact et le lit abandonn\u00e9.<br>\nEt la femme est encore ici une valeur d\u2019u\u00adsage. Elle&nbsp;est<br>\nindis\u00adso\u00adlu\u00adble\u00adment li\u00e9e \u00e0 son ma\u00eetre. Ce que&nbsp;le<br>\nmythe affirme c\u2019est la p\u00e9ren\u00adni\u00adt\u00e9 du pou\u00advoir&nbsp;et<br>\nl\u2019i\u00adn\u00e9\u00adluc\u00adta\u00adbi\u00adli\u00adt\u00e9 pour le r\u00e9vo\u00adlu\u00adtion\u00adnaire&nbsp;de<br>\ndeve\u00adnir&nbsp;tyran.<\/font><\/font><\/p>\n<p style=\"margin-bottom: 0cm; font-style: normal; text-decoration: none;\" align=\"justify\">\n<font face=\"Times New Roman, serif\"><font size=\"3\">\tCe&nbsp;mythe<br>\ns\u2019ac\u00adtua\u00adlise constam\u00adment au niveau du phan\u00adtasme, dans le \u00ab&nbsp;complexe<br>\nd\u2019\u0152\u00addipe&nbsp;\u00bb, o\u00f9 chaque sujet occupe une place&nbsp;d\u00e9j\u00e0<br>\nd\u00e9fi\u00adnie dans la struc\u00adture de la domination.<\/font><\/font><\/p>\n<p style=\"margin-bottom: 0cm; font-style: normal; text-decoration: none;\" align=\"justify\">\n<font face=\"Times New Roman, serif\"><font size=\"3\">\tL\u2019asym\u00e9trie<br>\nde la rela\u00adtion homme\/\u200bfemme c\u2019est l\u2019\u00e9l\u00e9\u00adment cen\u00adtral&nbsp;de<br>\nla domi\u00adna\u00adtion, ordonne toutes les rela\u00adtions de pou\u00advoir&nbsp;: entre<br>\nhomme et femme, entre les hommes, entre les femmes.<\/font><\/font><\/p>\n<p style=\"margin-bottom: 0cm; font-style: normal; text-decoration: none;\" align=\"justify\">\n<font face=\"Times New Roman, serif\"><font size=\"3\">\tQu\u2019on me comprenne<br>\nbien, je ne dis pas que les choses sont comme cela, de&nbsp;fa\u00e7on<br>\ninamo\u00advible, comme la nature des sexes ou la dif\u00adf\u00e9\u00adrence&nbsp;de<br>\ng\u00e9n\u00e9\u00adra\u00adtions. Bien au contraire, les choses \u00ab&nbsp;sont<br>\ncorne \u00e7\u00e0&nbsp;\u00bb parce qu\u2019elles sont articul\u00e9es<br>\nain\u00adsi par les mythes (qui font par\u00adtie de l\u2019i\u00adma\u00adgi\u00adnaire social et<br>\naux\u00adquels nous par\u00adti\u00adci\u00adpons tous incons\u00adciem\u00adment par les institutions<br>\n(que nous com\u00adbat\u00adtons mais \u00e0 l\u2019in\u00adt\u00e9\u00adrieur des\u00adquelles nous<br>\nagis\u00adsons) et par les phan\u00adtasmes indi\u00advi\u00adduels (qui expriment nos<br>\nconflits).<\/font><\/font><\/p>\n<p style=\"margin-bottom: 0cm; font-style: normal; text-decoration: none;\" align=\"justify\">\n<font face=\"Times New Roman, serif\"><font size=\"3\">\tPour reve\u00adnir&nbsp;\u00e0<br>\nnotre pro\u00adbl\u00e8me ini\u00adtial. Quand nous cri\u00adti\u00adquions la rupture<br>\nid\u00e9o\u00adlo\u00adgique entre la lib\u00e9\u00adra\u00adtion totale de l\u2019\u00eatre<br>\nhumain, femme et homme, vou\u00adlue par l\u2019a\u00adnar\u00adchisme, et une pra\u00adtique&nbsp;qui<br>\ncan\u00adtonne la femme au foyer, la ren\u00addant d\u00e9pen\u00addante de l\u2019homme,<br>\nnous met\u00adtions en \u00e9vi\u00addence une forme concr\u00e8te des effets<br>\nde cette pro\u00adfonde struc\u00adture de la domi\u00adna\u00adtion , dans la r\u00e9alit\u00e9<br>\nquotidienne.<\/font><\/font><\/p>\n<p style=\"margin-bottom: 0cm; font-style: normal; text-decoration: none;\" align=\"justify\">\n<font face=\"Times New Roman, serif\"><font size=\"3\">\tSi notre volont\u00e9<br>\nanar\u00adchiste de ter\u00admi\u00adner avec les rap\u00adports d\u2019au\u00adto\u00adri\u00adt\u00e9,&nbsp;de<br>\ndes\u00adtruc\u00adtion de l\u2019\u00c9\u00adtat , de construire une soci\u00e9t\u00e9<br>\nnon r\u00e9pres\u00adsive, si notre volon\u00adt\u00e9 anar\u00adchiste doit&nbsp;se<br>\ntra\u00adduire par des faits, des actions qui amarrent l\u2019u\u00adto\u00adpie \u00e0&nbsp;la<br>\nterre, une condi\u00adtion indis\u00adpen\u00adsable est la prise de conscience de<br>\ncette dimen\u00adsion occulte de la domi\u00adna\u00adtion, qui \u00e0 tra\u00advers&nbsp;la<br>\nsitua\u00adtion d\u00e9pen\u00addante de la femme, intro\u00adduit dans&nbsp;toute<br>\nrela\u00adtion humaine un fac\u00adteur de pouvoir.<\/font><\/font><\/p>\n<p style=\"margin-bottom: 0cm; font-style: normal; text-decoration: none;\" align=\"justify\">\n<font face=\"Times New Roman, serif\"><font size=\"3\">\tLa soci\u00e9t\u00e9<br>\nde classes ain\u00adsi que l\u2019\u00c9\u00adtat trouvent dans le tis\u00adsu&nbsp;des<br>\nrela\u00adtions quo\u00adti\u00addiennes la base de leur perp\u00e9tuation.<\/font><\/font><\/p>\n<p style=\"margin-bottom: 0cm; font-style: normal; text-decoration: none;\" align=\"justify\">\n<font face=\"Times New Roman, serif\"><font size=\"3\">\tL\u2019\u00eatre humain<br>\npeut et doit \u00eatre libre. La R\u00e9vo\u00adlu\u00adtion Sociale exige&nbsp;la<br>\ndes\u00adtruc\u00adtion de l\u2019\u00c9\u00adtat pour finir avec l\u2019ex\u00adploi\u00adta\u00adtion. Et&nbsp;elle<br>\nexige aus\u00adsi l\u2019a\u00adbo\u00adli\u00adtion du patriar\u00adcat pour que la domi\u00adna\u00adtion ne&nbsp;se<br>\nrecons\u00adtruise pas sur les ruines de la soci\u00e9\u00adt\u00e9&nbsp;de<br>\nclasses.<\/font><\/font><\/p>\n<p style=\"margin-bottom: 0cm; font-style: normal; text-decoration: none;\" align=\"justify\">\n<\/p><p style=\"margin-bottom: 0cm; font-style: normal; text-decoration: none;\" align=\"justify\">\n<font face=\"Times New Roman, serif\"><font size=\"3\">Nico\u00adlas<\/font><\/font><\/p>\n","protected":false},"excerpt":{"rendered":"<p>\u00ab&nbsp;La femme pro\u00adl\u00e9\u00adtaire est celle qui tra\u00advaille pour le compte d\u2019un ma\u00eetre quel\u00adconque. Que le ma\u00eetre se nomme&nbsp;\u00c9tat, cor\u00adpo\u00adra\u00adtion, soci\u00e9\u00adt\u00e9 par actions, fabri\u00adcant, patron ou mari, n\u2019importe&nbsp;!\u00bb L\u2019Ex\u00adploi\u00adt\u00e9e no8. D\u00e9c.1907 \u00ab&nbsp;Nous avons vue arri\u00adver une bande, \u00e0 la t\u00e8te de laquelle il&nbsp;y avait une femme avec un dra\u00adpeau noir&nbsp;; arri\u00adv\u00e9e devant chez nous, elle&nbsp;a&nbsp;[\u2026]<\/p>\n","protected":false},"author":1,"featured_media":0,"comment_status":"closed","ping_status":"closed","sticky":false,"template":"","format":"standard","meta":{"wp_typography_post_enhancements_disabled":false,"footnotes":""},"categories":[43],"tags":[],"ppma_author":[540],"class_list":["post-681","post","type-post","status-publish","format-standard","hentry","category-la-lanterne-noire-na10-mars-1978"],"authors":[{"term_id":540,"user_id":1,"is_guest":0,"slug":"admin_3gikpwyf","display_name":"Vincent Dubuc","avatar_url":"https:\/\/secure.gravatar.com\/avatar\/d015720652c25fd2ced191ade86430094e1f288a17483713e3b34d26dea52507?s=96&d=mm&r=g","author_category":"","user_url":"https:\/\/la-presse-anarchiste.net","last_name":"Dubuc","first_name":"Vincent","job_title":"","description":""}],"_links":{"self":[{"href":"https:\/\/la-presse-anarchiste.net\/index.php\/wp-json\/wp\/v2\/posts\/681","targetHints":{"allow":["GET"]}}],"collection":[{"href":"https:\/\/la-presse-anarchiste.net\/index.php\/wp-json\/wp\/v2\/posts"}],"about":[{"href":"https:\/\/la-presse-anarchiste.net\/index.php\/wp-json\/wp\/v2\/types\/post"}],"author":[{"embeddable":true,"href":"https:\/\/la-presse-anarchiste.net\/index.php\/wp-json\/wp\/v2\/users\/1"}],"replies":[{"embeddable":true,"href":"https:\/\/la-presse-anarchiste.net\/index.php\/wp-json\/wp\/v2\/comments?post=681"}],"version-history":[{"count":0,"href":"https:\/\/la-presse-anarchiste.net\/index.php\/wp-json\/wp\/v2\/posts\/681\/revisions"}],"wp:attachment":[{"href":"https:\/\/la-presse-anarchiste.net\/index.php\/wp-json\/wp\/v2\/media?parent=681"}],"wp:term":[{"taxonomy":"category","embeddable":true,"href":"https:\/\/la-presse-anarchiste.net\/index.php\/wp-json\/wp\/v2\/categories?post=681"},{"taxonomy":"post_tag","embeddable":true,"href":"https:\/\/la-presse-anarchiste.net\/index.php\/wp-json\/wp\/v2\/tags?post=681"},{"taxonomy":"author","embeddable":true,"href":"https:\/\/la-presse-anarchiste.net\/index.php\/wp-json\/wp\/v2\/ppma_author?post=681"}],"curies":[{"name":"wp","href":"https:\/\/api.w.org\/{rel}","templated":true}]}}