{"id":682,"date":"2007-08-19T10:56:17","date_gmt":"2007-08-19T10:56:17","guid":{"rendered":"https:\/\/la-presse-anarchiste.net\/index.php\/2007\/08\/19\/la-situation-francaise-en-mars-1978\/"},"modified":"2007-08-19T10:56:17","modified_gmt":"2007-08-19T10:56:17","slug":"la-situation-francaise-en-mars-1978","status":"publish","type":"post","link":"https:\/\/la-presse-anarchiste.net\/index.php\/2007\/08\/19\/la-situation-francaise-en-mars-1978\/","title":{"rendered":"La situation fran\u00e7aise en mars&nbsp;1978"},"content":{"rendered":"<div class=\"pdfprnt-buttons pdfprnt-buttons-post pdfprnt-top-right\"><a href=\"https:\/\/la-presse-anarchiste.net\/index.php\/wp-json\/wp\/v2\/posts\/682?print=pdf\" class=\"pdfprnt-button pdfprnt-button-pdf\" target=\"_blank\"><img decoding=\"async\" src=\"https:\/\/la-presse-anarchiste.net\/wp-content\/plugins\/pdf-print\/images\/pdf.png\" alt=\"image_pdf\" title=\"Afficher le PDF\"><\/a><a href=\"https:\/\/la-presse-anarchiste.net\/index.php\/wp-json\/wp\/v2\/posts\/682?print=print\" class=\"pdfprnt-button pdfprnt-button-print\" target=\"_blank\"><img decoding=\"async\" src=\"https:\/\/la-presse-anarchiste.net\/wp-content\/plugins\/pdf-print\/images\/print.png\" alt=\"image_print\" title=\"Contenu imprim\u00e9\"><\/a><\/div><p style=\"margin-bottom: 0cm; font-style: normal;\" align=\"justify\"><strong><em>\u00c9lec\u00adtions tou\u00adjours pi\u00e8ges \u00e0<br>\ncon<\/em><\/strong><\/p>\n<p style=\"margin-bottom: 0cm; font-style: normal;\" align=\"justify\"><font face=\"Times New Roman, serif\"><font size=\"3\">Nous<br>\nn\u2019al\u00adlons pas d\u00e9ve\u00adlop\u00adper encore une fois l\u2019argumentation<br>\nanar\u00adchiste contre les \u00e9lec\u00adtions&nbsp;;avant de pas\u00adser&nbsp;au<br>\ncontexte dans lequel va se d\u00e9rou\u00adler la consul\u00adta\u00adtion de&nbsp;mars<br>\n1978, nous vou\u00adlons sim\u00adple\u00adment rap\u00adpe\u00adler deux choses.<\/font><\/font><\/p>\n<p style=\"margin-bottom: 0cm; font-style: normal;\" align=\"justify\"><font face=\"Times New Roman, serif\"><font size=\"3\">La<br>\npre\u00admi\u00e8re, c\u2019est que si le poids de nos argu\u00adments (qui&nbsp;ont<br>\nd\u00e9mon\u00adtr\u00e9 d\u2019in\u00adnom\u00adbrables fois l\u2019i\u00adnef\u00adfi\u00adca\u00adci\u00adt\u00e9&nbsp;du<br>\nsuf\u00adfrage uni\u00adver\u00adsel pour d\u00e9lo\u00adger la classe domi\u00adnante) n\u2019\u00e9tait<br>\npas suf\u00adfi\u00adsant, il y <span style=\"font-style: normal;\">a l\u2019ex\u00adp\u00e9\u00adrience<br>\nv\u00e9cue d\u2019\u00e9\u00adlec\u00adtions natio\u00adnales et de r\u00e9f\u00e9rendums<br>\nqui n\u2019ont rien chan\u00adg\u00e9 que les appa\u00adrences, et&nbsp;donn\u00e9<br>\nl\u2019illu\u00adsion, savam\u00adment entre\u00adte\u00adnue, que les maigres conqu\u00eates<br>\nobte\u00adnues gr\u00e2ce \u00e0 la pres\u00adsion des rues et des usines<br>\n\u00e9taient le fruit d\u2019un nombre suf\u00adfi\u00adsant de&nbsp;votes.<\/span><\/font><\/font><\/p>\n<p style=\"margin-bottom: 0cm; font-style: normal;\" align=\"justify\"><font face=\"Times New Roman, serif\"><font size=\"3\"><span style=\"font-style: normal;\">Il<br>\nest \u00e9vident que toute la struc\u00adture poli\u00adtique que&nbsp;nous<br>\nconnais\u00adsons main\u00adtient la contra\u00addic\u00adtion entre l\u2019\u00e9galit\u00e9<br>\nfor\u00admelle du vote (un indi\u00advi\u00addu, un vote) [[Et encore, sans&nbsp;tenir<br>\ncompte des mino\u00adri\u00adt\u00e9s d\u00e9pos\u00ads\u00e9\u00add\u00e9es,&nbsp;des<br>\n\u00e9mi\u00adgr\u00e9s et des jeunes&nbsp;; sans par\u00adler des vell\u00e9it\u00e9s<br>\ntra\u00addi\u00adtio\u00adna\u00adlistes d\u2019un Debr\u00e9, vou\u00adlant \u00e9ta\u00adblir le&nbsp;vote<br>\nfami\u00adlial.]] et l\u2019i\u00adn\u00e9\u00adga\u00adli\u00adt\u00e9 r\u00e9elle des revenus,<br>\nde la pos\u00adses\u00adsion du capi\u00adtal, du pou\u00advoir \u00e9co\u00adno\u00admique [[Quant \u00e0<br>\nla vie cou\u00adrante, trois faits quo\u00adti\u00addiens d\u00e9montrent l\u2019in\u00e9galit\u00e9<br>\nfla\u00adgrante, la fas\u00adci\u00adsa\u00adtion de la vie fran\u00e7aise.<\/span><\/font><\/font><\/p>\n<p style=\"margin-bottom: 0cm; font-style: normal;\" align=\"justify\"><font face=\"Times New Roman, serif\"><font size=\"3\">D\u2019a\u00adbord,<br>\nl\u2019a\u00adbru\u00adtis\u00adse\u00adment par la pro\u00adpa\u00adgande, le silence de la droite et de&nbsp;la<br>\ngauche sur les vrais pro\u00adbl\u00e8mes (sans comp\u00adter que la France est<br>\ntou\u00adjours le pre\u00admier pays consom\u00adma\u00adteur d\u2019al\u00adcool par habi\u00adtant de&nbsp;plus<br>\nde 20&nbsp;ans).<\/font><\/font><\/p>\n<p style=\"margin-bottom: 0cm; font-style: normal;\" align=\"justify\"><font face=\"Times New Roman, serif\"><font size=\"3\">Ensuite, la<br>\nmor\u00adta\u00adli\u00adt\u00e9 par cat\u00e9\u00adgo\u00adries socio-pro\u00adfes\u00adsion\u00adnelle&nbsp;est<br>\nr\u00e9v\u00e9\u00adla\u00adtrice des in\u00e9ga\u00adli\u00adt\u00e9s sociales&nbsp;:<br>\n\u00e0 35 ans, l\u2019es\u00adp\u00e9\u00adrance de vie d\u2019un man\u0153uvre est de&nbsp;68<br>\nans, d\u2019un sala\u00adri\u00e9 agri\u00adcole de 70, d\u2019un employ\u00e9 de<br>\nbureau, de 72, 73, des pro\u00adfes\u00adsions lib\u00e9\u00adrales, de 75 ans&nbsp;;\u00e050<br>\nans, sur 100&nbsp;000 employ\u00e9s du ter\u00adtiaire, 500 meurent, alors&nbsp;que<br>\nsur 100&nbsp;000 man\u0153uvres, il y en a 1&nbsp;300&nbsp;; et \u00e0 75&nbsp;ans,<br>\npour 1000 per\u00adsonnes vivantes \u00e0 35 ans, il reste&nbsp;331<br>\nmanoeuvres, 366 sala\u00adri\u00e9s agri\u00adcoles, 450, 465 employ\u00e9s<br>\nde bureau, 555 de pro\u00adfes\u00adsions lib\u00e9\u00adrales, ou de cadres<br>\nsup\u00e9\u00adrieurs. Et il ne faut pas oublier la mor\u00adta\u00adli\u00adt\u00e9&nbsp;dans<br>\nles acci\u00addents du tra\u00advail (2406 en&nbsp;1972).<\/font><\/font><\/p>\n<p style=\"margin-bottom: 0cm; font-style: normal;\" align=\"justify\"><font face=\"Times New Roman, serif\"><font size=\"3\">Enfin, un r\u00e9cent<br>\narticle du <i>Monde Diplo\u00adma\u00adtique<\/i>, r\u00e9v\u00e8le que&nbsp;les<br>\nassas\u00adsi\u00adnats sont 10 fois moindres que le nombre des morts&nbsp;par<br>\nacci\u00addent du tra\u00advail, et que les vols sont bien inf\u00e9\u00adrieurs aux<br>\nfraudes fis\u00adcales, doua\u00adni\u00e8res et finan\u00adci\u00e8res. Du&nbsp;reste,<br>\nla cat\u00e9\u00adgo\u00adrie sociale la plus condam\u00adn\u00e9e est celle&nbsp;des<br>\npetits patrons (34&nbsp;% des cas) alors que les pro\u00adl\u00e9\u00adtaires, qui<br>\nseuls vont en pri\u00adson, forment 31,6&nbsp;% de l\u2019en\u00adsemble. Sans vou\u00adloir&nbsp;nier<br>\nl\u2019aug\u00admen\u00adta\u00adtion et l\u2019im\u00adpor\u00adtance de la \u00ab&nbsp;d\u00e9linquance&nbsp;\u00bb<br>\nil reste qu\u2019elle est ridi\u00adcule face aux tueurs et aux voleurs de&nbsp;haut<br>\nvol que sont les hommes du r\u00e9gime.]].<\/font><\/font><br>\n<span style><span style=\"font-style: normal;\"><font size=\"3\"><font face=\"Times New Roman, serif\">&nbsp;&nbsp;&nbsp; La<br>\nseconde, c\u2019est que le nombre d\u2019an\u00adn\u00e9es qui s\u2019\u00e9coule<br>\nentre chaque consul\u00adta\u00adtion inter\u00addit toute efficacit\u00e9&nbsp;:<br>\nima\u00adgine-t-on une voi\u00adture qui ne serait<br>\nr\u00e9vi\u00ads\u00e9e que tous les 4, 5, ou 7 ans&nbsp;? de plus,&nbsp;la<br>\ncom\u00adpli\u00adca\u00adtion des lois et des d\u00e9crets per\u00admet au gou\u00adver\u00adne\u00adment&nbsp;de<br>\nblo\u00adquer com\u00adpl\u00e8\u00adte\u00adment (par le refus ou le retard dans l\u2019octroi<br>\ndes cr\u00e9\u00addits) toute action par\u00adle\u00admen\u00adtaire ou muni\u00adci\u00adpale.&nbsp;Tout<br>\ncela en dehors de l\u2019ab\u00adsence r\u00e9elle et totale de contr\u00f4le<br>\net de pos\u00adsi\u00adbi\u00adli\u00adt\u00e9 de r\u00e9vo\u00adca\u00adtion des \u00e9lus par&nbsp;les<br>\n\u00e9lec\u00adteurs. Ain\u00adsi, m\u00eame pour ceux qui sont \u00ab&nbsp;pour&nbsp;\u00bb<br>\nles \u00e9lec\u00adtions, le sys\u00adt\u00e8me actuel est inefficace.<\/font><\/font><\/span><\/span><\/p>\n<p style=\"margin-bottom: 0cm; font-style: normal;\" align=\"justify\"><font face=\"Times New Roman, serif\"><font size=\"3\">Il s\u2019a\u00adgit&nbsp;donc<br>\nd\u2019une farce tant les pro\u00adbl\u00e8mes de fond sont absents.<\/font><\/font><\/p>\n<p style=\"margin-bottom: 0cm; font-style: normal;\" align=\"justify\">\n<\/p><h2>Des candidatures marginales<\/h2>\n<p><font face=\"Times New Roman, serif\"><font size=\"3\"><\/font><\/font><\/p>\n<p style=\"margin-bottom: 0cm; font-style: normal;\" align=\"justify\"><font face=\"Times New Roman, serif\"><font size=\"3\">&nbsp;&nbsp;&nbsp; Cer\u00adtains objectent<br>\nn\u00e9an\u00admoins que des can\u00addi\u00adda\u00adtures \u00ab&nbsp;marginales&nbsp;\u00bb,<br>\n(anti\u00adnu\u00adcl\u00e9aires, \u00e9co\u00adlo\u00adgistes, f\u00e9mi\u00adnistes, de<br>\nsol\u00addats, homo\u00adsexuels, r\u00e9gio\u00adna\u00adlistes), ont un r\u00f4le&nbsp;\u00e0<br>\njouer dans le sens o\u00f9 ELLES METTENT EN AVANT UNE CONTESTATION<br>\nPARTICULI\u00c8RE DE LA SOCI\u00c9T\u00c9 et per\u00admettent de<br>\npopu\u00adla\u00adri\u00adser et de faire dis\u00adcu\u00adter cer\u00adtaines id\u00e9es, g\u00e9n\u00e9ralement<br>\n\u00ab&nbsp;oubli\u00e9es&nbsp;\u00bb par la politique<br>\nsp\u00e9cialis\u00e9e.<\/font><\/font><\/p>\n<p style=\"margin-bottom: 0cm; font-style: normal;\" align=\"justify\"><font face=\"Times New Roman, serif\"><font size=\"3\">&nbsp;&nbsp;&nbsp; Or, ces<br>\ngroupes,constitu\u00e9s sur une oppres\u00adsion par\u00adti\u00adcu\u00adli\u00e8re, ou<br>\nplu\u00adt\u00f4t sur un aspect par\u00adti\u00adcu\u00adlier de la domi\u00adna\u00adtion,&nbsp;se<br>\ncan\u00adtonnent le plus sou\u00advent \u00e0 leurs probl\u00e8mes<br>\nsp\u00e9\u00adci\u00adfiques, sans ana\u00adlyse glo\u00adbale de l\u2019ex\u00adploi\u00adta\u00adtion&nbsp;dans<br>\nl\u2019\u00e9\u00adco\u00adno\u00admie, ni de la domi\u00adna\u00adtion dans les rap\u00adports sociaux,<br>\nsans liens avec la poli\u00adtique fran\u00ad\u00e7aise, et sur\u00adtout sans projet<br>\npoli\u00adtique plus ou moins glo\u00adbal qui pour\u00adrait relier leur probl\u00e8me<br>\nsp\u00e9\u00adci\u00adfique \u00e0 ceux des autres exploi\u00adt\u00e9s. Du&nbsp;point<br>\nde vue d\u2019un chan\u00adge\u00adment fon\u00adda\u00admen\u00adtal de la soci\u00e9\u00adt\u00e9,&nbsp;ils<br>\nne pr\u00e9\u00adsentent donc pas plus de garan\u00adties qu\u2019un quelconque<br>\ngroupe par\u00adle\u00admen\u00adtaire, ce qu\u2019ils sont en puissance.<\/font><\/font><\/p>\n<p style=\"margin-bottom: 0cm; font-style: normal;\" align=\"justify\"><font face=\"Times New Roman, serif\"><font size=\"3\">Mais surtout,ces<br>\ngroupes ou mou\u00adve\u00adments [[Ceux qui pr\u00e9\u00adsentent des can\u00addi\u00addats&nbsp;ou<br>\nqui, s\u2019ils n\u2019en pr\u00e9\u00adsentent pas, jouent le jeu&nbsp;de<br>\n\u00ab&nbsp;l\u2019of\u00adfi\u00adcia\u00adli\u00adt\u00e9&nbsp;\u00bb, des m\u00e9dias,<br>\nvoire de la res\u00adpec\u00adta\u00adbi\u00adli\u00adt\u00e9.]] qui se sont stabilis\u00e9s<br>\nsur des oppres\u00adsions sp\u00e9\u00adci\u00adfiques, sont tou\u00adjours LE R\u00c9SULTAT<br>\nD\u2019UNE PRISE DE CONSCIENCE PARTICULI\u00c8RE DANS LA SOCI\u00c9T\u00c9,<br>\net NON LA CAUSE OU LE POINT DE D\u00c9PART D\u2019UNE NOUVELLE<br>\nPROGRESSION. Jus\u00adti\u00adfier donc une par\u00adti\u00adci\u00adpa\u00adtion \u00e9lec\u00adto\u00adrale <i>pour<br>\npopu\u00adla\u00adri\u00adser une id\u00e9e, ou en d\u00e9battre<\/i>, c\u2019est tromper<br>\nson&nbsp;monde.<\/font><\/font><\/p>\n<p style=\"margin-bottom: 0cm; font-style: normal;\" align=\"justify\"><font face=\"Times New Roman, serif\"><font size=\"3\">Rien ne passera<br>\naupr\u00e8s des gens, que ce qui est d\u00e9j\u00e0&nbsp;pass\u00e9,<br>\nque ce qu\u2019ils ont d\u00e9j\u00e0 com\u00adpr\u00eet, accep\u00adt\u00e9&nbsp;ou<br>\nrefu\u00ads\u00e9. Ces id\u00e9es, ces luttes, sont&nbsp;d\u00e9j\u00e0<br>\nentr\u00e9es en par\u00adtie dans la soci\u00e9\u00adt\u00e9,&nbsp;m\u00eame<br>\ncomme ques\u00adtion\u00adne\u00adment&nbsp;; ces groupes sont le pro\u00adduit frelat\u00e9<br>\net d\u00e9tour\u00adn\u00e9 de ces luttes et de ces ques\u00adtions, en&nbsp;m\u00eame<br>\ntemps que le signe et le symp\u00adt\u00f4me d\u2019une impasse rela\u00adtive&nbsp;dans<br>\nun d\u00e9ve\u00adlop\u00adpe\u00adment pos\u00adsible et radical.<\/font><\/font><\/p>\n<p style=\"margin-bottom: 0cm; font-style: normal;\" align=\"justify\"><font face=\"Times New Roman, serif\"><font size=\"3\">Ce rai\u00adson\u00adne\u00adment<br>\npeut s\u2019\u00e9\u00adtendre \u00e0 tout l\u2019\u00e9\u00adlec\u00adto\u00adra\u00adlisme&nbsp;dit<br>\n\u00ab&nbsp;r\u00e9vo\u00adlu\u00adtion\u00adnaire&nbsp;\u00bb, qui SUIT TOUJOURS<br>\nUN MOUVEMENT SOCIAL, SANS JAMAIS LE CR\u00c9ER, NI M\u00caME&nbsp;LUI<br>\nSERVIR DE RELAIS. Cet \u00e9lec\u00adto\u00adra\u00adlisme indique plus&nbsp;les<br>\nfai\u00adblesses du mou\u00adve\u00adment qu\u2019il ne le renforce.<\/font><\/font><\/p>\n<p style=\"margin-bottom: 0cm; font-style: normal;\" align=\"justify\"><font face=\"Times New Roman, serif\"><font size=\"3\">Il nous faut&nbsp;l\u00e0<br>\nremar\u00adquer que les argu\u00adments de nos \u00e9lec\u00adto\u00adra\u00adlistes, m\u00eames<br>\n\u00ab&nbsp;r\u00e9vo\u00adlu\u00adtion\u00adnaires&nbsp;\u00bb, sont les&nbsp;m\u00eames<br>\nque ceux de toutes les forces poli\u00adtiques qui n\u2019ont pour l\u2019instant<br>\naucune chance d\u2019ac\u00adc\u00e9\u00adder au pou\u00advoir poli\u00adtique r\u00e9el, ou&nbsp;\u00e0<br>\nsa repr\u00e9\u00adsen\u00adta\u00adtion&nbsp;; de Michel Jobert au Front Natio\u00adnal&nbsp;de<br>\nLe Pen, du PSU a G\u00e9rard Fur\u00adnon en pas\u00adsant par les sectes<br>\ngaul\u00adlistes ou f\u00e9d\u00e9\u00adra\u00adlistes, l\u2019ar\u00adgu\u00adment est le&nbsp;m\u00eame&nbsp;:<br>\n\u00ab&nbsp;popu\u00adla\u00adri\u00adser&nbsp;\u00bb, uti\u00adli\u00adser une tribune.<\/font><\/font><\/p>\n<p style=\"margin-bottom: 0cm; font-style: normal;\" align=\"justify\"><font face=\"Times New Roman, serif\"><font size=\"3\">Enfin, il nous&nbsp;faut<br>\nremar\u00adquer que tous ces mou\u00adve\u00adments sont FRONTISTES.<\/font><\/font><\/p>\n<p style=\"margin-bottom: 0cm; font-style: normal;\" align=\"justify\"><font face=\"Times New Roman, serif\"><font size=\"3\">C\u2019est-\u00e0-dire<br>\nqu\u2019ils tentent d\u2019u\u00adnir sur une reven\u00addi\u00adca\u00adtion par\u00adti\u00adcu\u00adli\u00e8re&nbsp;des<br>\ngens dont en outre, les int\u00e9\u00adr\u00eats de classe sont<br>\ndiff\u00e9rents.<\/font><\/font><\/p>\n<p style=\"margin-bottom: 0cm; font-style: normal;\" align=\"justify\"><font face=\"Times New Roman, serif\"><font size=\"3\">Cha\u00adcune de&nbsp;ces<br>\noppres\u00adsions sp\u00e9\u00adci\u00adfique tra\u00adverse la soci\u00e9t\u00e9<br>\nau-del\u00e0 de la divi\u00adsion en classes sociales.<\/font><\/font><\/p>\n<p style=\"margin-bottom: 0cm; font-style: normal;\" align=\"justify\"><font face=\"Times New Roman, serif\"><font size=\"3\">Il existe des<br>\nsol\u00addats, des homo\u00adsexuels qui appar\u00adtiennent \u00e0&nbsp;la<br>\nbour\u00adgeoi\u00adsie&nbsp;;l\u2019\u00e9\u00adco\u00adlo\u00adgie peut \u00eatre aus\u00adsi un sou\u00adci&nbsp;de<br>\nl\u2019ex\u00adtr\u00eame-droite ou de la bour\u00adgeoi\u00adsie lib\u00e9\u00adrale \u00e9clair\u00e9e.<br>\nLe f\u00e9mi\u00adnisme de Flo\u00adrence d\u2019Har\u00adcourt, de Fran\u00e7oise<br>\nGiroud ou du groupe psy\u00adcha\u00adna\u00adlyse et poli\u00adtique, ne sau\u00adrait&nbsp;\u00eatre<br>\nle m\u00eame que celui des femmes qui sont en m\u00eame temps&nbsp;que<br>\ndomi\u00adn\u00e9es, exploit\u00e9es.<\/font><\/font><\/p>\n<p style=\"margin-bottom: 0cm; font-style: normal;\" align=\"justify\"><font face=\"Times New Roman, serif\"><font size=\"3\">Pr\u00e9\u00adsen\u00adter<br>\ndes can\u00addi\u00addats, c\u2019est comme il \u00e9tait dit dans la <i>Lan\u00adterne<br>\nNoire<\/i> n\u00ba 1 (au sujet des groupes sp\u00e9cifiques)<br>\n\u00ab&nbsp;s\u2019at\u00adtri\u00adbuer la direc\u00adtion poli\u00adtique d\u2019une cat\u00e9gorie<br>\ndon\u00adn\u00e9e&nbsp;\u00bb, en en homo\u00adg\u00e9\u00adn\u00e9i\u00adsant&nbsp;les<br>\nint\u00e9\u00adr\u00eats. C\u2019est du fron\u00adtisme, c\u2019est fina\u00adle\u00adment&nbsp;du<br>\nl\u00e9ninisme.<\/font><\/font><\/p>\n<p style=\"margin-bottom: 0cm; font-style: normal;\" align=\"justify\"><font face=\"Times New Roman, serif\"><font size=\"3\">CEUX DONC DE&nbsp;CES<br>\nMOUVEMENTS SP\u00c9CIFIQUES QUI SONT R\u00c9VOLUTIONNAIRES, LIENT<br>\nLEUR LUTTE \u00c0 CELLE D\u2019AUTRES OPPRIM\u00c9S OU EXPLOIT\u00c9S,<br>\nET SE DOIVENT D\u2019AVOIR UN PROJET POLITIQUE QUI EN EXCLU LA BOURGEOISIE<br>\nSOUS TOUTES SES FORMES. [[Lier, pour nous, ne signi\u00adfie&nbsp;pas<br>\nhomo\u00adg\u00e9\u00adn\u00e9i\u00adser, gom\u00admer les dif\u00adf\u00e9\u00adrences, les<br>\noppo\u00adsi\u00adtions ou les contra\u00addic\u00adtions, mais prendre en consid\u00e9ration<br>\nTOUT le pro\u00adbl\u00e8me social, dont \u00ab&nbsp;les autres&nbsp;\u00bb<br>\nfont aus\u00adsi par\u00adti.]] Ils ne peuvent plus gu\u00e8re&nbsp;\u00eatre<br>\n\u00ab&nbsp;\u00e9lec\u00adto\u00adra\u00adlistes&nbsp;\u00bb, et les mili\u00adtants&nbsp;qui<br>\nles com\u00adposent ne peuvent \u00eatre des \u00ab&nbsp;sp\u00e9cialistes&nbsp;\u00bb<br>\nde tels ou tels sec\u00adteurs&nbsp;; ils militent g\u00e9n\u00e9ralement<br>\naus\u00adsi ailleurs que dans le mou\u00adve\u00adment qui repr\u00e9\u00adsente pour&nbsp;eux<br>\nun aspect pr\u00e9\u00adcis de la domi\u00adna\u00adtion qu\u2019ils subissent.<\/font><\/font><\/p>\n<p style=\"margin-bottom: 0cm; font-style: normal;\" align=\"justify\"><font face=\"Times New Roman, serif\"><font size=\"3\">Mais lais\u00adsons&nbsp;pour<br>\nl\u2019ins\u00adtant de c\u00f4t\u00e9 la cri\u00adtique poli\u00adtique&nbsp;des<br>\nconsul\u00adta\u00adtions \u00e9lec\u00adto\u00adrales, et voyons un peu la situation<br>\nr\u00e9elle de l\u2019\u00e9\u00adco\u00adno\u00admie en France, au moment o\u00f9&nbsp;un<br>\ntapage \u00e9lec\u00adto\u00adral sans pr\u00e9\u00adc\u00e9\u00addent pr\u00e9tend<br>\nfaire croire aux uns et craindre aux autres l\u2019ar\u00adri\u00adv\u00e9e&nbsp;d\u2019un<br>\nbou\u00adle\u00adver\u00adse\u00adment pro\u00adfond de la soci\u00e9t\u00e9.<\/font><\/font><\/p>\n<p style=\"margin-bottom: 0cm; font-style: normal;\" align=\"justify\">\n<\/p><h2>Le programme commun&nbsp;: diminuer le profit<\/h2>\n<p style=\"margin-bottom: 0cm; font-style: normal;\" align=\"justify\"><font face=\"Times New Roman, serif\"><font size=\"3\">Tous les programmes<br>\ndes par\u00adtis poli\u00adtiques, de droite comme de gauche, se pr\u00e9sentent<br>\ncomme des solu\u00adtions \u00e0 la crise&nbsp;;&nbsp;\u00e0<br>\nl\u2019ex\u00adtr\u00eame-droite, c\u2019est simple&nbsp;: c\u2019est la faute&nbsp;aux<br>\ntra\u00advailleurs \u00e9tran\u00adgers qu\u2019il suf\u00adfit de mettre dehors pour<br>\nr\u00e9sor\u00adber le ch\u00f4\u00admage et reprendre la croissance<br>\n\u00e9co\u00adno\u00admique gr\u00e2ce \u00e0 un argent qui res\u00adte\u00adrait&nbsp;en<br>\nFrance, au lieu de par\u00adtir on ne sait o\u00f9 nour\u00adrir des feignants<br>\ninca\u00adpables de se d\u00e9ve\u00adlop\u00adper eux-m\u00eames.<\/font><\/font><\/p>\n<p style=\"margin-bottom: 0cm; font-style: normal;\" align=\"justify\"><font face=\"Times New Roman, serif\"><font size=\"3\">Outre le caract\u00e8re<br>\npar\u00adfai\u00adte\u00adment inac\u00adcep\u00adtable d\u2019un point de vue moral de ce racisme, nous<br>\nver\u00adrons que d\u2019un simple point de vue \u00e9co\u00adno\u00admique, celui&nbsp;de<br>\nl\u2019\u00e9\u00adco\u00adno\u00admie capi\u00adta\u00adliste bien s\u00fbr, la pr\u00e9\u00adsence&nbsp;des<br>\ntra\u00advailleurs \u00e9tran\u00adgers est au contraire un ins\u00adtru\u00adment pour&nbsp;ne<br>\npas plon\u00adger davan\u00adtage dans la&nbsp;crise.<\/font><\/font><\/p>\n<p style=\"margin-bottom: 0cm; font-style: normal;\" align=\"justify\"><font face=\"Times New Roman, serif\"><font size=\"3\">\u00c0 Gauche, le<br>\nPro\u00adgramme Com\u00admun&nbsp;; il se fonde sur l\u2019i\u00add\u00e9e que la&nbsp;crise<br>\nvient du manque de d\u00e9bou\u00adch\u00e9s du sec\u00adteur&nbsp;de<br>\nconsom\u00adma\u00adtion, lui-m\u00eame d\u00fb \u00e0 la baisse du pouvoir<br>\nd\u2019a\u00adchat&nbsp;;les inves\u00adtis\u00adse\u00adments dimi\u00adnuent alors le ch\u00f4mage<br>\naug\u00admente, les petites entre\u00adprises ferment,\u2026 et la crise s\u2019accentue.<br>\nLa solu\u00adtion&nbsp;? Elle est simple&nbsp;: prendre l\u2019argent l\u00e0<br>\no\u00f9 il est, c\u2019est-\u00e0-dire dans les tiroirs-caisses des<br>\nriches, des mil\u00adliar\u00addaires&nbsp;: \u00ab&nbsp;ceux qui peuvent<br>\npayer&nbsp;\u00bb comme dit le P.C. Les natio\u00adna\u00adli\u00adsa\u00adtions quant&nbsp;\u00e0<br>\nelles devraient ser\u00advir plus \u00e0 assai\u00adnir les d\u00e9penses de<br>\nl\u2019\u00e9\u00adtat, et \u00e0 \u00e9qui\u00adli\u00adbrer la balance commerciale.<br>\nIl y a bien s\u00fbr les diver\u00adgences entre le P.C. et le P.S. [[Ces<br>\ndiver\u00adgences, sur les\u00adquelles nous n\u2019a\u00advons pas le temps de&nbsp;nous<br>\nappe\u00adsan\u00adtir ici n\u00e9ces\u00adsi\u00adte\u00adraient une \u00e9tude fouill\u00e9e<br>\ndes pos\u00adsi\u00adbi\u00adli\u00adt\u00e9s de ges\u00adtion \u00e9ta\u00adti\u00ads\u00e9es qu\u2019offre<br>\nl\u2019\u00e9\u00adco\u00adno\u00admie fran\u00ad\u00e7aise dans le contexte mon\u00addial. Le PC&nbsp;et<br>\nle PS, qui repr\u00e9\u00adsentent des \u00ab&nbsp;client\u00e8les&nbsp;\u00bb<br>\ndif\u00adf\u00e9\u00adrentes tant au niveau des cat\u00e9gories<br>\nsocio-pro\u00adfes\u00adsion\u00adnelles que dans la classe domi\u00adnante (voir <i>Front<br>\nLiber\u00adtaire<\/i> n<sup>o<\/sup>&nbsp;75\u200a\u2013\u200a76) offrent bien s\u00fbr&nbsp;des<br>\noptions pos\u00adsibles avec des moda\u00adli\u00adt\u00e9s dif\u00adf\u00e9\u00adrentes, de<br>\ncette ges\u00adtion pla\u00adni\u00adfi\u00e9e et \u00e9ta\u00adti\u00ads\u00e9e]], mais<br>\nelles nous semblent plu\u00adt\u00f4t secon\u00addaires, et li\u00e9es&nbsp;aux<br>\n\u00ab&nbsp;n\u00e9ces\u00adsi\u00adt\u00e9s de la d\u00e9sunion&nbsp;\u00bb&nbsp;;<br>\nil s\u2019a\u00adgit donc de dimi\u00adnuer le pro\u00adfit, pour aug\u00admen\u00adter le niveau de<br>\nvie, ce qui entra\u00ee\u00adne\u00adrait une relance de la consom\u00adma\u00adtion,&nbsp;donc<br>\nune pos\u00adsi\u00adbi\u00adli\u00adt\u00e9 d\u2019in\u00adves\u00adtis\u00adse\u00adments, donc\u2026 la fin de&nbsp;la<br>\ncrise\u2026OUF.<\/font><\/font><\/p>\n<p style=\"margin-bottom: 0cm; font-style: normal;\" align=\"justify\"><font face=\"Times New Roman, serif\"><font size=\"3\">Il nous faut&nbsp;faire<br>\nquelques remarques sur le pro\u00adgramme com\u00admun et sur les solu\u00adtions&nbsp;qu\u2019il<br>\npro\u00adpose pour enrayer la crise, pour \u00e9le\u00adver le niveau de&nbsp;vie<br>\ndes Fran\u00ad\u00e7ais, et m\u00eame pour \u00ab&nbsp;chan\u00adger&nbsp;cette<br>\nvie&nbsp;\u00bb.<\/font><\/font><\/p>\n<p style=\"margin-bottom: 0cm; font-style: normal;\" align=\"justify\"><font face=\"Times New Roman, serif\"><font size=\"3\">La pre\u00admi\u00e8re,<br>\nc\u2019est que la solu\u00adtion \u00e0 la crise se situe DANS le syst\u00e8me<br>\ncapi\u00adta\u00adliste. Ce n\u2019est rien d\u2019autre que la vieille solution<br>\nkey\u00adn\u00e9\u00adsienne qui n\u2019a bien enten\u00addu pas l\u2019am\u00adbi\u00adtion de sor\u00adtir&nbsp;de<br>\nce sys\u00adt\u00e8me. L\u2019in\u00adno\u00adva\u00adtion serait dans un glis\u00adse\u00adment progressif<br>\ndu capi\u00adta\u00adlisme lib\u00e9\u00adral, au capi\u00adta\u00adlisme d\u2019\u00e9tat.<\/font><\/font><\/p>\n<p style=\"margin-bottom: 0cm; font-style: normal;\" align=\"justify\"><font face=\"Times New Roman, serif\"><font size=\"3\">La seconde<br>\nremarque, c\u2019est le point de d\u00e9part de l\u2019a\u00adna\u00adlyse d\u00e9velopp\u00e9e<br>\npar le pro\u00adgramme com\u00admun, \u00e0 savoir qu\u2019il est vrai\u00adment possible<br>\ntout \u00e0 la fois d\u2019a\u00adm\u00e9\u00adlio\u00adrer r\u00e9el\u00adle\u00adment le&nbsp;sort<br>\ndes gens, tout en sau\u00advant le capi\u00adta\u00adlisme&nbsp;; et en dimi\u00adnuant&nbsp;le<br>\npro\u00adfit, qui nous para\u00eet faux.<\/font><\/font><\/p>\n<p style=\"margin-bottom: 0cm; font-style: normal;\" align=\"justify\"><font face=\"Times New Roman, serif\"><font size=\"3\">Expli\u00adquons-nous.<\/font><\/font><\/p>\n<p style=\"margin-bottom: 0cm; font-style: normal;\" align=\"justify\"><font face=\"Times New Roman, serif\"><font size=\"3\">Nous n\u2019a\u00advons&nbsp;rien<br>\ncontre le fait de prendre l\u2019argent l\u00e0 o\u00f9 il est [[Pas<br>\nseule\u00adment l\u2019argent, d\u2019ailleurs, mais tout ce dont tous peuvent avoir<br>\nbesoin (mai\u00adsons, terres, outils, etc.) puisque nous sommes pour<br>\nL\u2019EXPROPRIATION]], c\u2019est-\u00e0-dire chez les riches. L\u2019ENNUI,<br>\nC\u2019EST QUE R\u00c9ELLEMENT DEPUIS 10 ANS, LES PROFITS ONT DIMINU\u00c9.<br>\nBien enten\u00addu il ne s\u2019a\u00adgit pas d\u2019un effon\u00addre\u00adment spec\u00adta\u00adcu\u00adlaire, ni<br>\nd\u2019un ph\u00e9\u00adno\u00adm\u00e8ne g\u00e9n\u00e9\u00adra\u00adli\u00adsable&nbsp;\u00e0<br>\ntous les sec\u00adteurs&nbsp;; il ne s\u2019a\u00adgit, g\u00e9n\u00e9ralement,<br>\npas des sec\u00adteurs \u00e0 tech\u00adno\u00adlo\u00adgie hau\u00adte\u00adment d\u00e9velopp\u00e9e<br>\nou de pointe, ou des multinationales.<\/font><\/font><\/p>\n<p style=\"margin-bottom: 0cm; font-style: normal;\" align=\"justify\"><font face=\"Times New Roman, serif\"><font size=\"3\">Et pour\u00adtant,<br>\npre\u00adnons le cas de quelques-unes de ces der\u00adni\u00e8res, comme&nbsp;Rhone<br>\nPou\u00adlenc par exemple, qui sont en r\u00e9gres\u00adsion en France, alors<br>\nque glo\u00adba\u00adle\u00adment, elles sont en expan\u00adsion. Elles inves\u00adtissent \u00e0<br>\nl\u2019\u00e9\u00adtran\u00adger, l\u00e0 o\u00f9 la main-d\u2019\u0153uvre est&nbsp;moins<br>\nch\u00e8re et moins reven\u00addi\u00adca\u00adtive, accen\u00adtuant par l\u00e0&nbsp;m\u00eame<br>\nle ch\u00f4\u00admage en France. Bien qu\u2019il ne s\u2019agisse pas d\u2019une&nbsp;vraie<br>\ncrise, ces trans\u00adferts obligent \u00e0 de gros inves\u00adtis\u00adse\u00adments, et&nbsp;\u00e0<br>\nune rela\u00adtive sta\u00adbi\u00adli\u00adsa\u00adtion du pro\u00adfit, pour bien enten\u00addu se maintenir<br>\ndans un pre\u00admier temps, puis se d\u00e9ve\u00adlop\u00adper ensuite.<\/font><\/font><\/p>\n<p style=\"margin-bottom: 0cm; font-style: normal;\" align=\"justify\"><font face=\"Times New Roman, serif\"><font size=\"3\">Que pro\u00adpose&nbsp;le<br>\nPCF&nbsp;?<\/font><\/font><\/p>\n<p style=\"margin-bottom: 0cm; font-style: normal;\" align=\"justify\"><font face=\"Times New Roman, serif\"><font size=\"3\">Natio\u00adna\u00adli\u00adser<br>\npar\u00adfois, mais sur\u00adtout INVESTIR EN FRANCE et \u00e9ta\u00adblir&nbsp;des<br>\nmesures pro\u00adtec\u00adtion\u00adnistes pour pou\u00advoir, ensuite, ACHETER FRAN\u00c7AIS<br>\nET consom\u00admer fran\u00e7ais.<\/font><\/font><\/p>\n<p style=\"margin-bottom: 0cm; font-style: normal;\" align=\"justify\"><font face=\"Times New Roman, serif\"><font size=\"3\">Outre le caract\u00e8re<br>\nencore une fois mora\u00adle\u00adment r\u00e9prou\u00advable et m\u00eame raciste<br>\nde l\u2019ar\u00adgu\u00admen\u00adta\u00adtion qui jette aux orties l\u2019internationalisme<br>\npro\u00adl\u00e9\u00adta\u00adrien, et \u00e9change le droit au tra\u00advail du&nbsp;bon<br>\nfran\u00ad\u00e7ais moyen, blanc, raciste, et com\u00admu\u00adniste, contre le&nbsp;droit<br>\nau ch\u00f4\u00admage (non pay\u00e9) de l\u2019ou\u00advrier africain<br>\nsud-am\u00e9\u00adri\u00adcain, ou asia\u00adtique, cette mesure n\u2019est m\u00eame&nbsp;de<br>\nce point de vue d\u2019au\u00adcune efficacit\u00e9.<\/font><\/font><\/p>\n<p style=\"margin-bottom: 0cm; font-style: normal;\" align=\"justify\"><font face=\"Times New Roman, serif\"><font size=\"3\">Car aux mesures<br>\npro\u00adtec\u00adtion\u00adnistes r\u00e9pondent tou\u00adjours des mesures<br>\npro\u00adtec\u00adtion\u00adnistes qui seront imm\u00e9\u00addia\u00adte\u00adment prises par d\u2019autres<br>\n\u00e9tats, et qui auront comme effet de d\u00e9ve\u00adlop\u00adper encore<br>\ndavan\u00adtage \u00ab&nbsp;les dif\u00adfi\u00adcul\u00adt\u00e9s mon\u00addiales de<br>\nl\u2019\u00e9conomie&nbsp;\u00bb.<\/font><\/font><\/p>\n<p style=\"margin-bottom: 0cm; font-style: normal;\" align=\"justify\"><font face=\"Times New Roman, serif\"><font size=\"3\">Quant \u00e0<br>\nnatio\u00adna\u00adli\u00adser, il ne peut s\u2019a\u00adgir que de la fili\u00e8re fran\u00e7aise,<br>\net il est alors illu\u00adsoire de pen\u00adser que la ges\u00adtion de celle-ci puisse<br>\n\u00e9chap\u00adper aux int\u00e9\u00adr\u00eats glo\u00adbaux de la&nbsp;firme.<\/font><\/font><\/p>\n<p style=\"margin-bottom: 0cm; font-style: normal;\" align=\"justify\"><font face=\"Times New Roman, serif\"><font size=\"3\">Or ces sec\u00adteurs, en<br>\ndif\u00adfi\u00adcul\u00adt\u00e9 momen\u00adta\u00adn\u00e9e de restruc\u00adtu\u00adra\u00adtion, sont&nbsp;en<br>\nFrance lar\u00adge\u00adment mino\u00adri\u00adtaires, au sein d\u2019un sys\u00adt\u00e8me&nbsp;de<br>\npro\u00adduc\u00adtion encore assez archa\u00efque (l\u2019un des plus archa\u00efques<br>\ndu monde indus\u00adtriel et d\u00e9velopp\u00e9).<\/font><\/font><\/p>\n<p style=\"margin-bottom: 0cm; font-style: normal;\" align=\"justify\"><font face=\"Times New Roman, serif\"><font size=\"3\">Et ce secteur<br>\narcha\u00efque majo\u00adri\u00adtaire, subit lui une crise plus impor\u00adtante, qui<br>\nva jus\u00adqu\u2019\u00e0 faire fer\u00admer cer\u00adtaines entre\u00adprises, et en tous&nbsp;les<br>\ncas fait BAISSER RELATIVEMENT LE TAUX DE PROFIT.<\/font><\/font><\/p>\n<p style=\"margin-bottom: 0cm; font-style: normal;\" align=\"justify\"><font face=\"Times New Roman, serif\"><font size=\"3\">La solu\u00adtion&nbsp;qui<br>\nconsis\u00adte\u00adrait \u00e0 prendre une telle masse d\u2019argent (pour r\u00e9sorber<br>\nle ch\u00f4\u00admage et accro\u00eetre la consom\u00adma\u00adtion) est strictement<br>\nimpos\u00adsible dans le cadre d\u2019un sys\u00adt\u00e8me non remis en cause&nbsp;par<br>\nle pro\u00adgramme commun.<\/font><\/font><\/p>\n<p style=\"margin-bottom: 0cm; font-style: normal;\" align=\"justify\"><font face=\"Times New Roman, serif\"><font size=\"3\">La cons\u00e9\u00adquence<br>\nserait cer\u00adtai\u00adne\u00adment la fer\u00adme\u00adture d\u2019un grand nombre d\u2019en\u00adtre\u00adprises sans<br>\nque cela puisse \u00eatre encore com\u00adpen\u00ads\u00e9 de mani\u00e8re<br>\n\u00e9qui\u00adva\u00adlente par le d\u00e9ve\u00adlop\u00adpe\u00adment de ces sec\u00adteurs&nbsp;de<br>\npointe, ou des mul\u00adti\u00adna\u00adtio\u00adnales, qui sont eux aus\u00adsi obli\u00adg\u00e9s&nbsp;de<br>\ncontr\u00f4\u00adler leur pro\u00adfit pour se d\u00e9ve\u00adlop\u00adper, comme&nbsp;nous<br>\nl\u2019a\u00advons vu plus&nbsp;haut.<\/font><\/font><\/p>\n<p style=\"margin-bottom: 0cm; font-style: normal;\" align=\"justify\"><font face=\"Times New Roman, serif\"><font size=\"3\">Au bout du compte,<br>\nc\u2019est encore le pou\u00advoir d\u2019a\u00adchat qui diminuerait.<\/font><\/font><\/p>\n<p style=\"margin-bottom: 0cm; font-style: normal;\" align=\"justify\"><font face=\"Times New Roman, serif\"><font size=\"3\">Le plus probable<br>\nalors, c\u2019est que le pro\u00adgramme com\u00admun au pou\u00advoir \u00ab&nbsp;compenserait&nbsp;\u00bb<br>\nquelques mesures d\u00e9ma\u00adgo\u00adgiques d\u2019aug\u00admen\u00adta\u00adtion de salaire, et&nbsp;de<br>\ncer\u00adtains avan\u00adtages pour les cat\u00e9\u00adgo\u00adries les plus basses, non<br>\npar une dimi\u00adnu\u00adtion du pro\u00adfit l\u00e0 o\u00f9 il se trouve, mais<br>\npar un accrois\u00adse\u00adment de la pro\u00adduc\u00adti\u00advi\u00adt\u00e9 l\u00e0 ou elle&nbsp;peut<br>\navoir lieu, c\u2019est-\u00e0-dire dans le monde du travail.<\/font><\/font><\/p>\n<p style=\"margin-bottom: 0cm; font-style: normal;\" align=\"justify\"><font face=\"Times New Roman, serif\"><font size=\"3\">Il ne s\u2019a\u00adgi\u00adra&nbsp;alors<br>\nque d\u2019une variante de la seule solu\u00adtion pos\u00adsible&nbsp;: FAIRE PORTER<br>\nLE POIDS CE LA CRISE AUX TRAVAILLEURS.<\/font><\/font><\/p>\n<p style=\"margin-bottom: 0cm; font-style: normal;\" align=\"justify\">\n<\/p><h2>Quelle crise<\/h2>\n<p style=\"margin-bottom: 0cm; font-style: normal;\" align=\"justify\"><font face=\"Times New Roman, serif\"><font size=\"3\">Il nous para\u00eet<br>\nutile de rap\u00adpe\u00adler main\u00adte\u00adnant ce que nous affir\u00admions dans nos \u00ab&nbsp;points<br>\ncom\u00admuns&nbsp;\u00bb \u00e0 savoir que \u00ab&nbsp;le socialisme<br>\nne peut \u00eatre conte\u00adnu in\u00e9\u00adluc\u00adta\u00adble\u00adment dans le capitalisme<br>\n\u00e0 cause de (gr\u00e2ce \u00e0) ses contradictions<br>\ninternes&nbsp;\u00bb. La crise n\u2019est pas auto\u00adma\u00adti\u00adque\u00adment un \u00e9l\u00e9ment<br>\nde prise de conscience, une force de d\u00e9sta\u00adbi\u00adli\u00adsa\u00adtion&nbsp;du<br>\nr\u00e9gime, un \u00e9l\u00e9\u00adment qui nous am\u00e8ne&nbsp;\u00e0<br>\n\u00eatre encore plus r\u00e9volutionnaires.<\/font><\/font><\/p>\n<p style=\"margin-bottom: 0cm; font-style: normal;\" align=\"justify\"><font face=\"Times New Roman, serif\"><font size=\"3\">LA CRISE, ce&nbsp;n\u2019est<br>\npas la fin du capi\u00adta\u00adlisme, car celui-ci s\u2019en nour\u00adrit pour&nbsp;se<br>\nrestruc\u00adtu\u00adrer et redon\u00adner assise \u00e0 sa domi\u00adna\u00adtion. La mystique<br>\nde la crise chez les mar\u00adxistes et chez cer\u00adtains anar\u00adchistes, cache<br>\nmal l\u2019im\u00adpuis\u00adsance qu\u2019ils ont \u00e0 d\u00e9ve\u00adlop\u00adper une pratique<br>\noffen\u00adsive contre l\u2019op\u00adpres\u00adsion et montre bien par contre une attente<br>\nque l\u2019en\u00adne\u00admi meurt de lui&nbsp;m\u00eame.<\/font><\/font><\/p>\n<p style=\"margin-bottom: 0cm; font-style: normal;\" align=\"justify\"><font face=\"Times New Roman, serif\"><font size=\"3\">En fait,&nbsp;cette<br>\nposi\u00adtion clas\u00adsique sous-entend une s\u00e9rie de posi\u00adtions dans&nbsp;le<br>\ngenre&nbsp;: les masses abru\u00adties vont se r\u00e9veiller, ou&nbsp;bien&nbsp;:<br>\nles r\u00e9vo\u00adlu\u00adtion\u00adnaires n\u2019au\u00adront plus qu\u2019a \u00ab&nbsp;r\u00e9volutionner&nbsp;\u00bb.<\/font><\/font><\/p>\n<p style=\"margin-bottom: 0cm; font-style: normal;\" align=\"justify\"><font face=\"Times New Roman, serif\"><font size=\"3\">\u00c0 notre<br>\navis, il faut se mettre dans la t\u00eate qu\u2019il ne peut y avoir&nbsp;de<br>\ncrise subite, car les blocs, de l\u2019Est comme de l\u2019Ouest (la&nbsp;Chine<br>\naus\u00adsi), ont des \u00e9co\u00adno\u00admies de plus en plus imbri\u00adqu\u00e9es&nbsp;et<br>\nimi\u00adta\u00adtives (la consom\u00adma\u00adtion des uns \u00e9tant \u00e9chang\u00e9e<br>\ncontre la r\u00e9pres\u00adsion des autres). Par contre, les pays&nbsp;dits<br>\nneutres sont autant de satel\u00adlites en puis\u00adsance dont les \u00e9volutions,<br>\nles pas\u00adsages d\u2019un camp \u00e0 l\u2019autre entra\u00eenent des<br>\nchan\u00adge\u00adments dans les blocs (hausse des mati\u00e8res premi\u00e8res,<br>\nventes d\u2019armes, par exemple).<\/font><\/font><\/p>\n<p style=\"margin-bottom: 0cm; font-style: normal;\" align=\"justify\"><font face=\"Times New Roman, serif\"><font size=\"3\">Il n\u2019y a donc pas&nbsp;\u00e0<br>\nl\u2019heure actuelle de crise pro\u00adfonde du capi\u00adta\u00adlisme&nbsp;; pas de&nbsp;cette<br>\ncrise en tout cas, telle qu\u2019on nous la pro\u00admet depuis sa naissance<br>\ncomme le signal du matin du grand&nbsp;soir.<\/font><\/font><\/p>\n<p style=\"margin-bottom: 0cm; font-style: normal;\" align=\"justify\"><font face=\"Times New Roman, serif\"><font size=\"3\">L\u2019al\u00adter\u00adna\u00adtive&nbsp;ne<br>\npeut pas \u00eatre, dans un ave\u00adnir proche, \u00ab&nbsp;socialisme<br>\nou bar\u00adba\u00adrie&nbsp;\u00bb, et de toutes les mani\u00e8res, le<br>\ncapi\u00adta\u00adlisme que nous connais\u00adsons est d\u00e9j\u00e0 la barbarie.<\/font><\/font><\/p>\n<p style=\"margin-bottom: 0cm; font-style: normal;\" align=\"justify\"><font face=\"Times New Roman, serif\"><font size=\"3\">De toutes les<br>\nmani\u00e8res, et en reve\u00adnant \u00e0 la France, trois \u00e9l\u00e9ments<br>\nper\u00admettent \u00e0 l\u2019\u00e9\u00adco\u00adno\u00admie de ne pas som\u00adbrer dans&nbsp;le<br>\nmarasme&nbsp;:<\/font><\/font><\/p>\n<p style=\"margin-bottom: 0cm; font-style: normal;\" align=\"justify\"><font face=\"Times New Roman, serif\"><font size=\"3\"><br>\nA. L\u2019exploitation<br>\ndes anciennes colo\u00adnies africaines.<\/font><\/font><\/p>\n<p style=\"margin-bottom: 0cm; font-style: normal;\" align=\"justify\"><font face=\"Times New Roman, serif\"><font size=\"3\">Toutes ces colonies<br>\nsont main\u00adte\u00adnant ind\u00e9\u00adpen\u00addantes, mais tous les r\u00e9gimes<br>\nsont fan\u00adtoches, et d\u00e9pendent direc\u00adte\u00adment des ambassades<br>\nfran\u00ad\u00e7aises qui orga\u00adnisent le pillage des mati\u00e8res<br>\npre\u00admi\u00e8res, \u00e0 l\u2019aide des coop\u00e9\u00adrants militaires,<br>\ndes flics et des profs [[Voir \u00e0 ce sujet dans la <i>lan\u00adterne<br>\nnoire<\/i> num\u00e9\u00adro 4 p&nbsp;51&nbsp;: \u00ab&nbsp;l\u2019ac\u00adci\u00addent&nbsp;de<br>\nmadame Claustre&nbsp;\u00bb.]].<\/font><\/font><\/p>\n<p style=\"margin-bottom: 0cm; font-style: normal;\" align=\"justify\"><font face=\"Times New Roman, serif\"><font size=\"3\">Bien sou\u00advent,&nbsp;la<br>\nFrance se sert de ces ex-colo\u00adnies comme r\u00e9serve de<br>\nmain-d\u2019\u0153uvre et four\u00adni\u00adture de pro\u00adduits agri\u00adcoles (ana\u00adnas,&nbsp;caf\u00e9,<br>\nconcombres, etc.)<\/font><\/font><\/p>\n<p style=\"margin-bottom: 0cm; font-style: normal;\" align=\"justify\"><font face=\"Times New Roman, serif\"><font size=\"3\">On peut mesurer<br>\nl\u2019am\u00adpleur du pro\u00adfit par la super\u00adfi\u00adcie contr\u00f4\u00adl\u00e9e&nbsp;: 7<br>\nmil\u00adlions 776&nbsp;000&nbsp;km\u00b2, avec une popu\u00adla\u00adtion de 52 mil\u00adlions&nbsp;de<br>\nper\u00adsonnes. Il s\u2019a\u00adgit des pays sui\u00advants&nbsp;: Came\u00adroun,&nbsp;C\u00f4te<br>\nd\u2019i\u00advoire, Daho\u00admey ou B\u00e9nin, Gabon, Haute Vol\u00adta, Madagascar,<br>\nMali, Mau\u00adri\u00adta\u00adnie, Niger, R\u00e9pu\u00adblique Cen\u00adtra\u00adfri\u00adcaine, S\u00e9n\u00e9gal,<br>\nTchad, Togo, ex ter\u00adri\u00adtoire des Afars et Issas. Tous ces&nbsp;\u00e9tats<br>\nd\u00e9pendent direc\u00adte\u00adment du minis\u00adt\u00e8re de la d\u00e9fense<br>\nfran\u00ad\u00e7ais et on peut juger du b\u00e9n\u00e9\u00adfice de l\u2019aide<br>\nfran\u00ad\u00e7aise \u00e0 deux caract\u00e8res&nbsp;:<\/font><\/font><\/p>\n<p style=\"margin-bottom: 0cm; font-style: normal;\" align=\"justify\"><font face=\"Times New Roman, serif\"><font size=\"3\">\u2014 la Haute Vol\u00adta,&nbsp;le<br>\nMali et le Tchad, figurent par\u00admi les pays les plus pauvres du&nbsp;monde&nbsp;<\/font><\/font><\/p>\n<p style=\"margin-bottom: 0cm; font-style: normal;\" align=\"justify\"><font face=\"Times New Roman, serif\"><font size=\"3\">\u2014 les dic\u00adta\u00adtures&nbsp;avec<br>\ndis\u00adpa\u00adri\u00adtions des empri\u00adson\u00adn\u00e9s, et autres fioritures&nbsp;:<br>\nDaho\u00admey, Gabon, Mada\u00adgas\u00adcar, Mau\u00adri\u00adta\u00adnie, Niger, RCA, Togo, Tchad. Les<br>\nautres pays sont un brin plus lib\u00e9raux.<\/font><\/font><\/p>\n<p style=\"margin-bottom: 0cm; font-style: normal;\" align=\"justify\"><font face=\"Times New Roman, serif\"><font size=\"3\">On peut ajouter<br>\naus\u00adsi 113&nbsp;000&nbsp;km\u00b2 et un mil\u00adlion d\u2019ha\u00adbi\u00adtants dans&nbsp;les<br>\ncolo\u00adnies, d\u00e9gui\u00ads\u00e9es en par\u00adtie, de la France&nbsp;:<br>\nGua\u00adde\u00adloupe, Guyane, Mar\u00adti\u00adnique et Nou\u00advelle Cal\u00e9donie.<\/font><\/font><\/p>\n<p style=\"margin-bottom: 0cm; font-style: normal;\" align=\"justify\"><font face=\"Times New Roman, serif\"><font size=\"3\">On remar\u00adque\u00adra&nbsp;aussi<br>\nla forte influence sur le Maroc, l\u2019Al\u00adg\u00e9\u00adrie, et la Tunisie<br>\nsur\u00adtout le pre\u00admier nom\u00adm\u00e9 avec ses 16 mil\u00adlions d\u2019ha\u00adbi\u00adtants&nbsp;et<br>\nses 447&nbsp;000&nbsp;km\u00b2.<\/font><\/font><\/p>\n<p style=\"margin-bottom: 0cm; font-style: normal;\" align=\"justify\"><font face=\"Times New Roman, serif\"><font size=\"3\">Si on com\u00adpare&nbsp;les<br>\nsatel\u00adlites de la France \u00e0 ceux de l\u2019URSS, on constate que&nbsp;la<br>\nRus\u00adsie ne contr\u00f4le que 1012&nbsp;000&nbsp;km\u00b2 en Europe, avec<br>\n105 mil\u00adlions d\u2019ha\u00adbi\u00adtants (Alle\u00admagne de l\u2019Est, Bul\u00adga\u00adrie, Hongrie,<br>\nRou\u00adma\u00adnie, Pologne, Tch\u00e9coslovaquie).<\/font><\/font><\/p>\n<p style=\"margin-bottom: 0cm; font-style: normal;\" align=\"justify\"><font face=\"Times New Roman, serif\"><font size=\"3\">B. Cette politique<br>\nde domi\u00adna\u00adtion s\u2019ex\u00adplique par la puis\u00adsance mili\u00adtaire fran\u00e7aise<br>\net son r\u00f4le de mar\u00adchand de canons&nbsp;: troisi\u00e8me<br>\nexpor\u00adta\u00adteur mon\u00addial, ce qui cor\u00adres\u00adpond \u00e0 7&nbsp;% des exportations<br>\ndu pays, et \u00e0 270&nbsp;000 per\u00adsonnes employ\u00e9es.<\/font><\/font><\/p>\n<p style=\"margin-bottom: 0cm; font-style: normal;\" align=\"justify\"><font face=\"Times New Roman, serif\"><font size=\"3\">Appa\u00adrem\u00adment,&nbsp;la<br>\nplace de l\u2019in\u00addus\u00adtrie d\u2019ar\u00adme\u00adment n\u2019est pas tel\u00adle\u00adment grande, mais il&nbsp;y<br>\na deux impli\u00adca\u00adtions impor\u00adtantes, poli\u00adtique et \u00e9conomique.<\/font><\/font><\/p>\n<p style=\"margin-bottom: 0cm; font-style: normal;\" align=\"justify\"><font face=\"Times New Roman, serif\"><font size=\"3\">\u00c9co\u00adno\u00admi\u00adque\u00adment,<br>\nil faut remar\u00adquer que l\u2019ar\u00adme\u00adment touche les sec\u00adteurs de pointe&nbsp;:<br>\nl\u2019a\u00e9\u00adro\u00adnau\u00adtique qui tra\u00advaille majo\u00adri\u00adtai\u00adre\u00adment pour l\u2019arm\u00e9e<br>\net dont le reste du mat\u00e9\u00adriel peut aus\u00adsi ser\u00advir&nbsp;pour<br>\nl\u2019ar\u00adme\u00adment&nbsp;; les t\u00e9l\u00e9\u00adcom\u00admu\u00adni\u00adca\u00adtions&nbsp;et<br>\nl\u2019\u00e9lec\u00adtro\u00adnique&nbsp;;l\u2019in\u00addus\u00adtrie auto\u00admo\u00adbile et maritime&nbsp;;<br>\ndes sec\u00adteurs divers&nbsp;: Lip, embal\u00adlage (des bombes), v\u00eatements,<br>\netc.<\/font><\/font><\/p>\n<p style=\"margin-bottom: 0cm; font-style: normal;\" align=\"justify\"><font face=\"Times New Roman, serif\"><font size=\"3\">Poli\u00adti\u00adque\u00adment,&nbsp;la<br>\nFrance vend \u00e0 toutes les dic\u00adta\u00adtures de droite (celles de<br>\ngauche sont four\u00adnies par l\u2019URSS)&nbsp;: Chi\u00adli, Argen\u00adtine, Br\u00e9sil,<br>\nZa\u00efre, Afrique du Sud, \u00c9gypte, Lybie, Isra\u00ebl\u2026<\/font><\/font><\/p>\n<p style=\"margin-bottom: 0cm; font-style: normal;\" align=\"justify\"><font face=\"Times New Roman, serif\"><font size=\"3\">C. Depuis la<br>\nlimi\u00adta\u00adtion de l\u2019en\u00adtr\u00e9e de la main d\u2019\u0153uvre \u00e9trang\u00e8re<br>\n(1972), les tra\u00advailleurs \u00e9tran\u00adgers (2 mil\u00adlions, plus&nbsp;leur<br>\nfamille soit 4 mil\u00adlions au total) servent de col\u00adma\u00adtage&nbsp;pour<br>\nl\u2019\u00e9\u00advo\u00adlu\u00adtion du ch\u00f4\u00admage. La ten\u00addance est de plus en&nbsp;plus<br>\nd\u2019a\u00advoir des tra\u00advailleurs sp\u00e9\u00adcia\u00adli\u00ads\u00e9s fran\u00e7ais,<br>\net non plus \u00e9tran\u00adgers. Du reste, les appels au tra\u00advail manuel<br>\net la poli\u00adtique de s\u00e9lec\u00adtion dans l\u2019\u00e9ducation<br>\nnatio\u00adnale, ont clai\u00adre\u00adment pour mis\u00adsion de four\u00adnir de futurs man\u0153uvres<br>\nfran\u00e7ais.<\/font><\/font><\/p>\n<p style=\"margin-bottom: 0cm; font-style: normal;\" align=\"justify\"><font face=\"Times New Roman, serif\"><font size=\"3\">Exploi\u00adta\u00adtion&nbsp;des<br>\nnoirs, ventes d\u2019armes aux fas\u00adcistes, exploi\u00adta\u00adtion des travailleurs<br>\n\u00e9tran\u00adgers dont on se d\u00e9bar\u00adras\u00adse\u00adra progressivement,<br>\ntelle est la base et le fon\u00adde\u00adment du niveau de vie que nous avons. La<br>\nFrance est donc bien plus \u00ab&nbsp;nazie&nbsp;\u00bb<br>\n\u00e9co\u00adno\u00admi\u00adque\u00adment que l\u2019Al\u00adle\u00admagne f\u00e9d\u00e9\u00adrale contre<br>\nlaquelle luttent les groupes comme la&nbsp;RAF.<\/font><\/font><\/p>\n<p style=\"margin-bottom: 0cm; font-style: normal;\" align=\"justify\"><font face=\"Times New Roman, serif\"><font size=\"3\">C\u2019est un peu toutes<br>\nces choses, avec d\u2019autres bien s\u00fbr, que nous appe\u00adlions&nbsp;les<br>\nvrais pro\u00adbl\u00e8mes, et que le pro\u00adgramme com\u00admun n\u2019a\u00adborde&nbsp;pas.<\/font><\/font><\/p>\n<p style=\"margin-bottom: 0cm; font-style: normal;\" align=\"justify\"><font face=\"Times New Roman, serif\"><font size=\"3\">D\u2019un point de&nbsp;vue<br>\nr\u00e9for\u00admiste, ce pro\u00adgramme ne pro\u00adpose m\u00eame pas&nbsp;la<br>\nfer\u00adme\u00adture des usines d\u2019ar\u00adme\u00adment et leur trans\u00adfor\u00adma\u00adtion en lieu&nbsp;de<br>\nfabri\u00adca\u00adtion d\u2019ob\u00adjets de longue dur\u00e9e\u2026 et paci\u00adfiques. Il&nbsp;ne<br>\npro\u00adpose pas davan\u00adtage le refus d\u2019a\u00adche\u00admi\u00adner tout mat\u00e9\u00adriel&nbsp;de<br>\nguerre, ni l\u2019ap\u00adpui aux groupes afri\u00adcains qui luttent contre<br>\nl\u2019ex\u00adploi\u00adta\u00adtion dans leur pays&nbsp;; pas davan\u00adtage la sup\u00adpres\u00adsion&nbsp;des<br>\nindus\u00adtries nucl\u00e9aires.<\/font><\/font><\/p>\n<p style=\"margin-bottom: 0cm; font-style: normal;\" align=\"justify\"><font face=\"Times New Roman, serif\"><font size=\"3\">\u2026Alors&nbsp;?<\/font><\/font><\/p>\n<p style=\"margin-bottom: 0cm; font-style: normal;\" align=\"justify\"><font face=\"Times New Roman, serif\"><font size=\"3\">Sur le plan de&nbsp;la<br>\nvie quo\u00adti\u00addienne dans les entre\u00adprises, peut-\u00eatre y aurait-il des<br>\nchoses nouvelles&nbsp;?<\/font><\/font><\/p>\n<p style=\"margin-bottom: 0cm; font-style: normal;\" align=\"justify\"><font face=\"Times New Roman, serif\"><font size=\"3\">Non plus.<\/font><\/font><\/p>\n<p style=\"margin-bottom: 0cm; font-style: normal;\" align=\"justify\"><font face=\"Times New Roman, serif\"><font size=\"3\">Le P.-S.&nbsp;nous<br>\npr\u00e9\u00advient que dans les entre\u00adprises natio\u00adna\u00adli\u00ads\u00e9es&nbsp;les<br>\ntra\u00advailleurs d\u00e9ci\u00adde\u00adront de beau\u00adcoup de choses\u2026 sauf pour&nbsp;ce<br>\nqui concerne le plan (qui lui sera mis en place par des n\u00e9gociations<br>\nentre le PS, le PC, le patro\u00adnat et les syn\u00addi\u00adcats) dont on sait&nbsp;qu\u2019il<br>\nconcer\u00adne\u00adra sur\u00adtout les entre\u00adprises nationalis\u00e9es.<\/font><\/font><\/p>\n<p style=\"margin-bottom: 0cm; font-style: normal;\" align=\"justify\"><font face=\"Times New Roman, serif\"><font size=\"3\">Nous savons tr\u00e8s<br>\nbien que le sys\u00adt\u00e8me par\u00adle\u00admen\u00adtaire, c\u2019est tour \u00e0 tour&nbsp;la<br>\ngauche, qui pour se main\u00adte\u00adnir doit faire une poli\u00adtique de droite, et<br>\nla droite, qui pour ne pas \u00eatre chas\u00ads\u00e9e doit faire&nbsp;des<br>\nconces\u00adsions \u00e0 la gauche. De plus en plus, les th\u00e8mes<br>\ntra\u00addi\u00adtion\u00adnels des uns sont repris et ampli\u00adfi\u00e9s par les autres.<br>\nQui parle de \u00ab&nbsp;s\u00e9cu\u00adri\u00adt\u00e9 des citoyens&nbsp;\u00bb,<br>\nd\u2019\u00ab&nbsp;ordre&nbsp;\u00bb, d\u2019\u00ab&nbsp;ind\u00e9pendance<br>\nnatio\u00adnale&nbsp;\u00bb&nbsp;? la gauche autant que la droite. Qui<br>\nparle de \u00ab&nbsp;Liber\u00adt\u00e9&nbsp;\u00bb de \u00ab&nbsp;niveau<br>\nde vie&nbsp;\u00bb&nbsp;? la droite autant que la gauche. Nous<br>\nallons vers un mod\u00e8le qui comme lors des derni\u00e8res<br>\n\u00e9lec\u00adtions en Alle\u00admagne f\u00e9d\u00e9\u00adrale, ver\u00adra&nbsp;des<br>\noppo\u00adsi\u00adtions pure\u00adment fic\u00adtives, dans les\u00adquelles rien ne distinguera<br>\nles uns des autres, sinon le sigle, la t\u00eate des chefs, et&nbsp;la<br>\ncou\u00adleur des affiches.<\/font><\/font><\/p>\n<p style=\"margin-bottom: 0cm; font-style: normal;\" align=\"justify\"><font face=\"Times New Roman, serif\"><font size=\"3\">De plus en plus,&nbsp;il<br>\nn\u2019y a qu\u2019un mod\u00e8le de ges\u00adtion du capi\u00adta\u00adlisme et tous&nbsp;sont<br>\nobli\u00adg\u00e9s de s\u2019y soumettre.<\/font><\/font><\/p>\n<p style=\"margin-bottom: 0cm; font-style: normal;\" align=\"justify\"><font face=\"Times New Roman, serif\"><font size=\"3\">Chan\u00adger la&nbsp;vie&nbsp;?<\/font><\/font><\/p>\n<p style=\"margin-bottom: 0cm; font-style: normal;\" align=\"justify\"><font face=\"Times New Roman, serif\"><font size=\"3\">Cer\u00adtai\u00adne\u00adment&nbsp;peu<br>\npro\u00adbable dans le cadre du pro\u00adgramme com\u00admun&nbsp;; et pour\u00adtant, s\u2019il&nbsp;y<br>\na crise, c\u2019est beau\u00adcoup plus pro\u00adbable comme satu\u00adra\u00adtion des conditions<br>\nde vie artificielles.<\/font><\/font><\/p>\n<p style=\"margin-bottom: 0cm; font-style: normal;\" align=\"justify\"><font face=\"Times New Roman, serif\"><font size=\"3\">C\u2019est pour\u00adquoi,&nbsp;une<br>\nvision glo\u00adbale et cri\u00adtique de la soci\u00e9\u00adt\u00e9 accompagnant<br>\ndes d\u00e9bats sur \u00ab&nbsp;le futur&nbsp;\u00bb,&nbsp;sur<br>\nl\u2019u\u00adto\u00adpie, sur des pro\u00adpo\u00adsi\u00adtions concr\u00e8tes, est&nbsp;tr\u00e8s<br>\nimpor\u00adtante&nbsp;; elle devrait rendre alors plus vio\u00adlentes les<br>\nr\u00e9ac\u00adtions \u00e0 l\u2019ex\u00adploi\u00adta\u00adtion, sans les lier \u00e0&nbsp;un<br>\nquel\u00adconque \u00e9lectoralisme.<\/font><\/font><\/p>\n<p style=\"margin-bottom: 0cm; font-style: normal;\" align=\"justify\"><font face=\"Times New Roman, serif\"><font size=\"3\">Encore faut-il que<br>\ncette vio\u00adlence ne refuse pas l\u2019a\u00adna\u00adlyse de sa propre efficacit\u00e9<br>\net se fonde sur des prin\u00adcipes \u00e9l\u00e9mentaires&nbsp;:<br>\nrota\u00adtion, r\u00e9vo\u00adca\u00adtion, ad\u00e9\u00adqua\u00adtion entre les moyens et<br>\nles fins, pos\u00adsi\u00adbi\u00adli\u00adt\u00e9 de regrou\u00adpe\u00adments affi\u00adni\u00adtaires, etc.<\/font><\/font><\/p>\n<p style=\"margin-bottom: 0cm; font-style: normal;\" align=\"justify\"><font face=\"Times New Roman, serif\"><font size=\"3\">La Lan\u00adterne&nbsp;Noire<\/font><\/font><\/p>\n","protected":false},"excerpt":{"rendered":"<p>\u00c9lec\u00adtions tou\u00adjours pi\u00e8ges \u00e0 con Nous n\u2019al\u00adlons pas d\u00e9ve\u00adlop\u00adper encore une fois l\u2019argumentation anar\u00adchiste contre les \u00e9lec\u00adtions&nbsp;;avant de pas\u00adser&nbsp;au contexte dans lequel va se d\u00e9rou\u00adler la consul\u00adta\u00adtion de&nbsp;mars 1978, nous vou\u00adlons sim\u00adple\u00adment rap\u00adpe\u00adler deux choses. La pre\u00admi\u00e8re, c\u2019est que si le poids de nos argu\u00adments (qui&nbsp;ont d\u00e9mon\u00adtr\u00e9 d\u2019in\u00adnom\u00adbrables fois l\u2019i\u00adnef\u00adfi\u00adca\u00adci\u00adt\u00e9&nbsp;du suf\u00adfrage uni\u00adver\u00adsel pour d\u00e9lo\u00adger&nbsp;la&nbsp;[\u2026]<\/p>\n","protected":false},"author":1,"featured_media":0,"comment_status":"closed","ping_status":"closed","sticky":false,"template":"","format":"standard","meta":{"wp_typography_post_enhancements_disabled":false,"footnotes":""},"categories":[43],"tags":[],"ppma_author":[540],"class_list":["post-682","post","type-post","status-publish","format-standard","hentry","category-la-lanterne-noire-na10-mars-1978"],"authors":[{"term_id":540,"user_id":1,"is_guest":0,"slug":"admin_3gikpwyf","display_name":"Vincent Dubuc","avatar_url":"https:\/\/secure.gravatar.com\/avatar\/d015720652c25fd2ced191ade86430094e1f288a17483713e3b34d26dea52507?s=96&d=mm&r=g","author_category":"","user_url":"https:\/\/la-presse-anarchiste.net","last_name":"Dubuc","first_name":"Vincent","job_title":"","description":""}],"_links":{"self":[{"href":"https:\/\/la-presse-anarchiste.net\/index.php\/wp-json\/wp\/v2\/posts\/682","targetHints":{"allow":["GET"]}}],"collection":[{"href":"https:\/\/la-presse-anarchiste.net\/index.php\/wp-json\/wp\/v2\/posts"}],"about":[{"href":"https:\/\/la-presse-anarchiste.net\/index.php\/wp-json\/wp\/v2\/types\/post"}],"author":[{"embeddable":true,"href":"https:\/\/la-presse-anarchiste.net\/index.php\/wp-json\/wp\/v2\/users\/1"}],"replies":[{"embeddable":true,"href":"https:\/\/la-presse-anarchiste.net\/index.php\/wp-json\/wp\/v2\/comments?post=682"}],"version-history":[{"count":0,"href":"https:\/\/la-presse-anarchiste.net\/index.php\/wp-json\/wp\/v2\/posts\/682\/revisions"}],"wp:attachment":[{"href":"https:\/\/la-presse-anarchiste.net\/index.php\/wp-json\/wp\/v2\/media?parent=682"}],"wp:term":[{"taxonomy":"category","embeddable":true,"href":"https:\/\/la-presse-anarchiste.net\/index.php\/wp-json\/wp\/v2\/categories?post=682"},{"taxonomy":"post_tag","embeddable":true,"href":"https:\/\/la-presse-anarchiste.net\/index.php\/wp-json\/wp\/v2\/tags?post=682"},{"taxonomy":"author","embeddable":true,"href":"https:\/\/la-presse-anarchiste.net\/index.php\/wp-json\/wp\/v2\/ppma_author?post=682"}],"curies":[{"name":"wp","href":"https:\/\/api.w.org\/{rel}","templated":true}]}}