{"id":684,"date":"2007-08-19T14:22:45","date_gmt":"2007-08-19T14:22:45","guid":{"rendered":"https:\/\/la-presse-anarchiste.net\/index.php\/2007\/08\/19\/conscience-dhier-et-vouloir-de-demain\/"},"modified":"2007-08-19T14:22:45","modified_gmt":"2007-08-19T14:22:45","slug":"conscience-dhier-et-vouloir-de-demain","status":"publish","type":"post","link":"https:\/\/la-presse-anarchiste.net\/index.php\/2007\/08\/19\/conscience-dhier-et-vouloir-de-demain\/","title":{"rendered":"Conscience d\u2019hier et vouloir de demain"},"content":{"rendered":"<div class=\"pdfprnt-buttons pdfprnt-buttons-post pdfprnt-top-right\"><a href=\"https:\/\/la-presse-anarchiste.net\/index.php\/wp-json\/wp\/v2\/posts\/684?print=pdf\" class=\"pdfprnt-button pdfprnt-button-pdf\" target=\"_blank\"><img decoding=\"async\" src=\"https:\/\/la-presse-anarchiste.net\/wp-content\/plugins\/pdf-print\/images\/pdf.png\" alt=\"image_pdf\" title=\"Afficher le PDF\"><\/a><a href=\"https:\/\/la-presse-anarchiste.net\/index.php\/wp-json\/wp\/v2\/posts\/684?print=print\" class=\"pdfprnt-button pdfprnt-button-print\" target=\"_blank\"><img decoding=\"async\" src=\"https:\/\/la-presse-anarchiste.net\/wp-content\/plugins\/pdf-print\/images\/print.png\" alt=\"image_print\" title=\"Contenu imprim\u00e9\"><\/a><\/div><p style=\"margin-bottom: 0cm;\" align=\"justify\">\tAvec plus de vio\u00adlence&nbsp;et<br>\nd\u2019am\u00adpleur que jamais, la guerre per\u00adsiste. De nou\u00advelles g\u00e9n\u00e9rations<br>\nsont suc\u00adces\u00adsi\u00adve\u00adment jet\u00e9es dans le creu\u00adset d\u2019o\u00f9 sortira<br>\nce que le lan\u00adgage usuel nous fait appe\u00adler la paix, mais qui ne&nbsp;sera,<br>\nen fait, qu\u2019une tr\u00eave entre les imp\u00e9\u00adria\u00adlismes fatigu\u00e9s<br>\net un r\u00e9pit lais\u00ads\u00e9 \u00e0 des peuples \u00e0&nbsp;bout<br>\nde souffle.<\/p>\n<p style=\"margin-bottom: 0cm;\" align=\"justify\">\tDes pays entiers sont<br>\nvid\u00e9s de leurs forces cr\u00e9a\u00adtrices, d\u2019autres les<br>\npro\u00addiguent encore&nbsp;; cepen\u00addant que des conf\u00e9\u00adrences, des<br>\naccords, des mis\u00adsions diplo\u00adma\u00adtiques se suc\u00adc\u00e8dent, accommodant<br>\ntris\u00adte\u00adment le pr\u00e9\u00adsent et \u00ab&nbsp;pr\u00e9parant&nbsp;\u00bb<br>\nl\u2019a\u00adve\u00adnir avec non moins de cynisme.<\/p>\n<p style=\"margin-bottom: 0cm;\" align=\"justify\">\tEt pen\u00addant ce temps, aux<br>\nabords ou au loin des champs de bataille,\u200a\u2014\u200acomme si dans le fracas<br>\ndes armes l\u2019hu\u00adma\u00adni\u00adt\u00e9 ne payait pas assez cher&nbsp;son<br>\nincons\u00adcience,\u200a\u2014\u200ar\u00e8gnent la mis\u00e8re et la&nbsp;faim.<\/p>\n<p style=\"margin-bottom: 0cm;\" align=\"justify\">\tApr\u00e8s six&nbsp;mois<br>\nd\u2019at\u00adtente, rien de ce qu\u2019un peuple oppri\u00adm\u00e9, affam\u00e9,<br>\npri\u00adv\u00e9 de tout,\u200a\u2014\u200asauf de l\u2019es\u00adpoir dont il se nourrissait,&nbsp;\u2014<br>\navait na\u00ef\u00adve\u00adment esp\u00e9\u00adr\u00e9 ne se r\u00e9alise.<br>\nCertes, il y a comme rai\u00adsons le conflit qui per\u00adsiste, les<br>\ndes\u00adtruc\u00adtions, les impos\u00adsi\u00adbi\u00adli\u00adt\u00e9s. Consta\u00adter, apr\u00e8s&nbsp;tout<br>\nle monde, la mis\u00e8re des grandes villes, le manque<br>\nd\u2019ap\u00adpro\u00advi\u00adsion\u00adne\u00adment, la mala\u00addie plus g\u00e9n\u00e9ralis\u00e9e<br>\nque beau\u00adcoup n\u2019osent le dire tout haut, est un lieu com\u00admun. Contre de<br>\ntels fl\u00e9aux, d\u2019au\u00adcuns luttent\u200a\u2014\u200aou pour le moins s\u2019insurgent<br>\u200a\u2014\u200aspec\u00adta\u00adcu\u00adlai\u00adre\u00adment ou silen\u00adcieu\u00adse\u00adment. Com\u00adbien, par contre,<br>\nmanquent de luci\u00addi\u00adt\u00e9 ou d\u2019hon\u00adn\u00ea\u00adte\u00adt\u00e9 pour&nbsp;en<br>\narri\u00adver \u00e0 cette conclusion&nbsp;!<\/p>\n<p style=\"margin-bottom: 0cm;\" align=\"justify\">\tCom\u00adment peut-il \u00eatre<br>\nadmis que des villes, des r\u00e9gions enti\u00e8res soient<br>\nsous-ali\u00admen\u00adt\u00e9es, que des enfants\u200a\u2014\u200aces vic\u00adtimes des graves<br>\nerreurs de leurs a\u00een\u00e9s\u200a\u2014\u200amanquent de lait&nbsp;?&nbsp;Cela<br>\nmal\u00adgr\u00e9 que des plans coh\u00e9\u00adrents de trans\u00adport aient&nbsp;\u00e9t\u00e9<br>\npr\u00e9\u00adsen\u00adt\u00e9s par\u00adfois sans d\u00e9ma\u00adgo\u00adgie avec la&nbsp;seule<br>\npen\u00ads\u00e9e de l\u2019in\u00adt\u00e9\u00adr\u00eat com\u00admun. On ne devrait plus<br>\nvoir la majo\u00adri\u00adt\u00e9 des sec\u00adteurs de l\u2019o\u00adpi\u00adnion publique demeurer<br>\npas\u00adsive, indif\u00adf\u00e9\u00adrente \u00e0 l\u2019i\u00adner\u00adtie\u200a\u2014\u200aou \u00e0&nbsp;la<br>\ncom\u00adpli\u00adci\u00adt\u00e9\u200a\u2014\u200ades orga\u00adnismes res\u00adpon\u00adsables et ne&nbsp;pas<br>\ns\u2019in\u00adsur\u00adger contre la mise sous le bois\u00adseau des mesures de justice<br>\nsociale les plus \u00e9l\u00e9mentaires.<\/p>\n<p style=\"margin-bottom: 0cm;\" align=\"justify\">\tLe chef du gouvernement<br>\npro\u00advi\u00adsoire a sou\u00adli\u00adgn\u00e9 r\u00e9cem\u00adment \u00ab&nbsp;l\u2019\u00e9tat<br>\no\u00f9 nous laisse l\u2019a\u00adbo\u00admi\u00adnable mar\u00e9e et l\u2019\u00e9tendue<br>\nde l\u2019ef\u00adfort de recons\u00adtruc\u00adtion et de renou\u00advel\u00adle\u00adment que s\u2019im\u00adpose&nbsp;pour<br>\nde longues ann\u00e9es la nation fran\u00e7aise&nbsp;\u00bb.<br>\nMais il constate aus\u00adsi\u00adt\u00f4t que \u00ab&nbsp;mal\u00adgr\u00e9&nbsp;que<br>\nbeau\u00adcoup de bonnes volon\u00adt\u00e9s, de d\u00e9voue\u00adments, de<br>\ncom\u00adp\u00e9\u00adtences soient \u00e0 l\u2019oeuvre, il per\u00adsiste des m\u00e9thodes<br>\net des pro\u00adc\u00e9\u00add\u00e9s dont la lour\u00addeur pas\u00ads\u00e9e&nbsp;s\u2019est<br>\naccrue de celles qu\u2019y ajou\u00adtaient les fausses r\u00e9formes de<br>\nVichy&nbsp;\u00bb. Dans ces consta\u00adta\u00adtions nous retrou\u00advons les n\u00f4tres<br>\npropres. Mais il convient d\u2019a\u00adjou\u00adter encore&nbsp;: mal\u00adgr\u00e9&nbsp;les<br>\nmesures de natio\u00adna\u00adli\u00adsa\u00adtion offi\u00adciel\u00adle\u00adment annon\u00adc\u00e9es, malgr\u00e9<br>\nles \u00ab&nbsp;socia\u00adli\u00adsa\u00adtions&nbsp;\u00bb envisag\u00e9es<br>\n(par\u00adtis socia\u00adliste et com\u00admu\u00adniste), il reste \u00e0 com\u00admen\u00adcer&nbsp;la<br>\nlutte, non seule\u00adment contre les trusts\u200a\u2014\u200aqui n\u2019en ont pas&nbsp;\u00e9t\u00e9<br>\natteints\u200a\u2014\u200amais contre le capi\u00adtal sous toutes ses formes, que&nbsp;tous<br>\nles b\u00e2tis\u00adseurs \u00e0 la petite semaine oublient toujours<br>\nd\u2019as\u00adso\u00adcier \u00e0 l\u2019\u00c9tat.<\/p>\n<p style=\"margin-bottom: 0cm;\" align=\"justify\">\tAlors que les fameux<br>\n\u00ab&nbsp;consul\u00adta\u00adtifs d\u2019en\u00adtre\u00adprise&nbsp;\u00bb ne touchent<br>\naucu\u00adne\u00adment \u00e0 l\u2019au\u00adto\u00adri\u00adt\u00e9 patro\u00adnale, la nationalisation<br>\naccorde \u00e0 l\u2019\u00c9\u00adtat un pou\u00advoir de tous les ins\u00adtants. C\u2019est<br>\naujourd\u2019\u00adhui, apr\u00e8s que le sec\u00adteur ouvrier de la r\u00e9sistance,<br>\nayant ren\u00addu d\u2019im\u00admenses ser\u00advices aux classes pos\u00ads\u00e9\u00addantes de&nbsp;ce<br>\npays, n\u2019est plus, pour ces der\u00adniers, qu\u2019un cr\u00e9an\u00adcier&nbsp;qui<br>\ndemande \u00e0 \u00eatre pay\u00e9, que tombe le voile hypocrite<br>\ndes bour\u00adgeois cocar\u00addiers et \u00ab&nbsp;d\u00e9mocrates&nbsp;\u00bb.<br>\nLa trame de cette for\u00admi\u00addable escro\u00adque\u00adrie morale et mat\u00e9rielle<br>\nappa\u00adra\u00eet au grand jour. Mais, en sup\u00adpo\u00adsant m\u00eame que&nbsp;les<br>\nfameuses r\u00e9formes pro\u00admises aient \u00e9t\u00e9 r\u00e9alis\u00e9es<br>\u200a\u2014\u200ace en quoi nous n\u2019a\u00advons jamais cru,\u200a\u2014\u200ale probl\u00e8me<br>\n\u00e9co\u00adno\u00admi\u00adco-social n\u2019\u00e9\u00adtait pas r\u00e9so\u00adlu pour&nbsp;cela,<br>\ncar l\u2019ex\u00adploi\u00adta\u00adtion ne fai\u00adsait que chan\u00adger d\u2019as\u00adpect, mais elle&nbsp;n\u2019en<br>\n\u00e9tait pas moins r\u00e9elle et d\u00e9vastatrice.<\/p>\n<p style=\"margin-bottom: 0cm;\" align=\"justify\">\tLa seule mesure qui<br>\ns\u2019im\u00adpose pour le bien actuel\u00adle\u00adment pos\u00adsible est la ges\u00adtion de&nbsp;la<br>\npro\u00adduc\u00adtion par les orga\u00adni\u00adsa\u00adtions syn\u00addi\u00adcales ouvri\u00e8res. Elle<br>\nseule met\u00adtra fin au gas\u00adpillage, au favo\u00adri\u00adtisme et au para\u00adsi\u00adtisme, que<br>\ntoutes les natio\u00adna\u00adli\u00adsa\u00adtions ou \u00ab&nbsp;socialisations&nbsp;\u00bb<br>\n\u00e9ta\u00adti\u00ads\u00e9es n\u2019emp\u00eacheront jamais. Par voie&nbsp;de<br>\ncons\u00e9\u00adquence, des\u00adsai\u00adsis\u00adse\u00adment imm\u00e9\u00addiat des comit\u00e9s<br>\ndits d\u2019or\u00adga\u00adni\u00adsa\u00adtion\u200a\u2014\u200aou de ce qui en sub\u00adsiste\u200a\u2014\u200aet&nbsp;des<br>\norga\u00adnismes inca\u00adpables. Sup\u00adpres\u00adsion des pr\u00e9\u00adro\u00adga\u00adtives dont&nbsp;usent<br>\nles rois du n\u00e9goce, de la tran\u00adsac\u00adtion et remise de&nbsp;la<br>\nr\u00e9par\u00adti\u00adtion et de la dis\u00adtri\u00adbu\u00adtion aux orga\u00adnismes de<br>\nconsommateurs.<\/p>\n<p style=\"margin-bottom: 0cm;\" align=\"justify\">\tMais de telles solutions<br>\nsup\u00adposent avant tout de la r\u00e9so\u00adlu\u00adtion, de la volont\u00e9<br>\nchez ceux qui subissent tous les m\u00e9faits de l\u2019ex\u00adploi\u00adta\u00adtion.&nbsp;Et<br>\ncette pen\u00ads\u00e9e qu\u2019un peuple ne peut avoir que ce qu\u2019il&nbsp;sait<br>\nVOULOIR ranime en nous le sou\u00adve\u00adnir de l\u2019im\u00admor\u00adtelle Com\u00admune de&nbsp;Paris,<br>\nqui se mani\u00adfes\u00adta d\u00e8s le 18 mars 1871, il y a soixante-quatorze<br>\nans. La bour\u00adgeoi\u00adsie, qui s\u2019\u00e9\u00adtait mon\u00adtr\u00e9e aus\u00adsi&nbsp;l\u00e2che<br>\navec les Prus\u00adsiens que sous l\u2019Em\u00adpire, s\u2019en\u00adfuit devant la col\u00e8re<br>\ndu peuple de Paris. Elle fuyait, par\u00adta\u00adgeant avec l\u2019i\u00adgnoble Thiers le<br>\nsecret espoir de reve\u00adnir bien\u00adt\u00f4t pour l\u2019\u00e9\u00adcra\u00adser,&nbsp;ce<br>\npeuple qui pre\u00adnait, devant le monde, une \u00e9cla\u00adtante conscience<br>\nde lui-m\u00eame.<\/p>\n<p style=\"margin-bottom: 0cm;\" align=\"justify\">\tEt pen\u00addant trois mois&nbsp;il<br>\na vrai\u00adment pris conscience de lui-m\u00eame. Les tra\u00advailleurs ont&nbsp;su<br>\nmon\u00adtrer le cou\u00adrage, l\u2019ab\u00adn\u00e9\u00adga\u00adtion, le sens de l\u2019organisation<br>\ndont est capable un pro\u00adl\u00e9\u00adta\u00adriat d\u00e9ci\u00add\u00e9, bien&nbsp;que<br>\nnos \u00e9diles consi\u00add\u00e8rent la masse livr\u00e9e \u00e0,<br>\nelle-m\u00eame comme inapte aux grandes r\u00e9alisations.<\/p>\n<p style=\"margin-bottom: 0cm;\" align=\"justify\">\tEt si l\u2019on veut parler<br>\nde \u00ab&nbsp;r\u00e9sis\u00adtance \u00e0 l\u2019oppression&nbsp;\u00bb,<br>\non peut citer celle des com\u00admu\u00adnards comme la plus caract\u00e9ristique,<br>\ncar ils ne s\u2019en pre\u00adnaient pas seule\u00adment \u00e0 la puissance<br>\n\u00e9co\u00adno\u00admique, mais aus\u00adsi au pou\u00advoir poli\u00adtique, \u00e0<br>\nl\u2019au\u00adto\u00adri\u00adt\u00e9 de l\u2019\u00c9\u00adtat. Puisse leur m\u00e9moire<br>\nrame\u00adner \u00e0 une plus saine com\u00adpr\u00e9\u00adhen\u00adsion de la r\u00e9alit\u00e9<br>\ntous ceux qui se sont lais\u00ads\u00e9 s\u00e9duire par un verbiage<br>\nsub\u00adtil dont usent ceux qui s\u2019i\u00adma\u00adginent \u00eatre venus au monde&nbsp;pour<br>\n\u00ab&nbsp;diri\u00adger les foules&nbsp;\u00bb&nbsp;!<\/p>\n","protected":false},"excerpt":{"rendered":"<p>Avec plus de vio\u00adlence&nbsp;et d\u2019am\u00adpleur que jamais, la guerre per\u00adsiste. De nou\u00advelles g\u00e9n\u00e9\u00adra\u00adtions sont suc\u00adces\u00adsi\u00adve\u00adment jet\u00e9es dans le creu\u00adset d\u2019o\u00f9 sor\u00adti\u00adra ce que le lan\u00adgage usuel nous fait appe\u00adler la paix, mais qui ne&nbsp;sera, en fait, qu\u2019une tr\u00eave entre les imp\u00e9\u00adria\u00adlismes fati\u00adgu\u00e9s et un r\u00e9pit lais\u00ads\u00e9 \u00e0 des peuples \u00e0&nbsp;bout de souffle. Des pays entiers&nbsp;[\u2026]<\/p>\n","protected":false},"author":1,"featured_media":0,"comment_status":"closed","ping_status":"closed","sticky":false,"template":"","format":"standard","meta":{"wp_typography_post_enhancements_disabled":false,"footnotes":""},"categories":[82],"tags":[],"ppma_author":[540],"class_list":["post-684","post","type-post","status-publish","format-standard","hentry","category-le-libertaire-na3-15-mars-1945"],"authors":[{"term_id":540,"user_id":1,"is_guest":0,"slug":"admin_3gikpwyf","display_name":"Vincent Dubuc","avatar_url":"https:\/\/secure.gravatar.com\/avatar\/d015720652c25fd2ced191ade86430094e1f288a17483713e3b34d26dea52507?s=96&d=mm&r=g","author_category":"","user_url":"https:\/\/la-presse-anarchiste.net","last_name":"Dubuc","first_name":"Vincent","job_title":"","description":""}],"_links":{"self":[{"href":"https:\/\/la-presse-anarchiste.net\/index.php\/wp-json\/wp\/v2\/posts\/684","targetHints":{"allow":["GET"]}}],"collection":[{"href":"https:\/\/la-presse-anarchiste.net\/index.php\/wp-json\/wp\/v2\/posts"}],"about":[{"href":"https:\/\/la-presse-anarchiste.net\/index.php\/wp-json\/wp\/v2\/types\/post"}],"author":[{"embeddable":true,"href":"https:\/\/la-presse-anarchiste.net\/index.php\/wp-json\/wp\/v2\/users\/1"}],"replies":[{"embeddable":true,"href":"https:\/\/la-presse-anarchiste.net\/index.php\/wp-json\/wp\/v2\/comments?post=684"}],"version-history":[{"count":0,"href":"https:\/\/la-presse-anarchiste.net\/index.php\/wp-json\/wp\/v2\/posts\/684\/revisions"}],"wp:attachment":[{"href":"https:\/\/la-presse-anarchiste.net\/index.php\/wp-json\/wp\/v2\/media?parent=684"}],"wp:term":[{"taxonomy":"category","embeddable":true,"href":"https:\/\/la-presse-anarchiste.net\/index.php\/wp-json\/wp\/v2\/categories?post=684"},{"taxonomy":"post_tag","embeddable":true,"href":"https:\/\/la-presse-anarchiste.net\/index.php\/wp-json\/wp\/v2\/tags?post=684"},{"taxonomy":"author","embeddable":true,"href":"https:\/\/la-presse-anarchiste.net\/index.php\/wp-json\/wp\/v2\/ppma_author?post=684"}],"curies":[{"name":"wp","href":"https:\/\/api.w.org\/{rel}","templated":true}]}}