{"id":686,"date":"2007-08-19T14:40:32","date_gmt":"2007-08-19T14:40:32","guid":{"rendered":"https:\/\/la-presse-anarchiste.net\/index.php\/2007\/08\/19\/eugene-varlin\/"},"modified":"2007-08-19T14:40:32","modified_gmt":"2007-08-19T14:40:32","slug":"eugene-varlin","status":"publish","type":"post","link":"https:\/\/la-presse-anarchiste.net\/index.php\/2007\/08\/19\/eugene-varlin\/","title":{"rendered":"Eug\u00e8ne Varlin"},"content":{"rendered":"<div class=\"pdfprnt-buttons pdfprnt-buttons-post pdfprnt-top-right\"><a href=\"https:\/\/la-presse-anarchiste.net\/index.php\/wp-json\/wp\/v2\/posts\/686?print=pdf\" class=\"pdfprnt-button pdfprnt-button-pdf\" target=\"_blank\"><img decoding=\"async\" src=\"https:\/\/la-presse-anarchiste.net\/wp-content\/plugins\/pdf-print\/images\/pdf.png\" alt=\"image_pdf\" title=\"Afficher le PDF\"><\/a><a href=\"https:\/\/la-presse-anarchiste.net\/index.php\/wp-json\/wp\/v2\/posts\/686?print=print\" class=\"pdfprnt-button pdfprnt-button-print\" target=\"_blank\"><img decoding=\"async\" src=\"https:\/\/la-presse-anarchiste.net\/wp-content\/plugins\/pdf-print\/images\/print.png\" alt=\"image_print\" title=\"Contenu imprim\u00e9\"><\/a><\/div><p style=\"margin-bottom: 0cm;\" align=\"justify\">\tPar\u00admi toutes les figures<br>\nqui illus\u00adtr\u00e8rent le mou\u00adve\u00adment d\u2019\u00e9mancipation<br>\npro\u00adl\u00e9\u00adta\u00adrienne, en est-il une plus pure que celle d\u2019Eug\u00e8ne<br>\nVarlin&nbsp;?<\/p>\n<p style=\"margin-bottom: 0cm;\" align=\"justify\">Nos adver\u00adsaires<br>\neux-m\u00eames le recon\u00adnaissent. Aus\u00adsi avons-nous pen\u00ads\u00e9,&nbsp;bien<br>\nque l\u2019an\u00adni\u00adver\u00adsaire de sa mort h\u00e9ro\u00efque ne tombe que&nbsp;dans<br>\ntrois mois, de nous entre\u00adte\u00adnir de lui en cette seconde quin\u00adzaine&nbsp;de<br>\nmars qui ouvre la s\u00e9rie des anni\u00adver\u00adsaires de la COMMUNE. Cet<br>\n\u00ab&nbsp;oubli\u00e9&nbsp;\u00bb, cet incon\u00adnu \u00ab&nbsp;dont<br>\nla classe ouvri\u00e8re ignore jus\u00adqu\u2019au nom&nbsp;\u00bb, ain\u00adsi&nbsp;que<br>\nle d\u00e9plo\u00adrait la \u00ab&nbsp;Vie Ouvri\u00e8re&nbsp;\u00bb<br>\nde Monatte en 1913, ne l\u2019est plus tout \u00e0 fait. Cependant,<br>\ngageons que les quelques lignes qui suivent le r\u00e9v\u00e9leront<br>\n\u00e0 cer\u00adtains, le feront mieux conna\u00eetre \u00e0 d\u2019autres<br>\net, dans leur s\u00e9che\u00adresse bio\u00adgra\u00adphique, don\u00adne\u00adront \u00e0&nbsp;tous<br>\nle sen\u00adti\u00adment de l\u2019im\u00adpor\u00adtance de celui dont Lis\u00adsa\u00adga\u00adray a&nbsp;\u00e9crit<br>\ndans son \u00ab&nbsp;His\u00adtoire de la Com\u00admune de&nbsp;1871&nbsp;\u00bb&nbsp;:<br>\n\u00ab&nbsp;Ce mort-l\u00e0 est tout aux ouvriers&nbsp;!&nbsp;\u00bb<\/p>\n<p style=\"margin-bottom: 0cm;\" align=\"justify\">Il est n\u00e9 le&nbsp;5<br>\noctobre 1839, \u00e0 Claye-sur-Marne, o\u00f9 son&nbsp;p\u00e8re<br>\n\u00e9tait ouvrier agri\u00adcole. Il vient \u00e0 Paris \u00e0&nbsp;13<br>\nans et, d\u2019a\u00adbord chez sen oncle, puis dans d\u2019autres mai\u00adsons,&nbsp;il<br>\napprend le m\u00e9tier de relieur, et \u00e0 25 ans il&nbsp;est<br>\ncontre\u00adma\u00eetre. (Cette pr\u00e9\u00adci\u00adsion pour mon\u00adtrer sa ma\u00eetrise<br>\ndans son art.) Puis, pour mieux mener de front son activit\u00e9<br>\nsyn\u00addi\u00adcale et poli\u00adtique, il tra\u00advaille\u00adra chez lui. Mais, parall\u00e8lement<br>\n\u00e0 son appren\u00adtis\u00adsage, il s\u2019ins\u00adtruit. Il suit les cours&nbsp;de<br>\nl\u2019As\u00adso\u00adcia\u00adtion phi\u00adlo\u00adtech\u00adnique&nbsp;: cours de fran\u00ad\u00e7ais,&nbsp;de<br>\ng\u00e9o\u00adm\u00e9\u00adtrie, de comp\u00adta\u00adbi\u00adli\u00adt\u00e9, et re\u00e7oit<br>\nprix et men\u00adtion. Il pren\u00addra m\u00eame avec son fr\u00e8re, des<br>\nle\u00e7ons de latin, puis \u00e9tu\u00addie\u00adra le droit, sur\u00adtout&nbsp;la<br>\npar\u00adtie qui concerne les soci\u00e9\u00adt\u00e9s civiles.<\/p>\n<p style=\"margin-bottom: 0cm;\" align=\"justify\">Et, bien\u00adt\u00f4t,<br>\ns\u2019\u00e9\u00adtant ain\u00adsi don\u00adn\u00e9 des bases solides, il prend&nbsp;une<br>\npart active \u00e0 la lutte sociale qui, sous le Second Empire,<br>\ndon\u00adna la forme de l\u2019ac\u00adtion ouvri\u00e8re moderne. Voi\u00adci les&nbsp;dates<br>\nprin\u00adci\u00adpales et les faits essen\u00adtiels de sa vie de mili\u00adtant. En&nbsp;1857,<br>\nil est un des fon\u00adda\u00adteurs de la Soci\u00e9\u00adt\u00e9 des relieurs. Il<br>\na 18 ans. En 1861, il est de la com\u00admis\u00adsion qui d\u00e9signe les<br>\nd\u00e9l\u00e9\u00adgu\u00e9s ouvriers relieurs qui par\u00adti\u00adci\u00adpe\u00adront&nbsp;\u00e0<br>\nl\u2019Ex\u00adpo\u00adsi\u00adtion inter\u00adna\u00adtio\u00adnale de Londres et est un des r\u00e9dacteurs<br>\ndu rap\u00adport au retour de la d\u00e9l\u00e9\u00adga\u00adtion, rap\u00adport&nbsp;dans<br>\nlequel on trouve cette phrase essen\u00adtielle&nbsp;: \u00ab&nbsp;Ce&nbsp;dont<br>\nnos cama\u00adrades doivent bien se p\u00e9n\u00e9\u00adtrer, c\u2019est qu\u2019ils<br>\nn\u2019ob\u00adtien\u00addront jamais rien tant qu\u2019ils s\u2019abs\u00adtien\u00addront&nbsp;\u00e0<br>\ndemeu\u00adrer iso\u00adl\u00e9s.&nbsp;\u00bb En 1864, il orga\u00adnise la&nbsp;gr\u00e8ve<br>\ndes relieurs&nbsp;; en 1865, membre de la Premi\u00e8re<br>\nInter\u00adna\u00adtio\u00adnale, il est un des quatre d\u00e9l\u00e9gu\u00e9s<br>\nfran\u00ad\u00e7ais \u00e0 la Conf\u00e9\u00adrence de Londres&nbsp;;&nbsp;en<br>\n1867, il devient membre du bureau de la sec\u00adtion fran\u00ad\u00e7aise&nbsp;de<br>\nl\u2019In\u00adter\u00adna\u00adtio\u00adnale et, la m\u00eame ann\u00e9e, il est l\u2019un des&nbsp;cinq<br>\nd\u00e9l\u00e9\u00adgu\u00e9s a l\u2019Ex\u00adpo\u00adsi\u00adtion uni\u00adver\u00adselle. C\u2019est&nbsp;lui<br>\nqui, en 1868, pour\u00adsui\u00advi dans le pro\u00adc\u00e8s fait aux membres de&nbsp;la<br>\ndeuxi\u00e8me com\u00admis\u00adsion de l\u2019In\u00adter\u00adna\u00adtio\u00adnale, pr\u00e9\u00adsente&nbsp;la<br>\nd\u00e9fense des incul\u00adp\u00e9s. D\u00e9ta\u00adchons-en ce&nbsp;court<br>\npas\u00adsage&nbsp;: \u00ab&nbsp;Une classe qui a&nbsp;\u00e9t\u00e9<br>\nl\u2019op\u00adpri\u00adm\u00e9e dans toutes les \u00e9poques et sous tous&nbsp;les<br>\nr\u00e8gnes, la CLASSE DU TRAVAIL, pr\u00e9\u00adtend appor\u00adter&nbsp;un<br>\n\u00e9l\u00e9\u00adment r\u00e9g\u00e9\u00adn\u00e9\u00adra\u00adteur \u00e0&nbsp;la<br>\nsoci\u00e9\u00adt\u00e9. Lors\u00adqu\u2019une classe a per\u00addu la sup\u00e9riorit\u00e9<br>\nmorale qui l\u2019a faite domi\u00adnante, elle doit se h\u00e2ter&nbsp;de<br>\ns\u2019ef\u00adfa\u00adcer.&nbsp;\u00bb En 1869, il est le secr\u00e9\u00adtaire et&nbsp;la<br>\nche\u00adville ouvri\u00e8re de la Chambre f\u00e9d\u00e9\u00adrale&nbsp;des<br>\nSoci\u00e9\u00adt\u00e9s ouvri\u00e8res de Paris, premi\u00e8re<br>\n\u00ab&nbsp;Union des Syn\u00addi\u00adcats&nbsp;\u00bb. Et, enfin, de 1869&nbsp;\u00e0<br>\n1870, tant pour l\u2019In\u00adter\u00adna\u00adtio\u00adnale que pour la Chambre f\u00e9d\u00e9rale<br>\net la Soci\u00e9\u00adt\u00e9 des relieurs, il ne cesse de se d\u00e9penser<br>\nsans comp\u00adter, en voyages, en d\u00e9marches, en cor\u00adres\u00adpon\u00addance. Il<br>\nest condam\u00adn\u00e9 \u00e0 nou\u00adveau, au prin\u00adtemps de 1870,&nbsp;\u00e0<br>\nun an de pri\u00adson et se r\u00e9fu\u00adgie \u00e0 Bruxelles. La guerre<br>\n\u00e9clate. Il rentre en France et s\u2019en\u00adgage dans la&nbsp;Garde<br>\nnatio\u00adnale. Il est \u00e9lu \u00e0 l\u2019As\u00adsem\u00adbl\u00e9e Nationale,<br>\nfait par\u00adtie du Comi\u00adt\u00e9 cen\u00adtral, puis de la Com\u00admune, qui&nbsp;le<br>\nnomme, avec Jourde, d\u00e9l\u00e9\u00adgu\u00e9 aux Finances. Il<br>\ns\u2019oc\u00adcu\u00adpe\u00adra aus\u00adsi du ravi\u00adtaille\u00adment. Puis c\u2019est la Semaine sanglante.<br>\nIl ira de bar\u00adri\u00adcade en bar\u00adri\u00adcade, en com\u00adbat\u00adtant, jus\u00adqu\u2019\u00e0&nbsp;ce<br>\nbanc de la place Cadet o\u00f9, \u00e9pui\u00ads\u00e9, il s\u2019assied,<br>\nle dimanche 28 mai 1871. Recon\u00adnu par un pr\u00eatre qui le d\u00e9nonce,<br>\nil est arr\u00ea\u00adt\u00e9 et, apr\u00e8s une marche \u00e9pouvantable,<br>\nle long de la Butte Mont\u00admartre, au milieu des outrages, des&nbsp;hu\u00e9es<br>\net des cris de mort d\u2019une foule abjecte, il est conduit rue&nbsp;des<br>\nRosiers et fusill\u00e9. Le lieu\u00adte\u00adnant Sicre, qui com\u00admande&nbsp;le<br>\npelo\u00adton, lui d\u00e9ro\u00adba sa montre et les \u00ab&nbsp;ex\u00e9cuteurs&nbsp;\u00bb<br>\nse par\u00adta\u00adg\u00e8rent les 248 francs qui consti\u00adtuaient la for\u00adtune&nbsp;de<br>\ncelui qui, d\u00e9l\u00e9\u00adgu\u00e9 aux Finances, avait&nbsp;mani\u00e9,<br>\npen\u00addant les trois mois de la Com\u00admune, des sommes consid\u00e9rables.<\/p>\n<p style=\"margin-bottom: 0cm;\" align=\"justify\">Ces notes, dans&nbsp;leur<br>\ns\u00e9che\u00adresse, suf\u00adfisent pour situer cet homme qui,&nbsp;comme<br>\nl\u2019\u00e9\u00adcri\u00advirent plu\u00adsieurs de ses bio\u00adgraphes, fut&nbsp;: LE<br>\nMILITANT.<\/p>\n<p style=\"margin-bottom: 0cm;\" align=\"justify\">\tBiblio\u00adgra\u00adphie sommaire.<br>\u200a\u2014\u200aE.-E. Fri\u00adbourg&nbsp;: \u00ab&nbsp;L\u2019As\u00adso\u00adcia\u00adtion internationale<br>\ndes Tra\u00advailleurs&nbsp;\u00bb, Paris, 1871 et \u00ab&nbsp;Les Proc\u00e8s<br>\nde l\u2019In\u00adter\u00adna\u00adtio\u00adnale&nbsp;\u00bb, Paris&nbsp;; Lissagaray&nbsp;:<br>\n\u00ab&nbsp;His\u00adtoire de la Com\u00admune de 1871&nbsp;\u00bb,&nbsp;Paris,<br>\nLibrai\u00adrie du Tra\u00advail (nou\u00advelle \u00e9di\u00adtion)&nbsp;; \u00ab&nbsp;Eug\u00e8ne<br>\nVar\u00adlin&nbsp;\u00bb, num\u00e9\u00adro sp\u00e9\u00adcial de \u00ab&nbsp;La<br>\nVie Ouvri\u00e8re&nbsp;\u00bb, 5 mai 1913&nbsp;; Edouard<br>\nDol\u00adl\u00e9ans&nbsp;: \u00ab&nbsp;Eug\u00e8ne Varlin&nbsp;\u00bb<br>\net \u00ab&nbsp;His\u00adtoire du mou\u00adve\u00adment ouvrier&nbsp;\u00bb, tome&nbsp;I,<br>\nParis&nbsp;; Mau\u00adrice Fou\u00adlon&nbsp;: \u00ab&nbsp;Eug\u00e8ne Varlin,<br>\nrelieur et membre de la Com\u00admune&nbsp;\u00bb, Cler\u00admont-Fer\u00adrand,&nbsp;1934.<\/p>\n","protected":false},"excerpt":{"rendered":"<p>Par\u00admi toutes les figures qui illus\u00adtr\u00e8rent le mou\u00adve\u00adment d\u2019\u00e9mancipation pro\u00adl\u00e9\u00adta\u00adrienne, en est-il une plus pure que celle d\u2019Eug\u00e8ne Var\u00adlin&nbsp;? Nos adver\u00adsaires eux-m\u00eames le recon\u00adnaissent. Aus\u00adsi avons-nous pen\u00ads\u00e9,&nbsp;bien que l\u2019an\u00adni\u00adver\u00adsaire de sa mort h\u00e9ro\u00efque ne tombe que&nbsp;dans trois mois, de nous entre\u00adte\u00adnir de lui en cette seconde quin\u00adzaine&nbsp;de mars qui ouvre la s\u00e9rie des anni\u00adver\u00adsaires de&nbsp;[\u2026]<\/p>\n","protected":false},"author":1,"featured_media":0,"comment_status":"closed","ping_status":"closed","sticky":false,"template":"","format":"standard","meta":{"wp_typography_post_enhancements_disabled":false,"footnotes":""},"categories":[82],"tags":[],"ppma_author":[540],"class_list":["post-686","post","type-post","status-publish","format-standard","hentry","category-le-libertaire-na3-15-mars-1945"],"authors":[{"term_id":540,"user_id":1,"is_guest":0,"slug":"admin_3gikpwyf","display_name":"Vincent Dubuc","avatar_url":"https:\/\/secure.gravatar.com\/avatar\/d015720652c25fd2ced191ade86430094e1f288a17483713e3b34d26dea52507?s=96&d=mm&r=g","author_category":"","user_url":"https:\/\/la-presse-anarchiste.net","last_name":"Dubuc","first_name":"Vincent","job_title":"","description":""}],"_links":{"self":[{"href":"https:\/\/la-presse-anarchiste.net\/index.php\/wp-json\/wp\/v2\/posts\/686","targetHints":{"allow":["GET"]}}],"collection":[{"href":"https:\/\/la-presse-anarchiste.net\/index.php\/wp-json\/wp\/v2\/posts"}],"about":[{"href":"https:\/\/la-presse-anarchiste.net\/index.php\/wp-json\/wp\/v2\/types\/post"}],"author":[{"embeddable":true,"href":"https:\/\/la-presse-anarchiste.net\/index.php\/wp-json\/wp\/v2\/users\/1"}],"replies":[{"embeddable":true,"href":"https:\/\/la-presse-anarchiste.net\/index.php\/wp-json\/wp\/v2\/comments?post=686"}],"version-history":[{"count":0,"href":"https:\/\/la-presse-anarchiste.net\/index.php\/wp-json\/wp\/v2\/posts\/686\/revisions"}],"wp:attachment":[{"href":"https:\/\/la-presse-anarchiste.net\/index.php\/wp-json\/wp\/v2\/media?parent=686"}],"wp:term":[{"taxonomy":"category","embeddable":true,"href":"https:\/\/la-presse-anarchiste.net\/index.php\/wp-json\/wp\/v2\/categories?post=686"},{"taxonomy":"post_tag","embeddable":true,"href":"https:\/\/la-presse-anarchiste.net\/index.php\/wp-json\/wp\/v2\/tags?post=686"},{"taxonomy":"author","embeddable":true,"href":"https:\/\/la-presse-anarchiste.net\/index.php\/wp-json\/wp\/v2\/ppma_author?post=686"}],"curies":[{"name":"wp","href":"https:\/\/api.w.org\/{rel}","templated":true}]}}