{"id":688,"date":"2007-08-19T14:52:38","date_gmt":"2007-08-19T14:52:38","guid":{"rendered":"https:\/\/la-presse-anarchiste.net\/index.php\/2007\/08\/19\/lordre-et-lunite\/"},"modified":"2007-08-19T14:52:38","modified_gmt":"2007-08-19T14:52:38","slug":"lordre-et-lunite","status":"publish","type":"post","link":"https:\/\/la-presse-anarchiste.net\/index.php\/2007\/08\/19\/lordre-et-lunite\/","title":{"rendered":"L\u2019ordre et l\u2019unit\u00e9"},"content":{"rendered":"<div class=\"pdfprnt-buttons pdfprnt-buttons-post pdfprnt-top-right\"><a href=\"https:\/\/la-presse-anarchiste.net\/index.php\/wp-json\/wp\/v2\/posts\/688?print=pdf\" class=\"pdfprnt-button pdfprnt-button-pdf\" target=\"_blank\"><img decoding=\"async\" src=\"https:\/\/la-presse-anarchiste.net\/wp-content\/plugins\/pdf-print\/images\/pdf.png\" alt=\"image_pdf\" title=\"Afficher le PDF\"><\/a><a href=\"https:\/\/la-presse-anarchiste.net\/index.php\/wp-json\/wp\/v2\/posts\/688?print=print\" class=\"pdfprnt-button pdfprnt-button-print\" target=\"_blank\"><img decoding=\"async\" src=\"https:\/\/la-presse-anarchiste.net\/wp-content\/plugins\/pdf-print\/images\/print.png\" alt=\"image_print\" title=\"Contenu imprim\u00e9\"><\/a><\/div><p><img decoding=\"async\" src=\"IMG\/png\/problemes.png\" alt=\"problemes.png\" align=\"left\"> En temps de paix et&nbsp;de<br>\npros\u00adp\u00e9\u00adri\u00adt\u00e9 du r\u00e9gime d\u00e9mo\u00adcra\u00adtique, le<br>\ngou\u00adver\u00adne\u00adment tol\u00e8re les luttes de par\u00adtis comme turbulences<br>\nsans dan\u00adger pour l\u2019ordre int\u00e9\u00adrieur du pays. Mais qu\u2019il se&nbsp;m\u00eale<br>\n\u00e0 ces riva\u00adli\u00adt\u00e9s poli\u00adtiques des remous sociaux,<br>\nauto\u00adma\u00adti\u00adque\u00adment nous voyons inter\u00adve\u00adnir les forces de coercition.<br>\nEnfin, en p\u00e9riode de guerre ext\u00e9\u00adrieure, le mot d\u2019ordre<br>\nest \u00e0 la paix sociale, l\u2019u\u00adnion sacr\u00e9e, l\u2019u\u00adni\u00adt\u00e9&nbsp;\u00e0<br>\ntout&nbsp;prix.<\/p>\n<p>Il est nor\u00admal que&nbsp;la<br>\nbour\u00adgeoi\u00adsie, qui d\u00e9fend son exis\u00adtence et ses privil\u00e8ges,<br>\njette son ana\u00adth\u00e8me sur les fau\u00adteurs de troubles et&nbsp;les<br>\nsec\u00adteurs r\u00e9vo\u00adlu\u00adtion\u00adnaires. Il est nor\u00admal que l\u2019\u00c9tat-Major,<br>\nqui d\u00e9fend les int\u00e9\u00adr\u00eats imp\u00e9\u00adria\u00adlistes de<br>\nson propre pays, exige la marche au pas, l\u2019o\u00adb\u00e9is\u00adsance au&nbsp;doigt<br>\net \u00e0 l\u2019\u0153il. Nous esti\u00admons que les puis\u00adsances \u00e9tablies<br>\nsont bien dans leur r\u00f4le de pro\u00adtec\u00adtrices du r\u00e9gime quand<br>\nelles d\u00e9ve\u00adloppent \u00e0 tous les niveaux de la structure<br>\nsociale et des orga\u00adnismes d\u2019\u00c9\u00adtat le dogme de l\u2019U\u00adnion,&nbsp;la<br>\nmys\u00adtique de l\u2019Unit\u00e9.<\/p>\n<p>Par contre, il convient<br>\nque les masses tra\u00advailleuses s\u2019\u00e9\u00adtonnent et ouvrent l\u2019\u0153il&nbsp;si<br>\nles exhor\u00adta\u00adtions \u00e0 l\u2019u\u00adni\u00adt\u00e9 leur viennent d\u2019hommes, de<br>\ngroupes ou d\u2019or\u00adga\u00adnismes dont le r\u00f4le ini\u00adtial fut la d\u00e9fense<br>\nde leurs int\u00e9\u00adr\u00eats, dont le but supr\u00eame fut&nbsp;la<br>\nsup\u00adpres\u00adsion de la condi\u00adtion prol\u00e9tarienne.<\/p>\n<p>Ce d\u00e9sir d\u2019union<br>\nest d\u2019au\u00adtant plus sus\u00adpect qu\u2019il vient sou\u00advent de ceux&nbsp;qui<br>\nmani\u00adfes\u00adtaient autre\u00adfois le plus d\u2019in\u00adtran\u00adsi\u00adgeance. Nous commen\u00e7ons<br>\n\u00e0 nous habi\u00adtuer aux \u00ab&nbsp;mains tendues\u00bb&nbsp;;<br>\njus\u00adqu\u2019a\u00adlors, elles \u00e9taient une recherche d\u2019ap\u00adpui du&nbsp;c\u00f4t\u00e9<br>\ndes catho\u00adliques, de la police, de l\u2019ar\u00adm\u00e9e. Aujourd\u2019hui<br>\nl\u2019ex-grand par\u00adti r\u00e9vo\u00adlu\u00adtion\u00adnaire tend la main aux par\u00adtis&nbsp;de<br>\ngauche, et m\u00eame du centre, dans le but de profiter<br>\nmat\u00e9\u00adriel\u00adle\u00adment d\u2019un afflux num\u00e9\u00adrique, dans l\u2019espoir<br>\nmoral de se faire une hono\u00adra\u00adbi\u00adli\u00adt\u00e9 bour\u00adgeoise. Sur ce dernier<br>\npoint, le Par\u00adti com\u00admu\u00adniste n\u2019a pas mal r\u00e9us\u00adsi&nbsp;; la presse<br>\nactuelle prouve que le cur\u00e9, le bour\u00adgeois, le pay\u00adsan ont&nbsp;tout<br>\n\u00e0 fait retou\u00adch\u00e9 l\u2019i\u00admage qu\u2019ils se fai\u00adsaient du<br>\ncom\u00admu\u00adniste. Ils ont d\u2019ailleurs rai\u00adson&nbsp;: M.&nbsp;Tho\u00adrez n\u2019a pas&nbsp;cach\u00e9<br>\nque le com\u00admu\u00adnisme \u00e9tait main\u00adte\u00adnant un par\u00adti de gouvernement.<br>\nEn tous cas, ce genre de poli\u00adtique sous-entend, tou\u00adjours, des<br>\narri\u00e8re-pen\u00ads\u00e9es et des reniements.<\/p>\n<p>Per\u00adsonne ne&nbsp;nous<br>\ncontre\u00addi\u00adra si nous disons que la C.G.T., elle aus\u00adsi, est deve\u00adnue&nbsp;une<br>\norga\u00adni\u00adsa\u00adtion gou\u00adver\u00adne\u00admen\u00adtale, tel\u00adle\u00adment asser\u00advie \u00e0 l\u2019\u00c9tat<br>\nbour\u00adgeois que les mino\u00adri\u00adt\u00e9s na\u00efves qui conti\u00adnuent&nbsp;\u00e0<br>\npar\u00adler son pre\u00admier lan\u00adgage, celui de la reven\u00addi\u00adca\u00adtion et de&nbsp;la<br>\nR\u00e9vo\u00adlu\u00adtion, font figure d\u2019\u00e9ner\u00adgu\u00adm\u00e8nes&nbsp;et<br>\ns\u2019ex\u00adposent \u00e0 \u00eatre trai\u00adt\u00e9es de \u00ab&nbsp;diviseurs&nbsp;\u00bb.<br>\nTout le monde sait pour\u00adtant qu\u2019il existe des cou\u00adrants syn\u00addi\u00adcaux&nbsp;et<br>\nque, plus pro\u00adfon\u00add\u00e9\u00adment encore, au niveau des usines, de&nbsp;la<br>\nmasse tra\u00advailleuse, de la masse mobi\u00adli\u00adsable, il y a du m\u00e9contentement<br>\nsinon de l\u2019a\u00adgi\u00adta\u00adtion. Mais c\u2019est jus\u00adte\u00adment parce que des&nbsp;voix<br>\ndis\u00adcor\u00addantes s\u2019\u00e9\u00adl\u00e8vent et troublent le ch\u0153ur&nbsp;qu\u2019on<br>\nveut faire chan\u00adter en l\u2019hon\u00adneur du TRAVAIL et de la GUERRE, que&nbsp;les<br>\ndiri\u00adgeants et les groupes de tra\u00adhi\u00adson essaient de poser sur&nbsp;cette<br>\ncaco\u00adpho\u00adnie la sour\u00addine de l\u2019Unit\u00e9.<\/p>\n<p>Nous n\u2019at\u00adtri\u00adbuons&nbsp;pas<br>\ngrande valeurs \u00e0 ce genre d\u2019u\u00adni\u00adt\u00e9 qui est un simple<br>\ntrompe-l\u2019\u0153il, un grand filet de camou\u00adflage. Elle est artificielle,<br>\nsuper\u00adfi\u00adcielle, elle n\u2019a qu\u2019une valeur tac\u00adtique. Elle consiste \u00e0<br>\njeter, face \u00e0 l\u2019ad\u00adver\u00adsaire, des masses h\u00e9t\u00e9roclites,<br>\nrou\u00adl\u00e9es dans une vague de haine et de patrio\u00adtisme. Elle&nbsp;ne<br>\nr\u00e9soud aucune oppo\u00adsi\u00adtion dans son sein et pr\u00e9\u00adpare&nbsp;bien<br>\ndes chutes et des d\u00e9s\u00adillu\u00adsions. Les sectes chr\u00e9tiennes<br>\nqui ont pour\u00adtant, disent-elles, le m\u00eame P\u00e8re, continuent<br>\n\u00e0 se cri\u00adti\u00adquer et \u00e0 se m\u00e9pri\u00adser, malgr\u00e9<br>\nde per\u00ads\u00e9\u00adv\u00e9\u00adrants Congr\u00e8s d\u2019u\u00adni\u00adt\u00e9.&nbsp;D\u00e9j\u00e0,<br>\nnous voyons s\u2019ef\u00adfa\u00adcer, dans la gri\u00adsaille de rivalit\u00e9s<br>\nm\u00e9diocres, l\u2019au\u00adr\u00e9ole de la R\u00e9sis\u00adtance. \u00c0<br>\nl\u2019\u00e9\u00adchelle gou\u00adver\u00adne\u00admen\u00adtale et par\u00adle\u00admen\u00adtaire, on sait ce&nbsp;que<br>\ndonnent les minis\u00adt\u00e8res de coa\u00adli\u00adtion et les \u00ab&nbsp;Fronts<br>\npopu\u00adlaires&nbsp;\u00bb. L\u2019a\u00advan\u00adtage reste tou\u00adjours au plus malhonn\u00eate<br>\nou au plus r\u00e9ac\u00adtion\u00adnaire. Enfin, actuel\u00adle\u00adment, nous voyons<br>\nquelles incon\u00adci\u00adliables riva\u00adli\u00adt\u00e9s couvent dans le bloc&nbsp;des<br>\nNations Unies.<\/p>\n<p>On peut dis\u00adcu\u00adter&nbsp;du<br>\nbien-fon\u00add\u00e9 \u00e0 accep\u00adter, par oppor\u00adtu\u00adnisme, certaines<br>\nalliances pour abattre un v\u00e9ri\u00adtable enne\u00admi. Or, l\u2019Allemagne<br>\nprise en bloc nous semble un mythe trom\u00adpeur inven\u00adt\u00e9,&nbsp;d\u2019une<br>\npart, par Hit\u00adler pour effrayer ses adver\u00adsaires et fana\u00adti\u00adser&nbsp;son<br>\narm\u00e9e, d\u2019autre part, par les Alli\u00e9s pour justifier<br>\nl\u2019a\u00adtroce trai\u00adt\u00e9 de ven\u00adgeance qu\u2019ils pr\u00e9\u00adparent. Plus&nbsp;que<br>\njamais, sans doute, l\u2019Al\u00adle\u00admagne est d\u00e9chi\u00adr\u00e9e, divis\u00e9e,<br>\nne serait-ce qu\u2019entre une mino\u00adri\u00adt\u00e9 orga\u00adni\u00ads\u00e9e&nbsp;de<br>\nbour\u00adreaux et une masse confuse de vic\u00adtimes. C\u2019est aus\u00adsi parce&nbsp;que<br>\nnous reje\u00adtons la th\u00e8se de la res\u00adpon\u00adsa\u00adbi\u00adli\u00adt\u00e9 du peuple<br>\nalle\u00admand dans son ensemble que nous res\u00adtons sur nos posi\u00adtions&nbsp;de<br>\nclasse. Mais ici, qu\u2019on nous per\u00admette de bien pr\u00e9ciser.<\/p>\n<p>Nous ne sommes nullement<br>\nadver\u00adsaires de l\u2019ordre, ni de l\u2019u\u00adni\u00adt\u00e9. Mal\u00adheu\u00adreu\u00adse\u00adment,&nbsp;la<br>\nsoci\u00e9\u00adt\u00e9 actuelle n\u2019offre qu\u2019une cari\u00adca\u00adture de l\u2019ordre.<br>\nL\u2019\u00e9\u00adco\u00adno\u00admie capi\u00adta\u00adliste entra\u00eene les conflits d\u2019int\u00e9r\u00eats<br>\ncom\u00adpli\u00adqu\u00e9s de luttes morales et id\u00e9o\u00adlo\u00adgiques. C\u2019est&nbsp;la<br>\njungle humaine o\u00f9 s\u2019af\u00adfrontent les sexes, les classes, les<br>\npays, les conti\u00adnents. Il existe bien une uni\u00adt\u00e9 pro\u00adfonde, mal<br>\nconnue, occulte&nbsp;: la haute finance inter\u00adna\u00adtio\u00adnale, qui tient&nbsp;les<br>\nficelles du Gui\u00adgnol. Elle fait et d\u00e9fait les \u00c9tats, les<br>\nunit ou les divise en blocs imp\u00e9\u00adria\u00adlistes, au gr\u00e9&nbsp;de<br>\nses int\u00e9\u00adr\u00eats. Elle joue son jeu de mas\u00adsacre&nbsp;tr\u00e8s<br>\nau-des\u00adsus des four\u00admi\u00adli\u00e8res humaines, des peuples divis\u00e9s<br>\nen nations. Son machia\u00adv\u00e9\u00adlisme consiste \u00e0 entre\u00adte\u00adnir&nbsp;les<br>\ndivi\u00adsions entre ses vic\u00adtimes, afin d\u2019en faire ses masses de man\u0153uvre<br>\nau moment voulu.<\/p>\n<p>Face \u00e0 cet ennemi<br>\nano\u00adnyme, la classe ouvri\u00e8re inter\u00adna\u00adtio\u00adnale doit reprendre<br>\nconscience de son uni\u00adt\u00e9, retrou\u00adver une volon\u00adt\u00e9 d\u2019action<br>\ncom\u00admune. Il ne s\u2019a\u00adgit plus ici de sen\u00adti\u00adments, mais de faits. La<br>\nsimi\u00adli\u00adtude de condi\u00adtion des exploi\u00adt\u00e9s du monde entier doit<br>\n\u00eatre la base de la soli\u00adda\u00adri\u00adt\u00e9 inter\u00adna\u00adtio\u00adnale, face&nbsp;\u00e0<br>\nla r\u00e9a\u00adli\u00adt\u00e9 des agis\u00adse\u00adments capi\u00adta\u00adlistes. Voil\u00e0<br>\nde quelle uni\u00adt\u00e9 nous sommes par\u00adti\u00adsans. Non plus une&nbsp;unit\u00e9<br>\nde struc\u00adture ver\u00adti\u00adcale allant du haut en bas de l\u2019\u00e9chelle<br>\nsociale, mais une uni\u00adt\u00e9 de struc\u00adture hori\u00adzon\u00adtale, rappelant<br>\naux oppri\u00adm\u00e9s des pays fas\u00adcistes, d\u00e9mo\u00adcra\u00adtiques ou<br>\ncolo\u00adniaux l\u2019an\u00adcien mot d\u2019ordre du Par\u00adti com\u00admu\u00adniste, le mot d\u2019ordre<br>\nr\u00e9vo\u00adlu\u00adtion\u00adnaire par excel\u00adlence&nbsp;: \u00ab&nbsp;Prol\u00e9taires<br>\nde tous les pays, unissez-vous&nbsp;!&nbsp;\u00bb<\/p>\n<p>Qu\u2019on ne nous dise&nbsp;pas<br>\nque nous semons la dis\u00adcorde, car nous sommes per\u00adsua\u00add\u00e9s&nbsp;que<br>\nnotre atti\u00adtude et notre posi\u00adtion sont les seules bases psychologiques<br>\net poli\u00adtiques de la paix mondiale.<\/p>\n","protected":false},"excerpt":{"rendered":"<p>En temps de paix et&nbsp;de pros\u00adp\u00e9\u00adri\u00adt\u00e9 du r\u00e9gime d\u00e9mo\u00adcra\u00adtique, le gou\u00adver\u00adne\u00adment tol\u00e8re les luttes de par\u00adtis comme tur\u00adbu\u00adlences sans dan\u00adger pour l\u2019ordre int\u00e9\u00adrieur du pays. Mais qu\u2019il se&nbsp;m\u00eale \u00e0 ces riva\u00adli\u00adt\u00e9s poli\u00adtiques des remous sociaux, auto\u00adma\u00adti\u00adque\u00adment nous voyons inter\u00adve\u00adnir les forces de coer\u00adci\u00adtion. Enfin, en p\u00e9riode de guerre ext\u00e9\u00adrieure, le mot d\u2019ordre est \u00e0&nbsp;la&nbsp;[\u2026]<\/p>\n","protected":false},"author":1,"featured_media":0,"comment_status":"closed","ping_status":"closed","sticky":false,"template":"","format":"standard","meta":{"wp_typography_post_enhancements_disabled":false,"footnotes":""},"categories":[82],"tags":[],"ppma_author":[540],"class_list":["post-688","post","type-post","status-publish","format-standard","hentry","category-le-libertaire-na3-15-mars-1945"],"authors":[{"term_id":540,"user_id":1,"is_guest":0,"slug":"admin_3gikpwyf","display_name":"Vincent Dubuc","avatar_url":"https:\/\/secure.gravatar.com\/avatar\/d015720652c25fd2ced191ade86430094e1f288a17483713e3b34d26dea52507?s=96&d=mm&r=g","author_category":"","user_url":"https:\/\/la-presse-anarchiste.net","last_name":"Dubuc","first_name":"Vincent","job_title":"","description":""}],"_links":{"self":[{"href":"https:\/\/la-presse-anarchiste.net\/index.php\/wp-json\/wp\/v2\/posts\/688","targetHints":{"allow":["GET"]}}],"collection":[{"href":"https:\/\/la-presse-anarchiste.net\/index.php\/wp-json\/wp\/v2\/posts"}],"about":[{"href":"https:\/\/la-presse-anarchiste.net\/index.php\/wp-json\/wp\/v2\/types\/post"}],"author":[{"embeddable":true,"href":"https:\/\/la-presse-anarchiste.net\/index.php\/wp-json\/wp\/v2\/users\/1"}],"replies":[{"embeddable":true,"href":"https:\/\/la-presse-anarchiste.net\/index.php\/wp-json\/wp\/v2\/comments?post=688"}],"version-history":[{"count":0,"href":"https:\/\/la-presse-anarchiste.net\/index.php\/wp-json\/wp\/v2\/posts\/688\/revisions"}],"wp:attachment":[{"href":"https:\/\/la-presse-anarchiste.net\/index.php\/wp-json\/wp\/v2\/media?parent=688"}],"wp:term":[{"taxonomy":"category","embeddable":true,"href":"https:\/\/la-presse-anarchiste.net\/index.php\/wp-json\/wp\/v2\/categories?post=688"},{"taxonomy":"post_tag","embeddable":true,"href":"https:\/\/la-presse-anarchiste.net\/index.php\/wp-json\/wp\/v2\/tags?post=688"},{"taxonomy":"author","embeddable":true,"href":"https:\/\/la-presse-anarchiste.net\/index.php\/wp-json\/wp\/v2\/ppma_author?post=688"}],"curies":[{"name":"wp","href":"https:\/\/api.w.org\/{rel}","templated":true}]}}