{"id":690,"date":"2007-08-19T15:01:58","date_gmt":"2007-08-19T15:01:58","guid":{"rendered":"https:\/\/la-presse-anarchiste.net\/index.php\/2007\/08\/19\/pensee-formes-et-sons\/"},"modified":"2007-08-19T15:01:58","modified_gmt":"2007-08-19T15:01:58","slug":"pensee-formes-et-sons","status":"publish","type":"post","link":"https:\/\/la-presse-anarchiste.net\/index.php\/2007\/08\/19\/pensee-formes-et-sons\/","title":{"rendered":"Pens\u00e9e, formes et&nbsp;sons"},"content":{"rendered":"<div class=\"pdfprnt-buttons pdfprnt-buttons-post pdfprnt-top-right\"><a href=\"https:\/\/la-presse-anarchiste.net\/index.php\/wp-json\/wp\/v2\/posts\/690?print=pdf\" class=\"pdfprnt-button pdfprnt-button-pdf\" target=\"_blank\"><img decoding=\"async\" src=\"https:\/\/la-presse-anarchiste.net\/wp-content\/plugins\/pdf-print\/images\/pdf.png\" alt=\"image_pdf\" title=\"Afficher le PDF\"><\/a><a href=\"https:\/\/la-presse-anarchiste.net\/index.php\/wp-json\/wp\/v2\/posts\/690?print=print\" class=\"pdfprnt-button pdfprnt-button-print\" target=\"_blank\"><img decoding=\"async\" src=\"https:\/\/la-presse-anarchiste.net\/wp-content\/plugins\/pdf-print\/images\/print.png\" alt=\"image_print\" title=\"Contenu imprim\u00e9\"><\/a><\/div><p style=\"margin-bottom: 0cm;\" align=\"justify\">\n<\/p><h2>Pens\u00e9e\u2026<\/h2>\n<p style=\"margin-bottom: 0cm;\" align=\"justify\"><b>la mort de Varlin.<\/b><\/p>\n<p style=\"margin-bottom: 0cm;\" align=\"justify\">\tLes \u00ab&nbsp;nouveaut\u00e9s&nbsp;\u00bb<br>\nnous lais\u00adsant encore quelque r\u00e9pit de par leur inexistence<br>\nm\u00eame, nous pr\u00e9\u00adf\u00e9\u00adrons \u00e0 des analyses<br>\ninutiles repro\u00adduire un extrait de Lis\u00adsa\u00adga\u00adray, \u00ab&nbsp;Histoire<br>\nde la Com\u00admune de 1871&nbsp;\u00bb, p. 179, sur Var\u00adlin dont&nbsp;nous<br>\npar\u00adlons par ailleurs.<\/p>\n<p style=\"margin-bottom: 0cm;\" align=\"justify\">\tLe Mont des Mar\u00adtyrs&nbsp;n\u2019en<br>\na pas de plus glo\u00adrieux. Qu\u2019il soit, lui aus\u00adsi, ense\u00adve\u00adli dans le&nbsp;grand<br>\nc\u0153ur de la classe ouvri\u00e8re&nbsp;! Toute la vie de Var\u00adlin&nbsp;est<br>\nun exemple. Il s\u2019\u00e9\u00adtait fait tout seul, par l\u2019a\u00adchar\u00adne\u00adment de&nbsp;la<br>\nvolon\u00adt\u00e9, don\u00adnant, le soir, \u00e0 l\u2019\u00e9\u00adtude les maigres<br>\nheures que laisse l\u2019a\u00adte\u00adlier, appre\u00adnant, non pour se pous\u00adser&nbsp;aux<br>\nhon\u00adneurs comme les Cor\u00adbon, les Tolain, mais pour ins\u00adtruire et<br>\naffran\u00adchir le peuple. Il fut le nerf des asso\u00adcia\u00adtions ouvri\u00e8res<br>\nde la fin de l\u2019Em\u00adpire. Infa\u00adti\u00adgable, modeste, par\u00adlant tr\u00e8s&nbsp;peu,<br>\ntou\u00adjours au moment juste, et, alors, \u00e9clai\u00adrant d\u2019un mot&nbsp;la<br>\ndis\u00adcus\u00adsion confuse, il avait conser\u00adv\u00e9 le sens r\u00e9volutionnaire<br>\nqui s\u2019\u00e9\u00admousse sou\u00advent chez les ouvriers ins\u00adtruits. Un&nbsp;des<br>\npre\u00admiers au 18 mars, au labeur pen\u00addant toute la Com\u00admune, il fut&nbsp;aux<br>\nbar\u00adri\u00adcades jus\u00adqu\u2019au bout. Ce mort-l\u00e0 est tout aux ouvriers.&nbsp;\u00bb<\/p>\n<p style=\"margin-bottom: 0cm;\" align=\"justify\">\n<\/p><h2>\u2026Sons<\/h2>\n<p style=\"margin-bottom: 0cm;\" align=\"justify\"><b>La Musique \u00e0&nbsp;la<br>\nRadio.<\/b><\/p>\n<p style=\"margin-bottom: 0cm;\" align=\"justify\">\tLa radio est le meilleur<br>\nmoyen dont on puisse dis\u00adpo\u00adser pour faire go\u00fb\u00adter aux auditeurs<br>\nles plus iso\u00adl\u00e9s ce que leur \u00e9loi\u00adgne\u00adment de la&nbsp;cit\u00e9<br>\nles met dans l\u2019im\u00adpos\u00adsi\u00adbi\u00adli\u00adt\u00e9 de voir de pr\u00e8s. Cependant<br>\nque tel rural, bien qu\u2019\u00e9\u00adloi\u00adgn\u00e9 de la ville, peut&nbsp;avoir<br>\ndes go\u00fbts aus\u00adsi \u00e9le\u00adv\u00e9s que le cita\u00addin qui a&nbsp;le<br>\npri\u00advi\u00adl\u00e8ge de pou\u00advoir assis\u00adter \u00e0 des manifestations<br>\nmusicales.<\/p>\n<p style=\"margin-bottom: 0cm;\" align=\"justify\">\tExcellent moyen, donc,<br>\nde faire conna\u00eetre \u00e0 un vaste public les plus belles<br>\n\u0153uvres et de satis\u00adfaire, voire m\u00eame d\u2019\u00e9\u00addu\u00adquer, celui-ci<br>\nde fa\u00e7on peu on\u00e9reuse.<\/p>\n<p style=\"margin-bottom: 0cm;\" align=\"justify\">\tC\u2019est en tenant compte<br>\nde ces consi\u00add\u00e9\u00adra\u00adtions que nous d\u00e9plo\u00adrons la pauvret\u00e9<br>\ndes pro\u00adgrammes musi\u00adcaux actuels de la radio\u00addif\u00adfu\u00adsion fran\u00e7aise.<br>\nDe temps en temps, un concert sym\u00adpho\u00adnique retrans\u00admis, vient&nbsp;en<br>\nrele\u00adver la qua\u00adli\u00adt\u00e9. L\u2019Or\u00adchestre de la Radio\u00addif\u00adfu\u00adsion&nbsp;donne,<br>\nlui aus\u00adsi, des concerts remar\u00adquables, mais en trop petit nombre.<\/p>\n<p style=\"margin-bottom: 0cm;\" align=\"justify\">\tLa musique de chambre a<br>\ndroit \u00e0 une place appr\u00e9\u00adciable&nbsp;; et ce n\u2019est&nbsp;pas<br>\nd\u2019elle que nous devons nous plaindre le&nbsp;plus.&nbsp;<\/p>\n<p style=\"margin-bottom: 0cm;\" align=\"justify\">\tLa musique de&nbsp;sc\u00e8ne<br>\nest loin d\u2019\u00eatre aus\u00adsi bien par\u00adta\u00adg\u00e9e. Certes, nous&nbsp;ne<br>\nn\u00e9gli\u00adgeons pas cer\u00adtaines \u00e9mis\u00adsions de bon&nbsp;go\u00fbt<br>\nallant de Saint-Sa\u00ebns (\u00ab&nbsp;Sam\u00adson et Dalila&nbsp;\u00bb)<br>\n\u00e0 Offen\u00adbach, dont la musique l\u00e9g\u00e8re et<br>\nvolon\u00adtiers bouf\u00adfonne est pleine de saveur. Mais, dans l\u2019en\u00adsemble, on<br>\npour\u00adrait faire beau\u00adcoup&nbsp;mieux.<\/p>\n<p style=\"margin-bottom: 0cm;\" align=\"justify\">\tO\u00f9 la radio&nbsp;est<br>\nau-des\u00adsous de tout, c\u2019est en mati\u00e8re de musique de charme. \u00c0<br>\ncroire que ceux qui sont char\u00adg\u00e9s d\u2019\u00e9\u00adta\u00adblir&nbsp;les<br>\npro\u00adgrammes ont pour mis\u00adsion de d\u00e9ve\u00adlop\u00adper dans le public les<br>\ngo\u00fbts les plus dou\u00adteux. Dans le but \u00e9vident de lancer<br>\ndes vedettes, on impose aux audi\u00adteurs les voix les plus d\u00e9plaisantes<br>\nqui se puissent entendre. Andr\u00e9 Cla\u00adveau, que nous&nbsp;ne<br>\nregret\u00adtons pas, a beau\u00adcoup d\u2019\u00e9\u00admules&nbsp;; et cela&nbsp;est<br>\ntriste\u2026<\/p>\n<p style=\"margin-bottom: 0cm;\" align=\"justify\">\tLa m\u00e9lo\u00addie&nbsp;est<br>\ntr\u00e8s \u00e0 la mode actuel\u00adle\u00adment \u00e0 la radio, un&nbsp;peu<br>\ntrop pour nous\u200a\u2014\u200adu moins dans la qua\u00adli\u00adt\u00e9 que l\u2019on&nbsp;nous<br>\nsert.&nbsp;<\/p>\n<p style=\"margin-bottom: 0cm;\" align=\"justify\">\tLes ama\u00adteurs de&nbsp;jazz<br>\nsont ser\u00advis&nbsp;; beau\u00adcoup, pour eux, d\u2019interpr\u00e8tes<br>\nam\u00e9\u00adri\u00adcains ou anglais et sur\u00adtout beau\u00adcoup de disques\u2026<\/p>\n<p style=\"margin-bottom: 0cm;\" align=\"justify\">\tMais, n\u2019i\u00adgno\u00adrant&nbsp;point<br>\nce qui dif\u00adf\u00e9\u00adren\u00adcie le jazz dit pur du jazz com\u00admer\u00adcial,&nbsp;et<br>\nsachant que l\u2019un et l\u2019autre ont des par\u00adti\u00adsans farouches, nous&nbsp;ne<br>\npren\u00addrons pas&nbsp;parti.<\/p>\n<p style=\"margin-bottom: 0cm;\" align=\"justify\">\n<\/p><h2>\u2026Formes<\/h2>\n<p style=\"margin-bottom: 0cm;\" align=\"justify\"><b>Le Cham\u00adpagne coule&nbsp;\u00e0<br>\nflot sur les R\u00e9trospectives.<\/b><\/p>\n<p style=\"margin-bottom: 0cm;\" align=\"justify\">\tIl s\u2019a\u00adgit de&nbsp;faire<br>\nmon\u00adter les prix de cette \u00ab&nbsp;pein\u00adture d\u00e9g\u00e9n\u00e9r\u00e9&nbsp;\u00bb<br>\nque repous\u00adsaient les Alle\u00admands. \u00c0 la Gale\u00adrie de France, le tableau<br>\npay\u00e9 \u00e0 Sou\u00adtine 5.000 fr. avant guerre, ce qui, de&nbsp;son<br>\nvivant, suf\u00adfi\u00adsait \u00e0 ce qu\u2019il ne meure pas de faim, est&nbsp;\u00e0<br>\n300.000. Cha\u00adcun sait, \u00e0 part de rares excep\u00adtions, que&nbsp;la<br>\ncourbe ascen\u00addante des prix de la pein\u00adture va de pair avec&nbsp;la<br>\nputr\u00e9\u00adfac\u00adtion de l\u2019ar\u00adtiste mort, le tout chan\u00adt\u00e9 par&nbsp;une<br>\nlit\u00adt\u00e9\u00adra\u00adture mythique o\u00f9 le mot g\u00e9nie foi\u00adsonne&nbsp;\u00e0<br>\ntoutes les&nbsp;pages.<\/p>\n<p style=\"margin-bottom: 0cm;\" align=\"justify\">\tQuand donc les peintres<br>\ncom\u00adpren\u00addront-ils qu\u2019ils peuvent avan\u00adta\u00adgeu\u00adse\u00adment se d\u00e9barrasser<br>\nde cette ver\u00admine pro\u00advi\u00adsoire&nbsp;: le marchand&nbsp;?<\/p>\n","protected":false},"excerpt":{"rendered":"<p>Pen\u00ads\u00e9e\u2026 la mort de Var\u00adlin. Les \u00ab&nbsp;nou\u00adveau\u00adt\u00e9s&nbsp;\u00bb nous lais\u00adsant encore quelque r\u00e9pit de par leur inexis\u00adtence m\u00eame, nous pr\u00e9\u00adf\u00e9\u00adrons \u00e0 des ana\u00adlyses inutiles repro\u00adduire un extrait de Lis\u00adsa\u00adga\u00adray, \u00ab&nbsp;His\u00adtoire de la Com\u00admune de 1871&nbsp;\u00bb, p. 179, sur Var\u00adlin dont&nbsp;nous par\u00adlons par ailleurs. Le Mont des Mar\u00adtyrs&nbsp;n\u2019en a pas de plus glo\u00adrieux. Qu\u2019il soit, lui&nbsp;aussi,&nbsp;[\u2026]<\/p>\n","protected":false},"author":1,"featured_media":0,"comment_status":"closed","ping_status":"closed","sticky":false,"template":"","format":"standard","meta":{"wp_typography_post_enhancements_disabled":false,"footnotes":""},"categories":[82],"tags":[],"ppma_author":[540],"class_list":["post-690","post","type-post","status-publish","format-standard","hentry","category-le-libertaire-na3-15-mars-1945"],"authors":[{"term_id":540,"user_id":1,"is_guest":0,"slug":"admin_3gikpwyf","display_name":"Vincent Dubuc","avatar_url":"https:\/\/secure.gravatar.com\/avatar\/d015720652c25fd2ced191ade86430094e1f288a17483713e3b34d26dea52507?s=96&d=mm&r=g","author_category":"","user_url":"https:\/\/la-presse-anarchiste.net","last_name":"Dubuc","first_name":"Vincent","job_title":"","description":""}],"_links":{"self":[{"href":"https:\/\/la-presse-anarchiste.net\/index.php\/wp-json\/wp\/v2\/posts\/690","targetHints":{"allow":["GET"]}}],"collection":[{"href":"https:\/\/la-presse-anarchiste.net\/index.php\/wp-json\/wp\/v2\/posts"}],"about":[{"href":"https:\/\/la-presse-anarchiste.net\/index.php\/wp-json\/wp\/v2\/types\/post"}],"author":[{"embeddable":true,"href":"https:\/\/la-presse-anarchiste.net\/index.php\/wp-json\/wp\/v2\/users\/1"}],"replies":[{"embeddable":true,"href":"https:\/\/la-presse-anarchiste.net\/index.php\/wp-json\/wp\/v2\/comments?post=690"}],"version-history":[{"count":0,"href":"https:\/\/la-presse-anarchiste.net\/index.php\/wp-json\/wp\/v2\/posts\/690\/revisions"}],"wp:attachment":[{"href":"https:\/\/la-presse-anarchiste.net\/index.php\/wp-json\/wp\/v2\/media?parent=690"}],"wp:term":[{"taxonomy":"category","embeddable":true,"href":"https:\/\/la-presse-anarchiste.net\/index.php\/wp-json\/wp\/v2\/categories?post=690"},{"taxonomy":"post_tag","embeddable":true,"href":"https:\/\/la-presse-anarchiste.net\/index.php\/wp-json\/wp\/v2\/tags?post=690"},{"taxonomy":"author","embeddable":true,"href":"https:\/\/la-presse-anarchiste.net\/index.php\/wp-json\/wp\/v2\/ppma_author?post=690"}],"curies":[{"name":"wp","href":"https:\/\/api.w.org\/{rel}","templated":true}]}}