{"id":694,"date":"1909-11-05T19:17:34","date_gmt":"1909-11-05T19:17:34","guid":{"rendered":"https:\/\/la-presse-anarchiste.net\/index.php\/2007\/08\/19\/a-travers-les-revues\/"},"modified":"2025-07-14T16:27:52","modified_gmt":"2025-07-14T16:27:52","slug":"a-travers-les-revues","status":"publish","type":"post","link":"https:\/\/la-presse-anarchiste.net\/index.php\/1909\/11\/05\/a-travers-les-revues\/","title":{"rendered":"\u00c0 travers les revues&nbsp;: Le r\u00e9gime des&nbsp;mines"},"content":{"rendered":"<div class=\"pdfprnt-buttons pdfprnt-buttons-post pdfprnt-top-right\"><a href=\"https:\/\/la-presse-anarchiste.net\/index.php\/wp-json\/wp\/v2\/posts\/694?print=pdf\" class=\"pdfprnt-button pdfprnt-button-pdf\" target=\"_blank\"><img decoding=\"async\" src=\"https:\/\/la-presse-anarchiste.net\/wp-content\/plugins\/pdf-print\/images\/pdf.png\" alt=\"image_pdf\" title=\"Afficher le PDF\"><\/a><a href=\"https:\/\/la-presse-anarchiste.net\/index.php\/wp-json\/wp\/v2\/posts\/694?print=print\" class=\"pdfprnt-button pdfprnt-button-print\" target=\"_blank\"><img decoding=\"async\" src=\"https:\/\/la-presse-anarchiste.net\/wp-content\/plugins\/pdf-print\/images\/print.png\" alt=\"image_print\" title=\"Contenu imprim\u00e9\"><\/a><\/div><p style=\"margin-bottom: 0cm; text-align: justify;\" align=\"justify\">Il est bon de signa\u00adler une \u00e9tude de J.-B. S\u00e9ve\u00adrac dans la <i>Grande Revue <\/i>(10 octobre)&nbsp;:<\/p>\n<p style=\"margin-bottom: 0cm; text-align: justify;\" align=\"justify\">Dans une pre\u00admi\u00e8re par\u00adtie, S\u00e9ve\u00adrac exa\u00admine bri\u00e8\u00adve\u00adment le r\u00e9gime minier au point de vue l\u00e9gis\u00adla\u00adtif et four\u00adnit une foule de d\u00e9tails int\u00e9\u00adres\u00adsants. Il signale les cri\u00adtiques d\u2019ordre g\u00e9n\u00e9\u00adral qui touchent au prin\u00adcipe m\u00eame du r\u00e9gime, au prin\u00adcipe des conces\u00adsions per\u00adp\u00e9\u00adtuelles. Elles sont, dit-il, au nombre de&nbsp;trois&nbsp;:<\/p>\n<p style=\"margin-bottom: 0cm; text-align: justify;\" align=\"justify\">1\u00b0 Le r\u00e9gime actuel favo\u00adrise le gas\u00adpillage des richesses du sous-sol&nbsp;; 2\u00b0 il abou\u00adtit \u00e0 la for\u00adma\u00adtion de Com\u00adpa\u00adgnies toutes puis\u00adsantes&nbsp;; 3\u00b0 il a pour effet n\u00e9ces\u00adsaire la consti\u00adtu\u00adtion d\u2019un pro\u00adl\u00e9\u00adta\u00adriat minier auquel est enti\u00e8\u00adre\u00adment fer\u00adm\u00e9 tout acc\u00e8s aux richesses qu\u2019il produit.<\/p>\n<p style=\"margin-bottom: 0cm; text-align: justify;\" align=\"justify\">Pour le gas\u00adpillage il donne les chiffres sui\u00advants&nbsp;: 1.486 conces\u00adsions accor\u00add\u00e9es contre 599 seule\u00adment en exploi\u00adta\u00adtion. 1.202.846 hec\u00adtares conc\u00e9\u00add\u00e9s contre 640.422 exploi\u00adt\u00e9s. Ain\u00adsi la moi\u00adti\u00e9 seule\u00adment de la super\u00adfi\u00adcie conc\u00e9\u00add\u00e9e est en exploitation.<\/p>\n<p style=\"margin-bottom: 0cm; text-align: justify;\" align=\"justify\">Sur le second point, J.-B. S\u00e9ve\u00adrac nous montre le d\u00e9ve\u00adlop\u00adpe\u00adment de ces puis\u00adsants groupes finan\u00adciers que sont les Com\u00adpa\u00adgnies mini\u00e8res. \u00ab&nbsp;Tout le monde a lu l\u2019his\u00adtoire du denier d\u2019An\u00adzin qui valait, \u00e0 l\u2019o\u00adri\u00adgine, envi\u00adron 1.000 francs. et, en 1908, 760.000 francs.<\/p>\n<p style=\"margin-bottom: 0cm; text-align: justify;\" align=\"justify\">\u00ab&nbsp;Les mines d\u2019A\u00adniche n\u2019ont gu\u00e8re \u00e9t\u00e9 moins pros\u00adp\u00e8res. En 1778, le denier repr\u00e9\u00adsente un ver\u00adse\u00adment de 1.000 francs. En 1906 il est cot\u00e9 480.000 francs.<\/p>\n<p style=\"margin-bottom: 0cm; text-align: justify;\" align=\"justify\">\u00ab&nbsp;La Com\u00adpa\u00adgnie de Cour\u00adri\u00e8res date de 1852. Son capi\u00adtal social est repr\u00e9\u00adsen\u00adt\u00e9 par 2.000 actions de 300 francs. En 1908, le cours moyen des valeurs repr\u00e9\u00adsen\u00adtant l\u2019ac\u00adtion pri\u00admi\u00adtive de 300 francs \u00e9tait de 88.500 francs, soit 295 fois le capi\u00adtal&nbsp;vers\u00e9.&nbsp;\u00bb<\/p>\n<p style=\"margin-bottom: 0cm; text-align: justify;\" align=\"justify\">Pas\u00adsant ensuite \u00e0 l\u2019<i>ouvrier mineur<\/i>, J.-B. S\u00e9ve\u00adrac rel\u00e8ve la modi\u00adci\u00adt\u00e9 des salaires et leur mau\u00advaise r\u00e9par\u00adti\u00adtion, il montre l\u2019ou\u00advrier log\u00e9 dans une mai\u00adson de la Com\u00adpa\u00adgnie&nbsp;; l\u2019\u00e9\u00adcole, le m\u00e9de\u00adcin, le phar\u00adma\u00adcien \u00e9tant \u00e0 la Com\u00adpa\u00adgnie. Aux 11,5 de tu\u00e9s par 10.000 ouvriers, aux 32,090 acci\u00addents annuels il faut ajou\u00adter la mala\u00addie&nbsp;: l\u2019a\u00adn\u00e9\u00admie fait de nom\u00adbreuses vic\u00adtimes&nbsp;; les scia\u00adtiques et les rhu\u00adma\u00adtismes arti\u00adcu\u00adlaires atteignent les ouvriers du fond dans la pro\u00adpor\u00adtion de 80&nbsp;%. Cer\u00adtaines affec\u00adtions sont par\u00adti\u00adcu\u00adli\u00e8res aux mineurs&nbsp;: l\u2019hy\u00addar\u00adthrose du genou, l\u2019an\u00adky\u00adlo\u00adsto\u00admiase qui, dans la Loire, atteint la moi\u00adti\u00e9 des ouvriers des&nbsp;mines.<\/p>\n<p style=\"margin-bottom: 0cm; text-align: justify;\" align=\"justify\">Dans la seconde par\u00adtie, le <i>r\u00e9gime de demain<\/i>, J.-B. S\u00e9ve\u00adrac nous met en pr\u00e9\u00adsence d\u2019un pro\u00adjet gou\u00adver\u00adne\u00admen\u00adtal qui porte des modi\u00adfi\u00adca\u00adtions \u00e0 la loi de 1810, modi\u00adfi\u00adca\u00adtions qui, \u00e0 mon avis, ne modi\u00adfie\u00adront rien, sauf qu\u2019elles appor\u00adte\u00adront au tr\u00e9\u00adsor un mil\u00adlion de plus. J.-B. S\u00e9ve\u00adrac l\u2019a\u00advoue du&nbsp;reste&nbsp;:<\/p>\n<p style=\"margin-bottom: 0cm; text-align: justify;\" align=\"justify\">\u00ab&nbsp;Le pro\u00adjet du gou\u00adver\u00adne\u00adment ne fait, en somme, que rajeu\u00adnir un peu les dis\u00adpo\u00adsi\u00adtions de la loi de 1810. Leur \u00e9co\u00adno\u00admie g\u00e9n\u00e9\u00adrale n\u2019est pas atteinte. L\u2019a\u00addop\u00adtion du pro\u00adjet ne cr\u00e9e\u00adrait pas un r\u00e9gime vrai\u00adment nouveau.&nbsp;\u00bb<\/p>\n<p style=\"margin-bottom: 0cm; text-align: justify;\" align=\"justify\">Ce que le gou\u00adver\u00adne\u00adment pr\u00e9\u00advoit comme une simple et loin\u00adtaine pos\u00adsi\u00adbi\u00adli\u00adt\u00e9, la Com\u00admis\u00adsion des mines l\u2019exige pour demain avec son pro\u00adjet de natio\u00adna\u00adli\u00adsa\u00adtion imm\u00e9\u00addiate des mines. Il y a \u00e0 ce sujet un pro\u00adjet de M.&nbsp;Z\u00e9va\u00e8s&nbsp;:<\/p>\n<p style=\"margin-bottom: 0cm; text-align: justify;\" align=\"justify\">\u00ab&nbsp;Le domaine minier serait divi\u00ads\u00e9 en un cer\u00adtain nombre de cir\u00adcons\u00adcrip\u00adtions ter\u00adri\u00adto\u00adriales. Cha\u00adcune de ces cir\u00adcons\u00adcrip\u00adtions serait admi\u00adnis\u00adtr\u00e9e par un conseil r\u00e9gio\u00adnal. Le domaine entier par un conseil natio\u00adnal. Celui-ci, pla\u00adc\u00e9 sous l\u2019au\u00adto\u00adri\u00adt\u00e9 du ministre des tra\u00advaux publics, aurait la direc\u00adtion g\u00e9n\u00e9\u00adrale le l\u2019ex\u00adploi\u00adta\u00adtion, veille\u00adrait \u00e0 l\u2019en\u00adtre\u00adtien et au d\u00e9ve\u00adlop\u00adpe\u00adment des richesses mini\u00e8res, ach\u00e8\u00adte\u00adrait les mat\u00e9\u00adriaux n\u00e9ces\u00adsaires \u00e0 l\u2019ex\u00adploi\u00adta\u00adtion, effec\u00adtue\u00adrait les op\u00e9\u00adra\u00adtions admi\u00adnis\u00adtra\u00adtives et com\u00admer\u00adciales, ferait enfin recher\u00adcher les nou\u00adveaux g\u00eetes. Les conseils r\u00e9gio\u00adnaux, pla\u00adc\u00e9s sous le contr\u00f4le du Conseil natio\u00adnal, auraient la direc\u00adtion, l\u2019ad\u00admi\u00adnis\u00adtra\u00adtion et l\u2019ex\u00adploi\u00adta\u00adtion des mines de leurs cir\u00adcons\u00adcrip\u00adtions, recru\u00adte\u00adraient le per\u00adson\u00adnel et seraient char\u00adg\u00e9s des rap\u00adports tech\u00adniques et admi\u00adnis\u00adtra\u00adtifs entre les cir\u00adcons\u00adcrip\u00adtions et le conseil national.<\/p>\n<p style=\"margin-bottom: 0cm; text-align: justify;\" align=\"justify\">\u00ab&nbsp;Le conseil natio\u00adnal comp\u00adte\u00adrait 36 membres&nbsp;: 4 repr\u00e9\u00adsen\u00adtants nom\u00adm\u00e9s par le S\u00e9nat, 8 repr\u00e9\u00adsen\u00adtants nom\u00adm\u00e9s par la Chambre des d\u00e9pu\u00adt\u00e9s, 6 ing\u00e9\u00adnieurs nom\u00adm\u00e9s par le ministre, 12 d\u00e9l\u00e9\u00adgu\u00e9s \u00e9lus par les ouvriers et employ\u00e9s des mines, 6 d\u00e9l\u00e9\u00adgu\u00e9s \u00e9lus par les grou\u00adpe\u00adments syn\u00addi\u00adcaux des diverses cor\u00adpo\u00adra\u00adtions ouvri\u00e8res et agricoles.<\/p>\n<p style=\"margin-bottom: 0cm; text-align: justify;\" align=\"justify\">\u00ab&nbsp;Chaque conseil r\u00e9gio\u00adnal comp\u00adte\u00adrait 12 membres&nbsp;: 6 d\u00e9l\u00e9\u00adgu\u00e9s \u00e9lus par les ouvriers et employ\u00e9s des mines et 6 repr\u00e9\u00adsen\u00adtants de l\u2019<span style=\"font-family: Times New Roman, serif;\">\u00c9<\/span>tat d\u00e9si\u00adgn\u00e9s par le ministre.<\/p>\n<p style=\"margin-bottom: 0cm; text-align: justify;\" align=\"justify\">\u00ab&nbsp;Le pro\u00adduit de l\u2019ex\u00adploi\u00adta\u00adtion des mines serait affec\u00adt\u00e9 au paie\u00adment des salaires et des pou\u00advoirs du per\u00adson\u00adnel, aux tra\u00advaux et achats n\u00e9ces\u00adsi\u00adt\u00e9s par l\u2019ex\u00adploi\u00adta\u00adtion, aux recherches de nou\u00adveaux&nbsp;g\u00eetes.<\/p>\n<p style=\"margin-bottom: 0cm; text-align: justify;\" align=\"justify\">\u00ab&nbsp;L\u2019ex\u00adc\u00e9\u00addent irait \u00e0 la caisse g\u00e9n\u00e9\u00adrale des retraites pour les tra\u00advailleurs des villes et des campagnes.&nbsp;\u00bb<\/p>\n<p style=\"margin-bottom: 0cm; text-align: justify;\" align=\"justify\">Tel est le conte\u00adnu du pro\u00adjet. Il est loin de m\u2019en\u00adthou\u00adsias\u00admer&nbsp;; non pas pour des rai\u00adsons d\u2019ordre pure\u00adment anti\u00ad\u00e9ta\u00adtiste, mais parce que je ne vois pas l\u2019a\u00advan\u00adtage qu\u2019au\u00adrait le pro\u00adl\u00e9\u00adta\u00adriat minier \u00e0 chan\u00adger de ma\u00eetre&nbsp;? L\u2019<span style=\"font-family: Times New Roman, serif;\">\u00c9<\/span>tat-patron ne vaut pas mieux que les Compagnies.<\/p>\n<p style=\"margin-bottom: 0cm; text-align: justify;\" align=\"justify\">Il n\u2019y a du reste pas lieu d\u2019en\u00advi\u00adsa\u00adger pr\u00e9\u00adsen\u00adte\u00adment cette situa\u00adtion. Le gou\u00adver\u00adne\u00adment actuel, en accor\u00addant de nou\u00advelles conces\u00adsions, montre bien qu\u2019il n\u2019est pas pres\u00ads\u00e9 de natio\u00adna\u00adli\u00adser. Et M.&nbsp;Mil\u00adle\u00adrand, dans un r\u00e9cent dis\u00adcours, s\u2019est conten\u00adt\u00e9 de reprendre \u00e0 son compte la fameuse id\u00e9e de la par\u00adti\u00adci\u00adpa\u00adtion des ouvriers aux b\u00e9n\u00e9\u00adfices, van\u00adt\u00e9e l\u2019hi\u00adver der\u00adnier par son com\u00adp\u00e8re Briand.<\/p>\n<p style=\"margin-bottom: 0cm; text-align: justify;\" align=\"justify\">\u00ab&nbsp;Il m\u2019a paru, a\u2011t-il d\u00e9cla\u00adr\u00e9, et mon ami Vivia\u00adni a par\u00adta\u00adg\u00e9 cette fa\u00e7on de voir, que si nous n\u2019a\u00advions pas le droit de retar\u00adder ind\u00e9\u00adfi\u00adni\u00adment l\u2019ex\u00adploi\u00adta\u00adtion de ces gise\u00adments, c\u2019\u00e9\u00adtait par contre notre devoir, au moment o\u00f9 nous allions ins\u00adti\u00adtuer une nou\u00advelle pro\u00adpri\u00e9\u00adt\u00e9 dont l\u2019a\u00adve\u00adnir seul ferait exac\u00adte\u00adment conna\u00eetre la valeur, d\u2019ap\u00adpe\u00adler \u00e0 y par\u00adti\u00adci\u00adper ceux-l\u00e0 m\u00eames qui en met\u00adtront au jour les richesses. Le Par\u00adle\u00adment, j\u2019en suis convain\u00adcu, sera d\u2019ac\u00adcord avec nous pour, r\u00e9gu\u00adla\u00adri\u00adsant une pro\u00adc\u00e9\u00addure en fait sui\u00advie depuis plu\u00adsieurs ann\u00e9es, per\u00admettre d\u2019im\u00adpo\u00adser aux conces\u00adsion\u00adnaires des condi\u00adtions d\u2019in\u00adt\u00e9\u00adr\u00eat g\u00e9n\u00e9\u00adral, et notam\u00adment d\u2019ins\u00adtau\u00adrer dans l\u2019ex\u00adploi\u00adta\u00adtion des mines soit sous la forme pr\u00e9\u00adco\u00adni\u00ads\u00e9e par notre ami Briand, d\u2019ac\u00adtions de tra\u00advail, soit sous toute autre, la par\u00adti\u00adci\u00adpa\u00adtion des tra\u00advailleurs aux b\u00e9n\u00e9\u00adfices qu\u2019ils ont eux-m\u00eames, pour une part, contri\u00adbu\u00e9s \u00e0 produire.&nbsp;\u00bb<\/p>\n<p style=\"margin-bottom: 0cm; text-align: justify;\" align=\"justify\">Voi\u00adl\u00e0 de quoi, il me semble, faire r\u00e9fl\u00e9\u00adchir les mili\u00adtants mineurs. Ils feront bien de m\u00e9di\u00adter les ensei\u00adgne\u00adments, les bilans des Com\u00adpa\u00adgnies et les chiffres de S\u00e9verac.<\/p>\n<p style=\"margin-bottom: 0cm; text-align: justify;\" align=\"justify\">Ils feront bien de prendre garde aus\u00adsi aux pro\u00adjets de M.&nbsp;Mil\u00adle\u00adrand et aux nou\u00advelles petites com\u00adbi\u00adnai\u00adsons de paix sociale que mijote cette excel\u00adlente Excellence.<\/p>\n<p style=\"margin-bottom: 0cm; text-align: right;\" align=\"justify\">G. Dumou\u00adlin<\/p>\n","protected":false},"excerpt":{"rendered":"<p>Il est bon de signa\u00adler une \u00e9tude de J.-B. S\u00e9ve\u00adrac dans la Grande Revue (10 octobre)&nbsp;: Dans une pre\u00admi\u00e8re par\u00adtie, S\u00e9ve\u00adrac exa\u00admine bri\u00e8\u00adve\u00adment le r\u00e9gime minier au point de vue l\u00e9gis\u00adla\u00adtif et four\u00adnit une foule de d\u00e9tails int\u00e9\u00adres\u00adsants. Il signale les cri\u00adtiques d\u2019ordre g\u00e9n\u00e9\u00adral qui touchent au prin\u00adcipe m\u00eame du r\u00e9gime, au prin\u00adcipe des concessions&nbsp;[\u2026]<\/p>\n","protected":false},"author":126,"featured_media":5788,"comment_status":"closed","ping_status":"closed","sticky":false,"template":"wp-custom-template-page-d-article","format":"standard","meta":{"wp_typography_post_enhancements_disabled":false,"footnotes":""},"categories":[83],"tags":[579,574,570,569],"ppma_author":[790],"class_list":["post-694","post","type-post","status-publish","format-standard","has-post-thumbnail","hentry","category-la-vie-ouvriere-n3-5-novembre-1909","tag-conditions-ouvrieres","tag-industries","tag-mines","tag-revue-de-presse"],"authors":[{"term_id":790,"user_id":126,"is_guest":0,"slug":"georges-dumoulin","display_name":"Georges Dumoulin","avatar_url":"https:\/\/secure.gravatar.com\/avatar\/00f5e84b206d06c4507f4f35b5455bcb55642f5105ba2810baec317bc2eb8610?s=96&d=mm&r=g","author_category":"","user_url":"","last_name":"Dumoulin","first_name":"Georges","job_title":"","description":"<a href=\"https:\/\/maitron.fr\/spip.php?article157368\">Sa notice dans le Maitron.<\/a>"}],"_links":{"self":[{"href":"https:\/\/la-presse-anarchiste.net\/index.php\/wp-json\/wp\/v2\/posts\/694","targetHints":{"allow":["GET"]}}],"collection":[{"href":"https:\/\/la-presse-anarchiste.net\/index.php\/wp-json\/wp\/v2\/posts"}],"about":[{"href":"https:\/\/la-presse-anarchiste.net\/index.php\/wp-json\/wp\/v2\/types\/post"}],"author":[{"embeddable":true,"href":"https:\/\/la-presse-anarchiste.net\/index.php\/wp-json\/wp\/v2\/users\/126"}],"replies":[{"embeddable":true,"href":"https:\/\/la-presse-anarchiste.net\/index.php\/wp-json\/wp\/v2\/comments?post=694"}],"version-history":[{"count":2,"href":"https:\/\/la-presse-anarchiste.net\/index.php\/wp-json\/wp\/v2\/posts\/694\/revisions"}],"predecessor-version":[{"id":5772,"href":"https:\/\/la-presse-anarchiste.net\/index.php\/wp-json\/wp\/v2\/posts\/694\/revisions\/5772"}],"wp:featuredmedia":[{"embeddable":true,"href":"https:\/\/la-presse-anarchiste.net\/index.php\/wp-json\/wp\/v2\/media\/5788"}],"wp:attachment":[{"href":"https:\/\/la-presse-anarchiste.net\/index.php\/wp-json\/wp\/v2\/media?parent=694"}],"wp:term":[{"taxonomy":"category","embeddable":true,"href":"https:\/\/la-presse-anarchiste.net\/index.php\/wp-json\/wp\/v2\/categories?post=694"},{"taxonomy":"post_tag","embeddable":true,"href":"https:\/\/la-presse-anarchiste.net\/index.php\/wp-json\/wp\/v2\/tags?post=694"},{"taxonomy":"author","embeddable":true,"href":"https:\/\/la-presse-anarchiste.net\/index.php\/wp-json\/wp\/v2\/ppma_author?post=694"}],"curies":[{"name":"wp","href":"https:\/\/api.w.org\/{rel}","templated":true}]}}