{"id":697,"date":"1909-11-05T20:10:40","date_gmt":"1909-11-05T20:10:40","guid":{"rendered":"https:\/\/la-presse-anarchiste.net\/index.php\/2007\/08\/19\/la-repression-de-barcelone\/"},"modified":"2025-07-14T16:26:22","modified_gmt":"2025-07-14T16:26:22","slug":"la-repression-de-barcelone","status":"publish","type":"post","link":"https:\/\/la-presse-anarchiste.net\/index.php\/1909\/11\/05\/la-repression-de-barcelone\/","title":{"rendered":"La r\u00e9pression de Barcelone"},"content":{"rendered":"<div class=\"pdfprnt-buttons pdfprnt-buttons-post pdfprnt-top-right\"><a href=\"https:\/\/la-presse-anarchiste.net\/index.php\/wp-json\/wp\/v2\/posts\/697?print=pdf\" class=\"pdfprnt-button pdfprnt-button-pdf\" target=\"_blank\"><img decoding=\"async\" src=\"https:\/\/la-presse-anarchiste.net\/wp-content\/plugins\/pdf-print\/images\/pdf.png\" alt=\"image_pdf\" title=\"Afficher le PDF\"><\/a><a href=\"https:\/\/la-presse-anarchiste.net\/index.php\/wp-json\/wp\/v2\/posts\/697?print=print\" class=\"pdfprnt-button pdfprnt-button-print\" target=\"_blank\"><img decoding=\"async\" src=\"https:\/\/la-presse-anarchiste.net\/wp-content\/plugins\/pdf-print\/images\/print.png\" alt=\"image_print\" title=\"Contenu imprim\u00e9\"><\/a><\/div><div align=\"justify\">\n<p style=\"text-align: justify;\">Donc le 23 juillet, les orga\u00adni\u00adsa\u00adtions ouvri\u00e8res de Bar\u00adce\u00adlone r\u00e9so\u00adlurent de pro\u00adcla\u00admer la gr\u00e8ve g\u00e9n\u00e9\u00adrale dans toutes les grandes villes d\u2019Es\u00adpagne, afin d\u2019en\u00adtra\u00adver la mobi\u00adli\u00adsa\u00adtion des troupes, et de per\u00admettre aux pay\u00adsans de se sou\u00adle\u00adver \u00e0 leur tour contre une guerre impopulaire.<\/p>\n<p style=\"text-align: justify;\">Seule\u00adment, pour faire une gr\u00e8ve g\u00e9n\u00e9\u00adrale, il ne suf\u00adfit pas de la d\u00e9cr\u00e9\u00adter, il faut l\u2019or\u00adga\u00adni\u00adser. Il n\u2019est pas n\u00e9ces\u00adsaire que l\u2019im\u00admense majo\u00adri\u00adt\u00e9 de la classe ouvri\u00e8re soit embri\u00adga\u00add\u00e9e d\u2019a\u00advance dans des syn\u00addi\u00adcats ou des par\u00adtis poli\u00adtiques nom\u00adbreux&nbsp;: il suf\u00adfit qu\u2019elle se sente l\u00e9s\u00e9e dans ses int\u00e9\u00adr\u00eats vitaux par une mal\u00adadresse du gou\u00adver\u00adne\u00adment et que, prise entre deux maux, une guerre absurde et une r\u00e9volte facile, elle se d\u00e9cide d\u2019ins\u00adtinct pour la r\u00e9volte.<\/p>\n<p style=\"text-align: justify;\">Mais alors pour que le mou\u00adve\u00adment soit g\u00e9n\u00e9\u00adral et rapide, il faut qu\u2019elle trouve dans chaque ville un centre de ral\u00adlie\u00adment, des mili\u00adtants connus qui donnent l\u2019im\u00adpul\u00adsion, bref, comme on dit dans l\u2019ar\u00adm\u00e9e, des cadres<sup class=\"modern-footnotes-footnote modern-footnotes-footnote--expands-on-desktop \" data-mfn=\"1\" data-mfn-post-scope=\"000000002aabbb2b000000001592c979_697\"><a href=\"javascript:void(0)\" role=\"button\" aria-pressed=\"false\" aria-describedby=\"mfn-content-000000002aabbb2b000000001592c979_697-1\">1<\/a><\/sup><span id=\"mfn-content-000000002aabbb2b000000001592c979_697-1\" role=\"tooltip\" class=\"modern-footnotes-footnote__note\" tabindex=\"0\" data-mfn=\"1\">Il n\u2019est m\u00eame pas n\u00e9ces\u00adsaire que les mili\u00adtants qui forment ces cadres pro\u00adfessent les m\u00eames id\u00e9es poli\u00adtiques ou sociales que la majo\u00adri\u00adt\u00e9 qu\u2019ils entra\u00eenent.<br>\nLors du lock-out de Fou\u00adg\u00e8res, sur 12.000 ouvriers 1.200 seule\u00adment \u00e9taient syn\u00addi\u00adqu\u00e9s, et 400 seule\u00adment votaient pour un can\u00addi\u00addat socia\u00adliste. Et pour\u00adtant quand le lock-out fut pro\u00adcla\u00adm\u00e9, on vit ces 7.000 bre\u00adtons catho\u00adliques et \u00e9lec\u00adteurs pro\u00adgres\u00adsistes se lais\u00adser conduire seule\u00adment par des ora\u00adteurs socia\u00adlistes et syn\u00addi\u00adca\u00adlistes et chan\u00adter l\u2019In\u00adter\u00adna\u00adtio\u00adnale (quoique pro\u00adgres\u00adsistes&nbsp;!) comme un d\u00e9fi aux patrons. L\u2019ex\u00adci\u00adta\u00adtion de la lutte porte ain\u00adsi rapi\u00adde\u00adment les foules les plus mod\u00e9\u00adr\u00e9es vers les par\u00adtis les plus avan\u00adc\u00e9s. Les mili\u00adtants doivent savoir en pro\u00adfi\u00adter. Mais ils ne doivent pas perdre de vue que cette exci\u00adta\u00adtion est pas\u00adsa\u00adg\u00e8re, et tom\u00adbe\u00adra avec la fin de la&nbsp;crise.<\/span><\/p>\n<p style=\"text-align: justify;\">Les ouvriers bar\u00adce\u00adlo\u00adnais avaient \u00e0 leur dis\u00adpo\u00adsi\u00adtion deux sortes de cadres&nbsp;: les par\u00adtis poli\u00adtiques et les syn\u00addi\u00adcats. Ils s\u2019a\u00addres\u00ads\u00e8rent d\u2019a\u00adbord aux premiers.<\/p>\n<p style=\"text-align: justify;\">Le mou\u00adve\u00adment lib\u00e9\u00adral est assez vif en Espagne, sur\u00adtout dans les villes&nbsp;; il a \u00e0 la Chambre de nom\u00adbreux repr\u00e9sentants.<\/p>\n<p style=\"text-align: justify;\">Mal\u00adheu\u00adreu\u00adse\u00adment, il s\u2019est pro\u00adduit au-del\u00e0 des Pyr\u00e9\u00adn\u00e9es le m\u00eame mal\u00aden\u00adten\u00addu qu\u2019en bien d\u2019autres pays&nbsp;: les d\u00e9pu\u00adt\u00e9s de l\u2019op\u00adpo\u00adsi\u00adtion, dans les mee\u00adtings, \u00e0 la tri\u00adbune expriment, par\u00adfois m\u00eame avec \u00e9lo\u00adquence, les aspi\u00adra\u00adtions popu\u00adlaires. Mais dans les cou\u00adloirs, dans les com\u00admis\u00adsions, ils sont obli\u00adg\u00e9s de comp\u00adter avec le pou\u00advoir. La faveur des foules est instable&nbsp;; elle ne se main\u00adtient qu\u2019\u00e0 l\u2019aide de menues faveurs admi\u00adnis\u00adtra\u00adtives&nbsp;: cong\u00e9s mili\u00adtaires, bourses, sub\u00adven\u00adtions diverses habi\u00adle\u00adment dis\u00adtri\u00adbu\u00e9s. Un pr\u00e9\u00adfet petit aider beau\u00adcoup m\u00eame un can\u00addi\u00addat de l\u2019op\u00adpo\u00adsi\u00adtion&nbsp;; il peut lui nuire plus encore. Et c\u2019est ain\u00adsi qu\u2019en tous les pays, les chefs des par\u00adtis les plus \u00ab&nbsp;avan\u00adc\u00e9s&nbsp;\u00bb deviennent \u00e0 la longue in\u00e9vi\u00adta\u00adble\u00adment d\u2019ex\u00adcel\u00adlents \u00ab&nbsp;hommes de gouvernement&nbsp;\u00bb.<\/p>\n<p style=\"text-align: justify;\">En Espagne en par\u00adti\u00adcu\u00adlier, la situa\u00adtion du par\u00adti lib\u00e9\u00adral \u00e9tait d\u00e9li\u00adcate. Son chef, M.&nbsp;Moret, le plus grand avo\u00adcat d\u2019af\u00adfaires de Madrid, n\u2019a\u00advait-il pas sign\u00e9, comme pre\u00admier ministre, l\u2019ac\u00adcord fran\u00adco-maro\u00adcain de 1904&nbsp;; et le pr\u00e9\u00adsident du Conseil des Mines du Riff, l\u2019homme pour les int\u00e9\u00adr\u00eats de qui on avait enga\u00adg\u00e9 cette guerre meur\u00adtri\u00e8re, le comte de Roma\u00adnones, n\u2019\u00e9\u00adtait-il pas d\u00e9pu\u00adt\u00e9 et ancien ministre des affaires \u00e9tran\u00adg\u00e8re, dans un cabi\u00adnet lib\u00e9\u00adral&nbsp;? Dans ces condi\u00adtions, il \u00e9tait bien dif\u00adfi\u00adcile aux lib\u00e9\u00adraux de com\u00adbattre le gou\u00adver\u00adne\u00adment sur ce ter\u00adrain. Ils pro\u00adtes\u00adt\u00e8rent bruyam\u00adment dans leurs jour\u00adnaux contre l\u2019a\u00adven\u00adture maro\u00adcaine\u200a\u2014\u200aparce qu\u2019il faut tou\u00adjours par\u00adler comme ses \u00e9lec\u00adteurs\u200a\u2014\u200amais, ils d\u00e9ci\u00add\u00e8rent de ne pas agir, et effec\u00adti\u00adve\u00adment ne firent rien.<\/p>\n<p style=\"text-align: justify;\">Les r\u00e9pu\u00adbli\u00adcains, autre\u00adfois puis\u00adsants dans l\u2019ar\u00adm\u00e9e, en ont \u00e9t\u00e9 \u00e0 peu pr\u00e8s \u00e9li\u00admi\u00adn\u00e9s depuis que les g\u00e9n\u00e9\u00adraux ont fait la paix avec les j\u00e9suites. Ils ont encore\u200a\u2014\u200agr\u00e2ce aux loges ma\u00e7on\u00adniques\u200a\u2014\u200aune cer\u00adtaine puis\u00adsance \u00e9lec\u00adto\u00adrale (32 si\u00e8ges \u00e0 la Chambre et 1 au S\u00e9nat). Mais ils ont renon\u00adc\u00e9 \u00e0 la poli\u00adtique de coup d\u2019\u00c9\u00adtat qui leur avait per\u00admis pen\u00addant deux ans, sous Sal\u00adme\u00adron et Zorilla\u200a\u2014\u200ale ma\u00eetre de Fer\u00adrer\u200a\u2014\u200ad\u2019im\u00adpo\u00adser \u00e0 l\u2019Es\u00adpagne la R\u00e9pu\u00adblique. Ils ont appris peu \u00e0 peu \u00e0 conna\u00eetre les mille petits pro\u00adfits dont peut jouir une oppo\u00adsi\u00adtion qui sait res\u00adter \u00ab&nbsp;l\u00e9ga\u00adliste&nbsp;\u00bb et \u00ab&nbsp;rai\u00adson\u00adnable&nbsp;\u00bb. M\u00eame \u00e0 Bar\u00adce\u00adlone, les r\u00e9pu\u00adbli\u00adcains se sont rap\u00adpro\u00adch\u00e9s du pou\u00advoir. Sal\u00adme\u00adron, l\u2019an\u00adcien pr\u00e9\u00adsident de la R\u00e9pu\u00adblique, est trai\u00adt\u00e9 en toute occa\u00adsion par Alphonse XIII et sa cour avec une d\u00e9f\u00e9\u00adrence res\u00adpec\u00adtueuse. Au reste, Alexandre Ler\u00adroux, le grand tri\u00adbun du par\u00adti, avait \u00e9t\u00e9 obli\u00adg\u00e9 de s\u2019exi\u00adler en Argen\u00adtine, et Sol y Orte\u00adga, le seul et unique s\u00e9na\u00adteur r\u00e9pu\u00adbli\u00adcain, la forte t\u00eate des par\u00adtis avan\u00adc\u00e9s, <em>devait son si\u00e8ge de s\u00e9na\u00adteur au comte de Roma\u00adnones<\/em><sup class=\"modern-footnotes-footnote modern-footnotes-footnote--expands-on-desktop \" data-mfn=\"2\" data-mfn-post-scope=\"000000002aabbb2b000000001592c979_697\"><a href=\"javascript:void(0)\" role=\"button\" aria-pressed=\"false\" aria-describedby=\"mfn-content-000000002aabbb2b000000001592c979_697-2\">2<\/a><\/sup><span id=\"mfn-content-000000002aabbb2b000000001592c979_697-2\" role=\"tooltip\" class=\"modern-footnotes-footnote__note\" tabindex=\"0\" data-mfn=\"2\">Voi\u00adci com\u00adment un grand jour\u00adnal bour\u00adgeois, les Nou\u00advelles (n\u00b0 du 24 octobre) explique ce ph\u00e9\u00adno\u00adm\u00e8ne qui n\u2019est pas aus\u00adsi extra\u00ador\u00addi\u00adnaire qu\u2019on pour\u00adrait le croire&nbsp;: \u00ab&nbsp;En Espagne, dit le cor\u00adres\u00adpon\u00addant bar\u00adce\u00adlo\u00adnais de ce jour\u00adnal. sauf pour la Cata\u00adlogne, les \u00e9lec\u00adtions sont le pro\u00adduit du caci\u00adquisme, c\u2019est-\u00e0-dire que dans chaque cir\u00adcons\u00adcrip\u00adtion, il existe une per\u00adson\u00adna\u00adli\u00adt\u00e9 toute puis\u00adsante, le cacique qui donne les si\u00e8ges soit \u00e0 un conser\u00adva\u00adteur soit \u00e0 un lib\u00e9\u00adral selon que l\u2019un ou l\u2019autre par\u00adtis est au pouvoir.<br>\n\u00ab&nbsp;Or, la Cata\u00adlogne \u00e9tant par\u00adve\u00adnue \u00e0 secouer le joug du caci\u00adquisme, les \u00e9lec\u00adtions s\u2019y font libre\u00adment. Il en r\u00e9sulte que, au grand m\u00e9con\u00adten\u00adte\u00adment du reste de l\u2019Es\u00adpagne, les \u00e9lus cata\u00adlans sont des \u00ab&nbsp;auto\u00adno\u00admistes&nbsp;\u00bb qui ne se rat\u00adtachent que tr\u00e8s indi\u00adrec\u00adte\u00adment aux grands par\u00adtis natio\u00adnaux. Seul le groupe r\u00e9pu\u00adbli\u00adcain radi\u00adcal auquel appar\u00adtient M.&nbsp;Sol y Orte\u00adga n\u2019est pas cata\u00adla\u00adniste (pour l\u2019in\u00add\u00e9\u00adpen\u00addance de la Cata\u00adlogne). C\u2019est pour\u00adquoi, afin de battre en br\u00e8che les auto\u00adno\u00admistes de Cata\u00adlogne, le par\u00adti lib\u00e9\u00adral a offert un si\u00e8ge au S\u00e9nat \u00e0 M.&nbsp;Sol y Ortega.<br>\n<em>Et c\u2019est M.&nbsp;de Roma\u00adnones, le puis\u00adsant et richis\u00adsime lib\u00e9\u00adral, qui des trois man\u00addats de s\u00e9na\u00adteur dont il \u00e9tait \u00e0 lui seul don\u00adn\u00e9 celui de Gua\u00adda\u00adla\u00adja\u00adra au r\u00e9pu\u00adbli\u00adcain cata\u00adlan \u00ab&nbsp;sans que les \u00e9lec\u00adteurs aient \u00e9t\u00e9 consult\u00e9s&nbsp;\u00bb.<br>\n<\/em>On com\u00adpren\u00addra alors pour\u00adquoi le s\u00e9na\u00adteur radi\u00adcal s\u2019est abs\u00adte\u00adnu de com\u00adbattre contre les mines de son noble patron.<\/span>. Quant aux socia\u00adlistes, ils sont encore peu nom\u00adbreux, leur rayon d\u2019ac\u00adtion ne d\u00e9passe gu\u00e8re la Cata\u00adlogne et Madrid. Et Igle\u00adsias, leur chef, se fit arr\u00ea\u00adter d\u00e8s le d\u00e9but du mou\u00adve\u00adment pour un violent dis\u00adcours contre la guerre dans le mee\u00adting du 18 juillet. Ain\u00adsi, qu\u2019ils l\u2019aient vou\u00adlu ou non, tous les hommes poli\u00adtiques s\u2019abs\u00adtinrent, et toute la charge d\u2019or\u00adga\u00adni\u00adser le mou\u00adve\u00adment retom\u00adba sur les orga\u00adni\u00adsa\u00adtions ouvri\u00e8res.<\/p>\n<p style=\"text-align: justify;\">Le 23 juillet, elles se r\u00e9unirent en comi\u00adt\u00e9 secret \u00e0 la Mai\u00adson du Peuple, et le soir m\u00eame, elles envoyaient des d\u00e9l\u00e9\u00adgu\u00e9s dans toute la r\u00e9gion et \u00e0 Sara\u00adgosse, Gerone, Ter\u00adra\u00adgone et jus\u00adqu\u2019\u00e0 Valence.<\/p>\n<p style=\"text-align: justify;\">Mal\u00adheu\u00adreu\u00adse\u00adment, le syn\u00addi\u00adca\u00adlisme, en Espagne, est encore dans l\u2019en\u00adfance&nbsp;; il n\u2019y a presque pas de grande indus\u00adtrie dans ce pays, la popu\u00adla\u00adtion ouvri\u00e8re y est faible et clair\u00adse\u00adm\u00e9e, le pays pas\u00adsion\u00adn\u00e9 de poli\u00adtique, l\u2019or\u00adga\u00adni\u00adsa\u00adtion presque nulle. Par\u00adtout, les d\u00e9l\u00e9\u00adgu\u00e9s trou\u00adv\u00e8rent la popu\u00adla\u00adtion bien dis\u00adpo\u00ads\u00e9e, mais aucune organisation.<\/p>\n<p style=\"text-align: justify;\">Or, pour lan\u00adcer et sur\u00adtout pour sou\u00adte\u00adnir un mou\u00adve\u00adment r\u00e9vo\u00adlu\u00adtion\u00adnaire, il ne suf\u00adfit pas de ren\u00adcon\u00adtrer des bonnes volon\u00adt\u00e9s&nbsp;: il faut, comme nous l\u2019a\u00advons dit, des cadres. Et il n\u2019y en avait&nbsp;pas.<\/p>\n<p style=\"text-align: justify;\">Pour mettre sur pied l\u2019ar\u00adm\u00e9e r\u00e9vo\u00adlu\u00adtion\u00adnaire, les mili\u00adtants des divers centres d\u2019Es\u00adpagne deman\u00add\u00e8rent une semaine. Il fut conve\u00adnu que la gr\u00e8ve g\u00e9n\u00e9\u00adrale \u00e9cla\u00adte\u00adrait dans toute l\u2019Es\u00adpagne le lun\u00addi 1<sup>er<\/sup> ao\u00fbt. Faute in\u00e9vi\u00adtable, mais faute grave, qui devait faire \u00e9chouer l\u2019insurrection.<\/p>\n<p style=\"text-align: justify;\">Dans la guerre civile, comme dans la guerre \u00e9tran\u00adg\u00e8re, la vic\u00adtoire est \u00e0 celui qui prend l\u2019of\u00adfen\u00adsive, car s\u2019il r\u00e9us\u00adsit en p\u00e9n\u00e9\u00adtrant chez l\u2019ad\u00adver\u00adsaire \u00e0 entra\u00adver sa mobi\u00adli\u00adsa\u00adtion, il s\u2019as\u00adsure du coup et pour tout le reste de la cam\u00adpagne un avan\u00adtage inestimable.<\/p>\n<p style=\"text-align: justify;\">Le gou\u00adver\u00adne\u00adment avait huit jours devant lui pour emp\u00ea\u00adcher la mobi\u00adli\u00adsa\u00adtion ouvri\u00e8re&nbsp;: il ne per\u00addit pas une minute.<\/p>\n<p style=\"text-align: justify;\">Le 26 juillet, il pro\u00adcla\u00admait l\u2019\u00e9\u00adtat de si\u00e8ge, non seule\u00adment \u00e0 Bar\u00adce\u00adlone, mais encore \u00e0 Ter\u00adra\u00adgone et \u00e0 Gerone, grandes villes voi\u00adsines que la conta\u00adgion r\u00e9vo\u00adlu\u00adtion\u00adnaire pou\u00advait gagner.<\/p>\n<p style=\"text-align: justify;\">Puis, le len\u00adde\u00admain 27, le roi, par d\u00e9cret, sus\u00adpen\u00addait les garan\u00adties consti\u00adtu\u00adtion\u00adnelles dans toute l\u2019Es\u00adpagne<sup class=\"modern-footnotes-footnote modern-footnotes-footnote--expands-on-desktop \" data-mfn=\"3\" data-mfn-post-scope=\"000000002aabbb2b000000001592c979_697\"><a href=\"javascript:void(0)\" role=\"button\" aria-pressed=\"false\" aria-describedby=\"mfn-content-000000002aabbb2b000000001592c979_697-3\">3<\/a><\/sup><span id=\"mfn-content-000000002aabbb2b000000001592c979_697-3\" role=\"tooltip\" class=\"modern-footnotes-footnote__note\" tabindex=\"0\" data-mfn=\"3\">Ceci donne la mesure de la confiance qu\u2019on peut avoir dans les Consti\u00adtu\u00adtions soi-disant lib\u00e9\u00adrales&nbsp;; elles garan\u00adtissent la liber\u00adt\u00e9 des citoyens en temps calme, c\u2019est-\u00e0-dire quand les gou\u00adver\u00adne\u00adments n\u2019ont aucune rai\u00adson d\u2019y atten\u00adter. Mais aux \u00e9poques trou\u00adbl\u00e9es, alors qu\u2019on aurait besoin plus que jamais de leur pro\u00adtec\u00adtion, les gou\u00adver\u00adne\u00adments les sus\u00adpendent\u2026<\/span>.<\/p>\n<p style=\"text-align: justify;\">\u00ab&nbsp;Le gou\u00adver\u00adne\u00adment, disait-il, a acquis la preuve que des agi\u00adta\u00adteurs cherchent \u00e0 tout prix \u00e0 pro\u00adduire un mou\u00adve\u00adment s\u00e9di\u00adtieux dans toute l\u2019Es\u00adpagne avec un carac\u00adt\u00e8re net\u00adte\u00adment r\u00e9vo\u00adlu\u00adtion\u00adnaire afin d\u2019emp\u00eacher le mou\u00adve\u00adment des troupes et d\u2019en\u00adtra\u00adver l\u2019ac\u00adtion du gou\u00adver\u00adne\u00adment sur\u00adtout en ce qui concerne la cam\u00adpagne de Melilla.&nbsp;\u00bb<\/p>\n<p style=\"text-align: justify;\">En rai\u00adson de quoi, il inter\u00addi\u00adsait dans tout le pays les r\u00e9unions et les mee\u00adtings, d\u00e9fen\u00addait aux jour\u00adnaux de publier les nou\u00advelles de la guerre maro\u00adcaine, sauf les d\u00e9p\u00eaches offi\u00adcielles, arr\u00ea\u00adtait \u00e0 la fron\u00adti\u00e8re les jour\u00adnaux \u00e9tran\u00adgers, sus\u00adpen\u00addait les feuilles avan\u00adc\u00e9es, inter\u00adcep\u00adtait les t\u00e9l\u00e9\u00adgrammes et les lettres sus\u00adpectes. Enfin, par sur\u00adcro\u00eet de pr\u00e9\u00adcau\u00adtions, il met\u00adtait en pri\u00adson les mili\u00adtants les plus connus de chaque ville.<\/p>\n<p style=\"text-align: justify;\">Du coup, les Bourses du Tra\u00advail se trou\u00advaient iso\u00adl\u00e9es les unes des autres, inca\u00adpables de se concer\u00adter en vue d\u2019un mou\u00adve\u00adment d\u2019en\u00adsemble&nbsp;; d\u2019autre part, les syn\u00addi\u00adcats, dans chaque ville, \u00e9taient inca\u00adpables de se r\u00e9unir, de se concer\u00adter et d\u2019en\u00adtrer en contact avec le reste de la popu\u00adla\u00adtion qui ne deman\u00addait qu\u2019\u00e0 marcher.<\/p>\n<p style=\"text-align: justify;\">La mobi\u00adli\u00adsa\u00adtion ouvri\u00e8re deve\u00adnait impos\u00adsible. Et ce fut le pre\u00admier suc\u00adc\u00e8s du gouvernement.<\/p>\n<p style=\"text-align: justify;\">Mais pour pou\u00advoir sus\u00adpendre les garan\u00adties consti\u00adtu\u00adtion\u00adnelles, il fal\u00adlait \u00e0 M.&nbsp;Mau\u00adra un pr\u00e9\u00adtexte s\u00e9rieux. On ne peut arr\u00ea\u00adter net la vie poli\u00adtique d\u2019un pays comme l\u2019Es\u00adpagne sans d\u00e9ran\u00adger beau\u00adcoup d\u2019ha\u00adbi\u00adtudes, frois\u00adser de nom\u00adbreux sen\u00adti\u00adments, l\u00e9ser de graves int\u00e9r\u00eats.<\/p>\n<p style=\"text-align: justify;\">En fait, poli\u00adti\u00adciens dont on g\u00eanait l\u2019ac\u00adtion, jour\u00adna\u00adlistes dont on sup\u00adpri\u00admait les jour\u00adnaux, par\u00adti\u00adcu\u00adliers dont on ouvrait ou retar\u00addait les lettres et les t\u00e9l\u00e9\u00adgrammes, com\u00admer\u00ad\u00e7ants dont on entra\u00advait les affaires en jetant la panique dans l\u2019o\u00adpi\u00adnion n\u2019ont pas encore par\u00addon\u00adn\u00e9 au cabi\u00adnet conser\u00adva\u00adteur le trouble qu\u2019il a jet\u00e9 dans leurs affaires.<\/p>\n<p style=\"text-align: justify;\">En agis\u00adsant ain\u00adsi, M.&nbsp;Mau\u00adra ris\u00adquait de tour\u00adner contre lui-m\u00eame la bour\u00adgeoi\u00adsie pai\u00adsible qu\u2019il vou\u00adlait d\u00e9tour\u00adner de l\u2019a\u00adgi\u00adta\u00adtion. Et jamais il n\u2019au\u00adrait os\u00e9 prendre une telle d\u00e9ci\u00adsion, s\u2019il n\u2019a\u00advait eu pour se jus\u00adti\u00adfier aux yeux de l\u2019o\u00adpi\u00adnion un motif s\u00e9rieux, ou tout au moins un pr\u00e9\u00adtexte plausible.<\/p>\n<p style=\"text-align: justify;\">Les r\u00e9vo\u00adlu\u00adtion\u00adnaires bar\u00adce\u00adlo\u00adnais com\u00admirent la grosse faute de le lui fournir.<\/p>\n<p style=\"text-align: justify;\">Du moment o\u00f9 la mobi\u00adli\u00adsa\u00adtion ouvri\u00e8re n\u2019\u00e9\u00adtait pas pr\u00eate, il \u00e9tait de la plus \u00e9l\u00e9\u00admen\u00adtaire pru\u00addence de ne pas don\u00adner l\u2019\u00e9\u00adveil \u00e0 l\u2019ad\u00adver\u00adsaire par une attaque imm\u00e9\u00addiate. Mal\u00adheu\u00adreu\u00adse\u00adment, alors que la gr\u00e8ve g\u00e9n\u00e9\u00adrale \u00e9tait d\u00e9ci\u00add\u00e9e dans toute l\u2019Es\u00adpagne pour le 1<sup>er<\/sup> ao\u00fbt, Bar\u00adce\u00adlone entra en r\u00e9vo\u00adlu\u00adtion d\u00e8s le 26 juillet.<\/p>\n<p style=\"text-align: justify;\">Cette faute, il est pro\u00adbable que les chefs des orga\u00adni\u00adsa\u00adtions ouvri\u00e8res, r\u00e9unis \u00e0 la Mai\u00adson du Peuple, la com\u00adprirent et la d\u00e9plo\u00adr\u00e8rent imm\u00e9\u00addia\u00adte\u00adment. Mais sans doute il n\u2019\u00e9\u00adtaient pas ma\u00eetres de la foule. Les sol\u00addats \u00e9taient l\u00e0, ils allaient s\u2019embarquer, b\u00e9tail \u00e0 bou\u00adche\u00adrie, sur les grande paque\u00adbots en par\u00adtance pour l\u2019A\u00adfrique&nbsp;; d\u2019autres allaient les suivre. Il fal\u00adlait emp\u00ea\u00adcher cela. Les femmes des\u00adcen\u00addaient dans la rue, insul\u00adtaient les offi\u00adciers, arra\u00adchaient aux sol\u00addats leurs armes&nbsp;; des r\u00e9ser\u00advistes jetaient leurs fusils&nbsp;; des coups de revol\u00advers \u00e9taient tir\u00e9s sur la police. On sait l\u2019ex\u00adci\u00adta\u00adtion que pro\u00adduit sur la foule la vue du sang&nbsp;: les hommes les plus pai\u00adsibles, les femmes les plus timides sont pos\u00ads\u00e9\u00add\u00e9s sou\u00addain de la grande folie des batailles. Il y avait de san\u00adglantes bagarres d\u00e8s le dimanche&nbsp;; le lun\u00addi matin, des groupes \u2015 o\u00f9 l\u2019on remar\u00adquait beau\u00adcoup de femmes\u200a\u2014\u200as\u2019en allaient d\u2019u\u00adsine en usine d\u00e9bau\u00adcher les ouvriers. Dans l\u2019a\u00adpr\u00e8s-midi, on se bat\u00adtait sur la Ram\u00adbla. Le soir, le capi\u00adtaine g\u00e9n\u00e9\u00adral se reti\u00adrait dans la for\u00adte\u00adresse de Mont\u00adjuich. L\u2019\u00e9\u00admeute \u00e9tait ma\u00ee\u00adtresse de la ville et la R\u00e9vo\u00adlu\u00adtion \u00e9tait perdue.<\/p>\n<p style=\"text-align: justify;\">En effet, ce jour-l\u00e0 m\u00eame, le gou\u00adver\u00adne\u00adment de Madrid sus\u00adpen\u00addait les garan\u00adties consti\u00adtu\u00adtion\u00adnelles dans tout le pays, d\u00e9cr\u00e9\u00adtait l\u2019\u00e9\u00adtat de si\u00e8ge dans les villes voi\u00adsines&nbsp;; et, tan\u00addis qu\u2019il entra\u00advait ain\u00adsi le sou\u00adl\u00e8\u00adve\u00adment g\u00e9n\u00e9\u00adral qui n\u2019\u00e9\u00adtait pas pr\u00eat, il pre\u00adnait des mesures pour \u00e9cra\u00adser Bar\u00adce\u00adlone iso\u00adl\u00e9e. De Ter\u00adra\u00adgone, de Sara\u00adgosse, de Madrid, des troupes accou\u00adrurent pour mater les insur\u00adg\u00e9s&nbsp;; elles arri\u00adv\u00e8rent len\u00adte\u00adment, les lignes de che\u00admin de fer \u00e9tant cou\u00adp\u00e9es, mais elles arriv\u00e8rent.<\/p>\n<p style=\"text-align: justify;\">Apr\u00e8s quatre jours d\u2019une h\u00e9ro\u00efque r\u00e9sis\u00adtance, les ouvriers, cer\u00adn\u00e9s par sept mille hommes de troupes, d\u00e9bus\u00adqu\u00e9s de leurs bar\u00adri\u00adcades par l\u2019ar\u00adtille\u00adrie, d\u00e9ci\u00adm\u00e9s par les fusils \u00e0 r\u00e9p\u00e9\u00adti\u00adtion, \u00e9taient contraints de ces\u00adser la lutte. Au matin du 1<sup>er<\/sup> ao\u00fbt, jour o\u00f9 la gr\u00e8ve g\u00e9n\u00e9\u00adrale devait \u00e9cla\u00adter dans toute l\u2019Es\u00adpagne, Bar\u00adce\u00adlone, devait don\u00adner le signal, \u00e9tait d\u00e9j\u00e0 vaincue\u2026<\/p>\n<p style=\"text-align: justify;\">R\u00e9sul\u00adtat in\u00e9vi\u00adtable d\u2019une fatale erreur&nbsp;! Que dire d\u2019un gou\u00adver\u00adne\u00adment qui d\u00e9cla\u00adre\u00adrait la guerre huit jours avant que sa mobi\u00adli\u00adsa\u00adtion f\u00fbt pr\u00eate&nbsp;? Sans nul doute, les chefs ouvriers, com\u00adprirent cette faute&nbsp;; ils auraient vou\u00adlu l\u2019\u00e9\u00advi\u00adter. Mais ils ne furent pas ma\u00eetres de la foule. Et c\u2019est l\u00e0 la grande dif\u00adfi\u00adcul\u00adt\u00e9 des mou\u00adve\u00adments r\u00e9vo\u00adlu\u00adtion\u00adnaires&nbsp;: il faut r\u00e9gler l\u2019\u00e9\u00adlan des masses et les n\u00e9ces\u00adsi\u00adt\u00e9s d\u2019une froide tac\u00adtique&nbsp;; il faut \u00e0 la fois de la dis\u00adci\u00adpline et de la pas\u00adsion et plus de dis\u00adci\u00adpline encore que de pas\u00adsion. Et les foules empor\u00adt\u00e9es par l\u2019une sont rebelles \u00e0 l\u2019autre.<\/p>\n<p style=\"text-align: justify;\">La jour\u00adn\u00e9e du 1<sup>er<\/sup> ao\u00fbt fut une jour\u00adn\u00e9e de tris\u00adtesse pour toute l\u2019Es\u00adpagne ouvri\u00e8re. La veille au soir, le gou\u00adver\u00adne\u00adment qui, seul, par\u00adlait par les jour\u00adnaux et les agences\u200a\u2014\u200atoute contra\u00addic\u00adtion \u00e9tant inter\u00addite par la cen\u00adsure\u200a\u2014\u200aannon\u00ad\u00e7a que Bar\u00adce\u00adlone \u00e9tait vain\u00adcue. \u00c0 quoi bon alors entre\u00adprendre la gr\u00e8ve g\u00e9n\u00e9\u00adrale pro\u00adje\u00adt\u00e9e&nbsp;? \u00c0 peine s\u2019il y eut, \u00e0 Madrid, quelques gr\u00e8ves de ma\u00e7ons et de ter\u00adras\u00adsiers, vite r\u00e9pri\u00adm\u00e9es. On ne voyait sur les lignes de che\u00admin de fer que des trains pleins de sol\u00addats, filant sans cris ni chants vers Barcelone.<\/p>\n<p style=\"text-align: justify;\">Ici se pose une ques\u00adtion capi\u00adtale&nbsp;: com\u00adment le gou\u00adver\u00adne\u00adment, qui ne trou\u00advait pas de sol\u00addats pour com\u00adbattre les Maures, en trou\u00adva-t-il pour fusiller les Espa\u00adgnols&nbsp;? Com\u00adment, trou\u00advant ses troupes rebelles \u00e0 la guerre \u00e9tran\u00adg\u00e8re, les trou\u00adva-t-elle dis\u00adpo\u00ads\u00e9es \u00e0 la guerre civile&nbsp;?<br>\nC\u2019est ici qu\u2019il faut consi\u00add\u00e9\u00adrer l\u2019art de manier et retour\u00adner l\u2019opinion.<\/p>\n<p style=\"text-align: right;\">Cra\u00adt\u00e8s<\/p>\n<\/div>\n<ul class=\"modern-footnotes-list modern-footnotes-list--show-only-for-print\"><li><span>1<\/span><div>Il n\u2019est m\u00eame pas n\u00e9ces\u00adsaire que les mili\u00adtants qui forment ces cadres pro\u00adfessent les m\u00eames id\u00e9es poli\u00adtiques ou sociales que la majo\u00adri\u00adt\u00e9 qu\u2019ils entra\u00eenent.<br>\nLors du lock-out de Fou\u00adg\u00e8res, sur 12.000 ouvriers 1.200 seule\u00adment \u00e9taient syn\u00addi\u00adqu\u00e9s, et 400 seule\u00adment votaient pour un can\u00addi\u00addat socia\u00adliste. Et pour\u00adtant quand le lock-out fut pro\u00adcla\u00adm\u00e9, on vit ces 7.000 bre\u00adtons catho\u00adliques et \u00e9lec\u00adteurs pro\u00adgres\u00adsistes se lais\u00adser conduire seule\u00adment par des ora\u00adteurs socia\u00adlistes et syn\u00addi\u00adca\u00adlistes et chan\u00adter l\u2019In\u00adter\u00adna\u00adtio\u00adnale (quoique pro\u00adgres\u00adsistes&nbsp;!) comme un d\u00e9fi aux patrons. L\u2019ex\u00adci\u00adta\u00adtion de la lutte porte ain\u00adsi rapi\u00adde\u00adment les foules les plus mod\u00e9\u00adr\u00e9es vers les par\u00adtis les plus avan\u00adc\u00e9s. Les mili\u00adtants doivent savoir en pro\u00adfi\u00adter. Mais ils ne doivent pas perdre de vue que cette exci\u00adta\u00adtion est pas\u00adsa\u00adg\u00e8re, et tom\u00adbe\u00adra avec la fin de la&nbsp;crise.<\/div><\/li><li><span>2<\/span><div>Voi\u00adci com\u00adment un grand jour\u00adnal bour\u00adgeois, les Nou\u00advelles (n\u00b0 du 24 octobre) explique ce ph\u00e9\u00adno\u00adm\u00e8ne qui n\u2019est pas aus\u00adsi extra\u00ador\u00addi\u00adnaire qu\u2019on pour\u00adrait le croire&nbsp;: \u00ab&nbsp;En Espagne, dit le cor\u00adres\u00adpon\u00addant bar\u00adce\u00adlo\u00adnais de ce jour\u00adnal. sauf pour la Cata\u00adlogne, les \u00e9lec\u00adtions sont le pro\u00adduit du caci\u00adquisme, c\u2019est-\u00e0-dire que dans chaque cir\u00adcons\u00adcrip\u00adtion, il existe une per\u00adson\u00adna\u00adli\u00adt\u00e9 toute puis\u00adsante, le cacique qui donne les si\u00e8ges soit \u00e0 un conser\u00adva\u00adteur soit \u00e0 un lib\u00e9\u00adral selon que l\u2019un ou l\u2019autre par\u00adtis est au pouvoir.<br>\n\u00ab&nbsp;Or, la Cata\u00adlogne \u00e9tant par\u00adve\u00adnue \u00e0 secouer le joug du caci\u00adquisme, les \u00e9lec\u00adtions s\u2019y font libre\u00adment. Il en r\u00e9sulte que, au grand m\u00e9con\u00adten\u00adte\u00adment du reste de l\u2019Es\u00adpagne, les \u00e9lus cata\u00adlans sont des \u00ab&nbsp;auto\u00adno\u00admistes&nbsp;\u00bb qui ne se rat\u00adtachent que tr\u00e8s indi\u00adrec\u00adte\u00adment aux grands par\u00adtis natio\u00adnaux. Seul le groupe r\u00e9pu\u00adbli\u00adcain radi\u00adcal auquel appar\u00adtient M.&nbsp;Sol y Orte\u00adga n\u2019est pas cata\u00adla\u00adniste (pour l\u2019in\u00add\u00e9\u00adpen\u00addance de la Cata\u00adlogne). C\u2019est pour\u00adquoi, afin de battre en br\u00e8che les auto\u00adno\u00admistes de Cata\u00adlogne, le par\u00adti lib\u00e9\u00adral a offert un si\u00e8ge au S\u00e9nat \u00e0 M.&nbsp;Sol y Ortega.<br>\n<em>Et c\u2019est M.&nbsp;de Roma\u00adnones, le puis\u00adsant et richis\u00adsime lib\u00e9\u00adral, qui des trois man\u00addats de s\u00e9na\u00adteur dont il \u00e9tait \u00e0 lui seul don\u00adn\u00e9 celui de Gua\u00adda\u00adla\u00adja\u00adra au r\u00e9pu\u00adbli\u00adcain cata\u00adlan \u00ab&nbsp;sans que les \u00e9lec\u00adteurs aient \u00e9t\u00e9 consult\u00e9s&nbsp;\u00bb.<br>\n<\/em>On com\u00adpren\u00addra alors pour\u00adquoi le s\u00e9na\u00adteur radi\u00adcal s\u2019est abs\u00adte\u00adnu de com\u00adbattre contre les mines de son noble patron.<\/div><\/li><li><span>3<\/span><div>Ceci donne la mesure de la confiance qu\u2019on peut avoir dans les Consti\u00adtu\u00adtions soi-disant lib\u00e9\u00adrales&nbsp;; elles garan\u00adtissent la liber\u00adt\u00e9 des citoyens en temps calme, c\u2019est-\u00e0-dire quand les gou\u00adver\u00adne\u00adments n\u2019ont aucune rai\u00adson d\u2019y atten\u00adter. Mais aux \u00e9poques trou\u00adbl\u00e9es, alors qu\u2019on aurait besoin plus que jamais de leur pro\u00adtec\u00adtion, les gou\u00adver\u00adne\u00adments les suspendent\u2026<\/div><\/li><\/ul>","protected":false},"excerpt":{"rendered":"<p>Donc le 23 juillet, les orga\u00adni\u00adsa\u00adtions ouvri\u00e8res de Bar\u00adce\u00adlone r\u00e9so\u00adlurent de pro\u00adcla\u00admer la gr\u00e8ve g\u00e9n\u00e9\u00adrale dans toutes les grandes villes d\u2019Es\u00adpagne, afin d\u2019en\u00adtra\u00adver la mobi\u00adli\u00adsa\u00adtion des troupes, et de per\u00admettre aux pay\u00adsans de se sou\u00adle\u00adver \u00e0 leur tour contre une guerre impo\u00adpu\u00adlaire. Seule\u00adment, pour faire une gr\u00e8ve g\u00e9n\u00e9\u00adrale, il ne suf\u00adfit pas de la d\u00e9cr\u00e9ter,&nbsp;[\u2026]<\/p>\n","protected":false},"author":111,"featured_media":5788,"comment_status":"closed","ping_status":"closed","sticky":false,"template":"wp-custom-template-page-d-article","format":"standard","meta":{"wp_typography_post_enhancements_disabled":false,"footnotes":""},"categories":[83],"tags":[566],"ppma_author":[776],"class_list":["post-697","post","type-post","status-publish","format-standard","has-post-thumbnail","hentry","category-la-vie-ouvriere-n3-5-novembre-1909","tag-espagne"],"authors":[{"term_id":776,"user_id":111,"is_guest":0,"slug":"crates","display_name":"Crat\u00e8s","avatar_url":"https:\/\/secure.gravatar.com\/avatar\/a12f46fc00a7bedd1cb168d417a7fe78bbe742aa9cadfebe307afb8f6953e6cb?s=96&d=mm&r=g","author_category":"","user_url":"","last_name":"Crat\u00e8s","first_name":"","job_title":"","description":"Pseudonyme de Francis Delaisi : <a href=\"https:\/\/maitron.fr\/spip.php?article154902\">sa notice dans le Maitron<\/a>"}],"_links":{"self":[{"href":"https:\/\/la-presse-anarchiste.net\/index.php\/wp-json\/wp\/v2\/posts\/697","targetHints":{"allow":["GET"]}}],"collection":[{"href":"https:\/\/la-presse-anarchiste.net\/index.php\/wp-json\/wp\/v2\/posts"}],"about":[{"href":"https:\/\/la-presse-anarchiste.net\/index.php\/wp-json\/wp\/v2\/types\/post"}],"author":[{"embeddable":true,"href":"https:\/\/la-presse-anarchiste.net\/index.php\/wp-json\/wp\/v2\/users\/111"}],"replies":[{"embeddable":true,"href":"https:\/\/la-presse-anarchiste.net\/index.php\/wp-json\/wp\/v2\/comments?post=697"}],"version-history":[{"count":3,"href":"https:\/\/la-presse-anarchiste.net\/index.php\/wp-json\/wp\/v2\/posts\/697\/revisions"}],"predecessor-version":[{"id":8727,"href":"https:\/\/la-presse-anarchiste.net\/index.php\/wp-json\/wp\/v2\/posts\/697\/revisions\/8727"}],"wp:featuredmedia":[{"embeddable":true,"href":"https:\/\/la-presse-anarchiste.net\/index.php\/wp-json\/wp\/v2\/media\/5788"}],"wp:attachment":[{"href":"https:\/\/la-presse-anarchiste.net\/index.php\/wp-json\/wp\/v2\/media?parent=697"}],"wp:term":[{"taxonomy":"category","embeddable":true,"href":"https:\/\/la-presse-anarchiste.net\/index.php\/wp-json\/wp\/v2\/categories?post=697"},{"taxonomy":"post_tag","embeddable":true,"href":"https:\/\/la-presse-anarchiste.net\/index.php\/wp-json\/wp\/v2\/tags?post=697"},{"taxonomy":"author","embeddable":true,"href":"https:\/\/la-presse-anarchiste.net\/index.php\/wp-json\/wp\/v2\/ppma_author?post=697"}],"curies":[{"name":"wp","href":"https:\/\/api.w.org\/{rel}","templated":true}]}}