{"id":698,"date":"1909-11-05T20:40:09","date_gmt":"1909-11-05T20:40:09","guid":{"rendered":"https:\/\/la-presse-anarchiste.net\/index.php\/2007\/08\/19\/la-crise-du-syndicat-national-des-chemins-de-fer\/"},"modified":"2025-07-14T16:24:42","modified_gmt":"2025-07-14T16:24:42","slug":"la-crise-du-syndicat-national-des-chemins-de-fer","status":"publish","type":"post","link":"https:\/\/la-presse-anarchiste.net\/index.php\/1909\/11\/05\/la-crise-du-syndicat-national-des-chemins-de-fer\/","title":{"rendered":"La crise du syndicat national des chemins de&nbsp;fer"},"content":{"rendered":"<div class=\"pdfprnt-buttons pdfprnt-buttons-post pdfprnt-top-right\"><a href=\"https:\/\/la-presse-anarchiste.net\/index.php\/wp-json\/wp\/v2\/posts\/698?print=pdf\" class=\"pdfprnt-button pdfprnt-button-pdf\" target=\"_blank\"><img decoding=\"async\" src=\"https:\/\/la-presse-anarchiste.net\/wp-content\/plugins\/pdf-print\/images\/pdf.png\" alt=\"image_pdf\" title=\"Afficher le PDF\"><\/a><a href=\"https:\/\/la-presse-anarchiste.net\/index.php\/wp-json\/wp\/v2\/posts\/698?print=print\" class=\"pdfprnt-button pdfprnt-button-print\" target=\"_blank\"><img decoding=\"async\" src=\"https:\/\/la-presse-anarchiste.net\/wp-content\/plugins\/pdf-print\/images\/print.png\" alt=\"image_print\" title=\"Contenu imprim\u00e9\"><\/a><\/div><p style=\"margin-bottom: 0cm; text-align: justify;\" align=\"justify\">Le Syn\u00addi\u00adcat Natio\u00adnal tra\u00adverse une crise dont la gra\u00advi\u00adt\u00e9 s\u2018est mani\u00adfes\u00adt\u00e9e ces der\u00adniers temps par divers inci\u00addents significatifs&nbsp;:<\/p>\n<p style=\"margin-bottom: 0cm; text-align: justify;\" align=\"justify\">1\u00b0 d\u2019a\u00adbord le 20<sup>e <\/sup>Congr\u00e8s, tenu au prin\u00adtemps der\u00adnier, o\u00f9 s\u2019af\u00adfir\u00adma une puis\u00adsante mino\u00adri\u00adt\u00e9 r\u00e9volutionnaire&nbsp;;<\/p>\n<p style=\"margin-bottom: 0cm; text-align: justify;\" align=\"justify\">2\u00b0 puis, les d\u00e9cla\u00adra\u00adtions men\u00adson\u00adg\u00e8res de Gu\u00e9\u00adrard au mee\u00adting de l\u2019Hip\u00adpo\u00addrome (gr\u00e8ve des pos\u00adtiers) qui eurent pour cons\u00e9\u00adquences le tumul\u00adtueux mee\u00adting des che\u00admi\u00adnots \u00e0 Tivo\u00adli et la d\u00e9mis\u00adsion du secr\u00e9\u00adtaire g\u00e9n\u00e9\u00adral du Syndicat&nbsp;;<\/p>\n<p style=\"margin-bottom: 0cm; text-align: justify;\" align=\"justify\">3\u00b0 enfin l\u2019ex\u00adclu\u00adsion de Bida\u00admant qui a entra\u00ee\u00adn\u00e9 la fon\u00adda\u00adtion d\u2019un Comi\u00adt\u00e9 de D\u00e9fense syn\u00addi\u00adca\u00adliste des che\u00admi\u00adnots. Faut-il ne voir dans cette crise qu\u2019un \u00e9pi\u00adsode du conflit entre r\u00e9vo\u00adlu\u00adtion\u00adnaires et r\u00e9formistes&nbsp;?<\/p>\n<p style=\"margin-bottom: 0cm; text-align: justify;\" align=\"justify\">Non. Certes, les mili\u00adtants r\u00e9vo\u00adlu\u00adtion\u00adnaires du Syn\u00addi\u00adcat Natio\u00adnal ont don\u00adn\u00e9 l\u2019as\u00adsaut&nbsp;; mais ce dif\u00adf\u00e9\u00adrend ne tient pas, quant au fond, dans des que\u00adrelles th\u00e9o\u00adriques&nbsp;; il r\u00e9side dans ce fait pr\u00e9\u00addo\u00admi\u00adnant que le Syn\u00addi\u00adcat Natio\u00adnal n\u2019est pas le syn\u00addi\u00adcat des tra\u00advailleurs grou\u00adp\u00e9s dans son sein, mais le syn\u00addi\u00adcat d\u2019un homme, le syn\u00addi\u00adcat Gu\u00e9rard.<\/p>\n<p style=\"margin-bottom: 0cm; text-align: justify;\" align=\"justify\">Il n\u2019est pas de sta\u00adtuts, il n\u2019est pas de r\u00e8gle\u00adments qui comptent devant la volon\u00adt\u00e9 et devant l\u2019ha\u00adbi\u00adle\u00adt\u00e9 de Gu\u00e9\u00adrard. Et qui\u00adconque ose cri\u00adti\u00adquer les actes du ma\u00eetre, risque comme Bida\u00admant, d\u2019\u00eatre exclu pour crime de l\u00e8se-majes\u00adt\u00e9. Affir\u00adma\u00adtions en l\u2019air&nbsp;! Point du tout et nous le prouverons.<\/p>\n<h5 style=\"text-align: justify;\">Le 20<sup>e<\/sup> Congr\u00e8s national<\/h5>\n<p style=\"margin-bottom: 0cm; text-align: justify;\" align=\"justify\">C\u2019est par\u00admi les admi\u00adnis\u00adtra\u00adteurs, \u00e9lus du 19<sup>e<\/sup> Congr\u00e8s, c\u2019est-\u00e0-dire dans le Conseil de 1908, que com\u00admen\u00adc\u00e8rent \u00e0 se mani\u00adfes\u00adter avec quelque vigueur, les vel\u00adl\u00e9i\u00adt\u00e9s d\u2019\u00e9\u00adman\u00adci\u00adpa\u00adtion qui sont aujourd\u2019\u00adhui le pre\u00admier article de notre pro\u00adgramme de <i>d\u00e9fense syn\u00addi\u00adcale<\/i><sup class=\"modern-footnotes-footnote modern-footnotes-footnote--expands-on-desktop \" data-mfn=\"1\" data-mfn-post-scope=\"000000000af805b90000000037dc373b_698\"><a href=\"javascript:void(0)\" role=\"button\" aria-pressed=\"false\" aria-describedby=\"mfn-content-000000000af805b90000000037dc373b_698-1\">1<\/a><\/sup><span id=\"mfn-content-000000000af805b90000000037dc373b_698-1\" role=\"tooltip\" class=\"modern-footnotes-footnote__note\" tabindex=\"0\" data-mfn=\"1\">Le Comi\u00adt\u00e9 de D\u00e9fense syn\u00addi\u00adca\u00adliste du Syn\u00addi\u00adcat Natio\u00adnal des Tra\u00advailleurs des Che\u00admins de fer a publi\u00e9 r\u00e9cem\u00adment un mani\u00adfeste. Sa coti\u00adsa\u00adtion men\u00adsuelle, 0&nbsp;fr. 50. Le secr\u00e9\u00adtaire est Le Guen\u00adnic, sen\u00adtier des Marais, Meu\u00addon (Seine-et-Oise). Le tr\u00e9\u00adso\u00adrier, Gaillard, 25, rue de Paris, Bobi\u00adgny (Seine).<\/span>.<\/p>\n<p style=\"margin-bottom: 0cm; text-align: justify;\" align=\"justify\">Mal\u00adgr\u00e9 la har\u00addiesse bien connue de ses id\u00e9es, Le Guen\u00adnic fut, en effet, d\u00e9l\u00e9\u00adgu\u00e9 au Comi\u00adt\u00e9 conf\u00e9\u00add\u00e9\u00adral&nbsp;; mais apr\u00e8s le Congr\u00e8s de Mar\u00adseille, o\u00f9 ce cama\u00adrade s\u2019\u00e9\u00adtait trou\u00adv\u00e9 en oppo\u00adsi\u00adtion avec Gu\u00e9\u00adrard, son man\u00addat lui \u00e9tait reti\u00adr\u00e9 par 14 voix contre 13, \u00e0 la suite d\u2019une inter\u00adven\u00adtion auda\u00adcieuse du Comi\u00adt\u00e9 du r\u00e9seau de&nbsp;l\u2019Est.<\/p>\n<p style=\"margin-bottom: 0cm; text-align: justify;\" align=\"justify\">La r\u00e9per\u00adcus\u00adsion de cet acte injus\u00adti\u00adfi\u00e9 devait peser for\u00adte\u00adment sur la phy\u00adsio\u00adno\u00admie du 20<sup>e<\/sup> Congr\u00e8s natio\u00adnal (4 au 7 mai 1909), et mon\u00adtrer \u00e0 Gu\u00e9\u00adrard que son auto\u00adri\u00adt\u00e9 \u00e9tait s\u00e9rieu\u00adse\u00adment mena\u00adc\u00e9e. Alors qu\u2019il \u00e9tait appa\u00adru jus\u00adqu\u2019\u00e0 ce jour comme le ma\u00eetre des des\u00adti\u00adn\u00e9es du Syn\u00addi\u00adcat des che\u00admins de fer, brus\u00adque\u00adment se r\u00e9v\u00e9\u00adlait une mino\u00adri\u00adt\u00e9 puis\u00adsante, grou\u00adpant les <sup class=\"numerator\">2<\/sup>\u2044<sub class=\"denominator\">5<\/sub><sup>e<\/sup> des mandats.<\/p>\n<p style=\"margin-bottom: 0cm; text-align: justify;\" align=\"justify\">Il est m\u00eame per\u00admis de croire que Gu\u00e9\u00adrard ne res\u00adta ma\u00eetre de la situa\u00adtion que gr\u00e2ce \u00e0 une savante diver\u00adsion, \u00e0 cette fameuse s\u00e9ance secr\u00e8te, \u00e0 la fois si risible et si pro\u00adfon\u00add\u00e9\u00adment triste, dans laquelle furent envi\u00adsa\u00adg\u00e9es les mesures \u00e0 prendre en pr\u00e9\u00advi\u00adsion de la&nbsp;gr\u00e8ve.<\/p>\n<p style=\"margin-bottom: 0cm; text-align: justify;\" align=\"justify\">Mais cela ne l\u2019emp\u00eachait pas de diri\u00adger dans la cou\u00adlisse la petite com\u00e9\u00addie qui se jouait \u00e0 c\u00f4t\u00e9 de la grande et qui abou\u00adtit \u00e0 faire \u00e9li\u00admi\u00adner son g\u00eanant adver\u00adsaire du nou\u00adveau Conseil d\u2019administration.<\/p>\n<p style=\"margin-bottom: 0cm; text-align: justify;\" align=\"justify\">D\u00e8s ce moment, Gu\u00e9\u00adrard se sen\u00adtit gra\u00adve\u00adment mena\u00adc\u00e9. La grosse influence dont il croyait dis\u00adpo\u00adser et qu\u2019il met\u00adtait \u00e0 la dis\u00adpo\u00adsi\u00adtion du r\u00e9for\u00admisme gou\u00adver\u00adne\u00admen\u00adtal s\u2019en allait&nbsp;! Demain d\u2019autres hommes seraient appe\u00adl\u00e9s \u00e0 la t\u00eate du Syn\u00addi\u00adcat Natio\u00adnal. Il fal\u00adlait emp\u00ea\u00adcher cela \u00e0 tout prix. Alors Gu\u00e9\u00adrard ne recu\u00adla pas devant un pro\u00adjet de scis\u00adsion de la C.G.T.&nbsp;; mais ses amis, eux, recu\u00adl\u00e8rent devant cette \u0153uvre de divi\u00adsion ouvri\u00e8re.<\/p>\n<h5 style=\"text-align: justify;\">Les meetings de l\u2019Hippodrome et de Tivoli<\/h5>\n<p style=\"margin-bottom: 0cm; text-align: justify;\" align=\"justify\">Le 14 mai au soir, les admi\u00adnis\u00adtra\u00adteurs nom\u00adm\u00e9s par le 20<sup>e<\/sup> Congr\u00e8s, me confiaient les fonc\u00adtions de secr\u00e9\u00adtaire g\u00e9n\u00e9\u00adral, de pr\u00e9\u00adf\u00e9\u00adrence au can\u00addi\u00addat sor\u00adtant, vieux mili\u00adtant ayant toutes les sym\u00adpa\u00adthies de Gu\u00e9\u00adrard et dont l\u2019\u00e9\u00adlec\u00adtion avait tou\u00adjours \u00e9t\u00e9 assu\u00adr\u00e9e, sans concur\u00adrents possibles.<\/p>\n<p style=\"margin-bottom: 0cm; text-align: justify;\" align=\"justify\">Dans l\u2019a\u00adpr\u00e8s-midi du m\u00eame jour Gu\u00e9\u00adrard, <i>secr\u00e9\u00adtaire du Conseil<\/i>, enga\u00adgeant le syn\u00addi\u00adcat tout entier, avait fait, au mee\u00adting de l\u2019Hip\u00adpo\u00addrome, la d\u00e9cla\u00adra\u00adtion que l\u2019on conna\u00eet&nbsp;:<\/p>\n<blockquote>\n<p style=\"margin-bottom: 0cm; text-align: justify;\" align=\"justify\">On vous a dit que lorsque les orga\u00adni\u00adsa\u00adtions ouvri\u00e8res vous don\u00adne\u00adraient leur concours, votre mou\u00adve\u00adment ces\u00adse\u00adrait d\u2019\u00eatre pro\u00adfes\u00adsion\u00adnel. Eh bien, pour ma part, j\u2019es\u00adtime que si ce mou\u00adve\u00adment s\u2019\u00e9\u00adtend aux che\u00admins de fer, il res\u00adte\u00adra encore tout \u00e0 fait pro\u00adfes\u00adsion\u00adnel, <i>\u00e0 cause de l\u2019i\u00adden\u00adti\u00adt\u00e9 de nos situa\u00adtions et de nos condi\u00adtions<\/i>.<\/p>\n<p style=\"margin-bottom: 0cm; text-align: justify;\" align=\"justify\">Sans \u00eatre un \u00ab&nbsp;meneur&nbsp;\u00bb, j\u2019ai bien le droit de don\u00adner un conseil. Or, en pareille cir\u00adcons\u00adtance, <i>il n\u2019y a plus \u00e0 attendre une consul\u00adta\u00adtion indi\u00advi\u00adduelle de tous les syn\u00addi\u00adqu\u00e9s<sup class=\"modern-footnotes-footnote modern-footnotes-footnote--expands-on-desktop \" data-mfn=\"2\" data-mfn-post-scope=\"000000000af805b90000000037dc373b_698\"><a href=\"javascript:void(0)\" role=\"button\" aria-pressed=\"false\" aria-describedby=\"mfn-content-000000000af805b90000000037dc373b_698-2\">2<\/a><\/sup><span id=\"mfn-content-000000000af805b90000000037dc373b_698-2\" role=\"tooltip\" class=\"modern-footnotes-footnote__note\" tabindex=\"0\" data-mfn=\"2\"><\/span><\/i>Le Congr\u00e8s avait en effet d\u00e9ci\u00add\u00e9 de consul\u00adter imm\u00e9\u00addia\u00adte\u00adment les groupes, par voie de r\u00e9f\u00e9\u00adren\u00addum, sur l\u2019aide \u00e0 appor\u00adter aux pos\u00adtiers. Mais au 14, rien n\u2019a\u00advait \u00e9t\u00e9 fait, le r\u00e9f\u00e9\u00adren\u00addum n\u2019\u00e9\u00adtait pas m\u00eame lan\u00adc\u00e9.<i><\/i>, mais \u00e0 prendre une ini\u00adtia\u00adtive, \u00e0 pro\u00advo\u00adquer le plus rapi\u00adde\u00adment le mou\u00adve\u00adment, demain, s\u2019il se&nbsp;peut.<\/p>\n<p style=\"margin-bottom: 0cm; text-align: justify;\" align=\"justify\">Il faut que le gou\u00adver\u00adne\u00adment se rende compte de l\u2019\u00e9\u00adtroite soli\u00adda\u00adri\u00adt\u00e9 qui nous unit. Lorsque l\u2019on vous atteint, on nous atteint nous-m\u00eames et nous devons nous lever pour vous d\u00e9fendre&nbsp;!<\/p>\n<p style=\"margin-bottom: 0cm; text-align: justify;\" align=\"justify\">On a cou\u00adtume de par\u00adler de ma pru\u00addence. Et, en effet, je ne dis que ce que je veux dire. Je vous fais, en ce moment, une d\u00e9cla\u00adra\u00adtion tr\u00e8s&nbsp;nette.<\/p>\n<p style=\"margin-bottom: 0cm; text-align: justify;\" align=\"justify\">C\u2019est au nom des cama\u00adrades qui ont expri\u00adm\u00e9 leur opi\u00adnion dans leur r\u00e9cent Congr\u00e8s que je parle\u2026<sup class=\"modern-footnotes-footnote modern-footnotes-footnote--expands-on-desktop \" data-mfn=\"3\" data-mfn-post-scope=\"000000000af805b90000000037dc373b_698\"><a href=\"javascript:void(0)\" role=\"button\" aria-pressed=\"false\" aria-describedby=\"mfn-content-000000000af805b90000000037dc373b_698-3\">3<\/a><\/sup><span id=\"mfn-content-000000000af805b90000000037dc373b_698-3\" role=\"tooltip\" class=\"modern-footnotes-footnote__note\" tabindex=\"0\" data-mfn=\"3\">Jour\u00adnaux du 15&nbsp;mai.<\/span><\/p>\n<\/blockquote>\n<p style=\"margin-bottom: 0cm; text-align: justify;\" align=\"justify\">L\u2019im\u00adpres\u00adsion pro\u00adduite sur le public fut consi\u00add\u00e9\u00adrable&nbsp;; elle ne le fut pas moins sur les syn\u00addi\u00adqu\u00e9s, et je n\u2019\u00e9\u00adton\u00adne\u00adrai per\u00adsonne en disant qu\u2019un cer\u00adtain malaise pesait sur les membres du conseil, \u00e0 la r\u00e9union du&nbsp;14.<\/p>\n<p style=\"margin-bottom: 0cm; text-align: justify;\" align=\"justify\">Les par\u00adti\u00adsans d\u2019une action \u00e9ner\u00adgique ne purent que sup\u00adpo\u00adser que le comi\u00adt\u00e9 de gr\u00e8ve, nom\u00adm\u00e9 en s\u00e9ance secr\u00e8te pen\u00addant le Congr\u00e8s, s\u2019\u00e9\u00adtait pro\u00adnon\u00adc\u00e9 pour une mani\u00adfes\u00adta\u00adtion tr\u00e8s proche en faveur des pos\u00adtiers gr\u00e8ve. Quant aux autres, ils \u00e9taient abso\u00adlu\u00adment atterr\u00e9s.<\/p>\n<p style=\"margin-bottom: 0cm; text-align: justify;\" align=\"justify\">Pour ras\u00adsu\u00adrer ces der\u00adniers et pour att\u00e9\u00adnuer en m\u00eame temps l\u2019ef\u00adfet de son \u00ab&nbsp;bluff&nbsp;\u00bb (le mot est de Gu\u00e9\u00adrard lui-m\u00eame), celui-ci par\u00adla d\u2019une d\u00e9marche faite par lui \u00e0 <i>l\u2019Hu\u00adma\u00adni\u00adt\u00e9<\/i> dans le but de s\u2019as\u00adsu\u00adrer que ses paroles avaient bien \u00e9t\u00e9 exac\u00adte\u00adment inter\u00adpr\u00e9\u00adt\u00e9es\u200a\u2014\u200aen r\u00e9a\u00adli\u00adt\u00e9 pour les alt\u00e9\u00adrer\u200a\u2014\u200aet de l\u2019or\u00adga\u00adni\u00adsa\u00adtion d\u2019un mee\u00adting des\u00adti\u00adn\u00e9 \u00e0 faire patien\u00adter les gr\u00e9vistes.<\/p>\n<p style=\"margin-bottom: 0cm; text-align: justify;\" align=\"justify\">Ce fut le mee\u00adting de Tivo\u00adli, fix\u00e9 au 17&nbsp;mai.<\/p>\n<p style=\"margin-bottom: 0cm; text-align: justify;\" align=\"justify\">La pr\u00e9\u00adsence de Subra et de Le Gl\u00e9o, d\u00e9l\u00e9\u00adgu\u00e9s des pos\u00adtiers, venant deman\u00adder compte, \u00e0 l\u2019o\u00adra\u00adteur de l\u2019Hip\u00adpo\u00addrome, des pro\u00admesses cat\u00e9\u00adgo\u00adriques faites au nom du S.N. des Che\u00admins de fer, don\u00adna \u00e0 cette s\u00e9ance une phy\u00adsio\u00adno\u00admie tra\u00adgique dont l\u2019im\u00adpres\u00adsion res\u00adte\u00adra dans la m\u00e9moire de tous ceux qui y assis\u00adt\u00e8rent. Ils n\u2019ou\u00adblie\u00adront pas non plus les cris de&nbsp;: d\u00e9mis\u00adsion&nbsp;! pous\u00ads\u00e9s par des mil\u00adliers de cama\u00adrades \u00e0 l\u2019a\u00addresse de Gu\u00e9\u00adrard, qui le len\u00adde\u00admain, se croyant per\u00addu, s\u2019\u00e9criait&nbsp;:<\/p>\n<p style=\"margin-bottom: 0cm; text-align: justify;\">\u00ab\u200a\u2014\u200aApr\u00e8s tout, le syn\u00addi\u00adcat natio\u00adnal c\u2019est le syn\u00addi\u00adcal Gu\u00e9\u00adrard, et s\u2019ils m\u2019em\u2026 l\u2019Est et le Midi me sui\u00advront<sup class=\"modern-footnotes-footnote modern-footnotes-footnote--expands-on-desktop \" data-mfn=\"4\" data-mfn-post-scope=\"000000000af805b90000000037dc373b_698\"><a href=\"javascript:void(0)\" role=\"button\" aria-pressed=\"false\" aria-describedby=\"mfn-content-000000000af805b90000000037dc373b_698-4\">4<\/a><\/sup><span id=\"mfn-content-000000000af805b90000000037dc373b_698-4\" role=\"tooltip\" class=\"modern-footnotes-footnote__note\" tabindex=\"0\" data-mfn=\"4\">D\u00e9cla\u00adra\u00adtion rap\u00adpe\u00adl\u00e9e devant le Conseil par Char\u00adnay, \u00e0 la suite les voies de fait aux\u00adquelles s\u2019\u00e9\u00adtait livr\u00e9 Gu\u00e9\u00adrard sur sa per\u00adsonne.<\/span>&nbsp;!&nbsp;\u00bb<\/p>\n<p style=\"margin-bottom: 0cm; text-align: justify;\" align=\"justify\">Bien que ces r\u00e9seaux aient pris par\u00adti pour lui contre nous, nous ne pou\u00advons croire que leurs mili\u00adtants se pr\u00ea\u00adte\u00adront jus\u00adqu\u2019au bout \u00e0 une \u0153uvre de divi\u00adsion ardem\u00adment vou\u00adlue et pr\u00e9\u00adpa\u00adr\u00e9e par des actes dont l\u2019\u00e9\u00advi\u00addence cr\u00e8ve les yeux. Et pour\u00adtant, c\u2019est nous que l\u2019on accuse de pous\u00adser \u00e0 la division&nbsp;!<\/p>\n<h5 style=\"text-align: justify;\">Ma d\u00e9mission<\/h5>\n<p style=\"margin-bottom: 0cm; text-align: justify;\" align=\"justify\">Gu\u00e9\u00adrard est d\u2019a\u00advis que moins sou\u00advent le Conseil se r\u00e9unit et mieux vont les affaires du syn\u00addi\u00adcat. En cons\u00e9\u00adquence, il ne le convo\u00adquait, habi\u00adtuel\u00adle\u00adment, qu\u2019une quin\u00adzaine apr\u00e8s la dis\u00adlo\u00adca\u00adtion de chaque Congr\u00e8s national.<\/p>\n<p style=\"margin-bottom: 0cm; text-align: justify;\" align=\"justify\">Cette ann\u00e9e, vu la gra\u00advi\u00adt\u00e9 des \u00e9v\u00e9\u00adne\u00adments, le d\u00e9lai<sup class=\"modern-footnotes-footnote modern-footnotes-footnote--expands-on-desktop \" data-mfn=\"5\" data-mfn-post-scope=\"000000000af805b90000000037dc373b_698\"><a href=\"javascript:void(0)\" role=\"button\" aria-pressed=\"false\" aria-describedby=\"mfn-content-000000000af805b90000000037dc373b_698-5\">5<\/a><\/sup><span id=\"mfn-content-000000000af805b90000000037dc373b_698-5\" role=\"tooltip\" class=\"modern-footnotes-footnote__note\" tabindex=\"0\" data-mfn=\"5\">Du 7 mai, date de la dis\u00adlo\u00adca\u00adtion du Congr\u00e8s, au 14 mai, de la convo\u00adca\u00adtion des admi\u00adnis\u00adtra\u00adteurs, la ges\u00adtion du S. N. fut tout enti\u00e8re entre les mains du secr\u00e9\u00adtaire du Conseil.<\/span> fut dimi\u00adnu\u00e9 de moi\u00adti\u00e9, et quand, apr\u00e8s le 14 mai, je pris l\u2019i\u00adni\u00adtia\u00adtive de r\u00e9unir extra\u00ador\u00addi\u00adnai\u00adre\u00adment le Conseil, c\u2019\u00e9\u00adtait la pre\u00admi\u00e8re fois qu\u2019une pareille d\u00e9ci\u00adsion \u00e9tait prise par le secr\u00e9\u00adtaire g\u00e9n\u00e9ral.<\/p>\n<p style=\"margin-bottom: 0cm; text-align: justify;\" align=\"justify\">Le motif&nbsp;: les inci\u00addents du mee\u00adting de Tivo\u00adli dont il a \u00e9t\u00e9 ques\u00adtion. Pris \u00e0 par\u00adti comme pr\u00e9\u00adsident de s\u00e9ance, accu\u00ads\u00e9 de m\u2019\u00eatre fait le com\u00adplice de Gu\u00e9\u00adrard en refu\u00adsant de mettre aux voix le bl\u00e2me \u00e9ner\u00adgi\u00adque\u00adment r\u00e9cla\u00adm\u00e9 pour lui, sur la pro\u00adpo\u00adsi\u00adtion de Bida\u00admant, par tous les cama\u00adrades pr\u00e9\u00adsents, je crus n\u00e9ces\u00adsaire de faire para\u00eetre dans <i>l\u2019Hu\u00adma\u00adni\u00adt\u00e9<\/i> (19 mai) une note dont voi\u00adci la reproduction&nbsp;:<\/p>\n<blockquote>\n<p style=\"margin-bottom: 0cm; text-align: justify;\" align=\"justify\">En fin de s\u00e9ance, alors que la salle \u00e9tait le plus hou\u00adleuse et r\u00e9cla\u00admait un ordre du jour plus \u00e9ner\u00adgique tout en se pro\u00adnon\u00ad\u00e7ant pour le r\u00e9f\u00e9\u00adren\u00addum, Bida\u00admant pro\u00adpo\u00adsa une addi\u00adtion com\u00adpor\u00adtant un bl\u00e2me \u00e0 Gu\u00e9rard.<\/p>\n<p style=\"margin-bottom: 0cm; text-align: justify;\" align=\"justify\">Je n\u2019ai pas per\u00admis que ce vote eut lieu sur cette addi\u00adtion, et il m\u2019en a co\u00fb\u00adt\u00e9 de vertes injures&nbsp;; mais Gu\u00e9\u00adrard \u00e9tant absent, la dis\u00adcus\u00adsion n\u2019ayant pas eu lieu sur ce ter\u00adrain, et un grand nombre de cama\u00adrades \u00e9tant par\u00adtis, quelle valeur pou\u00advait avoir ce&nbsp;vote&nbsp;?<\/p>\n<p style=\"margin-bottom: 0cm; text-align: justify;\" align=\"justify\">Plu\u00adsieurs mil\u00adliers de cama\u00adrades encore pr\u00e9\u00adsents applau\u00addirent \u00e0 la pro\u00adpo\u00adsi\u00adtion de Bida\u00admant parce qu\u2019ils avaient l\u2019im\u00adpres\u00adsion qu\u2019une faute avait \u00e9t\u00e9 com\u00admise. J\u2019a\u00advais eu moi-m\u00eame cette impres\u00adsion et avais mani\u00adfes\u00adt\u00e9 devant le Conseil mon \u00e9ton\u00adne\u00adment et ma d\u00e9cep\u00adtion comme syn\u00addi\u00adqu\u00e9 de n\u2019a\u00advoir pas re\u00e7u le ques\u00adtion\u00adnaire&nbsp;; comme membre du Conseil, de n\u2019a\u00advoir pas \u00e9t\u00e9 convo\u00adqu\u00e9 avant le ven\u00addre\u00addi de la semaine ayant sui\u00advi le Congr\u00e8s.<\/p>\n<p style=\"margin-bottom: 0cm; text-align: justify;\" align=\"justify\">Mais il s\u2019a\u00adgit d\u2019\u00e9\u00adta\u00adblir les res\u00adpon\u00adsa\u00adbi\u00adli\u00adt\u00e9s et l\u00e0 est la dif\u00adfi\u00adcul\u00adt\u00e9. Le comi\u00adt\u00e9 de gr\u00e8ve devait-il se s\u00e9pa\u00adrer avant d\u2019a\u00advoir sta\u00adtu\u00e9 sur la for\u00admule du <i>r\u00e9f\u00e9\u00adren\u00addum&nbsp;<\/i>?<\/p>\n<p style=\"margin-bottom: 0cm; text-align: justify;\" align=\"justify\">S\u2019il appar\u00adte\u00adnait au Conseil d\u2019ar\u00adr\u00ea\u00adter cette for\u00admule, qui devait prendre l\u2019i\u00adni\u00adtia\u00adtive de h\u00e2ter sa convocation&nbsp;?<\/p>\n<p style=\"margin-bottom: 0cm; text-align: justify;\" align=\"justify\">C\u2019est une r\u00e9so\u00adlu\u00adtion que j\u2019au\u00adrais prise si j\u2019a\u00advais \u00e9t\u00e9 secr\u00e9\u00adtaire g\u00e9n\u00e9\u00adral. Cepen\u00addant, aucun article des sta\u00adtuts ne fixe les attri\u00adbu\u00adtions de celui-ci.<\/p>\n<p style=\"margin-bottom: 0cm; text-align: justify;\" align=\"justify\">\u00ab&nbsp;Art. 19.\u200a\u2014\u200aLe secr\u00e9\u00adtaire g\u00e9n\u00e9\u00adral repr\u00e9\u00adsente le Syn\u00addi\u00adcat en justice.&nbsp;\u00bb<\/p>\n<p style=\"margin-bottom: 0cm; text-align: justify;\" align=\"justify\">On cher\u00adche\u00adrait en vain, sur les sta\u00adtuts une autre allu\u00adsion au secr\u00e9\u00adtaire g\u00e9n\u00e9ral.<\/p>\n<p style=\"margin-bottom: 0cm; text-align: justify;\" align=\"justify\">Je crois que son r\u00f4le est de ser\u00advir de point de contact entre le Conseil et le secr\u00e9\u00adtaire du Conseil, mais ce n\u2019est pas suffisant.<\/p>\n<p style=\"margin-bottom: 0cm; text-align: justify;\" align=\"justify\">L\u2019or\u00adga\u00adni\u00adsa\u00adtion souffre d\u2019un mal pro\u00adfond&nbsp;: cha\u00adcun se repose sur son voi\u00adsin et tous sur le secr\u00e9\u00adtaire du Conseil, de sorte que toute l\u2019i\u00adni\u00adtia\u00adtive est entre les mains d\u2019un&nbsp;seul.<\/p>\n<p style=\"margin-bottom: 0cm; text-align: justify;\" align=\"justify\"><span style=\"font-family: Times New Roman, serif;\">\u00c0 <\/span>mon avis, au lieu d\u2019un Conseil de trente membres, il fau\u00addrait une Com\u00admis\u00adsion ex\u00e9\u00adcu\u00adtive \u00e0 rai\u00adson d\u2019un membre par comi\u00adt\u00e9 de r\u00e9seau. Quoi qu\u2019il en soit, l\u2019or\u00adga\u00adni\u00adsa\u00adtion actuelle a don\u00adn\u00e9 ce qu\u2019elle pou\u00advait don\u00adner&nbsp;; elle est au bout de son rou\u00adleau et il est grand temps de la modi\u00adfier si l\u2019on ne veut pas assis\u00adter \u00e0 sa d\u00e9ch\u00e9ance.<\/p>\n<\/blockquote>\n<p style=\"margin-bottom: 0cm; text-align: justify;\" align=\"justify\">Lisez cette note avec atten\u00adtion&nbsp;: elle n\u2019in\u00adcri\u00admi\u00adnait per\u00adsonne et ne s\u2019en pre\u00adnait qu\u2019\u00e0 l\u2019or\u00adga\u00adni\u00adsa\u00adtion. C\u2019\u00e9\u00adtait encore trop&nbsp;; le secr\u00e9\u00adtaire du Conseil, ayant la pr\u00e9\u00adten\u00adtion d\u2019\u00eatre tout et n\u2019ad\u00admet\u00adtant aucun contr\u00f4le, ne pou\u00advait souf\u00adfrir \u00e0 ses c\u00f4t\u00e9s un <em>col\u00adla\u00adbo\u00adra\u00adteur.<\/em> Le secr\u00e9\u00adtaire g\u00e9n\u00e9\u00adral ne devait pas sor\u00adtir du r\u00f4le per\u00admis jus\u00adqu\u2019a\u00adlors au d\u00e9ten\u00adteur de cette fonc\u00adtion pure\u00adment nomi\u00adnale, sous peine d\u2019a\u00advoir \u00e0 la r\u00e9signer.<\/p>\n<p style=\"margin-bottom: 0cm; text-align: justify;\" align=\"justify\">Je m\u2019en aper\u00ad\u00e7us bien \u00e0 la s\u00e9ance du 19 mai o\u00f9 le Conseil, se soli\u00adda\u00adri\u00adsant avec Gu\u00e9\u00adrard, approu\u00advait son inter\u00adven\u00adtion au mee\u00adting de l\u2019Hip\u00adpo\u00addrome, un acte d\u2019au\u00adto\u00adri\u00adta\u00adrisme inso\u00adlem\u00adment impo\u00ads\u00e9, comme indis\u00adpen\u00adsable \u00e0 l\u2019in\u00adt\u00e9\u00adr\u00eat du Syn\u00addi\u00adcat (inser\u00adtion d\u2019un article d\u2019une page de <i>La Tri\u00adbune<\/i>, pr\u00e9\u00adsen\u00adtant sa d\u00e9fense et conte\u00adnant une d\u00e9cla\u00adra\u00adtion de guerre aux r\u00e9vo\u00adlu\u00adtion\u00adnaires), et me bl\u00e2\u00admait pour la note parue dans <i>l\u2019Hu\u00adma\u00adni\u00adt\u00e9<\/i>.<\/p>\n<p style=\"margin-bottom: 0cm; text-align: justify;\" align=\"justify\">Je don\u00adnai ma d\u00e9mis\u00adsion et au moyen d\u2019une cir\u00adcu\u00adlaire, j\u2019ex\u00adpo\u00adsai les condi\u00adtions dans les\u00adquelles je l\u2019a\u00advais&nbsp;fait.<\/p>\n<p style=\"margin-bottom: 0cm; text-align: justify;\" align=\"justify\">Gu\u00e9\u00adrard avait sen\u00adti qu\u2019\u00e0 mon tour, je voyais clair dans son jeu&nbsp;; comme bien d\u2019autres, je devais dis\u00adpa\u00adra\u00eetre. Alors, le pas\u00ads\u00e9 du Syn\u00addi\u00adcat Natio\u00adnal s\u2019\u00e9\u00adclai\u00adra pour moi des lueurs du pr\u00e9\u00adsent&nbsp;: <em>Rien de ce qui pou\u00advait g\u00eaner Gu\u00e9\u00adrard ne devait sub\u00adsis\u00adter<\/em>.<\/p>\n<h5 style=\"text-align: justify;\">L\u2019exclusion de Bidamant<\/h5>\n<p style=\"margin-bottom: 0cm; text-align: justify;\" align=\"justify\">Bida\u00admant avait eu le tort tout \u00e0 fait impar\u00addon\u00adnable d\u2019a\u00advoir vu clair de bonne heure dans les agis\u00adse\u00adments de Gu\u00e9rard.<\/p>\n<p style=\"margin-bottom: 0cm; text-align: justify;\" align=\"justify\">Mais du moins avait-il le cou\u00adrage de faire conna\u00eetre tout haut son opi\u00adnion et non \u00e0 la fa\u00e7on de Basile, comme le fait son ennemi.<\/p>\n<p style=\"margin-bottom: 0cm; text-align: justify;\" align=\"justify\">La plus grande habi\u00adle\u00adt\u00e9 de Gu\u00e9\u00adrard, dans tous ces \u00e9v\u00e9\u00adne\u00adments, ce fut de soli\u00adda\u00adri\u00adser le Conseil, par\u00adti\u00adcu\u00adli\u00e8\u00adre\u00adment les r\u00e9for\u00admistes, avec lui, en fai\u00adsant approu\u00adver tous ses actes. De la sorte, il put par\u00adtir en guerre, tou\u00adjours s\u00fbr d\u2019\u00eatre appuy\u00e9 par son \u00e9tat-major.<\/p>\n<p style=\"margin-bottom: 0cm; text-align: justify;\" align=\"justify\">Apr\u00e8s la lec\u00adture de \u00ab&nbsp;Ma D\u00e9mis\u00adsion&nbsp;\u00bb, Bida\u00admant, avec la fougue de la convic\u00adtion, heu\u00adreux de ce nou\u00adveau t\u00e9moi\u00adgnage qui confir\u00admait toutes ses opi\u00adnions sur le r\u00f4le jou\u00e9 par Gu\u00e9\u00adrard dans le Syn\u00addi\u00adcat natio\u00adnal, appuya mes accu\u00adsa\u00adtions de nou\u00adveaux griefs.<\/p>\n<p style=\"margin-bottom: 0cm; text-align: justify;\" align=\"justify\">Quelles sont les accu\u00adsa\u00adtions por\u00adt\u00e9es par Bida\u00admant&nbsp;?\u200a\u2014\u200aLes ami\u00adti\u00e9s minis\u00adt\u00e9\u00adrielles de Gu\u00e9\u00adrard.\u200a\u2014\u200aN\u2019est-il pas le pre\u00admier \u00e0 s\u2019en pr\u00e9\u00adva\u00adloir et, le same\u00addi soir, 23 octobre, n\u2019as\u00adsis\u00adtait-il pas au punch d\u2019hon\u00adneur offert \u00e0 son excel\u00adlence Mil\u00adle\u00adrand par \u00ab&nbsp;ses \u00e9lecteurs&nbsp;\u00bb&nbsp;!<\/p>\n<p style=\"margin-bottom: 0cm; text-align: justify;\" align=\"justify\">Le r\u00f4le jou\u00e9 par Gu\u00e9\u00adrard dans la gr\u00e8ve des pos\u00adtiers&nbsp;?\u200a\u2014\u200aUne \u00e9qui\u00advoque a pu \u00eatre cr\u00e9\u00e9e sur ce point, \u00e0 la faveur d\u2019une d\u00e9po\u00adsi\u00adtion de Lamarque, des agents des postes, devant le Conseil du Syn\u00addi\u00adcat Natio\u00adnal. Mais Gu\u00e9\u00adrard n\u2019a tou\u00adjours pas don\u00adn\u00e9 de r\u00e9ponse \u00e0 la ques\u00adtion pos\u00e9e devant le Comi\u00adt\u00e9 conf\u00e9\u00add\u00e9\u00adral par Pau\u00adron, d\u00e9l\u00e9\u00adgu\u00e9 des ouvriers des lignes&nbsp;: \u00ab&nbsp;Qu\u2019al\u00adlait faire Gu\u00e9\u00adrard au minis\u00adt\u00e8re, au len\u00adde\u00admain du mee\u00adting de l\u2019Hippodrome&nbsp;?&nbsp;\u00bb<\/p>\n<p style=\"margin-bottom: 0cm; text-align: justify;\" align=\"justify\">La r\u00e9gu\u00adla\u00adri\u00adt\u00e9 des comptes de la lote\u00adrie de l\u2019Or\u00adphe\u00adli\u00adnat des Che\u00admins de fer.\u200a\u2014\u200aTrois mil\u00adlions de billets furent ven\u00addus \u00e0 M.&nbsp;Dejean, direc\u00adteur de la <i>Petite R\u00e9pu\u00adblique<\/i>, pour la somme de 60.000 fr. et pro\u00addui\u00adsirent 300.000 francs de b\u00e9n\u00e9\u00adfices \u00e0 l\u2019heu\u00adreux ache\u00adteur&nbsp;? Est-ce l\u00e0, disait Bida\u00admant, une op\u00e9\u00adra\u00adtion honn\u00eate&nbsp;?<\/p>\n<p style=\"margin-bottom: 0cm; text-align: justify;\" align=\"justify\">Mais je pose cette autre ques\u00adtion&nbsp;: Si le Conseil d\u2019ad\u00admi\u00adnis\u00adtra\u00adtion de l\u2019Or\u00adphe\u00adli\u00adnat a per\u00admis cette op\u00e9\u00adra\u00adtion de vente (mais pas celle de l\u2019emploi des deux pr\u00eate-noms, annon\u00adc\u00e9s comme les v\u00e9ri\u00adtables gagnants des gros lots) o\u00f9 figure cette auto\u00adri\u00adsa\u00adtion&nbsp;? Quel est le pro\u00adc\u00e8s-ver\u00adbal qui la men\u00adtionne&nbsp;? C\u2019est ce qu\u2019on ne nous a jamais fait conna\u00eetre.<\/p>\n<p style=\"margin-bottom: 0cm; text-align: justify;\" align=\"justify\">En tout cas des cama\u00adrades se sont pri\u00adv\u00e9s d\u2019une par\u00adtie de leur mis\u00e9\u00adrable salaire&nbsp;; ils ont rogn\u00e9 peut-\u00eatre sur quelque petite satis\u00adfac\u00adtion dont e\u00fbt pro\u00adfi\u00adt\u00e9 leur famille, pour payer 1 franc des billets qu\u2019un finan\u00adcier eut \u00e0 2 cen\u00adtimes&nbsp;l\u2019un.<\/p>\n<p style=\"margin-bottom: 0cm; text-align: justify;\" align=\"justify\">Pour ces diverses accu\u00adsa\u00adtions Bida\u00admant fut exclu du Syn\u00addi\u00adcat Natio\u00adnal par d\u00e9ci\u00adsion du Conseil d\u2019administration.<\/p>\n<p style=\"margin-bottom: 0cm; text-align: justify;\" align=\"justify\">Il serait trop long de don\u00adner ici, dans ses d\u00e9tails, le r\u00e9cit de cette d\u00e9loyale mesure&nbsp;; mais nous devons en mon\u00adtrer les ill\u00e9\u00adga\u00adli\u00adt\u00e9s et les vices de forme. L\u2019ordre du jour ci-des\u00adsous vot\u00e9 \u00e0 l\u2019u\u00adna\u00adni\u00admi\u00adt\u00e9 moins deux voix, le 27 octobre par le groupe de Dreux (le groupe de Bida\u00admant), en r\u00e9sume quelques-uns&nbsp;; il ne vise pas cepen\u00addant le prin\u00adci\u00adpal, c\u2019est-\u00e0-dire <i>la non-convo\u00adca\u00adtion de l\u2019in\u00adt\u00e9\u00adres\u00ads\u00e9 \u00e0 l\u2019au\u00addi\u00adtion des t\u00e9moins<\/i>.<\/p>\n<p style=\"margin-bottom: 0cm; text-align: justify;\" align=\"justify\">\u00ab&nbsp;Consi\u00add\u00e9\u00adrant que le cama\u00adrade Bida\u00admant a \u00e9t\u00e9 exclu du Syn\u00addi\u00adcat par le Conseil d\u2019ad\u00admi\u00adnis\u00adtra\u00adtion, sans que son Groupe ait \u00e9t\u00e9 consul\u00adt\u00e9, ce qui est contraire \u00e0 l\u2019es\u00adprit de l\u2019ar\u00adticle 6 des statuts,<\/p>\n<p style=\"margin-bottom: 0cm; text-align: justify;\" align=\"justify\">\u00ab&nbsp;Consi\u00add\u00e9\u00adrant que Bida\u00admant n\u2019a com\u00admis aucun acte pou\u00advant por\u00adter pr\u00e9\u00adju\u00addice au Syn\u00addi\u00adcat natio\u00adnal.\u200a\u2014\u200aQu\u2019il s\u2019est bor\u00adn\u00e9 \u00e0 for\u00admu\u00adler les accu\u00adsa\u00adtions que beau\u00adcoup de syn\u00addi\u00adqu\u00e9s recon\u00adnaissent fon\u00add\u00e9es, contre le citoyen Gu\u00e9rard,<\/p>\n<p style=\"margin-bottom: 0cm; text-align: justify;\" align=\"justify\">\u00ab&nbsp;Consi\u00add\u00e9\u00adrant que dans sa s\u00e9ance du 20 octobre, le Comi\u00adt\u00e9 du Groupe de Paris-Nord a exclu du Syn\u00addi\u00adcat natio\u00adnal le citoyen Gu\u00e9\u00adrard, qui rel\u00e8ve direc\u00adte\u00adment de ce Groupe, l\u2019ex\u00adclu\u00adsion du citoyen Gu\u00e9\u00adrard semble confir\u00admer les accu\u00adsa\u00adtions por\u00adt\u00e9es contre le secr\u00e9\u00adtaire du Conseil d\u2019administration.<\/p>\n<p style=\"margin-bottom: 0cm; text-align: justify;\" align=\"justify\">\u00ab&nbsp;D\u00e9clarent main\u00adte\u00adnir leur enti\u00e8re confiance au cama\u00adrade Bida\u00admant, et donnent le man\u00addat for\u00admel au d\u00e9l\u00e9\u00adgu\u00e9 au Congr\u00e8s r\u00e9gio\u00adnal du Mans, de deman\u00adder sa r\u00e9in\u00adt\u00e9\u00adgra\u00adtion imm\u00e9\u00addiate au Syn\u00addi\u00adcat national.&nbsp;\u00bb<\/p>\n<h5 style=\"text-align: justify;\">La Tribune de la Voie ferr\u00e9e<\/h5>\n<p style=\"margin-bottom: 0cm; text-align: justify;\" align=\"justify\">Nos ren\u00adsei\u00adgne\u00adments ne seraient pas com\u00adplets, si nous ne par\u00adlions de <i>La Tri\u00adbune de la Voie fer\u00adr\u00e9e<\/i>, fer\u00adm\u00e9e pour nous, lar\u00adge\u00adment ouverte \u00e0 nos adver\u00adsaires et par\u00adti\u00adcu\u00adli\u00e8\u00adre\u00adment \u00e0 Gu\u00e9\u00adrard, se fai\u00adsant juge et par\u00adtie dans le cas de l\u2019ex\u00adclu\u00adsion de Bida\u00admant, <i>Sup\u00adpl\u00e9\u00adment<\/i> du 22 ao\u00fbt, par exemple.<\/p>\n<p style=\"margin-bottom: 0cm; text-align: justify;\" align=\"justify\">Le secr\u00e9\u00adtaire du Conseil ne s\u2019embarrassa jamais de la com\u00admis\u00adsion du jour\u00adnal&nbsp;; elle comp\u00adtait si peu que son sans-g\u00eane lui valut un jour l\u2019en\u00adnui d\u2019une d\u00e9sap\u00adpro\u00adba\u00adtion du Conseil. C\u2019\u00e9\u00adtait la pre\u00admi\u00e8re fois que pareille aven\u00adture lui arri\u00advait&nbsp;: il mit tous ses ser\u00advices pas\u00ads\u00e9s dans la balance et d\u00e9cla\u00adra qu\u2019il n\u2019ac\u00adcep\u00adte\u00adrait jamais \u00ab&nbsp;de n\u2019\u00eatre au syn\u00addi\u00adcat qu\u2019un employ\u00e9&nbsp;\u00bb.<\/p>\n<p style=\"margin-bottom: 0cm; text-align: justify;\" align=\"justify\">Gu\u00e9\u00adrard avait sup\u00adpri\u00adm\u00e9 un article accep\u00adt\u00e9 par la com\u00admis\u00adsion du jour\u00adnal&nbsp;; j\u2019en \u00e9tais l\u2019au\u00adteur et le sujet, c\u2019\u00e9\u00adtait une pro\u00adtes\u00adta\u00adtion contre le retrait du man\u00addat de Le Guen\u00adnic, d\u00e9l\u00e9\u00adgu\u00e9 \u00e0 la C.G.T.<\/p>\n<p style=\"margin-bottom: 0cm; text-align: justify;\" align=\"justify\">Mais son acte le plus auda\u00adcieux, ce fut l\u2019in\u00adser\u00adtion, sans auto\u00adri\u00adsa\u00adtion et <i>inso\u00adlem\u00adment <\/i>impo\u00ads\u00e9e au Conseil, de&nbsp;: \u00ab&nbsp;Expli\u00adca\u00adtions n\u00e9ces\u00adsaires&nbsp;\u00bb, rem\u00adplis\u00adsant trois colonnes et demie de la <i>Tri\u00adbune<\/i> du 23 mai. Le m\u00eame Conseil, par contre, refu\u00adsa d\u2019in\u00ads\u00e9\u00adrer mes expli\u00adca\u00adtions et lorsque, apr\u00e8s avoir \u00e9t\u00e9 envoy\u00e9 devant une com\u00admis\u00adsion du jour\u00adnal qui n\u2019exis\u00adtait plus, je me d\u00e9ci\u00addai \u00e0 faire para\u00eetre, quand m\u00eame, les motifs de ma d\u00e9mis\u00adsion, tir\u00e9e \u00e0 19.000 exem\u00adplaires, Gu\u00e9\u00adrard, de sa propre auto\u00adri\u00adt\u00e9, arr\u00ea\u00adta la dis\u00adtri\u00adbu\u00adtion, de sorte que 5.000 exem\u00adplaires seule\u00adment furent envoy\u00e9s \u00e0 destination.<\/p>\n<p style=\"margin-bottom: 0cm; text-align: justify;\" align=\"justify\">Ain\u00adsi, ce qui est per\u00admis au secr\u00e9\u00adtaire du Conseil, employ\u00e9 du Syn\u00addi\u00adcat, ne l\u2019est pas au secr\u00e9\u00adtaire g\u00e9n\u00e9\u00adral ou \u00e0 un administrateur.<\/p>\n<p style=\"margin-bottom: 0cm; text-align: justify;\" align=\"justify\">Les cama\u00adrades de pro\u00advince pour\u00adront, apr\u00e8s ces exemples, se faire une id\u00e9e de la fa\u00e7on dont ils ont \u00e9t\u00e9 ren\u00adsei\u00adgn\u00e9s sur les \u00e9v\u00e9\u00adne\u00adments de ces temps der\u00adniers. Sous pr\u00e9\u00adtexte de faire <i>l\u2019a\u00adpai\u00adse\u00adment<\/i>, les ordres du jour des groupes furent refu\u00ads\u00e9s <i>quand ils bl\u00e2\u00admaient<\/i> Gu\u00e9\u00adrard&nbsp;! mais la <i>Tri\u00adbune<\/i> n\u2019in\u00ads\u00e9\u00adra pas moins ceux qui \u00e9taient en sa faveur, contre ses adver\u00adsaires et contre la C.G.T.<\/p>\n<p style=\"margin-bottom: 0cm; text-align: justify;\" align=\"justify\">Ce fut l\u2019\u0153uvre du Conseil d\u2019ad\u00admi\u00adnis\u00adtra\u00adtion, op\u00e9\u00adrant contre l\u2019a\u00advis du Congr\u00e8s de 1909, qui avait approu\u00adv\u00e9, ou du moins n\u2019a\u00advait pas infir\u00adm\u00e9 les d\u00e9cla\u00adra\u00adtions suivantes&nbsp;:<\/p>\n<p style=\"margin-bottom: 0cm; text-align: justify;\" align=\"justify\">\u00ab&nbsp;Pour nous r\u00e9su\u00admer, nous dirons que la <i>Tri\u00adbune<\/i>, \u00e0 notre avis, doit \u00eatre sur\u00adtout un bul\u00adle\u00adtin repro\u00addui\u00adsant fid\u00e8\u00adle\u00adment la vie du Syn\u00addi\u00adcat&nbsp;: d\u2019o\u00f9 la place pr\u00e9\u00adpon\u00add\u00e9\u00adrante don\u00adn\u00e9e aux comptes ren\u00addus des groupes.&nbsp;\u00bb (Rap\u00adport du Conseil. Ges\u00adtion de&nbsp;1908.)<\/p>\n<h5 style=\"text-align: justify;\">Il faut r\u00e9viser les statuts<\/h5>\n<p style=\"margin-bottom: 0cm; text-align: justify;\" align=\"justify\">Com\u00adment s\u2019ex\u00adpli\u00adquer une pareille domi\u00adna\u00adtion&nbsp;? Il faut pour cela conna\u00eetre l\u2019homme qui l\u2019a impo\u00ads\u00e9e et les sta\u00adtuts <span style=\"font-family: Times New Roman;\">\u2015 <\/span>fabri\u00adqu\u00e9s par lui\u200a\u2014\u200aqui lui ont per\u00admis de le&nbsp;faire.<\/p>\n<p style=\"margin-bottom: 0cm; text-align: justify;\" align=\"justify\">Aus\u00adsi reve\u00adnons encore un ins\u00adtant sur les sta\u00adtuts du Syn\u00addi\u00adcat, sp\u00e9\u00adcia\u00adle\u00adment sur les attri\u00adbu\u00adtions du secr\u00e9\u00adtaire du Conseil.<\/p>\n<blockquote>\n<p style=\"margin-bottom: 0cm; text-align: justify;\" align=\"justify\">ART. 16.\u200a\u2014\u200aLe syn\u00addi\u00adcat est admi\u00adnis\u00adtr\u00e9 par un Conseil com\u00adpo\u00ads\u00e9 de trente membres, nom\u00adm\u00e9s par le Congr\u00e8s, comme il est dit aux articles 1<sup>er<\/sup> et sui\u00advants du r\u00e8gle\u00adment g\u00e9n\u00e9\u00adral int\u00e9rieur.<\/p>\n<p style=\"margin-bottom: 0cm; text-align: justify;\" align=\"justify\">ART. 17.\u200a\u2014\u200aLes membres du Conseil d\u2019ad\u00admi\u00adnis\u00adtra\u00adtion sont nom\u00adm\u00e9s pour un an&nbsp;; ils sont r\u00e9\u00e9ligibles.<\/p>\n<p style=\"margin-bottom: 0cm; text-align: justify;\" align=\"justify\">ART. 18.\u200a\u2014\u200aLe Conseil d\u2019ad\u00admi\u00adnis\u00adtra\u00adtion choi\u00adsit, par\u00admi ses membres, un bureau com\u00adpre\u00adnant un <i>secr\u00e9\u00adtaire g\u00e9n\u00e9\u00adral<\/i>, un secr\u00e9\u00adtaire g\u00e9n\u00e9\u00adral adjoint, un tr\u00e9\u00adso\u00adrier g\u00e9n\u00e9\u00adral, un tr\u00e9\u00adso\u00adrier g\u00e9n\u00e9\u00adral adjoint et un archiviste.<\/p>\n<p style=\"margin-bottom: 0cm; text-align: justify;\" align=\"justify\">Il nomme en outre un <i>secr\u00e9\u00adtaire du Conseil<\/i> choi\u00adsi EN DEHORS DE SON&nbsp;SEIN.<\/p>\n<p style=\"margin-bottom: 0cm; text-align: justify;\" align=\"justify\">ART. 19.\u200a\u2014\u200aLe secr\u00e9\u00adtaire g\u00e9n\u00e9\u00adral repr\u00e9\u00adsente le Syn\u00addi\u00adcat en justice.<\/p>\n<p style=\"margin-bottom: 0cm; text-align: justify;\" align=\"justify\">ART. 23. <span style=\"font-family: Times New Roman;\">\u2015 <\/span>Le Conseil d\u2019ad\u00admi\u00adnis\u00adtra\u00adtion orga\u00adnise chaque ann\u00e9e, au mois d\u2019a\u00advril ou de mai, autant que pos\u00adsible, une Congr\u00e8s de la cor\u00adpo\u00adra\u00adtion&nbsp;; il doit se confor\u00admer aux d\u00e9ci\u00adsions prises dans ce Congr\u00e8s.<\/p>\n<p style=\"margin-bottom: 0cm; text-align: justify;\" align=\"justify\">ART. 24.\u200a\u2014\u200aLes groupes d\u2019un r\u00e9seau peuvent orga\u00adni\u00adser des Congr\u00e8s r\u00e9gio\u00adnaux pour y exa\u00admi\u00adner les r\u00e9cla\u00adma\u00adtions les plus urgentes et pour for\u00admu\u00adler le maxi\u00admum des conces\u00adsions qu\u2019il serait pos\u00adsible de faire le cas \u00e9ch\u00e9ant.<\/p>\n<p style=\"margin-bottom: 0cm; text-align: justify;\" align=\"justify\">ART. 25.\u200a\u2014\u200aLes groupes de chaque r\u00e9seau, \u00e0 l\u2019is\u00adsue de leur Congr\u00e8s r\u00e9gio\u00adnal, pour\u00adront nom\u00admer un comi\u00adt\u00e9 char\u00adg\u00e9 d\u2019\u00e9\u00adtu\u00addier et de pr\u00e9\u00adsen\u00adter les reven\u00addi\u00adca\u00adtions sp\u00e9\u00adciales \u00e0 leur r\u00e9seau.<\/p>\n<p style=\"margin-bottom: 0cm; text-align: justify;\" align=\"justify\">Ce comi\u00adt\u00e9 ne pour\u00adra agir qu\u2019a\u00adpr\u00e8s en avoir r\u00e9f\u00e9\u00adr\u00e9 au Conseil d\u2019ad\u00admi\u00adnis\u00adtra\u00adtion et re\u00e7u son&nbsp;avis.<\/p>\n<p style=\"margin-bottom: 0cm; text-align: justify;\" align=\"justify\">Toutes les d\u00e9marches seront faites au nom du Syn\u00addi\u00adcat Natio\u00adnal et chaque d\u00e9l\u00e9\u00adga\u00adtion, accom\u00adpa\u00adgn\u00e9e par un membre du Conseil l\u2019ad\u00admi\u00adnis\u00adtra\u00adtion <i>ou par le secr\u00e9\u00adtaire dudit Conseil<\/i>.<\/p>\n<\/blockquote>\n<p style=\"margin-bottom: 0cm; text-align: justify;\" align=\"justify\">Il n\u2019est pas inutile d\u2019at\u00adti\u00adrer l\u2019at\u00adten\u00adtion sur les par\u00adties en ita\u00adlique&nbsp;: 2<sup>e <\/sup>ali\u00adn\u00e9a de l\u2019art. 18, lequel se com\u00adpl\u00e8te par le der\u00adnier ali\u00adn\u00e9a de l\u2019art. 25. On com\u00adpren\u00addra mieux le degr\u00e9 d\u2019im\u00adpor\u00adtance du Secr\u00e9\u00adtaire du Conseil, employ\u00e9 du syn\u00addi\u00adcat, en com\u00adpa\u00adrant la part d\u2019i\u00adni\u00adtia\u00adtive qui lui est don\u00adn\u00e9e dans ces sta\u00adtuts (dont il est du reste l\u2019au\u00adteur ou l\u2019i\u00adni\u00adtia\u00adteur, ce qui revient au m\u00eame) avec celle du Secr\u00e9\u00adtaire g\u00e9n\u00e9\u00adral, <i>cama\u00adrade en acti\u00advi\u00adt\u00e9 de ser\u00advice<\/i>.<\/p>\n<p style=\"margin-bottom: 0cm; text-align: justify;\" align=\"justify\">En tenant compte que Gu\u00e9\u00adrard \u00e9tait, depuis 1891, Secr\u00e9\u00adtaire g\u00e9n\u00e9\u00adral de la <i>Chambre syn\u00addi\u00adcale des ouvriers et des employ\u00e9s de che\u00admins de fer<\/i> (plus tard, en 1895, <i>Syn\u00addi\u00adcat Natio\u00adnal<\/i>), titre aban\u00addon\u00adn\u00e9 par lui apr\u00e8s la gr\u00e8ve de 1898 pour celui d\u2019<i>Employ\u00e9 Prin\u00adci\u00adpal<\/i>, puis l\u2019an\u00adn\u00e9e sui\u00advante pour son titre actuel, il ne faut pas s\u2019\u00e9\u00adton\u00adner qu\u2019il cherche \u00e0 conser\u00adver les pr\u00e9\u00adro\u00adga\u00adtives de ses anciennes fonctions.<\/p>\n<h5 style=\"text-align: justify;\">Des exemples.<\/h5>\n<p style=\"margin-bottom: 0cm; text-align: justify;\" align=\"justify\">Il faut d\u2019ailleurs voir \u00e0 l\u2019\u0153uvre le Secr\u00e9\u00adtaire du Conseil et com\u00adment il subor\u00addonne la volon\u00adt\u00e9 du Conseil \u00e0 la sienne. En voi\u00adci quelques exemples pris dans le&nbsp;tas&nbsp;:<\/p>\n<p style=\"margin-bottom: 0cm; text-align: justify;\" align=\"justify\">Lun\u00addi matin 12 juillet, coup de t\u00e9l\u00e9\u00adphone de M.&nbsp;Rabier, rap\u00adpor\u00adteur de la loi, au secr\u00e9\u00adtaire du Conseil qui, comme par hasard, se trou\u00advait au Syn\u00addi\u00adcat. Ren\u00addez-vous est pris pour l\u2019a\u00adpr\u00e8s-midi, et il n\u2019est pas dou\u00adteux que, dans le conci\u00adlia\u00adbule entre M.&nbsp;Rabier et Gu\u00e9\u00adrard, il fut d\u00e9ci\u00add\u00e9 qu\u2019au\u00adcun chan\u00adge\u00adment ne serait deman\u00add\u00e9 \u00e0 la Chambre sur le pro\u00adjet de loi vot\u00e9 par le&nbsp;S\u00e9nat.<\/p>\n<p style=\"margin-bottom: 0cm; text-align: justify;\" align=\"justify\">La pre\u00admi\u00e8re mesure que devait prendre Gu\u00e9\u00adrard apr\u00e8s le coup de t\u00e9l\u00e9\u00adphone du lun\u00addi matin, c\u2019\u00e9\u00adtait de convo\u00adquer le Conseil. Pour une loi qui avait absor\u00adb\u00e9 toute l\u2019ac\u00adti\u00advi\u00adt\u00e9 du S.N. pen\u00addant plus de 10 ans.<sup class=\"modern-footnotes-footnote modern-footnotes-footnote--expands-on-desktop \" data-mfn=\"6\" data-mfn-post-scope=\"000000000af805b90000000037dc373b_698\"><a href=\"javascript:void(0)\" role=\"button\" aria-pressed=\"false\" aria-describedby=\"mfn-content-000000000af805b90000000037dc373b_698-6\">6<\/a><\/sup><span id=\"mfn-content-000000000af805b90000000037dc373b_698-6\" role=\"tooltip\" class=\"modern-footnotes-footnote__note\" tabindex=\"0\" data-mfn=\"6\">\u00ab&nbsp;Ce n\u2019est pas parce que nous avons quelques droits qui ne sont pas d\u2019ailleurs des pri\u00advi\u00adl\u00e8ges&nbsp;: retraites pro\u00adbl\u00e9\u00adma\u00adtiques et avan\u00adtages acces\u00adsoires, que l\u2019on peut nous reti\u00adrer la liber\u00adt\u00e9.&nbsp;\u00bb (<em>Le Matin<\/em>, 15 mai&nbsp;1909.)<br>\nEffet ora\u00adtoire, dira-t-on&nbsp;; mais, pas tant que cela&nbsp;! Aus\u00adsi, quel sujet de tris\u00adtesse pour nous, dans ces paroles pro\u00adnon\u00adc\u00e9es par Gu\u00e9\u00adrard au mee\u00adting de l\u2019Hip\u00adpo\u00addrome&nbsp;! Plus de dix ann\u00e9es de nos meilleurs mili\u00adtants d\u00e9pen\u00ads\u00e9es pour des \u00ab&nbsp;retraites pro\u00adbl\u00e9\u00adma\u00adtiques&nbsp;\u00bb, alors que les petits trai\u00adte\u00adments sont res\u00adt\u00e9s sta\u00adtion\u00adnaires. Pour\u00adtant, d\u00e8s le mois de mars 1899, le syn\u00addi\u00adcat natio\u00adnal avait limi\u00adt\u00e9 son pro\u00adgramme \u00e0 ces deux r\u00e9formes&nbsp;: 1\u00b0 <em>Le rel\u00e8\u00adve\u00adment des petits salaires<\/em>&nbsp;; 2\u00b0 <em>la retraite pour tous et<\/em> PROPORTIONNELLE.<\/span>, il me semble que cette pr\u00e9\u00adcau\u00adtion \u00e9tait obli\u00adga\u00adtoire. Notre secr\u00e9\u00adtaire du Conseil pen\u00adsa autre\u00adment et se conten\u00adta de se faire accom\u00adpa\u00adgner le len\u00adde\u00admain apr\u00e8s-midi, \u00e0 la Chambre, par le bureau du Syn\u00addi\u00adcat<sup class=\"modern-footnotes-footnote modern-footnotes-footnote--expands-on-desktop \" data-mfn=\"7\" data-mfn-post-scope=\"000000000af805b90000000037dc373b_698\"><a href=\"javascript:void(0)\" role=\"button\" aria-pressed=\"false\" aria-describedby=\"mfn-content-000000000af805b90000000037dc373b_698-7\">7<\/a><\/sup><span id=\"mfn-content-000000000af805b90000000037dc373b_698-7\" role=\"tooltip\" class=\"modern-footnotes-footnote__note\" tabindex=\"0\" data-mfn=\"7\">\u00c0 la suite de cer\u00adtains inci\u00addents et \u00e0 l\u2019ins\u00adti\u00adga\u00adtion de Gu\u00e9\u00adrard lui-m\u00eame, le Conseil avait tout r\u00e9cem\u00adment d\u00e9ci\u00add\u00e9 que, pour toute d\u00e9l\u00e9\u00adga\u00adtion impor\u00adtante, le secr\u00e9\u00adtaire du Conseil se ferait accom\u00adpa\u00adgner par le bureau.&nbsp;\u00bb<\/span>.<\/p>\n<p style=\"margin-bottom: 0cm; text-align: justify;\" align=\"justify\">Il para\u00eet que la d\u00e9l\u00e9\u00adga\u00adtion et les d\u00e9pu\u00adt\u00e9s tom\u00adb\u00e8rent de suite d\u2019ac\u00adcord pour faire voter la loi sans retard, et en effet, \u00e0 5 heures du soir, le tour \u00e9tait&nbsp;jou\u00e9.<\/p>\n<p style=\"margin-bottom: 0cm; text-align: justify;\" align=\"justify\">Ain\u00adsi fut sabo\u00adt\u00e9e la loi Ber\u00adteaux, furent l\u00e2ch\u00e9s, <i>d\u00e9fi\u00adni\u00adti\u00adve\u00adment<\/i>, on peut&nbsp;dire&nbsp;:<\/p>\n<p style=\"margin-bottom: 0cm; text-align: justify;\" align=\"justify\">L\u2019as\u00adsi\u00admi\u00adla\u00adtion des agents des trains&nbsp;; la limite d\u2019\u00e2ge des employ\u00e9s de bureau, etc., etc., et sur\u00adtout l\u2019ar\u00adticle rela\u00adtif aux <i>Com\u00adpa\u00adgnies secon\u00addaires<\/i>, qu\u2019il e\u00fbt \u00e9t\u00e9 facile d\u2019as\u00adsi\u00admi\u00adler au r\u00e9gime des grandes Compagnies.<\/p>\n<p style=\"margin-bottom: 0cm; text-align: justify;\" align=\"justify\">La cam\u00adpagne pour le rel\u00e8\u00adve\u00adment des salaires nous \u00e9di\u00adfie\u00adra sur la fa\u00e7on dont s\u2019y prend le secr\u00e9\u00adtaire du Conseil pour mar\u00adquer de son empreinte toutes les d\u00e9ci\u00adsions prises par le Syndicat.<\/p>\n<p style=\"margin-bottom: 0cm; text-align: justify;\" align=\"justify\">Le mois der\u00adnier, sur l\u2019i\u00adni\u00adtia\u00adtive du groupe Paris-Est, un mee\u00adting \u00e9tait orga\u00adni\u00ads\u00e9 \u00e0 la Bourse du tra\u00advail, dans le but d\u2019a\u00admor\u00adcer (il est temps qu\u2019on s\u2019en occupe, n\u2019est-ce. Pas&nbsp;!) la cam\u00adpagne pour le rel\u00e8\u00adve\u00adment des petits salaires.<\/p>\n<p style=\"margin-bottom: 0cm; text-align: justify;\" align=\"justify\">La veille seule\u00adment, le Conseil fut convo\u00adqu\u00e9 pour arr\u00ea\u00adter les d\u00e9tails de la r\u00e9union, dont la date \u00e9tait d\u00e9j\u00e0 connue depuis une quin\u00adzaine. Quand, vers 11 heures du soir, un admi\u00adnis\u00adtra\u00adteur s\u2019a\u00advi\u00adsa de dire&nbsp;: \u00ab&nbsp;Et l\u2019ordre du jour&nbsp;?&nbsp;\u00bb, le secr\u00e9\u00adtaire du Conseil, qui grif\u00adfon\u00adnait une belle feuille de papier blanc, fit cette r\u00e9ponse admi\u00adrable&nbsp;: \u00ab&nbsp;J\u2019ai essay\u00e9 de le faire, mais, dans une dis\u00adcus\u00adsion comme celle-l\u00e0, ce n\u2019est pas facile \u00e0 r\u00e9di\u00adger. J\u2019y son\u00adge\u00adrai \u00e0 t\u00eate repo\u00ads\u00e9e et <i>demain soir on rec\u00adti\u00adfie\u00adra s\u2019il y a lieu<\/i>&nbsp;\u00bb.<\/p>\n<p style=\"margin-bottom: 0cm; text-align: justify;\" align=\"justify\">C\u2019\u00e9\u00adtait la \u00ab&nbsp;confiance for\u00adc\u00e9e&nbsp;\u00bb car on ne se repr\u00e9\u00adsente pas le Conseil dis\u00adcu\u00adtant, un quart d\u2019heure avant un mee\u00adting, l\u2019ordre du jour qui doit y \u00eatre sanctionn\u00e9.<\/p>\n<p style=\"margin-bottom: 0cm; text-align: justify;\" align=\"justify\">Le mee\u00adting eut lieu avec le suc\u00adc\u00e8s que l\u2019on sait et nos adver\u00adsaires, eux-m\u00eames, ne trou\u00adv\u00e8rent pas d\u2019ex\u00adpres\u00adsions trop louan\u00adgeuses pour par\u00adler de la cor\u00adrec\u00adtion de Le Guen\u00adnic (l\u2019\u00e9\u00adli\u00admi\u00adn\u00e9) et de Bida\u00admant (l\u2019ex\u00adclu). On peut ajou\u00adter m\u00eame, sans crainte de contra\u00addic\u00adtion, que l\u2019ac\u00adcueil ardem\u00adment sym\u00adpa\u00adthique fait \u00e0 ces mili\u00adtants \u00e9tait une appro\u00adba\u00adtion de notre tactique.<\/p>\n<p style=\"margin-bottom: 0cm; text-align: justify;\" align=\"justify\">Or, l\u2019ordre du jour adop\u00adt\u00e9 dans cette s\u00e9ance fut un ordre du jour r\u00e9for\u00admiste, un ordre du jour de Gu\u00e9rard.<\/p>\n<p style=\"margin-bottom: 0cm; text-align: justify;\" align=\"justify\">Ah&nbsp;! certes, il fut applau\u00addi, lui malin, quand, pre\u00adnant le cou\u00adrant, il jugea oppor\u00adtun de pro\u00adnon\u00adcer ces vibrantes paroles&nbsp;:<\/p>\n<p style=\"margin-bottom: 0cm; text-align: justify;\" align=\"justify\">\u00ab&nbsp;N\u2019ou\u00adbliez pas qu\u2019\u00e0 aucun prix vous ne pour\u00adrez recu\u00adler. M\u00eame par la gr\u00e8ve, nous attein\u00addrons notre&nbsp;but.&nbsp;\u00bb<\/p>\n<p style=\"margin-bottom: 0cm; text-align: justify;\" align=\"justify\">Mais les oppo\u00adsants seraient le jouet d\u2019une forte illu\u00adsion s\u2019ils se figu\u00adraient avoir gagn\u00e9 \u00e0 leur tac\u00adtique ce grand assagi&nbsp;:<\/p>\n<p style=\"margin-bottom: 0cm; text-align: justify;\" align=\"justify\">\u00ab&nbsp;<i>Quand nous serons orga\u00adni\u00ads\u00e9s<\/i>, il fau\u00addra son\u00adger \u00e0 la gr\u00e8ve&nbsp;\u00bb, avait-il dit pr\u00e9\u00adc\u00e9\u00addem\u00adment et encore&nbsp;: \u00ab&nbsp;Pour \u00eatre forts, il faut englo\u00adber la tota\u00adli\u00adt\u00e9 des 28.000 employ\u00e9s.&nbsp;\u00bb<\/p>\n<p style=\"margin-bottom: 0cm; text-align: justify;\" align=\"justify\">\u00ab&nbsp;Lorsque dans quelques mois\u200a\u2014\u200ala chose est facile\u200a\u2014\u200ades 60.000 syn\u00addi\u00adqu\u00e9s que nous sommes nous serons pas\u00ads\u00e9s 120.000, nous pour\u00adrons alors par\u00adler haut et ferme.&nbsp;\u00bb Mais, allez-donc r\u00e9fl\u00e9\u00adchir dans une salle sur\u00adchauf\u00adf\u00e9e&nbsp;! Seules les grandes phrases sonores et les tirades enflam\u00adm\u00e9es font leur effet&nbsp;; il n\u2019y a qu\u2019a\u00adpr\u00e8s qu\u2019on aper\u00ad\u00e7oit, der\u00adri\u00e8re chaque vibrant appel \u00e0 l\u2019ac\u00adtion fait par Gu\u00e9\u00adrard, le cor\u00adrec\u00adtif qui sup\u00adprime tout, don\u00adnant au total ce que le petit cur\u00e9 de cam\u00adpagne peut nous don\u00adner&nbsp;: l\u2019es\u00adpoir d\u2019une meilleure exis\u00adtence\u2026 au paradis.<\/p>\n<p style=\"margin-bottom: 0cm; text-align: justify;\" align=\"justify\">Che\u00admi\u00adnots de par\u00adtout, appe\u00adl\u00e9s \u00e0 voter cet ordre du jour type, avec le d\u00e9sir d\u2019ob\u00adte\u00adnir des am\u00e9\u00adlio\u00adra\u00adtions ren\u00addues si pres\u00adsantes par la pr\u00e9\u00adca\u00adri\u00adt\u00e9 de vos salaires, com\u00adpa\u00adr\u00e9e avec le prix tou\u00adjours crois\u00adsant de la vie, si vous vou\u00adlez vous rendre compte du n\u00e9ant de cet ordre du jour, vous n\u2019a\u00advez qu\u2019\u00e0 en relire le qua\u00adtri\u00e8me ali\u00adn\u00e9a, en tenant compte des d\u00e9cla\u00adra\u00adtions pr\u00e9c\u00e9dentes&nbsp;:<\/p>\n<p style=\"margin-bottom: 0cm; text-align: justify;\" align=\"justify\">\u00ab&nbsp;Estiment (les tra\u00advailleurs des che\u00admins de fer de tous les r\u00e9seaux) que le r\u00e9sul\u00adtat pour\u00adsui\u00advi <i>ne sera obte\u00adnu qu\u2019\u00e0 la condi\u00adtion de ren\u00adfor\u00adcer le syn\u00addi\u00adcat de mani\u00e8re \u00e0 consti\u00adtuer une puis\u00adsance capable, par sa fer\u00adme\u00adt\u00e9 et son \u00e9ner\u00adgie<\/i>, de faire fl\u00e9\u00adchir les r\u00e9sis\u00adtances int\u00e9\u00adres\u00ads\u00e9es des Compagnies.&nbsp;\u00bb<\/p>\n<p style=\"margin-bottom: 0cm; text-align: justify;\" align=\"justify\">Ain\u00adsi donc, \u00e0 vous tous, cama\u00adrades de pro\u00advince, qui v\u00e9g\u00e9\u00adtez pen\u00addant toute votre exis\u00adtence pour engrais\u00adser action\u00adnaires et fonc\u00adtion\u00adnaires&nbsp;; et vous, cama\u00adrades de Paris, qui cre\u00advez de faim avec un salaire de 4 francs par jour et moins, Gu\u00e9\u00adrard annonce que vous pour\u00adrez par\u00adler haut et ferme\u200a\u2014\u200a<i>quand nous serons 120.000 au. Syn\u00addi\u00adcat<\/i>. 199.999, \u00e7a ne vau\u00addrait&nbsp;rien&nbsp;!<\/p>\n<h5 style=\"text-align: justify;\">Retour sur le&nbsp;pass\u00e9<\/h5>\n<p style=\"margin-bottom: 0cm; text-align: justify;\" align=\"justify\">En fai\u00adsant un retour sur le pas\u00ads\u00e9, on s\u2019a\u00adper\u00ad\u00e7oit qu\u2019une main de mal\u00adheur a conduit les des\u00adti\u00adn\u00e9es du Syn\u00addi\u00adcat Natio\u00adnal et on ne peut s\u2019emp\u00eacher d\u2019une admi\u00adra\u00adtion pro\u00adfonde pour cette force de l\u2019es\u00adprit syn\u00addi\u00adca\u00adliste qui a r\u00e9sis\u00adt\u00e9 \u00e0 tant de causes sus\u00adcep\u00adtibles de d\u00e9sa\u00adgr\u00e9\u00adger l\u2019organisme.<\/p>\n<p style=\"margin-bottom: 0cm; text-align: justify;\" align=\"justify\">On com\u00adprend, \u00e0 revivre l\u2019his\u00adtoire de notre Syn\u00addi\u00adcat, que des scis\u00adsions se soient pro\u00adduites, notam\u00adment en 1899, lors\u00adqu\u2019\u00e0 la r\u00e9union de Niort (5 mars), cer\u00adtains groupes de l\u2019<span style=\"font-family: Times New Roman, serif;\">\u00c9<\/span>tat refu\u00ads\u00e8rent <i>d\u2019en\u00adtendre Gu\u00e9\u00adrard<\/i>. On Com\u00adprend mieux aus\u00adsi, cette condi\u00adtion du <i>Syn\u00addi\u00adcat pro\u00adfes\u00adsion\u00adnel<\/i> en r\u00e9ponse \u00e0 une ten\u00adta\u00adtive de fusion&nbsp;: \u00ab&nbsp;Nous exi\u00adgeons que les d\u00e9l\u00e9\u00adgu\u00e9s soient des agents <i>en acti\u00advi\u00adt\u00e9 de ser\u00advice<\/i>&nbsp;\u00bb.<\/p>\n<p style=\"margin-bottom: 0cm; text-align: justify;\" align=\"justify\">Nous com\u00adpre\u00adnons enfin que tous les essais ten\u00adt\u00e9s aupr\u00e8s de la <i>F\u00e9d\u00e9\u00adra\u00adtion des m\u00e9ca\u00adni\u00adciens et chauf\u00adfeurs<\/i> aient \u00e9chou\u00e9&nbsp;; car en d\u00e9pit du peu d\u2019empressement mis par les m\u00e9ca\u00adni\u00adciens \u00e0 don\u00adner leur adh\u00e9\u00adsion \u00e0 un Syn\u00addi\u00adcat com\u00adpre\u00adnant d\u2019autres cat\u00e9\u00adgo\u00adries, nous avons tou\u00adjours pen\u00ads\u00e9 qu\u2019un esprit nou\u00adveau les por\u00adte\u00adrait quelque jour \u00e0 faire le geste de soli\u00adda\u00adri\u00adt\u00e9 auquel les oblige leur atti\u00adtude sou\u00advent \u00e9nergique.<\/p>\n<p style=\"margin-bottom: 0cm; text-align: justify;\" align=\"justify\">Nous devons enfin nous sen\u00adtir entra\u00ee\u00adn\u00e9s vers l\u2019in\u00addul\u00adgence, pour cer\u00adtains cama\u00adrades bruyam\u00adment exclus ant\u00e9\u00adrieu\u00adre\u00adment \u00e0 cette crise et qui pro\u00adba\u00adble\u00adment ne sont que les vic\u00adtimes de l\u2019au\u00adto\u00adri\u00adta\u00adrisme de Gu\u00e9rard.<\/p>\n<h5 style=\"text-align: justify;\">Conclusion<\/h5>\n<p style=\"margin-bottom: 0cm; text-align: justify;\" align=\"justify\">Nous avons vu que, gr\u00e2ce \u00e0 l\u2019in\u00adsuf\u00adfi\u00adsance des sta\u00adtuts r\u00e9duits \u00e0 n\u00e9ant par le fait d\u2019une habi\u00adle\u00adt\u00e9 sans \u00e9gale, gr\u00e2ce aus\u00adsi \u00e0 la com\u00adpli\u00adci\u00adt\u00e9\u200a\u2014\u200amomen\u00adta\u00adn\u00e9e\u200a\u2014\u200ad\u2019un \u00e9tat-major r\u00e9for\u00admiste, Gu\u00e9\u00adrard tient le Syn\u00addi\u00adcat Natio\u00adnal dans ses&nbsp;mains.<\/p>\n<p style=\"margin-bottom: 0cm; text-align: justify;\" align=\"justify\">Pour\u00adtant, nous sommes tous d\u2019ac\u00adcord, j\u2019en suis s\u00fbr, pour ne pas per\u00admettre plus long\u00adtemps que notre orga\u00adni\u00adsa\u00adtion soit le jouet d\u2019un \u00ab&nbsp;conduc\u00adteur d\u2019hommes&nbsp;\u00bb dont la prin\u00adci\u00adpale qua\u00adli\u00adt\u00e9 est d\u2019\u00eatre un par\u00adfait \u00e9quilibriste.<\/p>\n<p style=\"margin-bottom: 0cm; text-align: justify;\" align=\"justify\">Si nous ne son\u00adgions qu\u2019\u00e0 faire \u0153uvre de haine, nous aurions beau jeu \u00e0 tra\u00adcer de Gu\u00e9\u00adrard un por\u00adtrait peu flat\u00adteur mais exact. Nous pour\u00adrions remon\u00adter \u00e0 son r\u00f4le sous le minis\u00adt\u00e8re Wal\u00addeck-Mil\u00adle\u00adrand&nbsp;; nous pour\u00adrions le mon\u00adtrer\u200a\u2014\u200alui qui parle de d\u00e9mas\u00adquer les \u00ab&nbsp;tar\u00e9s&nbsp;\u00bb\u200a\u2014\u200a\u00e9ta\u00adlant l\u2019or et les billets, osten\u00adsi\u00adble\u00adment sor\u00adtis du por\u00adte\u00adfeuille gon\u00adfl\u00e9, la main lar\u00adge\u00adment ouverte (geste de bon vivant, mais aus\u00adsi par\u00adfois de cor\u00adrup\u00adteur), ren\u00addant des ser\u00advices par la vari\u00e9\u00adt\u00e9 des rela\u00adtions et pour la consi\u00add\u00e9\u00adra\u00adtion qui en rejaillit sur sa per\u00adsonne&nbsp;; esclave sur\u00adtout de ses passions.<\/p>\n<p style=\"margin-bottom: 0cm; text-align: justify;\" align=\"justify\">Mais c\u2019est \u00e0 une \u0153uvre posi\u00adtive que nous tra\u00advaillons, rendre aux syn\u00addi\u00adqu\u00e9s la direc\u00adtion du Syn\u00addi\u00adcat des che\u00admins de&nbsp;fer.<\/p>\n<p style=\"margin-bottom: 0cm; text-align: justify;\" align=\"justify\">Ah&nbsp;! je m\u2019ex\u00adplique ce cau\u00adche\u00admar de quelques-uns&nbsp;:\u200a\u2014\u200aPar qui rem\u00adpla\u00adce\u00adra-t-on Gu\u00e9rard&nbsp;?<\/p>\n<p style=\"margin-bottom: 0cm; text-align: justify;\" align=\"justify\">Mais, par un <i>simple employ\u00e9<\/i> et ce seront les cama\u00adrades qui r\u00e9gle\u00adront eux-m\u00eames leurs grandes et leurs petites affaires.<\/p>\n<p style=\"margin-bottom: 0cm; text-align: justify;\" align=\"justify\">Un Congr\u00e8s extra\u00ador\u00addi\u00adnaire que nous avons deman\u00add\u00e9 d\u00e8s les pre\u00admiers inci\u00addents est aujourd\u2019\u00adhui d\u00e9ci\u00add\u00e9. Tout che\u00admi\u00adnot et tout syn\u00addi\u00adca\u00adliste doit envi\u00adsa\u00adger avec gra\u00advi\u00adt\u00e9 les cons\u00e9\u00adquences apr\u00e8s les attaques contre la C.G.T. dont le r\u00e9seau de l\u2019Est nous a don\u00adn\u00e9 un avant-go\u00fbt le 6 juin \u00e0 Paris, et la nomi\u00adna\u00adtion de Niel comme secr\u00e9\u00adtaire et pro\u00adpa\u00adgan\u00addiste de ce r\u00e9seau.<\/p>\n<p style=\"margin-bottom: 0cm; text-align: justify;\" align=\"justify\">Devons-nous craindre que la cam\u00adpagne de calom\u00adnies faite contre Le Guen\u00adnic, Bida\u00admant<sup class=\"modern-footnotes-footnote modern-footnotes-footnote--expands-on-desktop \" data-mfn=\"8\" data-mfn-post-scope=\"000000000af805b90000000037dc373b_698\"><a href=\"javascript:void(0)\" role=\"button\" aria-pressed=\"false\" aria-describedby=\"mfn-content-000000000af805b90000000037dc373b_698-8\">8<\/a><\/sup><span id=\"mfn-content-000000000af805b90000000037dc373b_698-8\" role=\"tooltip\" class=\"modern-footnotes-footnote__note\" tabindex=\"0\" data-mfn=\"8\">Bida\u00admant, que Gu\u00e9\u00adrard n\u2019ou\u00adblie jamais d\u2019ap\u00adpe\u00adler le \u00ab&nbsp;sous chef de bureau Bida\u00admant&nbsp;\u00bb. Pauvre \u00ab&nbsp;sous-chef&nbsp;\u00bb \u00e0 139 francs par mois.<\/span> et d\u2019autres mili\u00adtants connus pour l\u2019ar\u00addeur de leurs convic\u00adtions, n\u2019ait jet\u00e9 quelque germe de sus\u00adpi\u00adcion dans l\u2019es\u00adprit de nos cama\u00adrades de pro\u00advince, si mal ren\u00adsei\u00adgn\u00e9s par <i>La Tri\u00adbune<\/i>.<\/p>\n<p style=\"margin-bottom: 0cm; text-align: justify;\" align=\"justify\">Quant \u00e0 la pr\u00e9\u00adsence de Gu\u00e9\u00adrard elle ne nous inqui\u00e8te plus. (En m\u2019ex\u00adpri\u00admant ain\u00adsi, je ne me base pas sur la d\u00e9ci\u00adsion r\u00e9cente qui vient de sanc\u00adtion\u00adner son exclu\u00adsion du groupe de Paris-Nord, son groupe.)<\/p>\n<p style=\"margin-bottom: 0cm; text-align: justify;\" align=\"justify\">Je veux dire&nbsp;: L\u2019homme qu\u2019il a \u00e9t\u00e9 a v\u00e9cu&nbsp;; celui que les syn\u00addi\u00adqu\u00e9s exi\u00adge\u00adront d\u00e9sor\u00admais qu\u2019il soit, <i>un employ\u00e9<\/i>, n\u2019est pas pos\u00adsible. Ain\u00adsi qu\u2019il l\u2019a r\u00e9p\u00e9\u00adt\u00e9 maintes fois, Gu\u00e9\u00adrard n\u2019ac\u00adcep\u00adte\u00adra jamais de n\u2019\u00eatre que cela apr\u00e8s avoir \u00e9t\u00e9 le mani\u00adtou depuis bien\u00adt\u00f4t 20&nbsp;ans.<\/p>\n<p style=\"margin-bottom: 0cm; text-align: justify;\" align=\"justify\">Mal\u00adgr\u00e9 tout, je ne suis nul\u00adle\u00adment ras\u00adsu\u00adr\u00e9&nbsp;; l\u2019his\u00adtoire de toutes les asso\u00adcia\u00adtions de tra\u00advailleurs nous montre la plu\u00adpart des orga\u00adni\u00adsa\u00adtions cr\u00e9\u00e9es en vue de la lutte de classes, se trans\u00adfor\u00admant bien\u00adt\u00f4t, par menace ou par cor\u00adrup\u00adtion, en grou\u00adpe\u00adments de mutua\u00adli\u00adt\u00e9, dont la besogne consiste, comme on sait, \u00e0 r\u00e9pa\u00adrer les maux cau\u00ads\u00e9s par nos exploi\u00adteurs et adou\u00adcir leur sys\u00adt\u00e8me de salaires de famine, avec les gros sous des vic\u00adtimes elles-m\u00eames.<\/p>\n<p style=\"margin-bottom: 0cm; text-align: justify;\" align=\"justify\">Ces trans\u00adfor\u00adma\u00adtions four\u00admillent dans l\u2019his\u00adtoire des syn\u00addi\u00adcats, o\u00f9 l\u2019on peut voir les pou\u00advoirs publics se faire les com\u00adplices des patrons.<\/p>\n<p style=\"margin-bottom: 0cm; text-align: justify;\" align=\"justify\">Jadis, ces petites op\u00e9\u00adra\u00adtions n\u2019\u00e9\u00adtaient qu\u2019un jeu&nbsp;; aujourd\u2019\u00adhui, elles sont deve\u00adnues plus dif\u00adfi\u00adciles \u00e0 r\u00e9us\u00adsir, mais on y emploie plus d\u2019ha\u00adbi\u00adle\u00adt\u00e9 et le coup porte encore.<\/p>\n<p style=\"margin-bottom: 0cm; text-align: justify;\" align=\"justify\">Le Syn\u00addi\u00adcat natio\u00adnal a, lui aus\u00adsi, sa <i>Mutuelle<\/i> cor\u00adrup\u00adtrice dans <i>l\u2019Or\u00adphe\u00adli\u00adnat <\/i>et c\u2019est de l\u00e0 que viennent mes terreurs.<\/p>\n<p style=\"margin-bottom: 0cm; text-align: justify;\" align=\"justify\">D\u00e9j\u00e0, des ann\u00e9es de tra\u00advail ont \u00e9t\u00e9 sacri\u00adfi\u00e9es \u00e0 cette odieuse lote\u00adrie, para\u00adly\u00adsant, pour des avan\u00adtages illu\u00adsoires, l\u2019\u00e9\u00adlan des reven\u00addi\u00adca\u00adtions vrai\u00adment s\u00e9rieuses&nbsp;: celles qui co\u00fb\u00adte\u00adraient \u00e0 l\u2019<span style=\"font-family: Times New Roman, serif;\">\u00c9<\/span>tat-patron et aux Com\u00adpa\u00adgnies. Et voi\u00adl\u00e0 que l\u2019on nous montre\u200a\u2014\u200adans la lune\u200a\u2014\u200ala pers\u00adpec\u00adtive d\u2019une somme de 500.000 francs (<i>La Tri\u00adbune<\/i>, du 31 octobre).<\/p>\n<p style=\"margin-bottom: 0cm; text-align: justify;\" align=\"justify\">Avec quelle science appro\u00adfon\u00addie de la cr\u00e9\u00addu\u00adli\u00adt\u00e9 humaine est r\u00e9di\u00adg\u00e9e cette note et qui n\u2019en recon\u00adna\u00ee\u00adtrait la griffe. Et quand on nous montre notre lote\u00adrie comme \u00e9tant la seule ayant r\u00e9a\u00adli\u00ads\u00e9 un l\u00e9ger b\u00e9n\u00e9\u00adfice de 98.000 francs, qui donc ne res\u00adsen\u00adti\u00adrait un l\u00e9gi\u00adtime orgueil devant ce r\u00e9sul\u00adtat, peu fait cepen\u00addant pour conso\u00adler les admi\u00adnis\u00adtra\u00adteurs de cet orphe\u00adli\u00adnat simi\u00adlaire \u00e0 qui devaient reve\u00adnir 400.000 francs sur le mil\u00adlion escompt\u00e9.<\/p>\n<p style=\"margin-bottom: 0cm; text-align: justify;\" align=\"justify\">Donc, le minis\u00adt\u00e8re o\u00f9 M.&nbsp;Briand, copain de Gu\u00e9\u00adrard, est pr\u00e9\u00adsident du Conseil, nous offre g\u00e9n\u00e9\u00adreu\u00adse\u00adment le demi-mil\u00adlion <i>sur les b\u00e9n\u00e9\u00adfices futurs d\u2019une lote\u00adrie<\/i>.<\/p>\n<p style=\"margin-bottom: 0cm; text-align: justify;\" align=\"justify\">Devant cette pers\u00adpec\u00adtive d\u2019un bel \u00e9ta\u00adblis\u00adse\u00adment o\u00f9, sur le sol alg\u00e9\u00adrien (pro\u00adba\u00adble\u00adment) seraient hos\u00adpi\u00adta\u00adli\u00ads\u00e9s une cen\u00adtaine d\u2019or\u00adphe\u00adlins&nbsp;; devant ce soleil d\u2019or\u200a\u2014\u200aqui pour\u00adrait bien se chan\u00adger en un trou dans la lune <span style=\"font-family: Times New Roman;\">\u2015 <\/span>nos cama\u00adrades vont- ils, hyp\u00adno\u00adti\u00ads\u00e9s par la pro\u00admesse de la manne minis\u00adt\u00e9\u00adrielle, r\u00e9duire \u00e0 des mani\u00adfes\u00adta\u00adtions man\u00adqu\u00e9es, dans la crainte de com\u00adpro\u00admettre les b\u00e9n\u00e9\u00adfices de la dona\u00adtion pro\u00admise, leur cam\u00adpagne de rel\u00e8\u00adve\u00adment des salaires&nbsp;?<\/p>\n<p style=\"margin-bottom: 0cm; text-align: justify;\" align=\"justify\">Je ne puis croire \u00e0 une telle aber\u00adra\u00adtion de l\u2019es\u00adprit posi\u00adtif de cama\u00adrades aban\u00addon\u00adnant, comme pour les retraites, la proie pour l\u2019ombre.<\/p>\n<p style=\"margin-bottom: 0cm; text-align: justify;\" align=\"justify\">Ils doivent com\u00adprendre alors ce qui leur reste \u00e0 faire&nbsp;: d\u00e9jouer les man\u0153uvres der\u00adni\u00e8res de celui qui par\u00adti\u00adra, parce qu\u2019il y est obli\u00adg\u00e9, mais qui compte bien conser\u00adver au Syn\u00addi\u00adcat Natio\u00adnal sa n\u00e9faste influence.<\/p>\n<p style=\"margin-bottom: 0cm; text-align: justify;\" align=\"justify\">\u00ab&nbsp;Je m\u2019en irai en juillet, a\u2011t-il dit, dans un r\u00e9cent Congr\u00e8s&nbsp;; <i>il me faut le temps de mettre mon suc\u00adces\u00adseur au cou\u00adrant<\/i>.&nbsp;\u00bb<\/p>\n<p style=\"margin-bottom: 0cm; text-align: justify;\" align=\"justify\">Le prince abdique, mais il a la pr\u00e9\u00adten\u00adtion de fixer son heure et de d\u00e9si\u00adgner son successeur.<\/p>\n<p style=\"margin-bottom: 0cm; text-align: justify;\" align=\"justify\">Qui lui impose cette atti\u00adtude&nbsp;? Quel est le gage pro\u00admis en cas de r\u00e9ussite&nbsp;?<\/p>\n<p style=\"margin-bottom: 0cm; text-align: justify;\" align=\"justify\">Pro\u00adbl\u00e8me angoissant.<\/p>\n<p style=\"margin-bottom: 0cm; text-align: justify;\" align=\"justify\">La trans\u00adfor\u00adma\u00adtion du Syn\u00addi\u00adcat natio\u00adnal en <i>F\u00e9d\u00e9\u00adra\u00adtion<\/i> qui, si l\u2019on a la sagesse d\u2019\u00e9\u00adcar\u00adter les ques\u00adtions per\u00adson\u00adnelles, sera pro\u00adba\u00adble\u00adment le gros mor\u00adceau du 21<sup>e<\/sup> <i>Congr\u00e8s<\/i>, per\u00admet\u00adtra-t-elle de dis\u00adsi\u00adper tous les mal\u00aden\u00adten\u00addus et d\u2019a\u00adme\u00adner la coh\u00e9\u00adsion dont nous aurions tant besoin&nbsp;? Je l\u2019esp\u00e8re.<\/p>\n<p style=\"margin-bottom: 0cm; text-align: justify;\" align=\"justify\">Dans tous les cas, il ne fau\u00addrait pas rem\u00adpla\u00adcer la dic\u00adta\u00adture par un<i> Conseil des Dix<\/i> et le seul moyen d\u2019\u00e9\u00advi\u00adter cet \u00e9cueil, c\u2019est d\u2019as\u00adsu\u00adrer aux groupes L\u2019AUTONOMIE LA PLUS&nbsp;LARGE.<\/p>\n<p style=\"margin-bottom: 0cm; text-align: justify;\" align=\"justify\">Cama\u00adrades de la pro\u00advince qui serez d\u00e9l\u00e9\u00adgu\u00e9s au 21<sup>e<\/sup> Congr\u00e8s, atten\u00adtion&nbsp;! et tenez la barre d\u2019une main qui ne tremble pas.<\/p>\n<p style=\"padding: 0cm; margin-bottom: 0cm; text-align: right;\" align=\"justify\">Eug\u00e8ne Poi\u00adte\u00advin<\/p>\n<ul class=\"modern-footnotes-list modern-footnotes-list--show-only-for-print\"><li><span>1<\/span><div>Le Comi\u00adt\u00e9 de D\u00e9fense syn\u00addi\u00adca\u00adliste du Syn\u00addi\u00adcat Natio\u00adnal des Tra\u00advailleurs des Che\u00admins de fer a publi\u00e9 r\u00e9cem\u00adment un mani\u00adfeste. Sa coti\u00adsa\u00adtion men\u00adsuelle, 0&nbsp;fr. 50. Le secr\u00e9\u00adtaire est Le Guen\u00adnic, sen\u00adtier des Marais, Meu\u00addon (Seine-et-Oise). Le tr\u00e9\u00adso\u00adrier, Gaillard, 25, rue de Paris, Bobi\u00adgny (Seine).<\/div><\/li><li><span>2<\/span><div>Le Congr\u00e8s avait en effet d\u00e9ci\u00add\u00e9 de consul\u00adter imm\u00e9\u00addia\u00adte\u00adment les groupes, par voie de r\u00e9f\u00e9\u00adren\u00addum, sur l\u2019aide \u00e0 appor\u00adter aux pos\u00adtiers. Mais au 14, rien n\u2019a\u00advait \u00e9t\u00e9 fait, le r\u00e9f\u00e9\u00adren\u00addum n\u2019\u00e9\u00adtait pas m\u00eame&nbsp;lanc\u00e9.<i><\/i><\/div><\/li><li><span>3<\/span><div>Jour\u00adnaux du 15&nbsp;mai.<\/div><\/li><li><span>4<\/span><div>D\u00e9cla\u00adra\u00adtion rap\u00adpe\u00adl\u00e9e devant le Conseil par Char\u00adnay, \u00e0 la suite les voies de fait aux\u00adquelles s\u2019\u00e9\u00adtait livr\u00e9 Gu\u00e9\u00adrard sur sa personne.<\/div><\/li><li><span>5<\/span><div>Du 7 mai, date de la dis\u00adlo\u00adca\u00adtion du Congr\u00e8s, au 14 mai, de la convo\u00adca\u00adtion des admi\u00adnis\u00adtra\u00adteurs, la ges\u00adtion du S. N. fut tout enti\u00e8re entre les mains du secr\u00e9\u00adtaire du Conseil.<\/div><\/li><li><span>6<\/span><div>\u00ab&nbsp;Ce n\u2019est pas parce que nous avons quelques droits qui ne sont pas d\u2019ailleurs des pri\u00advi\u00adl\u00e8ges&nbsp;: retraites pro\u00adbl\u00e9\u00adma\u00adtiques et avan\u00adtages acces\u00adsoires, que l\u2019on peut nous reti\u00adrer la liber\u00adt\u00e9.&nbsp;\u00bb (<em>Le Matin<\/em>, 15 mai&nbsp;1909.)<br>\nEffet ora\u00adtoire, dira-t-on&nbsp;; mais, pas tant que cela&nbsp;! Aus\u00adsi, quel sujet de tris\u00adtesse pour nous, dans ces paroles pro\u00adnon\u00adc\u00e9es par Gu\u00e9\u00adrard au mee\u00adting de l\u2019Hip\u00adpo\u00addrome&nbsp;! Plus de dix ann\u00e9es de nos meilleurs mili\u00adtants d\u00e9pen\u00ads\u00e9es pour des \u00ab&nbsp;retraites pro\u00adbl\u00e9\u00adma\u00adtiques&nbsp;\u00bb, alors que les petits trai\u00adte\u00adments sont res\u00adt\u00e9s sta\u00adtion\u00adnaires. Pour\u00adtant, d\u00e8s le mois de mars 1899, le syn\u00addi\u00adcat natio\u00adnal avait limi\u00adt\u00e9 son pro\u00adgramme \u00e0 ces deux r\u00e9formes&nbsp;: 1\u00b0 <em>Le rel\u00e8\u00adve\u00adment des petits salaires<\/em>&nbsp;; 2\u00b0 <em>la retraite pour tous et<\/em> PROPORTIONNELLE.<\/div><\/li><li><span>7<\/span><div>\u00c0 la suite de cer\u00adtains inci\u00addents et \u00e0 l\u2019ins\u00adti\u00adga\u00adtion de Gu\u00e9\u00adrard lui-m\u00eame, le Conseil avait tout r\u00e9cem\u00adment d\u00e9ci\u00add\u00e9 que, pour toute d\u00e9l\u00e9\u00adga\u00adtion impor\u00adtante, le secr\u00e9\u00adtaire du Conseil se ferait accom\u00adpa\u00adgner par le bureau.&nbsp;\u00bb<\/div><\/li><li><span>8<\/span><div>Bida\u00admant, que Gu\u00e9\u00adrard n\u2019ou\u00adblie jamais d\u2019ap\u00adpe\u00adler le \u00ab&nbsp;sous chef de bureau Bida\u00admant&nbsp;\u00bb. Pauvre \u00ab&nbsp;sous-chef&nbsp;\u00bb \u00e0 139 francs par&nbsp;mois.<\/div><\/li><\/ul>","protected":false},"excerpt":{"rendered":"<p>Le Syn\u00addi\u00adcat Natio\u00adnal tra\u00adverse une crise dont la gra\u00advi\u00adt\u00e9 s\u2018est mani\u00adfes\u00adt\u00e9e ces der\u00adniers temps par divers inci\u00addents signi\u00adfi\u00adca\u00adtifs&nbsp;: 1\u00b0 d\u2019a\u00adbord le 20<sup>e<\/sup> Congr\u00e8s, tenu au prin\u00adtemps der\u00adnier, o\u00f9 s\u2019af\u00adfir\u00adma une puis\u00adsante mino\u00adri\u00adt\u00e9 r\u00e9vo\u00adlu\u00adtion\u00adnaire&nbsp;; 2\u00b0 puis, les d\u00e9cla\u00adra\u00adtions men\u00adson\u00adg\u00e8res de Gu\u00e9\u00adrard au mee\u00adting de l\u2019Hip\u00adpo\u00addrome (gr\u00e8ve des pos\u00adtiers) qui eurent pour cons\u00e9\u00adquences le tumul\u00adtueux mee\u00adting&nbsp;des&nbsp;[\u2026]<\/p>\n","protected":false},"author":127,"featured_media":5788,"comment_status":"closed","ping_status":"closed","sticky":false,"template":"wp-custom-template-page-d-article","format":"standard","meta":{"wp_typography_post_enhancements_disabled":false,"footnotes":""},"categories":[83],"tags":[572,571,584],"ppma_author":[791],"class_list":["post-698","post","type-post","status-publish","format-standard","has-post-thumbnail","hentry","category-la-vie-ouvriere-n3-5-novembre-1909","tag-chemins-de-fer","tag-orgznisations-syndicales","tag-vie-des-organisations"],"authors":[{"term_id":791,"user_id":127,"is_guest":0,"slug":"eugene-poitevin","display_name":"Eug\u00e8ne Poitevin","avatar_url":"https:\/\/secure.gravatar.com\/avatar\/39994996cc87107776691560716bc106ecb69db52129d9e910b3fd9478383d09?s=96&d=mm&r=g","author_category":"","user_url":"","last_name":"Poitevin","first_name":"Eug\u00e8ne","job_title":"","description":"<a href=\"https:\/\/maitron.fr\/spip.php?article7645\">Sa notice dans le Maitron<\/a>"}],"_links":{"self":[{"href":"https:\/\/la-presse-anarchiste.net\/index.php\/wp-json\/wp\/v2\/posts\/698","targetHints":{"allow":["GET"]}}],"collection":[{"href":"https:\/\/la-presse-anarchiste.net\/index.php\/wp-json\/wp\/v2\/posts"}],"about":[{"href":"https:\/\/la-presse-anarchiste.net\/index.php\/wp-json\/wp\/v2\/types\/post"}],"author":[{"embeddable":true,"href":"https:\/\/la-presse-anarchiste.net\/index.php\/wp-json\/wp\/v2\/users\/127"}],"replies":[{"embeddable":true,"href":"https:\/\/la-presse-anarchiste.net\/index.php\/wp-json\/wp\/v2\/comments?post=698"}],"version-history":[{"count":3,"href":"https:\/\/la-presse-anarchiste.net\/index.php\/wp-json\/wp\/v2\/posts\/698\/revisions"}],"predecessor-version":[{"id":8726,"href":"https:\/\/la-presse-anarchiste.net\/index.php\/wp-json\/wp\/v2\/posts\/698\/revisions\/8726"}],"wp:featuredmedia":[{"embeddable":true,"href":"https:\/\/la-presse-anarchiste.net\/index.php\/wp-json\/wp\/v2\/media\/5788"}],"wp:attachment":[{"href":"https:\/\/la-presse-anarchiste.net\/index.php\/wp-json\/wp\/v2\/media?parent=698"}],"wp:term":[{"taxonomy":"category","embeddable":true,"href":"https:\/\/la-presse-anarchiste.net\/index.php\/wp-json\/wp\/v2\/categories?post=698"},{"taxonomy":"post_tag","embeddable":true,"href":"https:\/\/la-presse-anarchiste.net\/index.php\/wp-json\/wp\/v2\/tags?post=698"},{"taxonomy":"author","embeddable":true,"href":"https:\/\/la-presse-anarchiste.net\/index.php\/wp-json\/wp\/v2\/ppma_author?post=698"}],"curies":[{"name":"wp","href":"https:\/\/api.w.org\/{rel}","templated":true}]}}