{"id":701,"date":"1905-11-05T05:03:23","date_gmt":"1905-11-05T05:03:23","guid":{"rendered":"https:\/\/la-presse-anarchiste.net\/index.php\/2007\/08\/20\/la-greve-generale-en-suede\/"},"modified":"2025-07-14T16:03:38","modified_gmt":"2025-07-14T16:03:38","slug":"la-greve-generale-en-suede","status":"publish","type":"post","link":"https:\/\/la-presse-anarchiste.net\/index.php\/1905\/11\/05\/la-greve-generale-en-suede\/","title":{"rendered":"La gr\u00e8ve g\u00e9n\u00e9rale en&nbsp;Su\u00e8de"},"content":{"rendered":"<div class=\"pdfprnt-buttons pdfprnt-buttons-post pdfprnt-top-right\"><a href=\"https:\/\/la-presse-anarchiste.net\/index.php\/wp-json\/wp\/v2\/posts\/701?print=pdf\" class=\"pdfprnt-button pdfprnt-button-pdf\" target=\"_blank\"><img decoding=\"async\" src=\"https:\/\/la-presse-anarchiste.net\/wp-content\/plugins\/pdf-print\/images\/pdf.png\" alt=\"image_pdf\" title=\"Afficher le PDF\"><\/a><a href=\"https:\/\/la-presse-anarchiste.net\/index.php\/wp-json\/wp\/v2\/posts\/701?print=print\" class=\"pdfprnt-button pdfprnt-button-print\" target=\"_blank\"><img decoding=\"async\" src=\"https:\/\/la-presse-anarchiste.net\/wp-content\/plugins\/pdf-print\/images\/print.png\" alt=\"image_print\" title=\"Contenu imprim\u00e9\"><\/a><\/div><div align=\"justify\">\n<p style=\"text-align: justify;\">Per\u00adsonne n\u2019au\u00adrait cru, lorsque com\u00admen\u00ad\u00e7a, il y a huit semaines, la gigan\u00adtesque gr\u00e8ve de Su\u00e8de, qu\u2019elle se pro\u00adlon\u00adge\u00adrait aus\u00adsi long\u00adtemps. Mais cette longue dur\u00e9e nous fait voir clai\u00adre\u00adment qu\u2019il ne s\u2019est pas agi ici d\u2019une v\u00e9ri\u00adtable gr\u00e8ve g\u00e9n\u00e9\u00adrale, mais tout sim\u00adple\u00adment de ce que les Alle\u00admands appellent <em>mas\u00adsens\u00adtreik<\/em> (gr\u00e8ve en masse), quoique \u00e7\u2019ait \u00e9t\u00e9, il est vrai, un <em>mas\u00adsens\u00adtreik<\/em> d\u2019un carac\u00adt\u00e8re sor\u00adtant un peu de l\u2019or\u00addi\u00adnaire. Cette gr\u00e8ve a pr\u00e9\u00adsen\u00adt\u00e9 dans sa longue dur\u00e9e, et dans la t\u00e9na\u00adci\u00adt\u00e9 obs\u00adti\u00adn\u00e9e avec laquelle elle a \u00e9t\u00e9 conduite de part et d\u2019autre, plu\u00adsieurs par\u00adti\u00adcu\u00adla\u00adri\u00adt\u00e9s int\u00e9\u00adres\u00adsantes, dont on peut tirer des le\u00e7ons utiles pour une future gr\u00e8ve g\u00e9n\u00e9rale.<\/p>\n<p style=\"text-align: justify;\">La gr\u00e8ve nous a mon\u00adtr\u00e9, tout d\u2019a\u00adbord, que les capi\u00adta\u00adlistes, mal\u00adgr\u00e9 la dif\u00adf\u00e9\u00adrence de leurs opi\u00adnions poli\u00adtiques, ne forment qu\u2019une seule et m\u00eame classe par\u00adfai\u00adte\u00adment homo\u00adg\u00e8ne et unie lors\u00adqu\u2019il s\u2019a\u00adgit de lut\u00adter contre la classe ouvri\u00e8re. Quoi\u00adqu\u2019une v\u00e9ri\u00adt\u00e9 aus\u00adsi simple e\u00fbt d\u00fb depuis long\u00adtemps avoir p\u00e9n\u00e9\u00adtr\u00e9 dans la conscience de tous les ouvriers orga\u00adni\u00ads\u00e9s, n\u00e9an\u00admoins le grand int\u00e9\u00adr\u00eat que beau\u00adcoup d\u2019ou\u00advriers socia\u00adlistes portent encore au par\u00adle\u00admen\u00adta\u00adrisme, qui ne peut, comme on sait, r\u00e9a\u00adli\u00adser aucune \u00ab&nbsp;r\u00e9forme&nbsp;\u00bb sans alliance avec les par\u00adtis lib\u00e9\u00adraux bour\u00adgeois,\u200a\u2014\u200acet int\u00e9\u00adr\u00eat montre que chez les ouvriers la conscience de classe laisse encore beau\u00adcoup \u00e0 d\u00e9si\u00adrer. Mais la der\u00adni\u00e8re gr\u00e8ve a pour\u00adtant fait com\u00adprendre \u00e0 beau\u00adcoup de tra\u00advailleurs qu\u2019ils ne peuvent, en cas de conflit, comp\u00adter que sur eux-m\u00eames et sur leurs cama\u00adrades. \u00c0 ce point de vue, la gr\u00e8ve a don\u00adn\u00e9 un ensei\u00adgne\u00adment des plus profitables.<\/p>\n<p style=\"text-align: justify;\">Quelle a \u00e9t\u00e9 la cause d\u00e9ter\u00admi\u00adnante de la gr\u00e8ve, et quelles sont les exi\u00adgences qui avaient \u00e9t\u00e9 for\u00admu\u00adl\u00e9es de part et d\u2019autre&nbsp;? Ces ques\u00adtions, qui auraient d\u00fb, semble-t-il, \u00eatre mises au pre\u00admier plan, ont \u00e9t\u00e9 lais\u00ads\u00e9es un peu de c\u00f4t\u00e9, parce qu\u2019une ques\u00adtion a tout de suite pri\u00adm\u00e9 toutes les autres&nbsp;: laquelle des deux par\u00adties en lutte rem\u00adpor\u00adte\u00adra la vic\u00adtoire&nbsp;? Et c\u2019est chose assez natu\u00adrelle, car une gr\u00e8ve est tou\u00adjours une \u00e9preuve dans laquelle il s\u2019a\u00adgit avant tout, pour cha\u00adcun des deux lut\u00adteurs, de s\u2019ef\u00adfor\u00adcer de se mon\u00adtrer le plus fort. Les causes ori\u00adgi\u00adnelles du conflit \u00e9taient d\u2019ordre assez secon\u00addaire&nbsp;: quelques r\u00e9duc\u00adtions de salaire chez les ouvriers du bois et les ouvriers de la cel\u00adlu\u00adlose, d\u2019o\u00f9 une gr\u00e8ve dans ces deux indus\u00adtries. En r\u00e9ponse \u00e0 la gr\u00e8ve, les patrons d\u00e9ci\u00add\u00e8rent un lock-out dans l\u2019in\u00addus\u00adtrie tex\u00adtile et dans quelques autres branches, ce \u00e0 quoi les orga\u00adni\u00adsa\u00adtions ouvri\u00e8res r\u00e9pli\u00adqu\u00e8rent \u00e0 leur tour par la gr\u00e8ve g\u00e9n\u00e9\u00adrale, laquelle, il faut le recon\u00adna\u00eetre, s\u2019est ter\u00admi\u00adn\u00e9e par un fias\u00adco lamentable.<\/p>\n<p style=\"text-align: justify;\">Et il est hors de doute que le r\u00e9sul\u00adtat d\u00e9fi\u00adni\u00adtif de la petite gr\u00e8ve qui se pro\u00adlonge encore \u00e0 l\u2019heure qu\u2019il est, sera une d\u00e9faite com\u00adpl\u00e8te pour les sala\u00adri\u00e9s. On ne peut pas dire encore, d\u2019une mani\u00e8re posi\u00adtive, quelles seront, dans le d\u00e9tail, les condi\u00adtions que devront accep\u00adter les tra\u00advailleurs, mais il est d\u00e8s main\u00adte\u00adnant abso\u00adlu\u00adment cer\u00adtain que les patrons impo\u00adse\u00adront aux ouvriers des contrats qui ren\u00addront plus \u00e9troite leur ser\u00advi\u00adtude et les for\u00adce\u00adront \u00e0 les signer et \u00e0 s\u2019y conformer.<\/p>\n<p style=\"text-align: justify;\">Les rai\u00adsons de la d\u00e9faite doivent \u00eatre cher\u00adch\u00e9es dans deux causes prin\u00adci\u00adpales. La pre\u00admi\u00e8re, c\u2019est le fait que les employ\u00e9s de l\u2019\u00c9\u00adtat jouissent du pri\u00advi\u00adl\u00e8ge d\u2019a\u00advoir des pen\u00adsions de retraites&nbsp;: ces employ\u00e9s ont eu peur de perdre leurs droits \u00e0 la pen\u00adsion, et cette crainte leur a fait tra\u00adhir la gr\u00e8ve. La seconde, c\u2019est l\u2019at\u00adti\u00adtude h\u00e9si\u00adtante et incon\u00ads\u00e9\u00adquente des chefs social-d\u00e9mo\u00adcrates, lorsque la gr\u00e8ve \u2015 dont ils ne vou\u00adlaient pas\u200a\u2014\u200aeut \u00e9t\u00e9 d\u00e9cla\u00adr\u00e9e mal\u00adgr\u00e9 eux. On n\u2019a vu que trop clai\u00adre\u00adment, en effet, que ces mes\u00adsieurs, en leur qua\u00adli\u00adt\u00e9 de par\u00adle\u00admen\u00adtaires, sont obli\u00adg\u00e9s de se pr\u00e9\u00adoc\u00adcu\u00adper du main\u00adtien de l\u2019ordre social \u00e9ta\u00adbli&nbsp;; en cons\u00e9\u00adquence, ils se sont oppo\u00ads\u00e9s de toutes leurs forces \u00e0 ce que ceux des ouvriers dont le tra\u00advail est par\u00adti\u00adcu\u00adli\u00e8\u00adre\u00adment indis\u00adpen\u00adsable \u00e0 la soci\u00e9\u00adt\u00e9 capi\u00adta\u00adliste, et dont la ces\u00adsa\u00adtion de tra\u00advail aurait eu, par suite, la plus grande impor\u00adtance pour le suc\u00adc\u00e8s de la gr\u00e8ve (les ouvriers du gaz, le ser\u00advice des eaux, de l\u2019\u00e9lec\u00adtri\u00adci\u00adt\u00e9, etc.),\u200a\u2014\u200a\u00e0 ce que ces ouvriers se joi\u00adgnissent aux gr\u00e9\u00advistes&nbsp;; c\u2019est ain\u00adsi qu\u2019ils ont for\u00admel\u00adle\u00adment inter\u00addit aux ouvriers de l\u2019\u00e9\u00adclai\u00adrage de se d\u00e9cla\u00adrer soli\u00addaires des tra\u00advailleurs en gr\u00e8ve (\u00e0 Stock\u00adholm, leur inter\u00addic\u00adtion est res\u00adt\u00e9e d\u2019ailleurs sans r\u00e9sul\u00adtat). Dans ces condi\u00adtions, il est facile de com\u00adprendre que la grande masse ouvri\u00e8re, neutre et indif\u00adf\u00e9\u00adrente, n\u2019a pu se for\u00admer de la gr\u00e8ve g\u00e9n\u00e9\u00adrale et de la situa\u00adtion cr\u00e9\u00e9e par elle, qu\u2019une id\u00e9e tr\u00e8s confuse et tr\u00e8s peu exacte.<\/p>\n<p style=\"text-align: justify;\">Le par\u00adti de la social-d\u00e9mo\u00adcra\u00adtie a tout mis en \u0153uvre pour per\u00adsua\u00adder aux ouvriers en gr\u00e8ve que \u00ab&nbsp;les actes de vio\u00adlence anar\u00adchiste de la gr\u00e8ve g\u00e9n\u00e9\u00adrale espa\u00adgnole&nbsp;\u00bb seraient d\u00e9pla\u00adc\u00e9s en Su\u00e8de, parce que les gr\u00e9\u00advistes per\u00addraient par l\u00e0 la sym\u00adpa\u00adthie des par\u00adtis lib\u00e9\u00adraux&nbsp;! Si, au contraire, les gr\u00e9\u00advistes conser\u00advaient une atti\u00adtude calme et accep\u00adtaient l\u2019ap\u00adpui des par\u00adle\u00admen\u00adtaires, ils pou\u00advaient, leur affir\u00admait-on, comp\u00adter sur la vic\u00adtoire finale. Et le r\u00e9sul\u00adtat de cette inter\u00adven\u00adtion des social-d\u00e9mo\u00adcrates a \u00e9t\u00e9 que, pen\u00addant cinq longues semaines de famine et de patience r\u00e9si\u00adgn\u00e9e, les ouvriers, fid\u00e8les \u00e0 la voix de leurs chefs, ont cru \u00e0 cette pro\u00admesse illu\u00adsoire. Hjal\u00admar Bran\u00adting ne l\u2019a-t-il pas dit lui-m\u00eame&nbsp;?<\/p>\n<p style=\"text-align: justify;\">C\u2019est l\u00e0 la plus grande honte dans l\u2019his\u00adtoire de cette lutte, que les chefs social-d\u00e9mo\u00adcrates aient pu r\u00e9us\u00adsir \u00e0 faire croire aux na\u00effs ouvriers qu\u2019une gr\u00e8ve conduite de cette fa\u00e7on serait vic\u00adto\u00adrieuse&nbsp;! Ils leur pro\u00admet\u00adtaient que les secours p\u00e9cu\u00adniaires venus de l\u2019\u00e9\u00adtran\u00adger seraient assez consi\u00add\u00e9\u00adrables pour per\u00admettre aux gr\u00e9\u00advistes de tenir aus\u00adsi long\u00adtemps qu\u2019il le fau\u00addrait. Or, la tota\u00adli\u00adt\u00e9 des secours re\u00e7us du dehors pen\u00addant ces cinq semaines n\u2019a pas d\u00e9pas\u00ads\u00e9 la somme de 1.200.000 cou\u00adronnes<sup class=\"modern-footnotes-footnote modern-footnotes-footnote--expands-on-desktop \" data-mfn=\"1\" data-mfn-post-scope=\"0000000030de8ae9000000001328d1e9_701\"><a href=\"javascript:void(0)\" role=\"button\" aria-pressed=\"false\" aria-describedby=\"mfn-content-0000000030de8ae9000000001328d1e9_701-1\">1<\/a><\/sup><span id=\"mfn-content-0000000030de8ae9000000001328d1e9_701-1\" role=\"tooltip\" class=\"modern-footnotes-footnote__note\" tabindex=\"0\" data-mfn=\"1\">Une cou\u00adronne vaut 1 fr 35<\/span>, ce qui fai\u00adsait pour chaque. gr\u00e9\u00adviste un secours de <em>quatre cou\u00adronnes<\/em> pour vivre cinq semaines&nbsp;! L\u2019ab\u00adsur\u00addi\u00adt\u00e9 d\u2019une pareille tac\u00adtique\u200a\u2014\u200aessayer de r\u00e9duire les capi\u00adta\u00adlistes en leur oppo\u00adsant l\u2019argent dont peuvent dis\u00adpo\u00adser les sala\u00adri\u00e9s\u200a\u2014\u200aa \u00e9t\u00e9 ain\u00adsi d\u00e9mon\u00adtr\u00e9e d\u2019une mani\u00e8re irr\u00e9fragable.<\/p>\n<p style=\"text-align: justify;\">Quant aux conseils don\u00adn\u00e9s aux ouvriers de fa\u00e7on si pres\u00adsante pour les d\u00e9tour\u00adner de l\u2019ac\u00adtion r\u00e9vo\u00adlu\u00adtion\u00adnaire, c\u2019est un th\u00e8me \u00e0 d\u2019\u00e9\u00adlo\u00adquents dis\u00adcours, et cela a pu m\u00e9ri\u00adter aux ora\u00adteurs la sym\u00adpa\u00adthie de la bour\u00adgeoi\u00adsie lib\u00e9\u00adrale et de tous les arri\u00advistes qui font de la poli\u00adtique \u00ab&nbsp;pro\u00adgres\u00adsiste&nbsp;\u00bb, et qui, pour ne perdre aucun de leurs \u00e9lec\u00adteurs, d\u00e9si\u00adraient qu\u2019on p\u00fbt \u00e9vi\u00adter l\u2019emploi de la troupe contre les ouvriers. Mais lorsque ces der\u00adniers durent consta\u00adter que, mal\u00adgr\u00e9 la grande gr\u00e8ve, toutes les com\u00admu\u00adni\u00adca\u00adtions fonc\u00adtion\u00adnaient comme \u00e0 l\u2019or\u00addi\u00adnaire, que les che\u00admins de fer, la poste et le t\u00e9l\u00e9\u00adgraphe conti\u00adnuaient \u00e0 mar\u00adcher, que dans les villes les ser\u00advices du gaz, de l\u2019eau, de l\u2019\u00e9lec\u00adtri\u00adci\u00adt\u00e9 n\u2019\u00e9\u00adtaient nul\u00adle\u00adment inter\u00adrom\u00adpus, que les tram\u00adways cir\u00adcu\u00adlaient dans les rues, etc.,\u200a\u2014\u200ails com\u00adprirent sans doute qu\u2019il e\u00fbt \u00e9t\u00e9 tout de m\u00eame plus impor\u00adtant pour eux de trou\u00adver un moyen d\u2019ar\u00adr\u00ea\u00adter tout cela, dussent- ils perdre la sym\u00adpa\u00adthie de leurs adver\u00adsaires masqu\u00e9s.<\/p>\n<p style=\"text-align: justify;\">Mais non&nbsp;! on ne fait pas ces choses-l\u00e0. On se conte de chanter&nbsp;:<\/p>\n<blockquote>\n<p style=\"text-align: justify;\"><em>Tous les rouages s\u2019arr\u00eatent,<\/em><br>\n<em>Quand le veut ton bras puissant,<\/em><\/p>\n<\/blockquote>\n<p style=\"text-align: justify;\">et puis on laisse tran\u00adquille\u00adment conti\u00adnuer \u00e0 tour\u00adner ces rouages qu\u2019on n\u2019a pas os\u00e9 arr\u00ea\u00adter,\u200a\u2014\u200acar ain\u00adsi l\u2019exige le mot d\u2019ordre des chefs social-d\u00e9mo\u00adcrates, et le mot d\u2019ordre doit \u00eatre&nbsp;ob\u00e9i.<\/p>\n<p style=\"text-align: justify;\">Les seuls qui aient cri\u00adti\u00adqu\u00e9 cette tac\u00adtique de tra\u00adhi\u00adson sont les Jeunes Socia\u00adlistes. Ils ont d\u00e9mon\u00adtr\u00e9 clai\u00adre\u00adment le n\u00e9ant d\u2019une sem\u00adblable m\u00e9thode de lutte, et dans leurs jour\u00adnaux\u200a\u2014\u200ales deux grands heb\u00addo\u00adma\u00addaires, <em>Nya Folk\u00advil\u00adjan<\/em> et <em>Brand,<\/em>\u200a\u2014\u200ails ont invi\u00adt\u00e9 les gr\u00e9\u00advistes \u00e0 employer des armes plus effi\u00adcaces. Natu\u00adrel\u00adle\u00adment, les deux jour\u00adnaux ont \u00e9t\u00e9 sai\u00adsis et les prin\u00adci\u00adpaux mili\u00adtants des Jeunes Socia\u00adlistes arr\u00ea\u00adt\u00e9s,\u200a\u2014\u200asans que le par\u00adti de la social-d\u00e9mo\u00adcra\u00adtie ait fait mine d\u2019\u00e9\u00adle\u00adver seule\u00adment une pro\u00adtes\u00adta\u00adtion contre ces mesures.<\/p>\n<p style=\"text-align: justify;\">On com\u00admence \u00e0 dire tout haut que, d\u00e8s le d\u00e9but, la gr\u00e8ve a \u00e9t\u00e9 \u00e0 des\u00adsein diri\u00adg\u00e9e par les chefs poli\u00adtiques d\u2019une fa\u00e7on qui devait ame\u00adner pour les ouvriers une d\u00e9faite com\u00adpl\u00e8te, afin de les d\u00e9go\u00fb\u00adter de la lutte sur le ter\u00adrain syn\u00addi\u00adcal et d\u2019\u00e9\u00adveiller leurs sym\u00adpa\u00adthies pour l\u2019ac\u00adtion par\u00adle\u00admen\u00adtaire. Il est \u00e0 remar\u00adquer en effet que, ces jours der\u00adniers, les attaques de la social-d\u00e9mo\u00adcra\u00adtie ont \u00e9t\u00e9 diri\u00adg\u00e9es bien moins contre les patrons que contre le gou\u00adver\u00adne\u00adment&nbsp;: on vou\u00addrait insi\u00adnuer au peuple ouvrier cette id\u00e9e, que le pro\u00adl\u00e9\u00adta\u00adriat su\u00e9\u00addois ne pos\u00ads\u00e8de pas, en poli\u00adtique, l\u2019in\u00adfluence qui devrait lui appar\u00adte\u00adnir, et que, par cons\u00e9\u00adquent, il devrait apprendre \u00e0 faire un meilleur usage de l\u2019urne \u00e9lectorale.<\/p>\n<p style=\"text-align: justify;\">Mais il est tr\u00e8s pro\u00adbable que les poli\u00adti\u00adciens seront d\u00e9\u00e7us dans leur cal\u00adcul. Le mou\u00adve\u00adment des Jeunes Socia\u00adlistes, qui est anti-par\u00adle\u00admen\u00adtaire et com\u00adpl\u00e8\u00adte\u00adment syn\u00addi\u00adca\u00adliste, a jus\u00adte\u00adment fait dans ces der\u00adniers temps de grands pro\u00adgr\u00e8s et a p\u00e9n\u00e9\u00adtr\u00e9 jusque dans les petites loca\u00adli\u00adt\u00e9s. On a donc de bonnes rai\u00adsons de croire que les Jeunes Socia\u00adlistes seront en \u00e9tat de faire aux meneurs qui ont tra\u00adhi les ouvriers, une oppo\u00adsi\u00adtion assez forte pour d\u00e9ter\u00admi\u00adner dans le mou\u00adve\u00adment su\u00e9\u00addois une orien\u00adta\u00adtion nou\u00advelle&nbsp;: \u00e0 l\u2019ac\u00adtion par\u00adle\u00admen\u00adtaire, sub\u00adsti\u00adtuer l\u2019ac\u00adtion \u00e9co\u00adno\u00admique r\u00e9vo\u00adlu\u00adtion\u00adnaire&nbsp;; \u00e0 la cen\u00adtra\u00adli\u00adsa\u00adtion qui \u00e9touffe les ini\u00adtia\u00adtives, \u00e0 la mise en tutelle des forces ouvri\u00e8res, sub\u00adsti\u00adtuer la d\u00e9cen\u00adtra\u00adli\u00adsa\u00adtion et le f\u00e9d\u00e9\u00adra\u00adlisme avec le jeu des res\u00adpon\u00adsa\u00adbi\u00adli\u00adt\u00e9s conscientes et le d\u00e9ve\u00adlop\u00adpe\u00adment de l\u2019in\u00adtel\u00adli\u00adgence de tous les syn\u00addi\u00adqu\u00e9s. Si un pareil r\u00e9sul\u00adtat peut \u00eatre obte\u00adnu, cette gr\u00e8ve, mal\u00adgr\u00e9 son insuc\u00adc\u00e8s, aura mar\u00adqu\u00e9 dans le mou\u00adve\u00adment ouvrier de la Su\u00e8de une \u00e9tape importante.<\/p>\n<p style=\"text-align: right;\">Alfred Niel\u00adsen,<br>\nCopen\u00adhague, 28 septembre.<br>\n(Tra\u00adduc\u00adtion de James Guillaume)<\/p>\n<\/div>\n<ul class=\"modern-footnotes-list modern-footnotes-list--show-only-for-print\"><li><span>1<\/span><div>Une cou\u00adronne vaut 1 fr&nbsp;35<\/div><\/li><\/ul>","protected":false},"excerpt":{"rendered":"<p>Per\u00adsonne n\u2019au\u00adrait cru, lorsque com\u00admen\u00ad\u00e7a, il y a huit semaines, la gigan\u00adtesque gr\u00e8ve de Su\u00e8de, qu\u2019elle se pro\u00adlon\u00adge\u00adrait aus\u00adsi long\u00adtemps. Mais cette longue dur\u00e9e nous fait voir clai\u00adre\u00adment qu\u2019il ne s\u2019est pas agi ici d\u2019une v\u00e9ri\u00adtable gr\u00e8ve g\u00e9n\u00e9\u00adrale, mais tout sim\u00adple\u00adment de ce que les Alle\u00admands appellent mas\u00adsens\u00adtreik (gr\u00e8ve en masse), quoique \u00e7\u2019ait \u00e9t\u00e9,&nbsp;il&nbsp;[\u2026]<\/p>\n","protected":false},"author":129,"featured_media":5788,"comment_status":"closed","ping_status":"closed","sticky":false,"template":"wp-custom-template-page-d-article","format":"standard","meta":{"wp_typography_post_enhancements_disabled":false,"footnotes":""},"categories":[83],"tags":[575,586],"ppma_author":[793],"class_list":["post-701","post","type-post","status-publish","format-standard","has-post-thumbnail","hentry","category-la-vie-ouvriere-n3-5-novembre-1909","tag-luttes-ouvrieres","tag-suede"],"authors":[{"term_id":793,"user_id":129,"is_guest":0,"slug":"alfred-nielsen","display_name":"Alfred Nielsen","avatar_url":"https:\/\/secure.gravatar.com\/avatar\/4b18d9cec667966031205a593660e86867e63c7e323499324e07a3a53623abae?s=96&d=mm&r=g","author_category":"","user_url":"","last_name":"Nielsen","first_name":"Alfred","job_title":"","description":""}],"_links":{"self":[{"href":"https:\/\/la-presse-anarchiste.net\/index.php\/wp-json\/wp\/v2\/posts\/701","targetHints":{"allow":["GET"]}}],"collection":[{"href":"https:\/\/la-presse-anarchiste.net\/index.php\/wp-json\/wp\/v2\/posts"}],"about":[{"href":"https:\/\/la-presse-anarchiste.net\/index.php\/wp-json\/wp\/v2\/types\/post"}],"author":[{"embeddable":true,"href":"https:\/\/la-presse-anarchiste.net\/index.php\/wp-json\/wp\/v2\/users\/129"}],"replies":[{"embeddable":true,"href":"https:\/\/la-presse-anarchiste.net\/index.php\/wp-json\/wp\/v2\/comments?post=701"}],"version-history":[{"count":3,"href":"https:\/\/la-presse-anarchiste.net\/index.php\/wp-json\/wp\/v2\/posts\/701\/revisions"}],"predecessor-version":[{"id":8717,"href":"https:\/\/la-presse-anarchiste.net\/index.php\/wp-json\/wp\/v2\/posts\/701\/revisions\/8717"}],"wp:featuredmedia":[{"embeddable":true,"href":"https:\/\/la-presse-anarchiste.net\/index.php\/wp-json\/wp\/v2\/media\/5788"}],"wp:attachment":[{"href":"https:\/\/la-presse-anarchiste.net\/index.php\/wp-json\/wp\/v2\/media?parent=701"}],"wp:term":[{"taxonomy":"category","embeddable":true,"href":"https:\/\/la-presse-anarchiste.net\/index.php\/wp-json\/wp\/v2\/categories?post=701"},{"taxonomy":"post_tag","embeddable":true,"href":"https:\/\/la-presse-anarchiste.net\/index.php\/wp-json\/wp\/v2\/tags?post=701"},{"taxonomy":"author","embeddable":true,"href":"https:\/\/la-presse-anarchiste.net\/index.php\/wp-json\/wp\/v2\/ppma_author?post=701"}],"curies":[{"name":"wp","href":"https:\/\/api.w.org\/{rel}","templated":true}]}}