{"id":702,"date":"1909-11-05T05:08:54","date_gmt":"1909-11-05T05:08:54","guid":{"rendered":"https:\/\/la-presse-anarchiste.net\/index.php\/2007\/08\/20\/quelques-notes-sur-notre-administration\/"},"modified":"2025-07-14T16:28:21","modified_gmt":"2025-07-14T16:28:21","slug":"quelques-notes-sur-notre-administration","status":"publish","type":"post","link":"https:\/\/la-presse-anarchiste.net\/index.php\/1909\/11\/05\/quelques-notes-sur-notre-administration\/","title":{"rendered":"Quelques notes sur notre administration"},"content":{"rendered":"<div class=\"pdfprnt-buttons pdfprnt-buttons-post pdfprnt-top-right\"><a href=\"https:\/\/la-presse-anarchiste.net\/index.php\/wp-json\/wp\/v2\/posts\/702?print=pdf\" class=\"pdfprnt-button pdfprnt-button-pdf\" target=\"_blank\"><img decoding=\"async\" src=\"https:\/\/la-presse-anarchiste.net\/wp-content\/plugins\/pdf-print\/images\/pdf.png\" alt=\"image_pdf\" title=\"Afficher le PDF\"><\/a><a href=\"https:\/\/la-presse-anarchiste.net\/index.php\/wp-json\/wp\/v2\/posts\/702?print=print\" class=\"pdfprnt-button pdfprnt-button-print\" target=\"_blank\"><img decoding=\"async\" src=\"https:\/\/la-presse-anarchiste.net\/wp-content\/plugins\/pdf-print\/images\/print.png\" alt=\"image_print\" title=\"Contenu imprim\u00e9\"><\/a><\/div><p lang=\"fr-FR\" style=\"margin-bottom: 0cm; text-align: justify;\" align=\"justify\"><span style=\"font-size: medium;\"> Quel\u00adqu\u2019un m\u2019a dit, la semaine der\u00adni\u00e8re, apr\u00e8s avoir lu vrai\u00adsem\u00adbla\u00adble\u00adment la cou\u00adver\u00adture du deuxi\u00e8me num\u00e9\u00adro. <span style=\"font-family: Times New Roman, serif;\">\u00c0 <\/span>quoi pen\u00adsez-vous&nbsp;? Pour\u00adquoi annon\u00adcer que vous n\u2019a\u00advez seule\u00adment que 150 abon\u00adn\u00e9s&nbsp;? Ah&nbsp;! vous \u00eates jeune&nbsp;; vous ne savez donc pas qu\u2019il ne faut jamais para\u00eetre pauvre et faible&nbsp;!<\/span><\/p>\n<p lang=\"fr-FR\" style=\"margin-bottom: 0cm; text-align: justify;\" align=\"justify\"><span style=\"font-size: medium;\"><span style=\"font-family: Times New Roman;\">\u2014 <\/span>Comme vous y allez, lui r\u00e9pon\u00addis-je. Cela ne vous semble donc rien d\u2019a\u00advoir recueilli 150 abon\u00adn\u00e9s en quinze jours&nbsp;? Diable&nbsp;! nous ne voyons donc pas avec les m\u00eames yeux. Pour mes cama\u00adrades, comme pour moi, c\u2019est un r\u00e9sul\u00adtat tout \u00e0 fait excellent.<br>\n<\/span><span style=\"font-size: medium;\"><span style=\"font-family: Times New Roman;\">\u2014 <\/span>Non, croyez-m\u2019en&nbsp;; vous avez eu tort. D\u2019ailleurs ne dis\u00adcu\u00adtaillez pas&nbsp;: je suis s\u00fbr qu\u2019au fond vous en convenez.<br>\n<\/span><span style=\"font-size: medium;\">\u2014 Mais du tout, du&nbsp;tout&nbsp;!\u2026<\/span><\/p>\n<p lang=\"fr-FR\" style=\"margin-bottom: 0cm; text-align: justify;\" align=\"justify\"><span style=\"font-size: medium;\">Notre ami\u00adcal cen\u00adseur n\u2019en \u00e9cou\u00adta pas davan\u00adtage. Il s\u2019en alla pres\u00adte\u00adment, visi\u00adble\u00adment affli\u00adg\u00e9 que je ne lui aie point avou\u00e9 que nous avions fait r\u00e9el\u00adle\u00adment une&nbsp;gaffe\u2026<\/span><\/p>\n<p lang=\"fr-FR\" style=\"margin-bottom: 0cm; text-align: justify;\" align=\"justify\"><span style=\"font-size: medium;\">Une gaffe&nbsp;? Ah&nbsp;! Non&nbsp;! certes, nous n\u2019a\u00advons pas pes\u00e9 pen\u00addant trente-six heures si nous avions avan\u00adtage ou non \u00e0 publier la nou\u00advelle qui nous com\u00adblait de confiance et de joie. Nous \u00e9tions heu\u00adreux du r\u00e9sul\u00adtat atteint et nous avons pen\u00ads\u00e9 que notre joie, il fal\u00adlait la faire par\u00adta\u00adger \u00e0 nos amis loin\u00adtains. Aujourd\u2019\u00adhui, nous r\u00e9ci\u00addi\u00advons en annon\u00ad\u00e7ant que nous avons main\u00adte\u00adnant 300 abonn\u00e9s.<\/span><\/p>\n<p lang=\"fr-FR\" style=\"margin-bottom: 0cm; text-align: justify;\" align=\"justify\"><span style=\"font-size: medium;\">Seule\u00adment 300&nbsp;? dira encore le grin\u00adcheux cen\u00adseur. Oui&nbsp;: d\u00e9j\u00e0 300&nbsp;! lui r\u00e9pondrons-nous.<\/span><\/p>\n<p lang=\"fr-FR\" style=\"margin-bottom: 0cm; text-align: justify;\" align=\"justify\"><span style=\"font-size: medium;\">Est-ce vrai\u00adment \u00eatre faible\u200a\u2014\u200aou l\u2019ap\u00adpa\u00adra\u00eetre <span style=\"font-family: Times New Roman;\">\u2015 <\/span>que d\u2019a\u00advoir recueilli 300 abon\u00adn\u00e9s en un mois&nbsp;? Un des cama\u00adrades du noyau, qui fr\u00e9\u00adquente un peu les \u00e9di\u00adteurs, nous r\u00e9p\u00e9\u00adtait, \u00e0 cha\u00adcune des r\u00e9unions pr\u00e9\u00adpa\u00adra\u00adtoires. que nous n\u2019ar\u00adri\u00adve\u00adrions que labo\u00adrieu\u00adse\u00adment au chiffre de 300 abon\u00adn\u00e9s, que nous ne le d\u00e9pas\u00adse\u00adrions jamais&nbsp;; que jamais revue fran\u00ad\u00e7aise ne l\u2019a\u00advait d\u00e9pas\u00ads\u00e9&nbsp;; que c\u2019\u00e9\u00adtait folie de baser notre bud\u00adget sur un chiffre de 1000 abonn\u00e9s.<\/span><\/p>\n<p lang=\"fr-FR\" style=\"margin-bottom: 0cm; text-align: justify;\" align=\"justify\"><span style=\"font-size: medium;\">Voi\u00adci qu\u2019au bout d\u2019un mois d\u2019exis\u00adtence nous tenons les 300 abon\u00adn\u00e9s. Aus\u00adsi, gare la pro\u00adchaine r\u00e9union du noyau&nbsp;! Le scep\u00adtique pren\u00addra quelque chose pour ses pr\u00e9\u00addic\u00adtions. Mais voi\u00adl\u00e0 un cama\u00adrade, au moins, qui ne dira pas, que nous don\u00adnons une impres\u00adsion de fai\u00adblesse et de pau\u00advre\u00adt\u00e9<\/span><span style=\"font-size: medium;\">\u2026<\/span><\/p>\n<p lang=\"fr-FR\" style=\"margin-bottom: 0cm; text-align: justify;\" align=\"justify\"><span style=\"font-size: medium; font-family: 'Times New Roman', serif;\">\u00c9<\/span><span style=\"font-size: medium;\">videm\u00adment, il y a des cama\u00adrades qui comptent plus faci\u00adle\u00adment par dizaines de mil\u00adliers que par dizaines d\u2019u\u00adni\u00adt\u00e9s, pour qui toute \u0153uvre&nbsp;n\u2019ou\u00advrant pas de larges ailes n\u2019offre aucun int\u00e9\u00adr\u00eat. <\/span><span style=\"font-size: medium; font-family: 'Times New Roman', serif;\">\u00c9<\/span><span style=\"font-size: medium;\">videm\u00adment aus\u00adsi, 150 et 300, cela ne consti\u00adtue pas, en soi, des chiffres imposants.<\/span><\/p>\n<p lang=\"fr-FR\" style=\"margin-bottom: 0cm; text-align: justify;\" align=\"justify\"><span style=\"font-size: medium;\">Mais ces chiffres repr\u00e9\u00adsen\u00adtant les abon\u00adn\u00e9s recueillis en quinze jours, puis en un mois, ces chiffres pla\u00adc\u00e9s dans les condi\u00adtions et au moment o\u00f9 ils sont obte\u00adnus, nous paraissent tout bon\u00adne\u00adment merveilleux.<\/span><\/p>\n<p lang=\"fr-FR\" style=\"margin-bottom: 0cm; text-align: justify;\" align=\"justify\"><span style=\"font-size: medium;\">Et l\u2019on dit que le syn\u00addi\u00adca\u00adlisme tra\u00adverse une crise tr\u00e8s grave, qu\u2019il est frap\u00adp\u00e9 a mort&nbsp;! Juste \u00e0 ce moment, quelques cama\u00adrades songent \u00e0 com\u00adpl\u00e9\u00adter ses moyens de pro\u00adpa\u00adgande par une revue, et cette revue prend&nbsp;; elle trouve en un mois 300 abon\u00adn\u00e9s&nbsp;; le cour\u00adrier qui lui par\u00advient est aus\u00adsi nour\u00adri de nou\u00adveaux abon\u00adn\u00e9s au trente et uni\u00e8me jour de son exis\u00adtence qu\u2019au pre\u00admier, ce qui per\u00admet d\u2019es\u00adp\u00e9\u00adrer que novembre ne lui appor\u00adte\u00adra pas moins d\u2019a\u00adbon\u00adn\u00e9s qu\u2019oc\u00adtobre. Pour un mou\u00adve\u00adment \u00e9pui\u00ads\u00e9, le syn\u00addi\u00adca\u00adlisme pos\u00ads\u00e8de encore une sin\u00adgu\u00adli\u00e8re vigueur&nbsp;; vigueur qu\u2019il n\u2019a\u00advait pas il y a quelques ann\u00e9es, qu\u2019il n\u2019a\u00advait pas l\u2019an dernier.<\/span><\/p>\n<p lang=\"fr-FR\" style=\"margin-bottom: 0cm; text-align: justify;\" align=\"justify\"><span style=\"font-size: medium;\">Oh&nbsp;! nous ne nous embal\u00adlons pas. Nous savons ce qu\u2019a deman\u00add\u00e9 d\u2019ef\u00adforts et d\u2019argent l\u2019en\u00advoi de notre pre\u00admier num\u00e9\u00adro \u00e0 5000 exem\u00adplaires et de notre deuxi\u00e8me \u00e0 3000. Beau\u00adcoup d\u2019ef\u00adforts et pas mal d\u2019argent. Beau\u00adcoup plus d\u2019ef\u00adforts et de tra\u00advail qu\u2019on ne se figure. Pas mal d\u2019argent, moins cepen\u00addant que de bonnes langues le col\u00adportent. Nous racon\u00adte\u00adrons pro\u00adchai\u00adne\u00adment, sans doute \u00e0 la fin de notre pre\u00admier tri\u00admestre, com\u00adment nous avons pu assu\u00adrer le lan\u00adce\u00adment et la vie de la revue. Nous tenons \u00e0 faire faire le tour finan\u00adcier de notre mai\u00adson \u00e0 nos abon\u00adn\u00e9s et \u00e0 nos amis. Il est l\u00e9gi\u00adtime qu\u2019ils sachent de quoi et com\u00adment elle est faite. Nous le leur dirons chaque tri\u00admestre leur pr\u00e9\u00adsen\u00adtant une sorte de bilan&nbsp;; par la cou\u00adver\u00adture, nous les tien\u00addrons plus r\u00e9gu\u00adli\u00e8\u00adre\u00adment aus\u00adsi au cou\u00adrant de notre vie mat\u00e9rielle.<\/span><\/p>\n<p lang=\"fr-FR\" style=\"margin-bottom: 0cm; text-align: justify;\" align=\"justify\"><span style=\"font-size: medium;\">Du moment que nous vou\u00adlons leur deman\u00adder de nous, aider \u00e0 tous points de vue<\/span>&nbsp;<span style=\"font-size: medium;\">: mat\u00e9\u00adriel\u00adle\u00adment en recher\u00adchant de nou\u00adveaux abon\u00adn\u00e9s<\/span>&nbsp;<span style=\"font-size: medium;\">; mora\u00adle\u00adment en nous don\u00adnant, quand ils le pour\u00adront, une \u00e9tude sur des \u00e9v\u00e9\u00adne\u00adments sociaux impor\u00adtants aux\u00adquels ils auront \u00e9t\u00e9 m\u00eal\u00e9s, une mono\u00adgra\u00adphie de leur r\u00e9gion ou de leur indus\u00adtrie, une contri\u00adbu\u00adtion \u00e0 nos enqu\u00eates sur les graves ques\u00adtions, ne faut-il pas que nous leur don\u00adnions la preuve que leur concours ne va pas plus \u00e0 \u0153uvre&nbsp;d\u2019in\u00adt\u00e9\u00adr\u00eat per\u00adson\u00adnel qu\u2019\u00e0 une entre\u00adprise capi\u00adta\u00adliste<\/span>&nbsp;<span style=\"font-size: medium;\">?<\/span><\/p>\n<p lang=\"fr-FR\" style=\"margin-bottom: 0cm; text-align: justify;\" align=\"justify\"><span style=\"font-size: medium;\">Aurons-nous, au 31 d\u00e9cembre, les 1000 abon\u00adn\u00e9s qui nous sont n\u00e9ces\u00adsaires pour joindre les deux bouts&nbsp;? Nous n\u2019a\u00advons pas une telle ambi\u00adtion. Pour\u00adtant, si les mois de novembre et de d\u00e9cembre nous appor\u00adtaient cha\u00adcun, comme octobre, trois cents abon\u00adn\u00e9s, nous n\u2019en serions pas bien loin et nul doute qu\u2019a\u00advec le nou\u00adveau lan\u00adce\u00adment que nous pro\u00adje\u00adtons pour fin d\u00e9cembre nous n\u2019ayons en jan\u00advier ce mil\u00adlier n\u00e9cessaire.<\/span><\/p>\n<p lang=\"fr-FR\" style=\"margin-bottom: 0cm; text-align: justify;\" align=\"justify\"><span style=\"font-size: medium;\">Nous l\u2019au\u00adrons un jour, ce mil\u00adlier. Mais quand&nbsp;? <span style=\"font-family: Times New Roman, serif;\">\u00c0 <\/span>la fin d\u00e9cembre, peut-\u00eatre, si nos amis se donnent un peu de peine. Com\u00adbien ne nous ont pas encore envoy\u00e9 le mon\u00adtant de leur abon\u00adne\u00adment, sans par\u00adler de nous avoir trou\u00adv\u00e9 d\u2019autres abon\u00adn\u00e9s&nbsp;? Nous savons qu\u2019ils lisent&nbsp;; qu\u2019en par\u00adti\u00adcu\u00adlier ils ont lu avec int\u00e9\u00adr\u00eat le num\u00e9\u00adro de la <i>Vie Ouvri\u00e8re<\/i> que nous leur avons envoy\u00e9. Mais alors, pour\u00adquoi ne sont-ils d\u00e9j\u00e0 abon\u00adn\u00e9s&nbsp;? Et la bonne paresse d\u2019\u00e9\u00adcrire, de pas\u00adser \u00e0 la poste prendre un man\u00addat, qu\u2019en faites-vous&nbsp;? Et le pitoyable bud\u00adget ouvrier sur lequel il para\u00eet plus tourd de pr\u00e9\u00adle\u00adver 2&nbsp;fr&nbsp;50 pour 6 num\u00e9\u00adros de revue, que 2&nbsp;fr&nbsp;50 pour quelques tour\u00adn\u00e9es devant un comp\u00adtoir de mar\u00adchand de vin. Et le plus pitoyable bud\u00adget encore de la famille ouvri\u00e8re char\u00adg\u00e9e d\u2019en\u00adfants&nbsp;? Et sur\u00adtout la crainte que la revue ne vive pas et que le mon\u00adtant d\u2019un abon\u00adne\u00adment soit de l\u2019argent jet\u00e9.<\/span><\/p>\n<p lang=\"fr-FR\" style=\"margin-bottom: 0cm; text-align: justify;\" align=\"justify\"><span style=\"font-size: medium;\">Nous <\/span><span style=\"font-size: medium;\">com\u00adpre\u00adnons toutes ces craintes et dif\u00adfi\u00adcul\u00adt\u00e9s, causes <\/span><span style=\"font-size: medium;\">d\u2019ir\u00adr\u00e9\u00adso\u00adlu\u00adtion \u00e0 s\u2019a\u00adbon\u00adner. Nous for\u00adce\u00adrons, ais\u00e9\u00adment <\/span><span style=\"font-size: medium;\">cette irr\u00e9\u00adso\u00adlu\u00adtion. La <\/span><i style=\"font-size: medium;\">Vie Ouvri\u00e8re<\/i><span style=\"font-size: medium;\"> a de la vie <\/span><span style=\"font-size: medium;\">plein le corps&nbsp;; ah&nbsp;! non, elle ne songe pas \u00e0 <\/span><span style=\"font-size: medium;\">tour\u00adner de&nbsp;l\u2019\u0153il&nbsp;!<\/span><\/p>\n<p lang=\"fr-FR\" style=\"margin-bottom: 0cm; text-align: justify;\" align=\"justify\"><span style=\"font-size: medium;\">Nous sommes cer\u00adtains de trou\u00adver dans les 3000 syn\u00addi\u00adcats conf\u00e9\u00add\u00e9\u00adr\u00e9s, dans les cercles d\u2019\u00e9\u00adtudes, dans les groupes socia\u00adlistes, par\u00admi les mil\u00adliers de mili\u00adtants qu\u2019il y a par le pays, le pauvre petit mil\u00adlier d\u2019a\u00adbon\u00adn\u00e9s qui per\u00admet\u00adtra \u00e0 la <i>Vie Ouvri\u00e8re <\/i>de bou\u00adcler son bud\u00adget sans d\u00e9fi\u00adcit. Nous nous lais\u00adsons m\u00eame aller \u00e0 esp\u00e9\u00adrer que le mil\u00adlier enfle\u00adra et qu\u2019un jour le syn\u00addi\u00adca\u00adlisme fran\u00ad\u00e7ais aura sa revue sur toutes les tables de ses mili\u00adtants et que nous pour\u00adrons, tout comme la <i>Neue Zeit<\/i>, des socia\u00adlistes alle\u00admands, par\u00adler de nos 10.000 abonn\u00e9s.<\/span><\/p>\n<p lang=\"fr-FR\" style=\"margin-bottom: 0cm; text-align: justify;\" align=\"justify\"><span style=\"font-size: medium;\">Pour l\u2019ins\u00adtant, n\u2019ou\u00adblions pas cepen\u00addant que nous sommes seule\u00adment 300&nbsp;; qu\u2019il manque 700 uni\u00adt\u00e9s pour joindre les deux bouts et 9.700\u200a\u2014\u200apas une de moins\u200a\u2014\u200apour faire belle figure dans le mou\u00adve\u00adment ouvrier international.<\/span><\/p>\n<p lang=\"fr-FR\" style=\"margin-bottom: 0cm; text-align: right;\" align=\"justify\"><span style=\"font-size: medium;\">P. Monatte<\/span><\/p>\n<p lang=\"fr-FR\" style=\"margin-bottom: 0cm; text-align: justify;\" align=\"justify\"><span style=\"font-size: medium;\">P.-S..\u200a\u2014\u200aRap\u00adpe\u00adlons que les lun\u00addi, mar\u00addi, jeu\u00addi et same\u00addi il y a\u200a\u2014\u200asup\u00adpl\u00e9\u00admen\u00adtai\u00adre\u00adment \u00e0 la per\u00adma\u00adnence de jour\u200a\u2014\u200aune per\u00adma\u00adnence du soir, de 9 \u00e0 11 heures.<\/span><\/p>\n","protected":false},"excerpt":{"rendered":"<p>Quel\u00adqu\u2019un m\u2019a dit, la semaine der\u00adni\u00e8re, apr\u00e8s avoir lu vrai\u00adsem\u00adbla\u00adble\u00adment la cou\u00adver\u00adture du deuxi\u00e8me num\u00e9\u00adro. \u00c0 quoi pen\u00ad\u00adsez-vous&nbsp;? Pour\u00adquoi annon\u00adcer que vous n\u2019a\u00advez seule\u00adment que 150 abon\u00adn\u00e9s&nbsp;? Ah&nbsp;! vous \u00eates jeune&nbsp;; vous ne savez donc pas qu\u2019il ne faut jamais para\u00eetre pauvre et faible&nbsp;!\u200a\u2014\u200aComme vous y allez, lui r\u00e9pon\u00ad\u00addis-je. Cela ne vous semble&nbsp;[\u2026]<\/p>\n","protected":false},"author":110,"featured_media":5788,"comment_status":"closed","ping_status":"closed","sticky":false,"template":"wp-custom-template-page-d-article","format":"standard","meta":{"wp_typography_post_enhancements_disabled":false,"footnotes":""},"categories":[83],"tags":[552],"ppma_author":[775],"class_list":["post-702","post","type-post","status-publish","format-standard","has-post-thumbnail","hentry","category-la-vie-ouvriere-n3-5-novembre-1909","tag-vie-des-revues"],"authors":[{"term_id":775,"user_id":110,"is_guest":0,"slug":"pierre-monatte","display_name":"Pierre Monatte","avatar_url":"https:\/\/secure.gravatar.com\/avatar\/e3596f5cdc2f42c7ba4d9f79ab89723e19d5c3833b76338a14c57a1ec710ea8f?s=96&d=mm&r=g","author_category":"","user_url":"","last_name":"Monatte","first_name":"Pierre","job_title":"","description":"<a href=\"https:\/\/maitron.fr\/spip.php?article155044\">Sa notice dans le Maitron.<\/a>"}],"_links":{"self":[{"href":"https:\/\/la-presse-anarchiste.net\/index.php\/wp-json\/wp\/v2\/posts\/702","targetHints":{"allow":["GET"]}}],"collection":[{"href":"https:\/\/la-presse-anarchiste.net\/index.php\/wp-json\/wp\/v2\/posts"}],"about":[{"href":"https:\/\/la-presse-anarchiste.net\/index.php\/wp-json\/wp\/v2\/types\/post"}],"author":[{"embeddable":true,"href":"https:\/\/la-presse-anarchiste.net\/index.php\/wp-json\/wp\/v2\/users\/110"}],"replies":[{"embeddable":true,"href":"https:\/\/la-presse-anarchiste.net\/index.php\/wp-json\/wp\/v2\/comments?post=702"}],"version-history":[{"count":3,"href":"https:\/\/la-presse-anarchiste.net\/index.php\/wp-json\/wp\/v2\/posts\/702\/revisions"}],"predecessor-version":[{"id":8728,"href":"https:\/\/la-presse-anarchiste.net\/index.php\/wp-json\/wp\/v2\/posts\/702\/revisions\/8728"}],"wp:featuredmedia":[{"embeddable":true,"href":"https:\/\/la-presse-anarchiste.net\/index.php\/wp-json\/wp\/v2\/media\/5788"}],"wp:attachment":[{"href":"https:\/\/la-presse-anarchiste.net\/index.php\/wp-json\/wp\/v2\/media?parent=702"}],"wp:term":[{"taxonomy":"category","embeddable":true,"href":"https:\/\/la-presse-anarchiste.net\/index.php\/wp-json\/wp\/v2\/categories?post=702"},{"taxonomy":"post_tag","embeddable":true,"href":"https:\/\/la-presse-anarchiste.net\/index.php\/wp-json\/wp\/v2\/tags?post=702"},{"taxonomy":"author","embeddable":true,"href":"https:\/\/la-presse-anarchiste.net\/index.php\/wp-json\/wp\/v2\/ppma_author?post=702"}],"curies":[{"name":"wp","href":"https:\/\/api.w.org\/{rel}","templated":true}]}}