{"id":704,"date":"2007-08-20T20:32:51","date_gmt":"2007-08-20T20:32:51","guid":{"rendered":"https:\/\/la-presse-anarchiste.net\/index.php\/2007\/08\/20\/periodiques-4\/"},"modified":"2007-08-20T20:32:51","modified_gmt":"2007-08-20T20:32:51","slug":"periodiques-4","status":"publish","type":"post","link":"https:\/\/la-presse-anarchiste.net\/index.php\/2007\/08\/20\/periodiques-4\/","title":{"rendered":"P\u00e9riodiques"},"content":{"rendered":"<div class=\"pdfprnt-buttons pdfprnt-buttons-post pdfprnt-top-right\"><a href=\"https:\/\/la-presse-anarchiste.net\/index.php\/wp-json\/wp\/v2\/posts\/704?print=pdf\" class=\"pdfprnt-button pdfprnt-button-pdf\" target=\"_blank\"><img decoding=\"async\" src=\"https:\/\/la-presse-anarchiste.net\/wp-content\/plugins\/pdf-print\/images\/pdf.png\" alt=\"image_pdf\" title=\"Afficher le PDF\"><\/a><a href=\"https:\/\/la-presse-anarchiste.net\/index.php\/wp-json\/wp\/v2\/posts\/704?print=print\" class=\"pdfprnt-button pdfprnt-button-print\" target=\"_blank\"><img decoding=\"async\" src=\"https:\/\/la-presse-anarchiste.net\/wp-content\/plugins\/pdf-print\/images\/print.png\" alt=\"image_print\" title=\"Contenu imprim\u00e9\"><\/a><\/div><div align=\"justify\">\n<div style=\"text-indent: 1cm\">\n<p>Le n\u00b0 15 de \u00ab&nbsp;Contacts&nbsp;\u00bb (sep\u00adtembre) a, comme l\u2019on sait, \u00e9t\u00e9 quelque peu retar\u00add\u00e9 par un contre\u00adcoup bien inat\u00adten\u00addu de l\u2019obscure affaire des fuites. Guy Vina\u00adtrel, son direc\u00adteur, dont on conna\u00eet le peu de ten\u00addresse pour les sta\u00adli\u00adniens, fut arr\u00ea\u00adt\u00e9 parce que ceux-ci semblent bien avoir mis la main sur des docu\u00adments int\u00e9\u00adres\u00adsant la d\u00e9fense natio\u00adnale&nbsp;! Bien \u00e9vi\u00addem\u00adment, Vina\u00adtrel fut aus\u00adsi\u00adt\u00f4t rel\u00e2\u00adch\u00e9&nbsp;; mais com\u00adbien l\u2019on com\u00adprend, moins peut-\u00eatre la th\u00e9o\u00adrie que lui-m\u00eame s\u2019est for\u00adm\u00e9e de l\u2019\u00ab&nbsp;inci\u00addent&nbsp;\u00bb que la pro\u00adtes\u00adta\u00adtion vigou\u00adreuse de nom\u00adbreux confr\u00e8res, entre autres celle du \u00ab&nbsp;Bureau du Syn\u00addi\u00adcat des Jour\u00adna\u00adlistes pro\u00adfes\u00adsion\u00adnels du Mou\u00adve\u00adment Social&nbsp;\u00bb, repro\u00adduite par \u00ab&nbsp;Contacts&nbsp;\u00bb dans son num\u00e9\u00adro de novembre, et \u00e0 laquelle tous ceux qui ont \u00e0 c\u0153ur la liber\u00adt\u00e9 de la presse ne peuvent que s\u2019associer.<\/p>\n<p>Puisque je parle de Guy Vina\u00adtrel, c\u2019est le moment de signa\u00adler aux ama\u00adteurs de beaux \u00e9rein\u00adte\u00adments la note que vient de consa\u00adcrer (\u00ab&nbsp;Contacts&nbsp;\u00bb, novembre) \u00e0 Roger St\u00e9\u00adphane, \u00e0 pro\u00adpos de son livre \u00ab&nbsp;Fin d\u2019une jeu\u00adnesse&nbsp;\u00bb. Apr\u00e8s cela, si nous vivions en des temps nor\u00admaux, l\u2019auteur, exem\u00adplaire exem\u00adplaire du com\u00admu\u00adniste de salon\u2026 etc., y regar\u00adde\u00adrait \u00e0 deux fois avant de re-\u00abfrotter&nbsp;\u00bb en public \u00ab&nbsp;son moi trem\u00adblo\u00adtant&nbsp;\u00bb (Vina\u00adtrel dixit) aux \u00eatres et aux pro\u00adbl\u00e8mes de l\u2019\u00e9\u00adpoque. Mais cette der\u00adni\u00e8re est si veule que nous pou\u00advons comp\u00adter qu\u2019il s\u2019en fiche pas mal\u2026 Dom\u00admage, \u2013 et com\u00adment ne pas l\u2019en plaindre&nbsp;?<\/p>\n<p><\/p><center>\n<h3>*  *  *  *<\/h3>\n<p><\/p><\/center><br>\n<br>\nN\u2019ayant pas, depuis fort long\u00adtemps, vu \u00ab&nbsp;Le Disque Vert&nbsp;\u00bb, c\u2019est dans le n\u00b028 du \u00ab&nbsp;Bul\u00adle\u00adtin de l\u2019Association des Amis de Romain Rol\u00adland&nbsp;\u00bb que j\u2019ai pris connais\u00adsance, repro\u00adduit d\u2019apr\u00e8s la pre\u00admi\u00e8re de ces deux publi\u00adca\u00adtions (qui l\u2019avait fait para\u00eetre dans son num\u00e9\u00adro sp\u00e9\u00adcial consa\u00adcr\u00e9 \u00e0 Rol\u00adland), le texte sur\u00adpre\u00adnant, et si int\u00e9\u00adres\u00adsant, dans lequel Fran\u00ad\u00e7ois Mau\u00adriac, sous le titre d\u2019\u00ab&nbsp;Impres\u00adsions de jeu\u00adnesse&nbsp;\u00bb, \u00e9voque sa lec\u00adture d\u2019\u00ab&nbsp;Au-des\u00adsus de la m\u00eal\u00e9e&nbsp;\u00bb pen\u00addant la pre\u00admi\u00e8re guerre mon\u00addiale. \u00ab&nbsp;Le sillon\u00adniste que j\u2019avais \u00e9t\u00e9 \u00e0 dix-huit ans \u00e9tait un gar\u00ad\u00e7on influen\u00adc\u00e9 par Jean-Chris\u00adtophe&nbsp;\u00bb, \u00e9crit Mau\u00adriac. C\u2019est inat\u00adten\u00addu, mais alors on s\u2019\u00e9tonne moins des actuelles prises de posi\u00adtion du grand \u00e9cri\u00advain catho\u00adlique \u2013 mais chr\u00e9\u00adtien. Albert de Mun, dont Mau\u00adriac \u00e9tait alors le secr\u00e9\u00adtaire b\u00e9n\u00e9\u00advole, n\u2019avait eu, au nom de Rol\u00adland, qu\u2019une excla\u00adma\u00adtion m\u00e9pri\u00adsante. Et Mau\u00adriac de noter (c\u2019est moi qui sou\u00adligne)&nbsp;: \u00ab&nbsp;J\u2019approuvais le m\u00e9pris, \u201ccontre lequel une part de moi-m\u00eame pro\u00adtes\u00adtait.\u201d&nbsp;\u00bb Sera-t-il per\u00admis d\u2019ajouter que l\u2019on com\u00adprend mieux aus\u00adsi que notre aca\u00add\u00e9\u00admi\u00adcien puisse conju\u00adguer aujourd\u2019hui (pour notre plus grand plai\u00adsir de lec\u00adteurs) sa col\u00adla\u00adbo\u00adra\u00adtion au \u00ab&nbsp;Figa\u00adro&nbsp;\u00bb et celle qu\u2019il accorde \u00e0 \u00ab&nbsp;l\u2019Express&nbsp;\u00bb&nbsp;? C\u2019est du moins ce qu\u2019on ne peut gu\u00e8re s\u2019emp\u00eacher de pen\u00adser en lisant, dans le m\u00eame texte dont je parle ici, cette autre phrase, aus\u00adsi sin\u00adc\u00e8re, assu\u00adr\u00e9\u00adment, que d\u00e9con\u00adcer\u00adtante&nbsp;: \u00ab&nbsp;\u2026 il n\u2019est pas dou\u00adteux qu\u2019il (Rol\u00adland) ait \u00e9t\u00e9 pour moi un ma\u00eetre secret (Bar\u00adr\u00e8s \u00e9tant mon ma\u00eetre offi\u00adciel, si j\u2019ose dire\u2026)\u00bb Mais ne confon\u00addons pas&nbsp;: vivre en par\u00adtie double n\u2019est pas for\u00adc\u00e9\u00adment double jeu.\n<p><\/p><center>\n<h3>*  *  *  *<\/h3>\n<p><\/p><\/center><br>\n<br>\nDe l\u2019influence de la pein\u00adture sur les lettres&nbsp;: comme on a \u2013 fort heu\u00adreu\u00adse\u00adment \u2013 d\u00e9cou\u00advert un cer\u00adtain nombre de peintres \u00ab&nbsp;na\u00effs&nbsp;\u00bb, dits aus\u00adsi peintres du dimanche, c\u2019est sous ce der\u00adnier vocable que \u00ab&nbsp;la Nou\u00advelle NRF&nbsp;\u00bb vient d\u2019ouvrir (num\u00e9\u00adro d\u2019octobre) une nou\u00advelle rubrique, pour des textes dus \u00e0 des \u00e9cri\u00advains non pro\u00adfes\u00adsion\u00adnels. Il y aurait lieu de s\u2019en r\u00e9jouir, \u2013 sur\u00adtout si les textes \u00e0 venir sont plus juteux que celui de ce coup d\u2019essai. Mais quand on lit le \u00ab&nbsp;cha\u00adpeau&nbsp;\u00bb, une peur vous prend&nbsp;: \u00ab&nbsp;La pro\u00adpri\u00e9\u00adt\u00e9 des termes, la rete\u00adnue des m\u00e9ta\u00adphores, la vrai\u00adsem\u00adblance des \u00e9v\u00e9\u00adne\u00adments, la richesse des exp\u00e9\u00adriences, la pr\u00e9\u00adci\u00adsion du style et les diverses autres qua\u00adli\u00adt\u00e9s de l\u2019\u00e9criture font \u00e0 l\u2019ordinaire les \u0153uvres plates.&nbsp;\u00bb Boufre&nbsp;! Et d\u2019ajouter&nbsp;: \u00ab&nbsp;Tout est dit, et plus rien ne m\u00e9rite de l\u2019\u00eatre.&nbsp;\u00bb Par sou\u00adci\u2026 aca\u00add\u00e9\u00admique de non-aca\u00add\u00e9\u00admisme, les sur\u00adin\u00adtel\u00adlec\u00adtuels qui ont mani\u00adgan\u00adc\u00e9 cette pr\u00e9\u00adsen\u00adta\u00adtion confon\u00addraient-ils, forme par\u00adti\u00adcu\u00adli\u00e8\u00adre\u00adment insi\u00addieuse du sno\u00adbisme, le popu\u00adlaire et le gali\u00adma\u00adtias&nbsp;? Un conseil&nbsp;: qu\u2019ils relisent donc Pas\u00adcal. Tout y est dit, pour\u00adtant \u2013 et m\u00eame les silences\u2026\n<p><\/p><center>\n<h3>*  *  *  *<\/h3>\n<p><\/p><\/center><br>\n<br>\nLa m\u00eame \u00ab&nbsp;Nou\u00advelle NRF&nbsp;\u00bb nous annonce une \u00ab&nbsp;Cou\u00adronne de Ch.-A. Cin\u00adgria&nbsp;\u00bb. J\u2019ai honte \u00e0 l\u2019avouer, et j\u2019en demande bien par\u00addon \u00e0 mon ami Bor\u00adgeaud, \u2013, mais c\u2019est lui qui doit avoir rai\u00adson, puisque Paul\u00adhan et Val\u00e9\u00adry Lar\u00adbaud n\u2019ont jamais cach\u00e9 eux non plus leur admi\u00adra\u00adtion pour celui qui est mort le m\u00eame jour que Colette \u2013, je n\u2019ai jamais com\u00adpris pour\u00adquoi l\u2019on a por\u00adt\u00e9 aux nues la poly\u00adgra\u00adphie de cet \u00eatre char\u00admant \u2013 et d\u00e9ce\u00advant. Dans \u00ab&nbsp;Preuves&nbsp;\u00bb (n\u00b044), Edmond Humeau, en pro\u00adcla\u00admant son go\u00fbt pour les \u00e9crits de Cin\u00adgria, a m\u00eame \u00e9prou\u00adv\u00e9 le besoin de dire de lui qu\u2019il fut \u00ab&nbsp;un per\u00adson\u00adnage autre\u00adment pit\u00adto\u00adresque qu\u2019un L\u00e9au\u00adtaud&nbsp;\u00bb. L\u00e9au\u00adtaud a natu\u00adrel\u00adle\u00adment contre lui d\u2019\u00eatre intel\u00adli\u00adgent, il faut bien le recon\u00adna\u00eetre. Mais qu\u2019il me soit per\u00admis \u2013 cela d\u00e9fi\u00adnit tel\u00adle\u00adment bien ce pauvre Cin\u00adgria \u2013 de racon\u00adter le petit fait sui\u00advant. Il avait \u00e9crit pour un \u00e9di\u00adteur de Suisse alle\u00admande l\u2019introduction \u00e0 un ouvrage sur le sculp\u00adteur O.-Ch. B\u00e4n\u00adnin\u00adger (mari de Ger\u00admaine Richier), et l\u2019on m\u2019en envoya les \u00e9preuves \u00e0 lire (le livre devait para\u00eetre aus\u00adsi en fran\u00ad\u00e7ais). Or, vou\u00adlant par\u00adler de l\u2019atmosph\u00e8re de sym\u00adpa\u00adthie qui \u00e9mane de la per\u00adsonne de B\u00e4n\u00adnin\u00adger, Cin\u00adgria \u00e9cri\u00advait n\u2019avoir \u00ab&nbsp;jamais connu homme d\u2019une calo\u00adrie com\u00adpa\u00adrable&nbsp;\u00bb&nbsp;; timi\u00adde\u00adment, j\u2019osai lui faire deman\u00adder s\u2019il tenait abso\u00adlu\u00adment \u00e0 sa\u2026 calo\u00adrie&nbsp;? Eh bien, Cin\u00adgria y tenait, il y tenait m\u00eame beaucoup.\n<p>Et le mot parut noir sur blanc. \u2013 C\u2019est tout. \u2013 Ce n\u2019\u00e9tait pour\u00adtant pas un \u00e9cri\u00advain du dimanche pra\u00adti\u00adquant comme telle la, para\u00eet-il, si louable impro\u00adpri\u00e9\u00adt\u00e9 des termes\u2026<\/p>\n<p><\/p><center>\n<h3>*  *  *  *<\/h3>\n<p><\/p><\/center><br>\n<br>\nParce que pour des rai\u00adsons toutes per\u00adson\u00adnelles, li\u00e9es \u00e0 l\u2019image d\u2019une mai\u00adson que Bor\u00adgeaud conna\u00eet bien, lui aus\u00adsi, j\u2019en ai par\u00adti\u00adcu\u00adli\u00e8\u00adre\u00adment go\u00fb\u00adt\u00e9&nbsp;: le charme, je ne veux pas me pri\u00adver du plai\u00adsir de trans\u00adcrire ici m\u00eame ces quelques lignes de lui, prises \u00e0 la page qu\u2019il vient de don\u00adner (\u00ab&nbsp;Nou\u00advelle NRF&nbsp;\u00bb de novembre) sur une demeure qui lui est ch\u00e8re, page inti\u00adtu\u00adl\u00e9e \u00ab&nbsp;Fer\u00admer une mai\u00adson&nbsp;\u00bb. La veille du d\u00e9part, un sou\u00addain remords de n\u2019avoir peut-\u00eatre pas fait assez atten\u00adtion aux humbles mer\u00adveilles qui l\u2019entouraient, le sai\u00adsit&nbsp;: \u00ab&nbsp;\u2026ce pavot lunaire et malingre qui a pous\u00ads\u00e9 sur le seuil de l\u2019entr\u00e9e, l\u2019ai-je assez assu\u00adr\u00e9 que j\u2019ai remar\u00adqu\u00e9 son effort&nbsp;? Cet aman\u00addier\u2026 est-ce que je ne vais pas le vexer, demain, quand je tire\u00adrai le volet\u2026 Et le puits\u2026&nbsp;? Oui, je crains, ce long repos \u00e0 quoi j\u2019oblige les choses\u2026&nbsp;\u00bb Prendre, comme dirait Ponge, \u00ab&nbsp;le par\u00adti des choses&nbsp;\u00bb, on se reproche tou\u00adjours, quand on aime d\u2019amour un cer\u00adtain lieu, d\u2019y avoir, mal\u00adgr\u00e9 tout, manqu\u00e9.\n<p><\/p><center>\n<h3>*  *  *  *<\/h3>\n<p><\/p><\/center><br>\n<br>\n\u00ab&nbsp;Pen\u00ads\u00e9e et Action&nbsp;\u00bb de Hem Day (juillet-sep\u00adtembre 1954) me ram\u00e8ne sans le vou\u00adloir \u00e0 la ques\u00adtion de l\u2019art d\u2019inspiration popu\u00adlaire. C\u2019est une r\u00e9\u00e9di\u00adtion, typo\u00adgra\u00adphi\u00adque\u00adment fort soi\u00adgn\u00e9e, du \u00ab&nbsp;Contr\u2019un&nbsp;\u00bb de La Bo\u00eb\u00adtie. Fameuse id\u00e9e, et dont on ne peut que se r\u00e9jouir. Mais com\u00adment taire l\u2019affliction que l\u2019on \u00e9prouve \u00e0 voir ce beau texte, bien impri\u00adm\u00e9, bien pr\u00e9\u00adsen\u00adt\u00e9, subir le voi\u00adsi\u00adnage des illus\u00adtra\u00adtions qui l\u2019accompagnent&nbsp;? Je n\u2019en dirais certes rien si j\u2019\u00e9coutais mon d\u00e9sir de ne pas faire de peine \u00e0 de bons cama\u00adrades. Mais il faut bien que quelqu\u2019un ose \u00e9crire qu\u2019aussi long\u00adtemps que dans les milieux \u00ab&nbsp;liber\u00adtaires&nbsp;\u00bb on aime\u00adra cet \u00ab&nbsp;art&nbsp;\u00bb-l\u00e0, il y aura chez eux quelque chose qui ne tourne pas&nbsp;rond.\n<p><\/p><center>\n<h3>*  *  *  *<\/h3>\n<p><\/p><\/center><br>\n<br>\nDans \u00ab&nbsp;La Tour de Feu&nbsp;\u00bb (n\u00b0 43, sep\u00adtembre 1954), un excellent texte de Robert Pas\u00adsas, \u00ab&nbsp;\u00c0 contre-vil\u00adlage&nbsp;\u00bb. Notes sur un vil\u00adlage maro\u00adcain o\u00f9 vit l\u2019au\u00adteur. \u00ab&nbsp;\u2026 Pen\u00addant que me par\u00adlait le p\u00e8re (d\u2019un ami maro\u00adcain, \u2013 ce p\u00e8re est aveugle), patriarche plon\u00adg\u00e9 dans sa nuit, m\u2019\u00e9tait reve\u00adnue cette r\u00e9flexion d\u2019un com\u00adpa\u00adtriote, un jeune con&nbsp;: \u00ab&nbsp;Ce serait rude\u00adment bien le Maroc s\u2019il n\u2019y avait pas les Arabes.&nbsp;\u00bb Ou bien, Pas\u00adsas ayant dit \u00e0 son ami El Has\u00adsen&nbsp;: \u00ab&nbsp;Ton mal\u00adheur, c\u2019est l\u2019ignorance. Tu as le poids de mille ans de pri\u00e8res.&nbsp;\u00bb \u2013 \u00ab&nbsp;Tu as bien, toi, r\u00e9pond El Has\u00adsen, vingt si\u00e8cles de chris\u00adtia\u00adnisme.&nbsp;\u00bb El Has\u00adsen dit aus\u00adsi&nbsp;: \u00ab&nbsp;Tu es un dr\u00f4le de peuple\u2026 Tu dis par\u00adtout la liber\u00adt\u00e9, tu la cries, tu cr\u00e8\u00adve\u00adrais m\u00eame pour elle, c\u2019est s\u00fbr. Et tu ne songes pas que, des 400 mil\u00adlions de Musul\u00admans jet\u00e9s \u00e0 tra\u00advers le monde, seuls, tu m\u2019entends, seuls les quelque 20 mil\u00adlions qui sont sous ta coupe n\u2019ont pas de liber\u00adt\u00e9 natio\u00adnale. Et tu t\u2019\u00e9tonnes, apr\u00e8s \u00e7a, que moi Arabe, je cherche autre chose&nbsp;!\u2026\u00bb Puis apr\u00e8s un silence, l\u2019ami arabe dit encore&nbsp;: \u00ab&nbsp;Je subis, je n\u2019accepte pas.&nbsp;\u00bb Tant que El Has\u00adsen devra subir, l\u2019amiti\u00e9 fran\u00adco-arabe, dont on nous parle tant et qui pour\u00adrait \u00eatre si belle, ne sera que th\u00e8mes \u00e0 dis\u00adcours. Il n\u2019y a d\u2019amis que libres.\n<p><\/p><center>\n<h3>*  *  *  *<\/h3>\n<p><\/p><\/center><br>\n<br>\n\u00c0 pro\u00adpos de cette m\u00eame br\u00fb\u00adlante ques\u00adtion de l\u2019Afrique du Nord, Andr\u00e9 Pru\u00adnier, dans \u00ab&nbsp;le Monde liber\u00adtaire&nbsp;\u00bb (d\u00e9cembre), publie un article en tout point remar\u00adquable. \u00ab&nbsp;Cha\u00adcun chez soi&nbsp;?&nbsp;\u00bb, demande-t-il d\u00e8s le titre. La ques\u00adtion n\u2019a, dit-il, de sens que pour le \u00ab&nbsp;chez soi&nbsp;\u00bb indi\u00advi\u00adduel. Les solu\u00adtions mas\u00adsives, c\u2019est-\u00e0-dire poli\u00adtiques, ne peuvent que conduire aux ostra\u00adcismes en cha\u00eene et \u00e0 la s\u00e9gr\u00e9\u00adga\u00adtion raciale. \u00ab&nbsp;Nous n\u2019avons pas, \u00e9crit Pru\u00adnier, \u00e0 ver\u00adser de l\u2019huile sur ce feu-l\u00e0.&nbsp;\u00bb\n<\/div><\/div>","protected":false},"excerpt":{"rendered":"<p>Le n\u00b0 15 de \u00ab&nbsp;Contacts&nbsp;\u00bb (sep\u00adtembre) a, comme l\u2019on sait, \u00e9t\u00e9 quelque peu retar\u00add\u00e9 par un contre\u00adcoup bien inat\u00adten\u00addu de l\u2019obscure affaire des fuites. Guy Vina\u00adtrel, son direc\u00adteur, dont on conna\u00eet le peu de ten\u00addresse pour les sta\u00adli\u00adniens, fut arr\u00ea\u00adt\u00e9 parce que ceux-ci semblent bien avoir mis la main sur des docu\u00adments int\u00e9\u00adres\u00adsant la d\u00e9fense&nbsp;[\u2026]<\/p>\n","protected":false},"author":1,"featured_media":0,"comment_status":"closed","ping_status":"closed","sticky":false,"template":"","format":"standard","meta":{"wp_typography_post_enhancements_disabled":false,"footnotes":""},"categories":[84],"tags":[],"ppma_author":[540],"class_list":["post-704","post","type-post","status-publish","format-standard","hentry","category-temoins-n7-automne-1954"],"authors":[{"term_id":540,"user_id":1,"is_guest":0,"slug":"admin_3gikpwyf","display_name":"Vincent Dubuc","avatar_url":"https:\/\/secure.gravatar.com\/avatar\/d015720652c25fd2ced191ade86430094e1f288a17483713e3b34d26dea52507?s=96&d=mm&r=g","author_category":"","user_url":"https:\/\/la-presse-anarchiste.net","last_name":"Dubuc","first_name":"Vincent","job_title":"","description":""}],"_links":{"self":[{"href":"https:\/\/la-presse-anarchiste.net\/index.php\/wp-json\/wp\/v2\/posts\/704","targetHints":{"allow":["GET"]}}],"collection":[{"href":"https:\/\/la-presse-anarchiste.net\/index.php\/wp-json\/wp\/v2\/posts"}],"about":[{"href":"https:\/\/la-presse-anarchiste.net\/index.php\/wp-json\/wp\/v2\/types\/post"}],"author":[{"embeddable":true,"href":"https:\/\/la-presse-anarchiste.net\/index.php\/wp-json\/wp\/v2\/users\/1"}],"replies":[{"embeddable":true,"href":"https:\/\/la-presse-anarchiste.net\/index.php\/wp-json\/wp\/v2\/comments?post=704"}],"version-history":[{"count":0,"href":"https:\/\/la-presse-anarchiste.net\/index.php\/wp-json\/wp\/v2\/posts\/704\/revisions"}],"wp:attachment":[{"href":"https:\/\/la-presse-anarchiste.net\/index.php\/wp-json\/wp\/v2\/media?parent=704"}],"wp:term":[{"taxonomy":"category","embeddable":true,"href":"https:\/\/la-presse-anarchiste.net\/index.php\/wp-json\/wp\/v2\/categories?post=704"},{"taxonomy":"post_tag","embeddable":true,"href":"https:\/\/la-presse-anarchiste.net\/index.php\/wp-json\/wp\/v2\/tags?post=704"},{"taxonomy":"author","embeddable":true,"href":"https:\/\/la-presse-anarchiste.net\/index.php\/wp-json\/wp\/v2\/ppma_author?post=704"}],"curies":[{"name":"wp","href":"https:\/\/api.w.org\/{rel}","templated":true}]}}