{"id":7143,"date":"1950-06-01T00:14:19","date_gmt":"1950-06-01T00:14:19","guid":{"rendered":"https:\/\/la-presse-anarchiste.net\/?p=7143"},"modified":"2024-04-27T19:35:49","modified_gmt":"2024-04-27T19:35:49","slug":"sous-le-regne-des-thenardier","status":"publish","type":"post","link":"https:\/\/la-presse-anarchiste.net\/index.php\/1950\/06\/01\/sous-le-regne-des-thenardier\/","title":{"rendered":"Sous le r\u00e8gne de Th\u00e9nardier"},"content":{"rendered":"<div class=\"pdfprnt-buttons pdfprnt-buttons-post pdfprnt-top-right\"><a href=\"https:\/\/la-presse-anarchiste.net\/index.php\/wp-json\/wp\/v2\/posts\/7143?print=pdf\" class=\"pdfprnt-button pdfprnt-button-pdf\" target=\"_blank\"><img decoding=\"async\" src=\"https:\/\/la-presse-anarchiste.net\/wp-content\/plugins\/pdf-print\/images\/pdf.png\" alt=\"image_pdf\" title=\"Afficher le PDF\"><\/a><a href=\"https:\/\/la-presse-anarchiste.net\/index.php\/wp-json\/wp\/v2\/posts\/7143?print=print\" class=\"pdfprnt-button pdfprnt-button-print\" target=\"_blank\"><img decoding=\"async\" src=\"https:\/\/la-presse-anarchiste.net\/wp-content\/plugins\/pdf-print\/images\/print.png\" alt=\"image_print\" title=\"Contenu imprim\u00e9\"><\/a><\/div><p class=\"western\" style=\"text-align: justify;\"><span style=\"font-size: medium;\">J\u2019ai assis\u00adt\u00e9 dans ma vie, en qua\u00adli\u00adt\u00e9 de jour\u00adna\u00adliste, \u00e0 des mil\u00adliers de r\u00e9unions. J\u2019en ai vu qui ne ras\u00adsem\u00adblaient qu\u2019un nombre infime d\u2019auditeurs, cin\u00adquante, vingt, dix, trois. Oui, trois&nbsp;; j\u2019ai vu des r\u00e9unions de trois per\u00adsonnes seule\u00adment d\u00e9li\u00adb\u00e9\u00adrer vala\u00adble\u00adment pour des cen\u00adtaines d\u2019absents. Mais dans toute mon exis\u00adtence je n\u2019ai vu qu\u2019une seule fois un ora\u00adteur sans public, attendre vai\u00adne\u00adment son pre\u00admier audi\u00adteur et contem\u00adpler d\u2019un \u0153il morne la salle com\u00adpl\u00e8\u00adte\u00adment vide \u2013 car, \u00e9tant l\u00e0 par devoir pro\u00adfes\u00adsion\u00adnel, je ne sau\u00adrais me comp\u00adter&nbsp;: mon r\u00f4le se bor\u00adnait \u00e0 faire le constat de la r\u00e9union et, en l\u2019occurrence, de son \u00e9chec abso\u00adlu, int\u00e9\u00adgral et d\u00e9finitif.<\/span><\/p>\n<p class=\"western\" style=\"text-align: justify;\"><span style=\"font-size: medium;\">C\u2019\u00e9tait aux envi\u00adrons de la No\u00ebl der\u00adni\u00e8re, un peu avant ou un peu apr\u00e8s la f\u00eate de la Nati\u00advi\u00adt\u00e9, et l\u2019orateur se pro\u00adpo\u00adsait d\u2019amorcer un mou\u00adve\u00adment de la \u00ab&nbsp;Croix Blanche&nbsp;\u00bb pour que les enfants soient par\u00adqu\u00e9s en lieu s\u00fbr pen\u00addant la guerre future et mis \u00e0 l\u2019abri de ses cri\u00admi\u00adnels d\u00e9cha\u00eenements.<\/span><\/p>\n<p class=\"western\" style=\"text-align: justify;\"><span style=\"font-size: medium;\">Le sujet avait paru peu pas\u00adsion\u00adnant, la pro\u00adtec\u00adtion des enfants n\u2019avait pas cap\u00adti\u00adv\u00e9 l\u2019opinion publique&nbsp;; l\u2019int\u00e9r\u00eat de la popu\u00adla\u00adtion s\u2019\u00e9tait por\u00adt\u00e9 ce soir-l\u00e0 sur un film comique qu\u2019on disait par\u00adti\u00adcu\u00adli\u00e8\u00adre\u00adment d\u00e9so\u00adpi\u00adlant&nbsp;; de sorte que le pauvre mon\u00adsieur qui avait par\u00adcou\u00adru vingt-sept kilo\u00adm\u00e8tres \u00e0 moto\u00adcy\u00adclette se vit seul dans une salle d\u00e9serte. C\u2019est l\u2019unique fois que j\u2019aie consta\u00adt\u00e9 une d\u00e9faillance totale d\u2019auditoire dans une r\u00e9union.<\/span><\/p>\n<p class=\"western\" style=\"text-align: justify;\"><span style=\"font-size: medium;\">Je me gar\u00adde\u00adrai bien d\u2019en tirer d\u2019autre conclu\u00adsion que celle-ci&nbsp;: l\u2019organisateur avait eu tort d\u2019accepter d\u2019entrer en concur\u00adrence avec un film dont cha\u00adcun c\u00e9l\u00e9\u00adbrait les ver\u00adtus mar\u00adrantes et les charmes r\u00e9cr\u00e9atifs.<\/span><\/p>\n<h5 class=\"western\" style=\"text-align: center;\" align=\"center\"><span style=\"font-size: medium;\">\u2014 O \u2014<\/span><\/h5>\n<p class=\"western\" style=\"text-align: justify;\"><span style=\"font-size: medium;\">La situa\u00adtion impo\u00ads\u00e9e \u00e0 une par\u00adtie de l\u2019enfance ne manque cepen\u00addant pas d\u2019int\u00e9resser et d\u2019\u00e9mouvoir les gens qui r\u00e9fl\u00e9\u00adchissent et qui s\u2019apitoient. Elle peut \u00eatre exa\u00admi\u00adn\u00e9e en d\u00e9tail&nbsp;; je ne crois pas qu\u2019on puisse n\u00e9an\u00admoins l\u2019\u00e9tudier pro\u00adfi\u00adta\u00adble\u00adment si on ne la rat\u00adtache \u00e0 la sombre r\u00e9a\u00adli\u00adt\u00e9 des r\u00e9gimes sociaux et \u00e0 la s\u00e9v\u00e8re phy\u00adsio\u00adno\u00admie de notre \u00e9poque.<\/span><\/p>\n<p class=\"western\" style=\"text-align: justify;\"><span style=\"color: #000000;\"><span style=\"font-size: medium;\">Le jour\u00adnal <\/span><\/span><span style=\"color: #000000;\"><span style=\"font-size: medium;\"><i>Com\u00adbat<\/i><\/span><\/span><span style=\"color: #000000;\"><span style=\"font-size: medium;\"> a ouvert r\u00e9cem\u00adment un d\u00e9bat sur les bour\u00adreaux d\u2019enfants deman\u00addant leur avis, d\u2019une part \u00e0 des per\u00adson\u00adna\u00adli\u00adt\u00e9s de l\u2019\u00e9lite, d\u2019autre part \u00e0 ses lecteurs.<\/span><\/span><\/p>\n<p class=\"western\" style=\"text-align: justify;\"><span style=\"font-size: medium;\">Les r\u00e9ponses des gens de l\u2019\u00e9lite n\u2019\u00e9taient pas toutes ineptes, et celles des cor\u00adres\u00adpon\u00addants obs\u00adcurs pas toutes per\u00adti\u00adnentes. Cepen\u00addant, on \u00e9tait confon\u00addu de consta\u00adter com\u00adbien le pour\u00adcen\u00adtage de bon sens \u00e9tait plus \u00e9le\u00adv\u00e9 chez ceux-ci que chez ceux-l\u00e0.<\/span><\/p>\n<p class=\"western\" style=\"text-align: justify;\"><span style=\"font-size: medium;\">Ain\u00adsi, n\u2019est-il pas navrant de voir un intel\u00adlec\u00adtuel de qui l\u2019on est en droit d\u2019attendre un juge\u00adment cir\u00adcons\u00adtan\u00adci\u00e9 se bor\u00adner \u00e0 dire qu\u2019il faut guillo\u00adti\u00adner les bour\u00adreaux d\u2019enfants dans les qua\u00adrante-huit heures&nbsp;? Certes, son indi\u00adgna\u00adtion, sa r\u00e9ac\u00adtion de lyn\u00adchage et de vin\u00addicte sont tout \u00e0 fait com\u00adpr\u00e9\u00adhen\u00adsibles, et nous par\u00adta\u00adgeons sa fureur dans toute sa spon\u00adta\u00adn\u00e9i\u00adt\u00e9, quand nous consi\u00add\u00e9\u00adrons les affreux s\u00e9vices infliges \u00e0 des inno\u00adcents par des brutes avin\u00e9es.<\/span><\/p>\n<p class=\"western\" style=\"text-align: justify;\"><span style=\"font-size: medium;\">Mais cette r\u00e9ac\u00adtion, cette fureur, sont \u00e0 la por\u00adt\u00e9e de n\u2019importe qui&nbsp;; point n\u2019est besoin qu\u2019un \u00e9cri\u00advain connu les signe de son nom&nbsp;; ce sont la fureur de Durand, la r\u00e9ac\u00adtion de Dupont. Il est inutile d\u2019apporter \u00e0 la guillo\u00adtine la sanc\u00adtion d\u2019un nom d\u2019\u00e9lite&nbsp;; si l\u2019on deman\u00addait son opi\u00adnion \u00e0 cet \u00e9cri\u00advain, c\u2019est pro\u00adba\u00adble\u00adment qu\u2019on atten\u00addait de lui autre chose que cela et une solu\u00adtion plus solide et mieux pen\u00ads\u00e9e qu\u2019un cou\u00adpe\u00adret tri\u00adan\u00adgu\u00adlaire livr\u00e9 \u00e0 la pesan\u00adteur entre deux poteaux de&nbsp;bois.<\/span><\/p>\n<p class=\"western\" style=\"text-align: justify;\"><span style=\"font-size: medium;\">Je n\u2019ai rien \u00e0 dire, certes, contre la guillo\u00adtine. C\u2019est une ing\u00e9\u00adnieuse machine, bien pra\u00adtique, et si spi\u00adri\u00adtuelle&nbsp;! Cepen\u00addant, que des gens qui ont \u00e9crit des livres aient besoin de sa lunette pour y voir clair dans un pro\u00adbl\u00e8me comme celui de l\u2019enfance mar\u00adtyre et ne voient rien d\u2019autre \u00e0 oppo\u00adser au bour\u00adreau d\u2019enfants que le bour\u00adreau d\u2019adultes, cela est un peu d\u00e9sesp\u00e9rant.<\/span><\/p>\n<p class=\"western\" style=\"text-align: justify;\"><span style=\"font-size: medium;\">Bien s\u00fbr, tant qu\u2019il y aura des cri\u00admi\u00adnels, la soci\u00e9\u00adt\u00e9 se d\u00e9fen\u00addra contre eux en les ch\u00e2\u00adtiant&nbsp;: il ne sub\u00adsiste gu\u00e8re de doute l\u00e0-des\u00adsus. On peut am\u00e9\u00adlio\u00adrer l\u2019appareil de la r\u00e9pres\u00adsion, per\u00adfec\u00adtion\u00adner la tech\u00adnique de l\u2019\u00e9chafaud&nbsp;; on peut m\u00eame, sur le mod\u00e8le des sou\u00adri\u00adci\u00e8res \u00e0 pi\u00e8ges mul\u00adtiples inven\u00adter demain la guillo\u00adtine \u00e0 six trous, capable de rati\u00adboi\u00adser d\u2019un seul coup une demi-dou\u00adzaine de t\u00eates de bour\u00adreaux d\u2019enfants. Cela ne r\u00e9sou\u00addra pas le pro\u00adbl\u00e8me du crime, ni n\u2019en h\u00e2te\u00adra de fa\u00e7on sen\u00adsible la solution.<\/span><\/p>\n<p class=\"western\" style=\"text-align: justify;\"><span style=\"font-size: medium;\">Et quand une ving\u00adtaine de romans bien \u00e9crits ont jus\u00adte\u00adment consa\u00adcr\u00e9 la valeur de leur auteur, si celui-ci signe une \u00e2ne\u00adrie, son nom ne conf\u00e8re pas \u00e0 cette \u00e2ne\u00adrie la ver\u00adtu d\u2019une id\u00e9e saine ou d\u2019une r\u00e9flexion profonde.<\/span><\/p>\n<p class=\"western\" style=\"text-align: justify;\"><span style=\"font-size: medium;\">Il y aurait beau\u00adcoup \u00e0 dire sur la suf\u00adfi\u00adsance glo\u00adrieuse et la l\u00e9g\u00e8\u00adre\u00adt\u00e9 d\u2019esprit de cer\u00adtains intel\u00adlec\u00adtuels&nbsp;; ne s\u2019en est-on pas \u00e9mu une fois de plus lorsque tel roman\u00adcier connu a regret\u00adt\u00e9 que Michel Mourre, qui avait trou\u00adbl\u00e9 le culte \u00e0 Notre-Dame, n\u2019ait pas eu la t\u00eate fra\u00adcas\u00ads\u00e9e sur les marches de l\u2019autel&nbsp;? Plus com\u00adpr\u00e9\u00adhen\u00adsive, la magis\u00adtra\u00adture lui a infli\u00adg\u00e9 six jours de pri\u00adson avec sur\u00adsis. Cela ne sau\u00adrait impli\u00adquer, natu\u00adrel\u00adle\u00adment, qu\u2019il faille trai\u00adter les bour\u00adreaux d\u2019enfants avec la m\u00eame cl\u00e9\u00admence, ce n\u2019est pas ce que nous vou\u00adlons lais\u00adser entendre&nbsp;; mais cela d\u00e9montre de quel manque de juge\u00adment peuvent se rendre cou\u00adpables des \u00e9cri\u00advains qui, b\u00e9n\u00e9\u00adfi\u00adciant d\u2019un large cr\u00e9\u00addit, devraient faire d\u2019autant plus atten\u00adtion aux r\u00e9flexions. qu\u2019ils \u00e9mettent et aux ver\u00addicts qu\u2019ils rendent.<\/span><\/p>\n<p class=\"western\" style=\"text-align: justify;\"><span style=\"font-size: medium;\">Dans l\u2019antiquit\u00e9, on volait les enfants pour faire d\u2019eux des esclaves&nbsp;; le vol d\u2019enfant avait un nom&nbsp;: il s\u2019appelait le pla\u00adgiat, et celui qui le com\u00admet\u00adtait \u00e9tait dit \u00ab&nbsp;pla\u00adgiaire&nbsp;\u00bb. Tant que le vol d\u2019enfants a pu rap\u00adpor\u00adter du pro\u00adfit, depuis l\u2019antiquit\u00e9 jusqu\u2019aux rapts presque contem\u00adpo\u00adrains attri\u00adbu\u00e9s aux gitans, il s\u2019est trou\u00adv\u00e9 des hommes pour le com\u00admettre. Il a ces\u00ads\u00e9 le jour o\u00f9 il n\u2019a plus \u00e9t\u00e9 un objet de lucre. Mais les mouilleurs de lait sont aus\u00adsi des bour\u00adreaux d\u2019enfants&nbsp;; et com\u00adbien les tri\u00adbu\u00adnaux condamnent-ils chaque ann\u00e9e de mouilleurs de lait, chez qui les pro\u00adfits de la fraude a sti\u00admu\u00adl\u00e9 l\u2019app\u00e2t du gain sans nul sou\u00adci du tort cau\u00ads\u00e9 aux consom\u00adma\u00adteurs en bas-\u00e2ge&nbsp;? Dans une soci\u00e9\u00adt\u00e9 bas\u00e9e \u00e9co\u00adno\u00admi\u00adque\u00adment sur le pro\u00adfit, le crime trouve des adeptes pour le com\u00admettre tant qu\u2019il est profitable.<\/span><\/p>\n<p class=\"western\" style=\"text-align: justify;\"><span style=\"font-size: medium;\">Dans le genre \u00ab&nbsp;crime pas\u00adsion\u00adnel&nbsp;\u00bb, les bour\u00adreaux d\u2019enfants se signalent non moins diver\u00adse\u00adment. Ce p\u00e8re a vio\u00adl\u00e9 ses quatre filles d\u00e8s l\u2019\u00e2ge de sept ans&nbsp;; le l\u00e2che sou\u00adpi\u00adrant de cette veuve, pour se ven\u00adger d\u2019avoir \u00e9t\u00e9 \u00e9con\u00adduit, tue un bam\u00adbin de quatre ans, fils de celle qu\u2019il convoi\u00adtait, en le jetant d\u2019un troi\u00adsi\u00e8me \u00e9tage&nbsp;; cet ancien mili\u00adtaire de car\u00adri\u00e8re alcoo\u00adlique cra\u00advache son gamin jusqu\u2019\u00e0 le faire expi\u00adrer sous ses coups. Etc\u2026,&nbsp;etc.<\/span><\/p>\n<p class=\"western\" style=\"text-align: justify;\"><span style=\"font-size: medium;\">Que, dans la mino\u00adri\u00adt\u00e9 des cas pas\u00adsion\u00adnels, des fl\u00e9aux sociaux ne soient pas asso\u00adci\u00e9s \u00e0 la per\u00adp\u00e9\u00adtra\u00adtion de tels for\u00adfaits, c\u2019est bien pos\u00adsible. Mais que, dans la majo\u00adri\u00adt\u00e9, ces fl\u00e9aux, la bru\u00adta\u00adli\u00adt\u00e9 guer\u00adri\u00e8re, l\u2019\u00e9thylisme, la pro\u00admis\u00adcui\u00adt\u00e9, soient direc\u00adte\u00adment en cause, cela nous semble incon\u00adtes\u00adtable. La soci\u00e9\u00adt\u00e9 ne peut \u00e9vi\u00adter de r\u00e9pri\u00admer le crime&nbsp;; mais pour\u00adquoi ne se d\u00e9bar\u00adrasse-t-elle pas des cala\u00admi\u00adt\u00e9s qui l\u2019encouragent&nbsp;?<\/span><\/p>\n<p class=\"western\" style=\"text-align: justify;\"><span style=\"font-size: medium;\">Le p\u00e8re d\u00e9g\u00e9\u00adn\u00e9\u00adr\u00e9 qui met au monde des cr\u00e9\u00adtins et des faibles est aus\u00adsi un bour\u00adreau d\u2019enfants, que l\u2019organisation sociale invite \u00e0 pro\u00adcr\u00e9er tou\u00adjours davan\u00adtage contre tout bon sens, pr\u00ea\u00adchant le mal et pro\u00adhi\u00adbant le rem\u00e8de.<\/span><\/p>\n<h5 style=\"text-align: center;\">\u2014 O \u2014<\/h5>\n<p class=\"western\" style=\"text-align: justify;\"><span style=\"font-size: medium;\">Quand l\u2019Europe \u00e9tait encore rela\u00adti\u00adve\u00adment civi\u00adli\u00ads\u00e9e, je veux dire \u00e0 l\u2019\u00e9poque o\u00f9 les vieux fana\u00adtismes suf\u00adfi\u00adsam\u00adment \u00e9mous\u00ads\u00e9s n\u2019avaient pas encore c\u00e9d\u00e9 la place \u00e0 la viru\u00adlence toute juv\u00e9\u00adnile des nou\u00adveaux&nbsp;; ou, si l\u2019on pr\u00e9\u00adf\u00e8re, au temps o\u00f9 l\u2019Europe n\u2019avait d\u00e9j\u00e0 plus d\u2019autodaf\u00e9s et pas encore de camps de concen\u00adtra\u00adtion, le drame de l\u2019enfance mar\u00adtyre avait sus\u00adci\u00adt\u00e9 la piti\u00e9 et la com\u00adpas\u00adsion des intellectuels.<\/span><\/p>\n<p class=\"western\" style=\"text-align: justify;\"><span style=\"color: #000000;\"><span style=\"font-size: medium;\">Sans par\u00adler des innom\u00adbrables romans-feuille\u00adtons genre <\/span><\/span><span style=\"color: #000000;\"><span style=\"font-size: medium;\"><i>Les Deux Orphe\u00adlines,<\/i> o\u00f9<\/span><\/span><span style=\"color: #000000;\"><span style=\"font-size: medium;\"> se mul\u00adti\u00adpliaient les rapts d\u2019enfants par des boh\u00e9\u00admiens, des \u0153uvres de haute por\u00adt\u00e9e lui furent consa\u00adcr\u00e9es en tota\u00adli\u00adt\u00e9 ou en par\u00adtie. Il n\u2019est que de rap\u00adpe\u00adler Les <\/span><\/span><span style=\"color: #000000;\"><span style=\"font-size: medium;\"><i>Mis\u00e9\u00adrables<\/i><\/span><\/span><span style=\"color: #000000;\"><span style=\"font-size: medium;\"> de Vic\u00adtor Hugo avec les sombres figures des Th\u00e9\u00adnar\u00addier, et, du m\u00eame auteur, le petit monstre d\u00e9sar\u00adti\u00adcu\u00adl\u00e9 de <\/span><\/span><span style=\"color: #000000;\"><span style=\"font-size: medium;\"><i>L\u2019Homme qui rit<\/i><\/span><\/span><span style=\"color: #000000;\"><span style=\"font-size: medium;\"> et l\u2019\u00e9mouvante his\u00adtoire de Petit Paul dans <\/span><\/span><span style=\"color: #000000;\"><span style=\"font-size: medium;\"><i>La L\u00e9gende des si\u00e8cles.<\/i><\/span><\/span><\/p>\n<p class=\"western\" style=\"text-align: justify;\"><span style=\"color: #000000;\"><span style=\"font-size: medium;\">Vic\u00adtor Hugo situait le d\u00e9bat tr\u00e8s haut, et il en \u00e9tait de m\u00eame d\u2019autres \u00e9cri\u00advains. Alphonse Dau\u00addet, dans <\/span><\/span><span style=\"color: #000000;\"><span style=\"font-size: medium;\"><i>Jack,<\/i><\/span><\/span><span style=\"color: #000000;\"><span style=\"font-size: medium;\"> et sur\u00adtout dans <\/span><\/span><span style=\"color: #000000;\"><span style=\"font-size: medium;\"><i>Le Nabab,<\/i><\/span><\/span><span style=\"color: #000000;\"><span style=\"font-size: medium;\"> a d\u00e9peint ces pauvres ins\u00adti\u00adtu\u00adtions pr\u00e9\u00adten\u00addu\u00adment phi\u00adlan\u00adthro\u00adpiques o\u00f9 les gosses mou\u00adraient comme des mouches, mais qui ser\u00advaient de sin\u00e9\u00adcure \u00e0 des mar\u00adchands de soupe et de trem\u00adplin \u00e9lec\u00adto\u00adral \u00e0 des poli\u00adti\u00adciens. Depuis, Roger Mar\u00adtin du Gard nous a fait p\u00e9n\u00e9\u00adtrer dans une colo\u00adnie d\u2019enfants \u00ab&nbsp;per\u00advers&nbsp;\u00bb avec <\/span><\/span><span style=\"color: #000000;\"><span style=\"font-size: medium;\"><i>Les Thi\u00adbault.<\/i><\/span><\/span><span style=\"color: #000000;\"><span style=\"font-size: medium;\"> L\u2019\u0153uvre de Dickens d\u00e9borde de piti\u00e9 pour l\u2019enfance mal\u00adheu\u00adreuse, et Jules Renard, et Hen\u00adry Pou\u00adlaille, et le grand Jules Val\u00adl\u00e8s n\u2019ont pas \u00e9t\u00e9 moins sen\u00adsibles \u00e0 ses maux silencieux.<\/span><\/span><\/p>\n<p class=\"western\" style=\"text-align: justify;\"><span style=\"font-size: medium;\">C\u2019est que le mar\u00adtyre de l\u2019enfance, s\u2019il est plus spec\u00adta\u00adcu\u00adlaire dans les tra\u00adg\u00e9\u00addies fami\u00adliales que nous rap\u00adportent les jour\u00adnaux, n\u2019est pas limi\u00adt\u00e9 \u00e0 des cas par\u00adti\u00adcu\u00adliers&nbsp;: il a l\u2019ampleur d\u2019un ph\u00e9\u00adno\u00adm\u00e8ne social&nbsp;; et il n\u2019est point nou\u00adveau, mais au contraire fort ancien.<\/span><\/p>\n<p class=\"western\" style=\"text-align: justify;\"><span style=\"color: #000000;\"><span style=\"font-size: medium;\">Au XX<\/span><\/span><span style=\"color: #000000;\"><sup><span style=\"font-size: medium;\">e<\/span><\/sup><\/span><span style=\"color: #000000;\"><span style=\"font-size: medium;\"> si\u00e8cle, les cin\u00e9astes ont, comme les \u00e9cri\u00advains du XIX<\/span><\/span><span style=\"color: #000000;\"><sup><span style=\"font-size: medium;\">e,<\/span><\/sup><\/span><span style=\"color: #000000;\"><span style=\"font-size: medium;\"> \u00e9vo\u00adqu\u00e9 la mis\u00e8re des enfants avec une inten\u00adsi\u00adt\u00e9 qui ten\u00addait \u00e0 poser publi\u00adque\u00adment le pro\u00adbl\u00e8me. L\u2019un des films les plus \u00e9mou\u00advants dans ce domaine est sans doute <\/span><\/span><span style=\"color: #000000;\"><span style=\"font-size: medium;\"><i>L\u2019Enfer des Anges,<\/i><\/span><\/span><span style=\"color: #000000;\"><span style=\"font-size: medium;\"> de Chris\u00adtian Jaque. C\u2019est du moins celui qui est le plus direc\u00adte\u00adment ins\u00adpi\u00adr\u00e9 de la ques\u00adtion des bour\u00adreaux d\u2019enfants.<\/span><\/span><\/p>\n<p class=\"western\" style=\"text-align: justify;\"><span style=\"color: #000000;\"><span style=\"font-size: medium;\">D\u2019autres, comme <\/span><\/span><span style=\"color: #000000;\"><span style=\"font-size: medium;\"><i>Scius\u00adcia,<\/i><\/span><\/span><span style=\"color: #000000;\"><span style=\"font-size: medium;\"> comme <\/span><\/span><span style=\"color: #000000;\"><span style=\"font-size: medium;\"><i>Les Anges mar\u00adqu\u00e9s,<\/i><\/span><\/span><span style=\"color: #000000;\"><span style=\"font-size: medium;\"> \u00e9lar\u00adgissent au contraire le d\u00e9bat et appro\u00adfon\u00addissent les causes du mal&nbsp;; il en est m\u00eame qui recherchent une solu\u00adtion dans les \u00ab&nbsp;pri\u00adsons sans bar\u00adreaux&nbsp;\u00bb et dans les \u00ab&nbsp;cages aux ros\u00adsi\u00adgnols&nbsp;\u00bb, avec un bon\u00adheur artis\u00adtique variable, qui n\u2019a pas \u00e0 \u00eatre appr\u00e9\u00adci\u00e9 ici. Un autre film, <\/span><\/span><span style=\"color: #000000;\"><span style=\"font-size: medium;\"><i>Alle\u00admagne ann\u00e9e z\u00e9ro,<\/i><\/span><\/span><span style=\"color: #000000;\"><span style=\"font-size: medium;\"> fait en quelque sorte la preuve par l\u2019absurde en pre\u00adnant la ques\u00adtion \u00e0 l\u2019envers et en nous mon\u00adtrant un enfant-bour\u00adreau, pour arri\u00adver \u00e0 une iden\u00adtique conclusion.<\/span><\/span><\/p>\n<p class=\"western\" style=\"text-align: justify;\"><span style=\"color: #000000;\"><span style=\"font-size: medium;\">Tout ceci montre qu\u2019en d\u00e9pit de l\u2019indigence des r\u00e9ponses que les intel\u00adlec\u00adtuels ont faites, en g\u00e9n\u00e9\u00adral, \u00e0 l\u2019enqu\u00eate de <\/span><\/span><span style=\"color: #000000;\"><span style=\"font-size: medium;\"><i>Com\u00adbat,<\/i><\/span><\/span><span style=\"color: #000000;\"><span style=\"font-size: medium;\"> ils ne sont pas, de nos jours, plus indif\u00adf\u00e9\u00adrents que nagu\u00e8re \u00e0 ce ter\u00adrible pro\u00adbl\u00e8me. Ils le rat\u00adtachent \u00e0 celui de la mis\u00e8re et de la guerre, qui sont les grandes cou\u00adpables, tan\u00adt\u00f4t directes, tan\u00adt\u00f4t indi\u00adrectes, jamais suf\u00adfi\u00adsam\u00adment d\u00e9non\u00adc\u00e9es, jamais suf\u00adfi\u00adsam\u00adment poursuivies.<\/span><\/span><\/p>\n<h5 style=\"text-align: center;\">\u2014 O \u2014<\/h5>\n<p class=\"western\" style=\"text-align: justify;\"><span style=\"font-size: medium;\">Le pro\u00adbl\u00e8me de la mis\u00e8re des enfants, c\u2019est celui de la mis\u00e8re des hommes. Les deux aspects du drame sont ins\u00e9\u00adpa\u00adrables&nbsp;; par\u00admi les cor\u00adres\u00adpon\u00addants b\u00e9n\u00e9\u00advoles qui, spon\u00adta\u00adn\u00e9\u00adment, ont r\u00e9pon\u00addu \u00e0 l\u2019enqu\u00eate dudit jour\u00adnal, il y en avait un qui fai\u00adsait obser\u00adver avec modes\u00adtie et pon\u00add\u00e9\u00adra\u00adtion, et sans faire d\u2019appel v\u00e9h\u00e9\u00adment \u00e0 la guillo\u00adtine, qu\u2019on ne voyait jamais de gosses mar\u00adtyrs chez les riches. Cette consta\u00adta\u00adtion can\u00addide, qui pas\u00adsa peut-\u00eatre inaper\u00ad\u00e7ue, contient toute la clef du pro\u00adbl\u00e8me que nous \u00e9voquons.<\/span><\/p>\n<p class=\"western\" style=\"text-align: justify;\"><span style=\"font-size: medium;\">Peter Freu\u00addien, qui explo\u00adra le Groen\u00adland, raconte que, la famine abso\u00adlue, sans recours, sans espoir, r\u00e9gnant sur une contr\u00e9e inhos\u00adpi\u00adta\u00adli\u00e8re de ce pays. une m\u00e8re dit \u00e0 son fils a\u00een\u00e9&nbsp;: \u00ab&nbsp;Tiens, voi\u00adl\u00e0 une corde, va pendre ta petite s\u0153ur, et pends-toi apr\u00e8s.&nbsp;\u00bb L\u2019explorateur ajoute que l\u2019enfant ob\u00e9it.<\/span><\/p>\n<p class=\"western\" style=\"text-align: justify;\"><span style=\"color: #000000;\"><span style=\"font-size: medium;\">Sous nos cli\u00admats, la famine n\u2019est jamais int\u00e9\u00adgrale, aus\u00adsi n\u2019en arrive-t-on pas \u00e0 ces extr\u00e9\u00admi\u00adt\u00e9s. Mais la mis\u00e8re rela\u00adtive, la d\u00e9tresse moyenne ne sau\u00adraient exis\u00adter sans engen\u00addrer des cons\u00e9\u00adquences que vous trou\u00adve\u00adrez dans les jour\u00adnaux. Tenez, voi\u00adci deux cou\u00adpures que j\u2019ai d\u00e9ta\u00adch\u00e9es \u2013 je n\u2019ai eu que l\u2019embarras du choix&nbsp;: Guin\u00adgamp, 14 mai 1950. \u2013 <\/span><\/span><span style=\"color: #000000;\"><span style=\"font-size: medium;\"><i>M.&nbsp;Q\u2026 a mis fin \u00e0 ses jours en se jetant sous un train \u00e0 Saint-Aga\u00adthon. Il \u00e9tait \u00e2g\u00e9 de qua\u00adrante-cinq ans et p\u00e8re de dix-sept enfants, dont douze vivants&nbsp;; le der\u00adnier n\u00e9 il y a trois semaines.<\/i><\/span><\/span><\/p>\n<p class=\"western\" style=\"text-align: justify;\"><span style=\"color: #000000;\"><span style=\"font-size: medium;\">Paris, 11 mai 1950.\u2014 <\/span><\/span><span style=\"color: #000000;\"><span style=\"font-size: medium;\"><i>La m\u00e8re du b\u00e9b\u00e9 aban\u00addon\u00adn\u00e9 le 22 d\u00e9cembre der\u00adnier \u00e0 l\u2019\u00e9glise Saint-Eus\u00adtache est arr\u00ea\u00adt\u00e9e. C\u2019est la nom\u00adm\u00e9e S. T\u2026vingt-six ans, qui a d\u00e9cla\u00adr\u00e9 que, ne pou\u00advant sub\u00adve\u00adnir aux besoins de son enfant, elle avait d\u00e9ci\u00add\u00e9 de l\u2019abandonner.<\/i><\/span><\/span><\/p>\n<p class=\"western\" style=\"text-align: justify;\"><span style=\"font-size: medium;\">L\u2019exemple de ce p\u00e8re de dix-sept enfants qui se sui\u00adcide\u2026 Celui de cette m\u00e8re qui oublie son mioche sous le porche d\u2019une \u00e9glise\u2026 Deux mani\u00e8res dif\u00adf\u00e9\u00adrentes d\u2019abandonner ses enfants, mais une seule cause&nbsp;: la mis\u00e8re.<\/span><\/p>\n<p class=\"western\" style=\"text-align: justify;\"><span style=\"font-size: medium;\">En mai 1950, une lamen\u00adtable affaire est venue devant la Deuxi\u00e8me Chambre du Tri\u00adbu\u00adnal cor\u00adrec\u00adtion\u00adnel de Ver\u00adsailles, celle de \u00ab&nbsp;L\u2019\u0152uvre des M\u00e8res et Enfants&nbsp;\u00bb que pr\u00e9\u00adsi\u00addait la g\u00e9n\u00e9\u00adrale Pal\u00adlu. On repro\u00adchait aux diri\u00adgeants de cette \u0153uvre \u2013 dit la cou\u00adpure de presse que j\u2019ai sous les yeux \u2013 \u00ab&nbsp;d\u2019avoir, par leur n\u00e9gli\u00adgence et indi\u00adrec\u00adte\u00adment \u00e9t\u00e9 la cause du d\u00e9c\u00e8s de treize enfants sur trente-cinq qui avaient d\u00fb \u00eatre admis \u00e0 l\u2019h\u00f4pital de Saint-Germain-en-Laye&nbsp;\u00bb.<\/span><\/p>\n<p class=\"western\" style=\"text-align: justify;\"><span style=\"font-size: medium;\">La res\u00adpon\u00adsa\u00adbi\u00adli\u00adt\u00e9 des diri\u00adgeants est peut-\u00eatre r\u00e9elle, mais il convient d\u2019ajouter que les faits qu\u2019on leur reproche se sont pas\u00ads\u00e9s en 1943, c\u2019est-\u00e0-dire au c\u0153ur de la guerre. Cela n\u2019excuse point, certes, les odieux per\u00adson\u00adnages qui ont d\u00e9tour\u00adn\u00e9 de leur des\u00adti\u00adna\u00adtion les dons remis \u00e0 l\u2019institution, et uti\u00adli\u00ads\u00e9 \u00e0 leur pro\u00adfit les cartes de den\u00adr\u00e9es des tout-petits qui mou\u00adraient de faim. Cepen\u00addant, le crime ou le d\u00e9lit pour\u00adsui\u00advi en l\u2019occurrence n\u2019est pas s\u00e9pa\u00adrable de l\u2019\u00e9tat de guerre qui r\u00e9gnait et qui vouait plus que jamais les faibles \u00e0 une situa\u00adtion mis\u00e9\u00adrable&nbsp;; or, l\u2019enfant ne peut se d\u00e9fendre d\u2019aucune mani\u00e8re devant la calamit\u00e9.<\/span><\/p>\n<p class=\"western\" style=\"text-align: justify;\"><span style=\"font-size: medium;\">Une autre d\u00e9p\u00eache, par\u00adtie de Washing\u00adton, le 19 mai 1950, relate ceci&nbsp;:<\/span><\/p>\n<p class=\"western\" style=\"text-align: justify;\"><span style=\"color: #000000;\"><span style=\"font-size: medium;\"><i>Pre\u00adnant la parole devant le<\/i><\/span><\/span><span style=\"color: #000000;\"><span style=\"font-size: medium;\"> \u00ab&nbsp;<\/span><\/span><span style=\"color: #000000;\"><span style=\"font-size: medium;\"><i>Club des Enfants d\u2019Am\u00e9rique&nbsp;\u00bb, ins\u00adti\u00adtu\u00adtion cha\u00adri\u00adtable pri\u00adv\u00e9e et qui pour\u00advoit \u00e0 l\u2019\u00e9ducation de<\/i><\/span><\/span><span style=\"color: #000000;\"><span style=\"font-size: medium;\"> 35.000 <\/span><\/span><span style=\"color: #000000;\"><span style=\"font-size: medium;\"><i>enfants pauvres, M.&nbsp;Hoo\u00adver, ancien pr\u00e9\u00adsident des \u00c9tats-Unis, a d\u00e9cla\u00adr\u00e9 qu\u2019il y avait aux \u00c9tats-Unis deux mil\u00adlions d\u2019enfants qui vivaient pra\u00adti\u00adque\u00adment dans la rue et sans la pro\u00adtec\u00adtion d\u2019un&nbsp;foyer.<\/i><\/span><\/span><\/p>\n<p class=\"western\" style=\"text-align: justify;\"><span style=\"font-size: medium;\"><i>Apr\u00e8s avoir sou\u00adli\u00adgn\u00e9 que des fonds consi\u00add\u00e9\u00adrables seraient n\u00e9ces\u00adsaires pour que tous les enfants n\u00e9ces\u00adsi\u00adteux puissent \u00eatre recueillis, l\u2019ancien pr\u00e9\u00adsident a d\u00e9cla\u00adr\u00e9 que la cri\u00admi\u00adna\u00adli\u00adt\u00e9 \u00e9tait aux \u00c9tats-Unis un ph\u00e9\u00adno\u00adm\u00e8ne social d\u00fb \u00e0 la mis\u00e8re.<\/i><\/span><\/p>\n<p class=\"western\" style=\"text-align: justify;\"><span style=\"font-size: medium;\">Ici, le com\u00admen\u00adtaire accom\u00adpagne si judi\u00adcieu\u00adse\u00adment l\u2019information qu\u2019il n\u2019est aucun besoin de la sou\u00adli\u00adgner. Elle nous remet seule\u00adment en m\u00e9moire ces bandes d\u2019enfants qui, par cen\u00adtaines de mille, erraient dans la cam\u00adpagne russe apr\u00e8s la r\u00e9vo\u00adlu\u00adtion de 1917, et dans les villes en ruines de l\u2019Allemagne apr\u00e8s la d\u00e9faite de 1945, et qui cau\u00ads\u00e8rent tant de sou\u00adcis, les pre\u00admiers au gou\u00adver\u00adne\u00adment bol\u00adche\u00advik, les seconds aux auto\u00adri\u00adt\u00e9s alli\u00e9es.<\/span><\/p>\n<p class=\"western\" style=\"text-align: justify;\"><span style=\"font-size: medium;\">La guerre\u2026, l\u2019alcoolisme\u2026, la mis\u00e8re\u2026, ces fl\u00e9aux sont indis\u00adso\u00adlu\u00adble\u00adment li\u00e9s \u00e0 l\u2019horreur des vio\u00adlences et des bru\u00adta\u00adli\u00adt\u00e9s qui s\u2019abattent sur les petits enfants\u2026 Le \u00ab&nbsp;mau\u00advais pauvre&nbsp;\u00bb Th\u00e9\u00adnar\u00addier a d\u2019abord \u00e9t\u00e9 d\u00e9trous\u00adseur de cadavres sur les champs de bataille de l\u2019Europe, puis. patron d\u2019assommoir, puis chef de bande dans les bas-fonds de&nbsp;Paris.<\/span><\/p>\n<h5 class=\"western\" style=\"text-align: center;\" align=\"center\"><span style=\"font-size: medium;\">\u2014 O \u2014<\/span><\/h5>\n<p class=\"western\" style=\"text-align: justify;\"><span style=\"font-size: medium;\">J\u2019ai dit plus haut que le pro\u00adbl\u00e8me se reliait \u00e0 celui de la mis\u00e8re et de la guerre, et qu\u2019il n\u2019\u00e9tait point nou\u00adveau. Je vais four\u00adnir quelques preuves de ce que j\u2019avance, en me r\u00e9f\u00e9\u00adrant \u00e0 un tra\u00advail que j\u2019ai effec\u00adtu\u00e9 il y a quelques ann\u00e9es sur les enfants aban\u00addon\u00adn\u00e9s. Je don\u00adne\u00adrai moins de com\u00admen\u00adtaires que de docu\u00adments, je m\u2019en excuse.<\/span><\/p>\n<p class=\"western\" style=\"text-align: justify;\"><span style=\"font-size: medium;\">Voi\u00adci d\u2019abord une d\u00e9p\u00eache cueillie dans les jour\u00adnaux du 18 mai 1946 et dat\u00e9e de Nuremberg&nbsp;:<\/span><\/p>\n<p class=\"western\" style=\"text-align: justify;\"><span style=\"color: #000000;\"><span style=\"font-size: medium;\"><i>Selon les<\/i><\/span><\/span> <span style=\"color: #000000;\"><span style=\"font-size: medium;\"><i>rap\u00adports publi\u00e9s par l\u2019Office de Sta\u00adtis\u00adtique de Bavi\u00e8re, le nombre d\u2019enfants ill\u00e9\u00adgi\u00adtimes nais\u00adsant en zone am\u00e9\u00adri\u00adcaine d\u00e9passe, en cer\u00adtaines villes, celui des nais\u00adsances l\u00e9gi\u00adtimes, et, pour cin\u00adquante villes bava\u00adroises, repr\u00e9\u00adsente <\/i><\/span><\/span><span style=\"color: #000000;\"><span style=\"font-size: medium;\">30&nbsp;% <\/span><\/span><span style=\"color: #000000;\"><span style=\"font-size: medium;\"><i>du total des nais\u00adsances. Pour le der\u00adnier mois \u00e9tu\u00addi\u00e9, celui de jan\u00advier, la pro\u00adpor\u00adtion des nais\u00adsances ill\u00e9\u00adgi\u00adtimes a tri\u00adpl\u00e9 en Bavi\u00e8re par rap\u00adport \u00e0<\/i><\/span><\/span><span style=\"color: #000000;\"><span style=\"font-size: medium;\"> 1939.<\/span><\/span><\/p>\n<p class=\"western\" style=\"text-align: justify;\"><span style=\"font-size: medium;\">Il serait int\u00e9\u00adres\u00adsant de savoir com\u00adbien, sur cent enfants \u00ab&nbsp;ill\u00e9\u00adgi\u00adtimes&nbsp;\u00bb, il y en a d\u2019effectivement \u00ab&nbsp;aban\u00addon\u00adn\u00e9s&nbsp;\u00bb, car c\u2019est ce qui importe sur\u00adtout. Quoi qu\u2019il en soit, on peut m\u00e9di\u00adter ais\u00e9\u00adment sur les bien\u00adfaits de la guerre et de l\u2019occupation \u00e0 la lec\u00adture de cette d\u00e9p\u00eache. Natu\u00adrel\u00adle\u00adment, ce n\u2019est pas de la pure\u00adt\u00e9 du sang aryen que nous nous sou\u00adcions&nbsp;: nous lais\u00adsons aux nazis non repen\u00adtis une telle pr\u00e9\u00adoc\u00adcu\u00adpa\u00adtion&nbsp;; ce dont nous nous sou\u00adcions, c\u2019est de l\u2019avenir de ces enfants sans p\u00e8res, peut-\u00eatre sans parents, au sein d\u2019une soci\u00e9\u00adt\u00e9 qui, il faut bien le dire, n\u2019est pas con\u00e7ue encore de telle sorte que l\u2019enfant puisse, sans dan\u00adger pour lui, s\u2019y pas\u00adser de famille.<\/span><\/p>\n<p class=\"western\" style=\"text-align: justify;\"><span style=\"font-size: medium;\">J\u2019eus un jour la curio\u00adsi\u00adt\u00e9 de consul\u00adter les vieux registres d\u2019\u00e9tat civil de la loca\u00adli\u00adt\u00e9 dont je suis citoyen, \u00e0 savoir Issou\u00addun&nbsp;; et j\u2019ai pris, par\u00admi les autres, celui des nais\u00adsances de l\u2019ann\u00e9e 1809. Le Pre\u00admier Empire \u00e9tait alors \u00e0 son apog\u00e9e.<\/span><\/p>\n<p class=\"western\" style=\"text-align: justify;\"><span style=\"font-size: medium;\">En cette ann\u00e9e 1809, j\u2019ai d\u00e9nom\u00adbr\u00e9 quatre cent vingt nais\u00adsances, dont soixante-deux \u00ab&nbsp;fils et filles de la Patrie&nbsp;\u00bb \u2013 c\u2019est ain\u00adsi qu\u2019on d\u00e9si\u00adgnait en ce temps-l\u00e0 les enfants aban\u00addon\u00adn\u00e9s \u2013 dont le p\u00e8re et la m\u00e8re sont incon\u00adnus, et quatre \u00ab&nbsp;enfants natu\u00adrels&nbsp;\u00bb, dont la m\u00e8re seule est connue.<\/span><\/p>\n<p class=\"western\" style=\"text-align: justify;\"><span style=\"font-size: medium;\">L\u2019anath\u00e8me \u00e9tait tel sur les filles-m\u00e8res que quatre d\u2019entre elles seule\u00adment avaient os\u00e9 se faire conna\u00eetre, reven\u00addi\u00adquer leur mater\u00adni\u00adt\u00e9 et \u00e9le\u00adver leur pro\u00adg\u00e9\u00adni\u00adture, sur un nombre de soixante-six.<\/span><\/p>\n<p class=\"western\" style=\"text-align: justify;\"><span style=\"font-size: medium;\">Soixante-six petits b\u00e2tards, dont soixante-deux tota\u00adle\u00adment aban\u00addon\u00adn\u00e9s, sur quatre cent vingt nais\u00adsances en l\u2019an de gr\u00e2ce 1809, dans une ville de 12.000 habi\u00adtants, voi\u00adl\u00e0 ce que r\u00e9v\u00e8le l\u2019\u00e9tat civil.<\/span><\/p>\n<p class=\"western\" style=\"text-align: justify;\"><span style=\"font-size: medium;\">Mais il r\u00e9v\u00e8le bien d\u2019autres choses&nbsp;!<\/span><\/p>\n<p class=\"western\" style=\"text-align: justify;\"><span style=\"font-size: medium;\">Il r\u00e9v\u00e8le notam\u00adment com\u00adment les filles-m\u00e8res aban\u00addon\u00adnaient leur enfants. La d\u00e9cla\u00adra\u00adtion enre\u00adgis\u00adtr\u00e9e \u00e0 l\u2019occasion d\u2019une nais\u00adsance va nous en don\u00adner une id\u00e9e. Voi\u00adci copie de quelques extraits d\u2019une de ces d\u00e9cla\u00adra\u00adtions, rela\u00adtive \u00e0 la nais\u00adsance d\u2019Isidore Les Rois, en date du 7 jan\u00advier&nbsp;1809&nbsp;:<\/span><\/p>\n<p class=\"western\" style=\"text-align: justify;\"><span style=\"font-size: medium;\">\u00ab&nbsp;Marie Cou\u00adsin, \u00e2g\u00e9e de 36 ans, femme de Jean-Bap\u00adtiste Labesse, dra\u00adpier&nbsp;\u00bb, d\u00e9clare qu\u2019\u00ab&nbsp;un enfant du sexe mas\u00adcu\u00adlin, \u00e2g\u00e9 d\u2019un jour, a \u00e9t\u00e9 pla\u00adc\u00e9 ce matin \u00e0 trois heures \u00e0 sa porte par deux indi\u00advi\u00addus qui, apr\u00e8s avoir frap\u00adp\u00e9, ont pris la&nbsp;fuite.&nbsp;\u00bb<\/span><\/p>\n<p class=\"western\" style=\"text-align: justify;\"><span style=\"font-size: medium;\">La d\u00e9cla\u00adra\u00adtion relate que \u00ab&nbsp;l\u2019enfant aban\u00addon\u00adn\u00e9&nbsp;\u00bb \u00e9tait \u00ab&nbsp;v\u00eatu d\u2019un dra\u00adpeau, d\u2019une bou\u00adrasse de pou\u00adlan\u00adgin, d\u2019une che\u00admise de bras\u00adsi\u00e8re, de bras\u00adsi\u00e8res de coton croi\u00ads\u00e9 blanc, rien sur le col, sur la t\u00eate une ca\u00efenne d\u2019indienne bor\u00add\u00e9e d\u2019un ruban bleu et gar\u00adnie de gaze, d\u2019un mou\u00adchoir de coton autour de la&nbsp;t\u00eate\u2026&nbsp;\u00bb<\/span><\/p>\n<p class=\"western\" style=\"text-align: justify;\"><span style=\"font-size: medium;\">Enfin, une \u00e9ti\u00adquette \u00e9tait \u00e9pin\u00adgl\u00e9e aux langes du nou\u00adveau-n\u00e9, indiquant&nbsp;:<\/span><\/p>\n<p class=\"western\" style=\"text-align: justify;\"><span style=\"font-size: medium;\">\u00ab&nbsp;l\u2019enfant n\u2019a pas \u00e9t\u00e9 bap\u00adti\u00ads\u00e9, il est n\u00e9 le 6 jan\u00advier, \u00e0 4 heures du matin, les dames de l\u2019hospice sont invi\u00adt\u00e9es \u00e0 lui don\u00adner le nom d\u2019Isidore Les&nbsp;Rois.&nbsp;\u00bb<\/span><\/p>\n<p class=\"western\" style=\"text-align: justify;\"><span style=\"font-size: medium;\">L\u2019\u00e9tat civil s\u2019empressa de satis\u00adfaire \u00e0 ce desi\u00adde\u00adra\u00adtum. Il y satis\u00adfit d\u2019autant plus volon\u00adtiers que, char\u00adg\u00e9 la plu\u00adpart du temps de don\u00adner un nom aux petits b\u00e2tards, le fonc\u00adtion\u00adnaire appli\u00adquait en g\u00e9n\u00e9\u00adral un esprit de fac\u00e9\u00adtie natu\u00adrel et intem\u00adpes\u00adtif \u00e0 bap\u00adti\u00adser ces pro\u00adg\u00e9\u00adni\u00adtures de hasard de patro\u00adnymes ridicules.<\/span><\/p>\n<p class=\"western\" style=\"text-align: justify;\"><span style=\"color: #000000;\"><span style=\"font-size: medium;\">Ces nati\u00advi\u00adt\u00e9s tra\u00adgiques, issues de par\u00adtu\u00adri\u00adtions sans aveu, \u00e9taient, non l\u2019objet de la piti\u00e9 publique, mais la proie de la<\/span><\/span><i> <\/i><span style=\"color: #000000;\"><span style=\"font-size: medium;\">ris\u00e9e admi\u00adnis\u00adtra\u00adtive&nbsp;; les bureaux, en l\u2019affligeant de noms risibles, mar\u00adquaient l\u2019enfant de l\u2019amour et de la mis\u00e8re pour tout le reste de son exis\u00adtence&nbsp;; l\u2019abus fut tel que, depuis, des inter\u00adven\u00adtions l\u2019ont heu\u00adreu\u00adse\u00adment fait cesser.<\/span><\/span><\/p>\n<p class=\"western\" style=\"text-align: justify;\"><span style=\"font-size: medium;\">Pour l\u2019ann\u00e9e 1809, dans le registre consul\u00adt\u00e9, nous avons rele\u00adv\u00e9 des noms d\u2019enfants trou\u00adv\u00e9s tels que&nbsp;: Gus\u00adtave Jaco\u00adbeth, L\u00e9on D\u00e9ca\u00adgramme, Ben\u00adja\u00admin La-dou\u00adceur, Julie Hi\u00e9\u00adro\u00adglyphe, Satur Anu\u00adbis, Fran\u00ad\u00e7oise Franc-Ma\u00e7on, Mar\u00adtin Bas-Rhin, Guillaume Saint-Amour, Fran\u00ad\u00e7oise Puy-de-D\u00f4me&nbsp;; et, pour l\u2019ann\u00e9e pr\u00e9\u00adc\u00e9\u00addente, Josias Mi-Car\u00eame, S\u00e9bas\u00adtienne <\/span><span style=\"font-size: medium;\">Brimes-Vert, Hen\u00adry Bis\u00adca\u00efen, Sophie La-musique, Agathe Lafroi\u00addure,&nbsp;etc.<\/span><\/p>\n<p class=\"western\" style=\"text-align: justify;\"><span style=\"font-size: medium;\">Le mal il est vrai, n\u2019\u00e9tait pas grand la plu\u00adpart du temps&nbsp;; car \u00ab&nbsp;le reste de leur exis\u00adtence&nbsp;\u00bb, comme nous \u00e9cri\u00advions un peu plus haut, n\u2019\u00e9tait pas beau\u00adcoup dire. Presque tous mou\u00adraient en bas \u00e2ge. Peu sur\u00advi\u00advaient. Ce qui nous donne une indi\u00adca\u00adtion sin\u00adgu\u00adli\u00e8re sur la valeur des soins que leur r\u00e9ser\u00advait l\u2019hospice, \u00e0 d\u00e9faut de la m\u00e8re incon\u00adnue qui se d\u00e9s\u00adin\u00adt\u00e9\u00adres\u00adsait d\u2019eux.<\/span><\/p>\n<p class=\"western\" style=\"text-align: justify;\"><span style=\"font-size: medium;\">Le beau titre d\u2019\u00ab&nbsp;enfant de la Patrie&nbsp;\u00bb \u00e9tait d\u2019une iro\u00adnie am\u00e8re. Jamais peut-\u00eatre il n\u2019a \u00e9t\u00e9 si bien d\u00e9mon\u00adtr\u00e9 com\u00adbien peu de cas la Patrie fait de la vie de ses enfants.<\/span><\/p>\n<p class=\"western\" style=\"text-align: justify;\"><span style=\"font-size: medium;\">Ben\u00adja\u00admin Ladou\u00adceur a v\u00e9cu quatre mois&nbsp;; Satur Anu\u00adbis, trois jours&nbsp;; L\u00e9on D\u00e9ca\u00adgramme, sept mois et demi&nbsp;; et par\u00admi les autres, nous rele\u00advons, les lon\u00adg\u00e9\u00advi\u00adt\u00e9s sui\u00advantes&nbsp;: six semaines, un mois, dix jours, qua\u00adtorze jours, dix-huit jours, un mois, un mois, deux ans, quatre mois et demi, quatre mois, deux ans,&nbsp;etc.<\/span><\/p>\n<p class=\"western\" style=\"text-align: justify;\"><span style=\"font-size: medium;\">Cette h\u00e9ca\u00adtombe d\u2019enfants orphe\u00adlins dans les hos\u00adpices suf\u00adfit \u00e0 expli\u00adquer que les noms d\u00e9ri\u00adsoires dont on les avait affu\u00adbl\u00e9s, ou plu\u00adt\u00f4t mar\u00adqu\u00e9s comme d\u2019un stig\u00admate d\u2019opprobre, ne se soient pas per\u00adp\u00e9\u00adtu\u00e9s. Tous ces pauvres petits dis\u00adpa\u00adrais\u00adsaient rapi\u00adde\u00adment&nbsp;; on e\u00fbt dit que la mort les rap\u00adpe\u00adlait en h\u00e2te d\u2019une soci\u00e9\u00adt\u00e9 o\u00f9 toutes les hypo\u00adcri\u00adsies s\u2019unissaient pour les vouer au mal\u00adheur, et qui les reje\u00adtait dans la nuit. pour les d\u00e9ro\u00adber \u00e0 sa&nbsp;honte.<\/span><\/p>\n<p class=\"western\" style=\"text-align: justify;\"><span style=\"font-size: medium;\">Non&nbsp;! le mar\u00adtyre de l\u2019enfance ne date pas d\u2019hier&nbsp;!<\/span><\/p>\n<h5 class=\"western\" style=\"text-align: center;\" align=\"center\"><span style=\"font-size: medium;\">\u2014 O \u2014<\/span><\/h5>\n<p class=\"western\" style=\"text-align: justify;\"><span style=\"font-size: medium;\">Pen\u00addant que cer\u00adtains disent&nbsp;: il faut punir, il faut guillo\u00adti\u00adner \u00e0 tour de bras d\u2019autres r\u00eavent de r\u00e9\u00e9du\u00adca\u00adtions pater\u00adnelles, de je ne sais quelles cages pour vieux ros\u00adsi\u00adgnols o\u00f9 les ignobles brutes liraient du Lamar\u00adtine et rede\u00advien\u00addraient buco\u00adliques. Trop tard&nbsp;! Ce n\u2019est pas \u00e0 qua\u00adrante ou cin\u00adquante ans qu\u2019il convient de conver\u00adtir les ban\u00addits \u00e0 la bien\u00adveillance et les vira\u00adgos \u00e0 la douceur.<\/span><\/p>\n<p class=\"western\" style=\"text-align: justify;\"><span style=\"font-size: medium;\">Quelle que soit la diver\u00adgence des avis sur le sort \u00e0 r\u00e9ser\u00adver aux cou\u00adpables, une chose est \u00e9vi\u00addente&nbsp;: les inno\u00adcents, quand ils ont sur\u00adv\u00e9\u00adcu, doivent \u00eatre arra\u00adch\u00e9s \u00e0 leurs tor\u00adtion\u00adnaires, il faut mettre en s\u00e9cu\u00adri\u00adt\u00e9 les vic\u00adtimes quand il est temps de le faire encore. Donc, aban\u00addon\u00adnant les p\u00e8res \u00e0 une jus\u00adtice qui les puni\u00adra sans les amen\u00adder, on va leur reti\u00adrer leurs petits, mais est-ce bien pour les sau\u00adver&nbsp;? Et ne fera-t-on pas d\u2019eux des meur\u00adtriers \u00e0 leur&nbsp;tour&nbsp;?<\/span><\/p>\n<p class=\"western\" style=\"text-align: justify;\"><span style=\"font-size: medium;\">Ces enfants que vous reti\u00adrez \u00e0 leurs parents qui les bru\u00adta\u00adlisent, dans quelques ann\u00e9es d\u2019ici, vous les confie\u00adrez \u00e0 l\u2019arm\u00e9e qui leur ensei\u00adgne\u00adra l\u2019exercice de la bru\u00adta\u00adli\u00adt\u00e9. Vous aurez beau coif\u00adfer votre soci\u00e9\u00adt\u00e9 d\u2019une haute morale la\u00efque ou d\u2019un mis\u00e9\u00adri\u00adcor\u00addieux huma\u00adnisme chr\u00e9\u00adtien&nbsp;: ce ne sera qu\u2019un arti\u00adfice inefficace.<\/span><\/p>\n<p class=\"western\" style=\"text-align: justify;\"><span style=\"font-size: medium;\">Un jeune homme qui a fait la der\u00adni\u00e8re guerre nous contait r\u00e9cem\u00adment, avec impas\u00adsi\u00adbi\u00adli\u00adt\u00e9, com\u00adment, pour le suc\u00adc\u00e8s des raids de com\u00adman\u00addo aux\u00adquels il avait par\u00adti\u00adci\u00adp\u00e9, on l\u2019avait appris \u00e0 pro\u00adc\u00e9\u00adder \u00e0 l\u2019\u00e9nucl\u00e9ation des sentinelles.<\/span><\/p>\n<p class=\"western\" style=\"text-align: justify;\">\u2014&nbsp;<span style=\"font-size: medium;\">Vous arri\u00advez, disait-il, der\u00adri\u00e8re le fac\u00adtion\u00adnaire pour le sur\u00adprendre \u00e0 l\u2019improviste, et\u2026<\/span><\/p>\n<p class=\"western\" style=\"text-align: justify;\"><span style=\"font-size: medium;\">Je n\u2019ose ici vous d\u00e9crire l\u2019op\u00e9ration, de crainte de vous don\u00adner la nau\u00ads\u00e9e et de vous d\u00e9tra\u00adquer les nerfs. Elle consis\u00adtait, soit dit en quelques mots, \u00e0 \u00e9bor\u00adgner la sen\u00adti\u00adnelle en lui plon\u00adgeant un pouce dans l\u2019\u0153il.<\/span><\/p>\n<p class=\"western\" style=\"text-align: justify;\"><span style=\"font-size: medium;\">Ces com\u00adman\u00addos, com\u00adpo\u00ads\u00e9s d\u2019hommes tr\u00e8s jeunes, des enfants presque (mais l\u2019homme est-il encore un enfant quand il est d\u00e9j\u00e0 qua\u00adsi un monstre?) ne pou\u00advaient gar\u00adder de pri\u00adson\u00adniers, car c\u2019\u00e9taient des incur\u00adsions fur\u00adtives, d\u00e9ses\u00adp\u00e9\u00adr\u00e9es, dont les mis\u00adsions \u00e9taient extr\u00ea\u00adme\u00adment limit\u00e9es.<\/span><\/p>\n<p class=\"western\" style=\"text-align: justify;\"><span style=\"font-size: medium;\">On fusillait donc les pri\u00adson\u00adniers, dans l\u2019impossibilit\u00e9 o\u00f9 l\u2019on \u00e9tait de les emme\u00adner aus\u00adsi bien que de les rendre \u00e0 la liber\u00adt\u00e9. Et le jeune homme nous confiait que ces cap\u00adtifs jouaient un r\u00f4le utile une der\u00adni\u00e8re&nbsp;fois&nbsp;:<\/span><\/p>\n<p class=\"western\" style=\"text-align: justify;\"><span style=\"font-size: medium;\">Pour s\u2019aguerrir, il arri\u00advait qu\u2019on leur cre\u00adv\u00e2t les yeux selon la m\u00e9thode indi\u00adqu\u00e9e plus haut et dont la pra\u00adtique n\u2019est vrai\u00adment par\u00adfaite qu\u2019\u00e0 par\u00adtir du moment o\u00f9 celui qui s\u2019y livre le peut faire sans un tres\u00adsaille\u00adment, sans un \u00e9c\u0153u\u00adre\u00adment, sans y pen\u00adser davan\u00adtage, la seconde d\u2019apr\u00e8s, qu\u2019\u00e0 la ciga\u00adrette fum\u00e9e dont on vient de jeter le&nbsp;m\u00e9got.<\/span><\/p>\n<p class=\"western\" style=\"text-align: justify;\"><span style=\"font-size: medium;\">Il ajou\u00adtait&nbsp;:<\/span><\/p>\n<p class=\"western\" style=\"text-align: justify;\">\u2014&nbsp;<span style=\"font-size: medium;\">J\u2019ai sou\u00advent admi\u00adr\u00e9 avec quel d\u00e9dain de la mort ces pri\u00adson\u00adniers, des fana\u00adtiques, pour la plu\u00adpart, accep\u00adtaient leur sort. Quand on les aver\u00adtis\u00adsait, pas un d\u2019entre eux ne bron\u00adchait. On leur don\u00adnait une ciga\u00adrette, et quand ils l\u2019avaient finie, ils se levaient. Ils \u00e9taient pr\u00eats en m\u00eame temps que nous. On les tuait sans his\u00adtoire, sans une parole de part et d\u2019autre.<\/span><\/p>\n<p class=\"western\" style=\"text-align: justify;\"><span style=\"font-size: medium;\">D\u00e9dain de la mort&nbsp;? H\u00e9las&nbsp;! le d\u00e9dain de la mort est bien pr\u00e8s du m\u00e9pris de la vie. On tue \u00e0 bon mar\u00adch\u00e9 quand on meurt. si faci\u00adle\u00adment que&nbsp;cela.<\/span><\/p>\n<p class=\"western\" style=\"text-align: justify;\"><span style=\"font-size: medium;\">Il n\u2019y a pas de pro\u00adbl\u00e8me s\u00e9pa\u00adr\u00e9, pas de pro\u00adbl\u00e8me dis\u00adtinct, de l\u2019enfance mal\u00adheu\u00adreuse. Il est sim\u00adple\u00adment l\u2019aspect le plus lamen\u00adtable, le plus bou\u00adle\u00adver\u00adsant, du pro\u00adbl\u00e8me social, du pro\u00adbl\u00e8me humain.<\/span><\/p>\n<p style=\"text-align: justify;\"><span style=\"font-size: medium;\">Tant qu\u2019elle fabri\u00adque\u00adra des enfants-bour\u00adreaux, la soci\u00e9\u00adt\u00e9 r\u00e9col\u00adte\u00adra des enfants martyrs.<\/span><\/p>\n<p style=\"text-align: right;\">Pierre-Valen\u00adtin Berthier<\/p>\n","protected":false},"excerpt":{"rendered":"<p>J\u2019ai assis\u00adt\u00e9 dans ma vie, en qua\u00adli\u00adt\u00e9 de jour\u00adna\u00adliste, \u00e0 des mil\u00adliers de r\u00e9unions. J\u2019en ai vu qui ne ras\u00adsem\u00adblaient qu\u2019un nombre infime d\u2019auditeurs, cin\u00adquante, vingt, dix, trois. Oui, trois&nbsp;; j\u2019ai vu des r\u00e9unions de trois per\u00adsonnes seule\u00adment d\u00e9li\u00adb\u00e9\u00adrer vala\u00adble\u00adment pour des cen\u00adtaines d\u2019absents. Mais dans toute mon exis\u00adtence je n\u2019ai vu qu\u2019une seule&nbsp;fois&nbsp;[\u2026]<\/p>\n","protected":false},"author":39,"featured_media":4535,"comment_status":"closed","ping_status":"closed","sticky":false,"template":"wp-custom-template-page-d-article","format":"standard","meta":{"wp_typography_post_enhancements_disabled":false,"footnotes":""},"categories":[916],"tags":[642],"ppma_author":[708],"class_list":["post-7143","post","type-post","status-publish","format-standard","has-post-thumbnail","hentry","category-defense-de-lhomme-n21-juin-1950","tag-enfance"],"authors":[{"term_id":708,"user_id":39,"is_guest":0,"slug":"berthier-pv","display_name":"Pierre-Valentin Berthier","avatar_url":{"url":"https:\/\/la-presse-anarchiste.net\/wp-content\/uploads\/2024\/04\/berthier-pierre-valentin-e1713776847212.png","url2x":"https:\/\/la-presse-anarchiste.net\/wp-content\/uploads\/2024\/04\/berthier-pierre-valentin-e1713776847212.png"},"author_category":"","user_url":"","last_name":"Berthier","first_name":"Pierre-Valentin","job_title":"","description":"Sa notice biographique peut \u00eatre consult\u00e9e sur le site du Maitron en suivant <a href=\"https:\/\/maitron.fr\/spip.php?article188745\">ce lien<\/a>."}],"_links":{"self":[{"href":"https:\/\/la-presse-anarchiste.net\/index.php\/wp-json\/wp\/v2\/posts\/7143","targetHints":{"allow":["GET"]}}],"collection":[{"href":"https:\/\/la-presse-anarchiste.net\/index.php\/wp-json\/wp\/v2\/posts"}],"about":[{"href":"https:\/\/la-presse-anarchiste.net\/index.php\/wp-json\/wp\/v2\/types\/post"}],"author":[{"embeddable":true,"href":"https:\/\/la-presse-anarchiste.net\/index.php\/wp-json\/wp\/v2\/users\/39"}],"replies":[{"embeddable":true,"href":"https:\/\/la-presse-anarchiste.net\/index.php\/wp-json\/wp\/v2\/comments?post=7143"}],"version-history":[{"count":2,"href":"https:\/\/la-presse-anarchiste.net\/index.php\/wp-json\/wp\/v2\/posts\/7143\/revisions"}],"predecessor-version":[{"id":7146,"href":"https:\/\/la-presse-anarchiste.net\/index.php\/wp-json\/wp\/v2\/posts\/7143\/revisions\/7146"}],"wp:featuredmedia":[{"embeddable":true,"href":"https:\/\/la-presse-anarchiste.net\/index.php\/wp-json\/wp\/v2\/media\/4535"}],"wp:attachment":[{"href":"https:\/\/la-presse-anarchiste.net\/index.php\/wp-json\/wp\/v2\/media?parent=7143"}],"wp:term":[{"taxonomy":"category","embeddable":true,"href":"https:\/\/la-presse-anarchiste.net\/index.php\/wp-json\/wp\/v2\/categories?post=7143"},{"taxonomy":"post_tag","embeddable":true,"href":"https:\/\/la-presse-anarchiste.net\/index.php\/wp-json\/wp\/v2\/tags?post=7143"},{"taxonomy":"author","embeddable":true,"href":"https:\/\/la-presse-anarchiste.net\/index.php\/wp-json\/wp\/v2\/ppma_author?post=7143"}],"curies":[{"name":"wp","href":"https:\/\/api.w.org\/{rel}","templated":true}]}}